{"id":23312,"date":"2021-06-21T09:00:59","date_gmt":"2021-06-21T07:00:59","guid":{"rendered":"https:\/\/exaudi.org\/?p=17847"},"modified":"2021-06-24T06:32:45","modified_gmt":"2021-06-24T04:32:45","slug":"teologia-para-millennials-la-sombra-del-padre","status":"publish","type":"post","link":"https:\/\/exaudi.org\/es\/teologia-para-millennials-la-sombra-del-padre\/","title":{"rendered":"Teolog\u00eda para Millennials: La sombra del padre"},"content":{"rendered":"<p>Hoy lunes 21 de junio de 2021, en \u201c<a href=\"https:\/\/teologiaparamillennials.com\/\" target=\"_blank\" rel=\"noopener noreferrer\">Teolog\u00eda para Millennials<\/a>\u201d, el sacerdote mexicano\u00a0<a href=\"https:\/\/exaudi.org\/es\/author\/padremarioarroyo\/\" target=\"_blank\" rel=\"noopener noreferrer\">Mario Arroyo Mart\u00ednez<\/a>, comparte con los lectores de Exaudi su art\u00edculo \u201cLa sombra del padre\u201d.<\/p>\n<p>***<\/p>\n<p><span style=\"font-weight: 400;\">La naturaleza, en sentido filos\u00f3fico, no biol\u00f3gico, es muy clara. El ser humano es \u201chijo\u201d, necesita de un \u201cpadre\u201d para encontrar su lugar en el mundo, para descubrir y desarrollar su propia identidad. La cultura, sin embargo, le ha hecho muy mala fama a la paternidad. La narrativa del \u201cheteropratriarcado\u201d, unida a una visi\u00f3n de dureza, rigidez e imposici\u00f3n, por un lado, no le permiten desarrollar su misi\u00f3n con el sano orgullo que merece. <\/span><\/p>\n<p><span style=\"font-weight: 400;\">Unido a ello est\u00e1 el triste fen\u00f3meno del abandono del hogar y las rupturas familiares, que han producido una generaci\u00f3n de hu\u00e9rfanos de padres; no podemos extra\u00f1arnos de que esa generaci\u00f3n sea muy fr\u00e1gil: al faltarle el padre, carece del punto firme de apoyo, desde el cual proyectar la propia existencia.<\/span><\/p>\n<p><span style=\"font-weight: 400;\">Por eso es conveniente celebrar el \u201cD\u00eda del Padre\u201d, que con facilidad pasa desapercibido. Dista mucho de ser la \u201cprimavera comercial\u201d del \u201cD\u00eda de la Madre\u201d, y por ello atrae menos los reflectores. Pero cuando se han cargado las tintas, ofreciendo una visi\u00f3n negativa de la paternidad, muchas veces motivada por su ausencia, es urgente otorgarle el reconocimiento debido. Si no, con m\u00e1s facilidad se caer\u00e1 en el fen\u00f3meno de ir dejando hijos regados por ah\u00ed, sin la cercan\u00eda, el apoyo y la seguridad que ofrece la figura paterna.<\/span><\/p>\n<p><span style=\"font-weight: 400;\">Urge, en consecuencia, hacerle un buen marketing a la paternidad, y no s\u00f3lo para obtener ping\u00fces beneficios el \u201cD\u00eda del Padre\u201d, sino para que m\u00e1s personas aspiren a ella y la vean como una de las formas m\u00e1s sublimes de realizaci\u00f3n personal. El tema de la realizaci\u00f3n suele ser tambi\u00e9n otro obst\u00e1culo, porque se considera solo desde la esfera profesional, la cual, siendo importante, no es sino una faceta a m\u00e1s a integrar dentro del conjunto de bienes que corresponden a la vida lograda. <\/span><\/p>\n<p><span style=\"font-weight: 400;\">A veces las personas retrasan o de plano rechazan la paternidad por motivos profesionales: \u201csi no voy a poder dedicarle tiempo, \u00bfpara qu\u00e9 tengo un hijo?\u201d Cuando el planteamiento correcto es justo al rev\u00e9s: \u201csi este trabajo no me permite tener familia, \u00bfes en realidad algo bueno para m\u00ed?\u201d\u00a0<\/span><\/p>\n<p><span style=\"font-weight: 400;\">No es banal la precisi\u00f3n, personalmente me llama la atenci\u00f3n vivir en una zona donde abundan los perros y escasean los ni\u00f1os. Es m\u00e1s c\u00f3modo tener un perro que un ni\u00f1o; abundan tambi\u00e9n los \u201cpaseadores de perros\u201d, porque tampoco pasa mucho si no le dedico tiempo a mi perro, a diferencia de a mi hijo. <\/span><\/p>\n<p><span style=\"font-weight: 400;\">Pero, obviamente, no son realidades equiparables, y denota una aguda p\u00e9rdida de humanidad, de captar el sentido de la vida en su conjunto, el preferir a los animales que a las personas por una comodidad no exenta de ego\u00edsmo.<\/span><\/p>\n<p><span style=\"font-weight: 400;\">Por eso es preciso insistir, incansablemente, en la idea de que una de las formas m\u00e1s elevadas y excelsas del desarrollo humano masculino, de su realizaci\u00f3n como persona, es traer hijos al mundo. Las personas que se dan esa oportunidad, muchas veces se asombran de la maravilla que supone el que alguien te llame, simple y llanamente, \u201cpap\u00e1\u201d. Y ello vale m\u00e1s que todos los asensos o los puestos a los que se podr\u00eda escalar sin ella.<\/span><\/p>\n<p><span style=\"font-weight: 400;\"> Es importante insistir en que la realizaci\u00f3n familiar es m\u00e1s importante que la profesional; y que muchas veces, con orden y disciplina, no est\u00e1n de hecho contrapunteadas. Ambos bienes, el familiar y el profesional, pueden integrarse en el conjunto de valores que configuran la vida lograda.<\/span><\/p>\n<p><span style=\"font-weight: 400;\">La paternidad debe recuperar tambi\u00e9n su funci\u00f3n de autoridad, precisamente para indicar a los ni\u00f1os, con claridad, d\u00f3nde est\u00e1 el bien y d\u00f3nde est\u00e1 el mal. El padre es en gran medida el faro de los valores del hijo, particularmente de los valores religiosos. Si mi padre ha practicado la fe, me resultar\u00e1 m\u00e1s sencillo hacerlo a m\u00ed tambi\u00e9n, precisamente porque lo veo como a una autoridad, como un punto de referencia firme.<\/span><\/p>\n<p><span style=\"font-weight: 400;\">Otra cuesti\u00f3n es que la paternidad debe flexibilizarse, y ser capaz de asumir tambi\u00e9n los roles que antiguamente eran feudo exclusivo de la mujer. Debe colaborar en casa, porque la sacan adelante entre los dos, lo mismo que en la educaci\u00f3n de los hijos. Esta flexibilizaci\u00f3n de los roles dom\u00e9sticos es, sin duda, una de las m\u00e1s valiosas aportaciones de la cosmovisi\u00f3n actual, pues obliga a que el padre est\u00e9 m\u00e1s presente e involucrado en los asuntos del hogar, sacando adelante su familia y realiz\u00e1ndose como persona.<\/span><\/p>\n","protected":false},"excerpt":{"rendered":"<p>\u201cLa sombra del padre\u201d<\/p>\n","protected":false},"author":22,"featured_media":23822,"comment_status":"closed","ping_status":"closed","sticky":false,"template":"","format":"standard","meta":{"_acf_changed":false,"_crdt_document":"","inline_featured_image":false,"footnotes":""},"categories":[2158,298,130],"tags":[459],"class_list":["post-23312","post","type-post","status-publish","format-standard","has-post-thumbnail","hentry","category-top-ultimas-noticias","category-ultimas-noticias","category-voces","tag-teologia-para-millennials"],"acf":[],"yoast_head":"<!-- This site is optimized with the Yoast SEO plugin v27.5 - https:\/\/yoast.com\/product\/yoast-seo-wordpress\/ -->\n<title>Teolog\u00eda para Millennials: La sombra del padre &#8211; Exaudi<\/title>\n<meta name=\"description\" content=\"En Teolog\u00eda para Millennials, el padre Mario Arroyo comparte con los lectores de Exaudi su art\u00edculo \u201cLa sombra del padre\u201d.\" \/>\n<meta name=\"robots\" content=\"index, follow, max-snippet:-1, max-image-preview:large, max-video-preview:-1\" \/>\n<link rel=\"canonical\" href=\"https:\/\/exaudi.org\/es\/teologia-para-millennials-la-sombra-del-padre\/\" \/>\n<meta property=\"og:locale\" content=\"es_ES\" \/>\n<meta property=\"og:type\" content=\"article\" \/>\n<meta property=\"og:title\" content=\"Teolog\u00eda para Millennials: La sombra del padre &#8211; Exaudi\" \/>\n<meta property=\"og:description\" content=\"En Teolog\u00eda para Millennials, el padre Mario Arroyo comparte con los lectores de Exaudi su art\u00edculo \u201cLa sombra del padre\u201d.\" \/>\n<meta property=\"og:url\" content=\"https:\/\/exaudi.org\/es\/teologia-para-millennials-la-sombra-del-padre\/\" \/>\n<meta property=\"og:site_name\" content=\"Exaudi\" \/>\n<meta property=\"article:publisher\" content=\"https:\/\/www.facebook.com\/ExaudiNews\" \/>\n<meta property=\"article:published_time\" content=\"2021-06-21T07:00:59+00:00\" \/>\n<meta property=\"article:modified_time\" content=\"2021-06-24T04:32:45+00:00\" \/>\n<meta property=\"og:image\" content=\"https:\/\/exaudi.org\/wp-content\/uploads\/2021\/06\/222333cc.jpg\" \/>\n\t<meta property=\"og:image:width\" content=\"768\" \/>\n\t<meta property=\"og:image:height\" content=\"513\" \/>\n\t<meta property=\"og:image:type\" content=\"image\/jpeg\" \/>\n<meta name=\"author\" content=\"Mario Arroyo\" \/>\n<meta name=\"twitter:card\" content=\"summary_large_image\" \/>\n<meta name=\"twitter:creator\" content=\"@Exaudi_News\" \/>\n<meta name=\"twitter:site\" content=\"@Exaudi_News\" \/>\n<meta name=\"twitter:label1\" content=\"Escrito por\" \/>\n\t<meta name=\"twitter:data1\" content=\"Mario Arroyo\" \/>\n\t<meta name=\"twitter:label2\" content=\"Tiempo de lectura\" \/>\n\t<meta name=\"twitter:data2\" content=\"4 minutos\" \/>\n<script type=\"application\/ld+json\" class=\"yoast-schema-graph\">{\"@context\":\"https:\\\/\\\/schema.org\",\"@graph\":[{\"@type\":\"Article\",\"@id\":\"https:\\\/\\\/exaudi.org\\\/es\\\/teologia-para-millennials-la-sombra-del-padre\\\/#article\",\"isPartOf\":{\"@id\":\"https:\\\/\\\/exaudi.org\\\/es\\\/teologia-para-millennials-la-sombra-del-padre\\\/\"},\"author\":{\"name\":\"Mario Arroyo\",\"@id\":\"https:\\\/\\\/exaudi.org\\\/#\\\/schema\\\/person\\\/2195e6e643f4a07a343345d49e4e6985\"},\"headline\":\"Teolog\u00eda para Millennials: La sombra del padre\",\"datePublished\":\"2021-06-21T07:00:59+00:00\",\"dateModified\":\"2021-06-24T04:32:45+00:00\",\"mainEntityOfPage\":{\"@id\":\"https:\\\/\\\/exaudi.org\\\/es\\\/teologia-para-millennials-la-sombra-del-padre\\\/\"},\"wordCount\":822,\"image\":{\"@id\":\"https:\\\/\\\/exaudi.org\\\/es\\\/teologia-para-millennials-la-sombra-del-padre\\\/#primaryimage\"},\"thumbnailUrl\":\"https:\\\/\\\/exaudi.org\\\/wp-content\\\/uploads\\\/2021\\\/06\\\/222333cc.jpg\",\"keywords\":[\"Teolog\u00eda para Millennials\"],\"articleSection\":[\"Top Ultimas Noticias\",\"\u00daltimas noticias\",\"Voces\"],\"inLanguage\":\"es\"},{\"@type\":\"WebPage\",\"@id\":\"https:\\\/\\\/exaudi.org\\\/es\\\/teologia-para-millennials-la-sombra-del-padre\\\/\",\"url\":\"https:\\\/\\\/exaudi.org\\\/es\\\/teologia-para-millennials-la-sombra-del-padre\\\/\",\"name\":\"Teolog\u00eda para Millennials: La sombra del padre &#8211; Exaudi\",\"isPartOf\":{\"@id\":\"https:\\\/\\\/exaudi.org\\\/#website\"},\"primaryImageOfPage\":{\"@id\":\"https:\\\/\\\/exaudi.org\\\/es\\\/teologia-para-millennials-la-sombra-del-padre\\\/#primaryimage\"},\"image\":{\"@id\":\"https:\\\/\\\/exaudi.org\\\/es\\\/teologia-para-millennials-la-sombra-del-padre\\\/#primaryimage\"},\"thumbnailUrl\":\"https:\\\/\\\/exaudi.org\\\/wp-content\\\/uploads\\\/2021\\\/06\\\/222333cc.jpg\",\"datePublished\":\"2021-06-21T07:00:59+00:00\",\"dateModified\":\"2021-06-24T04:32:45+00:00\",\"author\":{\"@id\":\"https:\\\/\\\/exaudi.org\\\/#\\\/schema\\\/person\\\/2195e6e643f4a07a343345d49e4e6985\"},\"description\":\"En Teolog\u00eda para Millennials, el padre Mario Arroyo comparte con los lectores de Exaudi su art\u00edculo \u201cLa sombra del padre\u201d.\",\"breadcrumb\":{\"@id\":\"https:\\\/\\\/exaudi.org\\\/es\\\/teologia-para-millennials-la-sombra-del-padre\\\/#breadcrumb\"},\"inLanguage\":\"es\",\"potentialAction\":[{\"@type\":\"ReadAction\",\"target\":[\"https:\\\/\\\/exaudi.org\\\/es\\\/teologia-para-millennials-la-sombra-del-padre\\\/\"]}]},{\"@type\":\"ImageObject\",\"inLanguage\":\"es\",\"@id\":\"https:\\\/\\\/exaudi.org\\\/es\\\/teologia-para-millennials-la-sombra-del-padre\\\/#primaryimage\",\"url\":\"https:\\\/\\\/exaudi.org\\\/wp-content\\\/uploads\\\/2021\\\/06\\\/222333cc.jpg\",\"contentUrl\":\"https:\\\/\\\/exaudi.org\\\/wp-content\\\/uploads\\\/2021\\\/06\\\/222333cc.jpg\",\"width\":768,\"height\":513,\"caption\":\"Teolog\u00eda para Millennials: La sombra del padre\"},{\"@type\":\"BreadcrumbList\",\"@id\":\"https:\\\/\\\/exaudi.org\\\/es\\\/teologia-para-millennials-la-sombra-del-padre\\\/#breadcrumb\",\"itemListElement\":[{\"@type\":\"ListItem\",\"position\":1,\"name\":\"Portada\",\"item\":\"https:\\\/\\\/exaudi.org\\\/es\\\/\"},{\"@type\":\"ListItem\",\"position\":2,\"name\":\"Teolog\u00eda para Millennials: La sombra del padre\"}]},{\"@type\":\"WebSite\",\"@id\":\"https:\\\/\\\/exaudi.org\\\/#website\",\"url\":\"https:\\\/\\\/exaudi.org\\\/\",\"name\":\"Exaudi\",\"description\":\"News\",\"potentialAction\":[{\"@type\":\"SearchAction\",\"target\":{\"@type\":\"EntryPoint\",\"urlTemplate\":\"https:\\\/\\\/exaudi.org\\\/?s={search_term_string}\"},\"query-input\":{\"@type\":\"PropertyValueSpecification\",\"valueRequired\":true,\"valueName\":\"search_term_string\"}}],\"inLanguage\":\"es\"},{\"@type\":\"Person\",\"@id\":\"https:\\\/\\\/exaudi.org\\\/#\\\/schema\\\/person\\\/2195e6e643f4a07a343345d49e4e6985\",\"name\":\"Mario Arroyo\",\"image\":{\"@type\":\"ImageObject\",\"inLanguage\":\"es\",\"@id\":\"https:\\\/\\\/secure.gravatar.com\\\/avatar\\\/0e2dddc1d3bf207409f5b4d542cef9a9955ad497448376a1621fcb1df592d137?s=96&d=mm&r=g\",\"url\":\"https:\\\/\\\/secure.gravatar.com\\\/avatar\\\/0e2dddc1d3bf207409f5b4d542cef9a9955ad497448376a1621fcb1df592d137?s=96&d=mm&r=g\",\"contentUrl\":\"https:\\\/\\\/secure.gravatar.com\\\/avatar\\\/0e2dddc1d3bf207409f5b4d542cef9a9955ad497448376a1621fcb1df592d137?s=96&d=mm&r=g\",\"caption\":\"Mario Arroyo\"},\"description\":\"Licenciado en Filosof\u00eda por la Universidad Panamericana, M\u00e9xico 1996, ostenta el bachiller en Teolog\u00eda por la Pontificia Universidad de la Santa Cruz, Roma 1999. Doctor en Filosof\u00eda por la Pontificia Universidad de la Santa Cruz, Roma 2002. Ordenado sacerdote en Torreciudad, Espa\u00f1a, en 2002. Autor de: Poder, Dinero y Santidad, Lima 2012; Ciencia y Fe. Un equilibrio posible, UCSS, Lima 2015; Ciencia y Fe. Situaci\u00f3n actual, Facultad de Teolog\u00eda Pontificia y Civil de Lima, Lima 2016; La Iglesia y los Homosexuales. Un falso conflicto, Facultad de Teolog\u00eda Pontificia y Civil de Lima, Lima 2017. Coautor de Dios Busca al Hombre, CDSCO, Lima 2013; Neurona mata esp\u00edritu, Amazon, Lima 2018; Teolog\u00eda para Millennials, Amazon, Lima 2018. El padre Mario es columnista de los portales peruanos Cr\u00f3nica Viva, La abeja y Lucidez, as\u00ed como de los peri\u00f3dicos mexicanos Mural, Expreso, del portal mexicano Vox Fides y de ZENIT. Capell\u00e1n de la Universidad de Piura, Campus de Lima durante los cursos 2017 y 2018. Actualmente, profesor de Teolog\u00eda en la Universidad Panamericana, Ciudad de M\u00e9xico.\",\"url\":\"https:\\\/\\\/exaudi.org\\\/es\\\/author\\\/padremarioarroyo\\\/\"}]}<\/script>\n<!-- \/ Yoast SEO plugin. -->","yoast_head_json":{"title":"Teolog\u00eda para Millennials: La sombra del padre &#8211; Exaudi","description":"En Teolog\u00eda para Millennials, el padre Mario Arroyo comparte con los lectores de Exaudi su art\u00edculo \u201cLa sombra del padre\u201d.","robots":{"index":"index","follow":"follow","max-snippet":"max-snippet:-1","max-image-preview":"max-image-preview:large","max-video-preview":"max-video-preview:-1"},"canonical":"https:\/\/exaudi.org\/es\/teologia-para-millennials-la-sombra-del-padre\/","og_locale":"es_ES","og_type":"article","og_title":"Teolog\u00eda para Millennials: La sombra del padre &#8211; Exaudi","og_description":"En Teolog\u00eda para Millennials, el padre Mario Arroyo comparte con los lectores de Exaudi su art\u00edculo \u201cLa sombra del padre\u201d.","og_url":"https:\/\/exaudi.org\/es\/teologia-para-millennials-la-sombra-del-padre\/","og_site_name":"Exaudi","article_publisher":"https:\/\/www.facebook.com\/ExaudiNews","article_published_time":"2021-06-21T07:00:59+00:00","article_modified_time":"2021-06-24T04:32:45+00:00","og_image":[{"width":768,"height":513,"url":"https:\/\/exaudi.org\/wp-content\/uploads\/2021\/06\/222333cc.jpg","type":"image\/jpeg"}],"author":"Mario Arroyo","twitter_card":"summary_large_image","twitter_creator":"@Exaudi_News","twitter_site":"@Exaudi_News","twitter_misc":{"Escrito por":"Mario Arroyo","Tiempo de lectura":"4 minutos"},"schema":{"@context":"https:\/\/schema.org","@graph":[{"@type":"Article","@id":"https:\/\/exaudi.org\/es\/teologia-para-millennials-la-sombra-del-padre\/#article","isPartOf":{"@id":"https:\/\/exaudi.org\/es\/teologia-para-millennials-la-sombra-del-padre\/"},"author":{"name":"Mario Arroyo","@id":"https:\/\/exaudi.org\/#\/schema\/person\/2195e6e643f4a07a343345d49e4e6985"},"headline":"Teolog\u00eda para Millennials: La sombra del padre","datePublished":"2021-06-21T07:00:59+00:00","dateModified":"2021-06-24T04:32:45+00:00","mainEntityOfPage":{"@id":"https:\/\/exaudi.org\/es\/teologia-para-millennials-la-sombra-del-padre\/"},"wordCount":822,"image":{"@id":"https:\/\/exaudi.org\/es\/teologia-para-millennials-la-sombra-del-padre\/#primaryimage"},"thumbnailUrl":"https:\/\/exaudi.org\/wp-content\/uploads\/2021\/06\/222333cc.jpg","keywords":["Teolog\u00eda para Millennials"],"articleSection":["Top Ultimas Noticias","\u00daltimas noticias","Voces"],"inLanguage":"es"},{"@type":"WebPage","@id":"https:\/\/exaudi.org\/es\/teologia-para-millennials-la-sombra-del-padre\/","url":"https:\/\/exaudi.org\/es\/teologia-para-millennials-la-sombra-del-padre\/","name":"Teolog\u00eda para Millennials: La sombra del padre &#8211; Exaudi","isPartOf":{"@id":"https:\/\/exaudi.org\/#website"},"primaryImageOfPage":{"@id":"https:\/\/exaudi.org\/es\/teologia-para-millennials-la-sombra-del-padre\/#primaryimage"},"image":{"@id":"https:\/\/exaudi.org\/es\/teologia-para-millennials-la-sombra-del-padre\/#primaryimage"},"thumbnailUrl":"https:\/\/exaudi.org\/wp-content\/uploads\/2021\/06\/222333cc.jpg","datePublished":"2021-06-21T07:00:59+00:00","dateModified":"2021-06-24T04:32:45+00:00","author":{"@id":"https:\/\/exaudi.org\/#\/schema\/person\/2195e6e643f4a07a343345d49e4e6985"},"description":"En Teolog\u00eda para Millennials, el padre Mario Arroyo comparte con los lectores de Exaudi su art\u00edculo \u201cLa sombra del padre\u201d.","breadcrumb":{"@id":"https:\/\/exaudi.org\/es\/teologia-para-millennials-la-sombra-del-padre\/#breadcrumb"},"inLanguage":"es","potentialAction":[{"@type":"ReadAction","target":["https:\/\/exaudi.org\/es\/teologia-para-millennials-la-sombra-del-padre\/"]}]},{"@type":"ImageObject","inLanguage":"es","@id":"https:\/\/exaudi.org\/es\/teologia-para-millennials-la-sombra-del-padre\/#primaryimage","url":"https:\/\/exaudi.org\/wp-content\/uploads\/2021\/06\/222333cc.jpg","contentUrl":"https:\/\/exaudi.org\/wp-content\/uploads\/2021\/06\/222333cc.jpg","width":768,"height":513,"caption":"Teolog\u00eda para Millennials: La sombra del padre"},{"@type":"BreadcrumbList","@id":"https:\/\/exaudi.org\/es\/teologia-para-millennials-la-sombra-del-padre\/#breadcrumb","itemListElement":[{"@type":"ListItem","position":1,"name":"Portada","item":"https:\/\/exaudi.org\/es\/"},{"@type":"ListItem","position":2,"name":"Teolog\u00eda para Millennials: La sombra del padre"}]},{"@type":"WebSite","@id":"https:\/\/exaudi.org\/#website","url":"https:\/\/exaudi.org\/","name":"Exaudi","description":"News","potentialAction":[{"@type":"SearchAction","target":{"@type":"EntryPoint","urlTemplate":"https:\/\/exaudi.org\/?s={search_term_string}"},"query-input":{"@type":"PropertyValueSpecification","valueRequired":true,"valueName":"search_term_string"}}],"inLanguage":"es"},{"@type":"Person","@id":"https:\/\/exaudi.org\/#\/schema\/person\/2195e6e643f4a07a343345d49e4e6985","name":"Mario Arroyo","image":{"@type":"ImageObject","inLanguage":"es","@id":"https:\/\/secure.gravatar.com\/avatar\/0e2dddc1d3bf207409f5b4d542cef9a9955ad497448376a1621fcb1df592d137?s=96&d=mm&r=g","url":"https:\/\/secure.gravatar.com\/avatar\/0e2dddc1d3bf207409f5b4d542cef9a9955ad497448376a1621fcb1df592d137?s=96&d=mm&r=g","contentUrl":"https:\/\/secure.gravatar.com\/avatar\/0e2dddc1d3bf207409f5b4d542cef9a9955ad497448376a1621fcb1df592d137?s=96&d=mm&r=g","caption":"Mario Arroyo"},"description":"Licenciado en Filosof\u00eda por la Universidad Panamericana, M\u00e9xico 1996, ostenta el bachiller en Teolog\u00eda por la Pontificia Universidad de la Santa Cruz, Roma 1999. Doctor en Filosof\u00eda por la Pontificia Universidad de la Santa Cruz, Roma 2002. Ordenado sacerdote en Torreciudad, Espa\u00f1a, en 2002. Autor de: Poder, Dinero y Santidad, Lima 2012; Ciencia y Fe. Un equilibrio posible, UCSS, Lima 2015; Ciencia y Fe. Situaci\u00f3n actual, Facultad de Teolog\u00eda Pontificia y Civil de Lima, Lima 2016; La Iglesia y los Homosexuales. Un falso conflicto, Facultad de Teolog\u00eda Pontificia y Civil de Lima, Lima 2017. Coautor de Dios Busca al Hombre, CDSCO, Lima 2013; Neurona mata esp\u00edritu, Amazon, Lima 2018; Teolog\u00eda para Millennials, Amazon, Lima 2018. El padre Mario es columnista de los portales peruanos Cr\u00f3nica Viva, La abeja y Lucidez, as\u00ed como de los peri\u00f3dicos mexicanos Mural, Expreso, del portal mexicano Vox Fides y de ZENIT. Capell\u00e1n de la Universidad de Piura, Campus de Lima durante los cursos 2017 y 2018. Actualmente, profesor de Teolog\u00eda en la Universidad Panamericana, Ciudad de M\u00e9xico.","url":"https:\/\/exaudi.org\/es\/author\/padremarioarroyo\/"}]}},"jetpack_featured_media_url":"https:\/\/exaudi.org\/wp-content\/uploads\/2021\/06\/222333cc.jpg","jetpack_shortlink":"https:\/\/wp.me\/pgKjF2-640","_links":{"self":[{"href":"https:\/\/exaudi.org\/es\/wp-json\/wp\/v2\/posts\/23312","targetHints":{"allow":["GET"]}}],"collection":[{"href":"https:\/\/exaudi.org\/es\/wp-json\/wp\/v2\/posts"}],"about":[{"href":"https:\/\/exaudi.org\/es\/wp-json\/wp\/v2\/types\/post"}],"author":[{"embeddable":true,"href":"https:\/\/exaudi.org\/es\/wp-json\/wp\/v2\/users\/22"}],"replies":[{"embeddable":true,"href":"https:\/\/exaudi.org\/es\/wp-json\/wp\/v2\/comments?post=23312"}],"version-history":[{"count":0,"href":"https:\/\/exaudi.org\/es\/wp-json\/wp\/v2\/posts\/23312\/revisions"}],"wp:featuredmedia":[{"embeddable":true,"href":"https:\/\/exaudi.org\/es\/wp-json\/wp\/v2\/media\/23822"}],"wp:attachment":[{"href":"https:\/\/exaudi.org\/es\/wp-json\/wp\/v2\/media?parent=23312"}],"wp:term":[{"taxonomy":"category","embeddable":true,"href":"https:\/\/exaudi.org\/es\/wp-json\/wp\/v2\/categories?post=23312"},{"taxonomy":"post_tag","embeddable":true,"href":"https:\/\/exaudi.org\/es\/wp-json\/wp\/v2\/tags?post=23312"}],"curies":[{"name":"wp","href":"https:\/\/api.w.org\/{rel}","templated":true}]}}