{"id":23311,"date":"2021-06-21T11:15:43","date_gmt":"2021-06-21T09:15:43","guid":{"rendered":"https:\/\/exaudi.org\/?p=17808"},"modified":"2021-06-24T08:26:07","modified_gmt":"2021-06-24T06:26:07","slug":"chile-organizaciones-piden-asilo-de-migrantes","status":"publish","type":"post","link":"https:\/\/exaudi.org\/es\/chile-organizaciones-piden-asilo-de-migrantes\/","title":{"rendered":"Chile: Organizaciones piden asilo de migrantes"},"content":{"rendered":"<p><span style=\"font-weight: 400;\">Organizaciones de Chile que trabajan por la movilidad humana, incluido el <a href=\"https:\/\/sjmchile.org\/\" target=\"_blank\" rel=\"noopener noreferrer\">Servicio Jesuita de Migrantes<\/a>, hicieron una declaraci\u00f3n conjunta, en v\u00edsperas al <a href=\"https:\/\/exaudi.org\/es\/dia-mundial-refugiado-celam-y-clamor-llaman-al-cuidado-comun\/\" target=\"_blank\" rel=\"noopener noreferrer\">D\u00eda Mundial del Refugiado<\/a>, en la que exhortan al Gobierno a acoger con humanidad a los migrantes que buscan asilo en el pa\u00eds.<\/span><\/p>\n<p><span style=\"font-weight: 400;\">La declaraci\u00f3n, emitida el s\u00e1bado 19 de junio de 2021, explica que s\u00f3lo 26 de los 80 millones de migrantes en todo el mundo han podido acogerse al estatuto de refugiados. Las asociaciones firmantes piden se respete \u201cel derecho humano a buscar y recibir asilo y se cumpla\u201d, dando amparo \u201ca las personas en necesidad de protecci\u00f3n internacional\u201d.<\/span><\/p>\n<h4><strong>Dos problemas<\/strong><\/h4>\n<p><span style=\"font-weight: 400;\">El documento se\u00f1ala que existe un primer problema: \u201cEs numerosa la jurisprudencia de nuestros tribunales superiores de justicia que ha dado cuenta de esta situaci\u00f3n y que, velando por la protecci\u00f3n de los derechos de las personas, ha exigido a las autoridades migratorias dar curso a las solicitudes de asilo. Al respecto, tenemos a la vista m\u00e1s de 70 causas en que ello es as\u00ed\u201d.<\/span><\/p>\n<p><span style=\"font-weight: 400;\">Asimismo, hay otro problema: \u201cEntre los a\u00f1os 2010 y 2020, han existido 17.982 solicitudes de asilo, se han rechazado 4.224 y solo se han otorgado 681. Es decir, de cada 26,4 solicitudes de asilo en dicho per\u00edodo, s\u00f3lo 1 se reconoci\u00f3. Asimismo en el a\u00f1o 2020, ya en plena pandemia de Covid-19, solo se reconoci\u00f3 como refugiadas a 7 personas, en un a\u00f1o donde existieron 1.629 solicitudes, y se rechazaron 2.057\u201d.<\/span><\/p>\n","protected":false},"excerpt":{"rendered":"<p>Declaraci\u00f3n conjunta incluido el Servicio Jesuita de Migrantes<\/p>\n","protected":false},"author":6,"featured_media":23873,"comment_status":"closed","ping_status":"closed","sticky":false,"template":"","format":"standard","meta":{"_acf_changed":false,"_crdt_document":"","inline_featured_image":false,"footnotes":""},"categories":[86,94,298],"tags":[1060],"class_list":["post-23311","post","type-post","status-publish","format-standard","has-post-thumbnail","hentry","category-iglesia-local","category-justicia-y-paz","category-ultimas-noticias","tag-chile"],"acf":[],"yoast_head":"<!-- This site is optimized with the Yoast SEO plugin v27.5 - https:\/\/yoast.com\/product\/yoast-seo-wordpress\/ -->\n<title>Chile: Organizaciones piden asilo de migrantes &#8211; Exaudi<\/title>\n<meta name=\"description\" content=\"Organizaciones de Chile que trabajan por la movilidad humana han pedido al Gobierno el asilo de migrantes antes de la represi\u00f3n.\" \/>\n<meta name=\"robots\" content=\"index, follow, max-snippet:-1, max-image-preview:large, max-video-preview:-1\" \/>\n<link rel=\"canonical\" href=\"https:\/\/exaudi.org\/es\/chile-organizaciones-piden-asilo-de-migrantes\/\" \/>\n<meta property=\"og:locale\" content=\"es_ES\" \/>\n<meta property=\"og:type\" content=\"article\" \/>\n<meta property=\"og:title\" content=\"Chile: Organizaciones piden asilo de migrantes &#8211; Exaudi\" \/>\n<meta property=\"og:description\" content=\"Organizaciones de Chile que trabajan por la movilidad humana han pedido al Gobierno el asilo de migrantes antes de la represi\u00f3n.\" \/>\n<meta property=\"og:url\" content=\"https:\/\/exaudi.org\/es\/chile-organizaciones-piden-asilo-de-migrantes\/\" \/>\n<meta property=\"og:site_name\" content=\"Exaudi\" \/>\n<meta property=\"article:publisher\" content=\"https:\/\/www.facebook.com\/ExaudiNews\" \/>\n<meta property=\"article:published_time\" content=\"2021-06-21T09:15:43+00:00\" \/>\n<meta property=\"article:modified_time\" content=\"2021-06-24T06:26:07+00:00\" \/>\n<meta property=\"og:image\" content=\"https:\/\/exaudi.org\/wp-content\/uploads\/2021\/06\/migrantesvatican.jpg\" \/>\n\t<meta property=\"og:image:width\" content=\"400\" \/>\n\t<meta property=\"og:image:height\" content=\"225\" \/>\n\t<meta property=\"og:image:type\" content=\"image\/jpeg\" \/>\n<meta name=\"author\" content=\"Gabriel Sales\" \/>\n<meta name=\"twitter:card\" content=\"summary_large_image\" \/>\n<meta name=\"twitter:creator\" content=\"@habemusman\" \/>\n<meta name=\"twitter:site\" content=\"@Exaudi_News\" \/>\n<meta name=\"twitter:label1\" content=\"Escrito por\" \/>\n\t<meta name=\"twitter:data1\" content=\"Gabriel Sales\" \/>\n\t<meta name=\"twitter:label2\" content=\"Tiempo de lectura\" \/>\n\t<meta name=\"twitter:data2\" content=\"2 minutos\" \/>\n<script type=\"application\/ld+json\" class=\"yoast-schema-graph\">{\"@context\":\"https:\\\/\\\/schema.org\",\"@graph\":[{\"@type\":\"Article\",\"@id\":\"https:\\\/\\\/exaudi.org\\\/es\\\/chile-organizaciones-piden-asilo-de-migrantes\\\/#article\",\"isPartOf\":{\"@id\":\"https:\\\/\\\/exaudi.org\\\/es\\\/chile-organizaciones-piden-asilo-de-migrantes\\\/\"},\"author\":{\"name\":\"Gabriel Sales\",\"@id\":\"https:\\\/\\\/exaudi.org\\\/#\\\/schema\\\/person\\\/d134b96438278131ce90c90c03fda6cd\"},\"headline\":\"Chile: Organizaciones piden asilo de migrantes\",\"datePublished\":\"2021-06-21T09:15:43+00:00\",\"dateModified\":\"2021-06-24T06:26:07+00:00\",\"mainEntityOfPage\":{\"@id\":\"https:\\\/\\\/exaudi.org\\\/es\\\/chile-organizaciones-piden-asilo-de-migrantes\\\/\"},\"wordCount\":248,\"image\":{\"@id\":\"https:\\\/\\\/exaudi.org\\\/es\\\/chile-organizaciones-piden-asilo-de-migrantes\\\/#primaryimage\"},\"thumbnailUrl\":\"https:\\\/\\\/exaudi.org\\\/wp-content\\\/uploads\\\/2021\\\/06\\\/migrantesvatican.jpg\",\"keywords\":[\"Chile\"],\"articleSection\":[\"Iglesia Local\",\"Justicia y Paz\",\"\u00daltimas noticias\"],\"inLanguage\":\"es\"},{\"@type\":\"WebPage\",\"@id\":\"https:\\\/\\\/exaudi.org\\\/es\\\/chile-organizaciones-piden-asilo-de-migrantes\\\/\",\"url\":\"https:\\\/\\\/exaudi.org\\\/es\\\/chile-organizaciones-piden-asilo-de-migrantes\\\/\",\"name\":\"Chile: Organizaciones piden asilo de migrantes &#8211; Exaudi\",\"isPartOf\":{\"@id\":\"https:\\\/\\\/exaudi.org\\\/#website\"},\"primaryImageOfPage\":{\"@id\":\"https:\\\/\\\/exaudi.org\\\/es\\\/chile-organizaciones-piden-asilo-de-migrantes\\\/#primaryimage\"},\"image\":{\"@id\":\"https:\\\/\\\/exaudi.org\\\/es\\\/chile-organizaciones-piden-asilo-de-migrantes\\\/#primaryimage\"},\"thumbnailUrl\":\"https:\\\/\\\/exaudi.org\\\/wp-content\\\/uploads\\\/2021\\\/06\\\/migrantesvatican.jpg\",\"datePublished\":\"2021-06-21T09:15:43+00:00\",\"dateModified\":\"2021-06-24T06:26:07+00:00\",\"author\":{\"@id\":\"https:\\\/\\\/exaudi.org\\\/#\\\/schema\\\/person\\\/d134b96438278131ce90c90c03fda6cd\"},\"description\":\"Organizaciones de Chile que trabajan por la movilidad humana han pedido al Gobierno el asilo de migrantes antes de la represi\u00f3n.\",\"breadcrumb\":{\"@id\":\"https:\\\/\\\/exaudi.org\\\/es\\\/chile-organizaciones-piden-asilo-de-migrantes\\\/#breadcrumb\"},\"inLanguage\":\"es\",\"potentialAction\":[{\"@type\":\"ReadAction\",\"target\":[\"https:\\\/\\\/exaudi.org\\\/es\\\/chile-organizaciones-piden-asilo-de-migrantes\\\/\"]}]},{\"@type\":\"ImageObject\",\"inLanguage\":\"es\",\"@id\":\"https:\\\/\\\/exaudi.org\\\/es\\\/chile-organizaciones-piden-asilo-de-migrantes\\\/#primaryimage\",\"url\":\"https:\\\/\\\/exaudi.org\\\/wp-content\\\/uploads\\\/2021\\\/06\\\/migrantesvatican.jpg\",\"contentUrl\":\"https:\\\/\\\/exaudi.org\\\/wp-content\\\/uploads\\\/2021\\\/06\\\/migrantesvatican.jpg\",\"width\":400,\"height\":225,\"caption\":\"Migrantes \u00a9 Vatican Media\"},{\"@type\":\"BreadcrumbList\",\"@id\":\"https:\\\/\\\/exaudi.org\\\/es\\\/chile-organizaciones-piden-asilo-de-migrantes\\\/#breadcrumb\",\"itemListElement\":[{\"@type\":\"ListItem\",\"position\":1,\"name\":\"Portada\",\"item\":\"https:\\\/\\\/exaudi.org\\\/es\\\/\"},{\"@type\":\"ListItem\",\"position\":2,\"name\":\"Chile: Organizaciones piden asilo de migrantes\"}]},{\"@type\":\"WebSite\",\"@id\":\"https:\\\/\\\/exaudi.org\\\/#website\",\"url\":\"https:\\\/\\\/exaudi.org\\\/\",\"name\":\"Exaudi\",\"description\":\"News\",\"potentialAction\":[{\"@type\":\"SearchAction\",\"target\":{\"@type\":\"EntryPoint\",\"urlTemplate\":\"https:\\\/\\\/exaudi.org\\\/?s={search_term_string}\"},\"query-input\":{\"@type\":\"PropertyValueSpecification\",\"valueRequired\":true,\"valueName\":\"search_term_string\"}}],\"inLanguage\":\"es\"},{\"@type\":\"Person\",\"@id\":\"https:\\\/\\\/exaudi.org\\\/#\\\/schema\\\/person\\\/d134b96438278131ce90c90c03fda6cd\",\"name\":\"Gabriel Sales\",\"image\":{\"@type\":\"ImageObject\",\"inLanguage\":\"es\",\"@id\":\"https:\\\/\\\/secure.gravatar.com\\\/avatar\\\/9b1269566f6a063ed26ffb3532b66a373cdde231ce5d0effb266167437fdaffd?s=96&d=mm&r=g\",\"url\":\"https:\\\/\\\/secure.gravatar.com\\\/avatar\\\/9b1269566f6a063ed26ffb3532b66a373cdde231ce5d0effb266167437fdaffd?s=96&d=mm&r=g\",\"contentUrl\":\"https:\\\/\\\/secure.gravatar.com\\\/avatar\\\/9b1269566f6a063ed26ffb3532b66a373cdde231ce5d0effb266167437fdaffd?s=96&d=mm&r=g\",\"caption\":\"Gabriel Sales\"},\"description\":\"Periodista y especialista en Comunicaci\u00f3n y Branding digital. Cin\u00e9filo y cr\u00edtico de cine y series de televisi\u00f3n.\",\"sameAs\":[\"https:\\\/\\\/www.instagram.com\\\/cine90segundos\\\/\",\"www.linkedin.com\\\/in\\\/habemusman\",\"https:\\\/\\\/x.com\\\/habemusman\",\"https:\\\/\\\/www.youtube.com\\\/channel\\\/UCVfCiOMkJ_C7T7OpyjuaLDg\"],\"url\":\"https:\\\/\\\/exaudi.org\\\/es\\\/author\\\/gsalesexaudi-org\\\/\"}]}<\/script>\n<!-- \/ Yoast SEO plugin. -->","yoast_head_json":{"title":"Chile: Organizaciones piden asilo de migrantes &#8211; Exaudi","description":"Organizaciones de Chile que trabajan por la movilidad humana han pedido al Gobierno el asilo de migrantes antes de la represi\u00f3n.","robots":{"index":"index","follow":"follow","max-snippet":"max-snippet:-1","max-image-preview":"max-image-preview:large","max-video-preview":"max-video-preview:-1"},"canonical":"https:\/\/exaudi.org\/es\/chile-organizaciones-piden-asilo-de-migrantes\/","og_locale":"es_ES","og_type":"article","og_title":"Chile: Organizaciones piden asilo de migrantes &#8211; Exaudi","og_description":"Organizaciones de Chile que trabajan por la movilidad humana han pedido al Gobierno el asilo de migrantes antes de la represi\u00f3n.","og_url":"https:\/\/exaudi.org\/es\/chile-organizaciones-piden-asilo-de-migrantes\/","og_site_name":"Exaudi","article_publisher":"https:\/\/www.facebook.com\/ExaudiNews","article_published_time":"2021-06-21T09:15:43+00:00","article_modified_time":"2021-06-24T06:26:07+00:00","og_image":[{"width":400,"height":225,"url":"https:\/\/exaudi.org\/wp-content\/uploads\/2021\/06\/migrantesvatican.jpg","type":"image\/jpeg"}],"author":"Gabriel Sales","twitter_card":"summary_large_image","twitter_creator":"@habemusman","twitter_site":"@Exaudi_News","twitter_misc":{"Escrito por":"Gabriel Sales","Tiempo de lectura":"2 minutos"},"schema":{"@context":"https:\/\/schema.org","@graph":[{"@type":"Article","@id":"https:\/\/exaudi.org\/es\/chile-organizaciones-piden-asilo-de-migrantes\/#article","isPartOf":{"@id":"https:\/\/exaudi.org\/es\/chile-organizaciones-piden-asilo-de-migrantes\/"},"author":{"name":"Gabriel Sales","@id":"https:\/\/exaudi.org\/#\/schema\/person\/d134b96438278131ce90c90c03fda6cd"},"headline":"Chile: Organizaciones piden asilo de migrantes","datePublished":"2021-06-21T09:15:43+00:00","dateModified":"2021-06-24T06:26:07+00:00","mainEntityOfPage":{"@id":"https:\/\/exaudi.org\/es\/chile-organizaciones-piden-asilo-de-migrantes\/"},"wordCount":248,"image":{"@id":"https:\/\/exaudi.org\/es\/chile-organizaciones-piden-asilo-de-migrantes\/#primaryimage"},"thumbnailUrl":"https:\/\/exaudi.org\/wp-content\/uploads\/2021\/06\/migrantesvatican.jpg","keywords":["Chile"],"articleSection":["Iglesia Local","Justicia y Paz","\u00daltimas noticias"],"inLanguage":"es"},{"@type":"WebPage","@id":"https:\/\/exaudi.org\/es\/chile-organizaciones-piden-asilo-de-migrantes\/","url":"https:\/\/exaudi.org\/es\/chile-organizaciones-piden-asilo-de-migrantes\/","name":"Chile: Organizaciones piden asilo de migrantes &#8211; Exaudi","isPartOf":{"@id":"https:\/\/exaudi.org\/#website"},"primaryImageOfPage":{"@id":"https:\/\/exaudi.org\/es\/chile-organizaciones-piden-asilo-de-migrantes\/#primaryimage"},"image":{"@id":"https:\/\/exaudi.org\/es\/chile-organizaciones-piden-asilo-de-migrantes\/#primaryimage"},"thumbnailUrl":"https:\/\/exaudi.org\/wp-content\/uploads\/2021\/06\/migrantesvatican.jpg","datePublished":"2021-06-21T09:15:43+00:00","dateModified":"2021-06-24T06:26:07+00:00","author":{"@id":"https:\/\/exaudi.org\/#\/schema\/person\/d134b96438278131ce90c90c03fda6cd"},"description":"Organizaciones de Chile que trabajan por la movilidad humana han pedido al Gobierno el asilo de migrantes antes de la represi\u00f3n.","breadcrumb":{"@id":"https:\/\/exaudi.org\/es\/chile-organizaciones-piden-asilo-de-migrantes\/#breadcrumb"},"inLanguage":"es","potentialAction":[{"@type":"ReadAction","target":["https:\/\/exaudi.org\/es\/chile-organizaciones-piden-asilo-de-migrantes\/"]}]},{"@type":"ImageObject","inLanguage":"es","@id":"https:\/\/exaudi.org\/es\/chile-organizaciones-piden-asilo-de-migrantes\/#primaryimage","url":"https:\/\/exaudi.org\/wp-content\/uploads\/2021\/06\/migrantesvatican.jpg","contentUrl":"https:\/\/exaudi.org\/wp-content\/uploads\/2021\/06\/migrantesvatican.jpg","width":400,"height":225,"caption":"Migrantes \u00a9 Vatican Media"},{"@type":"BreadcrumbList","@id":"https:\/\/exaudi.org\/es\/chile-organizaciones-piden-asilo-de-migrantes\/#breadcrumb","itemListElement":[{"@type":"ListItem","position":1,"name":"Portada","item":"https:\/\/exaudi.org\/es\/"},{"@type":"ListItem","position":2,"name":"Chile: Organizaciones piden asilo de migrantes"}]},{"@type":"WebSite","@id":"https:\/\/exaudi.org\/#website","url":"https:\/\/exaudi.org\/","name":"Exaudi","description":"News","potentialAction":[{"@type":"SearchAction","target":{"@type":"EntryPoint","urlTemplate":"https:\/\/exaudi.org\/?s={search_term_string}"},"query-input":{"@type":"PropertyValueSpecification","valueRequired":true,"valueName":"search_term_string"}}],"inLanguage":"es"},{"@type":"Person","@id":"https:\/\/exaudi.org\/#\/schema\/person\/d134b96438278131ce90c90c03fda6cd","name":"Gabriel Sales","image":{"@type":"ImageObject","inLanguage":"es","@id":"https:\/\/secure.gravatar.com\/avatar\/9b1269566f6a063ed26ffb3532b66a373cdde231ce5d0effb266167437fdaffd?s=96&d=mm&r=g","url":"https:\/\/secure.gravatar.com\/avatar\/9b1269566f6a063ed26ffb3532b66a373cdde231ce5d0effb266167437fdaffd?s=96&d=mm&r=g","contentUrl":"https:\/\/secure.gravatar.com\/avatar\/9b1269566f6a063ed26ffb3532b66a373cdde231ce5d0effb266167437fdaffd?s=96&d=mm&r=g","caption":"Gabriel Sales"},"description":"Periodista y especialista en Comunicaci\u00f3n y Branding digital. Cin\u00e9filo y cr\u00edtico de cine y series de televisi\u00f3n.","sameAs":["https:\/\/www.instagram.com\/cine90segundos\/","www.linkedin.com\/in\/habemusman","https:\/\/x.com\/habemusman","https:\/\/www.youtube.com\/channel\/UCVfCiOMkJ_C7T7OpyjuaLDg"],"url":"https:\/\/exaudi.org\/es\/author\/gsalesexaudi-org\/"}]}},"jetpack_featured_media_url":"https:\/\/exaudi.org\/wp-content\/uploads\/2021\/06\/migrantesvatican.jpg","jetpack_shortlink":"https:\/\/wp.me\/pgKjF2-63Z","_links":{"self":[{"href":"https:\/\/exaudi.org\/es\/wp-json\/wp\/v2\/posts\/23311","targetHints":{"allow":["GET"]}}],"collection":[{"href":"https:\/\/exaudi.org\/es\/wp-json\/wp\/v2\/posts"}],"about":[{"href":"https:\/\/exaudi.org\/es\/wp-json\/wp\/v2\/types\/post"}],"author":[{"embeddable":true,"href":"https:\/\/exaudi.org\/es\/wp-json\/wp\/v2\/users\/6"}],"replies":[{"embeddable":true,"href":"https:\/\/exaudi.org\/es\/wp-json\/wp\/v2\/comments?post=23311"}],"version-history":[{"count":0,"href":"https:\/\/exaudi.org\/es\/wp-json\/wp\/v2\/posts\/23311\/revisions"}],"wp:featuredmedia":[{"embeddable":true,"href":"https:\/\/exaudi.org\/es\/wp-json\/wp\/v2\/media\/23873"}],"wp:attachment":[{"href":"https:\/\/exaudi.org\/es\/wp-json\/wp\/v2\/media?parent=23311"}],"wp:term":[{"taxonomy":"category","embeddable":true,"href":"https:\/\/exaudi.org\/es\/wp-json\/wp\/v2\/categories?post=23311"},{"taxonomy":"post_tag","embeddable":true,"href":"https:\/\/exaudi.org\/es\/wp-json\/wp\/v2\/tags?post=23311"}],"curies":[{"name":"wp","href":"https:\/\/api.w.org\/{rel}","templated":true}]}}