{"id":23310,"date":"2021-06-21T11:45:33","date_gmt":"2021-06-21T09:45:33","guid":{"rendered":"https:\/\/exaudi.org\/?p=17802"},"modified":"2021-06-24T08:22:34","modified_gmt":"2021-06-24T06:22:34","slug":"ecuador-obispos-exhortan-a-vacunarse","status":"publish","type":"post","link":"https:\/\/exaudi.org\/es\/ecuador-obispos-exhortan-a-vacunarse\/","title":{"rendered":"Ecuador: Obispos exhortan a vacunarse"},"content":{"rendered":"<p><span style=\"font-weight: 400;\">Los obispos de la <a href=\"https:\/\/conferenciaepiscopal.ec\/\" target=\"_blank\" rel=\"noopener noreferrer\">Conferencia Episcopal de Ecuador<\/a> se han sumado a la campa\u00f1a de promoci\u00f3n de la vacunaci\u00f3n de la ciudadan\u00eda, a la que exhortan a vacunarse en los lugares asignados por las instituciones p\u00fablicas y cuyo beneficio \u201ces personal y social\u201d.<\/span><\/p>\n<p><span style=\"font-weight: 400;\">En su llamado, los prelados del Consejo de Presidencia del Episcopado expresan que, desde hace m\u00e1s de un a\u00f1o, la sociedad mundial ha estado sometida a una gran crisis causada por la pandemia de COVID-19, que ha \u201ccausado dolor, l\u00e1grimas, muertes y sufrimiento\u201d. No existe, manifiestan, \u201cuna familia que no haya sufrido en carne propia los efectos de este mortal virus\u201d.<\/span><\/p>\n<h4><strong>Vacunaci\u00f3n, salida de la crisis<\/strong><\/h4>\n<p><span style=\"font-weight: 400;\">El Episcopado <a href=\"https:\/\/exaudi.org\/es\/ecuador-repam-campana-reforestacion-amazonia-2021\/\" target=\"_blank\" rel=\"noopener noreferrer\">ecuatoriano<\/a> describe el proceso de vacunaci\u00f3n como una \u201cluz de salida a esta crisis\u201d, y cita las palabras del Papa Francisco al respecto: \u201cCreo que \u00e9ticamente todo el mundo deber\u00eda vacunarse. Es una opci\u00f3n \u00e9tica, porque te juegas tu salud, tu vida, pero tambi\u00e9n te juegas la vida de los dem\u00e1s\u201d.<\/span><\/p>\n<p><span style=\"font-weight: 400;\">Del mismo modo, los prelados declaran que \u201cla vacuna gestionada por las instituciones p\u00fablicas y privadas es un signo de esperanza para superar la crisis social y econ\u00f3mica desatada por la pandemia; un gran esfuerzo digno de gratitud y felicitaci\u00f3n\u201d.<\/span><\/p>\n","protected":false},"excerpt":{"rendered":"<p>Mensaje a la ciudadan\u00eda<\/p>\n","protected":false},"author":6,"featured_media":23870,"comment_status":"closed","ping_status":"closed","sticky":false,"template":"","format":"standard","meta":{"_acf_changed":false,"_crdt_document":"","inline_featured_image":false,"footnotes":""},"categories":[86,298],"tags":[801,541,540],"class_list":["post-23310","post","type-post","status-publish","format-standard","has-post-thumbnail","hentry","category-iglesia-local","category-ultimas-noticias","tag-conferencia-episcopal-ecuatoriana","tag-covid-19","tag-vacunacion"],"acf":[],"yoast_head":"<!-- This site is optimized with the Yoast SEO plugin v27.4 - https:\/\/yoast.com\/product\/yoast-seo-wordpress\/ -->\n<title>Ecuador: Obispos exhortan a vacunarse &#8211; Exaudi<\/title>\n<meta name=\"description\" content=\"Los obispos de la Conferencia Episcopal de Ecuador se han sumado a la campa\u00f1a de llamado a vacunarse de la ciudadan\u00eda por el bien com\u00fan.\" \/>\n<meta name=\"robots\" content=\"index, follow, max-snippet:-1, max-image-preview:large, max-video-preview:-1\" \/>\n<link rel=\"canonical\" href=\"https:\/\/exaudi.org\/es\/ecuador-obispos-exhortan-a-vacunarse\/\" \/>\n<meta property=\"og:locale\" content=\"es_ES\" \/>\n<meta property=\"og:type\" content=\"article\" \/>\n<meta property=\"og:title\" content=\"Ecuador: Obispos exhortan a vacunarse &#8211; Exaudi\" \/>\n<meta property=\"og:description\" content=\"Los obispos de la Conferencia Episcopal de Ecuador se han sumado a la campa\u00f1a de llamado a vacunarse de la ciudadan\u00eda por el bien com\u00fan.\" \/>\n<meta property=\"og:url\" content=\"https:\/\/exaudi.org\/es\/ecuador-obispos-exhortan-a-vacunarse\/\" \/>\n<meta property=\"og:site_name\" content=\"Exaudi\" \/>\n<meta property=\"article:publisher\" content=\"https:\/\/www.facebook.com\/ExaudiNews\" \/>\n<meta property=\"article:published_time\" content=\"2021-06-21T09:45:33+00:00\" \/>\n<meta property=\"article:modified_time\" content=\"2021-06-24T06:22:34+00:00\" \/>\n<meta property=\"og:image\" content=\"https:\/\/exaudi.org\/wp-content\/uploads\/2021\/06\/VacunacionEcuador-2.jpg\" \/>\n\t<meta property=\"og:image:width\" content=\"400\" \/>\n\t<meta property=\"og:image:height\" content=\"226\" \/>\n\t<meta property=\"og:image:type\" content=\"image\/jpeg\" \/>\n<meta name=\"author\" content=\"Gabriel Sales\" \/>\n<meta name=\"twitter:card\" content=\"summary_large_image\" \/>\n<meta name=\"twitter:creator\" content=\"@habemusman\" \/>\n<meta name=\"twitter:site\" content=\"@Exaudi_News\" \/>\n<meta name=\"twitter:label1\" content=\"Escrito por\" \/>\n\t<meta name=\"twitter:data1\" content=\"Gabriel Sales\" \/>\n\t<meta name=\"twitter:label2\" content=\"Tiempo de lectura\" \/>\n\t<meta name=\"twitter:data2\" content=\"1 minuto\" \/>\n<script type=\"application\/ld+json\" class=\"yoast-schema-graph\">{\"@context\":\"https:\\\/\\\/schema.org\",\"@graph\":[{\"@type\":\"Article\",\"@id\":\"https:\\\/\\\/exaudi.org\\\/es\\\/ecuador-obispos-exhortan-a-vacunarse\\\/#article\",\"isPartOf\":{\"@id\":\"https:\\\/\\\/exaudi.org\\\/es\\\/ecuador-obispos-exhortan-a-vacunarse\\\/\"},\"author\":{\"name\":\"Gabriel Sales\",\"@id\":\"https:\\\/\\\/exaudi.org\\\/#\\\/schema\\\/person\\\/d134b96438278131ce90c90c03fda6cd\"},\"headline\":\"Ecuador: Obispos exhortan a vacunarse\",\"datePublished\":\"2021-06-21T09:45:33+00:00\",\"dateModified\":\"2021-06-24T06:22:34+00:00\",\"mainEntityOfPage\":{\"@id\":\"https:\\\/\\\/exaudi.org\\\/es\\\/ecuador-obispos-exhortan-a-vacunarse\\\/\"},\"wordCount\":224,\"image\":{\"@id\":\"https:\\\/\\\/exaudi.org\\\/es\\\/ecuador-obispos-exhortan-a-vacunarse\\\/#primaryimage\"},\"thumbnailUrl\":\"https:\\\/\\\/exaudi.org\\\/wp-content\\\/uploads\\\/2021\\\/06\\\/VacunacionEcuador-2.jpg\",\"keywords\":[\"Conferencia Episcopal Ecuatoriana\",\"COVID-19\",\"Vacunaci\u00f3n\"],\"articleSection\":[\"Iglesia Local\",\"\u00daltimas noticias\"],\"inLanguage\":\"es\"},{\"@type\":\"WebPage\",\"@id\":\"https:\\\/\\\/exaudi.org\\\/es\\\/ecuador-obispos-exhortan-a-vacunarse\\\/\",\"url\":\"https:\\\/\\\/exaudi.org\\\/es\\\/ecuador-obispos-exhortan-a-vacunarse\\\/\",\"name\":\"Ecuador: Obispos exhortan a vacunarse &#8211; Exaudi\",\"isPartOf\":{\"@id\":\"https:\\\/\\\/exaudi.org\\\/#website\"},\"primaryImageOfPage\":{\"@id\":\"https:\\\/\\\/exaudi.org\\\/es\\\/ecuador-obispos-exhortan-a-vacunarse\\\/#primaryimage\"},\"image\":{\"@id\":\"https:\\\/\\\/exaudi.org\\\/es\\\/ecuador-obispos-exhortan-a-vacunarse\\\/#primaryimage\"},\"thumbnailUrl\":\"https:\\\/\\\/exaudi.org\\\/wp-content\\\/uploads\\\/2021\\\/06\\\/VacunacionEcuador-2.jpg\",\"datePublished\":\"2021-06-21T09:45:33+00:00\",\"dateModified\":\"2021-06-24T06:22:34+00:00\",\"author\":{\"@id\":\"https:\\\/\\\/exaudi.org\\\/#\\\/schema\\\/person\\\/d134b96438278131ce90c90c03fda6cd\"},\"description\":\"Los obispos de la Conferencia Episcopal de Ecuador se han sumado a la campa\u00f1a de llamado a vacunarse de la ciudadan\u00eda por el bien com\u00fan.\",\"breadcrumb\":{\"@id\":\"https:\\\/\\\/exaudi.org\\\/es\\\/ecuador-obispos-exhortan-a-vacunarse\\\/#breadcrumb\"},\"inLanguage\":\"es\",\"potentialAction\":[{\"@type\":\"ReadAction\",\"target\":[\"https:\\\/\\\/exaudi.org\\\/es\\\/ecuador-obispos-exhortan-a-vacunarse\\\/\"]}]},{\"@type\":\"ImageObject\",\"inLanguage\":\"es\",\"@id\":\"https:\\\/\\\/exaudi.org\\\/es\\\/ecuador-obispos-exhortan-a-vacunarse\\\/#primaryimage\",\"url\":\"https:\\\/\\\/exaudi.org\\\/wp-content\\\/uploads\\\/2021\\\/06\\\/VacunacionEcuador-2.jpg\",\"contentUrl\":\"https:\\\/\\\/exaudi.org\\\/wp-content\\\/uploads\\\/2021\\\/06\\\/VacunacionEcuador-2.jpg\",\"width\":400,\"height\":226,\"caption\":\"Vacunaci\u00f3n Ecuador \u00a9 Vatican Media\"},{\"@type\":\"BreadcrumbList\",\"@id\":\"https:\\\/\\\/exaudi.org\\\/es\\\/ecuador-obispos-exhortan-a-vacunarse\\\/#breadcrumb\",\"itemListElement\":[{\"@type\":\"ListItem\",\"position\":1,\"name\":\"Portada\",\"item\":\"https:\\\/\\\/exaudi.org\\\/es\\\/\"},{\"@type\":\"ListItem\",\"position\":2,\"name\":\"Ecuador: Obispos exhortan a vacunarse\"}]},{\"@type\":\"WebSite\",\"@id\":\"https:\\\/\\\/exaudi.org\\\/#website\",\"url\":\"https:\\\/\\\/exaudi.org\\\/\",\"name\":\"Exaudi\",\"description\":\"News\",\"potentialAction\":[{\"@type\":\"SearchAction\",\"target\":{\"@type\":\"EntryPoint\",\"urlTemplate\":\"https:\\\/\\\/exaudi.org\\\/?s={search_term_string}\"},\"query-input\":{\"@type\":\"PropertyValueSpecification\",\"valueRequired\":true,\"valueName\":\"search_term_string\"}}],\"inLanguage\":\"es\"},{\"@type\":\"Person\",\"@id\":\"https:\\\/\\\/exaudi.org\\\/#\\\/schema\\\/person\\\/d134b96438278131ce90c90c03fda6cd\",\"name\":\"Gabriel Sales\",\"image\":{\"@type\":\"ImageObject\",\"inLanguage\":\"es\",\"@id\":\"https:\\\/\\\/secure.gravatar.com\\\/avatar\\\/9b1269566f6a063ed26ffb3532b66a373cdde231ce5d0effb266167437fdaffd?s=96&d=mm&r=g\",\"url\":\"https:\\\/\\\/secure.gravatar.com\\\/avatar\\\/9b1269566f6a063ed26ffb3532b66a373cdde231ce5d0effb266167437fdaffd?s=96&d=mm&r=g\",\"contentUrl\":\"https:\\\/\\\/secure.gravatar.com\\\/avatar\\\/9b1269566f6a063ed26ffb3532b66a373cdde231ce5d0effb266167437fdaffd?s=96&d=mm&r=g\",\"caption\":\"Gabriel Sales\"},\"description\":\"Periodista y especialista en Comunicaci\u00f3n y Branding digital. Cin\u00e9filo y cr\u00edtico de cine y series de televisi\u00f3n.\",\"sameAs\":[\"https:\\\/\\\/www.instagram.com\\\/cine90segundos\\\/\",\"www.linkedin.com\\\/in\\\/habemusman\",\"https:\\\/\\\/x.com\\\/habemusman\",\"https:\\\/\\\/www.youtube.com\\\/channel\\\/UCVfCiOMkJ_C7T7OpyjuaLDg\"],\"url\":\"https:\\\/\\\/exaudi.org\\\/es\\\/author\\\/gsalesexaudi-org\\\/\"}]}<\/script>\n<!-- \/ Yoast SEO plugin. -->","yoast_head_json":{"title":"Ecuador: Obispos exhortan a vacunarse &#8211; Exaudi","description":"Los obispos de la Conferencia Episcopal de Ecuador se han sumado a la campa\u00f1a de llamado a vacunarse de la ciudadan\u00eda por el bien com\u00fan.","robots":{"index":"index","follow":"follow","max-snippet":"max-snippet:-1","max-image-preview":"max-image-preview:large","max-video-preview":"max-video-preview:-1"},"canonical":"https:\/\/exaudi.org\/es\/ecuador-obispos-exhortan-a-vacunarse\/","og_locale":"es_ES","og_type":"article","og_title":"Ecuador: Obispos exhortan a vacunarse &#8211; Exaudi","og_description":"Los obispos de la Conferencia Episcopal de Ecuador se han sumado a la campa\u00f1a de llamado a vacunarse de la ciudadan\u00eda por el bien com\u00fan.","og_url":"https:\/\/exaudi.org\/es\/ecuador-obispos-exhortan-a-vacunarse\/","og_site_name":"Exaudi","article_publisher":"https:\/\/www.facebook.com\/ExaudiNews","article_published_time":"2021-06-21T09:45:33+00:00","article_modified_time":"2021-06-24T06:22:34+00:00","og_image":[{"width":400,"height":226,"url":"https:\/\/exaudi.org\/wp-content\/uploads\/2021\/06\/VacunacionEcuador-2.jpg","type":"image\/jpeg"}],"author":"Gabriel Sales","twitter_card":"summary_large_image","twitter_creator":"@habemusman","twitter_site":"@Exaudi_News","twitter_misc":{"Escrito por":"Gabriel Sales","Tiempo de lectura":"1 minuto"},"schema":{"@context":"https:\/\/schema.org","@graph":[{"@type":"Article","@id":"https:\/\/exaudi.org\/es\/ecuador-obispos-exhortan-a-vacunarse\/#article","isPartOf":{"@id":"https:\/\/exaudi.org\/es\/ecuador-obispos-exhortan-a-vacunarse\/"},"author":{"name":"Gabriel Sales","@id":"https:\/\/exaudi.org\/#\/schema\/person\/d134b96438278131ce90c90c03fda6cd"},"headline":"Ecuador: Obispos exhortan a vacunarse","datePublished":"2021-06-21T09:45:33+00:00","dateModified":"2021-06-24T06:22:34+00:00","mainEntityOfPage":{"@id":"https:\/\/exaudi.org\/es\/ecuador-obispos-exhortan-a-vacunarse\/"},"wordCount":224,"image":{"@id":"https:\/\/exaudi.org\/es\/ecuador-obispos-exhortan-a-vacunarse\/#primaryimage"},"thumbnailUrl":"https:\/\/exaudi.org\/wp-content\/uploads\/2021\/06\/VacunacionEcuador-2.jpg","keywords":["Conferencia Episcopal Ecuatoriana","COVID-19","Vacunaci\u00f3n"],"articleSection":["Iglesia Local","\u00daltimas noticias"],"inLanguage":"es"},{"@type":"WebPage","@id":"https:\/\/exaudi.org\/es\/ecuador-obispos-exhortan-a-vacunarse\/","url":"https:\/\/exaudi.org\/es\/ecuador-obispos-exhortan-a-vacunarse\/","name":"Ecuador: Obispos exhortan a vacunarse &#8211; Exaudi","isPartOf":{"@id":"https:\/\/exaudi.org\/#website"},"primaryImageOfPage":{"@id":"https:\/\/exaudi.org\/es\/ecuador-obispos-exhortan-a-vacunarse\/#primaryimage"},"image":{"@id":"https:\/\/exaudi.org\/es\/ecuador-obispos-exhortan-a-vacunarse\/#primaryimage"},"thumbnailUrl":"https:\/\/exaudi.org\/wp-content\/uploads\/2021\/06\/VacunacionEcuador-2.jpg","datePublished":"2021-06-21T09:45:33+00:00","dateModified":"2021-06-24T06:22:34+00:00","author":{"@id":"https:\/\/exaudi.org\/#\/schema\/person\/d134b96438278131ce90c90c03fda6cd"},"description":"Los obispos de la Conferencia Episcopal de Ecuador se han sumado a la campa\u00f1a de llamado a vacunarse de la ciudadan\u00eda por el bien com\u00fan.","breadcrumb":{"@id":"https:\/\/exaudi.org\/es\/ecuador-obispos-exhortan-a-vacunarse\/#breadcrumb"},"inLanguage":"es","potentialAction":[{"@type":"ReadAction","target":["https:\/\/exaudi.org\/es\/ecuador-obispos-exhortan-a-vacunarse\/"]}]},{"@type":"ImageObject","inLanguage":"es","@id":"https:\/\/exaudi.org\/es\/ecuador-obispos-exhortan-a-vacunarse\/#primaryimage","url":"https:\/\/exaudi.org\/wp-content\/uploads\/2021\/06\/VacunacionEcuador-2.jpg","contentUrl":"https:\/\/exaudi.org\/wp-content\/uploads\/2021\/06\/VacunacionEcuador-2.jpg","width":400,"height":226,"caption":"Vacunaci\u00f3n Ecuador \u00a9 Vatican Media"},{"@type":"BreadcrumbList","@id":"https:\/\/exaudi.org\/es\/ecuador-obispos-exhortan-a-vacunarse\/#breadcrumb","itemListElement":[{"@type":"ListItem","position":1,"name":"Portada","item":"https:\/\/exaudi.org\/es\/"},{"@type":"ListItem","position":2,"name":"Ecuador: Obispos exhortan a vacunarse"}]},{"@type":"WebSite","@id":"https:\/\/exaudi.org\/#website","url":"https:\/\/exaudi.org\/","name":"Exaudi","description":"News","potentialAction":[{"@type":"SearchAction","target":{"@type":"EntryPoint","urlTemplate":"https:\/\/exaudi.org\/?s={search_term_string}"},"query-input":{"@type":"PropertyValueSpecification","valueRequired":true,"valueName":"search_term_string"}}],"inLanguage":"es"},{"@type":"Person","@id":"https:\/\/exaudi.org\/#\/schema\/person\/d134b96438278131ce90c90c03fda6cd","name":"Gabriel Sales","image":{"@type":"ImageObject","inLanguage":"es","@id":"https:\/\/secure.gravatar.com\/avatar\/9b1269566f6a063ed26ffb3532b66a373cdde231ce5d0effb266167437fdaffd?s=96&d=mm&r=g","url":"https:\/\/secure.gravatar.com\/avatar\/9b1269566f6a063ed26ffb3532b66a373cdde231ce5d0effb266167437fdaffd?s=96&d=mm&r=g","contentUrl":"https:\/\/secure.gravatar.com\/avatar\/9b1269566f6a063ed26ffb3532b66a373cdde231ce5d0effb266167437fdaffd?s=96&d=mm&r=g","caption":"Gabriel Sales"},"description":"Periodista y especialista en Comunicaci\u00f3n y Branding digital. Cin\u00e9filo y cr\u00edtico de cine y series de televisi\u00f3n.","sameAs":["https:\/\/www.instagram.com\/cine90segundos\/","www.linkedin.com\/in\/habemusman","https:\/\/x.com\/habemusman","https:\/\/www.youtube.com\/channel\/UCVfCiOMkJ_C7T7OpyjuaLDg"],"url":"https:\/\/exaudi.org\/es\/author\/gsalesexaudi-org\/"}]}},"jetpack_featured_media_url":"https:\/\/exaudi.org\/wp-content\/uploads\/2021\/06\/VacunacionEcuador-2.jpg","jetpack_shortlink":"https:\/\/wp.me\/pgKjF2-63Y","_links":{"self":[{"href":"https:\/\/exaudi.org\/es\/wp-json\/wp\/v2\/posts\/23310","targetHints":{"allow":["GET"]}}],"collection":[{"href":"https:\/\/exaudi.org\/es\/wp-json\/wp\/v2\/posts"}],"about":[{"href":"https:\/\/exaudi.org\/es\/wp-json\/wp\/v2\/types\/post"}],"author":[{"embeddable":true,"href":"https:\/\/exaudi.org\/es\/wp-json\/wp\/v2\/users\/6"}],"replies":[{"embeddable":true,"href":"https:\/\/exaudi.org\/es\/wp-json\/wp\/v2\/comments?post=23310"}],"version-history":[{"count":0,"href":"https:\/\/exaudi.org\/es\/wp-json\/wp\/v2\/posts\/23310\/revisions"}],"wp:featuredmedia":[{"embeddable":true,"href":"https:\/\/exaudi.org\/es\/wp-json\/wp\/v2\/media\/23870"}],"wp:attachment":[{"href":"https:\/\/exaudi.org\/es\/wp-json\/wp\/v2\/media?parent=23310"}],"wp:term":[{"taxonomy":"category","embeddable":true,"href":"https:\/\/exaudi.org\/es\/wp-json\/wp\/v2\/categories?post=23310"},{"taxonomy":"post_tag","embeddable":true,"href":"https:\/\/exaudi.org\/es\/wp-json\/wp\/v2\/tags?post=23310"}],"curies":[{"name":"wp","href":"https:\/\/api.w.org\/{rel}","templated":true}]}}