{"id":23309,"date":"2021-06-21T10:30:14","date_gmt":"2021-06-21T08:30:14","guid":{"rendered":"https:\/\/exaudi.org\/?p=17796"},"modified":"2021-06-24T08:30:01","modified_gmt":"2021-06-24T06:30:01","slug":"dia-mundial-refugiado-celam-y-clamor-llaman-al-cuidado-comun","status":"publish","type":"post","link":"https:\/\/exaudi.org\/es\/dia-mundial-refugiado-celam-y-clamor-llaman-al-cuidado-comun\/","title":{"rendered":"D\u00eda Mundial Refugiado: Mensaje de CELAM y CLAMOR"},"content":{"rendered":"<p><span style=\"font-weight: 400;\">El <a href=\"https:\/\/www.celam.org\/\" target=\"_blank\" rel=\"noopener noreferrer\">Consejo Episcopal Latinoamericano<\/a> (CELAM) y la Red CLAMOR enviaron el pasado 18 de junio un mensaje con motivo del <a href=\"https:\/\/exaudi.org\/es\/jornada-del-migrante-y-refugiado-2021-mensaje-del-papa\/\" target=\"_blank\" rel=\"noopener noreferrer\">D\u00eda Mundial del Refugiado<\/a>, celebrado el domingo 20, en el que llaman a la comprensi\u00f3n y empat\u00eda hacia las personas que actualmente atraviesan estas circunstancias.<\/span><\/p>\n<p><span style=\"font-weight: 400;\">En su nota, CELAM y CLAMOR explican que este d\u00eda internacional \u201cel mundo entero est\u00e1 invitado a visibilizar y dar respuestas a la\u00a0 realidad de quienes, siendo v\u00edctima de la violencia en sus distintas formas, pero particularmente de la violencia Estatal, solicitan protecci\u00f3n a sus derechos humanos y oportunidades de desarrollo en otros pa\u00edses\u201d.<\/span><\/p>\n<h4><strong>Sentido de pertenencia<\/strong><\/h4>\n<p><span style=\"font-weight: 400;\">El mensaje se\u00f1ala que \u201crefugiado puede ser sin\u00f3nimo de vulnerabilidad y expresi\u00f3n de lo que el Papa Francisco llama \u2018periferias existenciales\u2019, pero tambi\u00e9n es sin\u00f3nimo de resiliencia\u201d. Puesto que, a\u00f1ade, \u201ccon la misma fuerza y coraje que han tomado la decisi\u00f3n de abandonar sus hogares para escapar de conflictos y persecuciones, apuestan por la vida mejor\u201d.<\/span><\/p>\n<p><span style=\"font-weight: 400;\">Adem\u00e1s \u201cse ajustan saludablemente a las condiciones adversas y reconstruyen la historia de sus vidas desarrollando un sentido de pertenencia hacia las comunidades y sociedades de acogida, haciendo contribuciones en los diversos \u00e1mbitos de la vida social\u201d, ilustra.<\/span><\/p>\n<h4><strong>D\u00eda del Refugiado para los cat\u00f3licos<\/strong><\/h4>\n<p><span style=\"font-weight: 400;\">Para los cat\u00f3licos, declaran el CELAM y CLAMOR, este 20 de junio es una \u201cespecie de preludio\u201d que les prepara tambi\u00e9n para celebrar la 107.\u00aa Jornada Mundial del Migrante y del Refugiado el pr\u00f3ximo 26 de septiembre con el tema: \u201cHacia un nosotros cada vez m\u00e1s grande\u201d, con el que el Santo Padre \u201csiembra la ilusi\u00f3n y el compromiso de construir sociedades m\u00e1s inclusivas en las que, en medio de la diversidad, y conviviendo arm\u00f3nicamente con extranjeros, nos reconozcamos parte de una misma familia humana, pasajeros de la misma barca planetaria, donde los bienes de la creaci\u00f3n son disfrutados sin distingos de nacionalidad, postura pol\u00edtica, cultura o raza por todos a todos y todas. El llamado es a cuidar la naturaleza y a cuidar, acoger, promover, proteger e integrar a todo ser humano, sin distingos\u201d.<\/span><\/p>\n<p><iframe loading=\"lazy\" title=\"Celam y Red Clamor por el D\u00eda Mundial del Refugiado\" width=\"500\" height=\"281\" src=\"https:\/\/www.youtube.com\/embed\/hyzg9AcfQRE?feature=oembed\" frameborder=\"0\" allow=\"accelerometer; autoplay; clipboard-write; encrypted-media; gyroscope; picture-in-picture; web-share\" referrerpolicy=\"strict-origin-when-cross-origin\" allowfullscreen><\/iframe><\/p>\n","protected":false},"excerpt":{"rendered":"<p>Llamado al cuidado com\u00fan<\/p>\n","protected":false},"author":6,"featured_media":23877,"comment_status":"closed","ping_status":"closed","sticky":false,"template":"","format":"standard","meta":{"_acf_changed":false,"_crdt_document":"","inline_featured_image":false,"footnotes":""},"categories":[86,94,298],"tags":[2159,1494,1523],"class_list":["post-23309","post","type-post","status-publish","format-standard","has-post-thumbnail","hentry","category-iglesia-local","category-justicia-y-paz","category-ultimas-noticias","tag-107a-jornada-mundial-del-migrante-y-del-refugiado","tag-consejo-episcopal-latinoamericano-celam","tag-red-clamor"],"acf":[],"yoast_head":"<!-- This site is optimized with the Yoast SEO plugin v27.4 - https:\/\/yoast.com\/product\/yoast-seo-wordpress\/ -->\n<title>D\u00eda Mundial Refugiado: Mensaje de CELAM y CLAMOR - Exaudi<\/title>\n<meta name=\"description\" content=\"El Consejo Episcopal Latinoamericano (CELAM) y la Red CLAMOR env\u00edan un mensaje conjunto por la Jornada Mundial del Refugiado y el Migrante.\" \/>\n<meta name=\"robots\" content=\"index, follow, max-snippet:-1, max-image-preview:large, max-video-preview:-1\" \/>\n<link rel=\"canonical\" href=\"https:\/\/exaudi.org\/es\/dia-mundial-refugiado-celam-y-clamor-llaman-al-cuidado-comun\/\" \/>\n<meta property=\"og:locale\" content=\"es_ES\" \/>\n<meta property=\"og:type\" content=\"article\" \/>\n<meta property=\"og:title\" content=\"D\u00eda Mundial Refugiado: Mensaje de CELAM y CLAMOR - Exaudi\" \/>\n<meta property=\"og:description\" content=\"El Consejo Episcopal Latinoamericano (CELAM) y la Red CLAMOR env\u00edan un mensaje conjunto por la Jornada Mundial del Refugiado y el Migrante.\" \/>\n<meta property=\"og:url\" content=\"https:\/\/exaudi.org\/es\/dia-mundial-refugiado-celam-y-clamor-llaman-al-cuidado-comun\/\" \/>\n<meta property=\"og:site_name\" content=\"Exaudi\" \/>\n<meta property=\"article:publisher\" content=\"https:\/\/www.facebook.com\/ExaudiNews\" \/>\n<meta property=\"article:published_time\" content=\"2021-06-21T08:30:14+00:00\" \/>\n<meta property=\"article:modified_time\" content=\"2021-06-24T06:30:01+00:00\" \/>\n<meta property=\"og:image\" content=\"https:\/\/exaudi.org\/wp-content\/uploads\/2021\/06\/vv33444.jpg\" \/>\n\t<meta property=\"og:image:width\" content=\"400\" \/>\n\t<meta property=\"og:image:height\" content=\"225\" \/>\n\t<meta property=\"og:image:type\" content=\"image\/jpeg\" \/>\n<meta name=\"author\" content=\"Gabriel Sales\" \/>\n<meta name=\"twitter:card\" content=\"summary_large_image\" \/>\n<meta name=\"twitter:creator\" content=\"@habemusman\" \/>\n<meta name=\"twitter:site\" content=\"@Exaudi_News\" \/>\n<meta name=\"twitter:label1\" content=\"Escrito por\" \/>\n\t<meta name=\"twitter:data1\" content=\"Gabriel Sales\" \/>\n\t<meta name=\"twitter:label2\" content=\"Tiempo de lectura\" \/>\n\t<meta name=\"twitter:data2\" content=\"2 minutos\" \/>\n<script type=\"application\/ld+json\" class=\"yoast-schema-graph\">{\"@context\":\"https:\\\/\\\/schema.org\",\"@graph\":[{\"@type\":\"Article\",\"@id\":\"https:\\\/\\\/exaudi.org\\\/es\\\/dia-mundial-refugiado-celam-y-clamor-llaman-al-cuidado-comun\\\/#article\",\"isPartOf\":{\"@id\":\"https:\\\/\\\/exaudi.org\\\/es\\\/dia-mundial-refugiado-celam-y-clamor-llaman-al-cuidado-comun\\\/\"},\"author\":{\"name\":\"Gabriel Sales\",\"@id\":\"https:\\\/\\\/exaudi.org\\\/#\\\/schema\\\/person\\\/d134b96438278131ce90c90c03fda6cd\"},\"headline\":\"D\u00eda Mundial Refugiado: Mensaje de CELAM y CLAMOR\",\"datePublished\":\"2021-06-21T08:30:14+00:00\",\"dateModified\":\"2021-06-24T06:30:01+00:00\",\"mainEntityOfPage\":{\"@id\":\"https:\\\/\\\/exaudi.org\\\/es\\\/dia-mundial-refugiado-celam-y-clamor-llaman-al-cuidado-comun\\\/\"},\"wordCount\":377,\"image\":{\"@id\":\"https:\\\/\\\/exaudi.org\\\/es\\\/dia-mundial-refugiado-celam-y-clamor-llaman-al-cuidado-comun\\\/#primaryimage\"},\"thumbnailUrl\":\"https:\\\/\\\/exaudi.org\\\/wp-content\\\/uploads\\\/2021\\\/06\\\/vv33444.jpg\",\"keywords\":[\"107\u00aa Jornada Mundial del Migrante y del Refugiado\",\"Consejo Episcopal Latinoamericano (CELAM)\",\"Red CLAMOR\"],\"articleSection\":[\"Iglesia Local\",\"Justicia y Paz\",\"\u00daltimas noticias\"],\"inLanguage\":\"es\"},{\"@type\":\"WebPage\",\"@id\":\"https:\\\/\\\/exaudi.org\\\/es\\\/dia-mundial-refugiado-celam-y-clamor-llaman-al-cuidado-comun\\\/\",\"url\":\"https:\\\/\\\/exaudi.org\\\/es\\\/dia-mundial-refugiado-celam-y-clamor-llaman-al-cuidado-comun\\\/\",\"name\":\"D\u00eda Mundial Refugiado: Mensaje de CELAM y CLAMOR - Exaudi\",\"isPartOf\":{\"@id\":\"https:\\\/\\\/exaudi.org\\\/#website\"},\"primaryImageOfPage\":{\"@id\":\"https:\\\/\\\/exaudi.org\\\/es\\\/dia-mundial-refugiado-celam-y-clamor-llaman-al-cuidado-comun\\\/#primaryimage\"},\"image\":{\"@id\":\"https:\\\/\\\/exaudi.org\\\/es\\\/dia-mundial-refugiado-celam-y-clamor-llaman-al-cuidado-comun\\\/#primaryimage\"},\"thumbnailUrl\":\"https:\\\/\\\/exaudi.org\\\/wp-content\\\/uploads\\\/2021\\\/06\\\/vv33444.jpg\",\"datePublished\":\"2021-06-21T08:30:14+00:00\",\"dateModified\":\"2021-06-24T06:30:01+00:00\",\"author\":{\"@id\":\"https:\\\/\\\/exaudi.org\\\/#\\\/schema\\\/person\\\/d134b96438278131ce90c90c03fda6cd\"},\"description\":\"El Consejo Episcopal Latinoamericano (CELAM) y la Red CLAMOR env\u00edan un mensaje conjunto por la Jornada Mundial del Refugiado y el Migrante.\",\"breadcrumb\":{\"@id\":\"https:\\\/\\\/exaudi.org\\\/es\\\/dia-mundial-refugiado-celam-y-clamor-llaman-al-cuidado-comun\\\/#breadcrumb\"},\"inLanguage\":\"es\",\"potentialAction\":[{\"@type\":\"ReadAction\",\"target\":[\"https:\\\/\\\/exaudi.org\\\/es\\\/dia-mundial-refugiado-celam-y-clamor-llaman-al-cuidado-comun\\\/\"]}]},{\"@type\":\"ImageObject\",\"inLanguage\":\"es\",\"@id\":\"https:\\\/\\\/exaudi.org\\\/es\\\/dia-mundial-refugiado-celam-y-clamor-llaman-al-cuidado-comun\\\/#primaryimage\",\"url\":\"https:\\\/\\\/exaudi.org\\\/wp-content\\\/uploads\\\/2021\\\/06\\\/vv33444.jpg\",\"contentUrl\":\"https:\\\/\\\/exaudi.org\\\/wp-content\\\/uploads\\\/2021\\\/06\\\/vv33444.jpg\",\"width\":400,\"height\":225,\"caption\":\"Refugiados \u00a9 Vatican Media\"},{\"@type\":\"BreadcrumbList\",\"@id\":\"https:\\\/\\\/exaudi.org\\\/es\\\/dia-mundial-refugiado-celam-y-clamor-llaman-al-cuidado-comun\\\/#breadcrumb\",\"itemListElement\":[{\"@type\":\"ListItem\",\"position\":1,\"name\":\"Portada\",\"item\":\"https:\\\/\\\/exaudi.org\\\/es\\\/\"},{\"@type\":\"ListItem\",\"position\":2,\"name\":\"D\u00eda Mundial Refugiado: Mensaje de CELAM y CLAMOR\"}]},{\"@type\":\"WebSite\",\"@id\":\"https:\\\/\\\/exaudi.org\\\/#website\",\"url\":\"https:\\\/\\\/exaudi.org\\\/\",\"name\":\"Exaudi\",\"description\":\"News\",\"potentialAction\":[{\"@type\":\"SearchAction\",\"target\":{\"@type\":\"EntryPoint\",\"urlTemplate\":\"https:\\\/\\\/exaudi.org\\\/?s={search_term_string}\"},\"query-input\":{\"@type\":\"PropertyValueSpecification\",\"valueRequired\":true,\"valueName\":\"search_term_string\"}}],\"inLanguage\":\"es\"},{\"@type\":\"Person\",\"@id\":\"https:\\\/\\\/exaudi.org\\\/#\\\/schema\\\/person\\\/d134b96438278131ce90c90c03fda6cd\",\"name\":\"Gabriel Sales\",\"image\":{\"@type\":\"ImageObject\",\"inLanguage\":\"es\",\"@id\":\"https:\\\/\\\/secure.gravatar.com\\\/avatar\\\/9b1269566f6a063ed26ffb3532b66a373cdde231ce5d0effb266167437fdaffd?s=96&d=mm&r=g\",\"url\":\"https:\\\/\\\/secure.gravatar.com\\\/avatar\\\/9b1269566f6a063ed26ffb3532b66a373cdde231ce5d0effb266167437fdaffd?s=96&d=mm&r=g\",\"contentUrl\":\"https:\\\/\\\/secure.gravatar.com\\\/avatar\\\/9b1269566f6a063ed26ffb3532b66a373cdde231ce5d0effb266167437fdaffd?s=96&d=mm&r=g\",\"caption\":\"Gabriel Sales\"},\"description\":\"Periodista y especialista en Comunicaci\u00f3n y Branding digital. Cin\u00e9filo y cr\u00edtico de cine y series de televisi\u00f3n.\",\"sameAs\":[\"https:\\\/\\\/www.instagram.com\\\/cine90segundos\\\/\",\"www.linkedin.com\\\/in\\\/habemusman\",\"https:\\\/\\\/x.com\\\/habemusman\",\"https:\\\/\\\/www.youtube.com\\\/channel\\\/UCVfCiOMkJ_C7T7OpyjuaLDg\"],\"url\":\"https:\\\/\\\/exaudi.org\\\/es\\\/author\\\/gsalesexaudi-org\\\/\"}]}<\/script>\n<!-- \/ Yoast SEO plugin. -->","yoast_head_json":{"title":"D\u00eda Mundial Refugiado: Mensaje de CELAM y CLAMOR - Exaudi","description":"El Consejo Episcopal Latinoamericano (CELAM) y la Red CLAMOR env\u00edan un mensaje conjunto por la Jornada Mundial del Refugiado y el Migrante.","robots":{"index":"index","follow":"follow","max-snippet":"max-snippet:-1","max-image-preview":"max-image-preview:large","max-video-preview":"max-video-preview:-1"},"canonical":"https:\/\/exaudi.org\/es\/dia-mundial-refugiado-celam-y-clamor-llaman-al-cuidado-comun\/","og_locale":"es_ES","og_type":"article","og_title":"D\u00eda Mundial Refugiado: Mensaje de CELAM y CLAMOR - Exaudi","og_description":"El Consejo Episcopal Latinoamericano (CELAM) y la Red CLAMOR env\u00edan un mensaje conjunto por la Jornada Mundial del Refugiado y el Migrante.","og_url":"https:\/\/exaudi.org\/es\/dia-mundial-refugiado-celam-y-clamor-llaman-al-cuidado-comun\/","og_site_name":"Exaudi","article_publisher":"https:\/\/www.facebook.com\/ExaudiNews","article_published_time":"2021-06-21T08:30:14+00:00","article_modified_time":"2021-06-24T06:30:01+00:00","og_image":[{"width":400,"height":225,"url":"https:\/\/exaudi.org\/wp-content\/uploads\/2021\/06\/vv33444.jpg","type":"image\/jpeg"}],"author":"Gabriel Sales","twitter_card":"summary_large_image","twitter_creator":"@habemusman","twitter_site":"@Exaudi_News","twitter_misc":{"Escrito por":"Gabriel Sales","Tiempo de lectura":"2 minutos"},"schema":{"@context":"https:\/\/schema.org","@graph":[{"@type":"Article","@id":"https:\/\/exaudi.org\/es\/dia-mundial-refugiado-celam-y-clamor-llaman-al-cuidado-comun\/#article","isPartOf":{"@id":"https:\/\/exaudi.org\/es\/dia-mundial-refugiado-celam-y-clamor-llaman-al-cuidado-comun\/"},"author":{"name":"Gabriel Sales","@id":"https:\/\/exaudi.org\/#\/schema\/person\/d134b96438278131ce90c90c03fda6cd"},"headline":"D\u00eda Mundial Refugiado: Mensaje de CELAM y CLAMOR","datePublished":"2021-06-21T08:30:14+00:00","dateModified":"2021-06-24T06:30:01+00:00","mainEntityOfPage":{"@id":"https:\/\/exaudi.org\/es\/dia-mundial-refugiado-celam-y-clamor-llaman-al-cuidado-comun\/"},"wordCount":377,"image":{"@id":"https:\/\/exaudi.org\/es\/dia-mundial-refugiado-celam-y-clamor-llaman-al-cuidado-comun\/#primaryimage"},"thumbnailUrl":"https:\/\/exaudi.org\/wp-content\/uploads\/2021\/06\/vv33444.jpg","keywords":["107\u00aa Jornada Mundial del Migrante y del Refugiado","Consejo Episcopal Latinoamericano (CELAM)","Red CLAMOR"],"articleSection":["Iglesia Local","Justicia y Paz","\u00daltimas noticias"],"inLanguage":"es"},{"@type":"WebPage","@id":"https:\/\/exaudi.org\/es\/dia-mundial-refugiado-celam-y-clamor-llaman-al-cuidado-comun\/","url":"https:\/\/exaudi.org\/es\/dia-mundial-refugiado-celam-y-clamor-llaman-al-cuidado-comun\/","name":"D\u00eda Mundial Refugiado: Mensaje de CELAM y CLAMOR - Exaudi","isPartOf":{"@id":"https:\/\/exaudi.org\/#website"},"primaryImageOfPage":{"@id":"https:\/\/exaudi.org\/es\/dia-mundial-refugiado-celam-y-clamor-llaman-al-cuidado-comun\/#primaryimage"},"image":{"@id":"https:\/\/exaudi.org\/es\/dia-mundial-refugiado-celam-y-clamor-llaman-al-cuidado-comun\/#primaryimage"},"thumbnailUrl":"https:\/\/exaudi.org\/wp-content\/uploads\/2021\/06\/vv33444.jpg","datePublished":"2021-06-21T08:30:14+00:00","dateModified":"2021-06-24T06:30:01+00:00","author":{"@id":"https:\/\/exaudi.org\/#\/schema\/person\/d134b96438278131ce90c90c03fda6cd"},"description":"El Consejo Episcopal Latinoamericano (CELAM) y la Red CLAMOR env\u00edan un mensaje conjunto por la Jornada Mundial del Refugiado y el Migrante.","breadcrumb":{"@id":"https:\/\/exaudi.org\/es\/dia-mundial-refugiado-celam-y-clamor-llaman-al-cuidado-comun\/#breadcrumb"},"inLanguage":"es","potentialAction":[{"@type":"ReadAction","target":["https:\/\/exaudi.org\/es\/dia-mundial-refugiado-celam-y-clamor-llaman-al-cuidado-comun\/"]}]},{"@type":"ImageObject","inLanguage":"es","@id":"https:\/\/exaudi.org\/es\/dia-mundial-refugiado-celam-y-clamor-llaman-al-cuidado-comun\/#primaryimage","url":"https:\/\/exaudi.org\/wp-content\/uploads\/2021\/06\/vv33444.jpg","contentUrl":"https:\/\/exaudi.org\/wp-content\/uploads\/2021\/06\/vv33444.jpg","width":400,"height":225,"caption":"Refugiados \u00a9 Vatican Media"},{"@type":"BreadcrumbList","@id":"https:\/\/exaudi.org\/es\/dia-mundial-refugiado-celam-y-clamor-llaman-al-cuidado-comun\/#breadcrumb","itemListElement":[{"@type":"ListItem","position":1,"name":"Portada","item":"https:\/\/exaudi.org\/es\/"},{"@type":"ListItem","position":2,"name":"D\u00eda Mundial Refugiado: Mensaje de CELAM y CLAMOR"}]},{"@type":"WebSite","@id":"https:\/\/exaudi.org\/#website","url":"https:\/\/exaudi.org\/","name":"Exaudi","description":"News","potentialAction":[{"@type":"SearchAction","target":{"@type":"EntryPoint","urlTemplate":"https:\/\/exaudi.org\/?s={search_term_string}"},"query-input":{"@type":"PropertyValueSpecification","valueRequired":true,"valueName":"search_term_string"}}],"inLanguage":"es"},{"@type":"Person","@id":"https:\/\/exaudi.org\/#\/schema\/person\/d134b96438278131ce90c90c03fda6cd","name":"Gabriel Sales","image":{"@type":"ImageObject","inLanguage":"es","@id":"https:\/\/secure.gravatar.com\/avatar\/9b1269566f6a063ed26ffb3532b66a373cdde231ce5d0effb266167437fdaffd?s=96&d=mm&r=g","url":"https:\/\/secure.gravatar.com\/avatar\/9b1269566f6a063ed26ffb3532b66a373cdde231ce5d0effb266167437fdaffd?s=96&d=mm&r=g","contentUrl":"https:\/\/secure.gravatar.com\/avatar\/9b1269566f6a063ed26ffb3532b66a373cdde231ce5d0effb266167437fdaffd?s=96&d=mm&r=g","caption":"Gabriel Sales"},"description":"Periodista y especialista en Comunicaci\u00f3n y Branding digital. Cin\u00e9filo y cr\u00edtico de cine y series de televisi\u00f3n.","sameAs":["https:\/\/www.instagram.com\/cine90segundos\/","www.linkedin.com\/in\/habemusman","https:\/\/x.com\/habemusman","https:\/\/www.youtube.com\/channel\/UCVfCiOMkJ_C7T7OpyjuaLDg"],"url":"https:\/\/exaudi.org\/es\/author\/gsalesexaudi-org\/"}]}},"jetpack_featured_media_url":"https:\/\/exaudi.org\/wp-content\/uploads\/2021\/06\/vv33444.jpg","jetpack_shortlink":"https:\/\/wp.me\/pgKjF2-63X","_links":{"self":[{"href":"https:\/\/exaudi.org\/es\/wp-json\/wp\/v2\/posts\/23309","targetHints":{"allow":["GET"]}}],"collection":[{"href":"https:\/\/exaudi.org\/es\/wp-json\/wp\/v2\/posts"}],"about":[{"href":"https:\/\/exaudi.org\/es\/wp-json\/wp\/v2\/types\/post"}],"author":[{"embeddable":true,"href":"https:\/\/exaudi.org\/es\/wp-json\/wp\/v2\/users\/6"}],"replies":[{"embeddable":true,"href":"https:\/\/exaudi.org\/es\/wp-json\/wp\/v2\/comments?post=23309"}],"version-history":[{"count":0,"href":"https:\/\/exaudi.org\/es\/wp-json\/wp\/v2\/posts\/23309\/revisions"}],"wp:featuredmedia":[{"embeddable":true,"href":"https:\/\/exaudi.org\/es\/wp-json\/wp\/v2\/media\/23877"}],"wp:attachment":[{"href":"https:\/\/exaudi.org\/es\/wp-json\/wp\/v2\/media?parent=23309"}],"wp:term":[{"taxonomy":"category","embeddable":true,"href":"https:\/\/exaudi.org\/es\/wp-json\/wp\/v2\/categories?post=23309"},{"taxonomy":"post_tag","embeddable":true,"href":"https:\/\/exaudi.org\/es\/wp-json\/wp\/v2\/tags?post=23309"}],"curies":[{"name":"wp","href":"https:\/\/api.w.org\/{rel}","templated":true}]}}