{"id":23308,"date":"2021-06-21T09:30:58","date_gmt":"2021-06-21T07:30:58","guid":{"rendered":"https:\/\/exaudi.org\/?p=17785"},"modified":"2021-06-24T00:42:14","modified_gmt":"2021-06-23T22:42:14","slug":"cuba-obispos-camino-sinodal-papa","status":"publish","type":"post","link":"https:\/\/exaudi.org\/es\/cuba-obispos-camino-sinodal-papa\/","title":{"rendered":"Cuba: Obispos apuestan por el camino sinodal del Papa"},"content":{"rendered":"<p><span style=\"font-weight: 400;\">Del 14 al 18 de junio de 2021, los <a href=\"https:\/\/www.iglesiacubana.org\/cocc\/index.php\" target=\"_blank\" rel=\"noopener noreferrer\">obispos cat\u00f3licos de Cuba<\/a> (COCC) tuvieron en la Casa Sacerdotal San Juan Mar\u00eda Vianney de La Habana, una <a href=\"https:\/\/exaudi.org\/es\/cuba-mensaje-de-los-obispos-tras-su-157-asamblea-ordinaria\/\" target=\"_blank\" rel=\"noopener noreferrer\">Asamblea plenaria extraordinaria<\/a> en la que participaron los prelados que la integran y el Nuncio Apost\u00f3lico. Durante los trabajos, la Conferencia Episcopal ha tratado el llamado del Papa Francisco al camino sinodal, la situaci\u00f3n del pueblo de Dios frente a la pandemia y la problem\u00e1tica familiar.<\/span><\/p>\n<h4><strong>Contenido de la Asamblea plenaria<\/strong><\/h4>\n<p><span style=\"font-weight: 400;\">Seg\u00fan informa la propia (COCC), en la Asamblea se ha prestado especial atenci\u00f3n a la \u201cconvocatoria, por parte del Santo Padre Francisco, para toda la Iglesia, de un proceso sinodal que, \u2018desde abajo hacia arriba\u2019, colocar\u00e1 a la totalidad del pueblo de Dios a escuchar al Esp\u00edritu Santo y entre nosotros, para descubrir y concretar el querer de Dios para su Iglesia en este momento de la historia\u201d.<\/span><\/p>\n<p><span style=\"font-weight: 400;\">Del mismo modo, se ha analizado la \u201cvida de las comunidades cat\u00f3licas y del pueblo cubano, en este per\u00edodo marcado por la pandemia y por un agravamiento de la situaci\u00f3n econ\u00f3mica de la naci\u00f3n, con sus inevitables consecuencias para el tejido social\u201d.<\/span><\/p>\n<p><span style=\"font-weight: 400;\">En esta l\u00ednea, los obispos han revisado \u201clas implicaciones de estos elementos en la vida de los agentes pastorales, parroquias y comunidades. Y han puesto en com\u00fan iniciativas y experiencias que han ido surgiendo en las distintas di\u00f3cesis para afrontar los desaf\u00edos que de ellos se derivan\u201d.<\/span><\/p>\n<p><span style=\"font-weight: 400;\">La COCC tambi\u00e9n cuenta que ha considerado la \u201cproblem\u00e1tica familiar\u201d y se ha hecho \u201ceco de las preocupaciones de tantas familias, cat\u00f3licas o no, que se han dirigido a los pastores pidiendo una palabra de iluminaci\u00f3n y esperanza\u201d.<\/span><\/p>\n<h4><strong>Formaci\u00f3n sacerdotal y diaconal<\/strong><\/h4>\n<p><span style=\"font-weight: 400;\">Los prelados cubanos tambi\u00e9n han estudiado lo referente a la Ratio Nacional de la formaci\u00f3n de candidatos al sacerdocio y diaconado permanente. Han revisado cuestiones relacionadas con el calendario lit\u00fargico, para que tenga en cuenta fiestas y Santos de gran devoci\u00f3n popular y la futura promulgaci\u00f3n de misales y leccionarios que, cumpliendo las normativas eclesi\u00e1sticas, sean adaptados al lenguaje y estilo que entiende nuestro pueblo.<\/span><\/p>\n<h4><strong>Participaci\u00f3n<\/strong><\/h4>\n<p><span style=\"font-weight: 400;\">En el curso de la Asamblea plenaria extraordinaria del Episcopado cubano particip\u00f3, por primera vez, monse\u00f1or Marcos Pir\u00e1n, obispo auxiliar de Holgu\u00edn, quien recibi\u00f3 la consagraci\u00f3n episcopal el 15 de mayo. Asimismo, se ha despedido a Mons. Jos\u00e9 F\u00e9lix P\u00e9rez Riera, secretario adjunto de la Conferencia durante 28 a\u00f1os. Tambi\u00e9n se ha dado la bienvenida al padre Ariel Su\u00e1rez J\u00e1uregui, sustituto en este cargo.<\/span><\/p>\n","protected":false},"excerpt":{"rendered":"<p>Asamblea extraordinaria del Episcopado<\/p>\n","protected":false},"author":6,"featured_media":23709,"comment_status":"closed","ping_status":"closed","sticky":false,"template":"","format":"standard","meta":{"_acf_changed":false,"_crdt_document":"","inline_featured_image":false,"footnotes":""},"categories":[86,298],"tags":[1901,722,3007],"class_list":["post-23308","post","type-post","status-publish","format-standard","has-post-thumbnail","hentry","category-iglesia-local","category-ultimas-noticias","tag-asamblea-plenaria","tag-conferencia-episcopal-de-cuba","tag-sinodalidad-es"],"acf":[],"yoast_head":"<!-- This site is optimized with the Yoast SEO plugin v27.5 - https:\/\/yoast.com\/product\/yoast-seo-wordpress\/ -->\n<title>Cuba: Obispos apuestan por el camino sinodal del Papa - Exaudi<\/title>\n<meta name=\"description\" content=\"Tras su Asamblea plenaria extraordinaria en La Habana, los obispos cat\u00f3licos de Cuba se han echo eco del camino sinodal del Papa Francisco.\" \/>\n<meta name=\"robots\" content=\"index, follow, max-snippet:-1, max-image-preview:large, max-video-preview:-1\" \/>\n<link rel=\"canonical\" href=\"https:\/\/exaudi.org\/es\/cuba-obispos-camino-sinodal-papa\/\" \/>\n<meta property=\"og:locale\" content=\"es_ES\" \/>\n<meta property=\"og:type\" content=\"article\" \/>\n<meta property=\"og:title\" content=\"Cuba: Obispos apuestan por el camino sinodal del Papa - Exaudi\" \/>\n<meta property=\"og:description\" content=\"Tras su Asamblea plenaria extraordinaria en La Habana, los obispos cat\u00f3licos de Cuba se han echo eco del camino sinodal del Papa Francisco.\" \/>\n<meta property=\"og:url\" content=\"https:\/\/exaudi.org\/es\/cuba-obispos-camino-sinodal-papa\/\" \/>\n<meta property=\"og:site_name\" content=\"Exaudi\" \/>\n<meta property=\"article:publisher\" content=\"https:\/\/www.facebook.com\/ExaudiNews\" \/>\n<meta property=\"article:published_time\" content=\"2021-06-21T07:30:58+00:00\" \/>\n<meta property=\"article:modified_time\" content=\"2021-06-23T22:42:14+00:00\" \/>\n<meta property=\"og:image\" content=\"https:\/\/exaudi.org\/wp-content\/uploads\/2021\/06\/cuba-768x432-1.jpg\" \/>\n\t<meta property=\"og:image:width\" content=\"768\" \/>\n\t<meta property=\"og:image:height\" content=\"432\" \/>\n\t<meta property=\"og:image:type\" content=\"image\/jpeg\" \/>\n<meta name=\"author\" content=\"Gabriel Sales\" \/>\n<meta name=\"twitter:card\" content=\"summary_large_image\" \/>\n<meta name=\"twitter:creator\" content=\"@habemusman\" \/>\n<meta name=\"twitter:site\" content=\"@Exaudi_News\" \/>\n<meta name=\"twitter:label1\" content=\"Escrito por\" \/>\n\t<meta name=\"twitter:data1\" content=\"Gabriel Sales\" \/>\n\t<meta name=\"twitter:label2\" content=\"Tiempo de lectura\" \/>\n\t<meta name=\"twitter:data2\" content=\"2 minutos\" \/>\n<script type=\"application\/ld+json\" class=\"yoast-schema-graph\">{\"@context\":\"https:\\\/\\\/schema.org\",\"@graph\":[{\"@type\":\"Article\",\"@id\":\"https:\\\/\\\/exaudi.org\\\/es\\\/cuba-obispos-camino-sinodal-papa\\\/#article\",\"isPartOf\":{\"@id\":\"https:\\\/\\\/exaudi.org\\\/es\\\/cuba-obispos-camino-sinodal-papa\\\/\"},\"author\":{\"name\":\"Gabriel Sales\",\"@id\":\"https:\\\/\\\/exaudi.org\\\/#\\\/schema\\\/person\\\/d134b96438278131ce90c90c03fda6cd\"},\"headline\":\"Cuba: Obispos apuestan por el camino sinodal del Papa\",\"datePublished\":\"2021-06-21T07:30:58+00:00\",\"dateModified\":\"2021-06-23T22:42:14+00:00\",\"mainEntityOfPage\":{\"@id\":\"https:\\\/\\\/exaudi.org\\\/es\\\/cuba-obispos-camino-sinodal-papa\\\/\"},\"wordCount\":450,\"image\":{\"@id\":\"https:\\\/\\\/exaudi.org\\\/es\\\/cuba-obispos-camino-sinodal-papa\\\/#primaryimage\"},\"thumbnailUrl\":\"https:\\\/\\\/exaudi.org\\\/wp-content\\\/uploads\\\/2021\\\/06\\\/cuba-768x432-1.jpg\",\"keywords\":[\"Asamblea Plenaria\",\"Conferencia Episcopal de Cuba\",\"Sinodalidad\"],\"articleSection\":[\"Iglesia Local\",\"\u00daltimas noticias\"],\"inLanguage\":\"es\"},{\"@type\":\"WebPage\",\"@id\":\"https:\\\/\\\/exaudi.org\\\/es\\\/cuba-obispos-camino-sinodal-papa\\\/\",\"url\":\"https:\\\/\\\/exaudi.org\\\/es\\\/cuba-obispos-camino-sinodal-papa\\\/\",\"name\":\"Cuba: Obispos apuestan por el camino sinodal del Papa - Exaudi\",\"isPartOf\":{\"@id\":\"https:\\\/\\\/exaudi.org\\\/#website\"},\"primaryImageOfPage\":{\"@id\":\"https:\\\/\\\/exaudi.org\\\/es\\\/cuba-obispos-camino-sinodal-papa\\\/#primaryimage\"},\"image\":{\"@id\":\"https:\\\/\\\/exaudi.org\\\/es\\\/cuba-obispos-camino-sinodal-papa\\\/#primaryimage\"},\"thumbnailUrl\":\"https:\\\/\\\/exaudi.org\\\/wp-content\\\/uploads\\\/2021\\\/06\\\/cuba-768x432-1.jpg\",\"datePublished\":\"2021-06-21T07:30:58+00:00\",\"dateModified\":\"2021-06-23T22:42:14+00:00\",\"author\":{\"@id\":\"https:\\\/\\\/exaudi.org\\\/#\\\/schema\\\/person\\\/d134b96438278131ce90c90c03fda6cd\"},\"description\":\"Tras su Asamblea plenaria extraordinaria en La Habana, los obispos cat\u00f3licos de Cuba se han echo eco del camino sinodal del Papa Francisco.\",\"breadcrumb\":{\"@id\":\"https:\\\/\\\/exaudi.org\\\/es\\\/cuba-obispos-camino-sinodal-papa\\\/#breadcrumb\"},\"inLanguage\":\"es\",\"potentialAction\":[{\"@type\":\"ReadAction\",\"target\":[\"https:\\\/\\\/exaudi.org\\\/es\\\/cuba-obispos-camino-sinodal-papa\\\/\"]}]},{\"@type\":\"ImageObject\",\"inLanguage\":\"es\",\"@id\":\"https:\\\/\\\/exaudi.org\\\/es\\\/cuba-obispos-camino-sinodal-papa\\\/#primaryimage\",\"url\":\"https:\\\/\\\/exaudi.org\\\/wp-content\\\/uploads\\\/2021\\\/06\\\/cuba-768x432-1.jpg\",\"contentUrl\":\"https:\\\/\\\/exaudi.org\\\/wp-content\\\/uploads\\\/2021\\\/06\\\/cuba-768x432-1.jpg\",\"width\":768,\"height\":432},{\"@type\":\"BreadcrumbList\",\"@id\":\"https:\\\/\\\/exaudi.org\\\/es\\\/cuba-obispos-camino-sinodal-papa\\\/#breadcrumb\",\"itemListElement\":[{\"@type\":\"ListItem\",\"position\":1,\"name\":\"Portada\",\"item\":\"https:\\\/\\\/exaudi.org\\\/es\\\/\"},{\"@type\":\"ListItem\",\"position\":2,\"name\":\"Cuba: Obispos apuestan por el camino sinodal del Papa\"}]},{\"@type\":\"WebSite\",\"@id\":\"https:\\\/\\\/exaudi.org\\\/#website\",\"url\":\"https:\\\/\\\/exaudi.org\\\/\",\"name\":\"Exaudi\",\"description\":\"News\",\"potentialAction\":[{\"@type\":\"SearchAction\",\"target\":{\"@type\":\"EntryPoint\",\"urlTemplate\":\"https:\\\/\\\/exaudi.org\\\/?s={search_term_string}\"},\"query-input\":{\"@type\":\"PropertyValueSpecification\",\"valueRequired\":true,\"valueName\":\"search_term_string\"}}],\"inLanguage\":\"es\"},{\"@type\":\"Person\",\"@id\":\"https:\\\/\\\/exaudi.org\\\/#\\\/schema\\\/person\\\/d134b96438278131ce90c90c03fda6cd\",\"name\":\"Gabriel Sales\",\"image\":{\"@type\":\"ImageObject\",\"inLanguage\":\"es\",\"@id\":\"https:\\\/\\\/secure.gravatar.com\\\/avatar\\\/9b1269566f6a063ed26ffb3532b66a373cdde231ce5d0effb266167437fdaffd?s=96&d=mm&r=g\",\"url\":\"https:\\\/\\\/secure.gravatar.com\\\/avatar\\\/9b1269566f6a063ed26ffb3532b66a373cdde231ce5d0effb266167437fdaffd?s=96&d=mm&r=g\",\"contentUrl\":\"https:\\\/\\\/secure.gravatar.com\\\/avatar\\\/9b1269566f6a063ed26ffb3532b66a373cdde231ce5d0effb266167437fdaffd?s=96&d=mm&r=g\",\"caption\":\"Gabriel Sales\"},\"description\":\"Periodista y especialista en Comunicaci\u00f3n y Branding digital. Cin\u00e9filo y cr\u00edtico de cine y series de televisi\u00f3n.\",\"sameAs\":[\"https:\\\/\\\/www.instagram.com\\\/cine90segundos\\\/\",\"www.linkedin.com\\\/in\\\/habemusman\",\"https:\\\/\\\/x.com\\\/habemusman\",\"https:\\\/\\\/www.youtube.com\\\/channel\\\/UCVfCiOMkJ_C7T7OpyjuaLDg\"],\"url\":\"https:\\\/\\\/exaudi.org\\\/es\\\/author\\\/gsalesexaudi-org\\\/\"}]}<\/script>\n<!-- \/ Yoast SEO plugin. -->","yoast_head_json":{"title":"Cuba: Obispos apuestan por el camino sinodal del Papa - Exaudi","description":"Tras su Asamblea plenaria extraordinaria en La Habana, los obispos cat\u00f3licos de Cuba se han echo eco del camino sinodal del Papa Francisco.","robots":{"index":"index","follow":"follow","max-snippet":"max-snippet:-1","max-image-preview":"max-image-preview:large","max-video-preview":"max-video-preview:-1"},"canonical":"https:\/\/exaudi.org\/es\/cuba-obispos-camino-sinodal-papa\/","og_locale":"es_ES","og_type":"article","og_title":"Cuba: Obispos apuestan por el camino sinodal del Papa - Exaudi","og_description":"Tras su Asamblea plenaria extraordinaria en La Habana, los obispos cat\u00f3licos de Cuba se han echo eco del camino sinodal del Papa Francisco.","og_url":"https:\/\/exaudi.org\/es\/cuba-obispos-camino-sinodal-papa\/","og_site_name":"Exaudi","article_publisher":"https:\/\/www.facebook.com\/ExaudiNews","article_published_time":"2021-06-21T07:30:58+00:00","article_modified_time":"2021-06-23T22:42:14+00:00","og_image":[{"width":768,"height":432,"url":"https:\/\/exaudi.org\/wp-content\/uploads\/2021\/06\/cuba-768x432-1.jpg","type":"image\/jpeg"}],"author":"Gabriel Sales","twitter_card":"summary_large_image","twitter_creator":"@habemusman","twitter_site":"@Exaudi_News","twitter_misc":{"Escrito por":"Gabriel Sales","Tiempo de lectura":"2 minutos"},"schema":{"@context":"https:\/\/schema.org","@graph":[{"@type":"Article","@id":"https:\/\/exaudi.org\/es\/cuba-obispos-camino-sinodal-papa\/#article","isPartOf":{"@id":"https:\/\/exaudi.org\/es\/cuba-obispos-camino-sinodal-papa\/"},"author":{"name":"Gabriel Sales","@id":"https:\/\/exaudi.org\/#\/schema\/person\/d134b96438278131ce90c90c03fda6cd"},"headline":"Cuba: Obispos apuestan por el camino sinodal del Papa","datePublished":"2021-06-21T07:30:58+00:00","dateModified":"2021-06-23T22:42:14+00:00","mainEntityOfPage":{"@id":"https:\/\/exaudi.org\/es\/cuba-obispos-camino-sinodal-papa\/"},"wordCount":450,"image":{"@id":"https:\/\/exaudi.org\/es\/cuba-obispos-camino-sinodal-papa\/#primaryimage"},"thumbnailUrl":"https:\/\/exaudi.org\/wp-content\/uploads\/2021\/06\/cuba-768x432-1.jpg","keywords":["Asamblea Plenaria","Conferencia Episcopal de Cuba","Sinodalidad"],"articleSection":["Iglesia Local","\u00daltimas noticias"],"inLanguage":"es"},{"@type":"WebPage","@id":"https:\/\/exaudi.org\/es\/cuba-obispos-camino-sinodal-papa\/","url":"https:\/\/exaudi.org\/es\/cuba-obispos-camino-sinodal-papa\/","name":"Cuba: Obispos apuestan por el camino sinodal del Papa - Exaudi","isPartOf":{"@id":"https:\/\/exaudi.org\/#website"},"primaryImageOfPage":{"@id":"https:\/\/exaudi.org\/es\/cuba-obispos-camino-sinodal-papa\/#primaryimage"},"image":{"@id":"https:\/\/exaudi.org\/es\/cuba-obispos-camino-sinodal-papa\/#primaryimage"},"thumbnailUrl":"https:\/\/exaudi.org\/wp-content\/uploads\/2021\/06\/cuba-768x432-1.jpg","datePublished":"2021-06-21T07:30:58+00:00","dateModified":"2021-06-23T22:42:14+00:00","author":{"@id":"https:\/\/exaudi.org\/#\/schema\/person\/d134b96438278131ce90c90c03fda6cd"},"description":"Tras su Asamblea plenaria extraordinaria en La Habana, los obispos cat\u00f3licos de Cuba se han echo eco del camino sinodal del Papa Francisco.","breadcrumb":{"@id":"https:\/\/exaudi.org\/es\/cuba-obispos-camino-sinodal-papa\/#breadcrumb"},"inLanguage":"es","potentialAction":[{"@type":"ReadAction","target":["https:\/\/exaudi.org\/es\/cuba-obispos-camino-sinodal-papa\/"]}]},{"@type":"ImageObject","inLanguage":"es","@id":"https:\/\/exaudi.org\/es\/cuba-obispos-camino-sinodal-papa\/#primaryimage","url":"https:\/\/exaudi.org\/wp-content\/uploads\/2021\/06\/cuba-768x432-1.jpg","contentUrl":"https:\/\/exaudi.org\/wp-content\/uploads\/2021\/06\/cuba-768x432-1.jpg","width":768,"height":432},{"@type":"BreadcrumbList","@id":"https:\/\/exaudi.org\/es\/cuba-obispos-camino-sinodal-papa\/#breadcrumb","itemListElement":[{"@type":"ListItem","position":1,"name":"Portada","item":"https:\/\/exaudi.org\/es\/"},{"@type":"ListItem","position":2,"name":"Cuba: Obispos apuestan por el camino sinodal del Papa"}]},{"@type":"WebSite","@id":"https:\/\/exaudi.org\/#website","url":"https:\/\/exaudi.org\/","name":"Exaudi","description":"News","potentialAction":[{"@type":"SearchAction","target":{"@type":"EntryPoint","urlTemplate":"https:\/\/exaudi.org\/?s={search_term_string}"},"query-input":{"@type":"PropertyValueSpecification","valueRequired":true,"valueName":"search_term_string"}}],"inLanguage":"es"},{"@type":"Person","@id":"https:\/\/exaudi.org\/#\/schema\/person\/d134b96438278131ce90c90c03fda6cd","name":"Gabriel Sales","image":{"@type":"ImageObject","inLanguage":"es","@id":"https:\/\/secure.gravatar.com\/avatar\/9b1269566f6a063ed26ffb3532b66a373cdde231ce5d0effb266167437fdaffd?s=96&d=mm&r=g","url":"https:\/\/secure.gravatar.com\/avatar\/9b1269566f6a063ed26ffb3532b66a373cdde231ce5d0effb266167437fdaffd?s=96&d=mm&r=g","contentUrl":"https:\/\/secure.gravatar.com\/avatar\/9b1269566f6a063ed26ffb3532b66a373cdde231ce5d0effb266167437fdaffd?s=96&d=mm&r=g","caption":"Gabriel Sales"},"description":"Periodista y especialista en Comunicaci\u00f3n y Branding digital. Cin\u00e9filo y cr\u00edtico de cine y series de televisi\u00f3n.","sameAs":["https:\/\/www.instagram.com\/cine90segundos\/","www.linkedin.com\/in\/habemusman","https:\/\/x.com\/habemusman","https:\/\/www.youtube.com\/channel\/UCVfCiOMkJ_C7T7OpyjuaLDg"],"url":"https:\/\/exaudi.org\/es\/author\/gsalesexaudi-org\/"}]}},"jetpack_featured_media_url":"https:\/\/exaudi.org\/wp-content\/uploads\/2021\/06\/cuba-768x432-1.jpg","jetpack_shortlink":"https:\/\/wp.me\/pgKjF2-63W","_links":{"self":[{"href":"https:\/\/exaudi.org\/es\/wp-json\/wp\/v2\/posts\/23308","targetHints":{"allow":["GET"]}}],"collection":[{"href":"https:\/\/exaudi.org\/es\/wp-json\/wp\/v2\/posts"}],"about":[{"href":"https:\/\/exaudi.org\/es\/wp-json\/wp\/v2\/types\/post"}],"author":[{"embeddable":true,"href":"https:\/\/exaudi.org\/es\/wp-json\/wp\/v2\/users\/6"}],"replies":[{"embeddable":true,"href":"https:\/\/exaudi.org\/es\/wp-json\/wp\/v2\/comments?post=23308"}],"version-history":[{"count":0,"href":"https:\/\/exaudi.org\/es\/wp-json\/wp\/v2\/posts\/23308\/revisions"}],"wp:featuredmedia":[{"embeddable":true,"href":"https:\/\/exaudi.org\/es\/wp-json\/wp\/v2\/media\/23709"}],"wp:attachment":[{"href":"https:\/\/exaudi.org\/es\/wp-json\/wp\/v2\/media?parent=23308"}],"wp:term":[{"taxonomy":"category","embeddable":true,"href":"https:\/\/exaudi.org\/es\/wp-json\/wp\/v2\/categories?post=23308"},{"taxonomy":"post_tag","embeddable":true,"href":"https:\/\/exaudi.org\/es\/wp-json\/wp\/v2\/tags?post=23308"}],"curies":[{"name":"wp","href":"https:\/\/api.w.org\/{rel}","templated":true}]}}