{"id":23181,"date":"2021-06-18T13:39:43","date_gmt":"2021-06-18T11:39:43","guid":{"rendered":"https:\/\/exaudi.org\/?p=23181"},"modified":"2021-06-18T17:23:33","modified_gmt":"2021-06-18T15:23:33","slug":"limosneria-apostolica-dona-respiradores-paises-vulnerables","status":"publish","type":"post","link":"https:\/\/exaudi.org\/es\/limosneria-apostolica-dona-respiradores-paises-vulnerables\/","title":{"rendered":"Limosner\u00eda Apost\u00f3lica dona respiradores a pa\u00edses vulnerables"},"content":{"rendered":"<p><span style=\"font-weight: 400\">La Limosner\u00eda Apost\u00f3lica envi\u00f3 respiradores el jueves 17 de junio de 2021, por v\u00eda diplom\u00e1tica a pa\u00edses necesitados como Argentina, Chile, Bolivia, Brasil, India, Sud\u00e1frica, Siria y Pap\u00faa Nueva Guinea. Tal y como ha informado Vatican News, las Nunciaturas se encargar\u00e1n de la distribuci\u00f3n de las unidades de asistencia.<\/span><\/p>\n<p><span style=\"font-weight: 400\">Mientras procede intensamente la campa\u00f1a de vacunaci\u00f3n en los pa\u00edses m\u00e1s desarrollados, comenta el medio vaticano, la emergencia sanitaria permanece a\u00fan fuerte en muchas zonas del mundo m\u00e1s pobres. La labor de la Limosner\u00eda Apost\u00f3lica no cesa y contin\u00faa poniendo todos sus esfuerzos en ayudar a los m\u00e1s necesitados.<\/span><\/p>\n<p><span style=\"font-weight: 400\">Tal es as\u00ed que, este 18 de junio, tras haber comprado otra producci\u00f3n de respiradores pulmonares, los envi\u00f3, junto a otro material m\u00e9dico-sanitario, a algunas naciones urgidas de los dispositivos salvavidas.\u00a0<\/span><span style=\"font-weight: 400\">El env\u00edo se realiz\u00f3 a trav\u00e9s de correo diplom\u00e1tico y llegar\u00e1n a las respectivas Nunciaturas, que proceder\u00e1n a distribuirlos a los centros hospitalarios por ellas identificados.\u00a0<\/span><\/p>\n<p><span style=\"font-weight: 400\">En Am\u00e9rica Latina fueron mandados seis equipos a Brasil, cinco a Colombia, cinco a Argentina, cuatro a Chile y tres a Bolivia. Asimismo, se enviaron seis a India, cuatro a Sud\u00e1frica, tres a Siria y dos a Pap\u00faa Nueva Guinea.\u00a0<\/span><\/p>\n<p><span style=\"font-weight: 400\">Cabe destacar que no es la primera vez que se realizan este tipo de env\u00edos a los pa\u00edses m\u00e1s vulnerables. La Limosner\u00eda Apost\u00f3lica, por mandato del Sumo Pont\u00edfice, adem\u00e1s de realizar estas donaciones, ha estado profundamente empe\u00f1ada en la <a href=\"https:\/\/exaudi.org\/es\/finaliza-vacunacion-pobres-vaticano-2021\/\" target=\"_blank\" rel=\"noopener noreferrer\">campa\u00f1a de vacunaci\u00f3n de personas sin hogar en el Vaticano<\/a>, procur\u00e1ndoles tambi\u00e9n cuidados, a trav\u00e9s de su ambulatorio, adem\u00e1s de una serie de ayudas dedicadas a las personas pobres y sin hogar del mundo entero.<\/span><\/p>\n<h4><strong>Apoyo a los pa\u00edses m\u00e1s pobres<\/strong><\/h4>\n<p>Dado que actualmente solo los Estados pueden comprar vacunas, la Limosner\u00eda ha estado emprendiendo negociaciones diplom\u00e1ticas con el fin de ayudar a los pa\u00edses m\u00e1s necesitados en los que urge la aplicaci\u00f3n de la dosis, especialmente los de \u00c1frica y Asia.<\/p>\n<p>\u201cEl dinero recaudado a trav\u00e9s de la &#8216;vacuna en espera&#8217;, donativo que se puede hacer en la p\u00e1gina web de la Limosner\u00eda, las ofrendas de muchas personas al Santo Padre y la contribuci\u00f3n de hospitales como el Instituto Spallanzani de Roma, se enviar\u00e1 a los nuncios apost\u00f3licos, que comprar\u00e1n las dosis\u201d, apunt\u00f3 Konrad Krajewski, lismonero de Su Santidad.<\/p>\n<p>El cardenal polaco reiter\u00f3 que \u201cson pa\u00edses como Madagascar, Venezuela y Ecuador e India\u201d los destinatarios de las donaciones. De este dinero, aclara, \u201csolo podr\u00edamos utilizar una parte porque la vacuna no se puede comprar en el mercado, y por eso empezaremos a enviar dinero a estos pa\u00edses, especialmente en \u00c1frica, donde los nuncios pueden comprarla\u201d.<\/p>\n<div class=\"article__text \">\n<p>La accesibilidad universal a las vacunas ha sido reiterada en varias ocasiones por Francisco, preocupado por la \u201cbrecha de dosis\u201d entre los pa\u00edses m\u00e1s ricos y el resto del mundo. Desde el comienzo de la pandemia, el Pont\u00edfice ha tratado de ayudar, a trav\u00e9s de la <a href=\"https:\/\/www.elemosineria.va\/?lang=es\" target=\"_blank\" rel=\"noopener noreferrer\">Limosner\u00eda Apost\u00f3lica<\/a>, a las personas que se encuentran marginadas del sistema, ofreci\u00e9ndoles atenci\u00f3n atendidos en las instalaciones cercanas al Vaticano, como el ambulatorio del p\u00f3rtico de la Plaza de San Pedro o mediante la <a href=\"https:\/\/exaudi.org\/es\/colombia-papa-dona-material-medico-enfermos-covid-2021\/\" target=\"_blank\" rel=\"noopener noreferrer\">donaci\u00f3n de material m\u00e9dico<\/a> y respiratorio a los pa\u00edses m\u00e1s pobres.<\/p>\n<h4><strong>Limosner\u00eda Apost\u00f3lica<\/strong><\/h4>\n<p>Seg\u00fan describe el Vaticano, la Limosner\u00eda Apost\u00f3lica es la Oficina de la Santa Sede que tiene la tarea de practicar la caridad a favor de los pobres en nombre del Sumo Pont\u00edfice.\u00a0Este uso se remonta a los primeros siglos de la Iglesia, y formaba parte de las competencias directas de los Di\u00e1conos.<\/p>\n<p>M\u00e1s tarde, tal encargo fue ejercitado por uno o m\u00e1s miembros de la familia de los distintos Pont\u00edfices sin una especial dignidad jer\u00e1rquica o prelaticia, la cual fue concedida despu\u00e9s. En una Bula de Inocencia III (1198-1216) se habla del Limosnero como cargo ya existente. El primer Papa en organizar la Limosner\u00eda Apost\u00f3lica fue el Beato Gregorio X (1271-1276) el cual estableci\u00f3 sus atribuciones.<\/p>\n<p>Tambi\u00e9n Alejandro V con una Bula de 1409 regul\u00f3 las formalidades y normas de la Limosner\u00eda, que ha siempre llevado a cabo sus actividades gracias a los esfuerzos continuos de los Romanos Pont\u00edfices. El\u00a0Limosnero de Su Santidad\u00a0tiene dignidad arzobispal, es parte de la Casa Pontificia y, como tal, participa en las celebraciones lit\u00fargicas y en las audiencias oficiales del Santo Padre.<\/p>\n<p>El Papa Le\u00f3n XIII, con el objetivo es fomentar la recaudaci\u00f3n de fondos para obras de caridad confiadas a la Limosner\u00eda, deleg\u00f3 al Limosnero la facultad de conceder la Bendici\u00f3n Apost\u00f3lica por medio de diplomas en papel pergamino, los cuales, para ser aut\u00e9nticos, deben estar firmados por el Limosnero y llevar el sello en relieve de su Oficina.<\/p>\n<p>Se debe tener presente que los\u00a0costos se\u00f1alados\u00a0para la concesi\u00f3n de la Bendici\u00f3n Papal son \u00fanicamente para hacer frente a los gastos del diploma, la preparaci\u00f3n y la expedici\u00f3n del mismo y a\u00a0una aportaci\u00f3n para las obras de caridad del Papa.<\/p>\n<p>Todos los ingresos recibidos por la Limosner\u00eda Apost\u00f3lica, como contribuci\u00f3n a la obtenci\u00f3n de los pergaminos con la Bendici\u00f3n, se dedica en su totalidad a la acci\u00f3n ben\u00e9fica que esta Oficina practica a favor de \u00a0los necesitados, que cotidianamente solicitan la colaboraci\u00f3n del Sucesor de Pedro.<\/p>\n<\/div>\n","protected":false},"excerpt":{"rendered":"<p>Distribuidos por las Nunciaturas<\/p>\n","protected":false},"author":6,"featured_media":23189,"comment_status":"closed","ping_status":"closed","sticky":false,"template":"","format":"standard","meta":{"_acf_changed":false,"_crdt_document":"","inline_featured_image":false,"footnotes":""},"categories":[132],"tags":[541,2419,1248,158,2942],"class_list":["post-23181","post","type-post","status-publish","format-standard","has-post-thumbnail","hentry","category-vaticano-es","tag-covid-19","tag-featured","tag-limosneria-apostolica","tag-papa-francisco","tag-respiradores"],"acf":[],"yoast_head":"<!-- This site is optimized with the Yoast SEO plugin v27.5 - https:\/\/yoast.com\/product\/yoast-seo-wordpress\/ -->\n<title>Limosner\u00eda Apost\u00f3lica dona respiradores a pa\u00edses vulnerables - Exaudi<\/title>\n<meta name=\"description\" content=\"La Limosner\u00eda Apost\u00f3lica ha mandado varios equipos de respiradores a los pa\u00edses m\u00e1s necesitados del mundo, urgidos de los aparatos salvavidas\" \/>\n<meta name=\"robots\" content=\"index, follow, max-snippet:-1, max-image-preview:large, max-video-preview:-1\" \/>\n<link rel=\"canonical\" href=\"https:\/\/exaudi.org\/es\/limosneria-apostolica-dona-respiradores-paises-vulnerables\/\" \/>\n<meta property=\"og:locale\" content=\"es_ES\" \/>\n<meta property=\"og:type\" content=\"article\" \/>\n<meta property=\"og:title\" content=\"Limosner\u00eda Apost\u00f3lica dona respiradores a pa\u00edses vulnerables - Exaudi\" \/>\n<meta property=\"og:description\" content=\"La Limosner\u00eda Apost\u00f3lica ha mandado varios equipos de respiradores a los pa\u00edses m\u00e1s necesitados del mundo, urgidos de los aparatos salvavidas\" \/>\n<meta property=\"og:url\" content=\"https:\/\/exaudi.org\/es\/limosneria-apostolica-dona-respiradores-paises-vulnerables\/\" \/>\n<meta property=\"og:site_name\" content=\"Exaudi\" \/>\n<meta property=\"article:publisher\" content=\"https:\/\/www.facebook.com\/ExaudiNews\" \/>\n<meta property=\"article:published_time\" content=\"2021-06-18T11:39:43+00:00\" \/>\n<meta property=\"article:modified_time\" content=\"2021-06-18T15:23:33+00:00\" \/>\n<meta property=\"og:image\" content=\"https:\/\/exaudi.org\/wp-content\/uploads\/2021\/06\/233vvv.jpeg\" \/>\n\t<meta property=\"og:image:width\" content=\"1455\" \/>\n\t<meta property=\"og:image:height\" content=\"819\" \/>\n\t<meta property=\"og:image:type\" content=\"image\/jpeg\" \/>\n<meta name=\"author\" content=\"Gabriel Sales\" \/>\n<meta name=\"twitter:card\" content=\"summary_large_image\" \/>\n<meta name=\"twitter:creator\" content=\"@habemusman\" \/>\n<meta name=\"twitter:site\" content=\"@Exaudi_News\" \/>\n<meta name=\"twitter:label1\" content=\"Escrito por\" \/>\n\t<meta name=\"twitter:data1\" content=\"Gabriel Sales\" \/>\n\t<meta name=\"twitter:label2\" content=\"Tiempo de lectura\" \/>\n\t<meta name=\"twitter:data2\" content=\"4 minutos\" \/>\n<script type=\"application\/ld+json\" class=\"yoast-schema-graph\">{\"@context\":\"https:\\\/\\\/schema.org\",\"@graph\":[{\"@type\":\"Article\",\"@id\":\"https:\\\/\\\/exaudi.org\\\/es\\\/limosneria-apostolica-dona-respiradores-paises-vulnerables\\\/#article\",\"isPartOf\":{\"@id\":\"https:\\\/\\\/exaudi.org\\\/es\\\/limosneria-apostolica-dona-respiradores-paises-vulnerables\\\/\"},\"author\":{\"name\":\"Gabriel Sales\",\"@id\":\"https:\\\/\\\/exaudi.org\\\/#\\\/schema\\\/person\\\/d134b96438278131ce90c90c03fda6cd\"},\"headline\":\"Limosner\u00eda Apost\u00f3lica dona respiradores a pa\u00edses vulnerables\",\"datePublished\":\"2021-06-18T11:39:43+00:00\",\"dateModified\":\"2021-06-18T15:23:33+00:00\",\"mainEntityOfPage\":{\"@id\":\"https:\\\/\\\/exaudi.org\\\/es\\\/limosneria-apostolica-dona-respiradores-paises-vulnerables\\\/\"},\"wordCount\":966,\"image\":{\"@id\":\"https:\\\/\\\/exaudi.org\\\/es\\\/limosneria-apostolica-dona-respiradores-paises-vulnerables\\\/#primaryimage\"},\"thumbnailUrl\":\"https:\\\/\\\/exaudi.org\\\/wp-content\\\/uploads\\\/2021\\\/06\\\/233vvv.jpeg\",\"keywords\":[\"COVID-19\",\"Featured\",\"Limosner\u00eda Apost\u00f3lica\",\"papa francisco\",\"Respiradores\"],\"articleSection\":[\"Vaticano\"],\"inLanguage\":\"es\"},{\"@type\":\"WebPage\",\"@id\":\"https:\\\/\\\/exaudi.org\\\/es\\\/limosneria-apostolica-dona-respiradores-paises-vulnerables\\\/\",\"url\":\"https:\\\/\\\/exaudi.org\\\/es\\\/limosneria-apostolica-dona-respiradores-paises-vulnerables\\\/\",\"name\":\"Limosner\u00eda Apost\u00f3lica dona respiradores a pa\u00edses vulnerables - Exaudi\",\"isPartOf\":{\"@id\":\"https:\\\/\\\/exaudi.org\\\/#website\"},\"primaryImageOfPage\":{\"@id\":\"https:\\\/\\\/exaudi.org\\\/es\\\/limosneria-apostolica-dona-respiradores-paises-vulnerables\\\/#primaryimage\"},\"image\":{\"@id\":\"https:\\\/\\\/exaudi.org\\\/es\\\/limosneria-apostolica-dona-respiradores-paises-vulnerables\\\/#primaryimage\"},\"thumbnailUrl\":\"https:\\\/\\\/exaudi.org\\\/wp-content\\\/uploads\\\/2021\\\/06\\\/233vvv.jpeg\",\"datePublished\":\"2021-06-18T11:39:43+00:00\",\"dateModified\":\"2021-06-18T15:23:33+00:00\",\"author\":{\"@id\":\"https:\\\/\\\/exaudi.org\\\/#\\\/schema\\\/person\\\/d134b96438278131ce90c90c03fda6cd\"},\"description\":\"La Limosner\u00eda Apost\u00f3lica ha mandado varios equipos de respiradores a los pa\u00edses m\u00e1s necesitados del mundo, urgidos de los aparatos salvavidas\",\"breadcrumb\":{\"@id\":\"https:\\\/\\\/exaudi.org\\\/es\\\/limosneria-apostolica-dona-respiradores-paises-vulnerables\\\/#breadcrumb\"},\"inLanguage\":\"es\",\"potentialAction\":[{\"@type\":\"ReadAction\",\"target\":[\"https:\\\/\\\/exaudi.org\\\/es\\\/limosneria-apostolica-dona-respiradores-paises-vulnerables\\\/\"]}]},{\"@type\":\"ImageObject\",\"inLanguage\":\"es\",\"@id\":\"https:\\\/\\\/exaudi.org\\\/es\\\/limosneria-apostolica-dona-respiradores-paises-vulnerables\\\/#primaryimage\",\"url\":\"https:\\\/\\\/exaudi.org\\\/wp-content\\\/uploads\\\/2021\\\/06\\\/233vvv.jpeg\",\"contentUrl\":\"https:\\\/\\\/exaudi.org\\\/wp-content\\\/uploads\\\/2021\\\/06\\\/233vvv.jpeg\",\"width\":1455,\"height\":819,\"caption\":\"Mujer africana \u00a9 Vatican Media\"},{\"@type\":\"BreadcrumbList\",\"@id\":\"https:\\\/\\\/exaudi.org\\\/es\\\/limosneria-apostolica-dona-respiradores-paises-vulnerables\\\/#breadcrumb\",\"itemListElement\":[{\"@type\":\"ListItem\",\"position\":1,\"name\":\"Portada\",\"item\":\"https:\\\/\\\/exaudi.org\\\/es\\\/\"},{\"@type\":\"ListItem\",\"position\":2,\"name\":\"Limosner\u00eda Apost\u00f3lica dona respiradores a pa\u00edses vulnerables\"}]},{\"@type\":\"WebSite\",\"@id\":\"https:\\\/\\\/exaudi.org\\\/#website\",\"url\":\"https:\\\/\\\/exaudi.org\\\/\",\"name\":\"Exaudi\",\"description\":\"News\",\"potentialAction\":[{\"@type\":\"SearchAction\",\"target\":{\"@type\":\"EntryPoint\",\"urlTemplate\":\"https:\\\/\\\/exaudi.org\\\/?s={search_term_string}\"},\"query-input\":{\"@type\":\"PropertyValueSpecification\",\"valueRequired\":true,\"valueName\":\"search_term_string\"}}],\"inLanguage\":\"es\"},{\"@type\":\"Person\",\"@id\":\"https:\\\/\\\/exaudi.org\\\/#\\\/schema\\\/person\\\/d134b96438278131ce90c90c03fda6cd\",\"name\":\"Gabriel Sales\",\"image\":{\"@type\":\"ImageObject\",\"inLanguage\":\"es\",\"@id\":\"https:\\\/\\\/secure.gravatar.com\\\/avatar\\\/9b1269566f6a063ed26ffb3532b66a373cdde231ce5d0effb266167437fdaffd?s=96&d=mm&r=g\",\"url\":\"https:\\\/\\\/secure.gravatar.com\\\/avatar\\\/9b1269566f6a063ed26ffb3532b66a373cdde231ce5d0effb266167437fdaffd?s=96&d=mm&r=g\",\"contentUrl\":\"https:\\\/\\\/secure.gravatar.com\\\/avatar\\\/9b1269566f6a063ed26ffb3532b66a373cdde231ce5d0effb266167437fdaffd?s=96&d=mm&r=g\",\"caption\":\"Gabriel Sales\"},\"description\":\"Periodista y especialista en Comunicaci\u00f3n y Branding digital. Cin\u00e9filo y cr\u00edtico de cine y series de televisi\u00f3n.\",\"sameAs\":[\"https:\\\/\\\/www.instagram.com\\\/cine90segundos\\\/\",\"www.linkedin.com\\\/in\\\/habemusman\",\"https:\\\/\\\/x.com\\\/habemusman\",\"https:\\\/\\\/www.youtube.com\\\/channel\\\/UCVfCiOMkJ_C7T7OpyjuaLDg\"],\"url\":\"https:\\\/\\\/exaudi.org\\\/es\\\/author\\\/gsalesexaudi-org\\\/\"}]}<\/script>\n<!-- \/ Yoast SEO plugin. -->","yoast_head_json":{"title":"Limosner\u00eda Apost\u00f3lica dona respiradores a pa\u00edses vulnerables - Exaudi","description":"La Limosner\u00eda Apost\u00f3lica ha mandado varios equipos de respiradores a los pa\u00edses m\u00e1s necesitados del mundo, urgidos de los aparatos salvavidas","robots":{"index":"index","follow":"follow","max-snippet":"max-snippet:-1","max-image-preview":"max-image-preview:large","max-video-preview":"max-video-preview:-1"},"canonical":"https:\/\/exaudi.org\/es\/limosneria-apostolica-dona-respiradores-paises-vulnerables\/","og_locale":"es_ES","og_type":"article","og_title":"Limosner\u00eda Apost\u00f3lica dona respiradores a pa\u00edses vulnerables - Exaudi","og_description":"La Limosner\u00eda Apost\u00f3lica ha mandado varios equipos de respiradores a los pa\u00edses m\u00e1s necesitados del mundo, urgidos de los aparatos salvavidas","og_url":"https:\/\/exaudi.org\/es\/limosneria-apostolica-dona-respiradores-paises-vulnerables\/","og_site_name":"Exaudi","article_publisher":"https:\/\/www.facebook.com\/ExaudiNews","article_published_time":"2021-06-18T11:39:43+00:00","article_modified_time":"2021-06-18T15:23:33+00:00","og_image":[{"width":1455,"height":819,"url":"https:\/\/exaudi.org\/wp-content\/uploads\/2021\/06\/233vvv.jpeg","type":"image\/jpeg"}],"author":"Gabriel Sales","twitter_card":"summary_large_image","twitter_creator":"@habemusman","twitter_site":"@Exaudi_News","twitter_misc":{"Escrito por":"Gabriel Sales","Tiempo de lectura":"4 minutos"},"schema":{"@context":"https:\/\/schema.org","@graph":[{"@type":"Article","@id":"https:\/\/exaudi.org\/es\/limosneria-apostolica-dona-respiradores-paises-vulnerables\/#article","isPartOf":{"@id":"https:\/\/exaudi.org\/es\/limosneria-apostolica-dona-respiradores-paises-vulnerables\/"},"author":{"name":"Gabriel Sales","@id":"https:\/\/exaudi.org\/#\/schema\/person\/d134b96438278131ce90c90c03fda6cd"},"headline":"Limosner\u00eda Apost\u00f3lica dona respiradores a pa\u00edses vulnerables","datePublished":"2021-06-18T11:39:43+00:00","dateModified":"2021-06-18T15:23:33+00:00","mainEntityOfPage":{"@id":"https:\/\/exaudi.org\/es\/limosneria-apostolica-dona-respiradores-paises-vulnerables\/"},"wordCount":966,"image":{"@id":"https:\/\/exaudi.org\/es\/limosneria-apostolica-dona-respiradores-paises-vulnerables\/#primaryimage"},"thumbnailUrl":"https:\/\/exaudi.org\/wp-content\/uploads\/2021\/06\/233vvv.jpeg","keywords":["COVID-19","Featured","Limosner\u00eda Apost\u00f3lica","papa francisco","Respiradores"],"articleSection":["Vaticano"],"inLanguage":"es"},{"@type":"WebPage","@id":"https:\/\/exaudi.org\/es\/limosneria-apostolica-dona-respiradores-paises-vulnerables\/","url":"https:\/\/exaudi.org\/es\/limosneria-apostolica-dona-respiradores-paises-vulnerables\/","name":"Limosner\u00eda Apost\u00f3lica dona respiradores a pa\u00edses vulnerables - Exaudi","isPartOf":{"@id":"https:\/\/exaudi.org\/#website"},"primaryImageOfPage":{"@id":"https:\/\/exaudi.org\/es\/limosneria-apostolica-dona-respiradores-paises-vulnerables\/#primaryimage"},"image":{"@id":"https:\/\/exaudi.org\/es\/limosneria-apostolica-dona-respiradores-paises-vulnerables\/#primaryimage"},"thumbnailUrl":"https:\/\/exaudi.org\/wp-content\/uploads\/2021\/06\/233vvv.jpeg","datePublished":"2021-06-18T11:39:43+00:00","dateModified":"2021-06-18T15:23:33+00:00","author":{"@id":"https:\/\/exaudi.org\/#\/schema\/person\/d134b96438278131ce90c90c03fda6cd"},"description":"La Limosner\u00eda Apost\u00f3lica ha mandado varios equipos de respiradores a los pa\u00edses m\u00e1s necesitados del mundo, urgidos de los aparatos salvavidas","breadcrumb":{"@id":"https:\/\/exaudi.org\/es\/limosneria-apostolica-dona-respiradores-paises-vulnerables\/#breadcrumb"},"inLanguage":"es","potentialAction":[{"@type":"ReadAction","target":["https:\/\/exaudi.org\/es\/limosneria-apostolica-dona-respiradores-paises-vulnerables\/"]}]},{"@type":"ImageObject","inLanguage":"es","@id":"https:\/\/exaudi.org\/es\/limosneria-apostolica-dona-respiradores-paises-vulnerables\/#primaryimage","url":"https:\/\/exaudi.org\/wp-content\/uploads\/2021\/06\/233vvv.jpeg","contentUrl":"https:\/\/exaudi.org\/wp-content\/uploads\/2021\/06\/233vvv.jpeg","width":1455,"height":819,"caption":"Mujer africana \u00a9 Vatican Media"},{"@type":"BreadcrumbList","@id":"https:\/\/exaudi.org\/es\/limosneria-apostolica-dona-respiradores-paises-vulnerables\/#breadcrumb","itemListElement":[{"@type":"ListItem","position":1,"name":"Portada","item":"https:\/\/exaudi.org\/es\/"},{"@type":"ListItem","position":2,"name":"Limosner\u00eda Apost\u00f3lica dona respiradores a pa\u00edses vulnerables"}]},{"@type":"WebSite","@id":"https:\/\/exaudi.org\/#website","url":"https:\/\/exaudi.org\/","name":"Exaudi","description":"News","potentialAction":[{"@type":"SearchAction","target":{"@type":"EntryPoint","urlTemplate":"https:\/\/exaudi.org\/?s={search_term_string}"},"query-input":{"@type":"PropertyValueSpecification","valueRequired":true,"valueName":"search_term_string"}}],"inLanguage":"es"},{"@type":"Person","@id":"https:\/\/exaudi.org\/#\/schema\/person\/d134b96438278131ce90c90c03fda6cd","name":"Gabriel Sales","image":{"@type":"ImageObject","inLanguage":"es","@id":"https:\/\/secure.gravatar.com\/avatar\/9b1269566f6a063ed26ffb3532b66a373cdde231ce5d0effb266167437fdaffd?s=96&d=mm&r=g","url":"https:\/\/secure.gravatar.com\/avatar\/9b1269566f6a063ed26ffb3532b66a373cdde231ce5d0effb266167437fdaffd?s=96&d=mm&r=g","contentUrl":"https:\/\/secure.gravatar.com\/avatar\/9b1269566f6a063ed26ffb3532b66a373cdde231ce5d0effb266167437fdaffd?s=96&d=mm&r=g","caption":"Gabriel Sales"},"description":"Periodista y especialista en Comunicaci\u00f3n y Branding digital. Cin\u00e9filo y cr\u00edtico de cine y series de televisi\u00f3n.","sameAs":["https:\/\/www.instagram.com\/cine90segundos\/","www.linkedin.com\/in\/habemusman","https:\/\/x.com\/habemusman","https:\/\/www.youtube.com\/channel\/UCVfCiOMkJ_C7T7OpyjuaLDg"],"url":"https:\/\/exaudi.org\/es\/author\/gsalesexaudi-org\/"}]}},"jetpack_featured_media_url":"https:\/\/exaudi.org\/wp-content\/uploads\/2021\/06\/233vvv.jpeg","jetpack_shortlink":"https:\/\/wp.me\/pgKjF2-61T","_links":{"self":[{"href":"https:\/\/exaudi.org\/es\/wp-json\/wp\/v2\/posts\/23181","targetHints":{"allow":["GET"]}}],"collection":[{"href":"https:\/\/exaudi.org\/es\/wp-json\/wp\/v2\/posts"}],"about":[{"href":"https:\/\/exaudi.org\/es\/wp-json\/wp\/v2\/types\/post"}],"author":[{"embeddable":true,"href":"https:\/\/exaudi.org\/es\/wp-json\/wp\/v2\/users\/6"}],"replies":[{"embeddable":true,"href":"https:\/\/exaudi.org\/es\/wp-json\/wp\/v2\/comments?post=23181"}],"version-history":[{"count":0,"href":"https:\/\/exaudi.org\/es\/wp-json\/wp\/v2\/posts\/23181\/revisions"}],"wp:featuredmedia":[{"embeddable":true,"href":"https:\/\/exaudi.org\/es\/wp-json\/wp\/v2\/media\/23189"}],"wp:attachment":[{"href":"https:\/\/exaudi.org\/es\/wp-json\/wp\/v2\/media?parent=23181"}],"wp:term":[{"taxonomy":"category","embeddable":true,"href":"https:\/\/exaudi.org\/es\/wp-json\/wp\/v2\/categories?post=23181"},{"taxonomy":"post_tag","embeddable":true,"href":"https:\/\/exaudi.org\/es\/wp-json\/wp\/v2\/tags?post=23181"}],"curies":[{"name":"wp","href":"https:\/\/api.w.org\/{rel}","templated":true}]}}