{"id":23103,"date":"2021-06-18T11:06:08","date_gmt":"2021-06-18T09:06:08","guid":{"rendered":"https:\/\/exaudi.org\/?p=23103"},"modified":"2021-06-18T17:05:45","modified_gmt":"2021-06-18T15:05:45","slug":"colombia-obispos-rechazan-atentado-en-cucuta","status":"publish","type":"post","link":"https:\/\/exaudi.org\/es\/colombia-obispos-rechazan-atentado-en-cucuta\/","title":{"rendered":"Colombia: Obispos rechazan atentado en C\u00facuta"},"content":{"rendered":"<p>Frente al atentado que se produjo el pasado martes, 15 de junio de 2021, en la Brigada 30 del Ej\u00e9rcito Nacional en la ciudad de C\u00facuta (Norte de Santander), la <a href=\"https:\/\/www.cec.org.co\/\" target=\"_blank\" rel=\"noopener noreferrer\">Conferencia Episcopal de Colombia<\/a> manifiesta su rechazo y expresa su solidaridad con las personas que resultaron afectadas por este hecho violento.<\/p>\n<p>\u201cSiguiendo la ense\u00f1anza de la Iglesia, los obispos proclamamos que nada justifica estos actos demenciales y ciegos, que hieren profundamente la dignidad humana y constituyen una ofensa grav\u00edsima contra la humanidad entera, pues son una de las formas m\u00e1s brutales de la violencia\u201d, expresan en un comunicado del 16 de junio.<\/p>\n<p>Los prelados colombianos ofrecen sus oraciones \u00a0por los afectados en este atentado y extienden su saludo de cercan\u00eda a los familiares de las v\u00edctimas, al primer mandatario de la Naci\u00f3n, a los miembros de la Fuerza P\u00fablica y a la comunidad cucute\u00f1a en general. De igual modo, expresan su fraternidad a monse\u00f1or V\u00edctor Manuel Ochoa Cadavid, obispo castrense de Colombia y a todos los fieles del Obispado, as\u00ed como a monse\u00f1or Jos\u00e9 Libardo Garc\u00e9s Monsalve, administrador apost\u00f3lico de C\u00facuta, y a su Iglesia diocesana.<\/p>\n<p>Por \u00faltimo, los prelados invitan a la comunidad cat\u00f3lica a mantener en sus intenciones de oraci\u00f3n el cese de la violencia y pedir \u201cpara que el pueblo colombiano unido pueda vencer el mal a fuerza de bien\u201d.<\/p>\n<h4><strong>Hechos<\/strong><\/h4>\n<p>Seg\u00fan informa la agencia Fides, el balance de la explosi\u00f3n de un coche bomba que entr\u00f3 en el recinto de una base militar en el este de Colombia es de al menos 36 heridos, algunos de ellos graves.<\/p>\n<p>El ministro de Defensa de <a href=\"https:\/\/exaudi.org\/es\/colombia-caritas-entrega-kits-a-venezolanos-en-arauquita\/\" target=\"_blank\" rel=\"noopener noreferrer\">Colombia<\/a>, Diego Molano, indic\u00f3 que la primera hip\u00f3tesis es que la organizaci\u00f3n guerrillera del ELN (Ej\u00e9rcito de Liberaci\u00f3n Nacional) est\u00e1 detr\u00e1s del acto criminal, pero tambi\u00e9n se est\u00e1 evaluando la posible implicaci\u00f3n de grupos escindidos de la organizaci\u00f3n rebelde FARC (Fuerzas Armadas Revolucionarias de Colombia).<\/p>\n","protected":false},"excerpt":{"rendered":"<p>Explosi\u00f3n de un coche bomba<\/p>\n","protected":false},"author":5,"featured_media":23126,"comment_status":"open","ping_status":"open","sticky":false,"template":"","format":"standard","meta":{"_acf_changed":false,"_crdt_document":"","inline_featured_image":false,"footnotes":""},"categories":[59,86,94,2158,298],"tags":[724,1308,2929],"class_list":["post-23103","post","type-post","status-publish","format-standard","has-post-thumbnail","hentry","category-featured-news","category-iglesia-local","category-justicia-y-paz","category-top-ultimas-noticias","category-ultimas-noticias","tag-colombia","tag-conferencia-episcopal-de-colombia-cec","tag-cucuta"],"acf":[],"yoast_head":"<!-- This site is optimized with the Yoast SEO plugin v27.5 - https:\/\/yoast.com\/product\/yoast-seo-wordpress\/ -->\n<title>Colombia: Obispos rechazan atentado en C\u00facuta &#8211; Exaudi<\/title>\n<meta name=\"description\" content=\"Frente al atentado terrorista que se produjo el 15 de junio de 2021, en C\u00facuta, la Conferencia Episcopal de Colombia manifiesta su rechazo\" \/>\n<meta name=\"robots\" content=\"index, follow, max-snippet:-1, max-image-preview:large, max-video-preview:-1\" \/>\n<link rel=\"canonical\" href=\"https:\/\/exaudi.org\/es\/colombia-obispos-rechazan-atentado-en-cucuta\/\" \/>\n<meta property=\"og:locale\" content=\"es_ES\" \/>\n<meta property=\"og:type\" content=\"article\" \/>\n<meta property=\"og:title\" content=\"Colombia: Obispos rechazan atentado en C\u00facuta &#8211; Exaudi\" \/>\n<meta property=\"og:description\" content=\"Frente al atentado terrorista que se produjo el 15 de junio de 2021, en C\u00facuta, la Conferencia Episcopal de Colombia manifiesta su rechazo\" \/>\n<meta property=\"og:url\" content=\"https:\/\/exaudi.org\/es\/colombia-obispos-rechazan-atentado-en-cucuta\/\" \/>\n<meta property=\"og:site_name\" content=\"Exaudi\" \/>\n<meta property=\"article:publisher\" content=\"https:\/\/www.facebook.com\/ExaudiNews\" \/>\n<meta property=\"article:published_time\" content=\"2021-06-18T09:06:08+00:00\" \/>\n<meta property=\"article:modified_time\" content=\"2021-06-18T15:05:45+00:00\" \/>\n<meta property=\"og:image\" content=\"https:\/\/exaudi.org\/wp-content\/uploads\/2021\/06\/Ataque-terrorista-en-Colombia.jpeg\" \/>\n\t<meta property=\"og:image:width\" content=\"1000\" \/>\n\t<meta property=\"og:image:height\" content=\"563\" \/>\n\t<meta property=\"og:image:type\" content=\"image\/jpeg\" \/>\n<meta name=\"author\" content=\"Larissa I. L\u00f3pez\" \/>\n<meta name=\"twitter:card\" content=\"summary_large_image\" \/>\n<meta name=\"twitter:creator\" content=\"@Exaudi_News\" \/>\n<meta name=\"twitter:site\" content=\"@Exaudi_News\" \/>\n<meta name=\"twitter:label1\" content=\"Escrito por\" \/>\n\t<meta name=\"twitter:data1\" content=\"Larissa I. L\u00f3pez\" \/>\n\t<meta name=\"twitter:label2\" content=\"Tiempo de lectura\" \/>\n\t<meta name=\"twitter:data2\" content=\"2 minutos\" \/>\n<script type=\"application\/ld+json\" class=\"yoast-schema-graph\">{\"@context\":\"https:\\\/\\\/schema.org\",\"@graph\":[{\"@type\":\"Article\",\"@id\":\"https:\\\/\\\/exaudi.org\\\/es\\\/colombia-obispos-rechazan-atentado-en-cucuta\\\/#article\",\"isPartOf\":{\"@id\":\"https:\\\/\\\/exaudi.org\\\/es\\\/colombia-obispos-rechazan-atentado-en-cucuta\\\/\"},\"author\":{\"name\":\"Larissa I. L\u00f3pez\",\"@id\":\"https:\\\/\\\/exaudi.org\\\/#\\\/schema\\\/person\\\/7d2f77db033c2c0929edfab6dbe8c588\"},\"headline\":\"Colombia: Obispos rechazan atentado en C\u00facuta\",\"datePublished\":\"2021-06-18T09:06:08+00:00\",\"dateModified\":\"2021-06-18T15:05:45+00:00\",\"mainEntityOfPage\":{\"@id\":\"https:\\\/\\\/exaudi.org\\\/es\\\/colombia-obispos-rechazan-atentado-en-cucuta\\\/\"},\"wordCount\":342,\"commentCount\":0,\"image\":{\"@id\":\"https:\\\/\\\/exaudi.org\\\/es\\\/colombia-obispos-rechazan-atentado-en-cucuta\\\/#primaryimage\"},\"thumbnailUrl\":\"https:\\\/\\\/exaudi.org\\\/wp-content\\\/uploads\\\/2021\\\/06\\\/Ataque-terrorista-en-Colombia.jpeg\",\"keywords\":[\"Colombia\",\"Conferencia Episcopal de Colombia (CEC)\",\"C\u00facuta\"],\"articleSection\":[\"Featured News\",\"Iglesia Local\",\"Justicia y Paz\",\"Top Ultimas Noticias\",\"\u00daltimas noticias\"],\"inLanguage\":\"es\",\"potentialAction\":[{\"@type\":\"CommentAction\",\"name\":\"Comment\",\"target\":[\"https:\\\/\\\/exaudi.org\\\/es\\\/colombia-obispos-rechazan-atentado-en-cucuta\\\/#respond\"]}]},{\"@type\":\"WebPage\",\"@id\":\"https:\\\/\\\/exaudi.org\\\/es\\\/colombia-obispos-rechazan-atentado-en-cucuta\\\/\",\"url\":\"https:\\\/\\\/exaudi.org\\\/es\\\/colombia-obispos-rechazan-atentado-en-cucuta\\\/\",\"name\":\"Colombia: Obispos rechazan atentado en C\u00facuta &#8211; Exaudi\",\"isPartOf\":{\"@id\":\"https:\\\/\\\/exaudi.org\\\/#website\"},\"primaryImageOfPage\":{\"@id\":\"https:\\\/\\\/exaudi.org\\\/es\\\/colombia-obispos-rechazan-atentado-en-cucuta\\\/#primaryimage\"},\"image\":{\"@id\":\"https:\\\/\\\/exaudi.org\\\/es\\\/colombia-obispos-rechazan-atentado-en-cucuta\\\/#primaryimage\"},\"thumbnailUrl\":\"https:\\\/\\\/exaudi.org\\\/wp-content\\\/uploads\\\/2021\\\/06\\\/Ataque-terrorista-en-Colombia.jpeg\",\"datePublished\":\"2021-06-18T09:06:08+00:00\",\"dateModified\":\"2021-06-18T15:05:45+00:00\",\"author\":{\"@id\":\"https:\\\/\\\/exaudi.org\\\/#\\\/schema\\\/person\\\/7d2f77db033c2c0929edfab6dbe8c588\"},\"description\":\"Frente al atentado terrorista que se produjo el 15 de junio de 2021, en C\u00facuta, la Conferencia Episcopal de Colombia manifiesta su rechazo\",\"breadcrumb\":{\"@id\":\"https:\\\/\\\/exaudi.org\\\/es\\\/colombia-obispos-rechazan-atentado-en-cucuta\\\/#breadcrumb\"},\"inLanguage\":\"es\",\"potentialAction\":[{\"@type\":\"ReadAction\",\"target\":[\"https:\\\/\\\/exaudi.org\\\/es\\\/colombia-obispos-rechazan-atentado-en-cucuta\\\/\"]}]},{\"@type\":\"ImageObject\",\"inLanguage\":\"es\",\"@id\":\"https:\\\/\\\/exaudi.org\\\/es\\\/colombia-obispos-rechazan-atentado-en-cucuta\\\/#primaryimage\",\"url\":\"https:\\\/\\\/exaudi.org\\\/wp-content\\\/uploads\\\/2021\\\/06\\\/Ataque-terrorista-en-Colombia.jpeg\",\"contentUrl\":\"https:\\\/\\\/exaudi.org\\\/wp-content\\\/uploads\\\/2021\\\/06\\\/Ataque-terrorista-en-Colombia.jpeg\",\"width\":1000,\"height\":563,\"caption\":\"Ataque terrorista en Colombia \u00a9 Vatican Media\"},{\"@type\":\"BreadcrumbList\",\"@id\":\"https:\\\/\\\/exaudi.org\\\/es\\\/colombia-obispos-rechazan-atentado-en-cucuta\\\/#breadcrumb\",\"itemListElement\":[{\"@type\":\"ListItem\",\"position\":1,\"name\":\"Portada\",\"item\":\"https:\\\/\\\/exaudi.org\\\/es\\\/\"},{\"@type\":\"ListItem\",\"position\":2,\"name\":\"Colombia: Obispos rechazan atentado en C\u00facuta\"}]},{\"@type\":\"WebSite\",\"@id\":\"https:\\\/\\\/exaudi.org\\\/#website\",\"url\":\"https:\\\/\\\/exaudi.org\\\/\",\"name\":\"Exaudi\",\"description\":\"News\",\"potentialAction\":[{\"@type\":\"SearchAction\",\"target\":{\"@type\":\"EntryPoint\",\"urlTemplate\":\"https:\\\/\\\/exaudi.org\\\/?s={search_term_string}\"},\"query-input\":{\"@type\":\"PropertyValueSpecification\",\"valueRequired\":true,\"valueName\":\"search_term_string\"}}],\"inLanguage\":\"es\"},{\"@type\":\"Person\",\"@id\":\"https:\\\/\\\/exaudi.org\\\/#\\\/schema\\\/person\\\/7d2f77db033c2c0929edfab6dbe8c588\",\"name\":\"Larissa I. L\u00f3pez\",\"image\":{\"@type\":\"ImageObject\",\"inLanguage\":\"es\",\"@id\":\"https:\\\/\\\/secure.gravatar.com\\\/avatar\\\/db3ef399ff343d0bb9d25dc5198bc8ece5ac6d621eca79876697a354dabc1e3f?s=96&d=mm&r=g\",\"url\":\"https:\\\/\\\/secure.gravatar.com\\\/avatar\\\/db3ef399ff343d0bb9d25dc5198bc8ece5ac6d621eca79876697a354dabc1e3f?s=96&d=mm&r=g\",\"contentUrl\":\"https:\\\/\\\/secure.gravatar.com\\\/avatar\\\/db3ef399ff343d0bb9d25dc5198bc8ece5ac6d621eca79876697a354dabc1e3f?s=96&d=mm&r=g\",\"caption\":\"Larissa I. L\u00f3pez\"},\"description\":\"Doctora en Comunicaci\u00f3n. Mi trayectoria profesional ha transcurrido entre el \u00e1mbito de la comunicaci\u00f3n y el de la docencia. En los \u00faltimos a\u00f1os, he trabajado como coordinadora y redactora de la edici\u00f3n de ZENIT en espa\u00f1ol. Como profesora, he impartido clases en la universidad y en centros de FP y bachillerato. Cordobesa de nacimiento, tambi\u00e9n he vivido en Sevilla, Madrid y Roma\",\"url\":\"https:\\\/\\\/exaudi.org\\\/es\\\/author\\\/llopezexaudi-org\\\/\"}]}<\/script>\n<!-- \/ Yoast SEO plugin. -->","yoast_head_json":{"title":"Colombia: Obispos rechazan atentado en C\u00facuta &#8211; Exaudi","description":"Frente al atentado terrorista que se produjo el 15 de junio de 2021, en C\u00facuta, la Conferencia Episcopal de Colombia manifiesta su rechazo","robots":{"index":"index","follow":"follow","max-snippet":"max-snippet:-1","max-image-preview":"max-image-preview:large","max-video-preview":"max-video-preview:-1"},"canonical":"https:\/\/exaudi.org\/es\/colombia-obispos-rechazan-atentado-en-cucuta\/","og_locale":"es_ES","og_type":"article","og_title":"Colombia: Obispos rechazan atentado en C\u00facuta &#8211; Exaudi","og_description":"Frente al atentado terrorista que se produjo el 15 de junio de 2021, en C\u00facuta, la Conferencia Episcopal de Colombia manifiesta su rechazo","og_url":"https:\/\/exaudi.org\/es\/colombia-obispos-rechazan-atentado-en-cucuta\/","og_site_name":"Exaudi","article_publisher":"https:\/\/www.facebook.com\/ExaudiNews","article_published_time":"2021-06-18T09:06:08+00:00","article_modified_time":"2021-06-18T15:05:45+00:00","og_image":[{"width":1000,"height":563,"url":"https:\/\/exaudi.org\/wp-content\/uploads\/2021\/06\/Ataque-terrorista-en-Colombia.jpeg","type":"image\/jpeg"}],"author":"Larissa I. L\u00f3pez","twitter_card":"summary_large_image","twitter_creator":"@Exaudi_News","twitter_site":"@Exaudi_News","twitter_misc":{"Escrito por":"Larissa I. L\u00f3pez","Tiempo de lectura":"2 minutos"},"schema":{"@context":"https:\/\/schema.org","@graph":[{"@type":"Article","@id":"https:\/\/exaudi.org\/es\/colombia-obispos-rechazan-atentado-en-cucuta\/#article","isPartOf":{"@id":"https:\/\/exaudi.org\/es\/colombia-obispos-rechazan-atentado-en-cucuta\/"},"author":{"name":"Larissa I. L\u00f3pez","@id":"https:\/\/exaudi.org\/#\/schema\/person\/7d2f77db033c2c0929edfab6dbe8c588"},"headline":"Colombia: Obispos rechazan atentado en C\u00facuta","datePublished":"2021-06-18T09:06:08+00:00","dateModified":"2021-06-18T15:05:45+00:00","mainEntityOfPage":{"@id":"https:\/\/exaudi.org\/es\/colombia-obispos-rechazan-atentado-en-cucuta\/"},"wordCount":342,"commentCount":0,"image":{"@id":"https:\/\/exaudi.org\/es\/colombia-obispos-rechazan-atentado-en-cucuta\/#primaryimage"},"thumbnailUrl":"https:\/\/exaudi.org\/wp-content\/uploads\/2021\/06\/Ataque-terrorista-en-Colombia.jpeg","keywords":["Colombia","Conferencia Episcopal de Colombia (CEC)","C\u00facuta"],"articleSection":["Featured News","Iglesia Local","Justicia y Paz","Top Ultimas Noticias","\u00daltimas noticias"],"inLanguage":"es","potentialAction":[{"@type":"CommentAction","name":"Comment","target":["https:\/\/exaudi.org\/es\/colombia-obispos-rechazan-atentado-en-cucuta\/#respond"]}]},{"@type":"WebPage","@id":"https:\/\/exaudi.org\/es\/colombia-obispos-rechazan-atentado-en-cucuta\/","url":"https:\/\/exaudi.org\/es\/colombia-obispos-rechazan-atentado-en-cucuta\/","name":"Colombia: Obispos rechazan atentado en C\u00facuta &#8211; Exaudi","isPartOf":{"@id":"https:\/\/exaudi.org\/#website"},"primaryImageOfPage":{"@id":"https:\/\/exaudi.org\/es\/colombia-obispos-rechazan-atentado-en-cucuta\/#primaryimage"},"image":{"@id":"https:\/\/exaudi.org\/es\/colombia-obispos-rechazan-atentado-en-cucuta\/#primaryimage"},"thumbnailUrl":"https:\/\/exaudi.org\/wp-content\/uploads\/2021\/06\/Ataque-terrorista-en-Colombia.jpeg","datePublished":"2021-06-18T09:06:08+00:00","dateModified":"2021-06-18T15:05:45+00:00","author":{"@id":"https:\/\/exaudi.org\/#\/schema\/person\/7d2f77db033c2c0929edfab6dbe8c588"},"description":"Frente al atentado terrorista que se produjo el 15 de junio de 2021, en C\u00facuta, la Conferencia Episcopal de Colombia manifiesta su rechazo","breadcrumb":{"@id":"https:\/\/exaudi.org\/es\/colombia-obispos-rechazan-atentado-en-cucuta\/#breadcrumb"},"inLanguage":"es","potentialAction":[{"@type":"ReadAction","target":["https:\/\/exaudi.org\/es\/colombia-obispos-rechazan-atentado-en-cucuta\/"]}]},{"@type":"ImageObject","inLanguage":"es","@id":"https:\/\/exaudi.org\/es\/colombia-obispos-rechazan-atentado-en-cucuta\/#primaryimage","url":"https:\/\/exaudi.org\/wp-content\/uploads\/2021\/06\/Ataque-terrorista-en-Colombia.jpeg","contentUrl":"https:\/\/exaudi.org\/wp-content\/uploads\/2021\/06\/Ataque-terrorista-en-Colombia.jpeg","width":1000,"height":563,"caption":"Ataque terrorista en Colombia \u00a9 Vatican Media"},{"@type":"BreadcrumbList","@id":"https:\/\/exaudi.org\/es\/colombia-obispos-rechazan-atentado-en-cucuta\/#breadcrumb","itemListElement":[{"@type":"ListItem","position":1,"name":"Portada","item":"https:\/\/exaudi.org\/es\/"},{"@type":"ListItem","position":2,"name":"Colombia: Obispos rechazan atentado en C\u00facuta"}]},{"@type":"WebSite","@id":"https:\/\/exaudi.org\/#website","url":"https:\/\/exaudi.org\/","name":"Exaudi","description":"News","potentialAction":[{"@type":"SearchAction","target":{"@type":"EntryPoint","urlTemplate":"https:\/\/exaudi.org\/?s={search_term_string}"},"query-input":{"@type":"PropertyValueSpecification","valueRequired":true,"valueName":"search_term_string"}}],"inLanguage":"es"},{"@type":"Person","@id":"https:\/\/exaudi.org\/#\/schema\/person\/7d2f77db033c2c0929edfab6dbe8c588","name":"Larissa I. L\u00f3pez","image":{"@type":"ImageObject","inLanguage":"es","@id":"https:\/\/secure.gravatar.com\/avatar\/db3ef399ff343d0bb9d25dc5198bc8ece5ac6d621eca79876697a354dabc1e3f?s=96&d=mm&r=g","url":"https:\/\/secure.gravatar.com\/avatar\/db3ef399ff343d0bb9d25dc5198bc8ece5ac6d621eca79876697a354dabc1e3f?s=96&d=mm&r=g","contentUrl":"https:\/\/secure.gravatar.com\/avatar\/db3ef399ff343d0bb9d25dc5198bc8ece5ac6d621eca79876697a354dabc1e3f?s=96&d=mm&r=g","caption":"Larissa I. L\u00f3pez"},"description":"Doctora en Comunicaci\u00f3n. Mi trayectoria profesional ha transcurrido entre el \u00e1mbito de la comunicaci\u00f3n y el de la docencia. En los \u00faltimos a\u00f1os, he trabajado como coordinadora y redactora de la edici\u00f3n de ZENIT en espa\u00f1ol. Como profesora, he impartido clases en la universidad y en centros de FP y bachillerato. Cordobesa de nacimiento, tambi\u00e9n he vivido en Sevilla, Madrid y Roma","url":"https:\/\/exaudi.org\/es\/author\/llopezexaudi-org\/"}]}},"jetpack_featured_media_url":"https:\/\/exaudi.org\/wp-content\/uploads\/2021\/06\/Ataque-terrorista-en-Colombia.jpeg","jetpack_shortlink":"https:\/\/wp.me\/pgKjF2-60D","_links":{"self":[{"href":"https:\/\/exaudi.org\/es\/wp-json\/wp\/v2\/posts\/23103","targetHints":{"allow":["GET"]}}],"collection":[{"href":"https:\/\/exaudi.org\/es\/wp-json\/wp\/v2\/posts"}],"about":[{"href":"https:\/\/exaudi.org\/es\/wp-json\/wp\/v2\/types\/post"}],"author":[{"embeddable":true,"href":"https:\/\/exaudi.org\/es\/wp-json\/wp\/v2\/users\/5"}],"replies":[{"embeddable":true,"href":"https:\/\/exaudi.org\/es\/wp-json\/wp\/v2\/comments?post=23103"}],"version-history":[{"count":0,"href":"https:\/\/exaudi.org\/es\/wp-json\/wp\/v2\/posts\/23103\/revisions"}],"wp:featuredmedia":[{"embeddable":true,"href":"https:\/\/exaudi.org\/es\/wp-json\/wp\/v2\/media\/23126"}],"wp:attachment":[{"href":"https:\/\/exaudi.org\/es\/wp-json\/wp\/v2\/media?parent=23103"}],"wp:term":[{"taxonomy":"category","embeddable":true,"href":"https:\/\/exaudi.org\/es\/wp-json\/wp\/v2\/categories?post=23103"},{"taxonomy":"post_tag","embeddable":true,"href":"https:\/\/exaudi.org\/es\/wp-json\/wp\/v2\/tags?post=23103"}],"curies":[{"name":"wp","href":"https:\/\/api.w.org\/{rel}","templated":true}]}}