{"id":23029,"date":"2021-06-17T17:15:17","date_gmt":"2021-06-17T15:15:17","guid":{"rendered":"https:\/\/exaudi.org\/?p=23029"},"modified":"2021-06-17T17:23:20","modified_gmt":"2021-06-17T15:23:20","slug":"idaniaibarra-encuentro-con-dios-en-dolor","status":"publish","type":"post","link":"https:\/\/exaudi.org\/es\/idaniaibarra-encuentro-con-dios-en-dolor\/","title":{"rendered":"@Idaniaibarra: Me encontr\u00e9 con Dios en el dolor"},"content":{"rendered":"<p><span style=\"font-weight: 400\">Idania Ibarra, @Idaniaibarra en redes sociales, es una joven de 24 a\u00f1os apasionada por el deporte que mantiene su misma pasi\u00f3n practicando el f\u00fatbol de forma amateur. Originaria de Jalisco, M\u00e9xico, es abogada y graduada de la Universidad de Guadalajara. Es conferencista y creadora de contenido con base cat\u00f3lica que emana de su encuentro con Dios.<\/span><\/p>\n<p><span style=\"font-weight: 400\">Hace cuatro a\u00f1os, Idania sobrevivi\u00f3 a un accidente automovil\u00edstico. Ella afirma que ha sido para poder contarlo y escribirlo: \u201cSobreviv\u00ed a un accidente en el cual, en cuesti\u00f3n de segundos, el carro en el que viajamos se desestabiliz\u00f3 hasta llevar a volcarnos y caer a un barranco. Fueron muchas vueltas, segundos de angustia, de incertidumbre, en los cuales lo \u00fanico que pasaba por mi mente era la vida de mi hermana que iba a un lado m\u00edo, en la parte de atr\u00e1s del coche sin cintur\u00f3n\u201d.<\/span><\/p>\n<p><img loading=\"lazy\" decoding=\"async\" class=\"alignleft size-medium wp-image-23037\" src=\"https:\/\/exaudi.org\/wp-content\/uploads\/2021\/06\/5b6-300x219.jpeg\" alt=\"@Idaniaibarra Dios\" width=\"300\" height=\"219\" srcset=\"https:\/\/exaudi.org\/wp-content\/uploads\/2021\/06\/5b6-300x219.jpeg 300w, https:\/\/exaudi.org\/wp-content\/uploads\/2021\/06\/5b6-768x562.jpeg 768w, https:\/\/exaudi.org\/wp-content\/uploads\/2021\/06\/5b6-150x110.jpeg 150w, https:\/\/exaudi.org\/wp-content\/uploads\/2021\/06\/5b6-696x509.jpeg 696w, https:\/\/exaudi.org\/wp-content\/uploads\/2021\/06\/5b6-574x420.jpeg 574w, https:\/\/exaudi.org\/wp-content\/uploads\/2021\/06\/5b6-324x235.jpeg 324w, https:\/\/exaudi.org\/wp-content\/uploads\/2021\/06\/5b6.jpeg 823w\" sizes=\"auto, (max-width: 300px) 100vw, 300px\" \/><\/p>\n<p><span style=\"font-weight: 400\">\u201c<\/span><span style=\"font-weight: 400\">Yo no quer\u00eda que ella saliera disparada, por lo cual mi reacci\u00f3n fue abrazarla y ponerme como escudo, lo que hizo que yo rebotara por el carro. Desde el momento que ca\u00edamos yo sent\u00ed que algo pas\u00f3 con mi cuerpo. Mis pies, mi pelvis y mi cadera no respond\u00edan. Pens\u00e9 lo peor. Hab\u00eda quedada prensada entre mi puerta y el asiento. Mis gritos eran desgarradores\u201d, afirma.<\/span><\/p>\n<p><span style=\"font-weight: 400\">\u201cGracias a Dios llegaron unas personas a auxiliarnos porque el carro comenzaba a gotear gasolina y escapar mucho humo. Tiempo despu\u00e9s lleg\u00f3 la ambulancia. Al llegar al hospital, mis signos vitales casi no respond\u00edan. Lleg\u00f3 el Doctor con mis pap\u00e1s y les dijo: &#8216;Vayan a rezar a la capilla, su hija tiene golpes internos y hay posibilidad de que, al abrirle su est\u00f3mago, este destrozado&#8217;\u201d, expresa.<\/span><\/p>\n<p><span style=\"font-weight: 400\">\u201cNo puedo ni imaginar la angustia de mis pap\u00e1s en ese momento. Cinco fracturas, mi pelvis rota y derrames internos fueron mis primeros diagn\u00f3sticos. Gracias a Dios sal\u00ed bien y realmente pensamos que todo quedar\u00eda ah\u00ed, pero no, mi duelo apenas comenzaba. D\u00edas despu\u00e9s me entr\u00f3 neumon\u00eda, me detectaron Atelectasia pulmonar. Mis pulmones se contrajeron al momento del impacto y la fiebre no ced\u00eda\u201d, a\u00f1ade.<\/span><\/p>\n<p><img loading=\"lazy\" decoding=\"async\" class=\"alignright size-medium wp-image-23043\" src=\"https:\/\/exaudi.org\/wp-content\/uploads\/2021\/06\/WhatsApp-Image-2021-06-16-at-9.24.39-AM-1-225x300.jpeg\" alt=\"\" width=\"225\" height=\"300\" srcset=\"https:\/\/exaudi.org\/wp-content\/uploads\/2021\/06\/WhatsApp-Image-2021-06-16-at-9.24.39-AM-1-225x300.jpeg 225w, https:\/\/exaudi.org\/wp-content\/uploads\/2021\/06\/WhatsApp-Image-2021-06-16-at-9.24.39-AM-1-150x200.jpeg?crop=1 150w, https:\/\/exaudi.org\/wp-content\/uploads\/2021\/06\/WhatsApp-Image-2021-06-16-at-9.24.39-AM-1-300x400.jpeg?crop=1 300w, https:\/\/exaudi.org\/wp-content\/uploads\/2021\/06\/WhatsApp-Image-2021-06-16-at-9.24.39-AM-1-696x928.jpeg 696w, https:\/\/exaudi.org\/wp-content\/uploads\/2021\/06\/WhatsApp-Image-2021-06-16-at-9.24.39-AM-1-315x420.jpeg 315w, https:\/\/exaudi.org\/wp-content\/uploads\/2021\/06\/WhatsApp-Image-2021-06-16-at-9.24.39-AM-1.jpeg 720w\" sizes=\"auto, (max-width: 225px) 100vw, 225px\" \/><\/p>\n<p><span style=\"font-weight: 400\">Idania nos cuenta que, en ese momento de prueba, fue cuando Jes\u00fas lleg\u00f3 a su encuentro, a trav\u00e9s de la Eucarist\u00eda. Recibir la comuni\u00f3n todos los d\u00edas, la oraci\u00f3n y cubrirse con el Manto de la Virgen, fue su punto de fortaleza y lo que le ayud\u00f3 a sanar tambi\u00e9n su alma.\u00a0<\/span><\/p>\n<p><span style=\"font-weight: 400\">\u201cAl dolor no se le puede vencer. Al dolor se le lleva a cuestas y lo entiendes solo cuando lo puedes elevar, ofrecer como regalo a Dios, porque es tan claro y real, que sabes que estas entregando algo de valor. El dolor tiene su raz\u00f3n de existir si lo proyectamos al Cielo y nos abrazamos a la cruz de Jes\u00fas, y yo he aprendido a ofrecer este misterio como luz\u201d, indica.<\/span><\/p>\n<p><span style=\"font-weight: 400\">\u201cEs dif\u00edcil renunciar a tu orgullo hacer a un lado tus planes y decirle al Se\u00f1or: &#8216;me pongo en tus manos&#8217;&#8230;Pero con el transcurrir de los d\u00edas, empiezas a descubrirte, a forjar tu esencia y templar tu car\u00e1cter. Empiezas a encontrarte y te sorprendes de lo grande que eres cuando eres generoso, cuando das lo que m\u00e1s cuesta, cuando renuncias a ti mismo y te abandonas en \u00c9l\u201d, relata.<\/span><\/p>\n<p><span style=\"font-weight: 400\">Idania actualmente es emprendedora, ha fundado\u00a0<em><a href=\"https:\/\/resilience-ih.com\/\" target=\"_blank\" rel=\"noopener noreferrer\">Resilience<\/a>, <\/em>una firma de comercializaci\u00f3n de art\u00edculos religiosos que tiene como objetivo, adem\u00e1s de satisfacer la b\u00fasqueda de accesorios de belleza juvenil, evangelizar por este medio, teniendo as\u00ed un doble impacto.<\/span><\/p>\n<p>A continuaci\u00f3n, sigue la entrevista completa.<\/p>\n<p>***<\/p>\n<p><b>Walter G\u00f3mez: Idania, para ti \u00bfqu\u00e9 es la resiliencia y qu\u00e9 nos aconsejas para vivirla en momentos dif\u00edciles?<\/b><\/p>\n<p><span style=\"font-weight: 400\"><strong>@Idaniaibarra:<\/strong> Resiliencia es la capacidad que tiene una persona para superar eventos trauma\u0301ticos (dolorosos) y adaptarse levemente con resultados positivos frente a situaciones adversas.<\/span><\/p>\n<p><img loading=\"lazy\" decoding=\"async\" class=\"alignleft size-medium wp-image-23046\" src=\"https:\/\/exaudi.org\/wp-content\/uploads\/2021\/06\/WhatsApp-Image-2021-06-16-at-9.24.40-AM-232x300.jpeg\" alt=\"\" width=\"232\" height=\"300\" srcset=\"https:\/\/exaudi.org\/wp-content\/uploads\/2021\/06\/WhatsApp-Image-2021-06-16-at-9.24.40-AM-232x300.jpeg 232w, https:\/\/exaudi.org\/wp-content\/uploads\/2021\/06\/WhatsApp-Image-2021-06-16-at-9.24.40-AM-150x194.jpeg 150w, https:\/\/exaudi.org\/wp-content\/uploads\/2021\/06\/WhatsApp-Image-2021-06-16-at-9.24.40-AM-300x388.jpeg 300w, https:\/\/exaudi.org\/wp-content\/uploads\/2021\/06\/WhatsApp-Image-2021-06-16-at-9.24.40-AM-325x420.jpeg 325w, https:\/\/exaudi.org\/wp-content\/uploads\/2021\/06\/WhatsApp-Image-2021-06-16-at-9.24.40-AM.jpeg 640w\" sizes=\"auto, (max-width: 232px) 100vw, 232px\" \/><\/p>\n<p><span style=\"font-weight: 400\">Los seres humanos estamos acostumbrados a entender el dolor fi\u0301sico, emocional o espiritual, como algo que nos hace menos y del cual no podemos sacar conclusiones para nuestra historia. Lejos de dejarlo a un lado y evitarlo, podemos descubrir que en medio de la tempestad hay respuestas sabias para nuestra vida. Somos lo que hacemos con lo que nos sucede, en la herida esta\u0301 la misio\u0301n, y Dios siempre esta\u0301 abraza\u0301ndonos en medio del proceso.<\/span><\/p>\n<p><b>Walter G\u00f3mez: \u00bfC\u00f3mo das testimonio de tu fe entre el deporte, el modelaje y los medios?<\/b><\/p>\n<p><span style=\"font-weight: 400\"><strong>@Idaniaibarra: <\/strong>Durante mucho tiempo tuve miedo de tener una vida completamente de cara a Dios porque s\u00e9 que no lo merezco, s\u00e9 que jam\u00e1s podr\u00e9 pagarle todo lo que hizo y sigue haciendo por mi&#8230; pero dentro de su inmenso amor me susurr\u00f3 al o\u00eddo: \u201cMi amor en contacto con tu miseria se convierte en MISERICORDIA, te basta mi gracia\u201d. <\/span><\/p>\n<p><span style=\"font-weight: 400\">Porque, en el sagrado momento en el que tu alma logra conectar con el coraz\u00f3n de Dios, comienzan a suceder los milagros, y yo bendigo el momento donde me aferr\u00e9 con todo mi coraz\u00f3n y dej\u00e9 que tomara posesi\u00f3n de mi vida, el momento en el cual tom\u00f3 fuertemente mi mano para no volver a soltarme jam\u00e1s.<\/span><\/p>\n<p><img loading=\"lazy\" decoding=\"async\" class=\"alignright wp-image-23049 size-medium\" title=\"@Idaniaibarra Dios\" src=\"https:\/\/exaudi.org\/wp-content\/uploads\/2021\/06\/WhatsApp-Image-2021-06-16-at-9.24.42-AM-300x223.jpeg\" alt=\"@Idaniaibarra Dios\" width=\"300\" height=\"223\" srcset=\"https:\/\/exaudi.org\/wp-content\/uploads\/2021\/06\/WhatsApp-Image-2021-06-16-at-9.24.42-AM-300x223.jpeg 300w, https:\/\/exaudi.org\/wp-content\/uploads\/2021\/06\/WhatsApp-Image-2021-06-16-at-9.24.42-AM-1024x760.jpeg 1024w, https:\/\/exaudi.org\/wp-content\/uploads\/2021\/06\/WhatsApp-Image-2021-06-16-at-9.24.42-AM-768x570.jpeg 768w, https:\/\/exaudi.org\/wp-content\/uploads\/2021\/06\/WhatsApp-Image-2021-06-16-at-9.24.42-AM-150x111.jpeg 150w, https:\/\/exaudi.org\/wp-content\/uploads\/2021\/06\/WhatsApp-Image-2021-06-16-at-9.24.42-AM-485x360.jpeg 485w, https:\/\/exaudi.org\/wp-content\/uploads\/2021\/06\/WhatsApp-Image-2021-06-16-at-9.24.42-AM-696x517.jpeg 696w, https:\/\/exaudi.org\/wp-content\/uploads\/2021\/06\/WhatsApp-Image-2021-06-16-at-9.24.42-AM-1068x793.jpeg 1068w, https:\/\/exaudi.org\/wp-content\/uploads\/2021\/06\/WhatsApp-Image-2021-06-16-at-9.24.42-AM-566x420.jpeg 566w, https:\/\/exaudi.org\/wp-content\/uploads\/2021\/06\/WhatsApp-Image-2021-06-16-at-9.24.42-AM-80x60.jpeg 80w, https:\/\/exaudi.org\/wp-content\/uploads\/2021\/06\/WhatsApp-Image-2021-06-16-at-9.24.42-AM-265x198.jpeg 265w, https:\/\/exaudi.org\/wp-content\/uploads\/2021\/06\/WhatsApp-Image-2021-06-16-at-9.24.42-AM.jpeg 1243w\" sizes=\"auto, (max-width: 300px) 100vw, 300px\" \/><\/p>\n<p><b>Walter G\u00f3mez: \u00bfQu\u00e9 esperas transmitir a otros en tus redes sociales?<\/b><\/p>\n<p><span style=\"font-weight: 400\"><strong>@Idaniaibarra: <\/strong>Aprender a amar a Dios sin importar nada, ni nuestras situaciones externas ni internas. Con una fidelidad absoluta. As\u00ed como \u00c9l nos ama, hasta el extremo y con un amor incondicional. Debemos comprender que el mayor sacrificio de amor ya lo hizo en la Cruz y que, a partir de ah\u00ed, todo lo que pueda recibir es meramente gracia y pura misericordia. No debemos amarle con un amor convenenciero, solo por los beneficios que podamos obtener de \u00c9l.<\/span><\/p>\n<p>Web: <a href=\"https:\/\/resilience-ih.com\/\" target=\"_blank\" rel=\"noopener noreferrer\">resilience-ih.com<\/a><\/p>\n<p>Redes: <a href=\"https:\/\/www.instagram.com\/idaniaibarra\/?hl=es\" target=\"_blank\" rel=\"noopener noreferrer\"><span style=\"font-weight: 400\">@Idaniaibarra<\/span><\/a><\/p>\n","protected":false},"excerpt":{"rendered":"<p>Testimonio de Idania Ibarra, deportista y emprendedora<\/p>\n","protected":false},"author":58,"featured_media":23040,"comment_status":"closed","ping_status":"closed","sticky":false,"template":"","format":"standard","meta":{"_acf_changed":false,"_crdt_document":"","inline_featured_image":false,"footnotes":""},"categories":[98],"tags":[2920,2419,463,2781],"class_list":["post-23029","post","type-post","status-publish","format-standard","has-post-thumbnail","hentry","category-testimonios","tag-idaniaibarra","tag-featured","tag-redes-sociales","tag-testimonio"],"acf":[],"yoast_head":"<!-- This site is optimized with the Yoast SEO plugin v27.5 - https:\/\/yoast.com\/product\/yoast-seo-wordpress\/ -->\n<title>@Idaniaibarra: Me encontr\u00e9 con Dios en el dolor &#8211; Exaudi<\/title>\n<meta name=\"description\" content=\"Idania Ibarra, @Idaniaibarra en las redes sociales, comparte su testimonio de vida en el que se encontr\u00f3 con Dios en medio de un gran dolor.\" \/>\n<meta name=\"robots\" content=\"index, follow, max-snippet:-1, max-image-preview:large, max-video-preview:-1\" \/>\n<link rel=\"canonical\" href=\"https:\/\/exaudi.org\/es\/idaniaibarra-encuentro-con-dios-en-dolor\/\" \/>\n<meta property=\"og:locale\" content=\"es_ES\" \/>\n<meta property=\"og:type\" content=\"article\" \/>\n<meta property=\"og:title\" content=\"@Idaniaibarra: Me encontr\u00e9 con Dios en el dolor &#8211; Exaudi\" \/>\n<meta property=\"og:description\" content=\"Idania Ibarra, @Idaniaibarra en las redes sociales, comparte su testimonio de vida en el que se encontr\u00f3 con Dios en medio de un gran dolor.\" \/>\n<meta property=\"og:url\" content=\"https:\/\/exaudi.org\/es\/idaniaibarra-encuentro-con-dios-en-dolor\/\" \/>\n<meta property=\"og:site_name\" content=\"Exaudi\" \/>\n<meta property=\"article:publisher\" content=\"https:\/\/www.facebook.com\/ExaudiNews\" \/>\n<meta property=\"article:published_time\" content=\"2021-06-17T15:15:17+00:00\" \/>\n<meta property=\"article:modified_time\" content=\"2021-06-17T15:23:20+00:00\" \/>\n<meta property=\"og:image\" content=\"https:\/\/exaudi.org\/wp-content\/uploads\/2021\/06\/WhatsApp-Image-2021-06-17-at-8.32.15-AM.jpeg\" \/>\n\t<meta property=\"og:image:width\" content=\"786\" \/>\n\t<meta property=\"og:image:height\" content=\"445\" \/>\n\t<meta property=\"og:image:type\" content=\"image\/jpeg\" \/>\n<meta name=\"author\" content=\"Walter G\u00f3mez\" \/>\n<meta name=\"twitter:card\" content=\"summary_large_image\" \/>\n<meta name=\"twitter:creator\" content=\"@Exaudi_News\" \/>\n<meta name=\"twitter:site\" content=\"@Exaudi_News\" \/>\n<meta name=\"twitter:label1\" content=\"Escrito por\" \/>\n\t<meta name=\"twitter:data1\" content=\"Walter G\u00f3mez\" \/>\n\t<meta name=\"twitter:label2\" content=\"Tiempo de lectura\" \/>\n\t<meta name=\"twitter:data2\" content=\"5 minutos\" \/>\n<script type=\"application\/ld+json\" class=\"yoast-schema-graph\">{\"@context\":\"https:\\\/\\\/schema.org\",\"@graph\":[{\"@type\":\"Article\",\"@id\":\"https:\\\/\\\/exaudi.org\\\/es\\\/idaniaibarra-encuentro-con-dios-en-dolor\\\/#article\",\"isPartOf\":{\"@id\":\"https:\\\/\\\/exaudi.org\\\/es\\\/idaniaibarra-encuentro-con-dios-en-dolor\\\/\"},\"author\":{\"name\":\"Walter G\u00f3mez\",\"@id\":\"https:\\\/\\\/exaudi.org\\\/#\\\/schema\\\/person\\\/f999568e852e610acdb343e2cf56aeb4\"},\"headline\":\"@Idaniaibarra: Me encontr\u00e9 con Dios en el dolor\",\"datePublished\":\"2021-06-17T15:15:17+00:00\",\"dateModified\":\"2021-06-17T15:23:20+00:00\",\"mainEntityOfPage\":{\"@id\":\"https:\\\/\\\/exaudi.org\\\/es\\\/idaniaibarra-encuentro-con-dios-en-dolor\\\/\"},\"wordCount\":990,\"image\":{\"@id\":\"https:\\\/\\\/exaudi.org\\\/es\\\/idaniaibarra-encuentro-con-dios-en-dolor\\\/#primaryimage\"},\"thumbnailUrl\":\"https:\\\/\\\/exaudi.org\\\/wp-content\\\/uploads\\\/2021\\\/06\\\/WhatsApp-Image-2021-06-17-at-8.32.15-AM.jpeg\",\"keywords\":[\"@Idaniaibarra\",\"Featured\",\"Redes sociales\",\"Testimonio\"],\"articleSection\":[\"Testimonios\"],\"inLanguage\":\"es\"},{\"@type\":\"WebPage\",\"@id\":\"https:\\\/\\\/exaudi.org\\\/es\\\/idaniaibarra-encuentro-con-dios-en-dolor\\\/\",\"url\":\"https:\\\/\\\/exaudi.org\\\/es\\\/idaniaibarra-encuentro-con-dios-en-dolor\\\/\",\"name\":\"@Idaniaibarra: Me encontr\u00e9 con Dios en el dolor &#8211; Exaudi\",\"isPartOf\":{\"@id\":\"https:\\\/\\\/exaudi.org\\\/#website\"},\"primaryImageOfPage\":{\"@id\":\"https:\\\/\\\/exaudi.org\\\/es\\\/idaniaibarra-encuentro-con-dios-en-dolor\\\/#primaryimage\"},\"image\":{\"@id\":\"https:\\\/\\\/exaudi.org\\\/es\\\/idaniaibarra-encuentro-con-dios-en-dolor\\\/#primaryimage\"},\"thumbnailUrl\":\"https:\\\/\\\/exaudi.org\\\/wp-content\\\/uploads\\\/2021\\\/06\\\/WhatsApp-Image-2021-06-17-at-8.32.15-AM.jpeg\",\"datePublished\":\"2021-06-17T15:15:17+00:00\",\"dateModified\":\"2021-06-17T15:23:20+00:00\",\"author\":{\"@id\":\"https:\\\/\\\/exaudi.org\\\/#\\\/schema\\\/person\\\/f999568e852e610acdb343e2cf56aeb4\"},\"description\":\"Idania Ibarra, @Idaniaibarra en las redes sociales, comparte su testimonio de vida en el que se encontr\u00f3 con Dios en medio de un gran dolor.\",\"breadcrumb\":{\"@id\":\"https:\\\/\\\/exaudi.org\\\/es\\\/idaniaibarra-encuentro-con-dios-en-dolor\\\/#breadcrumb\"},\"inLanguage\":\"es\",\"potentialAction\":[{\"@type\":\"ReadAction\",\"target\":[\"https:\\\/\\\/exaudi.org\\\/es\\\/idaniaibarra-encuentro-con-dios-en-dolor\\\/\"]}]},{\"@type\":\"ImageObject\",\"inLanguage\":\"es\",\"@id\":\"https:\\\/\\\/exaudi.org\\\/es\\\/idaniaibarra-encuentro-con-dios-en-dolor\\\/#primaryimage\",\"url\":\"https:\\\/\\\/exaudi.org\\\/wp-content\\\/uploads\\\/2021\\\/06\\\/WhatsApp-Image-2021-06-17-at-8.32.15-AM.jpeg\",\"contentUrl\":\"https:\\\/\\\/exaudi.org\\\/wp-content\\\/uploads\\\/2021\\\/06\\\/WhatsApp-Image-2021-06-17-at-8.32.15-AM.jpeg\",\"width\":786,\"height\":445,\"caption\":\"Idania Ibarra con muletas @ Idania Ibarra\"},{\"@type\":\"BreadcrumbList\",\"@id\":\"https:\\\/\\\/exaudi.org\\\/es\\\/idaniaibarra-encuentro-con-dios-en-dolor\\\/#breadcrumb\",\"itemListElement\":[{\"@type\":\"ListItem\",\"position\":1,\"name\":\"Portada\",\"item\":\"https:\\\/\\\/exaudi.org\\\/es\\\/\"},{\"@type\":\"ListItem\",\"position\":2,\"name\":\"@Idaniaibarra: Me encontr\u00e9 con Dios en el dolor\"}]},{\"@type\":\"WebSite\",\"@id\":\"https:\\\/\\\/exaudi.org\\\/#website\",\"url\":\"https:\\\/\\\/exaudi.org\\\/\",\"name\":\"Exaudi\",\"description\":\"News\",\"potentialAction\":[{\"@type\":\"SearchAction\",\"target\":{\"@type\":\"EntryPoint\",\"urlTemplate\":\"https:\\\/\\\/exaudi.org\\\/?s={search_term_string}\"},\"query-input\":{\"@type\":\"PropertyValueSpecification\",\"valueRequired\":true,\"valueName\":\"search_term_string\"}}],\"inLanguage\":\"es\"},{\"@type\":\"Person\",\"@id\":\"https:\\\/\\\/exaudi.org\\\/#\\\/schema\\\/person\\\/f999568e852e610acdb343e2cf56aeb4\",\"name\":\"Walter G\u00f3mez\",\"image\":{\"@type\":\"ImageObject\",\"inLanguage\":\"es\",\"@id\":\"https:\\\/\\\/secure.gravatar.com\\\/avatar\\\/1e711c42832ce61e1348a3aaa361e332e4f599b2a0ea4a17c6de17e3314f3695?s=96&d=mm&r=g\",\"url\":\"https:\\\/\\\/secure.gravatar.com\\\/avatar\\\/1e711c42832ce61e1348a3aaa361e332e4f599b2a0ea4a17c6de17e3314f3695?s=96&d=mm&r=g\",\"contentUrl\":\"https:\\\/\\\/secure.gravatar.com\\\/avatar\\\/1e711c42832ce61e1348a3aaa361e332e4f599b2a0ea4a17c6de17e3314f3695?s=96&d=mm&r=g\",\"caption\":\"Walter G\u00f3mez\"},\"description\":\"@Walter.ilustra, Creador de contenido. Estudio Dise\u00f1o Integral de Comunicaci\u00f3n. Soy activista social desde la Iglesia, estoy comprometido con la defensa provida en todas sus etapas y promuevo una educaci\u00f3n sexual responsable e integral para j\u00f3venes. He creado, dise\u00f1ado y colaborado en distintas plataformas de evangelizaci\u00f3n. Dise\u00f1ador Freelance. Todos mis procesos creativos inician con oraci\u00f3n. Nicarag\u00fcense.\",\"url\":\"https:\\\/\\\/exaudi.org\\\/es\\\/author\\\/waltergomez\\\/\"}]}<\/script>\n<!-- \/ Yoast SEO plugin. -->","yoast_head_json":{"title":"@Idaniaibarra: Me encontr\u00e9 con Dios en el dolor &#8211; Exaudi","description":"Idania Ibarra, @Idaniaibarra en las redes sociales, comparte su testimonio de vida en el que se encontr\u00f3 con Dios en medio de un gran dolor.","robots":{"index":"index","follow":"follow","max-snippet":"max-snippet:-1","max-image-preview":"max-image-preview:large","max-video-preview":"max-video-preview:-1"},"canonical":"https:\/\/exaudi.org\/es\/idaniaibarra-encuentro-con-dios-en-dolor\/","og_locale":"es_ES","og_type":"article","og_title":"@Idaniaibarra: Me encontr\u00e9 con Dios en el dolor &#8211; Exaudi","og_description":"Idania Ibarra, @Idaniaibarra en las redes sociales, comparte su testimonio de vida en el que se encontr\u00f3 con Dios en medio de un gran dolor.","og_url":"https:\/\/exaudi.org\/es\/idaniaibarra-encuentro-con-dios-en-dolor\/","og_site_name":"Exaudi","article_publisher":"https:\/\/www.facebook.com\/ExaudiNews","article_published_time":"2021-06-17T15:15:17+00:00","article_modified_time":"2021-06-17T15:23:20+00:00","og_image":[{"width":786,"height":445,"url":"https:\/\/exaudi.org\/wp-content\/uploads\/2021\/06\/WhatsApp-Image-2021-06-17-at-8.32.15-AM.jpeg","type":"image\/jpeg"}],"author":"Walter G\u00f3mez","twitter_card":"summary_large_image","twitter_creator":"@Exaudi_News","twitter_site":"@Exaudi_News","twitter_misc":{"Escrito por":"Walter G\u00f3mez","Tiempo de lectura":"5 minutos"},"schema":{"@context":"https:\/\/schema.org","@graph":[{"@type":"Article","@id":"https:\/\/exaudi.org\/es\/idaniaibarra-encuentro-con-dios-en-dolor\/#article","isPartOf":{"@id":"https:\/\/exaudi.org\/es\/idaniaibarra-encuentro-con-dios-en-dolor\/"},"author":{"name":"Walter G\u00f3mez","@id":"https:\/\/exaudi.org\/#\/schema\/person\/f999568e852e610acdb343e2cf56aeb4"},"headline":"@Idaniaibarra: Me encontr\u00e9 con Dios en el dolor","datePublished":"2021-06-17T15:15:17+00:00","dateModified":"2021-06-17T15:23:20+00:00","mainEntityOfPage":{"@id":"https:\/\/exaudi.org\/es\/idaniaibarra-encuentro-con-dios-en-dolor\/"},"wordCount":990,"image":{"@id":"https:\/\/exaudi.org\/es\/idaniaibarra-encuentro-con-dios-en-dolor\/#primaryimage"},"thumbnailUrl":"https:\/\/exaudi.org\/wp-content\/uploads\/2021\/06\/WhatsApp-Image-2021-06-17-at-8.32.15-AM.jpeg","keywords":["@Idaniaibarra","Featured","Redes sociales","Testimonio"],"articleSection":["Testimonios"],"inLanguage":"es"},{"@type":"WebPage","@id":"https:\/\/exaudi.org\/es\/idaniaibarra-encuentro-con-dios-en-dolor\/","url":"https:\/\/exaudi.org\/es\/idaniaibarra-encuentro-con-dios-en-dolor\/","name":"@Idaniaibarra: Me encontr\u00e9 con Dios en el dolor &#8211; Exaudi","isPartOf":{"@id":"https:\/\/exaudi.org\/#website"},"primaryImageOfPage":{"@id":"https:\/\/exaudi.org\/es\/idaniaibarra-encuentro-con-dios-en-dolor\/#primaryimage"},"image":{"@id":"https:\/\/exaudi.org\/es\/idaniaibarra-encuentro-con-dios-en-dolor\/#primaryimage"},"thumbnailUrl":"https:\/\/exaudi.org\/wp-content\/uploads\/2021\/06\/WhatsApp-Image-2021-06-17-at-8.32.15-AM.jpeg","datePublished":"2021-06-17T15:15:17+00:00","dateModified":"2021-06-17T15:23:20+00:00","author":{"@id":"https:\/\/exaudi.org\/#\/schema\/person\/f999568e852e610acdb343e2cf56aeb4"},"description":"Idania Ibarra, @Idaniaibarra en las redes sociales, comparte su testimonio de vida en el que se encontr\u00f3 con Dios en medio de un gran dolor.","breadcrumb":{"@id":"https:\/\/exaudi.org\/es\/idaniaibarra-encuentro-con-dios-en-dolor\/#breadcrumb"},"inLanguage":"es","potentialAction":[{"@type":"ReadAction","target":["https:\/\/exaudi.org\/es\/idaniaibarra-encuentro-con-dios-en-dolor\/"]}]},{"@type":"ImageObject","inLanguage":"es","@id":"https:\/\/exaudi.org\/es\/idaniaibarra-encuentro-con-dios-en-dolor\/#primaryimage","url":"https:\/\/exaudi.org\/wp-content\/uploads\/2021\/06\/WhatsApp-Image-2021-06-17-at-8.32.15-AM.jpeg","contentUrl":"https:\/\/exaudi.org\/wp-content\/uploads\/2021\/06\/WhatsApp-Image-2021-06-17-at-8.32.15-AM.jpeg","width":786,"height":445,"caption":"Idania Ibarra con muletas @ Idania Ibarra"},{"@type":"BreadcrumbList","@id":"https:\/\/exaudi.org\/es\/idaniaibarra-encuentro-con-dios-en-dolor\/#breadcrumb","itemListElement":[{"@type":"ListItem","position":1,"name":"Portada","item":"https:\/\/exaudi.org\/es\/"},{"@type":"ListItem","position":2,"name":"@Idaniaibarra: Me encontr\u00e9 con Dios en el dolor"}]},{"@type":"WebSite","@id":"https:\/\/exaudi.org\/#website","url":"https:\/\/exaudi.org\/","name":"Exaudi","description":"News","potentialAction":[{"@type":"SearchAction","target":{"@type":"EntryPoint","urlTemplate":"https:\/\/exaudi.org\/?s={search_term_string}"},"query-input":{"@type":"PropertyValueSpecification","valueRequired":true,"valueName":"search_term_string"}}],"inLanguage":"es"},{"@type":"Person","@id":"https:\/\/exaudi.org\/#\/schema\/person\/f999568e852e610acdb343e2cf56aeb4","name":"Walter G\u00f3mez","image":{"@type":"ImageObject","inLanguage":"es","@id":"https:\/\/secure.gravatar.com\/avatar\/1e711c42832ce61e1348a3aaa361e332e4f599b2a0ea4a17c6de17e3314f3695?s=96&d=mm&r=g","url":"https:\/\/secure.gravatar.com\/avatar\/1e711c42832ce61e1348a3aaa361e332e4f599b2a0ea4a17c6de17e3314f3695?s=96&d=mm&r=g","contentUrl":"https:\/\/secure.gravatar.com\/avatar\/1e711c42832ce61e1348a3aaa361e332e4f599b2a0ea4a17c6de17e3314f3695?s=96&d=mm&r=g","caption":"Walter G\u00f3mez"},"description":"@Walter.ilustra, Creador de contenido. Estudio Dise\u00f1o Integral de Comunicaci\u00f3n. Soy activista social desde la Iglesia, estoy comprometido con la defensa provida en todas sus etapas y promuevo una educaci\u00f3n sexual responsable e integral para j\u00f3venes. He creado, dise\u00f1ado y colaborado en distintas plataformas de evangelizaci\u00f3n. Dise\u00f1ador Freelance. Todos mis procesos creativos inician con oraci\u00f3n. Nicarag\u00fcense.","url":"https:\/\/exaudi.org\/es\/author\/waltergomez\/"}]}},"jetpack_featured_media_url":"https:\/\/exaudi.org\/wp-content\/uploads\/2021\/06\/WhatsApp-Image-2021-06-17-at-8.32.15-AM.jpeg","jetpack_shortlink":"https:\/\/wp.me\/pgKjF2-5Zr","_links":{"self":[{"href":"https:\/\/exaudi.org\/es\/wp-json\/wp\/v2\/posts\/23029","targetHints":{"allow":["GET"]}}],"collection":[{"href":"https:\/\/exaudi.org\/es\/wp-json\/wp\/v2\/posts"}],"about":[{"href":"https:\/\/exaudi.org\/es\/wp-json\/wp\/v2\/types\/post"}],"author":[{"embeddable":true,"href":"https:\/\/exaudi.org\/es\/wp-json\/wp\/v2\/users\/58"}],"replies":[{"embeddable":true,"href":"https:\/\/exaudi.org\/es\/wp-json\/wp\/v2\/comments?post=23029"}],"version-history":[{"count":0,"href":"https:\/\/exaudi.org\/es\/wp-json\/wp\/v2\/posts\/23029\/revisions"}],"wp:featuredmedia":[{"embeddable":true,"href":"https:\/\/exaudi.org\/es\/wp-json\/wp\/v2\/media\/23040"}],"wp:attachment":[{"href":"https:\/\/exaudi.org\/es\/wp-json\/wp\/v2\/media?parent=23029"}],"wp:term":[{"taxonomy":"category","embeddable":true,"href":"https:\/\/exaudi.org\/es\/wp-json\/wp\/v2\/categories?post=23029"},{"taxonomy":"post_tag","embeddable":true,"href":"https:\/\/exaudi.org\/es\/wp-json\/wp\/v2\/tags?post=23029"}],"curies":[{"name":"wp","href":"https:\/\/api.w.org\/{rel}","templated":true}]}}