{"id":22900,"date":"2021-06-16T17:41:23","date_gmt":"2021-06-16T15:41:23","guid":{"rendered":"https:\/\/exaudi.org\/?p=22900"},"modified":"2021-06-17T15:04:30","modified_gmt":"2021-06-17T13:04:30","slug":"papa-francisco-presidente-celam","status":"publish","type":"post","link":"https:\/\/exaudi.org\/es\/papa-francisco-presidente-celam\/","title":{"rendered":"El Papa Francisco recibe al presidente del CELAM"},"content":{"rendered":"<p style=\"font-weight: 400\">El Papa Francisco recibi\u00f3 en audiencia privada a <a href=\"https:\/\/exaudi.org\/es\/entrevista-mons-cabrejos-presidente-episcopado-latinoamericano\/\" target=\"_blank\" rel=\"noopener noreferrer\">Monse\u00f1or Miguel Cabrejos Vidarte<\/a>, presidente del <a href=\"http:\/\/celam.org\/\" target=\"_blank\" rel=\"noopener noreferrer\">Consejo Episcopal Latinoamericano \u2013 CELAM<\/a> y de la <a href=\"https:\/\/www.iglesiacatolica.org.pe\/\" target=\"_blank\" rel=\"noopener noreferrer\">Conferencia Episcopal Peruana<\/a>, en el Palacio Apost\u00f3lico del Vaticano el pasado s\u00e1bado, 12 de junio de 2021.<\/p>\n<p style=\"font-weight: 400\">De acuerdo a una nota difundida hoy, 16 de junio, por el Episcopado peruano Mons. Cabrejos llev\u00f3 el afectuoso saludo de todo el pueblo peruano y del pueblo latinoamericano y caribe\u00f1o al Santo Padre. Durante la reuni\u00f3n, el presidente del CELAM comparti\u00f3 con Francisco la aprobaci\u00f3n del <a href=\"https:\/\/exaudi.org\/es\/celam-9-principios-proceso-renovacion\/\" target=\"_blank\" rel=\"noopener noreferrer\">Proceso de Renovaci\u00f3n y Reestructuraci\u00f3n del CELAM<\/a> que se dio durante la <a href=\"https:\/\/exaudi.org\/es\/38a-asamblea-celam-carta-al-papa-francisco\/\" target=\"_blank\" rel=\"noopener noreferrer\">38\u00aa Asamblea General del Episcopado Latinoamericano<\/a> que se realiz\u00f3 de manera virtual y presencial en la arquidi\u00f3cesis de Trujillo.<\/p>\n<p style=\"font-weight: 400\">De acuerdo a la misma fuente, el Papa, por su parte, expres\u00f3 al presidente CELAM su ilusi\u00f3n y alegr\u00eda ante la pr\u00f3xima realizaci\u00f3n de la Asamblea Eclesial de Am\u00e9rica Latina y El Caribe, cuyo <a href=\"https:\/\/exaudi.org\/es\/asamblea-eclesial-america-latina-inicia-el-proceso-de-escucha\/\" target=\"_blank\" rel=\"noopener noreferrer\">Proceso de Escucha<\/a> se est\u00e1 llevando a cabo ya en las 22 conferencias episcopales del continente. Finalmente, el presidente de la CEP expres\u00f3 al Pont\u00edfice el importante apoyo que ofreci\u00f3 la Iglesia peruana frente a la pandemia del COVID-19.<\/p>\n<h4><strong>Consejo Episcopal Latinoamericano (CELAM)<\/strong><\/h4>\n<p>Creado en el a\u00f1o 1955, el Consejo Episcopal Latinoamericano es un organismo de comuni\u00f3n, reflexi\u00f3n, colaboraci\u00f3n y servicio como signo e instrumento del afecto colegial en perfecta comuni\u00f3n con la Iglesia universal y con su cabeza visible, el Romano Pont\u00edfice, indica su p\u00e1gina <em>web<\/em> oficial. Como organismo de servicio, el CELAM supone ante todo animaci\u00f3n y ayuda a la reflexi\u00f3n y a la acci\u00f3n pastoral de la Iglesia en Am\u00e9rica Latina y El Caribe.<\/p>\n<p class=\"cuadrito img-rounded txt_cuadrito\">El CELAM presta servicios de contacto, comuni\u00f3n, formaci\u00f3n, investigaci\u00f3n y reflexi\u00f3n a las 22 Conferencias Episcopales que se sit\u00faan desde M\u00e9xico hasta el Cabo de Hornos, incluyendo el Caribe y las Antillas.<\/p>\n","protected":false},"excerpt":{"rendered":"<p>Monse\u00f1or Miguel Cabrejos Vidarte<\/p>\n","protected":false},"author":5,"featured_media":22902,"comment_status":"closed","ping_status":"closed","sticky":false,"template":"","format":"standard","meta":{"_acf_changed":false,"_crdt_document":"","inline_featured_image":false,"footnotes":""},"categories":[68],"tags":[252,885,2909,158],"class_list":["post-22900","post","type-post","status-publish","format-standard","has-post-thumbnail","hentry","category-leon-xiv","tag-asamblea-eclesial-de-america-latina-y-el-caribe","tag-consejo-episcopal-latinoamericano","tag-monsenor-miguel-cabrejos-vidarte","tag-papa-francisco"],"acf":[],"yoast_head":"<!-- This site is optimized with the Yoast SEO plugin v27.5 - https:\/\/yoast.com\/product\/yoast-seo-wordpress\/ -->\n<title>El Papa Francisco recibe al presidente del CELAM &#8211; Exaudi<\/title>\n<meta name=\"description\" content=\"El Papa recibi\u00f3 en audiencia privada a Mons. Cabrejos Vidarte, presidente del CELAM y de la Conferencia Episcopal Peruana en el Vaticano\" \/>\n<meta name=\"robots\" content=\"index, follow, max-snippet:-1, max-image-preview:large, max-video-preview:-1\" \/>\n<link rel=\"canonical\" href=\"https:\/\/exaudi.org\/es\/papa-francisco-presidente-celam\/\" \/>\n<meta property=\"og:locale\" content=\"es_ES\" \/>\n<meta property=\"og:type\" content=\"article\" \/>\n<meta property=\"og:title\" content=\"El Papa Francisco recibe al presidente del CELAM &#8211; Exaudi\" \/>\n<meta property=\"og:description\" content=\"El Papa recibi\u00f3 en audiencia privada a Mons. Cabrejos Vidarte, presidente del CELAM y de la Conferencia Episcopal Peruana en el Vaticano\" \/>\n<meta property=\"og:url\" content=\"https:\/\/exaudi.org\/es\/papa-francisco-presidente-celam\/\" \/>\n<meta property=\"og:site_name\" content=\"Exaudi\" \/>\n<meta property=\"article:publisher\" content=\"https:\/\/www.facebook.com\/ExaudiNews\" \/>\n<meta property=\"article:published_time\" content=\"2021-06-16T15:41:23+00:00\" \/>\n<meta property=\"article:modified_time\" content=\"2021-06-17T13:04:30+00:00\" \/>\n<meta property=\"og:image\" content=\"https:\/\/exaudi.org\/wp-content\/uploads\/2021\/06\/papa-francisco-y-mons-cabrejos.jpeg\" \/>\n\t<meta property=\"og:image:width\" content=\"1280\" \/>\n\t<meta property=\"og:image:height\" content=\"946\" \/>\n\t<meta property=\"og:image:type\" content=\"image\/jpeg\" \/>\n<meta name=\"author\" content=\"Larissa I. L\u00f3pez\" \/>\n<meta name=\"twitter:card\" content=\"summary_large_image\" \/>\n<meta name=\"twitter:creator\" content=\"@Exaudi_News\" \/>\n<meta name=\"twitter:site\" content=\"@Exaudi_News\" \/>\n<meta name=\"twitter:label1\" content=\"Escrito por\" \/>\n\t<meta name=\"twitter:data1\" content=\"Larissa I. L\u00f3pez\" \/>\n\t<meta name=\"twitter:label2\" content=\"Tiempo de lectura\" \/>\n\t<meta name=\"twitter:data2\" content=\"2 minutos\" \/>\n<script type=\"application\/ld+json\" class=\"yoast-schema-graph\">{\"@context\":\"https:\\\/\\\/schema.org\",\"@graph\":[{\"@type\":\"Article\",\"@id\":\"https:\\\/\\\/exaudi.org\\\/es\\\/papa-francisco-presidente-celam\\\/#article\",\"isPartOf\":{\"@id\":\"https:\\\/\\\/exaudi.org\\\/es\\\/papa-francisco-presidente-celam\\\/\"},\"author\":{\"name\":\"Larissa I. L\u00f3pez\",\"@id\":\"https:\\\/\\\/exaudi.org\\\/#\\\/schema\\\/person\\\/7d2f77db033c2c0929edfab6dbe8c588\"},\"headline\":\"El Papa Francisco recibe al presidente del CELAM\",\"datePublished\":\"2021-06-16T15:41:23+00:00\",\"dateModified\":\"2021-06-17T13:04:30+00:00\",\"mainEntityOfPage\":{\"@id\":\"https:\\\/\\\/exaudi.org\\\/es\\\/papa-francisco-presidente-celam\\\/\"},\"wordCount\":332,\"image\":{\"@id\":\"https:\\\/\\\/exaudi.org\\\/es\\\/papa-francisco-presidente-celam\\\/#primaryimage\"},\"thumbnailUrl\":\"https:\\\/\\\/exaudi.org\\\/wp-content\\\/uploads\\\/2021\\\/06\\\/papa-francisco-y-mons-cabrejos.jpeg\",\"keywords\":[\"Asamblea Eclesial de Am\u00e9rica Latina y el Caribe\",\"Consejo Episcopal Latinoamericano\",\"Monse\u00f1or Miguel Cabrejos Vidarte\",\"papa francisco\"],\"articleSection\":[\"Le\u00f3n XIV\"],\"inLanguage\":\"es\"},{\"@type\":\"WebPage\",\"@id\":\"https:\\\/\\\/exaudi.org\\\/es\\\/papa-francisco-presidente-celam\\\/\",\"url\":\"https:\\\/\\\/exaudi.org\\\/es\\\/papa-francisco-presidente-celam\\\/\",\"name\":\"El Papa Francisco recibe al presidente del CELAM &#8211; Exaudi\",\"isPartOf\":{\"@id\":\"https:\\\/\\\/exaudi.org\\\/#website\"},\"primaryImageOfPage\":{\"@id\":\"https:\\\/\\\/exaudi.org\\\/es\\\/papa-francisco-presidente-celam\\\/#primaryimage\"},\"image\":{\"@id\":\"https:\\\/\\\/exaudi.org\\\/es\\\/papa-francisco-presidente-celam\\\/#primaryimage\"},\"thumbnailUrl\":\"https:\\\/\\\/exaudi.org\\\/wp-content\\\/uploads\\\/2021\\\/06\\\/papa-francisco-y-mons-cabrejos.jpeg\",\"datePublished\":\"2021-06-16T15:41:23+00:00\",\"dateModified\":\"2021-06-17T13:04:30+00:00\",\"author\":{\"@id\":\"https:\\\/\\\/exaudi.org\\\/#\\\/schema\\\/person\\\/7d2f77db033c2c0929edfab6dbe8c588\"},\"description\":\"El Papa recibi\u00f3 en audiencia privada a Mons. Cabrejos Vidarte, presidente del CELAM y de la Conferencia Episcopal Peruana en el Vaticano\",\"breadcrumb\":{\"@id\":\"https:\\\/\\\/exaudi.org\\\/es\\\/papa-francisco-presidente-celam\\\/#breadcrumb\"},\"inLanguage\":\"es\",\"potentialAction\":[{\"@type\":\"ReadAction\",\"target\":[\"https:\\\/\\\/exaudi.org\\\/es\\\/papa-francisco-presidente-celam\\\/\"]}]},{\"@type\":\"ImageObject\",\"inLanguage\":\"es\",\"@id\":\"https:\\\/\\\/exaudi.org\\\/es\\\/papa-francisco-presidente-celam\\\/#primaryimage\",\"url\":\"https:\\\/\\\/exaudi.org\\\/wp-content\\\/uploads\\\/2021\\\/06\\\/papa-francisco-y-mons-cabrejos.jpeg\",\"contentUrl\":\"https:\\\/\\\/exaudi.org\\\/wp-content\\\/uploads\\\/2021\\\/06\\\/papa-francisco-y-mons-cabrejos.jpeg\",\"width\":1280,\"height\":946,\"caption\":\"Papa Francisco y Mons. Miguel Cabrejos \u00a9 Vatican Media\"},{\"@type\":\"BreadcrumbList\",\"@id\":\"https:\\\/\\\/exaudi.org\\\/es\\\/papa-francisco-presidente-celam\\\/#breadcrumb\",\"itemListElement\":[{\"@type\":\"ListItem\",\"position\":1,\"name\":\"Portada\",\"item\":\"https:\\\/\\\/exaudi.org\\\/es\\\/\"},{\"@type\":\"ListItem\",\"position\":2,\"name\":\"El Papa Francisco recibe al presidente del CELAM\"}]},{\"@type\":\"WebSite\",\"@id\":\"https:\\\/\\\/exaudi.org\\\/#website\",\"url\":\"https:\\\/\\\/exaudi.org\\\/\",\"name\":\"Exaudi\",\"description\":\"News\",\"potentialAction\":[{\"@type\":\"SearchAction\",\"target\":{\"@type\":\"EntryPoint\",\"urlTemplate\":\"https:\\\/\\\/exaudi.org\\\/?s={search_term_string}\"},\"query-input\":{\"@type\":\"PropertyValueSpecification\",\"valueRequired\":true,\"valueName\":\"search_term_string\"}}],\"inLanguage\":\"es\"},{\"@type\":\"Person\",\"@id\":\"https:\\\/\\\/exaudi.org\\\/#\\\/schema\\\/person\\\/7d2f77db033c2c0929edfab6dbe8c588\",\"name\":\"Larissa I. L\u00f3pez\",\"image\":{\"@type\":\"ImageObject\",\"inLanguage\":\"es\",\"@id\":\"https:\\\/\\\/secure.gravatar.com\\\/avatar\\\/db3ef399ff343d0bb9d25dc5198bc8ece5ac6d621eca79876697a354dabc1e3f?s=96&d=mm&r=g\",\"url\":\"https:\\\/\\\/secure.gravatar.com\\\/avatar\\\/db3ef399ff343d0bb9d25dc5198bc8ece5ac6d621eca79876697a354dabc1e3f?s=96&d=mm&r=g\",\"contentUrl\":\"https:\\\/\\\/secure.gravatar.com\\\/avatar\\\/db3ef399ff343d0bb9d25dc5198bc8ece5ac6d621eca79876697a354dabc1e3f?s=96&d=mm&r=g\",\"caption\":\"Larissa I. L\u00f3pez\"},\"description\":\"Doctora en Comunicaci\u00f3n. Mi trayectoria profesional ha transcurrido entre el \u00e1mbito de la comunicaci\u00f3n y el de la docencia. En los \u00faltimos a\u00f1os, he trabajado como coordinadora y redactora de la edici\u00f3n de ZENIT en espa\u00f1ol. Como profesora, he impartido clases en la universidad y en centros de FP y bachillerato. Cordobesa de nacimiento, tambi\u00e9n he vivido en Sevilla, Madrid y Roma\",\"url\":\"https:\\\/\\\/exaudi.org\\\/es\\\/author\\\/llopezexaudi-org\\\/\"}]}<\/script>\n<!-- \/ Yoast SEO plugin. -->","yoast_head_json":{"title":"El Papa Francisco recibe al presidente del CELAM &#8211; Exaudi","description":"El Papa recibi\u00f3 en audiencia privada a Mons. Cabrejos Vidarte, presidente del CELAM y de la Conferencia Episcopal Peruana en el Vaticano","robots":{"index":"index","follow":"follow","max-snippet":"max-snippet:-1","max-image-preview":"max-image-preview:large","max-video-preview":"max-video-preview:-1"},"canonical":"https:\/\/exaudi.org\/es\/papa-francisco-presidente-celam\/","og_locale":"es_ES","og_type":"article","og_title":"El Papa Francisco recibe al presidente del CELAM &#8211; Exaudi","og_description":"El Papa recibi\u00f3 en audiencia privada a Mons. Cabrejos Vidarte, presidente del CELAM y de la Conferencia Episcopal Peruana en el Vaticano","og_url":"https:\/\/exaudi.org\/es\/papa-francisco-presidente-celam\/","og_site_name":"Exaudi","article_publisher":"https:\/\/www.facebook.com\/ExaudiNews","article_published_time":"2021-06-16T15:41:23+00:00","article_modified_time":"2021-06-17T13:04:30+00:00","og_image":[{"width":1280,"height":946,"url":"https:\/\/exaudi.org\/wp-content\/uploads\/2021\/06\/papa-francisco-y-mons-cabrejos.jpeg","type":"image\/jpeg"}],"author":"Larissa I. L\u00f3pez","twitter_card":"summary_large_image","twitter_creator":"@Exaudi_News","twitter_site":"@Exaudi_News","twitter_misc":{"Escrito por":"Larissa I. L\u00f3pez","Tiempo de lectura":"2 minutos"},"schema":{"@context":"https:\/\/schema.org","@graph":[{"@type":"Article","@id":"https:\/\/exaudi.org\/es\/papa-francisco-presidente-celam\/#article","isPartOf":{"@id":"https:\/\/exaudi.org\/es\/papa-francisco-presidente-celam\/"},"author":{"name":"Larissa I. L\u00f3pez","@id":"https:\/\/exaudi.org\/#\/schema\/person\/7d2f77db033c2c0929edfab6dbe8c588"},"headline":"El Papa Francisco recibe al presidente del CELAM","datePublished":"2021-06-16T15:41:23+00:00","dateModified":"2021-06-17T13:04:30+00:00","mainEntityOfPage":{"@id":"https:\/\/exaudi.org\/es\/papa-francisco-presidente-celam\/"},"wordCount":332,"image":{"@id":"https:\/\/exaudi.org\/es\/papa-francisco-presidente-celam\/#primaryimage"},"thumbnailUrl":"https:\/\/exaudi.org\/wp-content\/uploads\/2021\/06\/papa-francisco-y-mons-cabrejos.jpeg","keywords":["Asamblea Eclesial de Am\u00e9rica Latina y el Caribe","Consejo Episcopal Latinoamericano","Monse\u00f1or Miguel Cabrejos Vidarte","papa francisco"],"articleSection":["Le\u00f3n XIV"],"inLanguage":"es"},{"@type":"WebPage","@id":"https:\/\/exaudi.org\/es\/papa-francisco-presidente-celam\/","url":"https:\/\/exaudi.org\/es\/papa-francisco-presidente-celam\/","name":"El Papa Francisco recibe al presidente del CELAM &#8211; Exaudi","isPartOf":{"@id":"https:\/\/exaudi.org\/#website"},"primaryImageOfPage":{"@id":"https:\/\/exaudi.org\/es\/papa-francisco-presidente-celam\/#primaryimage"},"image":{"@id":"https:\/\/exaudi.org\/es\/papa-francisco-presidente-celam\/#primaryimage"},"thumbnailUrl":"https:\/\/exaudi.org\/wp-content\/uploads\/2021\/06\/papa-francisco-y-mons-cabrejos.jpeg","datePublished":"2021-06-16T15:41:23+00:00","dateModified":"2021-06-17T13:04:30+00:00","author":{"@id":"https:\/\/exaudi.org\/#\/schema\/person\/7d2f77db033c2c0929edfab6dbe8c588"},"description":"El Papa recibi\u00f3 en audiencia privada a Mons. Cabrejos Vidarte, presidente del CELAM y de la Conferencia Episcopal Peruana en el Vaticano","breadcrumb":{"@id":"https:\/\/exaudi.org\/es\/papa-francisco-presidente-celam\/#breadcrumb"},"inLanguage":"es","potentialAction":[{"@type":"ReadAction","target":["https:\/\/exaudi.org\/es\/papa-francisco-presidente-celam\/"]}]},{"@type":"ImageObject","inLanguage":"es","@id":"https:\/\/exaudi.org\/es\/papa-francisco-presidente-celam\/#primaryimage","url":"https:\/\/exaudi.org\/wp-content\/uploads\/2021\/06\/papa-francisco-y-mons-cabrejos.jpeg","contentUrl":"https:\/\/exaudi.org\/wp-content\/uploads\/2021\/06\/papa-francisco-y-mons-cabrejos.jpeg","width":1280,"height":946,"caption":"Papa Francisco y Mons. Miguel Cabrejos \u00a9 Vatican Media"},{"@type":"BreadcrumbList","@id":"https:\/\/exaudi.org\/es\/papa-francisco-presidente-celam\/#breadcrumb","itemListElement":[{"@type":"ListItem","position":1,"name":"Portada","item":"https:\/\/exaudi.org\/es\/"},{"@type":"ListItem","position":2,"name":"El Papa Francisco recibe al presidente del CELAM"}]},{"@type":"WebSite","@id":"https:\/\/exaudi.org\/#website","url":"https:\/\/exaudi.org\/","name":"Exaudi","description":"News","potentialAction":[{"@type":"SearchAction","target":{"@type":"EntryPoint","urlTemplate":"https:\/\/exaudi.org\/?s={search_term_string}"},"query-input":{"@type":"PropertyValueSpecification","valueRequired":true,"valueName":"search_term_string"}}],"inLanguage":"es"},{"@type":"Person","@id":"https:\/\/exaudi.org\/#\/schema\/person\/7d2f77db033c2c0929edfab6dbe8c588","name":"Larissa I. L\u00f3pez","image":{"@type":"ImageObject","inLanguage":"es","@id":"https:\/\/secure.gravatar.com\/avatar\/db3ef399ff343d0bb9d25dc5198bc8ece5ac6d621eca79876697a354dabc1e3f?s=96&d=mm&r=g","url":"https:\/\/secure.gravatar.com\/avatar\/db3ef399ff343d0bb9d25dc5198bc8ece5ac6d621eca79876697a354dabc1e3f?s=96&d=mm&r=g","contentUrl":"https:\/\/secure.gravatar.com\/avatar\/db3ef399ff343d0bb9d25dc5198bc8ece5ac6d621eca79876697a354dabc1e3f?s=96&d=mm&r=g","caption":"Larissa I. L\u00f3pez"},"description":"Doctora en Comunicaci\u00f3n. Mi trayectoria profesional ha transcurrido entre el \u00e1mbito de la comunicaci\u00f3n y el de la docencia. En los \u00faltimos a\u00f1os, he trabajado como coordinadora y redactora de la edici\u00f3n de ZENIT en espa\u00f1ol. Como profesora, he impartido clases en la universidad y en centros de FP y bachillerato. Cordobesa de nacimiento, tambi\u00e9n he vivido en Sevilla, Madrid y Roma","url":"https:\/\/exaudi.org\/es\/author\/llopezexaudi-org\/"}]}},"jetpack_featured_media_url":"https:\/\/exaudi.org\/wp-content\/uploads\/2021\/06\/papa-francisco-y-mons-cabrejos.jpeg","jetpack_shortlink":"https:\/\/wp.me\/pgKjF2-5Xm","_links":{"self":[{"href":"https:\/\/exaudi.org\/es\/wp-json\/wp\/v2\/posts\/22900","targetHints":{"allow":["GET"]}}],"collection":[{"href":"https:\/\/exaudi.org\/es\/wp-json\/wp\/v2\/posts"}],"about":[{"href":"https:\/\/exaudi.org\/es\/wp-json\/wp\/v2\/types\/post"}],"author":[{"embeddable":true,"href":"https:\/\/exaudi.org\/es\/wp-json\/wp\/v2\/users\/5"}],"replies":[{"embeddable":true,"href":"https:\/\/exaudi.org\/es\/wp-json\/wp\/v2\/comments?post=22900"}],"version-history":[{"count":0,"href":"https:\/\/exaudi.org\/es\/wp-json\/wp\/v2\/posts\/22900\/revisions"}],"wp:featuredmedia":[{"embeddable":true,"href":"https:\/\/exaudi.org\/es\/wp-json\/wp\/v2\/media\/22902"}],"wp:attachment":[{"href":"https:\/\/exaudi.org\/es\/wp-json\/wp\/v2\/media?parent=22900"}],"wp:term":[{"taxonomy":"category","embeddable":true,"href":"https:\/\/exaudi.org\/es\/wp-json\/wp\/v2\/categories?post=22900"},{"taxonomy":"post_tag","embeddable":true,"href":"https:\/\/exaudi.org\/es\/wp-json\/wp\/v2\/tags?post=22900"}],"curies":[{"name":"wp","href":"https:\/\/api.w.org\/{rel}","templated":true}]}}