{"id":22770,"date":"2021-06-16T12:44:10","date_gmt":"2021-06-16T10:44:10","guid":{"rendered":"https:\/\/exaudi.org\/?p=22770"},"modified":"2021-06-16T18:05:07","modified_gmt":"2021-06-16T16:05:07","slug":"dicasterio-para-comunicacion-papa-nombra-asistente-eclesiastico","status":"publish","type":"post","link":"https:\/\/exaudi.org\/es\/dicasterio-para-comunicacion-papa-nombra-asistente-eclesiastico\/","title":{"rendered":"Dicasterio para Comunicaci\u00f3n: El Papa nombra asistente eclesi\u00e1stico"},"content":{"rendered":"<p>El Papa Francisco ha nombrado asistente eclesi\u00e1stico del <a href=\"https:\/\/www.vatican.va\/\" target=\"_blank\" rel=\"noopener noreferrer\">Dicasterio para la Comunicaci\u00f3n<\/a> y editorialista de <em>L&#8217;Osservatore Romano<\/em> al reverendo Luigi Maria Epicoco, del clero de la archidi\u00f3cesis de L&#8217;Aquila, Italia. As\u00ed ha informado hoy, mi\u00e9rcoles 16 de junio de 2021, la<a href=\"https:\/\/www.vatican.va\/news_services\/press\/index_sp.htm\" target=\"_blank\" rel=\"noopener noreferrer\"> Oficina de Prensa de la Santa Sede<\/a>.<\/p>\n<h4><strong>Rev. Luigi Maria Epicoco<\/strong><\/h4>\n<p>Seg\u00fan informa la Pontificia Universidad Lateranense de Roma, el padre Epicoco es un sacerdote de la di\u00f3cesis de L&#8217;Aquila. Es decano y profesor de Filosof\u00eda Te\u00f3rica en el ISSR <em>Fides et Ratio<\/em>. Est\u00e1 licenciado en Filosof\u00eda y Teolog\u00eda Moral. Actualmente es p\u00e1rroco de la Universidad de L&#8217;Aquila y director de la Residencia Universitaria San Carlos Borromeo. Tambi\u00e9n dirige la revista teol\u00f3gica\u00a0<em>FedeLmente<\/em> del ISSR.<\/p>\n<h4><strong>Dicasterio para la Comunicaci\u00f3n<\/strong><\/h4>\n<p>La Santa Sede describe que la Secretar\u00eda para la Comunicaci\u00f3n fue instituida por el Papa Francisco con la Carta Apost\u00f3lica en forma de\u00a0<em>Motu Proprio<\/em>\u00a0<em><a href=\"http:\/\/www.vatican.va\/content\/francesco\/es\/motu_proprio\/documents\/papa-francesco-motu-proprio_20150627_segreteria-comunicazione.html\" target=\"_blank\" rel=\"noopener noreferrer\">El actual contexto de la comunicaci\u00f3n<\/a><\/em><em>,\u00a0<\/em>del 27 de junio de 2015. A este nuevo dicasterio de la Curia Romana le ha sido confiada la tarea de reestructurar, mediante un proceso de reorganizaci\u00f3n y agrupamiento, \u201ctodas las realidades que, en diversos modos, se han ocupado de la comunicaci\u00f3n hasta el d\u00eda de hoy\u201d, con el fin de \u201cresponder mejor a las exigencias de la misi\u00f3n de la Iglesia\u201d. De este modo se pretende replantear el sistema comunicativo de la Santa Sede.<\/p>\n<p><img loading=\"lazy\" decoding=\"async\" class=\"alignright size-medium wp-image-18582 td-animation-stack-type0-2\" src=\"https:\/\/exaudi.org\/wp-content\/uploads\/2021\/05\/cq5dam.web_.800.800-8-1-300x200.jpeg\" alt=\"\" width=\"300\" height=\"200\" srcset=\"https:\/\/exaudi.org\/wp-content\/uploads\/2021\/05\/cq5dam.web_.800.800-8-1-300x200.jpeg 300w, https:\/\/exaudi.org\/wp-content\/uploads\/2021\/05\/cq5dam.web_.800.800-8-1-768x512.jpeg 768w, https:\/\/exaudi.org\/wp-content\/uploads\/2021\/05\/cq5dam.web_.800.800-8-1-150x100.jpeg 150w, https:\/\/exaudi.org\/wp-content\/uploads\/2021\/05\/cq5dam.web_.800.800-8-1-696x464.jpeg 696w, https:\/\/exaudi.org\/wp-content\/uploads\/2021\/05\/cq5dam.web_.800.800-8-1-630x420.jpeg 630w, https:\/\/exaudi.org\/wp-content\/uploads\/2021\/05\/cq5dam.web_.800.800-8-1.jpeg 800w\" sizes=\"auto, (max-width: 300px) 100vw, 300px\" \/><\/p>\n<p>Gracias a esta reestructuraci\u00f3n, la Sede Apost\u00f3lica podr\u00e1 servirse del Dicasterio como referente unitario para la comunicaci\u00f3n, cada vez m\u00e1s compleja e interdependiente en el escenario medi\u00e1tico actual. Las realidades implicadas en dicho proceso son: Centro Televisivo Vaticano, Librer\u00eda Editora Vaticana,\u00a0<em>L\u2019Osservatore Romano,\u00a0<\/em>Pontificio Consejo para las Comunicaciones Sociales, Radio Vaticana, Oficina de Prensa de la Santa Sede, Servicio Fotogr\u00e1fico, Servicio Internet Vaticano y Tipograf\u00eda Vaticana.<\/p>\n<p>Estos organismos, que ser\u00e1n unificados seg\u00fan los tiempos preestablecidos, seguir\u00e1n desarrollando mientras tanto sus propias actividades, ateni\u00e9ndose ya a las indicaciones dadas por la Secretar\u00eda para la Comunicaci\u00f3n. Con el citado\u00a0<em>Motu<\/em>\u00a0<em>Proprio<\/em><em>,<\/em>\u00a0el Santo Padre ha dispuesto adem\u00e1s que, de acuerdo con la Secretar\u00eda de Estado, el nuevo Dicasterio asuma \u201cel sitio web institucional de la Santa Sede:\u00a0<a href=\"http:\/\/www.vatican.va\/\" target=\"_blank\" rel=\"noopener noreferrer\">www.vatican.va<\/a>\u00a0y el servicio\u00a0<em>Twitter<\/em>\u00a0del Sumo Pont\u00edfice:\u00a0<a href=\"https:\/\/twitter.com\/Pontifex_es\" target=\"_blank\" rel=\"noopener noreferrer\">@pontifex<\/a>\u201d.<\/p>\n","protected":false},"excerpt":{"rendered":"<p>Y editorialista de L&#8217;Osservatore Romano<\/p>\n","protected":false},"author":6,"featured_media":22807,"comment_status":"closed","ping_status":"closed","sticky":false,"template":"","format":"standard","meta":{"_acf_changed":false,"_crdt_document":"","inline_featured_image":false,"footnotes":""},"categories":[138,298],"tags":[554,1556,292,2902],"class_list":["post-22770","post","type-post","status-publish","format-standard","has-post-thumbnail","hentry","category-dicasterios","category-ultimas-noticias","tag-dicasterio-para-la-comunicacion-del-vaticano","tag-losservatore-romano","tag-nombramiento","tag-reverendo-luigi-maria-epicoco"],"acf":[],"yoast_head":"<!-- This site is optimized with the Yoast SEO plugin v27.5 - https:\/\/yoast.com\/product\/yoast-seo-wordpress\/ -->\n<title>Dicasterio para Comunicaci\u00f3n: El Papa nombra asistente eclesi\u00e1stico<\/title>\n<meta name=\"description\" content=\"El Papa ha nombrado asistente eclesi\u00e1stico del Dicasterio para la Comunicaci\u00f3n al reverendo Luigi Maria Epicoco, del clero de L&#039;Aquila.\" \/>\n<meta name=\"robots\" content=\"index, follow, max-snippet:-1, max-image-preview:large, max-video-preview:-1\" \/>\n<link rel=\"canonical\" href=\"https:\/\/exaudi.org\/es\/dicasterio-para-comunicacion-papa-nombra-asistente-eclesiastico\/\" \/>\n<meta property=\"og:locale\" content=\"es_ES\" \/>\n<meta property=\"og:type\" content=\"article\" \/>\n<meta property=\"og:title\" content=\"Dicasterio para Comunicaci\u00f3n: El Papa nombra asistente eclesi\u00e1stico\" \/>\n<meta property=\"og:description\" content=\"El Papa ha nombrado asistente eclesi\u00e1stico del Dicasterio para la Comunicaci\u00f3n al reverendo Luigi Maria Epicoco, del clero de L&#039;Aquila.\" \/>\n<meta property=\"og:url\" content=\"https:\/\/exaudi.org\/es\/dicasterio-para-comunicacion-papa-nombra-asistente-eclesiastico\/\" \/>\n<meta property=\"og:site_name\" content=\"Exaudi\" \/>\n<meta property=\"article:publisher\" content=\"https:\/\/www.facebook.com\/ExaudiNews\" \/>\n<meta property=\"article:published_time\" content=\"2021-06-16T10:44:10+00:00\" \/>\n<meta property=\"article:modified_time\" content=\"2021-06-16T16:05:07+00:00\" \/>\n<meta property=\"og:image\" content=\"https:\/\/exaudi.org\/wp-content\/uploads\/2021\/06\/5n62v344vb.jpg\" \/>\n\t<meta property=\"og:image:width\" content=\"1235\" \/>\n\t<meta property=\"og:image:height\" content=\"695\" \/>\n\t<meta property=\"og:image:type\" content=\"image\/jpeg\" \/>\n<meta name=\"author\" content=\"Gabriel Sales\" \/>\n<meta name=\"twitter:card\" content=\"summary_large_image\" \/>\n<meta name=\"twitter:creator\" content=\"@habemusman\" \/>\n<meta name=\"twitter:site\" content=\"@Exaudi_News\" \/>\n<meta name=\"twitter:label1\" content=\"Escrito por\" \/>\n\t<meta name=\"twitter:data1\" content=\"Gabriel Sales\" \/>\n\t<meta name=\"twitter:label2\" content=\"Tiempo de lectura\" \/>\n\t<meta name=\"twitter:data2\" content=\"2 minutos\" \/>\n<script type=\"application\/ld+json\" class=\"yoast-schema-graph\">{\"@context\":\"https:\\\/\\\/schema.org\",\"@graph\":[{\"@type\":\"Article\",\"@id\":\"https:\\\/\\\/exaudi.org\\\/es\\\/dicasterio-para-comunicacion-papa-nombra-asistente-eclesiastico\\\/#article\",\"isPartOf\":{\"@id\":\"https:\\\/\\\/exaudi.org\\\/es\\\/dicasterio-para-comunicacion-papa-nombra-asistente-eclesiastico\\\/\"},\"author\":{\"name\":\"Gabriel Sales\",\"@id\":\"https:\\\/\\\/exaudi.org\\\/#\\\/schema\\\/person\\\/d134b96438278131ce90c90c03fda6cd\"},\"headline\":\"Dicasterio para Comunicaci\u00f3n: El Papa nombra asistente eclesi\u00e1stico\",\"datePublished\":\"2021-06-16T10:44:10+00:00\",\"dateModified\":\"2021-06-16T16:05:07+00:00\",\"mainEntityOfPage\":{\"@id\":\"https:\\\/\\\/exaudi.org\\\/es\\\/dicasterio-para-comunicacion-papa-nombra-asistente-eclesiastico\\\/\"},\"wordCount\":412,\"image\":{\"@id\":\"https:\\\/\\\/exaudi.org\\\/es\\\/dicasterio-para-comunicacion-papa-nombra-asistente-eclesiastico\\\/#primaryimage\"},\"thumbnailUrl\":\"https:\\\/\\\/exaudi.org\\\/wp-content\\\/uploads\\\/2021\\\/06\\\/5n62v344vb.jpg\",\"keywords\":[\"Dicasterio para la Comunicaci\u00f3n del Vaticano\",\"L'Osservatore Romano\",\"Nombramiento\",\"Reverendo Luigi Maria Epicoco\"],\"articleSection\":[\"Dicasterios\",\"\u00daltimas noticias\"],\"inLanguage\":\"es\"},{\"@type\":\"WebPage\",\"@id\":\"https:\\\/\\\/exaudi.org\\\/es\\\/dicasterio-para-comunicacion-papa-nombra-asistente-eclesiastico\\\/\",\"url\":\"https:\\\/\\\/exaudi.org\\\/es\\\/dicasterio-para-comunicacion-papa-nombra-asistente-eclesiastico\\\/\",\"name\":\"Dicasterio para Comunicaci\u00f3n: El Papa nombra asistente eclesi\u00e1stico\",\"isPartOf\":{\"@id\":\"https:\\\/\\\/exaudi.org\\\/#website\"},\"primaryImageOfPage\":{\"@id\":\"https:\\\/\\\/exaudi.org\\\/es\\\/dicasterio-para-comunicacion-papa-nombra-asistente-eclesiastico\\\/#primaryimage\"},\"image\":{\"@id\":\"https:\\\/\\\/exaudi.org\\\/es\\\/dicasterio-para-comunicacion-papa-nombra-asistente-eclesiastico\\\/#primaryimage\"},\"thumbnailUrl\":\"https:\\\/\\\/exaudi.org\\\/wp-content\\\/uploads\\\/2021\\\/06\\\/5n62v344vb.jpg\",\"datePublished\":\"2021-06-16T10:44:10+00:00\",\"dateModified\":\"2021-06-16T16:05:07+00:00\",\"author\":{\"@id\":\"https:\\\/\\\/exaudi.org\\\/#\\\/schema\\\/person\\\/d134b96438278131ce90c90c03fda6cd\"},\"description\":\"El Papa ha nombrado asistente eclesi\u00e1stico del Dicasterio para la Comunicaci\u00f3n al reverendo Luigi Maria Epicoco, del clero de L'Aquila.\",\"breadcrumb\":{\"@id\":\"https:\\\/\\\/exaudi.org\\\/es\\\/dicasterio-para-comunicacion-papa-nombra-asistente-eclesiastico\\\/#breadcrumb\"},\"inLanguage\":\"es\",\"potentialAction\":[{\"@type\":\"ReadAction\",\"target\":[\"https:\\\/\\\/exaudi.org\\\/es\\\/dicasterio-para-comunicacion-papa-nombra-asistente-eclesiastico\\\/\"]}]},{\"@type\":\"ImageObject\",\"inLanguage\":\"es\",\"@id\":\"https:\\\/\\\/exaudi.org\\\/es\\\/dicasterio-para-comunicacion-papa-nombra-asistente-eclesiastico\\\/#primaryimage\",\"url\":\"https:\\\/\\\/exaudi.org\\\/wp-content\\\/uploads\\\/2021\\\/06\\\/5n62v344vb.jpg\",\"contentUrl\":\"https:\\\/\\\/exaudi.org\\\/wp-content\\\/uploads\\\/2021\\\/06\\\/5n62v344vb.jpg\",\"width\":1235,\"height\":695,\"caption\":\"Reverendo Epicoco \u00a9 Ioamogesu.com\"},{\"@type\":\"BreadcrumbList\",\"@id\":\"https:\\\/\\\/exaudi.org\\\/es\\\/dicasterio-para-comunicacion-papa-nombra-asistente-eclesiastico\\\/#breadcrumb\",\"itemListElement\":[{\"@type\":\"ListItem\",\"position\":1,\"name\":\"Portada\",\"item\":\"https:\\\/\\\/exaudi.org\\\/es\\\/\"},{\"@type\":\"ListItem\",\"position\":2,\"name\":\"Dicasterio para Comunicaci\u00f3n: El Papa nombra asistente eclesi\u00e1stico\"}]},{\"@type\":\"WebSite\",\"@id\":\"https:\\\/\\\/exaudi.org\\\/#website\",\"url\":\"https:\\\/\\\/exaudi.org\\\/\",\"name\":\"Exaudi\",\"description\":\"News\",\"potentialAction\":[{\"@type\":\"SearchAction\",\"target\":{\"@type\":\"EntryPoint\",\"urlTemplate\":\"https:\\\/\\\/exaudi.org\\\/?s={search_term_string}\"},\"query-input\":{\"@type\":\"PropertyValueSpecification\",\"valueRequired\":true,\"valueName\":\"search_term_string\"}}],\"inLanguage\":\"es\"},{\"@type\":\"Person\",\"@id\":\"https:\\\/\\\/exaudi.org\\\/#\\\/schema\\\/person\\\/d134b96438278131ce90c90c03fda6cd\",\"name\":\"Gabriel Sales\",\"image\":{\"@type\":\"ImageObject\",\"inLanguage\":\"es\",\"@id\":\"https:\\\/\\\/secure.gravatar.com\\\/avatar\\\/9b1269566f6a063ed26ffb3532b66a373cdde231ce5d0effb266167437fdaffd?s=96&d=mm&r=g\",\"url\":\"https:\\\/\\\/secure.gravatar.com\\\/avatar\\\/9b1269566f6a063ed26ffb3532b66a373cdde231ce5d0effb266167437fdaffd?s=96&d=mm&r=g\",\"contentUrl\":\"https:\\\/\\\/secure.gravatar.com\\\/avatar\\\/9b1269566f6a063ed26ffb3532b66a373cdde231ce5d0effb266167437fdaffd?s=96&d=mm&r=g\",\"caption\":\"Gabriel Sales\"},\"description\":\"Periodista y especialista en Comunicaci\u00f3n y Branding digital. Cin\u00e9filo y cr\u00edtico de cine y series de televisi\u00f3n.\",\"sameAs\":[\"https:\\\/\\\/www.instagram.com\\\/cine90segundos\\\/\",\"www.linkedin.com\\\/in\\\/habemusman\",\"https:\\\/\\\/x.com\\\/habemusman\",\"https:\\\/\\\/www.youtube.com\\\/channel\\\/UCVfCiOMkJ_C7T7OpyjuaLDg\"],\"url\":\"https:\\\/\\\/exaudi.org\\\/es\\\/author\\\/gsalesexaudi-org\\\/\"}]}<\/script>\n<!-- \/ Yoast SEO plugin. -->","yoast_head_json":{"title":"Dicasterio para Comunicaci\u00f3n: El Papa nombra asistente eclesi\u00e1stico","description":"El Papa ha nombrado asistente eclesi\u00e1stico del Dicasterio para la Comunicaci\u00f3n al reverendo Luigi Maria Epicoco, del clero de L'Aquila.","robots":{"index":"index","follow":"follow","max-snippet":"max-snippet:-1","max-image-preview":"max-image-preview:large","max-video-preview":"max-video-preview:-1"},"canonical":"https:\/\/exaudi.org\/es\/dicasterio-para-comunicacion-papa-nombra-asistente-eclesiastico\/","og_locale":"es_ES","og_type":"article","og_title":"Dicasterio para Comunicaci\u00f3n: El Papa nombra asistente eclesi\u00e1stico","og_description":"El Papa ha nombrado asistente eclesi\u00e1stico del Dicasterio para la Comunicaci\u00f3n al reverendo Luigi Maria Epicoco, del clero de L'Aquila.","og_url":"https:\/\/exaudi.org\/es\/dicasterio-para-comunicacion-papa-nombra-asistente-eclesiastico\/","og_site_name":"Exaudi","article_publisher":"https:\/\/www.facebook.com\/ExaudiNews","article_published_time":"2021-06-16T10:44:10+00:00","article_modified_time":"2021-06-16T16:05:07+00:00","og_image":[{"width":1235,"height":695,"url":"https:\/\/exaudi.org\/wp-content\/uploads\/2021\/06\/5n62v344vb.jpg","type":"image\/jpeg"}],"author":"Gabriel Sales","twitter_card":"summary_large_image","twitter_creator":"@habemusman","twitter_site":"@Exaudi_News","twitter_misc":{"Escrito por":"Gabriel Sales","Tiempo de lectura":"2 minutos"},"schema":{"@context":"https:\/\/schema.org","@graph":[{"@type":"Article","@id":"https:\/\/exaudi.org\/es\/dicasterio-para-comunicacion-papa-nombra-asistente-eclesiastico\/#article","isPartOf":{"@id":"https:\/\/exaudi.org\/es\/dicasterio-para-comunicacion-papa-nombra-asistente-eclesiastico\/"},"author":{"name":"Gabriel Sales","@id":"https:\/\/exaudi.org\/#\/schema\/person\/d134b96438278131ce90c90c03fda6cd"},"headline":"Dicasterio para Comunicaci\u00f3n: El Papa nombra asistente eclesi\u00e1stico","datePublished":"2021-06-16T10:44:10+00:00","dateModified":"2021-06-16T16:05:07+00:00","mainEntityOfPage":{"@id":"https:\/\/exaudi.org\/es\/dicasterio-para-comunicacion-papa-nombra-asistente-eclesiastico\/"},"wordCount":412,"image":{"@id":"https:\/\/exaudi.org\/es\/dicasterio-para-comunicacion-papa-nombra-asistente-eclesiastico\/#primaryimage"},"thumbnailUrl":"https:\/\/exaudi.org\/wp-content\/uploads\/2021\/06\/5n62v344vb.jpg","keywords":["Dicasterio para la Comunicaci\u00f3n del Vaticano","L'Osservatore Romano","Nombramiento","Reverendo Luigi Maria Epicoco"],"articleSection":["Dicasterios","\u00daltimas noticias"],"inLanguage":"es"},{"@type":"WebPage","@id":"https:\/\/exaudi.org\/es\/dicasterio-para-comunicacion-papa-nombra-asistente-eclesiastico\/","url":"https:\/\/exaudi.org\/es\/dicasterio-para-comunicacion-papa-nombra-asistente-eclesiastico\/","name":"Dicasterio para Comunicaci\u00f3n: El Papa nombra asistente eclesi\u00e1stico","isPartOf":{"@id":"https:\/\/exaudi.org\/#website"},"primaryImageOfPage":{"@id":"https:\/\/exaudi.org\/es\/dicasterio-para-comunicacion-papa-nombra-asistente-eclesiastico\/#primaryimage"},"image":{"@id":"https:\/\/exaudi.org\/es\/dicasterio-para-comunicacion-papa-nombra-asistente-eclesiastico\/#primaryimage"},"thumbnailUrl":"https:\/\/exaudi.org\/wp-content\/uploads\/2021\/06\/5n62v344vb.jpg","datePublished":"2021-06-16T10:44:10+00:00","dateModified":"2021-06-16T16:05:07+00:00","author":{"@id":"https:\/\/exaudi.org\/#\/schema\/person\/d134b96438278131ce90c90c03fda6cd"},"description":"El Papa ha nombrado asistente eclesi\u00e1stico del Dicasterio para la Comunicaci\u00f3n al reverendo Luigi Maria Epicoco, del clero de L'Aquila.","breadcrumb":{"@id":"https:\/\/exaudi.org\/es\/dicasterio-para-comunicacion-papa-nombra-asistente-eclesiastico\/#breadcrumb"},"inLanguage":"es","potentialAction":[{"@type":"ReadAction","target":["https:\/\/exaudi.org\/es\/dicasterio-para-comunicacion-papa-nombra-asistente-eclesiastico\/"]}]},{"@type":"ImageObject","inLanguage":"es","@id":"https:\/\/exaudi.org\/es\/dicasterio-para-comunicacion-papa-nombra-asistente-eclesiastico\/#primaryimage","url":"https:\/\/exaudi.org\/wp-content\/uploads\/2021\/06\/5n62v344vb.jpg","contentUrl":"https:\/\/exaudi.org\/wp-content\/uploads\/2021\/06\/5n62v344vb.jpg","width":1235,"height":695,"caption":"Reverendo Epicoco \u00a9 Ioamogesu.com"},{"@type":"BreadcrumbList","@id":"https:\/\/exaudi.org\/es\/dicasterio-para-comunicacion-papa-nombra-asistente-eclesiastico\/#breadcrumb","itemListElement":[{"@type":"ListItem","position":1,"name":"Portada","item":"https:\/\/exaudi.org\/es\/"},{"@type":"ListItem","position":2,"name":"Dicasterio para Comunicaci\u00f3n: El Papa nombra asistente eclesi\u00e1stico"}]},{"@type":"WebSite","@id":"https:\/\/exaudi.org\/#website","url":"https:\/\/exaudi.org\/","name":"Exaudi","description":"News","potentialAction":[{"@type":"SearchAction","target":{"@type":"EntryPoint","urlTemplate":"https:\/\/exaudi.org\/?s={search_term_string}"},"query-input":{"@type":"PropertyValueSpecification","valueRequired":true,"valueName":"search_term_string"}}],"inLanguage":"es"},{"@type":"Person","@id":"https:\/\/exaudi.org\/#\/schema\/person\/d134b96438278131ce90c90c03fda6cd","name":"Gabriel Sales","image":{"@type":"ImageObject","inLanguage":"es","@id":"https:\/\/secure.gravatar.com\/avatar\/9b1269566f6a063ed26ffb3532b66a373cdde231ce5d0effb266167437fdaffd?s=96&d=mm&r=g","url":"https:\/\/secure.gravatar.com\/avatar\/9b1269566f6a063ed26ffb3532b66a373cdde231ce5d0effb266167437fdaffd?s=96&d=mm&r=g","contentUrl":"https:\/\/secure.gravatar.com\/avatar\/9b1269566f6a063ed26ffb3532b66a373cdde231ce5d0effb266167437fdaffd?s=96&d=mm&r=g","caption":"Gabriel Sales"},"description":"Periodista y especialista en Comunicaci\u00f3n y Branding digital. Cin\u00e9filo y cr\u00edtico de cine y series de televisi\u00f3n.","sameAs":["https:\/\/www.instagram.com\/cine90segundos\/","www.linkedin.com\/in\/habemusman","https:\/\/x.com\/habemusman","https:\/\/www.youtube.com\/channel\/UCVfCiOMkJ_C7T7OpyjuaLDg"],"url":"https:\/\/exaudi.org\/es\/author\/gsalesexaudi-org\/"}]}},"jetpack_featured_media_url":"https:\/\/exaudi.org\/wp-content\/uploads\/2021\/06\/5n62v344vb.jpg","jetpack_shortlink":"https:\/\/wp.me\/pgKjF2-5Vg","_links":{"self":[{"href":"https:\/\/exaudi.org\/es\/wp-json\/wp\/v2\/posts\/22770","targetHints":{"allow":["GET"]}}],"collection":[{"href":"https:\/\/exaudi.org\/es\/wp-json\/wp\/v2\/posts"}],"about":[{"href":"https:\/\/exaudi.org\/es\/wp-json\/wp\/v2\/types\/post"}],"author":[{"embeddable":true,"href":"https:\/\/exaudi.org\/es\/wp-json\/wp\/v2\/users\/6"}],"replies":[{"embeddable":true,"href":"https:\/\/exaudi.org\/es\/wp-json\/wp\/v2\/comments?post=22770"}],"version-history":[{"count":0,"href":"https:\/\/exaudi.org\/es\/wp-json\/wp\/v2\/posts\/22770\/revisions"}],"wp:featuredmedia":[{"embeddable":true,"href":"https:\/\/exaudi.org\/es\/wp-json\/wp\/v2\/media\/22807"}],"wp:attachment":[{"href":"https:\/\/exaudi.org\/es\/wp-json\/wp\/v2\/media?parent=22770"}],"wp:term":[{"taxonomy":"category","embeddable":true,"href":"https:\/\/exaudi.org\/es\/wp-json\/wp\/v2\/categories?post=22770"},{"taxonomy":"post_tag","embeddable":true,"href":"https:\/\/exaudi.org\/es\/wp-json\/wp\/v2\/tags?post=22770"}],"curies":[{"name":"wp","href":"https:\/\/api.w.org\/{rel}","templated":true}]}}