{"id":22498,"date":"2021-06-15T12:21:03","date_gmt":"2021-06-15T10:21:03","guid":{"rendered":"https:\/\/exaudi.org\/?p=22498"},"modified":"2021-06-15T13:16:02","modified_gmt":"2021-06-15T11:16:02","slug":"cardenal-yeom-nombramiento-monsenor-sik-regalo","status":"publish","type":"post","link":"https:\/\/exaudi.org\/es\/cardenal-yeom-nombramiento-monsenor-sik-regalo\/","title":{"rendered":"Cardenal Yeom: Nombramiento de Mons. Sik, \u201cun gran regalo\u201d"},"content":{"rendered":"<p>En un mensaje de felicitaci\u00f3n por el Jubileo del 200 aniversario del nacimiento de san Andr\u00e9s Kim Tae-gon, primer sacerdote cat\u00f3lico nativo y patr\u00f3n de Corea, el cardenal Andrew Yeom, arzobispo de Se\u00fal, ha afirmado que el <a href=\"https:\/\/exaudi.org\/es\/congregacion-clero-mons-lazzaro-you-heung-sik-nuevo-prefecto\/\" target=\"_blank\" rel=\"noopener noreferrer\">nombramiento del obispo de Daejeon, monse\u00f1or Lazzaro You Heung-sik<\/a>, como nuevo prefecto de la Congregaci\u00f3n para el Clero es \u201cun gran regalo para los cat\u00f3licos coreanos y para los fieles de todo el mundo\u201d.<\/p>\n<p>Tal y como ha informado hoy, martes 15 de junio de 2021, <em>Fides\u00a0<\/em>en una nota, en el texto, enviado a la agencia desde la Oficina de Comunicaciones de la archidi\u00f3cesis seulense, el purpurado manifiesta su sincera esperanza en que Mons. Sik \u201cpueda ayudar al Santo Padre cumpliendo sus funciones con su profunda espiritualidad y su excepcional capacidad de comunicaci\u00f3n\u201d.<\/p>\n<p>El padre Matthias Young-yup Hur, portavoz de la archidi\u00f3cesis, se\u00f1ala que \u201cel nombramiento ha sido una sorpresa. La Iglesia cat\u00f3lica de Corea ha experimentado un r\u00e1pido crecimiento y est\u00e1 desempe\u00f1ando un papel destacado en la Iglesia cat\u00f3lica universal. El encargo dado a Mons. You Heung-sik es, para nuestra Iglesia, una oportunidad de renovar la actitud misionera de apoyo a los necesitados\u201d.<\/p>\n<p>Seg\u00fan las estad\u00edsticas que publica anualmente la Conferencia Episcopal Coreana (CBCK), apunta <em>Fides, <\/em>el n\u00famero de fieles cat\u00f3licos en Corea del Sur a finales de 2020 era de 5.923.300.<\/p>\n<h4><strong>Monse\u00f1or Lazzaro You Heung-sik<\/strong><\/h4>\n<p>Nacido en 1951 fue ordenado sacerdote para la di\u00f3cesis de Daejeon en 1979. En 2003 fue nombrado coadjutor en la misma di\u00f3cesis y dos a\u00f1os obispo. Seg\u00fan indica Vatican News, el nuevo prefecto fue el responsable del Comit\u00e9 de Paz de la Conferencia Episcopal de Corea y visit\u00f3 Corea del Norte en cuatro ocasiones.<\/p>\n<p>Se trata del segundo nombramiento de un obispo asi\u00e1tico como prefecto, junto con el cardenal Luis Antonio Tagle, de Filipinas, al frente, de la Congregaci\u00f3n para la Evangelizaci\u00f3n de los Pueblos. Este gesto demuestra la atenci\u00f3n del Papa Francisco al continente asi\u00e1tico.<\/p>\n<h4><strong>Congregaci\u00f3n para el Clero<\/strong><\/h4>\n<p>Tal y como indica su sitio web oficial, la competencia de la <a href=\"http:\/\/www.clerus.va\/content\/clerus\/es.html\" target=\"_blank\" rel=\"noopener noreferrer\">Congregaci\u00f3n para el Clero<\/a> ahora se indica en los n\u00fameros 93-98 de la Constituci\u00f3n Apost\u00f3lica\u00a0<i>Pastor Bonus<\/i>\u00a0y est\u00e1 articulada en tres Secciones:<\/p>\n<p>1) El Oficio Clero, recoge, sugiere y promueve iniciativas para la santidad y la actualizaci\u00f3n intelectual y pastoral del Clero (Sacerdotes diocesanos y Di\u00e1conos) y para su formaci\u00f3n permanente; vigila sobre los Cap\u00edtulos Catedralicios, sobre los Consejos Pastorales, sobre los Consejos Presbiterales, sobre las parroquias y sobre los p\u00e1rrocos y sacerdotes que ejercitan el ministerio pastoral, etc., sobre las ofertas de las misas, sobre las p\u00edas fundaciones, p\u00edos legados, oratorios, iglesias, santuarios, archivos eclesi\u00e1sticos y bibliotecas; promueve una m\u00e1s adecuada distribuci\u00f3n del clero en el mundo.<\/p>\n<p>2) Oficio Catequ\u00edstico\u00a0cuida la promoci\u00f3n de la formaci\u00f3n religiosa de los fieles de toda edad y condici\u00f3n; emana las normas oportunas para que la ense\u00f1anza de la catequesis se imparta en modo conveniente; vigila para que la formaci\u00f3n catequ\u00edstica se lleve a cabo en el modo correcto; concede la necesaria aprobaci\u00f3n de la Santa Sede para los Catecismos y Directorios emanados por las Conferencias Episcopales; asiste a los oficios catequ\u00edsticos y sigue las iniciativas relacionadas con la formaci\u00f3n religiosa de car\u00e1cter internacional, coordina las actividades y ofrece las ayudas necesarias.<\/p>\n<p>3)\u00a0Oficio Administrativo, es competente en materia de conservaci\u00f3n y administraci\u00f3n de los bienes temporales de la Iglesia: bienes inmuebles, tasas, tributos, alienaciones; le compete adem\u00e1s todo aquello que se refiere a la congrua remuneraci\u00f3n, la pensiones por invalidez o vejez y la asistencia sanitaria del clero, etc.<\/p>\n","protected":false},"excerpt":{"rendered":"<p>Declaraci\u00f3n del arzobispo de Se\u00fal<\/p>\n","protected":false},"author":6,"featured_media":22500,"comment_status":"closed","ping_status":"closed","sticky":false,"template":"","format":"standard","meta":{"_acf_changed":false,"_crdt_document":"","inline_featured_image":false,"footnotes":""},"categories":[138,298],"tags":[2883,2810,2811],"class_list":["post-22498","post","type-post","status-publish","format-standard","has-post-thumbnail","hentry","category-dicasterios","category-ultimas-noticias","tag-cardenal-andrew-yeom","tag-congregacion-para-el-clero","tag-monsenor-lazzaro-you-heung-sik"],"acf":[],"yoast_head":"<!-- This site is optimized with the Yoast SEO plugin v27.5 - https:\/\/yoast.com\/product\/yoast-seo-wordpress\/ -->\n<title>Cardenal Yeom: Nombramiento de Mons. Sik, \u201cun gran regalo\u201d - Exaudi<\/title>\n<meta name=\"description\" content=\"El cardenal Yeom, arzobispo de Se\u00fal, ha manifestado que el nombramiento de Mons. Sik para la Congregaci\u00f3n para el Clero es un regalo.\" \/>\n<meta name=\"robots\" content=\"index, follow, max-snippet:-1, max-image-preview:large, max-video-preview:-1\" \/>\n<link rel=\"canonical\" href=\"https:\/\/exaudi.org\/es\/cardenal-yeom-nombramiento-monsenor-sik-regalo\/\" \/>\n<meta property=\"og:locale\" content=\"es_ES\" \/>\n<meta property=\"og:type\" content=\"article\" \/>\n<meta property=\"og:title\" content=\"Cardenal Yeom: Nombramiento de Mons. Sik, \u201cun gran regalo\u201d - Exaudi\" \/>\n<meta property=\"og:description\" content=\"El cardenal Yeom, arzobispo de Se\u00fal, ha manifestado que el nombramiento de Mons. Sik para la Congregaci\u00f3n para el Clero es un regalo.\" \/>\n<meta property=\"og:url\" content=\"https:\/\/exaudi.org\/es\/cardenal-yeom-nombramiento-monsenor-sik-regalo\/\" \/>\n<meta property=\"og:site_name\" content=\"Exaudi\" \/>\n<meta property=\"article:publisher\" content=\"https:\/\/www.facebook.com\/ExaudiNews\" \/>\n<meta property=\"article:published_time\" content=\"2021-06-15T10:21:03+00:00\" \/>\n<meta property=\"article:modified_time\" content=\"2021-06-15T11:16:02+00:00\" \/>\n<meta property=\"og:image\" content=\"https:\/\/exaudi.org\/wp-content\/uploads\/2021\/06\/645v6112x-scaled.jpg\" \/>\n\t<meta property=\"og:image:width\" content=\"2560\" \/>\n\t<meta property=\"og:image:height\" content=\"1706\" \/>\n\t<meta property=\"og:image:type\" content=\"image\/jpeg\" \/>\n<meta name=\"author\" content=\"Gabriel Sales\" \/>\n<meta name=\"twitter:card\" content=\"summary_large_image\" \/>\n<meta name=\"twitter:creator\" content=\"@habemusman\" \/>\n<meta name=\"twitter:site\" content=\"@Exaudi_News\" \/>\n<meta name=\"twitter:label1\" content=\"Escrito por\" \/>\n\t<meta name=\"twitter:data1\" content=\"Gabriel Sales\" \/>\n\t<meta name=\"twitter:label2\" content=\"Tiempo de lectura\" \/>\n\t<meta name=\"twitter:data2\" content=\"3 minutos\" \/>\n<script type=\"application\/ld+json\" class=\"yoast-schema-graph\">{\"@context\":\"https:\\\/\\\/schema.org\",\"@graph\":[{\"@type\":\"Article\",\"@id\":\"https:\\\/\\\/exaudi.org\\\/es\\\/cardenal-yeom-nombramiento-monsenor-sik-regalo\\\/#article\",\"isPartOf\":{\"@id\":\"https:\\\/\\\/exaudi.org\\\/es\\\/cardenal-yeom-nombramiento-monsenor-sik-regalo\\\/\"},\"author\":{\"name\":\"Gabriel Sales\",\"@id\":\"https:\\\/\\\/exaudi.org\\\/#\\\/schema\\\/person\\\/d134b96438278131ce90c90c03fda6cd\"},\"headline\":\"Cardenal Yeom: Nombramiento de Mons. Sik, \u201cun gran regalo\u201d\",\"datePublished\":\"2021-06-15T10:21:03+00:00\",\"dateModified\":\"2021-06-15T11:16:02+00:00\",\"mainEntityOfPage\":{\"@id\":\"https:\\\/\\\/exaudi.org\\\/es\\\/cardenal-yeom-nombramiento-monsenor-sik-regalo\\\/\"},\"wordCount\":643,\"image\":{\"@id\":\"https:\\\/\\\/exaudi.org\\\/es\\\/cardenal-yeom-nombramiento-monsenor-sik-regalo\\\/#primaryimage\"},\"thumbnailUrl\":\"https:\\\/\\\/exaudi.org\\\/wp-content\\\/uploads\\\/2021\\\/06\\\/645v6112x-scaled.jpg\",\"keywords\":[\"Cardenal Andrew Yeom\",\"Congregaci\u00f3n para el Clero\",\"Monse\u00f1or Lazzaro You Heung-sik\"],\"articleSection\":[\"Dicasterios\",\"\u00daltimas noticias\"],\"inLanguage\":\"es\"},{\"@type\":\"WebPage\",\"@id\":\"https:\\\/\\\/exaudi.org\\\/es\\\/cardenal-yeom-nombramiento-monsenor-sik-regalo\\\/\",\"url\":\"https:\\\/\\\/exaudi.org\\\/es\\\/cardenal-yeom-nombramiento-monsenor-sik-regalo\\\/\",\"name\":\"Cardenal Yeom: Nombramiento de Mons. Sik, \u201cun gran regalo\u201d - Exaudi\",\"isPartOf\":{\"@id\":\"https:\\\/\\\/exaudi.org\\\/#website\"},\"primaryImageOfPage\":{\"@id\":\"https:\\\/\\\/exaudi.org\\\/es\\\/cardenal-yeom-nombramiento-monsenor-sik-regalo\\\/#primaryimage\"},\"image\":{\"@id\":\"https:\\\/\\\/exaudi.org\\\/es\\\/cardenal-yeom-nombramiento-monsenor-sik-regalo\\\/#primaryimage\"},\"thumbnailUrl\":\"https:\\\/\\\/exaudi.org\\\/wp-content\\\/uploads\\\/2021\\\/06\\\/645v6112x-scaled.jpg\",\"datePublished\":\"2021-06-15T10:21:03+00:00\",\"dateModified\":\"2021-06-15T11:16:02+00:00\",\"author\":{\"@id\":\"https:\\\/\\\/exaudi.org\\\/#\\\/schema\\\/person\\\/d134b96438278131ce90c90c03fda6cd\"},\"description\":\"El cardenal Yeom, arzobispo de Se\u00fal, ha manifestado que el nombramiento de Mons. Sik para la Congregaci\u00f3n para el Clero es un regalo.\",\"breadcrumb\":{\"@id\":\"https:\\\/\\\/exaudi.org\\\/es\\\/cardenal-yeom-nombramiento-monsenor-sik-regalo\\\/#breadcrumb\"},\"inLanguage\":\"es\",\"potentialAction\":[{\"@type\":\"ReadAction\",\"target\":[\"https:\\\/\\\/exaudi.org\\\/es\\\/cardenal-yeom-nombramiento-monsenor-sik-regalo\\\/\"]}]},{\"@type\":\"ImageObject\",\"inLanguage\":\"es\",\"@id\":\"https:\\\/\\\/exaudi.org\\\/es\\\/cardenal-yeom-nombramiento-monsenor-sik-regalo\\\/#primaryimage\",\"url\":\"https:\\\/\\\/exaudi.org\\\/wp-content\\\/uploads\\\/2021\\\/06\\\/645v6112x-scaled.jpg\",\"contentUrl\":\"https:\\\/\\\/exaudi.org\\\/wp-content\\\/uploads\\\/2021\\\/06\\\/645v6112x-scaled.jpg\",\"width\":2560,\"height\":1706,\"caption\":\"Cardenal Yeom \u00a9 ACN M\u00e9xico\"},{\"@type\":\"BreadcrumbList\",\"@id\":\"https:\\\/\\\/exaudi.org\\\/es\\\/cardenal-yeom-nombramiento-monsenor-sik-regalo\\\/#breadcrumb\",\"itemListElement\":[{\"@type\":\"ListItem\",\"position\":1,\"name\":\"Portada\",\"item\":\"https:\\\/\\\/exaudi.org\\\/es\\\/\"},{\"@type\":\"ListItem\",\"position\":2,\"name\":\"Cardenal Yeom: Nombramiento de Mons. Sik, \u201cun gran regalo\u201d\"}]},{\"@type\":\"WebSite\",\"@id\":\"https:\\\/\\\/exaudi.org\\\/#website\",\"url\":\"https:\\\/\\\/exaudi.org\\\/\",\"name\":\"Exaudi\",\"description\":\"News\",\"potentialAction\":[{\"@type\":\"SearchAction\",\"target\":{\"@type\":\"EntryPoint\",\"urlTemplate\":\"https:\\\/\\\/exaudi.org\\\/?s={search_term_string}\"},\"query-input\":{\"@type\":\"PropertyValueSpecification\",\"valueRequired\":true,\"valueName\":\"search_term_string\"}}],\"inLanguage\":\"es\"},{\"@type\":\"Person\",\"@id\":\"https:\\\/\\\/exaudi.org\\\/#\\\/schema\\\/person\\\/d134b96438278131ce90c90c03fda6cd\",\"name\":\"Gabriel Sales\",\"image\":{\"@type\":\"ImageObject\",\"inLanguage\":\"es\",\"@id\":\"https:\\\/\\\/secure.gravatar.com\\\/avatar\\\/9b1269566f6a063ed26ffb3532b66a373cdde231ce5d0effb266167437fdaffd?s=96&d=mm&r=g\",\"url\":\"https:\\\/\\\/secure.gravatar.com\\\/avatar\\\/9b1269566f6a063ed26ffb3532b66a373cdde231ce5d0effb266167437fdaffd?s=96&d=mm&r=g\",\"contentUrl\":\"https:\\\/\\\/secure.gravatar.com\\\/avatar\\\/9b1269566f6a063ed26ffb3532b66a373cdde231ce5d0effb266167437fdaffd?s=96&d=mm&r=g\",\"caption\":\"Gabriel Sales\"},\"description\":\"Periodista y especialista en Comunicaci\u00f3n y Branding digital. Cin\u00e9filo y cr\u00edtico de cine y series de televisi\u00f3n.\",\"sameAs\":[\"https:\\\/\\\/www.instagram.com\\\/cine90segundos\\\/\",\"www.linkedin.com\\\/in\\\/habemusman\",\"https:\\\/\\\/x.com\\\/habemusman\",\"https:\\\/\\\/www.youtube.com\\\/channel\\\/UCVfCiOMkJ_C7T7OpyjuaLDg\"],\"url\":\"https:\\\/\\\/exaudi.org\\\/es\\\/author\\\/gsalesexaudi-org\\\/\"}]}<\/script>\n<!-- \/ Yoast SEO plugin. -->","yoast_head_json":{"title":"Cardenal Yeom: Nombramiento de Mons. Sik, \u201cun gran regalo\u201d - Exaudi","description":"El cardenal Yeom, arzobispo de Se\u00fal, ha manifestado que el nombramiento de Mons. Sik para la Congregaci\u00f3n para el Clero es un regalo.","robots":{"index":"index","follow":"follow","max-snippet":"max-snippet:-1","max-image-preview":"max-image-preview:large","max-video-preview":"max-video-preview:-1"},"canonical":"https:\/\/exaudi.org\/es\/cardenal-yeom-nombramiento-monsenor-sik-regalo\/","og_locale":"es_ES","og_type":"article","og_title":"Cardenal Yeom: Nombramiento de Mons. Sik, \u201cun gran regalo\u201d - Exaudi","og_description":"El cardenal Yeom, arzobispo de Se\u00fal, ha manifestado que el nombramiento de Mons. Sik para la Congregaci\u00f3n para el Clero es un regalo.","og_url":"https:\/\/exaudi.org\/es\/cardenal-yeom-nombramiento-monsenor-sik-regalo\/","og_site_name":"Exaudi","article_publisher":"https:\/\/www.facebook.com\/ExaudiNews","article_published_time":"2021-06-15T10:21:03+00:00","article_modified_time":"2021-06-15T11:16:02+00:00","og_image":[{"width":2560,"height":1706,"url":"https:\/\/exaudi.org\/wp-content\/uploads\/2021\/06\/645v6112x-scaled.jpg","type":"image\/jpeg"}],"author":"Gabriel Sales","twitter_card":"summary_large_image","twitter_creator":"@habemusman","twitter_site":"@Exaudi_News","twitter_misc":{"Escrito por":"Gabriel Sales","Tiempo de lectura":"3 minutos"},"schema":{"@context":"https:\/\/schema.org","@graph":[{"@type":"Article","@id":"https:\/\/exaudi.org\/es\/cardenal-yeom-nombramiento-monsenor-sik-regalo\/#article","isPartOf":{"@id":"https:\/\/exaudi.org\/es\/cardenal-yeom-nombramiento-monsenor-sik-regalo\/"},"author":{"name":"Gabriel Sales","@id":"https:\/\/exaudi.org\/#\/schema\/person\/d134b96438278131ce90c90c03fda6cd"},"headline":"Cardenal Yeom: Nombramiento de Mons. Sik, \u201cun gran regalo\u201d","datePublished":"2021-06-15T10:21:03+00:00","dateModified":"2021-06-15T11:16:02+00:00","mainEntityOfPage":{"@id":"https:\/\/exaudi.org\/es\/cardenal-yeom-nombramiento-monsenor-sik-regalo\/"},"wordCount":643,"image":{"@id":"https:\/\/exaudi.org\/es\/cardenal-yeom-nombramiento-monsenor-sik-regalo\/#primaryimage"},"thumbnailUrl":"https:\/\/exaudi.org\/wp-content\/uploads\/2021\/06\/645v6112x-scaled.jpg","keywords":["Cardenal Andrew Yeom","Congregaci\u00f3n para el Clero","Monse\u00f1or Lazzaro You Heung-sik"],"articleSection":["Dicasterios","\u00daltimas noticias"],"inLanguage":"es"},{"@type":"WebPage","@id":"https:\/\/exaudi.org\/es\/cardenal-yeom-nombramiento-monsenor-sik-regalo\/","url":"https:\/\/exaudi.org\/es\/cardenal-yeom-nombramiento-monsenor-sik-regalo\/","name":"Cardenal Yeom: Nombramiento de Mons. Sik, \u201cun gran regalo\u201d - Exaudi","isPartOf":{"@id":"https:\/\/exaudi.org\/#website"},"primaryImageOfPage":{"@id":"https:\/\/exaudi.org\/es\/cardenal-yeom-nombramiento-monsenor-sik-regalo\/#primaryimage"},"image":{"@id":"https:\/\/exaudi.org\/es\/cardenal-yeom-nombramiento-monsenor-sik-regalo\/#primaryimage"},"thumbnailUrl":"https:\/\/exaudi.org\/wp-content\/uploads\/2021\/06\/645v6112x-scaled.jpg","datePublished":"2021-06-15T10:21:03+00:00","dateModified":"2021-06-15T11:16:02+00:00","author":{"@id":"https:\/\/exaudi.org\/#\/schema\/person\/d134b96438278131ce90c90c03fda6cd"},"description":"El cardenal Yeom, arzobispo de Se\u00fal, ha manifestado que el nombramiento de Mons. Sik para la Congregaci\u00f3n para el Clero es un regalo.","breadcrumb":{"@id":"https:\/\/exaudi.org\/es\/cardenal-yeom-nombramiento-monsenor-sik-regalo\/#breadcrumb"},"inLanguage":"es","potentialAction":[{"@type":"ReadAction","target":["https:\/\/exaudi.org\/es\/cardenal-yeom-nombramiento-monsenor-sik-regalo\/"]}]},{"@type":"ImageObject","inLanguage":"es","@id":"https:\/\/exaudi.org\/es\/cardenal-yeom-nombramiento-monsenor-sik-regalo\/#primaryimage","url":"https:\/\/exaudi.org\/wp-content\/uploads\/2021\/06\/645v6112x-scaled.jpg","contentUrl":"https:\/\/exaudi.org\/wp-content\/uploads\/2021\/06\/645v6112x-scaled.jpg","width":2560,"height":1706,"caption":"Cardenal Yeom \u00a9 ACN M\u00e9xico"},{"@type":"BreadcrumbList","@id":"https:\/\/exaudi.org\/es\/cardenal-yeom-nombramiento-monsenor-sik-regalo\/#breadcrumb","itemListElement":[{"@type":"ListItem","position":1,"name":"Portada","item":"https:\/\/exaudi.org\/es\/"},{"@type":"ListItem","position":2,"name":"Cardenal Yeom: Nombramiento de Mons. Sik, \u201cun gran regalo\u201d"}]},{"@type":"WebSite","@id":"https:\/\/exaudi.org\/#website","url":"https:\/\/exaudi.org\/","name":"Exaudi","description":"News","potentialAction":[{"@type":"SearchAction","target":{"@type":"EntryPoint","urlTemplate":"https:\/\/exaudi.org\/?s={search_term_string}"},"query-input":{"@type":"PropertyValueSpecification","valueRequired":true,"valueName":"search_term_string"}}],"inLanguage":"es"},{"@type":"Person","@id":"https:\/\/exaudi.org\/#\/schema\/person\/d134b96438278131ce90c90c03fda6cd","name":"Gabriel Sales","image":{"@type":"ImageObject","inLanguage":"es","@id":"https:\/\/secure.gravatar.com\/avatar\/9b1269566f6a063ed26ffb3532b66a373cdde231ce5d0effb266167437fdaffd?s=96&d=mm&r=g","url":"https:\/\/secure.gravatar.com\/avatar\/9b1269566f6a063ed26ffb3532b66a373cdde231ce5d0effb266167437fdaffd?s=96&d=mm&r=g","contentUrl":"https:\/\/secure.gravatar.com\/avatar\/9b1269566f6a063ed26ffb3532b66a373cdde231ce5d0effb266167437fdaffd?s=96&d=mm&r=g","caption":"Gabriel Sales"},"description":"Periodista y especialista en Comunicaci\u00f3n y Branding digital. Cin\u00e9filo y cr\u00edtico de cine y series de televisi\u00f3n.","sameAs":["https:\/\/www.instagram.com\/cine90segundos\/","www.linkedin.com\/in\/habemusman","https:\/\/x.com\/habemusman","https:\/\/www.youtube.com\/channel\/UCVfCiOMkJ_C7T7OpyjuaLDg"],"url":"https:\/\/exaudi.org\/es\/author\/gsalesexaudi-org\/"}]}},"jetpack_featured_media_url":"https:\/\/exaudi.org\/wp-content\/uploads\/2021\/06\/645v6112x-scaled.jpg","jetpack_shortlink":"https:\/\/wp.me\/pgKjF2-5QS","_links":{"self":[{"href":"https:\/\/exaudi.org\/es\/wp-json\/wp\/v2\/posts\/22498","targetHints":{"allow":["GET"]}}],"collection":[{"href":"https:\/\/exaudi.org\/es\/wp-json\/wp\/v2\/posts"}],"about":[{"href":"https:\/\/exaudi.org\/es\/wp-json\/wp\/v2\/types\/post"}],"author":[{"embeddable":true,"href":"https:\/\/exaudi.org\/es\/wp-json\/wp\/v2\/users\/6"}],"replies":[{"embeddable":true,"href":"https:\/\/exaudi.org\/es\/wp-json\/wp\/v2\/comments?post=22498"}],"version-history":[{"count":0,"href":"https:\/\/exaudi.org\/es\/wp-json\/wp\/v2\/posts\/22498\/revisions"}],"wp:featuredmedia":[{"embeddable":true,"href":"https:\/\/exaudi.org\/es\/wp-json\/wp\/v2\/media\/22500"}],"wp:attachment":[{"href":"https:\/\/exaudi.org\/es\/wp-json\/wp\/v2\/media?parent=22498"}],"wp:term":[{"taxonomy":"category","embeddable":true,"href":"https:\/\/exaudi.org\/es\/wp-json\/wp\/v2\/categories?post=22498"},{"taxonomy":"post_tag","embeddable":true,"href":"https:\/\/exaudi.org\/es\/wp-json\/wp\/v2\/tags?post=22498"}],"curies":[{"name":"wp","href":"https:\/\/api.w.org\/{rel}","templated":true}]}}