{"id":22454,"date":"2021-06-15T10:26:24","date_gmt":"2021-06-15T08:26:24","guid":{"rendered":"https:\/\/exaudi.org\/?p=22454"},"modified":"2021-06-17T10:46:01","modified_gmt":"2021-06-17T08:46:01","slug":"asamblea-eclesial-america-latina-y-caribe-foros-tematicos","status":"publish","type":"post","link":"https:\/\/exaudi.org\/es\/asamblea-eclesial-america-latina-y-caribe-foros-tematicos\/","title":{"rendered":"Asamblea Eclesial Am\u00e9rica Latina y Caribe: Foros tem\u00e1ticos"},"content":{"rendered":"<p>La\u00a0<a href=\"https:\/\/exaudi.org\/es\/asamblea-eclesial-america-latina-redes-sociales\/\" target=\"_blank\" rel=\"noopener noreferrer\">Asamblea Eclesial de Am\u00e9rica Latina y el Caribe<\/a> se encuentra en plena fase de la escucha, donde est\u00e1n convocados a participar fieles, consagrados, clero, organizaciones y grupos de la Iglesia. El proceso se ha organizado en tres modalidades: individual, grupal y foros tem\u00e1ticos. Estos \u00faltimos constituyen un instrumento esencial para recoger todas las voces.<\/p>\n<p>Tal y como explica el Consejo Episcopal Latinoamericano (CELAM) en una nota, publicada ayer 14 de junio de 2021, el producto de esta escucha ser\u00e1 la base para el discernimiento que iluminar\u00e1 los pasos futuros que, como Iglesia en la regi\u00f3n y como Consejo Episcopal, se deben dar para acompa\u00f1ar al Jes\u00fas encarnado hoy en medio del pueblo.<\/p>\n<h4><strong>Sobre los foros tem\u00e1ticos<\/strong><\/h4>\n<p>En estos foros tem\u00e1ticos cada persona particular o representantes de organizaciones deber\u00e1n diligenciar el registro en la plataforma para la escucha. Una vez realizado este paso, ingresar\u00e1n en la secci\u00f3n de foros.\u00a0Se han propuesto temas relacionados con la realidad del continente: sinodalidad, j\u00f3venes, Pacto Educativo Global, ecolog\u00eda Integral, pandemia,\u00a0 econom\u00eda de Francisco, son algunos de estos, y est\u00e1n disponibles en la plataforma.<\/p>\n<p>De igual forma cada participante u organizaci\u00f3n tiene la opci\u00f3n de plantear su propio foro, lo podr\u00e1 hacer en la misma secci\u00f3n, all\u00ed encontrar\u00e1 la opci\u00f3n: \u00bfQuieres proponer un nuevo foro? En el siguiente v\u00eddeo te explicamos en qu\u00e9 consiste el foro tem\u00e1tico:<\/p>\n<h4><strong>Proceso de escucha<\/strong><\/h4>\n<p>Por medio de un comunicado hecho el pasado 14 de abril, la\u00a0<a href=\"https:\/\/asambleaeclesial.lat\/\" target=\"_blank\" rel=\"noopener noreferrer\">Asamblea Eclesial de Am\u00e9rica Latina y el Caribe<\/a>\u00a0comunic\u00f3 que iniciaba el proceso de escucha a todo el Pueblo de Dios con el objetivo de generar diversos di\u00e1logos y actividades que, a d\u00eda de hoy, han sido \u201cel hilo conductor de todo el proceso de discernimiento hacia y durante la Asamblea\u201d, y que se extender\u00e1 hasta la mitad del mes de julio.<\/p>\n<p>El proceso de escucha se est\u00e1 desarrollando a trav\u00e9s de actividades comunitarias y contribuciones individuales, con registros realizados mediante el uso de una plataforma de colaboraci\u00f3n en l\u00ednea, en el sitio web de la Asamblea Eclesial, en su secci\u00f3n \u201cESCUCHA\u201d en este enlace\u00a0<a href=\"https:\/\/asambleaeclesial.lat\/escucha\/\">https:\/\/asambleaeclesial.lat\/escucha<\/a>.<\/p>\n<p><iframe loading=\"lazy\" title=\"\u00bfQu\u00e9 son los foros tem\u00e1ticos?\" width=\"500\" height=\"281\" src=\"https:\/\/www.youtube.com\/embed\/qYFck8SxDY4?feature=oembed\" frameborder=\"0\" allow=\"accelerometer; autoplay; clipboard-write; encrypted-media; gyroscope; picture-in-picture; web-share\" referrerpolicy=\"strict-origin-when-cross-origin\" allowfullscreen><\/iframe><\/p>\n","protected":false},"excerpt":{"rendered":"<p>Participaci\u00f3n de fieles, clero y organizaciones<\/p>\n","protected":false},"author":6,"featured_media":22460,"comment_status":"closed","ping_status":"closed","sticky":false,"template":"","format":"standard","meta":{"_acf_changed":false,"_crdt_document":"","inline_featured_image":false,"footnotes":""},"categories":[86,298],"tags":[252,2873,2874],"class_list":["post-22454","post","type-post","status-publish","format-standard","has-post-thumbnail","hentry","category-iglesia-local","category-ultimas-noticias","tag-asamblea-eclesial-de-america-latina-y-el-caribe","tag-foros-tematicos","tag-proceso-de-escucha"],"acf":[],"yoast_head":"<!-- This site is optimized with the Yoast SEO plugin v27.5 - https:\/\/yoast.com\/product\/yoast-seo-wordpress\/ -->\n<title>Asamblea Eclesial Am\u00e9rica Latina y Caribe: Foros tem\u00e1ticos - Exaudi<\/title>\n<meta name=\"description\" content=\"El proceso de escucha de la Asamblea Eclesial de Am\u00e9rica Latina y el Caribe se pone en marcha con la modalidad de los foros tem\u00e1ticos.\" \/>\n<meta name=\"robots\" content=\"index, follow, max-snippet:-1, max-image-preview:large, max-video-preview:-1\" \/>\n<link rel=\"canonical\" href=\"https:\/\/exaudi.org\/es\/asamblea-eclesial-america-latina-y-caribe-foros-tematicos\/\" \/>\n<meta property=\"og:locale\" content=\"es_ES\" \/>\n<meta property=\"og:type\" content=\"article\" \/>\n<meta property=\"og:title\" content=\"Asamblea Eclesial Am\u00e9rica Latina y Caribe: Foros tem\u00e1ticos - Exaudi\" \/>\n<meta property=\"og:description\" content=\"El proceso de escucha de la Asamblea Eclesial de Am\u00e9rica Latina y el Caribe se pone en marcha con la modalidad de los foros tem\u00e1ticos.\" \/>\n<meta property=\"og:url\" content=\"https:\/\/exaudi.org\/es\/asamblea-eclesial-america-latina-y-caribe-foros-tematicos\/\" \/>\n<meta property=\"og:site_name\" content=\"Exaudi\" \/>\n<meta property=\"article:publisher\" content=\"https:\/\/www.facebook.com\/ExaudiNews\" \/>\n<meta property=\"article:published_time\" content=\"2021-06-15T08:26:24+00:00\" \/>\n<meta property=\"article:modified_time\" content=\"2021-06-17T08:46:01+00:00\" \/>\n<meta property=\"og:image\" content=\"https:\/\/exaudi.org\/wp-content\/uploads\/2021\/06\/89mc34.jpg\" \/>\n\t<meta property=\"og:image:width\" content=\"1154\" \/>\n\t<meta property=\"og:image:height\" content=\"577\" \/>\n\t<meta property=\"og:image:type\" content=\"image\/jpeg\" \/>\n<meta name=\"author\" content=\"Gabriel Sales\" \/>\n<meta name=\"twitter:card\" content=\"summary_large_image\" \/>\n<meta name=\"twitter:creator\" content=\"@habemusman\" \/>\n<meta name=\"twitter:site\" content=\"@Exaudi_News\" \/>\n<meta name=\"twitter:label1\" content=\"Escrito por\" \/>\n\t<meta name=\"twitter:data1\" content=\"Gabriel Sales\" \/>\n\t<meta name=\"twitter:label2\" content=\"Tiempo de lectura\" \/>\n\t<meta name=\"twitter:data2\" content=\"2 minutos\" \/>\n<script type=\"application\/ld+json\" class=\"yoast-schema-graph\">{\"@context\":\"https:\\\/\\\/schema.org\",\"@graph\":[{\"@type\":\"Article\",\"@id\":\"https:\\\/\\\/exaudi.org\\\/es\\\/asamblea-eclesial-america-latina-y-caribe-foros-tematicos\\\/#article\",\"isPartOf\":{\"@id\":\"https:\\\/\\\/exaudi.org\\\/es\\\/asamblea-eclesial-america-latina-y-caribe-foros-tematicos\\\/\"},\"author\":{\"name\":\"Gabriel Sales\",\"@id\":\"https:\\\/\\\/exaudi.org\\\/#\\\/schema\\\/person\\\/d134b96438278131ce90c90c03fda6cd\"},\"headline\":\"Asamblea Eclesial Am\u00e9rica Latina y Caribe: Foros tem\u00e1ticos\",\"datePublished\":\"2021-06-15T08:26:24+00:00\",\"dateModified\":\"2021-06-17T08:46:01+00:00\",\"mainEntityOfPage\":{\"@id\":\"https:\\\/\\\/exaudi.org\\\/es\\\/asamblea-eclesial-america-latina-y-caribe-foros-tematicos\\\/\"},\"wordCount\":392,\"image\":{\"@id\":\"https:\\\/\\\/exaudi.org\\\/es\\\/asamblea-eclesial-america-latina-y-caribe-foros-tematicos\\\/#primaryimage\"},\"thumbnailUrl\":\"https:\\\/\\\/exaudi.org\\\/wp-content\\\/uploads\\\/2021\\\/06\\\/89mc34.jpg\",\"keywords\":[\"Asamblea Eclesial de Am\u00e9rica Latina y el Caribe\",\"Foros tem\u00e1ticos\",\"Proceso de escucha\"],\"articleSection\":[\"Iglesia Local\",\"\u00daltimas noticias\"],\"inLanguage\":\"es\"},{\"@type\":\"WebPage\",\"@id\":\"https:\\\/\\\/exaudi.org\\\/es\\\/asamblea-eclesial-america-latina-y-caribe-foros-tematicos\\\/\",\"url\":\"https:\\\/\\\/exaudi.org\\\/es\\\/asamblea-eclesial-america-latina-y-caribe-foros-tematicos\\\/\",\"name\":\"Asamblea Eclesial Am\u00e9rica Latina y Caribe: Foros tem\u00e1ticos - Exaudi\",\"isPartOf\":{\"@id\":\"https:\\\/\\\/exaudi.org\\\/#website\"},\"primaryImageOfPage\":{\"@id\":\"https:\\\/\\\/exaudi.org\\\/es\\\/asamblea-eclesial-america-latina-y-caribe-foros-tematicos\\\/#primaryimage\"},\"image\":{\"@id\":\"https:\\\/\\\/exaudi.org\\\/es\\\/asamblea-eclesial-america-latina-y-caribe-foros-tematicos\\\/#primaryimage\"},\"thumbnailUrl\":\"https:\\\/\\\/exaudi.org\\\/wp-content\\\/uploads\\\/2021\\\/06\\\/89mc34.jpg\",\"datePublished\":\"2021-06-15T08:26:24+00:00\",\"dateModified\":\"2021-06-17T08:46:01+00:00\",\"author\":{\"@id\":\"https:\\\/\\\/exaudi.org\\\/#\\\/schema\\\/person\\\/d134b96438278131ce90c90c03fda6cd\"},\"description\":\"El proceso de escucha de la Asamblea Eclesial de Am\u00e9rica Latina y el Caribe se pone en marcha con la modalidad de los foros tem\u00e1ticos.\",\"breadcrumb\":{\"@id\":\"https:\\\/\\\/exaudi.org\\\/es\\\/asamblea-eclesial-america-latina-y-caribe-foros-tematicos\\\/#breadcrumb\"},\"inLanguage\":\"es\",\"potentialAction\":[{\"@type\":\"ReadAction\",\"target\":[\"https:\\\/\\\/exaudi.org\\\/es\\\/asamblea-eclesial-america-latina-y-caribe-foros-tematicos\\\/\"]}]},{\"@type\":\"ImageObject\",\"inLanguage\":\"es\",\"@id\":\"https:\\\/\\\/exaudi.org\\\/es\\\/asamblea-eclesial-america-latina-y-caribe-foros-tematicos\\\/#primaryimage\",\"url\":\"https:\\\/\\\/exaudi.org\\\/wp-content\\\/uploads\\\/2021\\\/06\\\/89mc34.jpg\",\"contentUrl\":\"https:\\\/\\\/exaudi.org\\\/wp-content\\\/uploads\\\/2021\\\/06\\\/89mc34.jpg\",\"width\":1154,\"height\":577,\"caption\":\"Proceso de escucha de la Asamblea Eclesial \u00a9 CELAM\"},{\"@type\":\"BreadcrumbList\",\"@id\":\"https:\\\/\\\/exaudi.org\\\/es\\\/asamblea-eclesial-america-latina-y-caribe-foros-tematicos\\\/#breadcrumb\",\"itemListElement\":[{\"@type\":\"ListItem\",\"position\":1,\"name\":\"Portada\",\"item\":\"https:\\\/\\\/exaudi.org\\\/es\\\/\"},{\"@type\":\"ListItem\",\"position\":2,\"name\":\"Asamblea Eclesial Am\u00e9rica Latina y Caribe: Foros tem\u00e1ticos\"}]},{\"@type\":\"WebSite\",\"@id\":\"https:\\\/\\\/exaudi.org\\\/#website\",\"url\":\"https:\\\/\\\/exaudi.org\\\/\",\"name\":\"Exaudi\",\"description\":\"News\",\"potentialAction\":[{\"@type\":\"SearchAction\",\"target\":{\"@type\":\"EntryPoint\",\"urlTemplate\":\"https:\\\/\\\/exaudi.org\\\/?s={search_term_string}\"},\"query-input\":{\"@type\":\"PropertyValueSpecification\",\"valueRequired\":true,\"valueName\":\"search_term_string\"}}],\"inLanguage\":\"es\"},{\"@type\":\"Person\",\"@id\":\"https:\\\/\\\/exaudi.org\\\/#\\\/schema\\\/person\\\/d134b96438278131ce90c90c03fda6cd\",\"name\":\"Gabriel Sales\",\"image\":{\"@type\":\"ImageObject\",\"inLanguage\":\"es\",\"@id\":\"https:\\\/\\\/secure.gravatar.com\\\/avatar\\\/9b1269566f6a063ed26ffb3532b66a373cdde231ce5d0effb266167437fdaffd?s=96&d=mm&r=g\",\"url\":\"https:\\\/\\\/secure.gravatar.com\\\/avatar\\\/9b1269566f6a063ed26ffb3532b66a373cdde231ce5d0effb266167437fdaffd?s=96&d=mm&r=g\",\"contentUrl\":\"https:\\\/\\\/secure.gravatar.com\\\/avatar\\\/9b1269566f6a063ed26ffb3532b66a373cdde231ce5d0effb266167437fdaffd?s=96&d=mm&r=g\",\"caption\":\"Gabriel Sales\"},\"description\":\"Periodista y especialista en Comunicaci\u00f3n y Branding digital. Cin\u00e9filo y cr\u00edtico de cine y series de televisi\u00f3n.\",\"sameAs\":[\"https:\\\/\\\/www.instagram.com\\\/cine90segundos\\\/\",\"www.linkedin.com\\\/in\\\/habemusman\",\"https:\\\/\\\/x.com\\\/habemusman\",\"https:\\\/\\\/www.youtube.com\\\/channel\\\/UCVfCiOMkJ_C7T7OpyjuaLDg\"],\"url\":\"https:\\\/\\\/exaudi.org\\\/es\\\/author\\\/gsalesexaudi-org\\\/\"}]}<\/script>\n<!-- \/ Yoast SEO plugin. -->","yoast_head_json":{"title":"Asamblea Eclesial Am\u00e9rica Latina y Caribe: Foros tem\u00e1ticos - Exaudi","description":"El proceso de escucha de la Asamblea Eclesial de Am\u00e9rica Latina y el Caribe se pone en marcha con la modalidad de los foros tem\u00e1ticos.","robots":{"index":"index","follow":"follow","max-snippet":"max-snippet:-1","max-image-preview":"max-image-preview:large","max-video-preview":"max-video-preview:-1"},"canonical":"https:\/\/exaudi.org\/es\/asamblea-eclesial-america-latina-y-caribe-foros-tematicos\/","og_locale":"es_ES","og_type":"article","og_title":"Asamblea Eclesial Am\u00e9rica Latina y Caribe: Foros tem\u00e1ticos - Exaudi","og_description":"El proceso de escucha de la Asamblea Eclesial de Am\u00e9rica Latina y el Caribe se pone en marcha con la modalidad de los foros tem\u00e1ticos.","og_url":"https:\/\/exaudi.org\/es\/asamblea-eclesial-america-latina-y-caribe-foros-tematicos\/","og_site_name":"Exaudi","article_publisher":"https:\/\/www.facebook.com\/ExaudiNews","article_published_time":"2021-06-15T08:26:24+00:00","article_modified_time":"2021-06-17T08:46:01+00:00","og_image":[{"width":1154,"height":577,"url":"https:\/\/exaudi.org\/wp-content\/uploads\/2021\/06\/89mc34.jpg","type":"image\/jpeg"}],"author":"Gabriel Sales","twitter_card":"summary_large_image","twitter_creator":"@habemusman","twitter_site":"@Exaudi_News","twitter_misc":{"Escrito por":"Gabriel Sales","Tiempo de lectura":"2 minutos"},"schema":{"@context":"https:\/\/schema.org","@graph":[{"@type":"Article","@id":"https:\/\/exaudi.org\/es\/asamblea-eclesial-america-latina-y-caribe-foros-tematicos\/#article","isPartOf":{"@id":"https:\/\/exaudi.org\/es\/asamblea-eclesial-america-latina-y-caribe-foros-tematicos\/"},"author":{"name":"Gabriel Sales","@id":"https:\/\/exaudi.org\/#\/schema\/person\/d134b96438278131ce90c90c03fda6cd"},"headline":"Asamblea Eclesial Am\u00e9rica Latina y Caribe: Foros tem\u00e1ticos","datePublished":"2021-06-15T08:26:24+00:00","dateModified":"2021-06-17T08:46:01+00:00","mainEntityOfPage":{"@id":"https:\/\/exaudi.org\/es\/asamblea-eclesial-america-latina-y-caribe-foros-tematicos\/"},"wordCount":392,"image":{"@id":"https:\/\/exaudi.org\/es\/asamblea-eclesial-america-latina-y-caribe-foros-tematicos\/#primaryimage"},"thumbnailUrl":"https:\/\/exaudi.org\/wp-content\/uploads\/2021\/06\/89mc34.jpg","keywords":["Asamblea Eclesial de Am\u00e9rica Latina y el Caribe","Foros tem\u00e1ticos","Proceso de escucha"],"articleSection":["Iglesia Local","\u00daltimas noticias"],"inLanguage":"es"},{"@type":"WebPage","@id":"https:\/\/exaudi.org\/es\/asamblea-eclesial-america-latina-y-caribe-foros-tematicos\/","url":"https:\/\/exaudi.org\/es\/asamblea-eclesial-america-latina-y-caribe-foros-tematicos\/","name":"Asamblea Eclesial Am\u00e9rica Latina y Caribe: Foros tem\u00e1ticos - Exaudi","isPartOf":{"@id":"https:\/\/exaudi.org\/#website"},"primaryImageOfPage":{"@id":"https:\/\/exaudi.org\/es\/asamblea-eclesial-america-latina-y-caribe-foros-tematicos\/#primaryimage"},"image":{"@id":"https:\/\/exaudi.org\/es\/asamblea-eclesial-america-latina-y-caribe-foros-tematicos\/#primaryimage"},"thumbnailUrl":"https:\/\/exaudi.org\/wp-content\/uploads\/2021\/06\/89mc34.jpg","datePublished":"2021-06-15T08:26:24+00:00","dateModified":"2021-06-17T08:46:01+00:00","author":{"@id":"https:\/\/exaudi.org\/#\/schema\/person\/d134b96438278131ce90c90c03fda6cd"},"description":"El proceso de escucha de la Asamblea Eclesial de Am\u00e9rica Latina y el Caribe se pone en marcha con la modalidad de los foros tem\u00e1ticos.","breadcrumb":{"@id":"https:\/\/exaudi.org\/es\/asamblea-eclesial-america-latina-y-caribe-foros-tematicos\/#breadcrumb"},"inLanguage":"es","potentialAction":[{"@type":"ReadAction","target":["https:\/\/exaudi.org\/es\/asamblea-eclesial-america-latina-y-caribe-foros-tematicos\/"]}]},{"@type":"ImageObject","inLanguage":"es","@id":"https:\/\/exaudi.org\/es\/asamblea-eclesial-america-latina-y-caribe-foros-tematicos\/#primaryimage","url":"https:\/\/exaudi.org\/wp-content\/uploads\/2021\/06\/89mc34.jpg","contentUrl":"https:\/\/exaudi.org\/wp-content\/uploads\/2021\/06\/89mc34.jpg","width":1154,"height":577,"caption":"Proceso de escucha de la Asamblea Eclesial \u00a9 CELAM"},{"@type":"BreadcrumbList","@id":"https:\/\/exaudi.org\/es\/asamblea-eclesial-america-latina-y-caribe-foros-tematicos\/#breadcrumb","itemListElement":[{"@type":"ListItem","position":1,"name":"Portada","item":"https:\/\/exaudi.org\/es\/"},{"@type":"ListItem","position":2,"name":"Asamblea Eclesial Am\u00e9rica Latina y Caribe: Foros tem\u00e1ticos"}]},{"@type":"WebSite","@id":"https:\/\/exaudi.org\/#website","url":"https:\/\/exaudi.org\/","name":"Exaudi","description":"News","potentialAction":[{"@type":"SearchAction","target":{"@type":"EntryPoint","urlTemplate":"https:\/\/exaudi.org\/?s={search_term_string}"},"query-input":{"@type":"PropertyValueSpecification","valueRequired":true,"valueName":"search_term_string"}}],"inLanguage":"es"},{"@type":"Person","@id":"https:\/\/exaudi.org\/#\/schema\/person\/d134b96438278131ce90c90c03fda6cd","name":"Gabriel Sales","image":{"@type":"ImageObject","inLanguage":"es","@id":"https:\/\/secure.gravatar.com\/avatar\/9b1269566f6a063ed26ffb3532b66a373cdde231ce5d0effb266167437fdaffd?s=96&d=mm&r=g","url":"https:\/\/secure.gravatar.com\/avatar\/9b1269566f6a063ed26ffb3532b66a373cdde231ce5d0effb266167437fdaffd?s=96&d=mm&r=g","contentUrl":"https:\/\/secure.gravatar.com\/avatar\/9b1269566f6a063ed26ffb3532b66a373cdde231ce5d0effb266167437fdaffd?s=96&d=mm&r=g","caption":"Gabriel Sales"},"description":"Periodista y especialista en Comunicaci\u00f3n y Branding digital. Cin\u00e9filo y cr\u00edtico de cine y series de televisi\u00f3n.","sameAs":["https:\/\/www.instagram.com\/cine90segundos\/","www.linkedin.com\/in\/habemusman","https:\/\/x.com\/habemusman","https:\/\/www.youtube.com\/channel\/UCVfCiOMkJ_C7T7OpyjuaLDg"],"url":"https:\/\/exaudi.org\/es\/author\/gsalesexaudi-org\/"}]}},"jetpack_featured_media_url":"https:\/\/exaudi.org\/wp-content\/uploads\/2021\/06\/89mc34.jpg","jetpack_shortlink":"https:\/\/wp.me\/pgKjF2-5Qa","_links":{"self":[{"href":"https:\/\/exaudi.org\/es\/wp-json\/wp\/v2\/posts\/22454","targetHints":{"allow":["GET"]}}],"collection":[{"href":"https:\/\/exaudi.org\/es\/wp-json\/wp\/v2\/posts"}],"about":[{"href":"https:\/\/exaudi.org\/es\/wp-json\/wp\/v2\/types\/post"}],"author":[{"embeddable":true,"href":"https:\/\/exaudi.org\/es\/wp-json\/wp\/v2\/users\/6"}],"replies":[{"embeddable":true,"href":"https:\/\/exaudi.org\/es\/wp-json\/wp\/v2\/comments?post=22454"}],"version-history":[{"count":0,"href":"https:\/\/exaudi.org\/es\/wp-json\/wp\/v2\/posts\/22454\/revisions"}],"wp:featuredmedia":[{"embeddable":true,"href":"https:\/\/exaudi.org\/es\/wp-json\/wp\/v2\/media\/22460"}],"wp:attachment":[{"href":"https:\/\/exaudi.org\/es\/wp-json\/wp\/v2\/media?parent=22454"}],"wp:term":[{"taxonomy":"category","embeddable":true,"href":"https:\/\/exaudi.org\/es\/wp-json\/wp\/v2\/categories?post=22454"},{"taxonomy":"post_tag","embeddable":true,"href":"https:\/\/exaudi.org\/es\/wp-json\/wp\/v2\/tags?post=22454"}],"curies":[{"name":"wp","href":"https:\/\/api.w.org\/{rel}","templated":true}]}}