{"id":2245,"date":"2021-02-26T11:26:00","date_gmt":"2021-02-26T10:26:00","guid":{"rendered":"https:\/\/exaudi.org\/?p=2245"},"modified":"2021-04-14T10:40:47","modified_gmt":"2021-04-14T08:40:47","slug":"cardenal-felipe-arizmendi-disminuyen-catolicos-en-mexico","status":"publish","type":"post","link":"https:\/\/exaudi.org\/es\/cardenal-felipe-arizmendi-disminuyen-catolicos-en-mexico\/","title":{"rendered":"Cardenal Arizmendi: Disminuyen cat\u00f3licos en M\u00e9xico"},"content":{"rendered":"<p>El cardenal\u00a0<a href=\"https:\/\/exaudi.org\/es\/author\/felipearizmendi\/\" target=\"_blank\" rel=\"noopener noreferrer\">Felipe Arizmendi Esquivel<\/a>, obispo em\u00e9rito de San Crist\u00f3bal de Las Casas, y responsable de la Doctrina de la Fe en la\u00a0<a href=\"https:\/\/www.cem.org.mx\/\">Conferencia del Episcopado Mexicano<\/a>, ofrece a los lectores de <a href=\"https:\/\/exaudi.org\/es\/inicio\/\" target=\"_blank\" rel=\"noopener noreferrer\">Exaudi<\/a> su art\u00edculo titulado \u201cDisminuyen cat\u00f3licos en M\u00e9xico\u201d.<\/p>\n<p>***<\/p>\n<h4><strong>Ver<\/strong><\/h4>\n<p><span style=\"font-weight: 400\">Seg\u00fan los resultados del \u00faltimo censo, que se acaban de publicar, aunque el n\u00famero de mexicanos que nos declaramos cat\u00f3licos creci\u00f3 de 92.92 millones en 2010, a 97.86 millones en 2020; sin embargo, disminuimos en porcentaje. En el pa\u00eds, somos un poco m\u00e1s de 126 millones de habitantes. De \u00e9stos, el 77.7% somos cat\u00f3licos, cuando en 2010 \u00e9ramos el 82.7%. Decrecimos en 5 puntos porcentuales. \u00bfA qu\u00e9 se debe esta disminuci\u00f3n?<\/span><\/p>\n<p><span style=\"font-weight: 400\">Indudablemente afectaron los casos de pederastia clerical, aunque su porcentaje es m\u00ednimo en comparaci\u00f3n con la inmensa mayor\u00eda de los sacerdotes que se mantienen fieles a su consagraci\u00f3n celibataria. Nuestra Iglesia ha tomado muchas medidas para impedir que se repita este vergonzoso delito y que quede impune. Sin embargo, este decrecimiento de cat\u00f3licos ya viene de a\u00f1os atr\u00e1s: En 1950, \u00e9ramos el 97.84%; en 1960, el 97.09%; en 1970, el 96.17%; en 1980, el 92.63%; en 1990, el 90.14; en 2000, el 87.27%; en 2010, el 82.7%; en 2020, el 77.7%.<\/span><\/p>\n<p><span style=\"font-weight: 400\">El secularismo, en su dimensi\u00f3n negativa de alejarse de Dios y de no tener m\u00e1s norma que los gustos y criterios personales, es un factor decisivo, pues muchos nunca se enteraron de los casos de pederastia clerical, como los ind\u00edgenas de la selva chiapaneca; tambi\u00e9n entre ellos ha decrecido la pr\u00e1ctica religiosa. Cuando yo iba a sus comunidades, eran pocos los j\u00f3venes que participaban, sobre todo por influencia de lo que sus maestros les dec\u00edan en la escuela secundaria, en bachilleratos y universidades.\u00a0<\/span><\/p>\n<p><span style=\"font-weight: 400\">Muchos otros factores influyen para esta disminuci\u00f3n de cat\u00f3licos.\u00a0 La migraci\u00f3n hacia el Norte y hacia centros urbanos, por razones de trabajo o de estudio, quita la presi\u00f3n social de las \u00e1reas rurales y se abandonan las pr\u00e1cticas religiosas consuetudinarias. La ausencia del padre de familia influye para que la religi\u00f3n se considere algo propio de mujeres. Los medios de comunicaci\u00f3n resaltan m\u00e1s lo negativo de la jerarqu\u00eda eclesi\u00e1stica, que los m\u00faltiples ejemplos de santidad del pueblo fiel y de los consagrados.<\/span><\/p>\n<p><span style=\"font-weight: 400\">Pero haciendo un sincero examen de conciencia, reconocemos tambi\u00e9n nuestras fallas. Necesitamos una evangelizaci\u00f3n m\u00e1s kerigm\u00e1tica, mayor formaci\u00f3n religiosa de los fieles, m\u00e1s animaci\u00f3n b\u00edblica de toda pastoral, celebraciones m\u00e1s participativas, ser m\u00e1s samaritanos con los pobres, etc. Algo de lo que se quejan muchas personas, y que es motivo para que se alejen o cambien de religi\u00f3n, son los malos tratos de algunos sacerdotes, su prepotencia. <\/span><\/p>\n<p><span style=\"font-weight: 400\">Dicen que los sienten lejanos a la vida ordinaria de su pueblo, pues s\u00f3lo los ven en ceremonias sociales. No culpan a todos. Tambi\u00e9n se quejan de tantas normas para recibir los sacramentos, y que en las oficinas parroquiales las secretarias les exijan s\u00f3lo documentos y el pago de los servicios religiosos, sin la presencia del p\u00e1rroco que les reciba con un coraz\u00f3n de pastor, que les explique las cosas y que les ayude a resolver lo que necesiten. Este distanciamiento pastoral es determinante.<\/span><\/p>\n<p><span style=\"font-weight: 400\">Algunos de los que se alejan de la Iglesia Cat\u00f3lica, emigran hacia confesiones evang\u00e9licas, protestantes o simplemente cristianas. La mayor\u00eda lo hace de buen coraz\u00f3n, porque buscan a Dios, sienten necesidad de su Palabra y de la oraci\u00f3n comunitaria; otros lo hacen porque all\u00e1 no encuentran las mismas normas y se les recibe con gran cari\u00f1o, aunque con el tiempo les resulta gravoso tener que cubrir diezmos de todo.<\/span><\/p>\n<p><span style=\"font-weight: 400\">Los que declararon en el censo pertenecer a confesiones cristianas no cat\u00f3licas aumentaron de 9.7 a 14.09 millones. Lo m\u00e1s preocupante es que 3.1 millones se declararon creyentes, pero sin adscripci\u00f3n religiosa; es decir, son como independientes, con una religi\u00f3n a su manera. A estos hay que agregar 9.48 millones que dicen no tener ninguna religi\u00f3n. <\/span><\/p>\n<p><span style=\"font-weight: 400\">Entre ambos grupos, ascienden al 9.98% de la poblaci\u00f3n nacional: m\u00e1s de 12 millones. Son estos los m\u00e1s alejados, algunos enemigos ac\u00e9rrimos, la mayor\u00eda indiferentes a cualquier religi\u00f3n. Algunos se refugian en movimientos esot\u00e9ricos. Hay un fuerte movimiento mundial de deshacerse de todo tipo de instituci\u00f3n, para irse por la libre; pero pueden acabar en el despe\u00f1adero.<\/span><span style=\"font-weight: 400\"> Si un ciego gu\u00eda a otro ciego\u2026<\/span><\/p>\n<h4><strong>Pensar<\/strong><\/h4>\n<p><span style=\"font-weight: 400\">El Papa Francisco, en su <a href=\"http:\/\/www.vatican.va\/content\/francesco\/es\/apost_exhortations\/documents\/papa-francesco_esortazione-ap_20131124_evangelii-gaudium.html\" target=\"_blank\" rel=\"noopener noreferrer\">exhortaci\u00f3n <\/a><\/span><i><span style=\"font-weight: 400\">Evangelii gaudium, <\/span><\/i><span style=\"font-weight: 400\">en que nos presenta su sue\u00f1o de renovaci\u00f3n eclesial, nos dice: <\/span><span style=\"font-weight: 400\">\u201cQuiero invitarlos a una nueva etapa evangelizadora marcada por la alegr\u00eda, e indicar caminos para la marcha de la Iglesia en los pr\u00f3ximos a\u00f1os\u201d <\/span><span style=\"font-weight: 400\">(1). <\/span><span style=\"font-weight: 400\">\u201cUn evangelizador no deber\u00eda tener permanentemente cara de funeral. Recobremos y acrecentemos el fervor, la dulce y confortadora alegr\u00eda de evangelizar, incluso cuando hay que sembrar entre l\u00e1grimas. <\/span><\/p>\n<p><span style=\"font-weight: 400\">Ojal\u00e1 el mundo actual pueda recibir la Buena Nueva, no a trav\u00e9s de evangelizadores tristes y desalentados, impacientes o ansiosos, sino a trav\u00e9s de ministros del Evangelio, cuya vida irradia el fervor de quienes han recibido, ante todo en s\u00ed mismos, la alegr\u00eda de Cristo\u201d<\/span><span style=\"font-weight: 400\"> (10).<\/span><\/p>\n<p><span style=\"font-weight: 400\">\u201cCristo es el Evangelio eterno. Su riqueza y su hermosura son inagotables. \u00c9l siempre puede, con su novedad, renovar nuestra vida y nuestra comunidad. Aunque atraviese \u00e9pocas oscuras y debilidades eclesiales, la propuesta cristiana nunca envejece. Jesucristo tambi\u00e9n puede romper los esquemas aburridos en los cuales pretendemos encerrarlo y nos sorprende con su constante creatividad divina. <\/span><\/p>\n<p><span style=\"font-weight: 400\">Cada vez que intentamos volver a la fuente y recuperar la frescura original del Evangelio, brotan nuevos caminos, m\u00e9todos creativos, otras formas de expresi\u00f3n, signos m\u00e1s elocuentes, palabras cargadas de renovado significado para el mundo actual\u201d <\/span><span style=\"font-weight: 400\">(11).<\/span><\/p>\n<p><span style=\"font-weight: 400\">\u201cLa Iglesia est\u00e1 llamada a ser siempre la casa abierta del Padre. Uno de los signos concretos de esa apertura es tener templos con las puertas abiertas en todas partes, no la frialdad de unas puertas cerradas. Hay otras puertas que tampoco se deben cerrar. Tampoco las puertas de los sacramentos deber\u00edan cerrarse por una raz\u00f3n cualquiera. <\/span><\/p>\n<p><span style=\"font-weight: 400\">A menudo nos comportamos como controladores de la gracia y no como facilitadores. La Iglesia no es una aduana. Es la casa paterna,<\/span> <span style=\"font-weight: 400\">donde hay lugar para cada uno, con su vida a cuestas\u201d <\/span><span style=\"font-weight: 400\">(47).<\/span><\/p>\n<p><span style=\"font-weight: 400\">\u201cSalgamos, salgamos a ofrecer a todos la vida de Jesucristo. Prefiero una Iglesia accidentada, herida y manchada por salir a la calle, antes que una Iglesia enferma por el encierro y la comodidad de aferrarse a las propias seguridades. No quiero una Iglesia preocupada por ser el centro y que termine clausurada en una mara\u00f1a de obsesiones y procedimientos.<\/span><\/p>\n<p><span style=\"font-weight: 400\"> Si algo debe inquietarnos santamente y preocupar nuestra conciencia, es que tantos hermanos nuestros vivan sin la fuerza, la luz y el consuelo de la amistad con Jesucristo, sin una comunidad de fe que los contenga, sin un horizonte de sentido y de vida. <\/span><\/p>\n<p><span style=\"font-weight: 400\">M\u00e1s que el temor a equivocarnos, espero que nos mueva el temor a encerrarnos en las estructuras que nos dan una falsa contenci\u00f3n, en las normas que nos vuelven jueces implacables, en las costumbres donde nos sentimos tranquilos, mientras afuera hay una multitud hambrienta y Jes\u00fas nos repite sin cansarse: &#8216;\u00a1Denles ustedes de comer!&#8217;<\/span><span style=\"font-weight: 400\">\u00a0[<\/span><span style=\"font-weight: 400\">Mc<\/span><span style=\"font-weight: 400\">\u00a06,37]\u201d (49).<\/span><\/p>\n<p><span style=\"font-weight: 400\">\u201c\u00a1C\u00f3mo quisiera encontrar las palabras para alentar una etapa evangelizadora m\u00e1s fervorosa, alegre, generosa, audaz, llena de amor hasta el fin y de vida contagiosa!\u201d <\/span><span style=\"font-weight: 400\">(261).\u00a0<\/span><\/p>\n<h4><strong>Actuar<\/strong><\/h4>\n<p><span style=\"font-weight: 400\">Que el Esp\u00edritu Santo nos ayude a hacer un examen de conciencia y reconocer nuestras deficiencias personales y eclesiales, para que sigamos esforz\u00e1ndonos por una evangelizaci\u00f3n que sea <\/span><span style=\"font-weight: 400\">nueva en su ardor, en sus m\u00e9todos y expresiones.<\/span><\/p>\n","protected":false},"excerpt":{"rendered":"<p>An\u00e1lisis estad\u00edstico<\/p>\n","protected":false},"author":24,"featured_media":2252,"comment_status":"closed","ping_status":"closed","sticky":false,"template":"","format":"standard","meta":{"_acf_changed":false,"_crdt_document":"","inline_featured_image":false,"footnotes":""},"categories":[130],"tags":[372,413,415,414],"class_list":["post-2245","post","type-post","status-publish","format-standard","has-post-thumbnail","hentry","category-voces","tag-25-de-febrero-de-2021","tag-cardenal-felipe-arizmendi-esquivel","tag-mexico","tag-reflexion"],"acf":[],"yoast_head":"<!-- This site is optimized with the Yoast SEO plugin v27.5 - https:\/\/yoast.com\/product\/yoast-seo-wordpress\/ -->\n<title>Cardenal Arizmendi: Disminuyen cat\u00f3licos en M\u00e9xico - Exaudi<\/title>\n<meta name=\"description\" content=\"El cardenal\u00a0Felipe Arizmendi, obispo em\u00e9rito de San Crist\u00f3bal de Las Casas, ofrece su art\u00edculo semanal \u201cDisminuyen cat\u00f3licos en M\u00e9xico\u201d.\" \/>\n<meta name=\"robots\" content=\"index, follow, max-snippet:-1, max-image-preview:large, max-video-preview:-1\" \/>\n<link rel=\"canonical\" href=\"https:\/\/exaudi.org\/es\/cardenal-felipe-arizmendi-disminuyen-catolicos-en-mexico\/\" \/>\n<meta property=\"og:locale\" content=\"es_ES\" \/>\n<meta property=\"og:type\" content=\"article\" \/>\n<meta property=\"og:title\" content=\"Cardenal Arizmendi: Disminuyen cat\u00f3licos en M\u00e9xico - Exaudi\" \/>\n<meta property=\"og:description\" content=\"El cardenal\u00a0Felipe Arizmendi, obispo em\u00e9rito de San Crist\u00f3bal de Las Casas, ofrece su art\u00edculo semanal \u201cDisminuyen cat\u00f3licos en M\u00e9xico\u201d.\" \/>\n<meta property=\"og:url\" content=\"https:\/\/exaudi.org\/es\/cardenal-felipe-arizmendi-disminuyen-catolicos-en-mexico\/\" \/>\n<meta property=\"og:site_name\" content=\"Exaudi\" \/>\n<meta property=\"article:publisher\" content=\"https:\/\/www.facebook.com\/ExaudiNews\" \/>\n<meta property=\"article:published_time\" content=\"2021-02-26T10:26:00+00:00\" \/>\n<meta property=\"article:modified_time\" content=\"2021-04-14T08:40:47+00:00\" \/>\n<meta property=\"og:image\" content=\"https:\/\/exaudi.org\/wp-content\/uploads\/2021\/02\/caro24-1555965981669-cathopic.jpg\" \/>\n\t<meta property=\"og:image:width\" content=\"2000\" \/>\n\t<meta property=\"og:image:height\" content=\"1333\" \/>\n\t<meta property=\"og:image:type\" content=\"image\/jpeg\" \/>\n<meta name=\"author\" content=\"Cardenal Felipe Arizmendi\" \/>\n<meta name=\"twitter:card\" content=\"summary_large_image\" \/>\n<meta name=\"twitter:creator\" content=\"@Exaudi_News\" \/>\n<meta name=\"twitter:site\" content=\"@Exaudi_News\" \/>\n<meta name=\"twitter:label1\" content=\"Escrito por\" \/>\n\t<meta name=\"twitter:data1\" content=\"Cardenal Felipe Arizmendi\" \/>\n\t<meta name=\"twitter:label2\" content=\"Tiempo de lectura\" \/>\n\t<meta name=\"twitter:data2\" content=\"6 minutos\" \/>\n<script type=\"application\/ld+json\" class=\"yoast-schema-graph\">{\"@context\":\"https:\\\/\\\/schema.org\",\"@graph\":[{\"@type\":\"Article\",\"@id\":\"https:\\\/\\\/exaudi.org\\\/es\\\/cardenal-felipe-arizmendi-disminuyen-catolicos-en-mexico\\\/#article\",\"isPartOf\":{\"@id\":\"https:\\\/\\\/exaudi.org\\\/es\\\/cardenal-felipe-arizmendi-disminuyen-catolicos-en-mexico\\\/\"},\"author\":{\"name\":\"Cardenal Felipe Arizmendi\",\"@id\":\"https:\\\/\\\/exaudi.org\\\/#\\\/schema\\\/person\\\/c7d223f87e58f1105d044d8da1439102\"},\"headline\":\"Cardenal Arizmendi: Disminuyen cat\u00f3licos en M\u00e9xico\",\"datePublished\":\"2021-02-26T10:26:00+00:00\",\"dateModified\":\"2021-04-14T08:40:47+00:00\",\"mainEntityOfPage\":{\"@id\":\"https:\\\/\\\/exaudi.org\\\/es\\\/cardenal-felipe-arizmendi-disminuyen-catolicos-en-mexico\\\/\"},\"wordCount\":1308,\"image\":{\"@id\":\"https:\\\/\\\/exaudi.org\\\/es\\\/cardenal-felipe-arizmendi-disminuyen-catolicos-en-mexico\\\/#primaryimage\"},\"thumbnailUrl\":\"https:\\\/\\\/exaudi.org\\\/wp-content\\\/uploads\\\/2021\\\/02\\\/caro24-1555965981669-cathopic.jpg\",\"keywords\":[\"25 de febrero de 2021\",\"Cardenal Felipe Arizmendi Esquivel\",\"M\u00e9xico\",\"Reflexi\u00f3n\"],\"articleSection\":[\"Voces\"],\"inLanguage\":\"es\"},{\"@type\":\"WebPage\",\"@id\":\"https:\\\/\\\/exaudi.org\\\/es\\\/cardenal-felipe-arizmendi-disminuyen-catolicos-en-mexico\\\/\",\"url\":\"https:\\\/\\\/exaudi.org\\\/es\\\/cardenal-felipe-arizmendi-disminuyen-catolicos-en-mexico\\\/\",\"name\":\"Cardenal Arizmendi: Disminuyen cat\u00f3licos en M\u00e9xico - Exaudi\",\"isPartOf\":{\"@id\":\"https:\\\/\\\/exaudi.org\\\/#website\"},\"primaryImageOfPage\":{\"@id\":\"https:\\\/\\\/exaudi.org\\\/es\\\/cardenal-felipe-arizmendi-disminuyen-catolicos-en-mexico\\\/#primaryimage\"},\"image\":{\"@id\":\"https:\\\/\\\/exaudi.org\\\/es\\\/cardenal-felipe-arizmendi-disminuyen-catolicos-en-mexico\\\/#primaryimage\"},\"thumbnailUrl\":\"https:\\\/\\\/exaudi.org\\\/wp-content\\\/uploads\\\/2021\\\/02\\\/caro24-1555965981669-cathopic.jpg\",\"datePublished\":\"2021-02-26T10:26:00+00:00\",\"dateModified\":\"2021-04-14T08:40:47+00:00\",\"author\":{\"@id\":\"https:\\\/\\\/exaudi.org\\\/#\\\/schema\\\/person\\\/c7d223f87e58f1105d044d8da1439102\"},\"description\":\"El cardenal\u00a0Felipe Arizmendi, obispo em\u00e9rito de San Crist\u00f3bal de Las Casas, ofrece su art\u00edculo semanal \u201cDisminuyen cat\u00f3licos en M\u00e9xico\u201d.\",\"breadcrumb\":{\"@id\":\"https:\\\/\\\/exaudi.org\\\/es\\\/cardenal-felipe-arizmendi-disminuyen-catolicos-en-mexico\\\/#breadcrumb\"},\"inLanguage\":\"es\",\"potentialAction\":[{\"@type\":\"ReadAction\",\"target\":[\"https:\\\/\\\/exaudi.org\\\/es\\\/cardenal-felipe-arizmendi-disminuyen-catolicos-en-mexico\\\/\"]}]},{\"@type\":\"ImageObject\",\"inLanguage\":\"es\",\"@id\":\"https:\\\/\\\/exaudi.org\\\/es\\\/cardenal-felipe-arizmendi-disminuyen-catolicos-en-mexico\\\/#primaryimage\",\"url\":\"https:\\\/\\\/exaudi.org\\\/wp-content\\\/uploads\\\/2021\\\/02\\\/caro24-1555965981669-cathopic.jpg\",\"contentUrl\":\"https:\\\/\\\/exaudi.org\\\/wp-content\\\/uploads\\\/2021\\\/02\\\/caro24-1555965981669-cathopic.jpg\",\"width\":2000,\"height\":1333,\"caption\":\"Fieles mexicanos en una JMJ \u00a9 Cathopic. Caro Mendoza\"},{\"@type\":\"BreadcrumbList\",\"@id\":\"https:\\\/\\\/exaudi.org\\\/es\\\/cardenal-felipe-arizmendi-disminuyen-catolicos-en-mexico\\\/#breadcrumb\",\"itemListElement\":[{\"@type\":\"ListItem\",\"position\":1,\"name\":\"Portada\",\"item\":\"https:\\\/\\\/exaudi.org\\\/es\\\/\"},{\"@type\":\"ListItem\",\"position\":2,\"name\":\"Cardenal Arizmendi: Disminuyen cat\u00f3licos en M\u00e9xico\"}]},{\"@type\":\"WebSite\",\"@id\":\"https:\\\/\\\/exaudi.org\\\/#website\",\"url\":\"https:\\\/\\\/exaudi.org\\\/\",\"name\":\"Exaudi\",\"description\":\"News\",\"potentialAction\":[{\"@type\":\"SearchAction\",\"target\":{\"@type\":\"EntryPoint\",\"urlTemplate\":\"https:\\\/\\\/exaudi.org\\\/?s={search_term_string}\"},\"query-input\":{\"@type\":\"PropertyValueSpecification\",\"valueRequired\":true,\"valueName\":\"search_term_string\"}}],\"inLanguage\":\"es\"},{\"@type\":\"Person\",\"@id\":\"https:\\\/\\\/exaudi.org\\\/#\\\/schema\\\/person\\\/c7d223f87e58f1105d044d8da1439102\",\"name\":\"Cardenal Felipe Arizmendi\",\"image\":{\"@type\":\"ImageObject\",\"inLanguage\":\"es\",\"@id\":\"https:\\\/\\\/secure.gravatar.com\\\/avatar\\\/4ffc5520d896b86d39346168903de33a17ef0f23d16de0ff45062c1ff422ed2f?s=96&d=mm&r=g\",\"url\":\"https:\\\/\\\/secure.gravatar.com\\\/avatar\\\/4ffc5520d896b86d39346168903de33a17ef0f23d16de0ff45062c1ff422ed2f?s=96&d=mm&r=g\",\"contentUrl\":\"https:\\\/\\\/secure.gravatar.com\\\/avatar\\\/4ffc5520d896b86d39346168903de33a17ef0f23d16de0ff45062c1ff422ed2f?s=96&d=mm&r=g\",\"caption\":\"Cardenal Felipe Arizmendi\"},\"description\":\"Nacido en Chiltepec el 1 de mayo de 1940. Estudi\u00f3 Humanidades y Filosof\u00eda en el Seminario de Toluca, de 1952 a 1959. Curs\u00f3 la Teolog\u00eda en la Universidad Pontificia de Salamanca, Espa\u00f1a, de 1959 a 1963, obteniendo la licenciatura en Teolog\u00eda Dogm\u00e1tica. Por su cuenta, se especializ\u00f3 en Liturgia. Fue ordenado sacerdote el 25 de agosto de 1963 en Toluca. Sirvi\u00f3 como Vicario Parroquial en tres parroquias por tres a\u00f1os y medio y fue p\u00e1rroco de una comunidad ind\u00edgena otom\u00ed, de 1967 a 1970. Fue Director Espiritual del Seminario de Toluca por diez a\u00f1os, y Rector del mismo de 1981 a 1991. El 7 de marzo de 1991, fue ordenado obispo de la di\u00f3cesis de Tapachula, donde estuvo hasta el 30 de abril del a\u00f1o 2000. El 1 de mayo del 2000, inici\u00f3 su ministerio episcopal como XLVI obispo de la di\u00f3cesis de San Crist\u00f3bal de las Casas, Chiapas, una de las di\u00f3cesis m\u00e1s antiguas de M\u00e9xico, erigida en 1539; all\u00ed sirvi\u00f3 por casi 18 a\u00f1os. Ha ocupado diversos cargos en la Conferencia del Episcopado Mexicano y en el CELAM. El 3 de noviembre de 2017, el Papa Francisco le acept\u00f3, por edad, su renuncia al servicio episcopal en esta di\u00f3cesis, que entreg\u00f3 a su sucesor el 3 de enero de 2018. Desde entonces, reside en la ciudad de Toluca. Desde 1979, escribe art\u00edculos de actualidad en varios medios religiosos y civiles. Es autor de varias publicaciones.\",\"url\":\"https:\\\/\\\/exaudi.org\\\/es\\\/author\\\/felipearizmendi\\\/\"}]}<\/script>\n<!-- \/ Yoast SEO plugin. -->","yoast_head_json":{"title":"Cardenal Arizmendi: Disminuyen cat\u00f3licos en M\u00e9xico - Exaudi","description":"El cardenal\u00a0Felipe Arizmendi, obispo em\u00e9rito de San Crist\u00f3bal de Las Casas, ofrece su art\u00edculo semanal \u201cDisminuyen cat\u00f3licos en M\u00e9xico\u201d.","robots":{"index":"index","follow":"follow","max-snippet":"max-snippet:-1","max-image-preview":"max-image-preview:large","max-video-preview":"max-video-preview:-1"},"canonical":"https:\/\/exaudi.org\/es\/cardenal-felipe-arizmendi-disminuyen-catolicos-en-mexico\/","og_locale":"es_ES","og_type":"article","og_title":"Cardenal Arizmendi: Disminuyen cat\u00f3licos en M\u00e9xico - Exaudi","og_description":"El cardenal\u00a0Felipe Arizmendi, obispo em\u00e9rito de San Crist\u00f3bal de Las Casas, ofrece su art\u00edculo semanal \u201cDisminuyen cat\u00f3licos en M\u00e9xico\u201d.","og_url":"https:\/\/exaudi.org\/es\/cardenal-felipe-arizmendi-disminuyen-catolicos-en-mexico\/","og_site_name":"Exaudi","article_publisher":"https:\/\/www.facebook.com\/ExaudiNews","article_published_time":"2021-02-26T10:26:00+00:00","article_modified_time":"2021-04-14T08:40:47+00:00","og_image":[{"width":2000,"height":1333,"url":"https:\/\/exaudi.org\/wp-content\/uploads\/2021\/02\/caro24-1555965981669-cathopic.jpg","type":"image\/jpeg"}],"author":"Cardenal Felipe Arizmendi","twitter_card":"summary_large_image","twitter_creator":"@Exaudi_News","twitter_site":"@Exaudi_News","twitter_misc":{"Escrito por":"Cardenal Felipe Arizmendi","Tiempo de lectura":"6 minutos"},"schema":{"@context":"https:\/\/schema.org","@graph":[{"@type":"Article","@id":"https:\/\/exaudi.org\/es\/cardenal-felipe-arizmendi-disminuyen-catolicos-en-mexico\/#article","isPartOf":{"@id":"https:\/\/exaudi.org\/es\/cardenal-felipe-arizmendi-disminuyen-catolicos-en-mexico\/"},"author":{"name":"Cardenal Felipe Arizmendi","@id":"https:\/\/exaudi.org\/#\/schema\/person\/c7d223f87e58f1105d044d8da1439102"},"headline":"Cardenal Arizmendi: Disminuyen cat\u00f3licos en M\u00e9xico","datePublished":"2021-02-26T10:26:00+00:00","dateModified":"2021-04-14T08:40:47+00:00","mainEntityOfPage":{"@id":"https:\/\/exaudi.org\/es\/cardenal-felipe-arizmendi-disminuyen-catolicos-en-mexico\/"},"wordCount":1308,"image":{"@id":"https:\/\/exaudi.org\/es\/cardenal-felipe-arizmendi-disminuyen-catolicos-en-mexico\/#primaryimage"},"thumbnailUrl":"https:\/\/exaudi.org\/wp-content\/uploads\/2021\/02\/caro24-1555965981669-cathopic.jpg","keywords":["25 de febrero de 2021","Cardenal Felipe Arizmendi Esquivel","M\u00e9xico","Reflexi\u00f3n"],"articleSection":["Voces"],"inLanguage":"es"},{"@type":"WebPage","@id":"https:\/\/exaudi.org\/es\/cardenal-felipe-arizmendi-disminuyen-catolicos-en-mexico\/","url":"https:\/\/exaudi.org\/es\/cardenal-felipe-arizmendi-disminuyen-catolicos-en-mexico\/","name":"Cardenal Arizmendi: Disminuyen cat\u00f3licos en M\u00e9xico - Exaudi","isPartOf":{"@id":"https:\/\/exaudi.org\/#website"},"primaryImageOfPage":{"@id":"https:\/\/exaudi.org\/es\/cardenal-felipe-arizmendi-disminuyen-catolicos-en-mexico\/#primaryimage"},"image":{"@id":"https:\/\/exaudi.org\/es\/cardenal-felipe-arizmendi-disminuyen-catolicos-en-mexico\/#primaryimage"},"thumbnailUrl":"https:\/\/exaudi.org\/wp-content\/uploads\/2021\/02\/caro24-1555965981669-cathopic.jpg","datePublished":"2021-02-26T10:26:00+00:00","dateModified":"2021-04-14T08:40:47+00:00","author":{"@id":"https:\/\/exaudi.org\/#\/schema\/person\/c7d223f87e58f1105d044d8da1439102"},"description":"El cardenal\u00a0Felipe Arizmendi, obispo em\u00e9rito de San Crist\u00f3bal de Las Casas, ofrece su art\u00edculo semanal \u201cDisminuyen cat\u00f3licos en M\u00e9xico\u201d.","breadcrumb":{"@id":"https:\/\/exaudi.org\/es\/cardenal-felipe-arizmendi-disminuyen-catolicos-en-mexico\/#breadcrumb"},"inLanguage":"es","potentialAction":[{"@type":"ReadAction","target":["https:\/\/exaudi.org\/es\/cardenal-felipe-arizmendi-disminuyen-catolicos-en-mexico\/"]}]},{"@type":"ImageObject","inLanguage":"es","@id":"https:\/\/exaudi.org\/es\/cardenal-felipe-arizmendi-disminuyen-catolicos-en-mexico\/#primaryimage","url":"https:\/\/exaudi.org\/wp-content\/uploads\/2021\/02\/caro24-1555965981669-cathopic.jpg","contentUrl":"https:\/\/exaudi.org\/wp-content\/uploads\/2021\/02\/caro24-1555965981669-cathopic.jpg","width":2000,"height":1333,"caption":"Fieles mexicanos en una JMJ \u00a9 Cathopic. Caro Mendoza"},{"@type":"BreadcrumbList","@id":"https:\/\/exaudi.org\/es\/cardenal-felipe-arizmendi-disminuyen-catolicos-en-mexico\/#breadcrumb","itemListElement":[{"@type":"ListItem","position":1,"name":"Portada","item":"https:\/\/exaudi.org\/es\/"},{"@type":"ListItem","position":2,"name":"Cardenal Arizmendi: Disminuyen cat\u00f3licos en M\u00e9xico"}]},{"@type":"WebSite","@id":"https:\/\/exaudi.org\/#website","url":"https:\/\/exaudi.org\/","name":"Exaudi","description":"News","potentialAction":[{"@type":"SearchAction","target":{"@type":"EntryPoint","urlTemplate":"https:\/\/exaudi.org\/?s={search_term_string}"},"query-input":{"@type":"PropertyValueSpecification","valueRequired":true,"valueName":"search_term_string"}}],"inLanguage":"es"},{"@type":"Person","@id":"https:\/\/exaudi.org\/#\/schema\/person\/c7d223f87e58f1105d044d8da1439102","name":"Cardenal Felipe Arizmendi","image":{"@type":"ImageObject","inLanguage":"es","@id":"https:\/\/secure.gravatar.com\/avatar\/4ffc5520d896b86d39346168903de33a17ef0f23d16de0ff45062c1ff422ed2f?s=96&d=mm&r=g","url":"https:\/\/secure.gravatar.com\/avatar\/4ffc5520d896b86d39346168903de33a17ef0f23d16de0ff45062c1ff422ed2f?s=96&d=mm&r=g","contentUrl":"https:\/\/secure.gravatar.com\/avatar\/4ffc5520d896b86d39346168903de33a17ef0f23d16de0ff45062c1ff422ed2f?s=96&d=mm&r=g","caption":"Cardenal Felipe Arizmendi"},"description":"Nacido en Chiltepec el 1 de mayo de 1940. Estudi\u00f3 Humanidades y Filosof\u00eda en el Seminario de Toluca, de 1952 a 1959. Curs\u00f3 la Teolog\u00eda en la Universidad Pontificia de Salamanca, Espa\u00f1a, de 1959 a 1963, obteniendo la licenciatura en Teolog\u00eda Dogm\u00e1tica. Por su cuenta, se especializ\u00f3 en Liturgia. Fue ordenado sacerdote el 25 de agosto de 1963 en Toluca. Sirvi\u00f3 como Vicario Parroquial en tres parroquias por tres a\u00f1os y medio y fue p\u00e1rroco de una comunidad ind\u00edgena otom\u00ed, de 1967 a 1970. Fue Director Espiritual del Seminario de Toluca por diez a\u00f1os, y Rector del mismo de 1981 a 1991. El 7 de marzo de 1991, fue ordenado obispo de la di\u00f3cesis de Tapachula, donde estuvo hasta el 30 de abril del a\u00f1o 2000. El 1 de mayo del 2000, inici\u00f3 su ministerio episcopal como XLVI obispo de la di\u00f3cesis de San Crist\u00f3bal de las Casas, Chiapas, una de las di\u00f3cesis m\u00e1s antiguas de M\u00e9xico, erigida en 1539; all\u00ed sirvi\u00f3 por casi 18 a\u00f1os. Ha ocupado diversos cargos en la Conferencia del Episcopado Mexicano y en el CELAM. El 3 de noviembre de 2017, el Papa Francisco le acept\u00f3, por edad, su renuncia al servicio episcopal en esta di\u00f3cesis, que entreg\u00f3 a su sucesor el 3 de enero de 2018. Desde entonces, reside en la ciudad de Toluca. Desde 1979, escribe art\u00edculos de actualidad en varios medios religiosos y civiles. Es autor de varias publicaciones.","url":"https:\/\/exaudi.org\/es\/author\/felipearizmendi\/"}]}},"jetpack_featured_media_url":"https:\/\/exaudi.org\/wp-content\/uploads\/2021\/02\/caro24-1555965981669-cathopic.jpg","jetpack_shortlink":"https:\/\/wp.me\/pgKjF2-Ad","_links":{"self":[{"href":"https:\/\/exaudi.org\/es\/wp-json\/wp\/v2\/posts\/2245","targetHints":{"allow":["GET"]}}],"collection":[{"href":"https:\/\/exaudi.org\/es\/wp-json\/wp\/v2\/posts"}],"about":[{"href":"https:\/\/exaudi.org\/es\/wp-json\/wp\/v2\/types\/post"}],"author":[{"embeddable":true,"href":"https:\/\/exaudi.org\/es\/wp-json\/wp\/v2\/users\/24"}],"replies":[{"embeddable":true,"href":"https:\/\/exaudi.org\/es\/wp-json\/wp\/v2\/comments?post=2245"}],"version-history":[{"count":0,"href":"https:\/\/exaudi.org\/es\/wp-json\/wp\/v2\/posts\/2245\/revisions"}],"wp:featuredmedia":[{"embeddable":true,"href":"https:\/\/exaudi.org\/es\/wp-json\/wp\/v2\/media\/2252"}],"wp:attachment":[{"href":"https:\/\/exaudi.org\/es\/wp-json\/wp\/v2\/media?parent=2245"}],"wp:term":[{"taxonomy":"category","embeddable":true,"href":"https:\/\/exaudi.org\/es\/wp-json\/wp\/v2\/categories?post=2245"},{"taxonomy":"post_tag","embeddable":true,"href":"https:\/\/exaudi.org\/es\/wp-json\/wp\/v2\/tags?post=2245"}],"curies":[{"name":"wp","href":"https:\/\/api.w.org\/{rel}","templated":true}]}}