{"id":22246,"date":"2021-06-14T13:12:32","date_gmt":"2021-06-14T11:12:32","guid":{"rendered":"https:\/\/exaudi.org\/?p=22246"},"modified":"2021-06-14T13:38:07","modified_gmt":"2021-06-14T11:38:07","slug":"canada-visita-grupo-indigenas-al-papa","status":"publish","type":"post","link":"https:\/\/exaudi.org\/es\/canada-visita-grupo-indigenas-al-papa\/","title":{"rendered":"Canad\u00e1: Posible visita de grupo de ind\u00edgenas al Papa"},"content":{"rendered":"<p>Los obispos cat\u00f3licos de Canad\u00e1 indicaron el pasado 10 de junio de 2021 que el plan para que una delegaci\u00f3n de los pueblos ind\u00edgenas del pa\u00eds visite al Papa Francisco ha avanzado, comprometi\u00e9ndose a realizar el viaje al Vaticano a finales de a\u00f1o.<\/p>\n<p>\u201cEl reciente descubrimiento de los restos de ni\u00f1os en un lugar de enterramiento en una antigua escuela residencial en Kamloops, Columbia Brit\u00e1nica, nos recuerda un pasado doloroso y un legado que perdura\u201d, apunta la declaraci\u00f3n de la <a href=\"https:\/\/www.cccb.ca\/\" target=\"_blank\" rel=\"noopener noreferrer\">Conferencia de Obispos Cat\u00f3licos Canadienses<\/a>. \u201cCon el fuerte est\u00edmulo del Papa Francisco, los obispos de Canad\u00e1 se comprometen a renovar y fortalecer las relaciones con los pueblos ind\u00edgenas en todo el pa\u00eds\u201d.<\/p>\n<h4><strong>Viaje a final de a\u00f1o<\/strong><\/h4>\n<p>\u201cEn conversaci\u00f3n con los pueblos y comunidades ind\u00edgenas, tanto a nivel local como nacional, y bilateralmente con las organizaciones nacionales de las Primeras Naciones, M\u00e9tis e Inuit, los obispos, promotores del proyecto, han estado preparando, desde hace m\u00e1s de dos a\u00f1os, una delegaci\u00f3n de ind\u00edgenas para encontrarse con el Santo Padre y vivir momentos significativos de di\u00e1logo y sanaci\u00f3n\u201d.<\/p>\n<p>La pandemia mundial provocada por la COVID-19 ha retrasado este proyecto. Sin embargo, los prelados manifiestan seguir \u201ccomprometidos a seguir adelante con la delegaci\u00f3n antes de finales de 2021, de acuerdo con las directrices de viaje internacionales\u201d.<\/p>\n<h4><strong>Escucha de los pueblos ind\u00edgenas<\/strong><\/h4>\n<p>Esta visita pastoral incluir\u00e1 la participaci\u00f3n de un grupo diverso de ancianos \/ \u201cguardianes del conocimiento\u201d, supervivientes de escuelas residenciales y j\u00f3venes de todo el pa\u00eds. El evento tambi\u00e9n ofrecer\u00e1 al Papa Francisco una oportunidad \u00fanica para escuchar directamente a los pueblos ind\u00edgenas, para expresar su sincera cercan\u00eda, para abordar el impacto de la colonizaci\u00f3n y la participaci\u00f3n de la Iglesia en las escuelas residenciales\u201d, se lee en la declaraci\u00f3n.<\/p>\n<p>La delegaci\u00f3n que acudir\u00e1 a la Santa Sede \u201crepresenta un paso importante en el camino de la reconciliaci\u00f3n y la sanaci\u00f3n que comparten los pueblos ind\u00edgenas y la Iglesia en Canad\u00e1\u201d. Al mismo tiempo, el texto se\u00f1ala c\u00f3mo Francisco, en su mensaje del <a href=\"https:\/\/exaudi.org\/es\/papa-francisco-cercania-canada-burkina-faso\/\" target=\"_blank\" rel=\"noopener noreferrer\">\u00c1ngelus del 6 de junio de 2021<\/a>, habl\u00f3 del impactante descubrimiento de los restos de ni\u00f1os en el antiguo internado de Kamloops y, al tiempo que expresaba su tristeza y solidaridad, subray\u00f3 la importancia de \u201ccaminar juntos en el di\u00e1logo y en el respeto mutuo en el reconocimiento de los derechos y valores culturales de todos los hijos e hijas de Canad\u00e1\u201d.<\/p>\n<p>\u201cEsperamos que estas pr\u00f3ximas reuniones -y la importante colaboraci\u00f3n y asociaci\u00f3n que han apoyado la planificaci\u00f3n- conduzcan a un futuro compartido de paz y armon\u00eda entre los pueblos ind\u00edgenas y la Iglesia cat\u00f3lica en Canad\u00e1\u201d, concluye el texto.<\/p>\n","protected":false},"excerpt":{"rendered":"<p>A finales de a\u00f1o<\/p>\n","protected":false},"author":5,"featured_media":22256,"comment_status":"open","ping_status":"open","sticky":false,"template":"","format":"standard","meta":{"_acf_changed":false,"_crdt_document":"","inline_featured_image":false,"footnotes":""},"categories":[86,298],"tags":[2716,158,1080,272],"class_list":["post-22246","post","type-post","status-publish","format-standard","has-post-thumbnail","hentry","category-iglesia-local","category-ultimas-noticias","tag-canada-es","tag-papa-francisco","tag-pueblos-indigenas","tag-vaticano-es"],"acf":[],"yoast_head":"<!-- This site is optimized with the Yoast SEO plugin v27.4 - https:\/\/yoast.com\/product\/yoast-seo-wordpress\/ -->\n<title>Canad\u00e1: Posible visita de grupo de ind\u00edgenas al Papa &#8211; Exaudi<\/title>\n<meta name=\"description\" content=\"Los obispos cat\u00f3licos de Canad\u00e1 indicaron que el plan para que una delegaci\u00f3n de ind\u00edgenas visite al Papa podr\u00eda realizarse a finales de a\u00f1o\" \/>\n<meta name=\"robots\" content=\"index, follow, max-snippet:-1, max-image-preview:large, max-video-preview:-1\" \/>\n<link rel=\"canonical\" href=\"https:\/\/exaudi.org\/es\/canada-visita-grupo-indigenas-al-papa\/\" \/>\n<meta property=\"og:locale\" content=\"es_ES\" \/>\n<meta property=\"og:type\" content=\"article\" \/>\n<meta property=\"og:title\" content=\"Canad\u00e1: Posible visita de grupo de ind\u00edgenas al Papa &#8211; Exaudi\" \/>\n<meta property=\"og:description\" content=\"Los obispos cat\u00f3licos de Canad\u00e1 indicaron que el plan para que una delegaci\u00f3n de ind\u00edgenas visite al Papa podr\u00eda realizarse a finales de a\u00f1o\" \/>\n<meta property=\"og:url\" content=\"https:\/\/exaudi.org\/es\/canada-visita-grupo-indigenas-al-papa\/\" \/>\n<meta property=\"og:site_name\" content=\"Exaudi\" \/>\n<meta property=\"article:publisher\" content=\"https:\/\/www.facebook.com\/ExaudiNews\" \/>\n<meta property=\"article:published_time\" content=\"2021-06-14T11:12:32+00:00\" \/>\n<meta property=\"article:modified_time\" content=\"2021-06-14T11:38:07+00:00\" \/>\n<meta property=\"og:image\" content=\"https:\/\/exaudi.org\/wp-content\/uploads\/2021\/06\/Canada.-Familiares-de-estudiantes-aborigenes.jpeg\" \/>\n\t<meta property=\"og:image:width\" content=\"1000\" \/>\n\t<meta property=\"og:image:height\" content=\"563\" \/>\n\t<meta property=\"og:image:type\" content=\"image\/jpeg\" \/>\n<meta name=\"author\" content=\"Larissa I. L\u00f3pez\" \/>\n<meta name=\"twitter:card\" content=\"summary_large_image\" \/>\n<meta name=\"twitter:creator\" content=\"@Exaudi_News\" \/>\n<meta name=\"twitter:site\" content=\"@Exaudi_News\" \/>\n<meta name=\"twitter:label1\" content=\"Escrito por\" \/>\n\t<meta name=\"twitter:data1\" content=\"Larissa I. L\u00f3pez\" \/>\n\t<meta name=\"twitter:label2\" content=\"Tiempo de lectura\" \/>\n\t<meta name=\"twitter:data2\" content=\"2 minutos\" \/>\n<script type=\"application\/ld+json\" class=\"yoast-schema-graph\">{\"@context\":\"https:\\\/\\\/schema.org\",\"@graph\":[{\"@type\":\"Article\",\"@id\":\"https:\\\/\\\/exaudi.org\\\/es\\\/canada-visita-grupo-indigenas-al-papa\\\/#article\",\"isPartOf\":{\"@id\":\"https:\\\/\\\/exaudi.org\\\/es\\\/canada-visita-grupo-indigenas-al-papa\\\/\"},\"author\":{\"name\":\"Larissa I. L\u00f3pez\",\"@id\":\"https:\\\/\\\/exaudi.org\\\/#\\\/schema\\\/person\\\/7d2f77db033c2c0929edfab6dbe8c588\"},\"headline\":\"Canad\u00e1: Posible visita de grupo de ind\u00edgenas al Papa\",\"datePublished\":\"2021-06-14T11:12:32+00:00\",\"dateModified\":\"2021-06-14T11:38:07+00:00\",\"mainEntityOfPage\":{\"@id\":\"https:\\\/\\\/exaudi.org\\\/es\\\/canada-visita-grupo-indigenas-al-papa\\\/\"},\"wordCount\":484,\"commentCount\":0,\"image\":{\"@id\":\"https:\\\/\\\/exaudi.org\\\/es\\\/canada-visita-grupo-indigenas-al-papa\\\/#primaryimage\"},\"thumbnailUrl\":\"https:\\\/\\\/exaudi.org\\\/wp-content\\\/uploads\\\/2021\\\/06\\\/Canada.-Familiares-de-estudiantes-aborigenes.jpeg\",\"keywords\":[\"canada\",\"papa francisco\",\"Pueblos ind\u00edgenas\",\"Vaticano\"],\"articleSection\":[\"Iglesia Local\",\"\u00daltimas noticias\"],\"inLanguage\":\"es\",\"potentialAction\":[{\"@type\":\"CommentAction\",\"name\":\"Comment\",\"target\":[\"https:\\\/\\\/exaudi.org\\\/es\\\/canada-visita-grupo-indigenas-al-papa\\\/#respond\"]}]},{\"@type\":\"WebPage\",\"@id\":\"https:\\\/\\\/exaudi.org\\\/es\\\/canada-visita-grupo-indigenas-al-papa\\\/\",\"url\":\"https:\\\/\\\/exaudi.org\\\/es\\\/canada-visita-grupo-indigenas-al-papa\\\/\",\"name\":\"Canad\u00e1: Posible visita de grupo de ind\u00edgenas al Papa &#8211; Exaudi\",\"isPartOf\":{\"@id\":\"https:\\\/\\\/exaudi.org\\\/#website\"},\"primaryImageOfPage\":{\"@id\":\"https:\\\/\\\/exaudi.org\\\/es\\\/canada-visita-grupo-indigenas-al-papa\\\/#primaryimage\"},\"image\":{\"@id\":\"https:\\\/\\\/exaudi.org\\\/es\\\/canada-visita-grupo-indigenas-al-papa\\\/#primaryimage\"},\"thumbnailUrl\":\"https:\\\/\\\/exaudi.org\\\/wp-content\\\/uploads\\\/2021\\\/06\\\/Canada.-Familiares-de-estudiantes-aborigenes.jpeg\",\"datePublished\":\"2021-06-14T11:12:32+00:00\",\"dateModified\":\"2021-06-14T11:38:07+00:00\",\"author\":{\"@id\":\"https:\\\/\\\/exaudi.org\\\/#\\\/schema\\\/person\\\/7d2f77db033c2c0929edfab6dbe8c588\"},\"description\":\"Los obispos cat\u00f3licos de Canad\u00e1 indicaron que el plan para que una delegaci\u00f3n de ind\u00edgenas visite al Papa podr\u00eda realizarse a finales de a\u00f1o\",\"breadcrumb\":{\"@id\":\"https:\\\/\\\/exaudi.org\\\/es\\\/canada-visita-grupo-indigenas-al-papa\\\/#breadcrumb\"},\"inLanguage\":\"es\",\"potentialAction\":[{\"@type\":\"ReadAction\",\"target\":[\"https:\\\/\\\/exaudi.org\\\/es\\\/canada-visita-grupo-indigenas-al-papa\\\/\"]}]},{\"@type\":\"ImageObject\",\"inLanguage\":\"es\",\"@id\":\"https:\\\/\\\/exaudi.org\\\/es\\\/canada-visita-grupo-indigenas-al-papa\\\/#primaryimage\",\"url\":\"https:\\\/\\\/exaudi.org\\\/wp-content\\\/uploads\\\/2021\\\/06\\\/Canada.-Familiares-de-estudiantes-aborigenes.jpeg\",\"contentUrl\":\"https:\\\/\\\/exaudi.org\\\/wp-content\\\/uploads\\\/2021\\\/06\\\/Canada.-Familiares-de-estudiantes-aborigenes.jpeg\",\"width\":1000,\"height\":563,\"caption\":\"Canad\u00e1. Familiares de estudiantes abor\u00edgenes \u00a9 Vatican Media\"},{\"@type\":\"BreadcrumbList\",\"@id\":\"https:\\\/\\\/exaudi.org\\\/es\\\/canada-visita-grupo-indigenas-al-papa\\\/#breadcrumb\",\"itemListElement\":[{\"@type\":\"ListItem\",\"position\":1,\"name\":\"Portada\",\"item\":\"https:\\\/\\\/exaudi.org\\\/es\\\/\"},{\"@type\":\"ListItem\",\"position\":2,\"name\":\"Canad\u00e1: Posible visita de grupo de ind\u00edgenas al Papa\"}]},{\"@type\":\"WebSite\",\"@id\":\"https:\\\/\\\/exaudi.org\\\/#website\",\"url\":\"https:\\\/\\\/exaudi.org\\\/\",\"name\":\"Exaudi\",\"description\":\"News\",\"potentialAction\":[{\"@type\":\"SearchAction\",\"target\":{\"@type\":\"EntryPoint\",\"urlTemplate\":\"https:\\\/\\\/exaudi.org\\\/?s={search_term_string}\"},\"query-input\":{\"@type\":\"PropertyValueSpecification\",\"valueRequired\":true,\"valueName\":\"search_term_string\"}}],\"inLanguage\":\"es\"},{\"@type\":\"Person\",\"@id\":\"https:\\\/\\\/exaudi.org\\\/#\\\/schema\\\/person\\\/7d2f77db033c2c0929edfab6dbe8c588\",\"name\":\"Larissa I. L\u00f3pez\",\"image\":{\"@type\":\"ImageObject\",\"inLanguage\":\"es\",\"@id\":\"https:\\\/\\\/secure.gravatar.com\\\/avatar\\\/db3ef399ff343d0bb9d25dc5198bc8ece5ac6d621eca79876697a354dabc1e3f?s=96&d=mm&r=g\",\"url\":\"https:\\\/\\\/secure.gravatar.com\\\/avatar\\\/db3ef399ff343d0bb9d25dc5198bc8ece5ac6d621eca79876697a354dabc1e3f?s=96&d=mm&r=g\",\"contentUrl\":\"https:\\\/\\\/secure.gravatar.com\\\/avatar\\\/db3ef399ff343d0bb9d25dc5198bc8ece5ac6d621eca79876697a354dabc1e3f?s=96&d=mm&r=g\",\"caption\":\"Larissa I. L\u00f3pez\"},\"description\":\"Doctora en Comunicaci\u00f3n. Mi trayectoria profesional ha transcurrido entre el \u00e1mbito de la comunicaci\u00f3n y el de la docencia. En los \u00faltimos a\u00f1os, he trabajado como coordinadora y redactora de la edici\u00f3n de ZENIT en espa\u00f1ol. Como profesora, he impartido clases en la universidad y en centros de FP y bachillerato. Cordobesa de nacimiento, tambi\u00e9n he vivido en Sevilla, Madrid y Roma\",\"url\":\"https:\\\/\\\/exaudi.org\\\/es\\\/author\\\/llopezexaudi-org\\\/\"}]}<\/script>\n<!-- \/ Yoast SEO plugin. -->","yoast_head_json":{"title":"Canad\u00e1: Posible visita de grupo de ind\u00edgenas al Papa &#8211; Exaudi","description":"Los obispos cat\u00f3licos de Canad\u00e1 indicaron que el plan para que una delegaci\u00f3n de ind\u00edgenas visite al Papa podr\u00eda realizarse a finales de a\u00f1o","robots":{"index":"index","follow":"follow","max-snippet":"max-snippet:-1","max-image-preview":"max-image-preview:large","max-video-preview":"max-video-preview:-1"},"canonical":"https:\/\/exaudi.org\/es\/canada-visita-grupo-indigenas-al-papa\/","og_locale":"es_ES","og_type":"article","og_title":"Canad\u00e1: Posible visita de grupo de ind\u00edgenas al Papa &#8211; Exaudi","og_description":"Los obispos cat\u00f3licos de Canad\u00e1 indicaron que el plan para que una delegaci\u00f3n de ind\u00edgenas visite al Papa podr\u00eda realizarse a finales de a\u00f1o","og_url":"https:\/\/exaudi.org\/es\/canada-visita-grupo-indigenas-al-papa\/","og_site_name":"Exaudi","article_publisher":"https:\/\/www.facebook.com\/ExaudiNews","article_published_time":"2021-06-14T11:12:32+00:00","article_modified_time":"2021-06-14T11:38:07+00:00","og_image":[{"width":1000,"height":563,"url":"https:\/\/exaudi.org\/wp-content\/uploads\/2021\/06\/Canada.-Familiares-de-estudiantes-aborigenes.jpeg","type":"image\/jpeg"}],"author":"Larissa I. L\u00f3pez","twitter_card":"summary_large_image","twitter_creator":"@Exaudi_News","twitter_site":"@Exaudi_News","twitter_misc":{"Escrito por":"Larissa I. L\u00f3pez","Tiempo de lectura":"2 minutos"},"schema":{"@context":"https:\/\/schema.org","@graph":[{"@type":"Article","@id":"https:\/\/exaudi.org\/es\/canada-visita-grupo-indigenas-al-papa\/#article","isPartOf":{"@id":"https:\/\/exaudi.org\/es\/canada-visita-grupo-indigenas-al-papa\/"},"author":{"name":"Larissa I. L\u00f3pez","@id":"https:\/\/exaudi.org\/#\/schema\/person\/7d2f77db033c2c0929edfab6dbe8c588"},"headline":"Canad\u00e1: Posible visita de grupo de ind\u00edgenas al Papa","datePublished":"2021-06-14T11:12:32+00:00","dateModified":"2021-06-14T11:38:07+00:00","mainEntityOfPage":{"@id":"https:\/\/exaudi.org\/es\/canada-visita-grupo-indigenas-al-papa\/"},"wordCount":484,"commentCount":0,"image":{"@id":"https:\/\/exaudi.org\/es\/canada-visita-grupo-indigenas-al-papa\/#primaryimage"},"thumbnailUrl":"https:\/\/exaudi.org\/wp-content\/uploads\/2021\/06\/Canada.-Familiares-de-estudiantes-aborigenes.jpeg","keywords":["canada","papa francisco","Pueblos ind\u00edgenas","Vaticano"],"articleSection":["Iglesia Local","\u00daltimas noticias"],"inLanguage":"es","potentialAction":[{"@type":"CommentAction","name":"Comment","target":["https:\/\/exaudi.org\/es\/canada-visita-grupo-indigenas-al-papa\/#respond"]}]},{"@type":"WebPage","@id":"https:\/\/exaudi.org\/es\/canada-visita-grupo-indigenas-al-papa\/","url":"https:\/\/exaudi.org\/es\/canada-visita-grupo-indigenas-al-papa\/","name":"Canad\u00e1: Posible visita de grupo de ind\u00edgenas al Papa &#8211; Exaudi","isPartOf":{"@id":"https:\/\/exaudi.org\/#website"},"primaryImageOfPage":{"@id":"https:\/\/exaudi.org\/es\/canada-visita-grupo-indigenas-al-papa\/#primaryimage"},"image":{"@id":"https:\/\/exaudi.org\/es\/canada-visita-grupo-indigenas-al-papa\/#primaryimage"},"thumbnailUrl":"https:\/\/exaudi.org\/wp-content\/uploads\/2021\/06\/Canada.-Familiares-de-estudiantes-aborigenes.jpeg","datePublished":"2021-06-14T11:12:32+00:00","dateModified":"2021-06-14T11:38:07+00:00","author":{"@id":"https:\/\/exaudi.org\/#\/schema\/person\/7d2f77db033c2c0929edfab6dbe8c588"},"description":"Los obispos cat\u00f3licos de Canad\u00e1 indicaron que el plan para que una delegaci\u00f3n de ind\u00edgenas visite al Papa podr\u00eda realizarse a finales de a\u00f1o","breadcrumb":{"@id":"https:\/\/exaudi.org\/es\/canada-visita-grupo-indigenas-al-papa\/#breadcrumb"},"inLanguage":"es","potentialAction":[{"@type":"ReadAction","target":["https:\/\/exaudi.org\/es\/canada-visita-grupo-indigenas-al-papa\/"]}]},{"@type":"ImageObject","inLanguage":"es","@id":"https:\/\/exaudi.org\/es\/canada-visita-grupo-indigenas-al-papa\/#primaryimage","url":"https:\/\/exaudi.org\/wp-content\/uploads\/2021\/06\/Canada.-Familiares-de-estudiantes-aborigenes.jpeg","contentUrl":"https:\/\/exaudi.org\/wp-content\/uploads\/2021\/06\/Canada.-Familiares-de-estudiantes-aborigenes.jpeg","width":1000,"height":563,"caption":"Canad\u00e1. Familiares de estudiantes abor\u00edgenes \u00a9 Vatican Media"},{"@type":"BreadcrumbList","@id":"https:\/\/exaudi.org\/es\/canada-visita-grupo-indigenas-al-papa\/#breadcrumb","itemListElement":[{"@type":"ListItem","position":1,"name":"Portada","item":"https:\/\/exaudi.org\/es\/"},{"@type":"ListItem","position":2,"name":"Canad\u00e1: Posible visita de grupo de ind\u00edgenas al Papa"}]},{"@type":"WebSite","@id":"https:\/\/exaudi.org\/#website","url":"https:\/\/exaudi.org\/","name":"Exaudi","description":"News","potentialAction":[{"@type":"SearchAction","target":{"@type":"EntryPoint","urlTemplate":"https:\/\/exaudi.org\/?s={search_term_string}"},"query-input":{"@type":"PropertyValueSpecification","valueRequired":true,"valueName":"search_term_string"}}],"inLanguage":"es"},{"@type":"Person","@id":"https:\/\/exaudi.org\/#\/schema\/person\/7d2f77db033c2c0929edfab6dbe8c588","name":"Larissa I. L\u00f3pez","image":{"@type":"ImageObject","inLanguage":"es","@id":"https:\/\/secure.gravatar.com\/avatar\/db3ef399ff343d0bb9d25dc5198bc8ece5ac6d621eca79876697a354dabc1e3f?s=96&d=mm&r=g","url":"https:\/\/secure.gravatar.com\/avatar\/db3ef399ff343d0bb9d25dc5198bc8ece5ac6d621eca79876697a354dabc1e3f?s=96&d=mm&r=g","contentUrl":"https:\/\/secure.gravatar.com\/avatar\/db3ef399ff343d0bb9d25dc5198bc8ece5ac6d621eca79876697a354dabc1e3f?s=96&d=mm&r=g","caption":"Larissa I. L\u00f3pez"},"description":"Doctora en Comunicaci\u00f3n. Mi trayectoria profesional ha transcurrido entre el \u00e1mbito de la comunicaci\u00f3n y el de la docencia. En los \u00faltimos a\u00f1os, he trabajado como coordinadora y redactora de la edici\u00f3n de ZENIT en espa\u00f1ol. Como profesora, he impartido clases en la universidad y en centros de FP y bachillerato. Cordobesa de nacimiento, tambi\u00e9n he vivido en Sevilla, Madrid y Roma","url":"https:\/\/exaudi.org\/es\/author\/llopezexaudi-org\/"}]}},"jetpack_featured_media_url":"https:\/\/exaudi.org\/wp-content\/uploads\/2021\/06\/Canada.-Familiares-de-estudiantes-aborigenes.jpeg","jetpack_shortlink":"https:\/\/wp.me\/pgKjF2-5MO","_links":{"self":[{"href":"https:\/\/exaudi.org\/es\/wp-json\/wp\/v2\/posts\/22246","targetHints":{"allow":["GET"]}}],"collection":[{"href":"https:\/\/exaudi.org\/es\/wp-json\/wp\/v2\/posts"}],"about":[{"href":"https:\/\/exaudi.org\/es\/wp-json\/wp\/v2\/types\/post"}],"author":[{"embeddable":true,"href":"https:\/\/exaudi.org\/es\/wp-json\/wp\/v2\/users\/5"}],"replies":[{"embeddable":true,"href":"https:\/\/exaudi.org\/es\/wp-json\/wp\/v2\/comments?post=22246"}],"version-history":[{"count":0,"href":"https:\/\/exaudi.org\/es\/wp-json\/wp\/v2\/posts\/22246\/revisions"}],"wp:featuredmedia":[{"embeddable":true,"href":"https:\/\/exaudi.org\/es\/wp-json\/wp\/v2\/media\/22256"}],"wp:attachment":[{"href":"https:\/\/exaudi.org\/es\/wp-json\/wp\/v2\/media?parent=22246"}],"wp:term":[{"taxonomy":"category","embeddable":true,"href":"https:\/\/exaudi.org\/es\/wp-json\/wp\/v2\/categories?post=22246"},{"taxonomy":"post_tag","embeddable":true,"href":"https:\/\/exaudi.org\/es\/wp-json\/wp\/v2\/tags?post=22246"}],"curies":[{"name":"wp","href":"https:\/\/api.w.org\/{rel}","templated":true}]}}