{"id":22161,"date":"2021-06-15T09:10:50","date_gmt":"2021-06-15T07:10:50","guid":{"rendered":"https:\/\/exaudi.org\/?p=22161"},"modified":"2021-06-16T12:01:41","modified_gmt":"2021-06-16T10:01:41","slug":"los-heroes-del-cielo-vidas-santos-ninos","status":"publish","type":"post","link":"https:\/\/exaudi.org\/es\/los-heroes-del-cielo-vidas-santos-ninos\/","title":{"rendered":"\u201cLos H\u00e9roes del Cielo\u201d: Vidas de santos para ni\u00f1os"},"content":{"rendered":"<p>\u201cLos H\u00e9roes del Cielo\u201d es una iniciativa creada por Pura Pastor, comunicadora y madre espa\u00f1ola de tres hijos, para relatar la vida de los santos a los ni\u00f1os a trav\u00e9s de cuentos adaptados a ellos.<\/p>\n<figure id=\"attachment_22167\" aria-describedby=\"caption-attachment-22167\" style=\"width: 300px\" class=\"wp-caption alignleft\"><img loading=\"lazy\" decoding=\"async\" class=\"size-medium wp-image-22167\" src=\"https:\/\/exaudi.org\/wp-content\/uploads\/2021\/06\/IMG_5835-300x225.jpg\" alt=\"\" width=\"300\" height=\"225\" srcset=\"https:\/\/exaudi.org\/wp-content\/uploads\/2021\/06\/IMG_5835-300x225.jpg 300w, https:\/\/exaudi.org\/wp-content\/uploads\/2021\/06\/IMG_5835-1024x768.jpg 1024w, https:\/\/exaudi.org\/wp-content\/uploads\/2021\/06\/IMG_5835-768x576.jpg 768w, https:\/\/exaudi.org\/wp-content\/uploads\/2021\/06\/IMG_5835-1536x1152.jpg 1536w, https:\/\/exaudi.org\/wp-content\/uploads\/2021\/06\/IMG_5835-2048x1536.jpg 2048w, https:\/\/exaudi.org\/wp-content\/uploads\/2021\/06\/IMG_5835-150x113.jpg 150w, https:\/\/exaudi.org\/wp-content\/uploads\/2021\/06\/IMG_5835-696x522.jpg 696w, https:\/\/exaudi.org\/wp-content\/uploads\/2021\/06\/IMG_5835-1068x801.jpg 1068w, https:\/\/exaudi.org\/wp-content\/uploads\/2021\/06\/IMG_5835-1920x1440.jpg 1920w, https:\/\/exaudi.org\/wp-content\/uploads\/2021\/06\/IMG_5835-560x420.jpg 560w, https:\/\/exaudi.org\/wp-content\/uploads\/2021\/06\/IMG_5835-80x60.jpg 80w, https:\/\/exaudi.org\/wp-content\/uploads\/2021\/06\/IMG_5835-265x198.jpg 265w\" sizes=\"auto, (max-width: 300px) 100vw, 300px\" \/><figcaption id=\"caption-attachment-22167\" class=\"wp-caption-text\">Pura Pastor con sus 3 hijos \u00a9 Pura Pastor<\/figcaption><\/figure>\n<p>\u201cEsta andadura empez\u00f3 el mes de mayo de 2020. Fue entonces, cuando tuve la necesidad como madre entusiasta y creyente de explicarles a mis hijos Pepe (6 a\u00f1os), Felipe (4 a\u00f1os) y Gabriel (1 a\u00f1o) c\u00f3mo la Virgen se apareci\u00f3 a los tres pastorcitos en F\u00e1tima. No encontr\u00e9 nada que me pareciera sencillo y agradable para ni\u00f1os\u201d, cuenta ella misma en la <a href=\"https:\/\/www.losheroesdelcielo.com\/\" target=\"_blank\" rel=\"noopener noreferrer\">p\u00e1gina <em>web<\/em> del proyecto<\/a>.<\/p>\n<h4><strong>Los santos tambi\u00e9n son h\u00e9roes<\/strong><\/h4>\n<p>\u201c\u00bfPor qu\u00e9 no transmitirles a nuestros hijos valores y creencias a trav\u00e9s de vidas ejemplares reales? \u00bfPor qu\u00e9 no acercarles las vivencias de personas buenas que hicieron mucho bien a su alrededor?\u201d, se plante\u00f3 esta joven madre.<\/p>\n<p>\u201cIgual que nuestros hijos sienten atracci\u00f3n por las vidas ficticias de los conocidos superh\u00e9roes, podr\u00edan sentir admiraci\u00f3n, atracci\u00f3n, curiosidad por la vida de todos los h\u00e9roes que est\u00e1n en el Cielo\u201d. Para ello, Pura pens\u00f3 que la mejor idea era que los propios padres contar\u00e1n \u201ca trav\u00e9s de cuentos entra\u00f1ables la vida de entrega y servicio de nuestros santos\u201d.<\/p>\n<p>Fruto de esta necesidad experimentada de primera mano, surge este proyecto de \u201cLos H\u00e9roes del Cielo\u201d, \u201ccuentos breves sobre la vida de personas reales que por su bondad natural o por su manera de vivir y servir han ayudado mucho a otras personas convirti\u00e9ndose en aut\u00e9nticos h\u00e9roes\u201d, describe su creadora.<\/p>\n<figure id=\"attachment_22177\" aria-describedby=\"caption-attachment-22177\" style=\"width: 300px\" class=\"wp-caption alignright\"><img loading=\"lazy\" decoding=\"async\" class=\"size-medium wp-image-22177\" src=\"https:\/\/exaudi.org\/wp-content\/uploads\/2021\/06\/Heroes-del-cielo-300x200.jpg\" alt=\"\" width=\"300\" height=\"200\" srcset=\"https:\/\/exaudi.org\/wp-content\/uploads\/2021\/06\/Heroes-del-cielo-300x200.jpg 300w, https:\/\/exaudi.org\/wp-content\/uploads\/2021\/06\/Heroes-del-cielo-768x512.jpg 768w, https:\/\/exaudi.org\/wp-content\/uploads\/2021\/06\/Heroes-del-cielo-150x100.jpg 150w, https:\/\/exaudi.org\/wp-content\/uploads\/2021\/06\/Heroes-del-cielo-696x464.jpg 696w, https:\/\/exaudi.org\/wp-content\/uploads\/2021\/06\/Heroes-del-cielo-631x420.jpg 631w, https:\/\/exaudi.org\/wp-content\/uploads\/2021\/06\/Heroes-del-cielo.jpg 1024w\" sizes=\"auto, (max-width: 300px) 100vw, 300px\" \/><figcaption id=\"caption-attachment-22177\" class=\"wp-caption-text\">\u00a9 @losheroesdelcielo<\/figcaption><\/figure>\n<p>Estas historias cortas est\u00e1n ilustradas por <a href=\"https:\/\/www.instagram.com\/polikipoliki.design\/\" target=\"_blank\" rel=\"noopener noreferrer\">Isabel Trigo<\/a>, \u201ccon una sensibilidad exquisita que llega a los m\u00e1s peque\u00f1os de nuestra casa. Adem\u00e1s, es una manera muy f\u00e1cil y original de que nuestros hijos conozcan el origen de su nombre de pila o el de sus familiares y amigos\u201d, explica.<\/p>\n<p>La promotora tambi\u00e9n habla sobre c\u00f3mo es habitual que los padres cat\u00f3licos elijan un nombre para sus hijos que provenga de un santo o santa y c\u00f3mo \u201cLos H\u00e9roes del Cielo\u201d permite \u201cque tu hijo conozca c\u00f3mo fue la vida del Santo al que \u00e9l debe su nombre. As\u00ed podr\u00e1 tener un v\u00ednculo m\u00e1s fuerte con el d\u00eda de su santo\u201d.<\/p>\n<h4><strong>San Ignacio de Loyola, primer h\u00e9roe<\/strong><\/h4>\n<p>El primer \u201ch\u00e9roe del cielo\u201d editado es <a href=\"https:\/\/exaudi.org\/es\/compania-de-jesus-ano-ignaciano-de-renovacion\/\" target=\"_blank\" rel=\"noopener noreferrer\">san Ignacio de Loyola<\/a>, \u201cun h\u00e9roe que dej\u00f3 de ser un gran soldado para ser peregrino y entregar su vida a los dem\u00e1s\u201d y que es el santo de todos los ni\u00f1os que se llaman Ignacio, I\u00f1igo, Ignasi, Nacho, Eneko, I\u00f1aki y que celebran su santo el 31 de Julio.<\/p>\n<figure id=\"attachment_22180\" aria-describedby=\"caption-attachment-22180\" style=\"width: 300px\" class=\"wp-caption alignleft\"><img loading=\"lazy\" decoding=\"async\" class=\"wp-image-22180 size-medium\" src=\"https:\/\/exaudi.org\/wp-content\/uploads\/2021\/06\/d980c1d6-22f6-40b9-8462-e5b1c4722862-300x300.jpg\" alt=\"\" width=\"300\" height=\"300\" srcset=\"https:\/\/exaudi.org\/wp-content\/uploads\/2021\/06\/d980c1d6-22f6-40b9-8462-e5b1c4722862-300x300.jpg 300w, https:\/\/exaudi.org\/wp-content\/uploads\/2021\/06\/d980c1d6-22f6-40b9-8462-e5b1c4722862-1024x1024.jpg 1024w, https:\/\/exaudi.org\/wp-content\/uploads\/2021\/06\/d980c1d6-22f6-40b9-8462-e5b1c4722862-150x150.jpg 150w, https:\/\/exaudi.org\/wp-content\/uploads\/2021\/06\/d980c1d6-22f6-40b9-8462-e5b1c4722862-768x768.jpg 768w, https:\/\/exaudi.org\/wp-content\/uploads\/2021\/06\/d980c1d6-22f6-40b9-8462-e5b1c4722862-696x696.jpg 696w, https:\/\/exaudi.org\/wp-content\/uploads\/2021\/06\/d980c1d6-22f6-40b9-8462-e5b1c4722862-1068x1068.jpg 1068w, https:\/\/exaudi.org\/wp-content\/uploads\/2021\/06\/d980c1d6-22f6-40b9-8462-e5b1c4722862-420x420.jpg 420w, https:\/\/exaudi.org\/wp-content\/uploads\/2021\/06\/d980c1d6-22f6-40b9-8462-e5b1c4722862.jpg 1536w\" sizes=\"auto, (max-width: 300px) 100vw, 300px\" \/><figcaption id=\"caption-attachment-22180\" class=\"wp-caption-text\">\u00a9 @losheroesdelcielo<\/figcaption><\/figure>\n<p>En la p\u00e1gina <em>web<\/em> se anima a proponer ideas sobre otros santos que abordar en este proyecto: \u201cBuscamos historias de santos que inspiren a los ni\u00f1os, vidas ejemplares que les ayuden a ser mejores cada d\u00eda\u201d. Ya se est\u00e1 trabajando en el pr\u00f3ximo h\u00e9roe, Santiago ap\u00f3stol.<\/p>\n<h4><strong>Trabajo de adaptaci\u00f3n<\/strong><\/h4>\n<p>Pura cuenta a Exaudi que el trabajo de adaptaci\u00f3n de la vida de los santos \u201cno me ha resultado f\u00e1cil, pues son vidas complejas y seg\u00fan de que santo queramos escribir nos encontramos con finales de vidas muy tr\u00e1gicos y, consecuentemente, dif\u00edciles de explicar a primeros lectores\u201d.<\/p>\n<p>Asimismo, comparte que \u201ccada vez que inicio la b\u00fasqueda de informaci\u00f3n sobre la vida del santo que queremos que los ni\u00f1os conozcan, me encomiendo al Esp\u00edritu Santo tal y como mi abuela me transmiti\u00f3 desde peque\u00f1ita: \u2018Pura, reza al Esp\u00edritu Santo para que te ilumine el entendimiento\u2019 y, es cierto, recibo inspiraci\u00f3n\u201d.<\/p>\n<h4><strong>Acogida de la iniciativa<\/strong><\/h4>\n<p>En cuanto a la acogida del proyecto, la promotora de esta iniciativa apunta que esta, \u201cgracias a Dios\u201d, ha sido \u201cmuy buena\u201d, sobre todo \u201centre padres j\u00f3venes cat\u00f3licos\u201d. Adem\u00e1s, se\u00f1ala que en esta fase inicial de la iniciativa solo contemplaban mandar ejemplares a Espa\u00f1a y Europa.<\/p>\n<figure id=\"attachment_22174\" aria-describedby=\"caption-attachment-22174\" style=\"width: 300px\" class=\"wp-caption alignright\"><img loading=\"lazy\" decoding=\"async\" class=\"wp-image-22174 size-medium\" src=\"https:\/\/exaudi.org\/wp-content\/uploads\/2021\/06\/WhatsApp-Image-2021-06-13-at-16.50.23-300x300.jpeg\" alt=\"\" width=\"300\" height=\"300\" srcset=\"https:\/\/exaudi.org\/wp-content\/uploads\/2021\/06\/WhatsApp-Image-2021-06-13-at-16.50.23-300x300.jpeg 300w, https:\/\/exaudi.org\/wp-content\/uploads\/2021\/06\/WhatsApp-Image-2021-06-13-at-16.50.23-1024x1024.jpeg 1024w, https:\/\/exaudi.org\/wp-content\/uploads\/2021\/06\/WhatsApp-Image-2021-06-13-at-16.50.23-150x150.jpeg 150w, https:\/\/exaudi.org\/wp-content\/uploads\/2021\/06\/WhatsApp-Image-2021-06-13-at-16.50.23-768x768.jpeg 768w, https:\/\/exaudi.org\/wp-content\/uploads\/2021\/06\/WhatsApp-Image-2021-06-13-at-16.50.23-1536x1536.jpeg 1536w, https:\/\/exaudi.org\/wp-content\/uploads\/2021\/06\/WhatsApp-Image-2021-06-13-at-16.50.23-696x696.jpeg 696w, https:\/\/exaudi.org\/wp-content\/uploads\/2021\/06\/WhatsApp-Image-2021-06-13-at-16.50.23-1068x1068.jpeg 1068w, https:\/\/exaudi.org\/wp-content\/uploads\/2021\/06\/WhatsApp-Image-2021-06-13-at-16.50.23-1920x1920.jpeg 1920w, https:\/\/exaudi.org\/wp-content\/uploads\/2021\/06\/WhatsApp-Image-2021-06-13-at-16.50.23-420x420.jpeg 420w, https:\/\/exaudi.org\/wp-content\/uploads\/2021\/06\/WhatsApp-Image-2021-06-13-at-16.50.23.jpeg 2048w\" sizes=\"auto, (max-width: 300px) 100vw, 300px\" \/><figcaption id=\"caption-attachment-22174\" class=\"wp-caption-text\">\u00a9 @losheroesdelcielo<\/figcaption><\/figure>\n<p>No obstante, \u201ca trav\u00e9s de <a href=\"https:\/\/www.instagram.com\/losheroesdelcielo\/\" target=\"_blank\" rel=\"noopener noreferrer\">redes sociales<\/a> hemos tenido peticiones de ejemplares de nuestro primer h\u00e9roe, san Ignacio de Loyola. Por este motivo, estamos valorando la opci\u00f3n de expandirnos antes de lo previsto. Para ello, vamos a trabajar con editoriales locales de Latinoam\u00e9rica\u201d.<\/p>\n<h4><strong>Evangelizar y dar testimonio<\/strong><\/h4>\n<p>Por otro lado, la comunicadora espa\u00f1ola destaca que, aunque \u201ces verdad que, hasta ahora hay una fuerte asociaci\u00f3n entre el H\u00e9roe publicado y el nombre de pila del ni\u00f1o\u201d, \u201cla finalidad de \u2018Los H\u00e9roes del Cielo\u2019, es m\u00e1s universal\u201d. Es decir, \u201cno s\u00f3lo pretendemos que los ni\u00f1os sientan cari\u00f1o por el santo al que ellos deben su nombre, sino que pretendemos que los ni\u00f1os conozcan de una manera m\u00e1s cercana y entra\u00f1able las vidas de entrega a los dem\u00e1s que protagonizaron estos santos siendo personas extraordinarias en medio del mundo\u201d.<\/p>\n<p>De este modo, contin\u00faa, \u201cpodemos contribuir a evangelizar y dar testimonio de Jes\u00fas a los m\u00e1s peque\u00f1os de la casa vivi\u00e9ndolo de una manera muy familiar\u201d.<\/p>\n","protected":false},"excerpt":{"rendered":"<p>Pura Pastor, creadora de la iniciativa<\/p>\n","protected":false},"author":5,"featured_media":22171,"comment_status":"closed","ping_status":"closed","sticky":false,"template":"","format":"standard","meta":{"_acf_changed":false,"_crdt_document":"","inline_featured_image":false,"footnotes":""},"categories":[2772,98,298],"tags":[2846,1196,2407,387,2375],"class_list":["post-22161","post","type-post","status-publish","format-standard","has-post-thumbnail","hentry","category-santoral","category-testimonios","category-ultimas-noticias","tag-los-heroes-del-cielo","tag-ninos","tag-san-ignacio-de-loyola","tag-santoral","tag-santos"],"acf":[],"yoast_head":"<!-- This site is optimized with the Yoast SEO plugin v27.4 - https:\/\/yoast.com\/product\/yoast-seo-wordpress\/ -->\n<title>\u201cLos H\u00e9roes del Cielo\u201d: Vidas de santos para ni\u00f1os &#8211; Exaudi<\/title>\n<meta name=\"description\" content=\"\u201cLos H\u00e9roes del Cielo\u201d es una iniciativa creada por Pura Pastor, comunicadora y madre, para relatar la vida de los santos a los ni\u00f1os\" \/>\n<meta name=\"robots\" content=\"index, follow, max-snippet:-1, max-image-preview:large, max-video-preview:-1\" \/>\n<link rel=\"canonical\" href=\"https:\/\/exaudi.org\/es\/los-heroes-del-cielo-vidas-santos-ninos\/\" \/>\n<meta property=\"og:locale\" content=\"es_ES\" \/>\n<meta property=\"og:type\" content=\"article\" \/>\n<meta property=\"og:title\" content=\"\u201cLos H\u00e9roes del Cielo\u201d: Vidas de santos para ni\u00f1os &#8211; Exaudi\" \/>\n<meta property=\"og:description\" content=\"\u201cLos H\u00e9roes del Cielo\u201d es una iniciativa creada por Pura Pastor, comunicadora y madre, para relatar la vida de los santos a los ni\u00f1os\" \/>\n<meta property=\"og:url\" content=\"https:\/\/exaudi.org\/es\/los-heroes-del-cielo-vidas-santos-ninos\/\" \/>\n<meta property=\"og:site_name\" content=\"Exaudi\" \/>\n<meta property=\"article:publisher\" content=\"https:\/\/www.facebook.com\/ExaudiNews\" \/>\n<meta property=\"article:published_time\" content=\"2021-06-15T07:10:50+00:00\" \/>\n<meta property=\"article:modified_time\" content=\"2021-06-16T10:01:41+00:00\" \/>\n<meta property=\"og:image\" content=\"https:\/\/exaudi.org\/wp-content\/uploads\/2021\/06\/WhatsApp-Image-2021-06-14-at-10.24.14.jpeg\" \/>\n\t<meta property=\"og:image:width\" content=\"1600\" \/>\n\t<meta property=\"og:image:height\" content=\"1600\" \/>\n\t<meta property=\"og:image:type\" content=\"image\/jpeg\" \/>\n<meta name=\"author\" content=\"Larissa I. L\u00f3pez\" \/>\n<meta name=\"twitter:card\" content=\"summary_large_image\" \/>\n<meta name=\"twitter:creator\" content=\"@Exaudi_News\" \/>\n<meta name=\"twitter:site\" content=\"@Exaudi_News\" \/>\n<meta name=\"twitter:label1\" content=\"Escrito por\" \/>\n\t<meta name=\"twitter:data1\" content=\"Larissa I. L\u00f3pez\" \/>\n\t<meta name=\"twitter:label2\" content=\"Tiempo de lectura\" \/>\n\t<meta name=\"twitter:data2\" content=\"5 minutos\" \/>\n<script type=\"application\/ld+json\" class=\"yoast-schema-graph\">{\"@context\":\"https:\\\/\\\/schema.org\",\"@graph\":[{\"@type\":\"Article\",\"@id\":\"https:\\\/\\\/exaudi.org\\\/es\\\/los-heroes-del-cielo-vidas-santos-ninos\\\/#article\",\"isPartOf\":{\"@id\":\"https:\\\/\\\/exaudi.org\\\/es\\\/los-heroes-del-cielo-vidas-santos-ninos\\\/\"},\"author\":{\"name\":\"Larissa I. L\u00f3pez\",\"@id\":\"https:\\\/\\\/exaudi.org\\\/#\\\/schema\\\/person\\\/7d2f77db033c2c0929edfab6dbe8c588\"},\"headline\":\"\u201cLos H\u00e9roes del Cielo\u201d: Vidas de santos para ni\u00f1os\",\"datePublished\":\"2021-06-15T07:10:50+00:00\",\"dateModified\":\"2021-06-16T10:01:41+00:00\",\"mainEntityOfPage\":{\"@id\":\"https:\\\/\\\/exaudi.org\\\/es\\\/los-heroes-del-cielo-vidas-santos-ninos\\\/\"},\"wordCount\":925,\"image\":{\"@id\":\"https:\\\/\\\/exaudi.org\\\/es\\\/los-heroes-del-cielo-vidas-santos-ninos\\\/#primaryimage\"},\"thumbnailUrl\":\"https:\\\/\\\/exaudi.org\\\/wp-content\\\/uploads\\\/2021\\\/06\\\/WhatsApp-Image-2021-06-14-at-10.24.14.jpeg\",\"keywords\":[\"Los H\u00e9roes del Cielo\",\"Ni\u00f1os\",\"San Ignacio de Loyola\",\"Santoral\",\"Santos\"],\"articleSection\":[\"Santoral\",\"Testimonios\",\"\u00daltimas noticias\"],\"inLanguage\":\"es\"},{\"@type\":\"WebPage\",\"@id\":\"https:\\\/\\\/exaudi.org\\\/es\\\/los-heroes-del-cielo-vidas-santos-ninos\\\/\",\"url\":\"https:\\\/\\\/exaudi.org\\\/es\\\/los-heroes-del-cielo-vidas-santos-ninos\\\/\",\"name\":\"\u201cLos H\u00e9roes del Cielo\u201d: Vidas de santos para ni\u00f1os &#8211; Exaudi\",\"isPartOf\":{\"@id\":\"https:\\\/\\\/exaudi.org\\\/#website\"},\"primaryImageOfPage\":{\"@id\":\"https:\\\/\\\/exaudi.org\\\/es\\\/los-heroes-del-cielo-vidas-santos-ninos\\\/#primaryimage\"},\"image\":{\"@id\":\"https:\\\/\\\/exaudi.org\\\/es\\\/los-heroes-del-cielo-vidas-santos-ninos\\\/#primaryimage\"},\"thumbnailUrl\":\"https:\\\/\\\/exaudi.org\\\/wp-content\\\/uploads\\\/2021\\\/06\\\/WhatsApp-Image-2021-06-14-at-10.24.14.jpeg\",\"datePublished\":\"2021-06-15T07:10:50+00:00\",\"dateModified\":\"2021-06-16T10:01:41+00:00\",\"author\":{\"@id\":\"https:\\\/\\\/exaudi.org\\\/#\\\/schema\\\/person\\\/7d2f77db033c2c0929edfab6dbe8c588\"},\"description\":\"\u201cLos H\u00e9roes del Cielo\u201d es una iniciativa creada por Pura Pastor, comunicadora y madre, para relatar la vida de los santos a los ni\u00f1os\",\"breadcrumb\":{\"@id\":\"https:\\\/\\\/exaudi.org\\\/es\\\/los-heroes-del-cielo-vidas-santos-ninos\\\/#breadcrumb\"},\"inLanguage\":\"es\",\"potentialAction\":[{\"@type\":\"ReadAction\",\"target\":[\"https:\\\/\\\/exaudi.org\\\/es\\\/los-heroes-del-cielo-vidas-santos-ninos\\\/\"]}]},{\"@type\":\"ImageObject\",\"inLanguage\":\"es\",\"@id\":\"https:\\\/\\\/exaudi.org\\\/es\\\/los-heroes-del-cielo-vidas-santos-ninos\\\/#primaryimage\",\"url\":\"https:\\\/\\\/exaudi.org\\\/wp-content\\\/uploads\\\/2021\\\/06\\\/WhatsApp-Image-2021-06-14-at-10.24.14.jpeg\",\"contentUrl\":\"https:\\\/\\\/exaudi.org\\\/wp-content\\\/uploads\\\/2021\\\/06\\\/WhatsApp-Image-2021-06-14-at-10.24.14.jpeg\",\"width\":1600,\"height\":1600,\"caption\":\"\\\"Los H\u00e9roes del Cielo\\\" \u00a9 @losheroesdelcielo\"},{\"@type\":\"BreadcrumbList\",\"@id\":\"https:\\\/\\\/exaudi.org\\\/es\\\/los-heroes-del-cielo-vidas-santos-ninos\\\/#breadcrumb\",\"itemListElement\":[{\"@type\":\"ListItem\",\"position\":1,\"name\":\"Portada\",\"item\":\"https:\\\/\\\/exaudi.org\\\/es\\\/\"},{\"@type\":\"ListItem\",\"position\":2,\"name\":\"\u201cLos H\u00e9roes del Cielo\u201d: Vidas de santos para ni\u00f1os\"}]},{\"@type\":\"WebSite\",\"@id\":\"https:\\\/\\\/exaudi.org\\\/#website\",\"url\":\"https:\\\/\\\/exaudi.org\\\/\",\"name\":\"Exaudi\",\"description\":\"News\",\"potentialAction\":[{\"@type\":\"SearchAction\",\"target\":{\"@type\":\"EntryPoint\",\"urlTemplate\":\"https:\\\/\\\/exaudi.org\\\/?s={search_term_string}\"},\"query-input\":{\"@type\":\"PropertyValueSpecification\",\"valueRequired\":true,\"valueName\":\"search_term_string\"}}],\"inLanguage\":\"es\"},{\"@type\":\"Person\",\"@id\":\"https:\\\/\\\/exaudi.org\\\/#\\\/schema\\\/person\\\/7d2f77db033c2c0929edfab6dbe8c588\",\"name\":\"Larissa I. L\u00f3pez\",\"image\":{\"@type\":\"ImageObject\",\"inLanguage\":\"es\",\"@id\":\"https:\\\/\\\/secure.gravatar.com\\\/avatar\\\/db3ef399ff343d0bb9d25dc5198bc8ece5ac6d621eca79876697a354dabc1e3f?s=96&d=mm&r=g\",\"url\":\"https:\\\/\\\/secure.gravatar.com\\\/avatar\\\/db3ef399ff343d0bb9d25dc5198bc8ece5ac6d621eca79876697a354dabc1e3f?s=96&d=mm&r=g\",\"contentUrl\":\"https:\\\/\\\/secure.gravatar.com\\\/avatar\\\/db3ef399ff343d0bb9d25dc5198bc8ece5ac6d621eca79876697a354dabc1e3f?s=96&d=mm&r=g\",\"caption\":\"Larissa I. L\u00f3pez\"},\"description\":\"Doctora en Comunicaci\u00f3n. Mi trayectoria profesional ha transcurrido entre el \u00e1mbito de la comunicaci\u00f3n y el de la docencia. En los \u00faltimos a\u00f1os, he trabajado como coordinadora y redactora de la edici\u00f3n de ZENIT en espa\u00f1ol. Como profesora, he impartido clases en la universidad y en centros de FP y bachillerato. Cordobesa de nacimiento, tambi\u00e9n he vivido en Sevilla, Madrid y Roma\",\"url\":\"https:\\\/\\\/exaudi.org\\\/es\\\/author\\\/llopezexaudi-org\\\/\"}]}<\/script>\n<!-- \/ Yoast SEO plugin. -->","yoast_head_json":{"title":"\u201cLos H\u00e9roes del Cielo\u201d: Vidas de santos para ni\u00f1os &#8211; Exaudi","description":"\u201cLos H\u00e9roes del Cielo\u201d es una iniciativa creada por Pura Pastor, comunicadora y madre, para relatar la vida de los santos a los ni\u00f1os","robots":{"index":"index","follow":"follow","max-snippet":"max-snippet:-1","max-image-preview":"max-image-preview:large","max-video-preview":"max-video-preview:-1"},"canonical":"https:\/\/exaudi.org\/es\/los-heroes-del-cielo-vidas-santos-ninos\/","og_locale":"es_ES","og_type":"article","og_title":"\u201cLos H\u00e9roes del Cielo\u201d: Vidas de santos para ni\u00f1os &#8211; Exaudi","og_description":"\u201cLos H\u00e9roes del Cielo\u201d es una iniciativa creada por Pura Pastor, comunicadora y madre, para relatar la vida de los santos a los ni\u00f1os","og_url":"https:\/\/exaudi.org\/es\/los-heroes-del-cielo-vidas-santos-ninos\/","og_site_name":"Exaudi","article_publisher":"https:\/\/www.facebook.com\/ExaudiNews","article_published_time":"2021-06-15T07:10:50+00:00","article_modified_time":"2021-06-16T10:01:41+00:00","og_image":[{"width":1600,"height":1600,"url":"https:\/\/exaudi.org\/wp-content\/uploads\/2021\/06\/WhatsApp-Image-2021-06-14-at-10.24.14.jpeg","type":"image\/jpeg"}],"author":"Larissa I. L\u00f3pez","twitter_card":"summary_large_image","twitter_creator":"@Exaudi_News","twitter_site":"@Exaudi_News","twitter_misc":{"Escrito por":"Larissa I. L\u00f3pez","Tiempo de lectura":"5 minutos"},"schema":{"@context":"https:\/\/schema.org","@graph":[{"@type":"Article","@id":"https:\/\/exaudi.org\/es\/los-heroes-del-cielo-vidas-santos-ninos\/#article","isPartOf":{"@id":"https:\/\/exaudi.org\/es\/los-heroes-del-cielo-vidas-santos-ninos\/"},"author":{"name":"Larissa I. L\u00f3pez","@id":"https:\/\/exaudi.org\/#\/schema\/person\/7d2f77db033c2c0929edfab6dbe8c588"},"headline":"\u201cLos H\u00e9roes del Cielo\u201d: Vidas de santos para ni\u00f1os","datePublished":"2021-06-15T07:10:50+00:00","dateModified":"2021-06-16T10:01:41+00:00","mainEntityOfPage":{"@id":"https:\/\/exaudi.org\/es\/los-heroes-del-cielo-vidas-santos-ninos\/"},"wordCount":925,"image":{"@id":"https:\/\/exaudi.org\/es\/los-heroes-del-cielo-vidas-santos-ninos\/#primaryimage"},"thumbnailUrl":"https:\/\/exaudi.org\/wp-content\/uploads\/2021\/06\/WhatsApp-Image-2021-06-14-at-10.24.14.jpeg","keywords":["Los H\u00e9roes del Cielo","Ni\u00f1os","San Ignacio de Loyola","Santoral","Santos"],"articleSection":["Santoral","Testimonios","\u00daltimas noticias"],"inLanguage":"es"},{"@type":"WebPage","@id":"https:\/\/exaudi.org\/es\/los-heroes-del-cielo-vidas-santos-ninos\/","url":"https:\/\/exaudi.org\/es\/los-heroes-del-cielo-vidas-santos-ninos\/","name":"\u201cLos H\u00e9roes del Cielo\u201d: Vidas de santos para ni\u00f1os &#8211; Exaudi","isPartOf":{"@id":"https:\/\/exaudi.org\/#website"},"primaryImageOfPage":{"@id":"https:\/\/exaudi.org\/es\/los-heroes-del-cielo-vidas-santos-ninos\/#primaryimage"},"image":{"@id":"https:\/\/exaudi.org\/es\/los-heroes-del-cielo-vidas-santos-ninos\/#primaryimage"},"thumbnailUrl":"https:\/\/exaudi.org\/wp-content\/uploads\/2021\/06\/WhatsApp-Image-2021-06-14-at-10.24.14.jpeg","datePublished":"2021-06-15T07:10:50+00:00","dateModified":"2021-06-16T10:01:41+00:00","author":{"@id":"https:\/\/exaudi.org\/#\/schema\/person\/7d2f77db033c2c0929edfab6dbe8c588"},"description":"\u201cLos H\u00e9roes del Cielo\u201d es una iniciativa creada por Pura Pastor, comunicadora y madre, para relatar la vida de los santos a los ni\u00f1os","breadcrumb":{"@id":"https:\/\/exaudi.org\/es\/los-heroes-del-cielo-vidas-santos-ninos\/#breadcrumb"},"inLanguage":"es","potentialAction":[{"@type":"ReadAction","target":["https:\/\/exaudi.org\/es\/los-heroes-del-cielo-vidas-santos-ninos\/"]}]},{"@type":"ImageObject","inLanguage":"es","@id":"https:\/\/exaudi.org\/es\/los-heroes-del-cielo-vidas-santos-ninos\/#primaryimage","url":"https:\/\/exaudi.org\/wp-content\/uploads\/2021\/06\/WhatsApp-Image-2021-06-14-at-10.24.14.jpeg","contentUrl":"https:\/\/exaudi.org\/wp-content\/uploads\/2021\/06\/WhatsApp-Image-2021-06-14-at-10.24.14.jpeg","width":1600,"height":1600,"caption":"\"Los H\u00e9roes del Cielo\" \u00a9 @losheroesdelcielo"},{"@type":"BreadcrumbList","@id":"https:\/\/exaudi.org\/es\/los-heroes-del-cielo-vidas-santos-ninos\/#breadcrumb","itemListElement":[{"@type":"ListItem","position":1,"name":"Portada","item":"https:\/\/exaudi.org\/es\/"},{"@type":"ListItem","position":2,"name":"\u201cLos H\u00e9roes del Cielo\u201d: Vidas de santos para ni\u00f1os"}]},{"@type":"WebSite","@id":"https:\/\/exaudi.org\/#website","url":"https:\/\/exaudi.org\/","name":"Exaudi","description":"News","potentialAction":[{"@type":"SearchAction","target":{"@type":"EntryPoint","urlTemplate":"https:\/\/exaudi.org\/?s={search_term_string}"},"query-input":{"@type":"PropertyValueSpecification","valueRequired":true,"valueName":"search_term_string"}}],"inLanguage":"es"},{"@type":"Person","@id":"https:\/\/exaudi.org\/#\/schema\/person\/7d2f77db033c2c0929edfab6dbe8c588","name":"Larissa I. L\u00f3pez","image":{"@type":"ImageObject","inLanguage":"es","@id":"https:\/\/secure.gravatar.com\/avatar\/db3ef399ff343d0bb9d25dc5198bc8ece5ac6d621eca79876697a354dabc1e3f?s=96&d=mm&r=g","url":"https:\/\/secure.gravatar.com\/avatar\/db3ef399ff343d0bb9d25dc5198bc8ece5ac6d621eca79876697a354dabc1e3f?s=96&d=mm&r=g","contentUrl":"https:\/\/secure.gravatar.com\/avatar\/db3ef399ff343d0bb9d25dc5198bc8ece5ac6d621eca79876697a354dabc1e3f?s=96&d=mm&r=g","caption":"Larissa I. L\u00f3pez"},"description":"Doctora en Comunicaci\u00f3n. Mi trayectoria profesional ha transcurrido entre el \u00e1mbito de la comunicaci\u00f3n y el de la docencia. En los \u00faltimos a\u00f1os, he trabajado como coordinadora y redactora de la edici\u00f3n de ZENIT en espa\u00f1ol. Como profesora, he impartido clases en la universidad y en centros de FP y bachillerato. Cordobesa de nacimiento, tambi\u00e9n he vivido en Sevilla, Madrid y Roma","url":"https:\/\/exaudi.org\/es\/author\/llopezexaudi-org\/"}]}},"jetpack_featured_media_url":"https:\/\/exaudi.org\/wp-content\/uploads\/2021\/06\/WhatsApp-Image-2021-06-14-at-10.24.14.jpeg","jetpack_shortlink":"https:\/\/wp.me\/pgKjF2-5Lr","_links":{"self":[{"href":"https:\/\/exaudi.org\/es\/wp-json\/wp\/v2\/posts\/22161","targetHints":{"allow":["GET"]}}],"collection":[{"href":"https:\/\/exaudi.org\/es\/wp-json\/wp\/v2\/posts"}],"about":[{"href":"https:\/\/exaudi.org\/es\/wp-json\/wp\/v2\/types\/post"}],"author":[{"embeddable":true,"href":"https:\/\/exaudi.org\/es\/wp-json\/wp\/v2\/users\/5"}],"replies":[{"embeddable":true,"href":"https:\/\/exaudi.org\/es\/wp-json\/wp\/v2\/comments?post=22161"}],"version-history":[{"count":0,"href":"https:\/\/exaudi.org\/es\/wp-json\/wp\/v2\/posts\/22161\/revisions"}],"wp:featuredmedia":[{"embeddable":true,"href":"https:\/\/exaudi.org\/es\/wp-json\/wp\/v2\/media\/22171"}],"wp:attachment":[{"href":"https:\/\/exaudi.org\/es\/wp-json\/wp\/v2\/media?parent=22161"}],"wp:term":[{"taxonomy":"category","embeddable":true,"href":"https:\/\/exaudi.org\/es\/wp-json\/wp\/v2\/categories?post=22161"},{"taxonomy":"post_tag","embeddable":true,"href":"https:\/\/exaudi.org\/es\/wp-json\/wp\/v2\/tags?post=22161"}],"curies":[{"name":"wp","href":"https:\/\/api.w.org\/{rel}","templated":true}]}}