{"id":21996,"date":"2021-06-14T09:00:12","date_gmt":"2021-06-14T07:00:12","guid":{"rendered":"https:\/\/exaudi.org\/?p=21996"},"modified":"2021-06-15T09:10:02","modified_gmt":"2021-06-15T07:10:02","slug":"teologia-para-millennials-el-mes-del-orgullo","status":"publish","type":"post","link":"https:\/\/exaudi.org\/es\/teologia-para-millennials-el-mes-del-orgullo\/","title":{"rendered":"Teolog\u00eda para Millennials: El mes del orgullo"},"content":{"rendered":"<p>Hoy lunes 14 de junio de 2021, en \u201c<a href=\"https:\/\/teologiaparamillennials.com\/\" target=\"_blank\" rel=\"noopener noreferrer\">Teolog\u00eda para Millennials<\/a>\u201d, el sacerdote mexicano\u00a0<a href=\"https:\/\/exaudi.org\/es\/author\/padremarioarroyo\/\" target=\"_blank\" rel=\"noopener noreferrer\">Mario Arroyo Mart\u00ednez<\/a> comparte con los lectores de Exaudi su art\u00edculo \u201cEl mes del orgullo\u201d, sobre la actualidad del llamado <span style=\"font-weight: 400\">\u201cmes del orgullo gay\u201d y el fomento de una falsa lucha entre la Iglesia y los homosexuales.<\/span><\/p>\n<p>***<\/p>\n<p><span style=\"font-weight: 400\">Como cada a\u00f1o, llega junio, de un tiempo para ac\u00e1 denominado \u201cmes del orgullo gay\u201d. Es interesante analizar c\u00f3mo lo vivimos quienes no somos <em>gays,<\/em> ni tenemos nada a favor ni en contra de su causa. Subrayo esta \u00faltima idea, porque recientemente, en clase de <\/span><i><span style=\"font-weight: 400\">Antropolog\u00eda Teol\u00f3gica<\/span><\/i><span style=\"font-weight: 400\"> en la universidad, un alumno me pregunt\u00f3, \u201c\u00bfpor qu\u00e9 la Iglesia y los <em>gays<\/em> est\u00e1n peleados?\u201d Tuve que explicarle c\u00f3mo su percepci\u00f3n era equivocada, pero que la comprend\u00eda, pues en los medios se fomentaba esa visi\u00f3n antag\u00f3nica.<\/span><\/p>\n<p><span style=\"font-weight: 400\">\u00bfNo est\u00e1n peleados? No, porque la Iglesia es madre y acoge a todas las personas, independientemente de sus preferencias sexuales. Fomenta que todos veamos en nuestro pr\u00f3jimo, independientemente de sus posiciones pol\u00edticas o culturales, a un hermano. No ha sido otro el mensaje transmitido por Francisco en su Enc\u00edclica <\/span><i><span style=\"font-weight: 400\">Fratelli tutti<\/span><\/i><span style=\"font-weight: 400\">. Obviamente, las personas con inclinaci\u00f3n homosexual entran en ese \u201ctodos\u201d, as\u00ed como los transg\u00e9nero, travestis y, cualquiera de los nuevos \u201cg\u00e9neros\u201d que van surgiendo.<\/span><\/p>\n<p><span style=\"font-weight: 400\">Es preciso distinguir entre persona homosexual y lobby LGTBQ+, es decir, los activistas, quienes no necesariamente son homosexuales. Digamos que, por las muestras de burla a lo religioso, que con cierta frecuencia expresan en sus manifestaciones, son ellos los que se consideran antagonistas de la Iglesia en particular y del cristianismo en general. <\/span><\/p>\n<p><span style=\"font-weight: 400\">Quiz\u00e1 se deba a las expresiones de rechazo a la homosexualidad presentes en la Biblia o, simplemente, porque en el Catecismo de la Iglesia, aunque se habla de respeto a las personas homosexuales, se dice tambi\u00e9n que los actos homosexuales son pecaminosos, procurando distinguir claramente entre la persona \u2013a la que no se juzga- del acto en concreto.\u00a0<\/span><\/p>\n<p><span style=\"font-weight: 400\">Pero lo anterior no es discriminatorio; en realidad, para la doctrina cat\u00f3lica, est\u00e1 mal todo acto que rompa el fin unitivo del procreativo propios del acto conyugal. Es decir, la \u201cprohibici\u00f3n\u201d no les afecta exclusivamente a ellos, sino a todos los que utilizan m\u00e9todos anticonceptivos. <\/span><\/p>\n<p><span style=\"font-weight: 400\">Y se trata sencillamente de se\u00f1alar: \u201ctal acto no va conforme a la doctrina de Jes\u00fas\u201d; pero no es un juicio global sobre la persona. En efecto, hay personas maravillosas que no viven este aspecto o, dicho de otra forma, que de los diez mandamientos viven ocho. Pero no por ello se sienten estigmatizadas o fuera de la comuni\u00f3n con la Iglesia, porque no lo est\u00e1n.<\/span><\/p>\n<p><span style=\"font-weight: 400\"> La Iglesia no est\u00e1 formada por santos \u2013lo estar\u00e1 al final de los tiempos-, sino por pecadores. Por ello afirma San Agust\u00edn: \u201cEl Se\u00f1or vino a curar a los enfermos, y nos encontr\u00f3 a todos enfermos, de modo que el creerse sano es la peor enfermedad\u201d<\/span><\/p>\n<p><span style=\"font-weight: 400\">Para el profano el tema del \u201cmes del orgullo\u201d no deja de llamar la atenci\u00f3n, por el hecho de que determinado comportamiento sexual se exprese con \u201corgullo\u201d y sea ocasi\u00f3n de tanta ovaci\u00f3n y reverencia por parte de la sociedad. Resulta un tanto extra\u00f1o, sospechoso.<\/span><\/p>\n<p><span style=\"font-weight: 400\"> Quiero suponer que es una forma de reparar las injustas vejaciones que por siglos han sufrido las personas con esta inclinaci\u00f3n, y que no se deben repetir. Ahora bien, las faltas de respeto o de caridad en general, est\u00e1n igualmente mal si van dirigidas contra personas homosexuales, como si van dirigidas a mujeres, personas de color, jud\u00edos, obesos, etc\u00e9tera; solo que estos no alcanzaron a hacer el suficiente ruido como para que tuvieran su \u201cmes del orgullo\u201d.<\/span><\/p>\n<p><span style=\"font-weight: 400\">Por mi parte, me parece excelente que tengan su mes del orgullo, si es que lo necesitan. A la gente hay que facilitarle lo necesario para tener una sana autoestima, y si las personas homosexuales necesitan de su mes, \u00a1enhorabuena!, soy el primero en apoyarlo. <\/span><\/p>\n<p><span style=\"font-weight: 400\">Sin embargo, tengo la sospecha de que un buen n\u00famero gays no gustan de ser el centro de la atenci\u00f3n y preferir\u00edan sinceramente que los dejaran en paz, pasar desapercibidos, ser sencillamente uno m\u00e1s, no exigir ning\u00fan tipo de reconocimiento especial por la forma en la que viven el sexo, pues se trata de una decisi\u00f3n personal e \u00edntima de ellos, no de un asunto p\u00fablico.<\/span><\/p>\n<p><span style=\"font-weight: 400\"> Quiz\u00e1 ser\u00eda conveniente la creaci\u00f3n de una asociaci\u00f3n formada exclusivamente por personas homosexuales, y que ellas decidieran libre y democr\u00e1ticamente lo que prefieran. Mientras eso sucede, los profanos observamos, asombrados, c\u00f3mo ciertas personas necesitan ser reconocidas por c\u00f3mo viven su sexualidad.<\/span><\/p>\n","protected":false},"excerpt":{"rendered":"<p>\u201cEl mes del orgullo\u201d<\/p>\n","protected":false},"author":22,"featured_media":21999,"comment_status":"closed","ping_status":"closed","sticky":false,"template":"","format":"standard","meta":{"_acf_changed":false,"_crdt_document":"","inline_featured_image":false,"footnotes":""},"categories":[298,130],"tags":[2307,2862,459],"class_list":["post-21996","post","type-post","status-publish","format-standard","has-post-thumbnail","hentry","category-ultimas-noticias","category-voces","tag-homosexualidad","tag-mes-del-orgullo","tag-teologia-para-millennials"],"acf":[],"yoast_head":"<!-- This site is optimized with the Yoast SEO plugin v27.4 - https:\/\/yoast.com\/product\/yoast-seo-wordpress\/ -->\n<title>Teolog\u00eda para Millennials: El mes del orgullo &#8211; Exaudi<\/title>\n<meta name=\"description\" content=\"Hoy, 14 de junio, en Teolog\u00eda para Millennials, el padre Mario Arroyo comparte con los lectores de Exaudi su art\u00edculo \u201cEl mes del orgullo\u201d.\" \/>\n<meta name=\"robots\" content=\"index, follow, max-snippet:-1, max-image-preview:large, max-video-preview:-1\" \/>\n<link rel=\"canonical\" href=\"https:\/\/exaudi.org\/es\/teologia-para-millennials-el-mes-del-orgullo\/\" \/>\n<meta property=\"og:locale\" content=\"es_ES\" \/>\n<meta property=\"og:type\" content=\"article\" \/>\n<meta property=\"og:title\" content=\"Teolog\u00eda para Millennials: El mes del orgullo &#8211; Exaudi\" \/>\n<meta property=\"og:description\" content=\"Hoy, 14 de junio, en Teolog\u00eda para Millennials, el padre Mario Arroyo comparte con los lectores de Exaudi su art\u00edculo \u201cEl mes del orgullo\u201d.\" \/>\n<meta property=\"og:url\" content=\"https:\/\/exaudi.org\/es\/teologia-para-millennials-el-mes-del-orgullo\/\" \/>\n<meta property=\"og:site_name\" content=\"Exaudi\" \/>\n<meta property=\"article:publisher\" content=\"https:\/\/www.facebook.com\/ExaudiNews\" \/>\n<meta property=\"article:published_time\" content=\"2021-06-14T07:00:12+00:00\" \/>\n<meta property=\"article:modified_time\" content=\"2021-06-15T07:10:02+00:00\" \/>\n<meta property=\"og:image\" content=\"https:\/\/exaudi.org\/wp-content\/uploads\/2021\/06\/345v.jpg\" \/>\n\t<meta property=\"og:image:width\" content=\"1997\" \/>\n\t<meta property=\"og:image:height\" content=\"1330\" \/>\n\t<meta property=\"og:image:type\" content=\"image\/jpeg\" \/>\n<meta name=\"author\" content=\"Mario Arroyo\" \/>\n<meta name=\"twitter:card\" content=\"summary_large_image\" \/>\n<meta name=\"twitter:creator\" content=\"@Exaudi_News\" \/>\n<meta name=\"twitter:site\" content=\"@Exaudi_News\" \/>\n<meta name=\"twitter:label1\" content=\"Escrito por\" \/>\n\t<meta name=\"twitter:data1\" content=\"Mario Arroyo\" \/>\n\t<meta name=\"twitter:label2\" content=\"Tiempo de lectura\" \/>\n\t<meta name=\"twitter:data2\" content=\"4 minutos\" \/>\n<script type=\"application\/ld+json\" class=\"yoast-schema-graph\">{\"@context\":\"https:\\\/\\\/schema.org\",\"@graph\":[{\"@type\":\"Article\",\"@id\":\"https:\\\/\\\/exaudi.org\\\/es\\\/teologia-para-millennials-el-mes-del-orgullo\\\/#article\",\"isPartOf\":{\"@id\":\"https:\\\/\\\/exaudi.org\\\/es\\\/teologia-para-millennials-el-mes-del-orgullo\\\/\"},\"author\":{\"name\":\"Mario Arroyo\",\"@id\":\"https:\\\/\\\/exaudi.org\\\/#\\\/schema\\\/person\\\/2195e6e643f4a07a343345d49e4e6985\"},\"headline\":\"Teolog\u00eda para Millennials: El mes del orgullo\",\"datePublished\":\"2021-06-14T07:00:12+00:00\",\"dateModified\":\"2021-06-15T07:10:02+00:00\",\"mainEntityOfPage\":{\"@id\":\"https:\\\/\\\/exaudi.org\\\/es\\\/teologia-para-millennials-el-mes-del-orgullo\\\/\"},\"wordCount\":809,\"image\":{\"@id\":\"https:\\\/\\\/exaudi.org\\\/es\\\/teologia-para-millennials-el-mes-del-orgullo\\\/#primaryimage\"},\"thumbnailUrl\":\"https:\\\/\\\/exaudi.org\\\/wp-content\\\/uploads\\\/2021\\\/06\\\/345v.jpg\",\"keywords\":[\"Homosexualidad\",\"Mes del orgullo\",\"Teolog\u00eda para Millennials\"],\"articleSection\":[\"\u00daltimas noticias\",\"Voces\"],\"inLanguage\":\"es\"},{\"@type\":\"WebPage\",\"@id\":\"https:\\\/\\\/exaudi.org\\\/es\\\/teologia-para-millennials-el-mes-del-orgullo\\\/\",\"url\":\"https:\\\/\\\/exaudi.org\\\/es\\\/teologia-para-millennials-el-mes-del-orgullo\\\/\",\"name\":\"Teolog\u00eda para Millennials: El mes del orgullo &#8211; Exaudi\",\"isPartOf\":{\"@id\":\"https:\\\/\\\/exaudi.org\\\/#website\"},\"primaryImageOfPage\":{\"@id\":\"https:\\\/\\\/exaudi.org\\\/es\\\/teologia-para-millennials-el-mes-del-orgullo\\\/#primaryimage\"},\"image\":{\"@id\":\"https:\\\/\\\/exaudi.org\\\/es\\\/teologia-para-millennials-el-mes-del-orgullo\\\/#primaryimage\"},\"thumbnailUrl\":\"https:\\\/\\\/exaudi.org\\\/wp-content\\\/uploads\\\/2021\\\/06\\\/345v.jpg\",\"datePublished\":\"2021-06-14T07:00:12+00:00\",\"dateModified\":\"2021-06-15T07:10:02+00:00\",\"author\":{\"@id\":\"https:\\\/\\\/exaudi.org\\\/#\\\/schema\\\/person\\\/2195e6e643f4a07a343345d49e4e6985\"},\"description\":\"Hoy, 14 de junio, en Teolog\u00eda para Millennials, el padre Mario Arroyo comparte con los lectores de Exaudi su art\u00edculo \u201cEl mes del orgullo\u201d.\",\"breadcrumb\":{\"@id\":\"https:\\\/\\\/exaudi.org\\\/es\\\/teologia-para-millennials-el-mes-del-orgullo\\\/#breadcrumb\"},\"inLanguage\":\"es\",\"potentialAction\":[{\"@type\":\"ReadAction\",\"target\":[\"https:\\\/\\\/exaudi.org\\\/es\\\/teologia-para-millennials-el-mes-del-orgullo\\\/\"]}]},{\"@type\":\"ImageObject\",\"inLanguage\":\"es\",\"@id\":\"https:\\\/\\\/exaudi.org\\\/es\\\/teologia-para-millennials-el-mes-del-orgullo\\\/#primaryimage\",\"url\":\"https:\\\/\\\/exaudi.org\\\/wp-content\\\/uploads\\\/2021\\\/06\\\/345v.jpg\",\"contentUrl\":\"https:\\\/\\\/exaudi.org\\\/wp-content\\\/uploads\\\/2021\\\/06\\\/345v.jpg\",\"width\":1997,\"height\":1330,\"caption\":\"Dos personas cruzando el me\u00f1ique \u00a9 Pxhere\"},{\"@type\":\"BreadcrumbList\",\"@id\":\"https:\\\/\\\/exaudi.org\\\/es\\\/teologia-para-millennials-el-mes-del-orgullo\\\/#breadcrumb\",\"itemListElement\":[{\"@type\":\"ListItem\",\"position\":1,\"name\":\"Portada\",\"item\":\"https:\\\/\\\/exaudi.org\\\/es\\\/\"},{\"@type\":\"ListItem\",\"position\":2,\"name\":\"Teolog\u00eda para Millennials: El mes del orgullo\"}]},{\"@type\":\"WebSite\",\"@id\":\"https:\\\/\\\/exaudi.org\\\/#website\",\"url\":\"https:\\\/\\\/exaudi.org\\\/\",\"name\":\"Exaudi\",\"description\":\"News\",\"potentialAction\":[{\"@type\":\"SearchAction\",\"target\":{\"@type\":\"EntryPoint\",\"urlTemplate\":\"https:\\\/\\\/exaudi.org\\\/?s={search_term_string}\"},\"query-input\":{\"@type\":\"PropertyValueSpecification\",\"valueRequired\":true,\"valueName\":\"search_term_string\"}}],\"inLanguage\":\"es\"},{\"@type\":\"Person\",\"@id\":\"https:\\\/\\\/exaudi.org\\\/#\\\/schema\\\/person\\\/2195e6e643f4a07a343345d49e4e6985\",\"name\":\"Mario Arroyo\",\"image\":{\"@type\":\"ImageObject\",\"inLanguage\":\"es\",\"@id\":\"https:\\\/\\\/secure.gravatar.com\\\/avatar\\\/0e2dddc1d3bf207409f5b4d542cef9a9955ad497448376a1621fcb1df592d137?s=96&d=mm&r=g\",\"url\":\"https:\\\/\\\/secure.gravatar.com\\\/avatar\\\/0e2dddc1d3bf207409f5b4d542cef9a9955ad497448376a1621fcb1df592d137?s=96&d=mm&r=g\",\"contentUrl\":\"https:\\\/\\\/secure.gravatar.com\\\/avatar\\\/0e2dddc1d3bf207409f5b4d542cef9a9955ad497448376a1621fcb1df592d137?s=96&d=mm&r=g\",\"caption\":\"Mario Arroyo\"},\"description\":\"Licenciado en Filosof\u00eda por la Universidad Panamericana, M\u00e9xico 1996, ostenta el bachiller en Teolog\u00eda por la Pontificia Universidad de la Santa Cruz, Roma 1999. Doctor en Filosof\u00eda por la Pontificia Universidad de la Santa Cruz, Roma 2002. Ordenado sacerdote en Torreciudad, Espa\u00f1a, en 2002. Autor de: Poder, Dinero y Santidad, Lima 2012; Ciencia y Fe. Un equilibrio posible, UCSS, Lima 2015; Ciencia y Fe. Situaci\u00f3n actual, Facultad de Teolog\u00eda Pontificia y Civil de Lima, Lima 2016; La Iglesia y los Homosexuales. Un falso conflicto, Facultad de Teolog\u00eda Pontificia y Civil de Lima, Lima 2017. Coautor de Dios Busca al Hombre, CDSCO, Lima 2013; Neurona mata esp\u00edritu, Amazon, Lima 2018; Teolog\u00eda para Millennials, Amazon, Lima 2018. El padre Mario es columnista de los portales peruanos Cr\u00f3nica Viva, La abeja y Lucidez, as\u00ed como de los peri\u00f3dicos mexicanos Mural, Expreso, del portal mexicano Vox Fides y de ZENIT. Capell\u00e1n de la Universidad de Piura, Campus de Lima durante los cursos 2017 y 2018. Actualmente, profesor de Teolog\u00eda en la Universidad Panamericana, Ciudad de M\u00e9xico.\",\"url\":\"https:\\\/\\\/exaudi.org\\\/es\\\/author\\\/padremarioarroyo\\\/\"}]}<\/script>\n<!-- \/ Yoast SEO plugin. -->","yoast_head_json":{"title":"Teolog\u00eda para Millennials: El mes del orgullo &#8211; Exaudi","description":"Hoy, 14 de junio, en Teolog\u00eda para Millennials, el padre Mario Arroyo comparte con los lectores de Exaudi su art\u00edculo \u201cEl mes del orgullo\u201d.","robots":{"index":"index","follow":"follow","max-snippet":"max-snippet:-1","max-image-preview":"max-image-preview:large","max-video-preview":"max-video-preview:-1"},"canonical":"https:\/\/exaudi.org\/es\/teologia-para-millennials-el-mes-del-orgullo\/","og_locale":"es_ES","og_type":"article","og_title":"Teolog\u00eda para Millennials: El mes del orgullo &#8211; Exaudi","og_description":"Hoy, 14 de junio, en Teolog\u00eda para Millennials, el padre Mario Arroyo comparte con los lectores de Exaudi su art\u00edculo \u201cEl mes del orgullo\u201d.","og_url":"https:\/\/exaudi.org\/es\/teologia-para-millennials-el-mes-del-orgullo\/","og_site_name":"Exaudi","article_publisher":"https:\/\/www.facebook.com\/ExaudiNews","article_published_time":"2021-06-14T07:00:12+00:00","article_modified_time":"2021-06-15T07:10:02+00:00","og_image":[{"width":1997,"height":1330,"url":"https:\/\/exaudi.org\/wp-content\/uploads\/2021\/06\/345v.jpg","type":"image\/jpeg"}],"author":"Mario Arroyo","twitter_card":"summary_large_image","twitter_creator":"@Exaudi_News","twitter_site":"@Exaudi_News","twitter_misc":{"Escrito por":"Mario Arroyo","Tiempo de lectura":"4 minutos"},"schema":{"@context":"https:\/\/schema.org","@graph":[{"@type":"Article","@id":"https:\/\/exaudi.org\/es\/teologia-para-millennials-el-mes-del-orgullo\/#article","isPartOf":{"@id":"https:\/\/exaudi.org\/es\/teologia-para-millennials-el-mes-del-orgullo\/"},"author":{"name":"Mario Arroyo","@id":"https:\/\/exaudi.org\/#\/schema\/person\/2195e6e643f4a07a343345d49e4e6985"},"headline":"Teolog\u00eda para Millennials: El mes del orgullo","datePublished":"2021-06-14T07:00:12+00:00","dateModified":"2021-06-15T07:10:02+00:00","mainEntityOfPage":{"@id":"https:\/\/exaudi.org\/es\/teologia-para-millennials-el-mes-del-orgullo\/"},"wordCount":809,"image":{"@id":"https:\/\/exaudi.org\/es\/teologia-para-millennials-el-mes-del-orgullo\/#primaryimage"},"thumbnailUrl":"https:\/\/exaudi.org\/wp-content\/uploads\/2021\/06\/345v.jpg","keywords":["Homosexualidad","Mes del orgullo","Teolog\u00eda para Millennials"],"articleSection":["\u00daltimas noticias","Voces"],"inLanguage":"es"},{"@type":"WebPage","@id":"https:\/\/exaudi.org\/es\/teologia-para-millennials-el-mes-del-orgullo\/","url":"https:\/\/exaudi.org\/es\/teologia-para-millennials-el-mes-del-orgullo\/","name":"Teolog\u00eda para Millennials: El mes del orgullo &#8211; Exaudi","isPartOf":{"@id":"https:\/\/exaudi.org\/#website"},"primaryImageOfPage":{"@id":"https:\/\/exaudi.org\/es\/teologia-para-millennials-el-mes-del-orgullo\/#primaryimage"},"image":{"@id":"https:\/\/exaudi.org\/es\/teologia-para-millennials-el-mes-del-orgullo\/#primaryimage"},"thumbnailUrl":"https:\/\/exaudi.org\/wp-content\/uploads\/2021\/06\/345v.jpg","datePublished":"2021-06-14T07:00:12+00:00","dateModified":"2021-06-15T07:10:02+00:00","author":{"@id":"https:\/\/exaudi.org\/#\/schema\/person\/2195e6e643f4a07a343345d49e4e6985"},"description":"Hoy, 14 de junio, en Teolog\u00eda para Millennials, el padre Mario Arroyo comparte con los lectores de Exaudi su art\u00edculo \u201cEl mes del orgullo\u201d.","breadcrumb":{"@id":"https:\/\/exaudi.org\/es\/teologia-para-millennials-el-mes-del-orgullo\/#breadcrumb"},"inLanguage":"es","potentialAction":[{"@type":"ReadAction","target":["https:\/\/exaudi.org\/es\/teologia-para-millennials-el-mes-del-orgullo\/"]}]},{"@type":"ImageObject","inLanguage":"es","@id":"https:\/\/exaudi.org\/es\/teologia-para-millennials-el-mes-del-orgullo\/#primaryimage","url":"https:\/\/exaudi.org\/wp-content\/uploads\/2021\/06\/345v.jpg","contentUrl":"https:\/\/exaudi.org\/wp-content\/uploads\/2021\/06\/345v.jpg","width":1997,"height":1330,"caption":"Dos personas cruzando el me\u00f1ique \u00a9 Pxhere"},{"@type":"BreadcrumbList","@id":"https:\/\/exaudi.org\/es\/teologia-para-millennials-el-mes-del-orgullo\/#breadcrumb","itemListElement":[{"@type":"ListItem","position":1,"name":"Portada","item":"https:\/\/exaudi.org\/es\/"},{"@type":"ListItem","position":2,"name":"Teolog\u00eda para Millennials: El mes del orgullo"}]},{"@type":"WebSite","@id":"https:\/\/exaudi.org\/#website","url":"https:\/\/exaudi.org\/","name":"Exaudi","description":"News","potentialAction":[{"@type":"SearchAction","target":{"@type":"EntryPoint","urlTemplate":"https:\/\/exaudi.org\/?s={search_term_string}"},"query-input":{"@type":"PropertyValueSpecification","valueRequired":true,"valueName":"search_term_string"}}],"inLanguage":"es"},{"@type":"Person","@id":"https:\/\/exaudi.org\/#\/schema\/person\/2195e6e643f4a07a343345d49e4e6985","name":"Mario Arroyo","image":{"@type":"ImageObject","inLanguage":"es","@id":"https:\/\/secure.gravatar.com\/avatar\/0e2dddc1d3bf207409f5b4d542cef9a9955ad497448376a1621fcb1df592d137?s=96&d=mm&r=g","url":"https:\/\/secure.gravatar.com\/avatar\/0e2dddc1d3bf207409f5b4d542cef9a9955ad497448376a1621fcb1df592d137?s=96&d=mm&r=g","contentUrl":"https:\/\/secure.gravatar.com\/avatar\/0e2dddc1d3bf207409f5b4d542cef9a9955ad497448376a1621fcb1df592d137?s=96&d=mm&r=g","caption":"Mario Arroyo"},"description":"Licenciado en Filosof\u00eda por la Universidad Panamericana, M\u00e9xico 1996, ostenta el bachiller en Teolog\u00eda por la Pontificia Universidad de la Santa Cruz, Roma 1999. Doctor en Filosof\u00eda por la Pontificia Universidad de la Santa Cruz, Roma 2002. Ordenado sacerdote en Torreciudad, Espa\u00f1a, en 2002. Autor de: Poder, Dinero y Santidad, Lima 2012; Ciencia y Fe. Un equilibrio posible, UCSS, Lima 2015; Ciencia y Fe. Situaci\u00f3n actual, Facultad de Teolog\u00eda Pontificia y Civil de Lima, Lima 2016; La Iglesia y los Homosexuales. Un falso conflicto, Facultad de Teolog\u00eda Pontificia y Civil de Lima, Lima 2017. Coautor de Dios Busca al Hombre, CDSCO, Lima 2013; Neurona mata esp\u00edritu, Amazon, Lima 2018; Teolog\u00eda para Millennials, Amazon, Lima 2018. El padre Mario es columnista de los portales peruanos Cr\u00f3nica Viva, La abeja y Lucidez, as\u00ed como de los peri\u00f3dicos mexicanos Mural, Expreso, del portal mexicano Vox Fides y de ZENIT. Capell\u00e1n de la Universidad de Piura, Campus de Lima durante los cursos 2017 y 2018. Actualmente, profesor de Teolog\u00eda en la Universidad Panamericana, Ciudad de M\u00e9xico.","url":"https:\/\/exaudi.org\/es\/author\/padremarioarroyo\/"}]}},"jetpack_featured_media_url":"https:\/\/exaudi.org\/wp-content\/uploads\/2021\/06\/345v.jpg","jetpack_shortlink":"https:\/\/wp.me\/pgKjF2-5IM","_links":{"self":[{"href":"https:\/\/exaudi.org\/es\/wp-json\/wp\/v2\/posts\/21996","targetHints":{"allow":["GET"]}}],"collection":[{"href":"https:\/\/exaudi.org\/es\/wp-json\/wp\/v2\/posts"}],"about":[{"href":"https:\/\/exaudi.org\/es\/wp-json\/wp\/v2\/types\/post"}],"author":[{"embeddable":true,"href":"https:\/\/exaudi.org\/es\/wp-json\/wp\/v2\/users\/22"}],"replies":[{"embeddable":true,"href":"https:\/\/exaudi.org\/es\/wp-json\/wp\/v2\/comments?post=21996"}],"version-history":[{"count":0,"href":"https:\/\/exaudi.org\/es\/wp-json\/wp\/v2\/posts\/21996\/revisions"}],"wp:featuredmedia":[{"embeddable":true,"href":"https:\/\/exaudi.org\/es\/wp-json\/wp\/v2\/media\/21999"}],"wp:attachment":[{"href":"https:\/\/exaudi.org\/es\/wp-json\/wp\/v2\/media?parent=21996"}],"wp:term":[{"taxonomy":"category","embeddable":true,"href":"https:\/\/exaudi.org\/es\/wp-json\/wp\/v2\/categories?post=21996"},{"taxonomy":"post_tag","embeddable":true,"href":"https:\/\/exaudi.org\/es\/wp-json\/wp\/v2\/tags?post=21996"}],"curies":[{"name":"wp","href":"https:\/\/api.w.org\/{rel}","templated":true}]}}