{"id":21971,"date":"2021-06-13T09:00:33","date_gmt":"2021-06-13T07:00:33","guid":{"rendered":"https:\/\/exaudi.org\/?p=21971"},"modified":"2021-06-14T12:14:20","modified_gmt":"2021-06-14T10:14:20","slug":"xi-domingo-tiempo-ordinario-2021-comentario-jorge-miro","status":"publish","type":"post","link":"https:\/\/exaudi.org\/es\/xi-domingo-tiempo-ordinario-2021-comentario-jorge-miro\/","title":{"rendered":"XI Domingo Tiempo Ordinario: Comentario del padre Jorge Mir\u00f3"},"content":{"rendered":"<p><a href=\"https:\/\/exaudi.org\/es\/author\/jorgemiro\/\">El padre Jorge Mir\u00f3<\/a> comparte con los lectores de Exaudi su comentario sobre el Evangelio de hoy, 13 de junio de 2021, <a href=\"https:\/\/www.dominicos.org\/predicacion\/homilia\/13-6-2021\/\" target=\"_blank\" rel=\"noopener noreferrer\">XI Domingo del Tiempo Ordinario.<\/a><\/p>\n<p>***<\/p>\n<p><span style=\"font-weight: 400\">La Palabra de Dios que proclamamos hoy nos presenta la realidad del Reino de Dios que crece, como la semilla, sin que el labrador se d\u00e9 cuenta. El Reino de Dios no recibe su poder del mensajero que lo anuncia, sino que lo tiene en s\u00ed mismo, en su naturaleza de \u201cPalabra de Dios\u201d. El protagonista del Reino es Dios, \u00c9l es quien act\u00faa, quien salva, quien da la vida, quien hace crecer: Sin m\u00ed no pod\u00e9is hacer nada. Todo es don, todo es gracia.<\/span><\/p>\n<p><span style=\"font-weight: 400\">Dios construye su Reino desde la sencillez, sin el poder de la fuerza. Lo hace desde el silencio y por medio de personas insignificantes, pobres y d\u00e9biles. Dios reconstruye la vida desde dentro, actuando principalmente en el peque\u00f1o y en el d\u00e9bil.<\/span><span style=\"font-weight: 400\">\u00a0<\/span><\/p>\n<p><span style=\"font-weight: 400\">Las par\u00e1bolas de hoy nos presentan el Reino de Dios como un don, como un regalo que el Se\u00f1or nos ofrece gratuitamente, por puro amor: El justo crecer\u00e1 como una palmera\u2026, plantado en la casa del Se\u00f1or, crecer\u00e1 en los atrios de nuestro Dios.<\/span><\/p>\n<p><span style=\"font-weight: 400\">La par\u00e1bola de la mostaza nos muestra la grandeza del crecimiento que contrasta con la peque\u00f1ez de la semilla. Dios emprendi\u00f3 el camino de la sencillez para encontrarse con el hombre: siendo rico se hizo pobre por nosotros, para nacer eligi\u00f3 un pesebre, vivi\u00f3 en la humildad, y muri\u00f3 en la cruz. Al cielo se sube bajando.\u00a0\u00a0<\/span><\/p>\n<p><span style=\"font-weight: 400\">Dios sigue buscando reflejos de peque\u00f1ez: la sencillez de la Palabra de Dios, la humildad de Mar\u00eda, la peque\u00f1ez de los signos sacramentales (pan, agua, vino), la fragilidad de la Iglesia. Por ellos nos llega su acci\u00f3n salvadora, como signos eficaces. Este es el sello de sus obras.\u00a0<\/span><\/p>\n<p><span style=\"font-weight: 400\">El Reino de Dios es de los pobres, de los humildes, de los sencillos, de los que conf\u00edan y esperan, m\u00e1s all\u00e1 de las apariencias. Lo \u00fanico que nos pide el Se\u00f1or es que dejemos crecer la semilla, <\/span><span style=\"font-weight: 400\">q<\/span><span style=\"font-weight: 400\">ue no pongamos obst\u00e1culos a su crecimiento, que no apaguemos el Esp\u00edritu, que no echemos en saco roto la gracia de Dios.\u00a0<\/span><\/p>\n<p><span style=\"font-weight: 400\">\u00a0<\/span><span style=\"font-weight: 400\">Que acojamos con cari\u00f1o y con alegr\u00eda la semilla que ha sido sembrada en nuestro coraz\u00f3n. Es un gran regalo por el que hemos de alabar y bendecir cada d\u00eda al Se\u00f1or.\u00a0<\/span><\/p>\n<p><span style=\"font-weight: 400\">Y hemos de cuidar tesoro. Para ello, para que nuestro coraz\u00f3n sea tierra buena donde pueda crecer la semilla, es necesario que seamos humildes, que vivamos cada d\u00eda desde la confianza en el Se\u00f1or, que escuchemos su Palabra y la acojamos tratando de llevarla a la pr\u00e1ctica, que tratemos de estar unidos al Se\u00f1or por medio de la oraci\u00f3n.\u00a0<\/span><\/p>\n<p><span style=\"font-weight: 400\">Que participemos en los sacramentos-, especialmente en la Penitencia y en la Eucarist\u00eda, que pasemos por el mundo haciendo el bien, que vivamos la comuni\u00f3n eclesial, y que, en definitiva, tratemos de descubrir la presencia amorosa de Dios en nuestra vida -incluso en medio de la cruz- y vivamos cada d\u00eda haciendo su voluntad.\u00a0<\/span><\/p>\n<p><span style=\"font-weight: 400\">En definitiva, que vivamos cada d\u00eda dej\u00e1ndonos llevar por el Esp\u00edritu Santo, que es quien realiza en nosotros la obra de la santidad.<\/span><\/p>\n<p><span style=\"font-weight: 400\">\u00a1Cree en un Dios grande y ver\u00e1s a un Dios grande!\u00a0<\/span><\/p>\n<p><span style=\"font-weight: 400\">\u00a1Ven, Esp\u00edritu Santo! \u00a1Haz llover, para que crezca en m\u00ed la semilla!<\/span><\/p>\n<p><span style=\"font-weight: 400\">\u00a1Feliz Domingo! \u00a1Feliz Eucarist\u00eda!<\/span><\/p>\n","protected":false},"excerpt":{"rendered":"<p>El Reino de Dios crece como una semilla<\/p>\n","protected":false},"author":20,"featured_media":21973,"comment_status":"closed","ping_status":"closed","sticky":false,"template":"","format":"standard","meta":{"_acf_changed":false,"_crdt_document":"","inline_featured_image":false,"footnotes":""},"categories":[96,298],"tags":[368,2703],"class_list":["post-21971","post","type-post","status-publish","format-standard","has-post-thumbnail","hentry","category-espiritualidad","category-ultimas-noticias","tag-comentario-del-evangelio","tag-xi-domingo-del-tiempo-ordinario"],"acf":[],"yoast_head":"<!-- This site is optimized with the Yoast SEO plugin v27.5 - https:\/\/yoast.com\/product\/yoast-seo-wordpress\/ -->\n<title>XI Domingo Tiempo Ordinario: Comentario del padre Jorge Mir\u00f3 - Exaudi<\/title>\n<meta name=\"description\" content=\"El padre Jorge Mir\u00f3 comparte con los lectores de Exaudi su comentario sobre el Evangelio del XI Domingo del Tiempo Ordinario del a\u00f1o 2021.\" \/>\n<meta name=\"robots\" content=\"index, follow, max-snippet:-1, max-image-preview:large, max-video-preview:-1\" \/>\n<link rel=\"canonical\" href=\"https:\/\/exaudi.org\/es\/xi-domingo-tiempo-ordinario-2021-comentario-jorge-miro\/\" \/>\n<meta property=\"og:locale\" content=\"es_ES\" \/>\n<meta property=\"og:type\" content=\"article\" \/>\n<meta property=\"og:title\" content=\"XI Domingo Tiempo Ordinario: Comentario del padre Jorge Mir\u00f3 - Exaudi\" \/>\n<meta property=\"og:description\" content=\"El padre Jorge Mir\u00f3 comparte con los lectores de Exaudi su comentario sobre el Evangelio del XI Domingo del Tiempo Ordinario del a\u00f1o 2021.\" \/>\n<meta property=\"og:url\" content=\"https:\/\/exaudi.org\/es\/xi-domingo-tiempo-ordinario-2021-comentario-jorge-miro\/\" \/>\n<meta property=\"og:site_name\" content=\"Exaudi\" \/>\n<meta property=\"article:publisher\" content=\"https:\/\/www.facebook.com\/ExaudiNews\" \/>\n<meta property=\"article:published_time\" content=\"2021-06-13T07:00:33+00:00\" \/>\n<meta property=\"article:modified_time\" content=\"2021-06-14T10:14:20+00:00\" \/>\n<meta property=\"og:image\" content=\"https:\/\/exaudi.org\/wp-content\/uploads\/2021\/06\/ncdfg-scaled.jpg\" \/>\n\t<meta property=\"og:image:width\" content=\"2560\" \/>\n\t<meta property=\"og:image:height\" content=\"1706\" \/>\n\t<meta property=\"og:image:type\" content=\"image\/jpeg\" \/>\n<meta name=\"author\" content=\"Jorge Mir\u00f3\" \/>\n<meta name=\"twitter:card\" content=\"summary_large_image\" \/>\n<meta name=\"twitter:creator\" content=\"@Exaudi_News\" \/>\n<meta name=\"twitter:site\" content=\"@Exaudi_News\" \/>\n<meta name=\"twitter:label1\" content=\"Escrito por\" \/>\n\t<meta name=\"twitter:data1\" content=\"Jorge Mir\u00f3\" \/>\n\t<meta name=\"twitter:label2\" content=\"Tiempo de lectura\" \/>\n\t<meta name=\"twitter:data2\" content=\"3 minutos\" \/>\n<script type=\"application\/ld+json\" class=\"yoast-schema-graph\">{\"@context\":\"https:\\\/\\\/schema.org\",\"@graph\":[{\"@type\":\"Article\",\"@id\":\"https:\\\/\\\/exaudi.org\\\/es\\\/xi-domingo-tiempo-ordinario-2021-comentario-jorge-miro\\\/#article\",\"isPartOf\":{\"@id\":\"https:\\\/\\\/exaudi.org\\\/es\\\/xi-domingo-tiempo-ordinario-2021-comentario-jorge-miro\\\/\"},\"author\":{\"name\":\"Jorge Mir\u00f3\",\"@id\":\"https:\\\/\\\/exaudi.org\\\/#\\\/schema\\\/person\\\/a258c56b05e63b2b367bdca29e0ed3e3\"},\"headline\":\"XI Domingo Tiempo Ordinario: Comentario del padre Jorge Mir\u00f3\",\"datePublished\":\"2021-06-13T07:00:33+00:00\",\"dateModified\":\"2021-06-14T10:14:20+00:00\",\"mainEntityOfPage\":{\"@id\":\"https:\\\/\\\/exaudi.org\\\/es\\\/xi-domingo-tiempo-ordinario-2021-comentario-jorge-miro\\\/\"},\"wordCount\":605,\"image\":{\"@id\":\"https:\\\/\\\/exaudi.org\\\/es\\\/xi-domingo-tiempo-ordinario-2021-comentario-jorge-miro\\\/#primaryimage\"},\"thumbnailUrl\":\"https:\\\/\\\/exaudi.org\\\/wp-content\\\/uploads\\\/2021\\\/06\\\/ncdfg-scaled.jpg\",\"keywords\":[\"Comentario del Evangelio\",\"XI Domingo del Tiempo Ordinario\"],\"articleSection\":[\"Espiritualidad\",\"\u00daltimas noticias\"],\"inLanguage\":\"es\"},{\"@type\":\"WebPage\",\"@id\":\"https:\\\/\\\/exaudi.org\\\/es\\\/xi-domingo-tiempo-ordinario-2021-comentario-jorge-miro\\\/\",\"url\":\"https:\\\/\\\/exaudi.org\\\/es\\\/xi-domingo-tiempo-ordinario-2021-comentario-jorge-miro\\\/\",\"name\":\"XI Domingo Tiempo Ordinario: Comentario del padre Jorge Mir\u00f3 - Exaudi\",\"isPartOf\":{\"@id\":\"https:\\\/\\\/exaudi.org\\\/#website\"},\"primaryImageOfPage\":{\"@id\":\"https:\\\/\\\/exaudi.org\\\/es\\\/xi-domingo-tiempo-ordinario-2021-comentario-jorge-miro\\\/#primaryimage\"},\"image\":{\"@id\":\"https:\\\/\\\/exaudi.org\\\/es\\\/xi-domingo-tiempo-ordinario-2021-comentario-jorge-miro\\\/#primaryimage\"},\"thumbnailUrl\":\"https:\\\/\\\/exaudi.org\\\/wp-content\\\/uploads\\\/2021\\\/06\\\/ncdfg-scaled.jpg\",\"datePublished\":\"2021-06-13T07:00:33+00:00\",\"dateModified\":\"2021-06-14T10:14:20+00:00\",\"author\":{\"@id\":\"https:\\\/\\\/exaudi.org\\\/#\\\/schema\\\/person\\\/a258c56b05e63b2b367bdca29e0ed3e3\"},\"description\":\"El padre Jorge Mir\u00f3 comparte con los lectores de Exaudi su comentario sobre el Evangelio del XI Domingo del Tiempo Ordinario del a\u00f1o 2021.\",\"breadcrumb\":{\"@id\":\"https:\\\/\\\/exaudi.org\\\/es\\\/xi-domingo-tiempo-ordinario-2021-comentario-jorge-miro\\\/#breadcrumb\"},\"inLanguage\":\"es\",\"potentialAction\":[{\"@type\":\"ReadAction\",\"target\":[\"https:\\\/\\\/exaudi.org\\\/es\\\/xi-domingo-tiempo-ordinario-2021-comentario-jorge-miro\\\/\"]}]},{\"@type\":\"ImageObject\",\"inLanguage\":\"es\",\"@id\":\"https:\\\/\\\/exaudi.org\\\/es\\\/xi-domingo-tiempo-ordinario-2021-comentario-jorge-miro\\\/#primaryimage\",\"url\":\"https:\\\/\\\/exaudi.org\\\/wp-content\\\/uploads\\\/2021\\\/06\\\/ncdfg-scaled.jpg\",\"contentUrl\":\"https:\\\/\\\/exaudi.org\\\/wp-content\\\/uploads\\\/2021\\\/06\\\/ncdfg-scaled.jpg\",\"width\":2560,\"height\":1706,\"caption\":\"Hombre sembrando la tierra \u00a9 Pexels\"},{\"@type\":\"BreadcrumbList\",\"@id\":\"https:\\\/\\\/exaudi.org\\\/es\\\/xi-domingo-tiempo-ordinario-2021-comentario-jorge-miro\\\/#breadcrumb\",\"itemListElement\":[{\"@type\":\"ListItem\",\"position\":1,\"name\":\"Portada\",\"item\":\"https:\\\/\\\/exaudi.org\\\/es\\\/\"},{\"@type\":\"ListItem\",\"position\":2,\"name\":\"XI Domingo Tiempo Ordinario: Comentario del padre Jorge Mir\u00f3\"}]},{\"@type\":\"WebSite\",\"@id\":\"https:\\\/\\\/exaudi.org\\\/#website\",\"url\":\"https:\\\/\\\/exaudi.org\\\/\",\"name\":\"Exaudi\",\"description\":\"News\",\"potentialAction\":[{\"@type\":\"SearchAction\",\"target\":{\"@type\":\"EntryPoint\",\"urlTemplate\":\"https:\\\/\\\/exaudi.org\\\/?s={search_term_string}\"},\"query-input\":{\"@type\":\"PropertyValueSpecification\",\"valueRequired\":true,\"valueName\":\"search_term_string\"}}],\"inLanguage\":\"es\"},{\"@type\":\"Person\",\"@id\":\"https:\\\/\\\/exaudi.org\\\/#\\\/schema\\\/person\\\/a258c56b05e63b2b367bdca29e0ed3e3\",\"name\":\"Jorge Mir\u00f3\",\"image\":{\"@type\":\"ImageObject\",\"inLanguage\":\"es\",\"@id\":\"https:\\\/\\\/secure.gravatar.com\\\/avatar\\\/f5ea26c436669b01b7b02124bf13596df002525d6f392707d301543be365bd44?s=96&d=mm&r=g\",\"url\":\"https:\\\/\\\/secure.gravatar.com\\\/avatar\\\/f5ea26c436669b01b7b02124bf13596df002525d6f392707d301543be365bd44?s=96&d=mm&r=g\",\"contentUrl\":\"https:\\\/\\\/secure.gravatar.com\\\/avatar\\\/f5ea26c436669b01b7b02124bf13596df002525d6f392707d301543be365bd44?s=96&d=mm&r=g\",\"caption\":\"Jorge Mir\u00f3\"},\"description\":\"Sacerdote de la archidi\u00f3cesis de Valencia y profesor en la Facultad de Ciencias Jur\u00eddicas, Econ\u00f3micas y Sociales de la Universidad Cat\u00f3lica de Valencia\",\"url\":\"https:\\\/\\\/exaudi.org\\\/es\\\/author\\\/jorgemiro\\\/\"}]}<\/script>\n<!-- \/ Yoast SEO plugin. -->","yoast_head_json":{"title":"XI Domingo Tiempo Ordinario: Comentario del padre Jorge Mir\u00f3 - Exaudi","description":"El padre Jorge Mir\u00f3 comparte con los lectores de Exaudi su comentario sobre el Evangelio del XI Domingo del Tiempo Ordinario del a\u00f1o 2021.","robots":{"index":"index","follow":"follow","max-snippet":"max-snippet:-1","max-image-preview":"max-image-preview:large","max-video-preview":"max-video-preview:-1"},"canonical":"https:\/\/exaudi.org\/es\/xi-domingo-tiempo-ordinario-2021-comentario-jorge-miro\/","og_locale":"es_ES","og_type":"article","og_title":"XI Domingo Tiempo Ordinario: Comentario del padre Jorge Mir\u00f3 - Exaudi","og_description":"El padre Jorge Mir\u00f3 comparte con los lectores de Exaudi su comentario sobre el Evangelio del XI Domingo del Tiempo Ordinario del a\u00f1o 2021.","og_url":"https:\/\/exaudi.org\/es\/xi-domingo-tiempo-ordinario-2021-comentario-jorge-miro\/","og_site_name":"Exaudi","article_publisher":"https:\/\/www.facebook.com\/ExaudiNews","article_published_time":"2021-06-13T07:00:33+00:00","article_modified_time":"2021-06-14T10:14:20+00:00","og_image":[{"width":2560,"height":1706,"url":"https:\/\/exaudi.org\/wp-content\/uploads\/2021\/06\/ncdfg-scaled.jpg","type":"image\/jpeg"}],"author":"Jorge Mir\u00f3","twitter_card":"summary_large_image","twitter_creator":"@Exaudi_News","twitter_site":"@Exaudi_News","twitter_misc":{"Escrito por":"Jorge Mir\u00f3","Tiempo de lectura":"3 minutos"},"schema":{"@context":"https:\/\/schema.org","@graph":[{"@type":"Article","@id":"https:\/\/exaudi.org\/es\/xi-domingo-tiempo-ordinario-2021-comentario-jorge-miro\/#article","isPartOf":{"@id":"https:\/\/exaudi.org\/es\/xi-domingo-tiempo-ordinario-2021-comentario-jorge-miro\/"},"author":{"name":"Jorge Mir\u00f3","@id":"https:\/\/exaudi.org\/#\/schema\/person\/a258c56b05e63b2b367bdca29e0ed3e3"},"headline":"XI Domingo Tiempo Ordinario: Comentario del padre Jorge Mir\u00f3","datePublished":"2021-06-13T07:00:33+00:00","dateModified":"2021-06-14T10:14:20+00:00","mainEntityOfPage":{"@id":"https:\/\/exaudi.org\/es\/xi-domingo-tiempo-ordinario-2021-comentario-jorge-miro\/"},"wordCount":605,"image":{"@id":"https:\/\/exaudi.org\/es\/xi-domingo-tiempo-ordinario-2021-comentario-jorge-miro\/#primaryimage"},"thumbnailUrl":"https:\/\/exaudi.org\/wp-content\/uploads\/2021\/06\/ncdfg-scaled.jpg","keywords":["Comentario del Evangelio","XI Domingo del Tiempo Ordinario"],"articleSection":["Espiritualidad","\u00daltimas noticias"],"inLanguage":"es"},{"@type":"WebPage","@id":"https:\/\/exaudi.org\/es\/xi-domingo-tiempo-ordinario-2021-comentario-jorge-miro\/","url":"https:\/\/exaudi.org\/es\/xi-domingo-tiempo-ordinario-2021-comentario-jorge-miro\/","name":"XI Domingo Tiempo Ordinario: Comentario del padre Jorge Mir\u00f3 - Exaudi","isPartOf":{"@id":"https:\/\/exaudi.org\/#website"},"primaryImageOfPage":{"@id":"https:\/\/exaudi.org\/es\/xi-domingo-tiempo-ordinario-2021-comentario-jorge-miro\/#primaryimage"},"image":{"@id":"https:\/\/exaudi.org\/es\/xi-domingo-tiempo-ordinario-2021-comentario-jorge-miro\/#primaryimage"},"thumbnailUrl":"https:\/\/exaudi.org\/wp-content\/uploads\/2021\/06\/ncdfg-scaled.jpg","datePublished":"2021-06-13T07:00:33+00:00","dateModified":"2021-06-14T10:14:20+00:00","author":{"@id":"https:\/\/exaudi.org\/#\/schema\/person\/a258c56b05e63b2b367bdca29e0ed3e3"},"description":"El padre Jorge Mir\u00f3 comparte con los lectores de Exaudi su comentario sobre el Evangelio del XI Domingo del Tiempo Ordinario del a\u00f1o 2021.","breadcrumb":{"@id":"https:\/\/exaudi.org\/es\/xi-domingo-tiempo-ordinario-2021-comentario-jorge-miro\/#breadcrumb"},"inLanguage":"es","potentialAction":[{"@type":"ReadAction","target":["https:\/\/exaudi.org\/es\/xi-domingo-tiempo-ordinario-2021-comentario-jorge-miro\/"]}]},{"@type":"ImageObject","inLanguage":"es","@id":"https:\/\/exaudi.org\/es\/xi-domingo-tiempo-ordinario-2021-comentario-jorge-miro\/#primaryimage","url":"https:\/\/exaudi.org\/wp-content\/uploads\/2021\/06\/ncdfg-scaled.jpg","contentUrl":"https:\/\/exaudi.org\/wp-content\/uploads\/2021\/06\/ncdfg-scaled.jpg","width":2560,"height":1706,"caption":"Hombre sembrando la tierra \u00a9 Pexels"},{"@type":"BreadcrumbList","@id":"https:\/\/exaudi.org\/es\/xi-domingo-tiempo-ordinario-2021-comentario-jorge-miro\/#breadcrumb","itemListElement":[{"@type":"ListItem","position":1,"name":"Portada","item":"https:\/\/exaudi.org\/es\/"},{"@type":"ListItem","position":2,"name":"XI Domingo Tiempo Ordinario: Comentario del padre Jorge Mir\u00f3"}]},{"@type":"WebSite","@id":"https:\/\/exaudi.org\/#website","url":"https:\/\/exaudi.org\/","name":"Exaudi","description":"News","potentialAction":[{"@type":"SearchAction","target":{"@type":"EntryPoint","urlTemplate":"https:\/\/exaudi.org\/?s={search_term_string}"},"query-input":{"@type":"PropertyValueSpecification","valueRequired":true,"valueName":"search_term_string"}}],"inLanguage":"es"},{"@type":"Person","@id":"https:\/\/exaudi.org\/#\/schema\/person\/a258c56b05e63b2b367bdca29e0ed3e3","name":"Jorge Mir\u00f3","image":{"@type":"ImageObject","inLanguage":"es","@id":"https:\/\/secure.gravatar.com\/avatar\/f5ea26c436669b01b7b02124bf13596df002525d6f392707d301543be365bd44?s=96&d=mm&r=g","url":"https:\/\/secure.gravatar.com\/avatar\/f5ea26c436669b01b7b02124bf13596df002525d6f392707d301543be365bd44?s=96&d=mm&r=g","contentUrl":"https:\/\/secure.gravatar.com\/avatar\/f5ea26c436669b01b7b02124bf13596df002525d6f392707d301543be365bd44?s=96&d=mm&r=g","caption":"Jorge Mir\u00f3"},"description":"Sacerdote de la archidi\u00f3cesis de Valencia y profesor en la Facultad de Ciencias Jur\u00eddicas, Econ\u00f3micas y Sociales de la Universidad Cat\u00f3lica de Valencia","url":"https:\/\/exaudi.org\/es\/author\/jorgemiro\/"}]}},"jetpack_featured_media_url":"https:\/\/exaudi.org\/wp-content\/uploads\/2021\/06\/ncdfg-scaled.jpg","jetpack_shortlink":"https:\/\/wp.me\/pgKjF2-5In","_links":{"self":[{"href":"https:\/\/exaudi.org\/es\/wp-json\/wp\/v2\/posts\/21971","targetHints":{"allow":["GET"]}}],"collection":[{"href":"https:\/\/exaudi.org\/es\/wp-json\/wp\/v2\/posts"}],"about":[{"href":"https:\/\/exaudi.org\/es\/wp-json\/wp\/v2\/types\/post"}],"author":[{"embeddable":true,"href":"https:\/\/exaudi.org\/es\/wp-json\/wp\/v2\/users\/20"}],"replies":[{"embeddable":true,"href":"https:\/\/exaudi.org\/es\/wp-json\/wp\/v2\/comments?post=21971"}],"version-history":[{"count":0,"href":"https:\/\/exaudi.org\/es\/wp-json\/wp\/v2\/posts\/21971\/revisions"}],"wp:featuredmedia":[{"embeddable":true,"href":"https:\/\/exaudi.org\/es\/wp-json\/wp\/v2\/media\/21973"}],"wp:attachment":[{"href":"https:\/\/exaudi.org\/es\/wp-json\/wp\/v2\/media?parent=21971"}],"wp:term":[{"taxonomy":"category","embeddable":true,"href":"https:\/\/exaudi.org\/es\/wp-json\/wp\/v2\/categories?post=21971"},{"taxonomy":"post_tag","embeddable":true,"href":"https:\/\/exaudi.org\/es\/wp-json\/wp\/v2\/tags?post=21971"}],"curies":[{"name":"wp","href":"https:\/\/api.w.org\/{rel}","templated":true}]}}