{"id":21951,"date":"2021-06-11T14:40:28","date_gmt":"2021-06-11T12:40:28","guid":{"rendered":"https:\/\/exaudi.org\/?p=21951"},"modified":"2021-06-11T14:40:28","modified_gmt":"2021-06-11T12:40:28","slug":"colombia-obispo-auxiliar-de-bogota","status":"publish","type":"post","link":"https:\/\/exaudi.org\/es\/colombia-obispo-auxiliar-de-bogota\/","title":{"rendered":"Colombia: El Papa nombra al obispo auxiliar de Bogot\u00e1"},"content":{"rendered":"<p>El Papa Francisco ha nombrado obispo auxiliar de la <a href=\"https:\/\/www.arquibogota.org.co\/\" target=\"_blank\" rel=\"noopener noreferrer\">archidi\u00f3cesis metropolitana de Bogot\u00e1<\/a>, <a href=\"https:\/\/exaudi.org\/es\/colombia-consagracion-sagrado-corazon-jesus-2021\/\" target=\"_blank\" rel=\"noopener noreferrer\">Colombia<\/a>, a Mons. Germ\u00e1n Medina Acosta, del clero de la misma archidi\u00f3cesis, hasta ahora vicario episcopal de la zona territorial de San Pedro, asign\u00e1ndole la sede titular de Aradi. As\u00ed ha informado hoy, 11 de junio de 2021, la Oficina de Prensa de la Santa Sede.<\/p>\n<h4><strong>Monse\u00f1or Germ\u00e1n Medina Acosta <\/strong><\/h4>\n<p>Seg\u00fan informa la <a href=\"https:\/\/www.cec.org.co\/\" target=\"_blank\" rel=\"noopener noreferrer\">Conferencia Episcopal de Colombia<\/a>, naci\u00f3 en Bogot\u00e1 el 25 de febrero de 1958 y fue ordenado sacerdote el 20 de junio de 1983 por el cardenal An\u00edbal Mu\u00f1oz Duque, para el servicio de la arquidi\u00f3cesis de Bogot\u00e1.<\/p>\n<p>Realiz\u00f3 sus estudios secundarios en el Seminario Menor de Bogot\u00e1 y los de Filosof\u00eda y Teolog\u00eda en el Seminario Mayor de Bogot\u00e1. Presenta una licenciatura en Teolog\u00eda de la Pontificia Universidad Javeriana, un m\u00e1ster en Psicolog\u00eda Comunitaria de la Pontificia Universidad Javeriana, es especialista en \u00c9tica y Pedagog\u00eda de Valores por la Pontificia Universidad Javeriana. Doctor en Teolog\u00eda (2002) de la Pontificia Universidad Salesiana \u2013 Roma.<\/p>\n<p>Fue ordenado sacerdote el 20 de junio de 1983 por el cardenal An\u00edbal Mu\u00f1oz Duque, para el servicio de la arquidi\u00f3cesis de Bogot\u00e1.<\/p>\n<h4><strong>Ser<\/strong><strong>vicio pastoral<\/strong><\/h4>\n<p>Inici\u00f3 su servicio pastoral como vicario parroquial en Nuestra Se\u00f1ora del Ave Mar\u00eda. Ejerci\u00f3 como miembro del equipo de directores del Seminario Menor de Bogot\u00e1, coordinador del equipo arquidiocesano de Pastoral Juvenil y capell\u00e1n en el Colegio del Rosario (1986). Tambi\u00e9n fue primer Capell\u00e1n en la Universidad Nacional y p\u00e1rroco en los Santos \u00c1ngeles Custodios, y arcipreste del Arciprestazgo N\u00b0 1.3. Miembro del equipo de formadores del Seminario Mayor, miembro del Consejo del Diaconado Permanente y miembro del Consejo Presbiteral.<\/p>\n<p>Se desempe\u00f1\u00f3 como rector del Seminario Mayor de San Jos\u00e9 y como miembro del Consejo Presbiteral. P\u00e1rroco en San Juan de \u00c1vila y tambi\u00e9n miembro del Consejo Presbiteral \u2013 en representaci\u00f3n de la Vicar\u00eda Episcopal Territorial de San Pedro y animador del equipo arquidiocesano para la formaci\u00f3n permanente.<\/p>\n<p>Ratificado como miembro del Colegio de Consultores, nombrado vicario episcopal territorial de San Pedro y vicario general de la arquidi\u00f3cesis de Bogot\u00e1 desde el mes de junio de 2017.<\/p>\n","protected":false},"excerpt":{"rendered":"<p>Monse\u00f1or Germ\u00e1n Medina Acosta<\/p>\n","protected":false},"author":5,"featured_media":21953,"comment_status":"open","ping_status":"open","sticky":false,"template":"","format":"standard","meta":{"_acf_changed":false,"_crdt_document":"","inline_featured_image":false,"footnotes":""},"categories":[86,298],"tags":[2814,2813,724,1034],"class_list":["post-21951","post","type-post","status-publish","format-standard","has-post-thumbnail","hentry","category-iglesia-local","category-ultimas-noticias","tag-aquidioceisis-de-bogota","tag-bogota","tag-colombia","tag-obispo-auxiliar"],"acf":[],"yoast_head":"<!-- This site is optimized with the Yoast SEO plugin v27.4 - https:\/\/yoast.com\/product\/yoast-seo-wordpress\/ -->\n<title>Colombia: El Papa nombra al obispo auxiliar de Bogot\u00e1 &#8211; Exaudi<\/title>\n<meta name=\"description\" content=\"El Papa ha nombrado obispo auxiliar de la archidi\u00f3cesis metropolitana de Bogot\u00e1, Colombia, a Mons. Germ\u00e1n Medina Acosta\" \/>\n<meta name=\"robots\" content=\"index, follow, max-snippet:-1, max-image-preview:large, max-video-preview:-1\" \/>\n<link rel=\"canonical\" href=\"https:\/\/exaudi.org\/es\/colombia-obispo-auxiliar-de-bogota\/\" \/>\n<meta property=\"og:locale\" content=\"es_ES\" \/>\n<meta property=\"og:type\" content=\"article\" \/>\n<meta property=\"og:title\" content=\"Colombia: El Papa nombra al obispo auxiliar de Bogot\u00e1 &#8211; Exaudi\" \/>\n<meta property=\"og:description\" content=\"El Papa ha nombrado obispo auxiliar de la archidi\u00f3cesis metropolitana de Bogot\u00e1, Colombia, a Mons. Germ\u00e1n Medina Acosta\" \/>\n<meta property=\"og:url\" content=\"https:\/\/exaudi.org\/es\/colombia-obispo-auxiliar-de-bogota\/\" \/>\n<meta property=\"og:site_name\" content=\"Exaudi\" \/>\n<meta property=\"article:publisher\" content=\"https:\/\/www.facebook.com\/ExaudiNews\" \/>\n<meta property=\"article:published_time\" content=\"2021-06-11T12:40:28+00:00\" \/>\n<meta property=\"og:image\" content=\"https:\/\/exaudi.org\/wp-content\/uploads\/2021\/06\/Monsenor-German-Medina-Acosta.jpg\" \/>\n\t<meta property=\"og:image:width\" content=\"1200\" \/>\n\t<meta property=\"og:image:height\" content=\"700\" \/>\n\t<meta property=\"og:image:type\" content=\"image\/jpeg\" \/>\n<meta name=\"author\" content=\"Larissa I. L\u00f3pez\" \/>\n<meta name=\"twitter:card\" content=\"summary_large_image\" \/>\n<meta name=\"twitter:creator\" content=\"@Exaudi_News\" \/>\n<meta name=\"twitter:site\" content=\"@Exaudi_News\" \/>\n<meta name=\"twitter:label1\" content=\"Escrito por\" \/>\n\t<meta name=\"twitter:data1\" content=\"Larissa I. L\u00f3pez\" \/>\n\t<meta name=\"twitter:label2\" content=\"Tiempo de lectura\" \/>\n\t<meta name=\"twitter:data2\" content=\"2 minutos\" \/>\n<script type=\"application\/ld+json\" class=\"yoast-schema-graph\">{\"@context\":\"https:\\\/\\\/schema.org\",\"@graph\":[{\"@type\":\"Article\",\"@id\":\"https:\\\/\\\/exaudi.org\\\/es\\\/colombia-obispo-auxiliar-de-bogota\\\/#article\",\"isPartOf\":{\"@id\":\"https:\\\/\\\/exaudi.org\\\/es\\\/colombia-obispo-auxiliar-de-bogota\\\/\"},\"author\":{\"name\":\"Larissa I. L\u00f3pez\",\"@id\":\"https:\\\/\\\/exaudi.org\\\/#\\\/schema\\\/person\\\/7d2f77db033c2c0929edfab6dbe8c588\"},\"headline\":\"Colombia: El Papa nombra al obispo auxiliar de Bogot\u00e1\",\"datePublished\":\"2021-06-11T12:40:28+00:00\",\"mainEntityOfPage\":{\"@id\":\"https:\\\/\\\/exaudi.org\\\/es\\\/colombia-obispo-auxiliar-de-bogota\\\/\"},\"wordCount\":379,\"commentCount\":0,\"image\":{\"@id\":\"https:\\\/\\\/exaudi.org\\\/es\\\/colombia-obispo-auxiliar-de-bogota\\\/#primaryimage\"},\"thumbnailUrl\":\"https:\\\/\\\/exaudi.org\\\/wp-content\\\/uploads\\\/2021\\\/06\\\/Monsenor-German-Medina-Acosta.jpg\",\"keywords\":[\"Aquidi\u00f3ceisis de Bogot\u00e1\",\"Bogot\u00e1\",\"Colombia\",\"Obispo auxiliar\"],\"articleSection\":[\"Iglesia Local\",\"\u00daltimas noticias\"],\"inLanguage\":\"es\",\"potentialAction\":[{\"@type\":\"CommentAction\",\"name\":\"Comment\",\"target\":[\"https:\\\/\\\/exaudi.org\\\/es\\\/colombia-obispo-auxiliar-de-bogota\\\/#respond\"]}]},{\"@type\":\"WebPage\",\"@id\":\"https:\\\/\\\/exaudi.org\\\/es\\\/colombia-obispo-auxiliar-de-bogota\\\/\",\"url\":\"https:\\\/\\\/exaudi.org\\\/es\\\/colombia-obispo-auxiliar-de-bogota\\\/\",\"name\":\"Colombia: El Papa nombra al obispo auxiliar de Bogot\u00e1 &#8211; Exaudi\",\"isPartOf\":{\"@id\":\"https:\\\/\\\/exaudi.org\\\/#website\"},\"primaryImageOfPage\":{\"@id\":\"https:\\\/\\\/exaudi.org\\\/es\\\/colombia-obispo-auxiliar-de-bogota\\\/#primaryimage\"},\"image\":{\"@id\":\"https:\\\/\\\/exaudi.org\\\/es\\\/colombia-obispo-auxiliar-de-bogota\\\/#primaryimage\"},\"thumbnailUrl\":\"https:\\\/\\\/exaudi.org\\\/wp-content\\\/uploads\\\/2021\\\/06\\\/Monsenor-German-Medina-Acosta.jpg\",\"datePublished\":\"2021-06-11T12:40:28+00:00\",\"author\":{\"@id\":\"https:\\\/\\\/exaudi.org\\\/#\\\/schema\\\/person\\\/7d2f77db033c2c0929edfab6dbe8c588\"},\"description\":\"El Papa ha nombrado obispo auxiliar de la archidi\u00f3cesis metropolitana de Bogot\u00e1, Colombia, a Mons. Germ\u00e1n Medina Acosta\",\"breadcrumb\":{\"@id\":\"https:\\\/\\\/exaudi.org\\\/es\\\/colombia-obispo-auxiliar-de-bogota\\\/#breadcrumb\"},\"inLanguage\":\"es\",\"potentialAction\":[{\"@type\":\"ReadAction\",\"target\":[\"https:\\\/\\\/exaudi.org\\\/es\\\/colombia-obispo-auxiliar-de-bogota\\\/\"]}]},{\"@type\":\"ImageObject\",\"inLanguage\":\"es\",\"@id\":\"https:\\\/\\\/exaudi.org\\\/es\\\/colombia-obispo-auxiliar-de-bogota\\\/#primaryimage\",\"url\":\"https:\\\/\\\/exaudi.org\\\/wp-content\\\/uploads\\\/2021\\\/06\\\/Monsenor-German-Medina-Acosta.jpg\",\"contentUrl\":\"https:\\\/\\\/exaudi.org\\\/wp-content\\\/uploads\\\/2021\\\/06\\\/Monsenor-German-Medina-Acosta.jpg\",\"width\":1200,\"height\":700,\"caption\":\"Monse\u00f1or Germ\u00e1n Medina Acosta \u00a9 Conferencia Episcopal de Colombia\"},{\"@type\":\"BreadcrumbList\",\"@id\":\"https:\\\/\\\/exaudi.org\\\/es\\\/colombia-obispo-auxiliar-de-bogota\\\/#breadcrumb\",\"itemListElement\":[{\"@type\":\"ListItem\",\"position\":1,\"name\":\"Portada\",\"item\":\"https:\\\/\\\/exaudi.org\\\/es\\\/\"},{\"@type\":\"ListItem\",\"position\":2,\"name\":\"Colombia: El Papa nombra al obispo auxiliar de Bogot\u00e1\"}]},{\"@type\":\"WebSite\",\"@id\":\"https:\\\/\\\/exaudi.org\\\/#website\",\"url\":\"https:\\\/\\\/exaudi.org\\\/\",\"name\":\"Exaudi\",\"description\":\"News\",\"potentialAction\":[{\"@type\":\"SearchAction\",\"target\":{\"@type\":\"EntryPoint\",\"urlTemplate\":\"https:\\\/\\\/exaudi.org\\\/?s={search_term_string}\"},\"query-input\":{\"@type\":\"PropertyValueSpecification\",\"valueRequired\":true,\"valueName\":\"search_term_string\"}}],\"inLanguage\":\"es\"},{\"@type\":\"Person\",\"@id\":\"https:\\\/\\\/exaudi.org\\\/#\\\/schema\\\/person\\\/7d2f77db033c2c0929edfab6dbe8c588\",\"name\":\"Larissa I. L\u00f3pez\",\"image\":{\"@type\":\"ImageObject\",\"inLanguage\":\"es\",\"@id\":\"https:\\\/\\\/secure.gravatar.com\\\/avatar\\\/db3ef399ff343d0bb9d25dc5198bc8ece5ac6d621eca79876697a354dabc1e3f?s=96&d=mm&r=g\",\"url\":\"https:\\\/\\\/secure.gravatar.com\\\/avatar\\\/db3ef399ff343d0bb9d25dc5198bc8ece5ac6d621eca79876697a354dabc1e3f?s=96&d=mm&r=g\",\"contentUrl\":\"https:\\\/\\\/secure.gravatar.com\\\/avatar\\\/db3ef399ff343d0bb9d25dc5198bc8ece5ac6d621eca79876697a354dabc1e3f?s=96&d=mm&r=g\",\"caption\":\"Larissa I. L\u00f3pez\"},\"description\":\"Doctora en Comunicaci\u00f3n. Mi trayectoria profesional ha transcurrido entre el \u00e1mbito de la comunicaci\u00f3n y el de la docencia. En los \u00faltimos a\u00f1os, he trabajado como coordinadora y redactora de la edici\u00f3n de ZENIT en espa\u00f1ol. Como profesora, he impartido clases en la universidad y en centros de FP y bachillerato. Cordobesa de nacimiento, tambi\u00e9n he vivido en Sevilla, Madrid y Roma\",\"url\":\"https:\\\/\\\/exaudi.org\\\/es\\\/author\\\/llopezexaudi-org\\\/\"}]}<\/script>\n<!-- \/ Yoast SEO plugin. -->","yoast_head_json":{"title":"Colombia: El Papa nombra al obispo auxiliar de Bogot\u00e1 &#8211; Exaudi","description":"El Papa ha nombrado obispo auxiliar de la archidi\u00f3cesis metropolitana de Bogot\u00e1, Colombia, a Mons. Germ\u00e1n Medina Acosta","robots":{"index":"index","follow":"follow","max-snippet":"max-snippet:-1","max-image-preview":"max-image-preview:large","max-video-preview":"max-video-preview:-1"},"canonical":"https:\/\/exaudi.org\/es\/colombia-obispo-auxiliar-de-bogota\/","og_locale":"es_ES","og_type":"article","og_title":"Colombia: El Papa nombra al obispo auxiliar de Bogot\u00e1 &#8211; Exaudi","og_description":"El Papa ha nombrado obispo auxiliar de la archidi\u00f3cesis metropolitana de Bogot\u00e1, Colombia, a Mons. Germ\u00e1n Medina Acosta","og_url":"https:\/\/exaudi.org\/es\/colombia-obispo-auxiliar-de-bogota\/","og_site_name":"Exaudi","article_publisher":"https:\/\/www.facebook.com\/ExaudiNews","article_published_time":"2021-06-11T12:40:28+00:00","og_image":[{"width":1200,"height":700,"url":"https:\/\/exaudi.org\/wp-content\/uploads\/2021\/06\/Monsenor-German-Medina-Acosta.jpg","type":"image\/jpeg"}],"author":"Larissa I. L\u00f3pez","twitter_card":"summary_large_image","twitter_creator":"@Exaudi_News","twitter_site":"@Exaudi_News","twitter_misc":{"Escrito por":"Larissa I. L\u00f3pez","Tiempo de lectura":"2 minutos"},"schema":{"@context":"https:\/\/schema.org","@graph":[{"@type":"Article","@id":"https:\/\/exaudi.org\/es\/colombia-obispo-auxiliar-de-bogota\/#article","isPartOf":{"@id":"https:\/\/exaudi.org\/es\/colombia-obispo-auxiliar-de-bogota\/"},"author":{"name":"Larissa I. L\u00f3pez","@id":"https:\/\/exaudi.org\/#\/schema\/person\/7d2f77db033c2c0929edfab6dbe8c588"},"headline":"Colombia: El Papa nombra al obispo auxiliar de Bogot\u00e1","datePublished":"2021-06-11T12:40:28+00:00","mainEntityOfPage":{"@id":"https:\/\/exaudi.org\/es\/colombia-obispo-auxiliar-de-bogota\/"},"wordCount":379,"commentCount":0,"image":{"@id":"https:\/\/exaudi.org\/es\/colombia-obispo-auxiliar-de-bogota\/#primaryimage"},"thumbnailUrl":"https:\/\/exaudi.org\/wp-content\/uploads\/2021\/06\/Monsenor-German-Medina-Acosta.jpg","keywords":["Aquidi\u00f3ceisis de Bogot\u00e1","Bogot\u00e1","Colombia","Obispo auxiliar"],"articleSection":["Iglesia Local","\u00daltimas noticias"],"inLanguage":"es","potentialAction":[{"@type":"CommentAction","name":"Comment","target":["https:\/\/exaudi.org\/es\/colombia-obispo-auxiliar-de-bogota\/#respond"]}]},{"@type":"WebPage","@id":"https:\/\/exaudi.org\/es\/colombia-obispo-auxiliar-de-bogota\/","url":"https:\/\/exaudi.org\/es\/colombia-obispo-auxiliar-de-bogota\/","name":"Colombia: El Papa nombra al obispo auxiliar de Bogot\u00e1 &#8211; Exaudi","isPartOf":{"@id":"https:\/\/exaudi.org\/#website"},"primaryImageOfPage":{"@id":"https:\/\/exaudi.org\/es\/colombia-obispo-auxiliar-de-bogota\/#primaryimage"},"image":{"@id":"https:\/\/exaudi.org\/es\/colombia-obispo-auxiliar-de-bogota\/#primaryimage"},"thumbnailUrl":"https:\/\/exaudi.org\/wp-content\/uploads\/2021\/06\/Monsenor-German-Medina-Acosta.jpg","datePublished":"2021-06-11T12:40:28+00:00","author":{"@id":"https:\/\/exaudi.org\/#\/schema\/person\/7d2f77db033c2c0929edfab6dbe8c588"},"description":"El Papa ha nombrado obispo auxiliar de la archidi\u00f3cesis metropolitana de Bogot\u00e1, Colombia, a Mons. Germ\u00e1n Medina Acosta","breadcrumb":{"@id":"https:\/\/exaudi.org\/es\/colombia-obispo-auxiliar-de-bogota\/#breadcrumb"},"inLanguage":"es","potentialAction":[{"@type":"ReadAction","target":["https:\/\/exaudi.org\/es\/colombia-obispo-auxiliar-de-bogota\/"]}]},{"@type":"ImageObject","inLanguage":"es","@id":"https:\/\/exaudi.org\/es\/colombia-obispo-auxiliar-de-bogota\/#primaryimage","url":"https:\/\/exaudi.org\/wp-content\/uploads\/2021\/06\/Monsenor-German-Medina-Acosta.jpg","contentUrl":"https:\/\/exaudi.org\/wp-content\/uploads\/2021\/06\/Monsenor-German-Medina-Acosta.jpg","width":1200,"height":700,"caption":"Monse\u00f1or Germ\u00e1n Medina Acosta \u00a9 Conferencia Episcopal de Colombia"},{"@type":"BreadcrumbList","@id":"https:\/\/exaudi.org\/es\/colombia-obispo-auxiliar-de-bogota\/#breadcrumb","itemListElement":[{"@type":"ListItem","position":1,"name":"Portada","item":"https:\/\/exaudi.org\/es\/"},{"@type":"ListItem","position":2,"name":"Colombia: El Papa nombra al obispo auxiliar de Bogot\u00e1"}]},{"@type":"WebSite","@id":"https:\/\/exaudi.org\/#website","url":"https:\/\/exaudi.org\/","name":"Exaudi","description":"News","potentialAction":[{"@type":"SearchAction","target":{"@type":"EntryPoint","urlTemplate":"https:\/\/exaudi.org\/?s={search_term_string}"},"query-input":{"@type":"PropertyValueSpecification","valueRequired":true,"valueName":"search_term_string"}}],"inLanguage":"es"},{"@type":"Person","@id":"https:\/\/exaudi.org\/#\/schema\/person\/7d2f77db033c2c0929edfab6dbe8c588","name":"Larissa I. L\u00f3pez","image":{"@type":"ImageObject","inLanguage":"es","@id":"https:\/\/secure.gravatar.com\/avatar\/db3ef399ff343d0bb9d25dc5198bc8ece5ac6d621eca79876697a354dabc1e3f?s=96&d=mm&r=g","url":"https:\/\/secure.gravatar.com\/avatar\/db3ef399ff343d0bb9d25dc5198bc8ece5ac6d621eca79876697a354dabc1e3f?s=96&d=mm&r=g","contentUrl":"https:\/\/secure.gravatar.com\/avatar\/db3ef399ff343d0bb9d25dc5198bc8ece5ac6d621eca79876697a354dabc1e3f?s=96&d=mm&r=g","caption":"Larissa I. L\u00f3pez"},"description":"Doctora en Comunicaci\u00f3n. Mi trayectoria profesional ha transcurrido entre el \u00e1mbito de la comunicaci\u00f3n y el de la docencia. En los \u00faltimos a\u00f1os, he trabajado como coordinadora y redactora de la edici\u00f3n de ZENIT en espa\u00f1ol. Como profesora, he impartido clases en la universidad y en centros de FP y bachillerato. Cordobesa de nacimiento, tambi\u00e9n he vivido en Sevilla, Madrid y Roma","url":"https:\/\/exaudi.org\/es\/author\/llopezexaudi-org\/"}]}},"jetpack_featured_media_url":"https:\/\/exaudi.org\/wp-content\/uploads\/2021\/06\/Monsenor-German-Medina-Acosta.jpg","jetpack_shortlink":"https:\/\/wp.me\/pgKjF2-5I3","_links":{"self":[{"href":"https:\/\/exaudi.org\/es\/wp-json\/wp\/v2\/posts\/21951","targetHints":{"allow":["GET"]}}],"collection":[{"href":"https:\/\/exaudi.org\/es\/wp-json\/wp\/v2\/posts"}],"about":[{"href":"https:\/\/exaudi.org\/es\/wp-json\/wp\/v2\/types\/post"}],"author":[{"embeddable":true,"href":"https:\/\/exaudi.org\/es\/wp-json\/wp\/v2\/users\/5"}],"replies":[{"embeddable":true,"href":"https:\/\/exaudi.org\/es\/wp-json\/wp\/v2\/comments?post=21951"}],"version-history":[{"count":0,"href":"https:\/\/exaudi.org\/es\/wp-json\/wp\/v2\/posts\/21951\/revisions"}],"wp:featuredmedia":[{"embeddable":true,"href":"https:\/\/exaudi.org\/es\/wp-json\/wp\/v2\/media\/21953"}],"wp:attachment":[{"href":"https:\/\/exaudi.org\/es\/wp-json\/wp\/v2\/media?parent=21951"}],"wp:term":[{"taxonomy":"category","embeddable":true,"href":"https:\/\/exaudi.org\/es\/wp-json\/wp\/v2\/categories?post=21951"},{"taxonomy":"post_tag","embeddable":true,"href":"https:\/\/exaudi.org\/es\/wp-json\/wp\/v2\/tags?post=21951"}],"curies":[{"name":"wp","href":"https:\/\/api.w.org\/{rel}","templated":true}]}}