{"id":21937,"date":"2021-06-11T14:20:18","date_gmt":"2021-06-11T12:20:18","guid":{"rendered":"https:\/\/exaudi.org\/?p=21937"},"modified":"2021-06-13T10:32:54","modified_gmt":"2021-06-13T08:32:54","slug":"bolivia-iglesia-pide-gobierno-prontitud-en-vacunas","status":"publish","type":"post","link":"https:\/\/exaudi.org\/es\/bolivia-iglesia-pide-gobierno-prontitud-en-vacunas\/","title":{"rendered":"Bolivia: Iglesia pide al Gobierno prontitud en las vacunas"},"content":{"rendered":"<p>El presidente de la <a href=\"https:\/\/www.iglesiaviva.net\/\" target=\"_blank\" rel=\"noopener noreferrer\">Iglesia en Bolivia<\/a> (CEB) y arzobispo de Sucre, <a href=\"https:\/\/exaudi.org\/es\/bolivia-mons-centellas-seguir-luchando-para-ser-independientes\/\" target=\"_blank\" rel=\"noopener noreferrer\">Ricardo Centellas Guzm\u00e1n<\/a>, ha emitido un videomensaje en el que reitera al Gobierno la necesidad de garantizar la r\u00e1pida llegada de vacunas contra el virus de COVID-19, y de esa manera poder \u201cafrontar esta tercera ola y las que puedan venir\u201d.<\/p>\n<p>En sus declaraciones, el obispo boliviano sostiene que \u201cel llamado urgente para todos es cuidarnos, asumir las medidas preventivas, que es lo m\u00e1s importante en una pandemia, y en cualquier situaci\u00f3n dif\u00edcil\u201d. Anima a no olvidarse de las medidas de bioseguridad y expresa su esperanza en que las autoridades regionales y nacionales \u201cpuedan colaborar para que las vacunas lleguen lo m\u00e1s pronto posible\u201d.<\/p>\n<p>\u201cSi el 70% de la poblaci\u00f3n boliviana no est\u00e1 vacunada, seguimos con alto riesgo de no afrontar correctamente la pandemia. Ojal\u00e1 que las vacunas lleguen para la mayor\u00eda de la poblaci\u00f3n y los que estamos esperando la segunda vacuna, que llegue lo antes posible\u201d, concluye.<\/p>\n<h4><strong>Datos<\/strong><\/h4>\n<p>Seg\u00fan informa la Agencia Fides en una nota, Bolivia registr\u00f3 ayer, jueves 10 de junio, 3.233 nuevos casos de COVID-19, adem\u00e1s de los 400.047 contagios registrados desde el inicio de la pandemia, mientras se enfrenta a una tercera ola m\u00e1s agresiva que las dem\u00e1s, siempre a la espera de la llegada de m\u00e1s dosis de vacuna.<\/p>\n<p>Seg\u00fan el informe del Ministerio de Salud de Bolivia, 74 personas han muerto a causa de la enfermedad y el n\u00famero total de muertes por COVID asciende a 15.321, mientras que los casos activos son actualmente 69.422.<\/p>\n","protected":false},"excerpt":{"rendered":"<p>Videomensaje del Pte. del Episcopado<\/p>\n","protected":false},"author":6,"featured_media":21947,"comment_status":"closed","ping_status":"closed","sticky":false,"template":"","format":"standard","meta":{"_acf_changed":false,"_crdt_document":"","inline_featured_image":false,"footnotes":""},"categories":[86,298],"tags":[2022,541,540],"class_list":["post-21937","post","type-post","status-publish","format-standard","has-post-thumbnail","hentry","category-iglesia-local","category-ultimas-noticias","tag-conferencia-episcopal-boliviana-ceb","tag-covid-19","tag-vacunacion"],"acf":[],"yoast_head":"<!-- This site is optimized with the Yoast SEO plugin v27.5 - https:\/\/yoast.com\/product\/yoast-seo-wordpress\/ -->\n<title>Bolivia: Iglesia pide al Gobierno prontitud en las vacunas - Exaudi<\/title>\n<meta name=\"description\" content=\"El presidente de la Iglesia en Bolivia ha pedido mediante un videomensaje a las autoridades la pronta llegada de vacunas contra la COVID-19.\" \/>\n<meta name=\"robots\" content=\"index, follow, max-snippet:-1, max-image-preview:large, max-video-preview:-1\" \/>\n<link rel=\"canonical\" href=\"https:\/\/exaudi.org\/es\/bolivia-iglesia-pide-gobierno-prontitud-en-vacunas\/\" \/>\n<meta property=\"og:locale\" content=\"es_ES\" \/>\n<meta property=\"og:type\" content=\"article\" \/>\n<meta property=\"og:title\" content=\"Bolivia: Iglesia pide al Gobierno prontitud en las vacunas - Exaudi\" \/>\n<meta property=\"og:description\" content=\"El presidente de la Iglesia en Bolivia ha pedido mediante un videomensaje a las autoridades la pronta llegada de vacunas contra la COVID-19.\" \/>\n<meta property=\"og:url\" content=\"https:\/\/exaudi.org\/es\/bolivia-iglesia-pide-gobierno-prontitud-en-vacunas\/\" \/>\n<meta property=\"og:site_name\" content=\"Exaudi\" \/>\n<meta property=\"article:publisher\" content=\"https:\/\/www.facebook.com\/ExaudiNews\" \/>\n<meta property=\"article:published_time\" content=\"2021-06-11T12:20:18+00:00\" \/>\n<meta property=\"article:modified_time\" content=\"2021-06-13T08:32:54+00:00\" \/>\n<meta property=\"og:image\" content=\"https:\/\/exaudi.org\/wp-content\/uploads\/2021\/06\/hgjjjh56.jpeg\" \/>\n\t<meta property=\"og:image:width\" content=\"701\" \/>\n\t<meta property=\"og:image:height\" content=\"467\" \/>\n\t<meta property=\"og:image:type\" content=\"image\/jpeg\" \/>\n<meta name=\"author\" content=\"Gabriel Sales\" \/>\n<meta name=\"twitter:card\" content=\"summary_large_image\" \/>\n<meta name=\"twitter:creator\" content=\"@habemusman\" \/>\n<meta name=\"twitter:site\" content=\"@Exaudi_News\" \/>\n<meta name=\"twitter:label1\" content=\"Escrito por\" \/>\n\t<meta name=\"twitter:data1\" content=\"Gabriel Sales\" \/>\n\t<meta name=\"twitter:label2\" content=\"Tiempo de lectura\" \/>\n\t<meta name=\"twitter:data2\" content=\"2 minutos\" \/>\n<script type=\"application\/ld+json\" class=\"yoast-schema-graph\">{\"@context\":\"https:\\\/\\\/schema.org\",\"@graph\":[{\"@type\":\"Article\",\"@id\":\"https:\\\/\\\/exaudi.org\\\/es\\\/bolivia-iglesia-pide-gobierno-prontitud-en-vacunas\\\/#article\",\"isPartOf\":{\"@id\":\"https:\\\/\\\/exaudi.org\\\/es\\\/bolivia-iglesia-pide-gobierno-prontitud-en-vacunas\\\/\"},\"author\":{\"name\":\"Gabriel Sales\",\"@id\":\"https:\\\/\\\/exaudi.org\\\/#\\\/schema\\\/person\\\/d134b96438278131ce90c90c03fda6cd\"},\"headline\":\"Bolivia: Iglesia pide al Gobierno prontitud en las vacunas\",\"datePublished\":\"2021-06-11T12:20:18+00:00\",\"dateModified\":\"2021-06-13T08:32:54+00:00\",\"mainEntityOfPage\":{\"@id\":\"https:\\\/\\\/exaudi.org\\\/es\\\/bolivia-iglesia-pide-gobierno-prontitud-en-vacunas\\\/\"},\"wordCount\":273,\"image\":{\"@id\":\"https:\\\/\\\/exaudi.org\\\/es\\\/bolivia-iglesia-pide-gobierno-prontitud-en-vacunas\\\/#primaryimage\"},\"thumbnailUrl\":\"https:\\\/\\\/exaudi.org\\\/wp-content\\\/uploads\\\/2021\\\/06\\\/hgjjjh56.jpeg\",\"keywords\":[\"Conferencia Episcopal Boliviana (CEB)\",\"COVID-19\",\"Vacunaci\u00f3n\"],\"articleSection\":[\"Iglesia Local\",\"\u00daltimas noticias\"],\"inLanguage\":\"es\"},{\"@type\":\"WebPage\",\"@id\":\"https:\\\/\\\/exaudi.org\\\/es\\\/bolivia-iglesia-pide-gobierno-prontitud-en-vacunas\\\/\",\"url\":\"https:\\\/\\\/exaudi.org\\\/es\\\/bolivia-iglesia-pide-gobierno-prontitud-en-vacunas\\\/\",\"name\":\"Bolivia: Iglesia pide al Gobierno prontitud en las vacunas - Exaudi\",\"isPartOf\":{\"@id\":\"https:\\\/\\\/exaudi.org\\\/#website\"},\"primaryImageOfPage\":{\"@id\":\"https:\\\/\\\/exaudi.org\\\/es\\\/bolivia-iglesia-pide-gobierno-prontitud-en-vacunas\\\/#primaryimage\"},\"image\":{\"@id\":\"https:\\\/\\\/exaudi.org\\\/es\\\/bolivia-iglesia-pide-gobierno-prontitud-en-vacunas\\\/#primaryimage\"},\"thumbnailUrl\":\"https:\\\/\\\/exaudi.org\\\/wp-content\\\/uploads\\\/2021\\\/06\\\/hgjjjh56.jpeg\",\"datePublished\":\"2021-06-11T12:20:18+00:00\",\"dateModified\":\"2021-06-13T08:32:54+00:00\",\"author\":{\"@id\":\"https:\\\/\\\/exaudi.org\\\/#\\\/schema\\\/person\\\/d134b96438278131ce90c90c03fda6cd\"},\"description\":\"El presidente de la Iglesia en Bolivia ha pedido mediante un videomensaje a las autoridades la pronta llegada de vacunas contra la COVID-19.\",\"breadcrumb\":{\"@id\":\"https:\\\/\\\/exaudi.org\\\/es\\\/bolivia-iglesia-pide-gobierno-prontitud-en-vacunas\\\/#breadcrumb\"},\"inLanguage\":\"es\",\"potentialAction\":[{\"@type\":\"ReadAction\",\"target\":[\"https:\\\/\\\/exaudi.org\\\/es\\\/bolivia-iglesia-pide-gobierno-prontitud-en-vacunas\\\/\"]}]},{\"@type\":\"ImageObject\",\"inLanguage\":\"es\",\"@id\":\"https:\\\/\\\/exaudi.org\\\/es\\\/bolivia-iglesia-pide-gobierno-prontitud-en-vacunas\\\/#primaryimage\",\"url\":\"https:\\\/\\\/exaudi.org\\\/wp-content\\\/uploads\\\/2021\\\/06\\\/hgjjjh56.jpeg\",\"contentUrl\":\"https:\\\/\\\/exaudi.org\\\/wp-content\\\/uploads\\\/2021\\\/06\\\/hgjjjh56.jpeg\",\"width\":701,\"height\":467,\"caption\":\"Mons. Centellas \u00a9 Episcopado boliviano\"},{\"@type\":\"BreadcrumbList\",\"@id\":\"https:\\\/\\\/exaudi.org\\\/es\\\/bolivia-iglesia-pide-gobierno-prontitud-en-vacunas\\\/#breadcrumb\",\"itemListElement\":[{\"@type\":\"ListItem\",\"position\":1,\"name\":\"Portada\",\"item\":\"https:\\\/\\\/exaudi.org\\\/es\\\/\"},{\"@type\":\"ListItem\",\"position\":2,\"name\":\"Bolivia: Iglesia pide al Gobierno prontitud en las vacunas\"}]},{\"@type\":\"WebSite\",\"@id\":\"https:\\\/\\\/exaudi.org\\\/#website\",\"url\":\"https:\\\/\\\/exaudi.org\\\/\",\"name\":\"Exaudi\",\"description\":\"News\",\"potentialAction\":[{\"@type\":\"SearchAction\",\"target\":{\"@type\":\"EntryPoint\",\"urlTemplate\":\"https:\\\/\\\/exaudi.org\\\/?s={search_term_string}\"},\"query-input\":{\"@type\":\"PropertyValueSpecification\",\"valueRequired\":true,\"valueName\":\"search_term_string\"}}],\"inLanguage\":\"es\"},{\"@type\":\"Person\",\"@id\":\"https:\\\/\\\/exaudi.org\\\/#\\\/schema\\\/person\\\/d134b96438278131ce90c90c03fda6cd\",\"name\":\"Gabriel Sales\",\"image\":{\"@type\":\"ImageObject\",\"inLanguage\":\"es\",\"@id\":\"https:\\\/\\\/secure.gravatar.com\\\/avatar\\\/9b1269566f6a063ed26ffb3532b66a373cdde231ce5d0effb266167437fdaffd?s=96&d=mm&r=g\",\"url\":\"https:\\\/\\\/secure.gravatar.com\\\/avatar\\\/9b1269566f6a063ed26ffb3532b66a373cdde231ce5d0effb266167437fdaffd?s=96&d=mm&r=g\",\"contentUrl\":\"https:\\\/\\\/secure.gravatar.com\\\/avatar\\\/9b1269566f6a063ed26ffb3532b66a373cdde231ce5d0effb266167437fdaffd?s=96&d=mm&r=g\",\"caption\":\"Gabriel Sales\"},\"description\":\"Periodista y especialista en Comunicaci\u00f3n y Branding digital. Cin\u00e9filo y cr\u00edtico de cine y series de televisi\u00f3n.\",\"sameAs\":[\"https:\\\/\\\/www.instagram.com\\\/cine90segundos\\\/\",\"www.linkedin.com\\\/in\\\/habemusman\",\"https:\\\/\\\/x.com\\\/habemusman\",\"https:\\\/\\\/www.youtube.com\\\/channel\\\/UCVfCiOMkJ_C7T7OpyjuaLDg\"],\"url\":\"https:\\\/\\\/exaudi.org\\\/es\\\/author\\\/gsalesexaudi-org\\\/\"}]}<\/script>\n<!-- \/ Yoast SEO plugin. -->","yoast_head_json":{"title":"Bolivia: Iglesia pide al Gobierno prontitud en las vacunas - Exaudi","description":"El presidente de la Iglesia en Bolivia ha pedido mediante un videomensaje a las autoridades la pronta llegada de vacunas contra la COVID-19.","robots":{"index":"index","follow":"follow","max-snippet":"max-snippet:-1","max-image-preview":"max-image-preview:large","max-video-preview":"max-video-preview:-1"},"canonical":"https:\/\/exaudi.org\/es\/bolivia-iglesia-pide-gobierno-prontitud-en-vacunas\/","og_locale":"es_ES","og_type":"article","og_title":"Bolivia: Iglesia pide al Gobierno prontitud en las vacunas - Exaudi","og_description":"El presidente de la Iglesia en Bolivia ha pedido mediante un videomensaje a las autoridades la pronta llegada de vacunas contra la COVID-19.","og_url":"https:\/\/exaudi.org\/es\/bolivia-iglesia-pide-gobierno-prontitud-en-vacunas\/","og_site_name":"Exaudi","article_publisher":"https:\/\/www.facebook.com\/ExaudiNews","article_published_time":"2021-06-11T12:20:18+00:00","article_modified_time":"2021-06-13T08:32:54+00:00","og_image":[{"width":701,"height":467,"url":"https:\/\/exaudi.org\/wp-content\/uploads\/2021\/06\/hgjjjh56.jpeg","type":"image\/jpeg"}],"author":"Gabriel Sales","twitter_card":"summary_large_image","twitter_creator":"@habemusman","twitter_site":"@Exaudi_News","twitter_misc":{"Escrito por":"Gabriel Sales","Tiempo de lectura":"2 minutos"},"schema":{"@context":"https:\/\/schema.org","@graph":[{"@type":"Article","@id":"https:\/\/exaudi.org\/es\/bolivia-iglesia-pide-gobierno-prontitud-en-vacunas\/#article","isPartOf":{"@id":"https:\/\/exaudi.org\/es\/bolivia-iglesia-pide-gobierno-prontitud-en-vacunas\/"},"author":{"name":"Gabriel Sales","@id":"https:\/\/exaudi.org\/#\/schema\/person\/d134b96438278131ce90c90c03fda6cd"},"headline":"Bolivia: Iglesia pide al Gobierno prontitud en las vacunas","datePublished":"2021-06-11T12:20:18+00:00","dateModified":"2021-06-13T08:32:54+00:00","mainEntityOfPage":{"@id":"https:\/\/exaudi.org\/es\/bolivia-iglesia-pide-gobierno-prontitud-en-vacunas\/"},"wordCount":273,"image":{"@id":"https:\/\/exaudi.org\/es\/bolivia-iglesia-pide-gobierno-prontitud-en-vacunas\/#primaryimage"},"thumbnailUrl":"https:\/\/exaudi.org\/wp-content\/uploads\/2021\/06\/hgjjjh56.jpeg","keywords":["Conferencia Episcopal Boliviana (CEB)","COVID-19","Vacunaci\u00f3n"],"articleSection":["Iglesia Local","\u00daltimas noticias"],"inLanguage":"es"},{"@type":"WebPage","@id":"https:\/\/exaudi.org\/es\/bolivia-iglesia-pide-gobierno-prontitud-en-vacunas\/","url":"https:\/\/exaudi.org\/es\/bolivia-iglesia-pide-gobierno-prontitud-en-vacunas\/","name":"Bolivia: Iglesia pide al Gobierno prontitud en las vacunas - Exaudi","isPartOf":{"@id":"https:\/\/exaudi.org\/#website"},"primaryImageOfPage":{"@id":"https:\/\/exaudi.org\/es\/bolivia-iglesia-pide-gobierno-prontitud-en-vacunas\/#primaryimage"},"image":{"@id":"https:\/\/exaudi.org\/es\/bolivia-iglesia-pide-gobierno-prontitud-en-vacunas\/#primaryimage"},"thumbnailUrl":"https:\/\/exaudi.org\/wp-content\/uploads\/2021\/06\/hgjjjh56.jpeg","datePublished":"2021-06-11T12:20:18+00:00","dateModified":"2021-06-13T08:32:54+00:00","author":{"@id":"https:\/\/exaudi.org\/#\/schema\/person\/d134b96438278131ce90c90c03fda6cd"},"description":"El presidente de la Iglesia en Bolivia ha pedido mediante un videomensaje a las autoridades la pronta llegada de vacunas contra la COVID-19.","breadcrumb":{"@id":"https:\/\/exaudi.org\/es\/bolivia-iglesia-pide-gobierno-prontitud-en-vacunas\/#breadcrumb"},"inLanguage":"es","potentialAction":[{"@type":"ReadAction","target":["https:\/\/exaudi.org\/es\/bolivia-iglesia-pide-gobierno-prontitud-en-vacunas\/"]}]},{"@type":"ImageObject","inLanguage":"es","@id":"https:\/\/exaudi.org\/es\/bolivia-iglesia-pide-gobierno-prontitud-en-vacunas\/#primaryimage","url":"https:\/\/exaudi.org\/wp-content\/uploads\/2021\/06\/hgjjjh56.jpeg","contentUrl":"https:\/\/exaudi.org\/wp-content\/uploads\/2021\/06\/hgjjjh56.jpeg","width":701,"height":467,"caption":"Mons. Centellas \u00a9 Episcopado boliviano"},{"@type":"BreadcrumbList","@id":"https:\/\/exaudi.org\/es\/bolivia-iglesia-pide-gobierno-prontitud-en-vacunas\/#breadcrumb","itemListElement":[{"@type":"ListItem","position":1,"name":"Portada","item":"https:\/\/exaudi.org\/es\/"},{"@type":"ListItem","position":2,"name":"Bolivia: Iglesia pide al Gobierno prontitud en las vacunas"}]},{"@type":"WebSite","@id":"https:\/\/exaudi.org\/#website","url":"https:\/\/exaudi.org\/","name":"Exaudi","description":"News","potentialAction":[{"@type":"SearchAction","target":{"@type":"EntryPoint","urlTemplate":"https:\/\/exaudi.org\/?s={search_term_string}"},"query-input":{"@type":"PropertyValueSpecification","valueRequired":true,"valueName":"search_term_string"}}],"inLanguage":"es"},{"@type":"Person","@id":"https:\/\/exaudi.org\/#\/schema\/person\/d134b96438278131ce90c90c03fda6cd","name":"Gabriel Sales","image":{"@type":"ImageObject","inLanguage":"es","@id":"https:\/\/secure.gravatar.com\/avatar\/9b1269566f6a063ed26ffb3532b66a373cdde231ce5d0effb266167437fdaffd?s=96&d=mm&r=g","url":"https:\/\/secure.gravatar.com\/avatar\/9b1269566f6a063ed26ffb3532b66a373cdde231ce5d0effb266167437fdaffd?s=96&d=mm&r=g","contentUrl":"https:\/\/secure.gravatar.com\/avatar\/9b1269566f6a063ed26ffb3532b66a373cdde231ce5d0effb266167437fdaffd?s=96&d=mm&r=g","caption":"Gabriel Sales"},"description":"Periodista y especialista en Comunicaci\u00f3n y Branding digital. Cin\u00e9filo y cr\u00edtico de cine y series de televisi\u00f3n.","sameAs":["https:\/\/www.instagram.com\/cine90segundos\/","www.linkedin.com\/in\/habemusman","https:\/\/x.com\/habemusman","https:\/\/www.youtube.com\/channel\/UCVfCiOMkJ_C7T7OpyjuaLDg"],"url":"https:\/\/exaudi.org\/es\/author\/gsalesexaudi-org\/"}]}},"jetpack_featured_media_url":"https:\/\/exaudi.org\/wp-content\/uploads\/2021\/06\/hgjjjh56.jpeg","jetpack_shortlink":"https:\/\/wp.me\/pgKjF2-5HP","_links":{"self":[{"href":"https:\/\/exaudi.org\/es\/wp-json\/wp\/v2\/posts\/21937","targetHints":{"allow":["GET"]}}],"collection":[{"href":"https:\/\/exaudi.org\/es\/wp-json\/wp\/v2\/posts"}],"about":[{"href":"https:\/\/exaudi.org\/es\/wp-json\/wp\/v2\/types\/post"}],"author":[{"embeddable":true,"href":"https:\/\/exaudi.org\/es\/wp-json\/wp\/v2\/users\/6"}],"replies":[{"embeddable":true,"href":"https:\/\/exaudi.org\/es\/wp-json\/wp\/v2\/comments?post=21937"}],"version-history":[{"count":0,"href":"https:\/\/exaudi.org\/es\/wp-json\/wp\/v2\/posts\/21937\/revisions"}],"wp:featuredmedia":[{"embeddable":true,"href":"https:\/\/exaudi.org\/es\/wp-json\/wp\/v2\/media\/21947"}],"wp:attachment":[{"href":"https:\/\/exaudi.org\/es\/wp-json\/wp\/v2\/media?parent=21937"}],"wp:term":[{"taxonomy":"category","embeddable":true,"href":"https:\/\/exaudi.org\/es\/wp-json\/wp\/v2\/categories?post=21937"},{"taxonomy":"post_tag","embeddable":true,"href":"https:\/\/exaudi.org\/es\/wp-json\/wp\/v2\/tags?post=21937"}],"curies":[{"name":"wp","href":"https:\/\/api.w.org\/{rel}","templated":true}]}}