{"id":21889,"date":"2021-06-11T11:34:53","date_gmt":"2021-06-11T09:34:53","guid":{"rendered":"https:\/\/exaudi.org\/?p=21889"},"modified":"2021-06-11T16:14:32","modified_gmt":"2021-06-11T14:14:32","slug":"uruguay-obispos-celebran-asamblea-plenaria-2021","status":"publish","type":"post","link":"https:\/\/exaudi.org\/es\/uruguay-obispos-celebran-asamblea-plenaria-2021\/","title":{"rendered":"Uruguay: Obispos celebran Asamblea Plenaria 2021"},"content":{"rendered":"<p>La <a href=\"https:\/\/iglesiacatolica.org.uy\/\" target=\"_blank\" rel=\"noopener noreferrer\">Conferencia Episcopal del Uruguay<\/a> (CEU) clausur\u00f3 el 10 de junio de 2021, su Asamblea Plenaria, iniciada este lunes, 7 de junio. En este evento se han encontrado virtualmente los obispos y administradores diocesanos de las 10 iglesias particulares en las que est\u00e1 dividido el pa\u00eds.<\/p>\n<p>A trav\u00e9s de un comunicado de prensa, el Episcopado resume en 10 puntos los aspectos tratados a lo largo de los 4 d\u00edas de asamblea. El encuentro comenz\u00f3 con un momento de oraci\u00f3n, conducido por Mons. Heriberto Bodeant, y el saludo del encargado de Negocios de la Nunciatura Apost\u00f3lica, Mons. Sim\u00f3n S\u00e1nchez.<\/p>\n<p>De este modo, se concluy\u00f3 la elaboraci\u00f3n y se aprobaron las nuevas Orientaciones Pastorales de la CEU para el per\u00edodo 2021 \u2013 2023. El texto b\u00edblico que iluminar\u00e1 las mismas ser\u00e1 el de \u201cLa multiplicaci\u00f3n de los panes\u201d (Mt. 14, 13 \u2013 21), bajo el t\u00edtulo \u201cJes\u00fas compasivo nos salva\u201d.<\/p>\n<p>Tambi\u00e9n se estudi\u00f3 el cronograma y la implementaci\u00f3n de la convocatoria que el Papa Francisco ha realizado a toda la Iglesia de un S\u00ednodo en varias etapas. De este modo, La primera etapa a nivel diocesano y nacional ir\u00e1 desde octubre del 2021 hasta abril del 2022. Desde septiembre del 2022 hasta marzo del 2023 ser\u00e1 la etapa continental y, finalmente, la etapa con representantes de todo el mundo tendr\u00e1 lugar en Roma en el mes de octubre del 2023. El lanzamiento de la etapa diocesana ser\u00e1 el 17 de octubre de este a\u00f1o, coincidiendo con la celebraci\u00f3n del Domingo Mundial de oraci\u00f3n por las misiones.<\/p>\n<p>El administrador de la CEU, Juan Pablo Cibils, present\u00f3 el balance del a\u00f1o 2020 el cual fue aprobado y Federico Reyes, secretario ejecutivo del Departamento de Educaci\u00f3n Cat\u00f3lica, quien nos inform\u00f3 sobre la marcha de los cursos de capacitaci\u00f3n sobre \u201cProtecci\u00f3n de menores y prevenci\u00f3n de abusos sexuales\u201d. Se trata de unos cursos \u201cdirigidos, en diferentes instancias, a todos los que en parroquias, instituciones o \u00e1mbitos de la Iglesia trabajan con menores o personas vulnerables\u201d.<\/p>\n<p>Los obispos uruguayos discutieron tambi\u00e9n la forma de implementar a nivel nacional las normas dadas por el Papa Francisco para la Instituci\u00f3n del Ministerio de la Catequesis y Mons. Fajardo, Mons. Collazzi y Mons. Tr\u00f3ccoli, por su parte, informaron sobre las conclusiones de la <a href=\"https:\/\/exaudi.org\/es\/clausura-38a-asamblea-del-celam\/\" target=\"_blank\" rel=\"noopener noreferrer\">38\u00b0 Asamblea General del Consejo Episcopal Latinoamericano<\/a> (CELAM).<\/p>\n<p>Asimismo, los pastores recibieron informaci\u00f3n sobre los preparativos de la<em>\u00a0<\/em><a href=\"https:\/\/exaudi.org\/es\/asamblea-eclesial-america-latina-inicia-el-proceso-de-escucha\/\" target=\"_blank\" rel=\"noopener noreferrer\">Asamblea Eclesial de Am\u00e9rica Latina y el Caribe<\/a><em>,<\/em>\u00a0que tendr\u00e1 lugar el pr\u00f3ximo mes de noviembre en el Santuario de Ntra. Sra. de Guadalupe, M\u00e9xico. El Cardenal Daniel Sturla report\u00f3 sobre la marcha del proceso de beatificaci\u00f3n del Venerable Siervo de Dios Mons. Jacinto Vera, primer obispo del Uruguay, indicando que est\u00e1 a estudio de la Congregaci\u00f3n para la Causa de los Santos un presunto milagro<\/p>\n<p>Finalmente, Mons. Luis Eduardo Gonz\u00e1lez, obispo auxiliar de Montevideo y rector del Seminario Interdiocesano inform\u00f3 sobre el camino que se est\u00e1 realizando para la renovaci\u00f3n de las Normas B\u00e1sicas de la Formaci\u00f3n Sacerdotal en el Uruguay.<\/p>\n","protected":false},"excerpt":{"rendered":"<p>Resumen de los aspectos tratados<\/p>\n","protected":false},"author":5,"featured_media":21893,"comment_status":"closed","ping_status":"closed","sticky":false,"template":"","format":"standard","meta":{"_acf_changed":false,"_crdt_document":"","inline_featured_image":false,"footnotes":""},"categories":[86,298],"tags":[1030,1029],"class_list":["post-21889","post","type-post","status-publish","format-standard","has-post-thumbnail","hentry","category-iglesia-local","category-ultimas-noticias","tag-conferencia-episcopal-del-uruguay","tag-uruguay"],"acf":[],"yoast_head":"<!-- This site is optimized with the Yoast SEO plugin v27.5 - https:\/\/yoast.com\/product\/yoast-seo-wordpress\/ -->\n<title>Uruguay: Obispos celebran Asamblea Plenaria 2021 &#8211; Exaudi<\/title>\n<meta name=\"description\" content=\"La Conferencia Episcopal del Uruguay celebr\u00f3 su Asamblea Plenaria 2021. Los obispos ofrecen un resumen de 10 puntos sobre los temas tratados\" \/>\n<meta name=\"robots\" content=\"index, follow, max-snippet:-1, max-image-preview:large, max-video-preview:-1\" \/>\n<link rel=\"canonical\" href=\"https:\/\/exaudi.org\/es\/uruguay-obispos-celebran-asamblea-plenaria-2021\/\" \/>\n<meta property=\"og:locale\" content=\"es_ES\" \/>\n<meta property=\"og:type\" content=\"article\" \/>\n<meta property=\"og:title\" content=\"Uruguay: Obispos celebran Asamblea Plenaria 2021 &#8211; Exaudi\" \/>\n<meta property=\"og:description\" content=\"La Conferencia Episcopal del Uruguay celebr\u00f3 su Asamblea Plenaria 2021. Los obispos ofrecen un resumen de 10 puntos sobre los temas tratados\" \/>\n<meta property=\"og:url\" content=\"https:\/\/exaudi.org\/es\/uruguay-obispos-celebran-asamblea-plenaria-2021\/\" \/>\n<meta property=\"og:site_name\" content=\"Exaudi\" \/>\n<meta property=\"article:publisher\" content=\"https:\/\/www.facebook.com\/ExaudiNews\" \/>\n<meta property=\"article:published_time\" content=\"2021-06-11T09:34:53+00:00\" \/>\n<meta property=\"article:modified_time\" content=\"2021-06-11T14:14:32+00:00\" \/>\n<meta property=\"og:image\" content=\"https:\/\/exaudi.org\/wp-content\/uploads\/2021\/06\/Obispos-del-Uruguay.jpg\" \/>\n\t<meta property=\"og:image:width\" content=\"800\" \/>\n\t<meta property=\"og:image:height\" content=\"534\" \/>\n\t<meta property=\"og:image:type\" content=\"image\/jpeg\" \/>\n<meta name=\"author\" content=\"Larissa I. L\u00f3pez\" \/>\n<meta name=\"twitter:card\" content=\"summary_large_image\" \/>\n<meta name=\"twitter:creator\" content=\"@Exaudi_News\" \/>\n<meta name=\"twitter:site\" content=\"@Exaudi_News\" \/>\n<meta name=\"twitter:label1\" content=\"Escrito por\" \/>\n\t<meta name=\"twitter:data1\" content=\"Larissa I. L\u00f3pez\" \/>\n\t<meta name=\"twitter:label2\" content=\"Tiempo de lectura\" \/>\n\t<meta name=\"twitter:data2\" content=\"3 minutos\" \/>\n<script type=\"application\/ld+json\" class=\"yoast-schema-graph\">{\"@context\":\"https:\\\/\\\/schema.org\",\"@graph\":[{\"@type\":\"Article\",\"@id\":\"https:\\\/\\\/exaudi.org\\\/es\\\/uruguay-obispos-celebran-asamblea-plenaria-2021\\\/#article\",\"isPartOf\":{\"@id\":\"https:\\\/\\\/exaudi.org\\\/es\\\/uruguay-obispos-celebran-asamblea-plenaria-2021\\\/\"},\"author\":{\"name\":\"Larissa I. L\u00f3pez\",\"@id\":\"https:\\\/\\\/exaudi.org\\\/#\\\/schema\\\/person\\\/7d2f77db033c2c0929edfab6dbe8c588\"},\"headline\":\"Uruguay: Obispos celebran Asamblea Plenaria 2021\",\"datePublished\":\"2021-06-11T09:34:53+00:00\",\"dateModified\":\"2021-06-11T14:14:32+00:00\",\"mainEntityOfPage\":{\"@id\":\"https:\\\/\\\/exaudi.org\\\/es\\\/uruguay-obispos-celebran-asamblea-plenaria-2021\\\/\"},\"wordCount\":515,\"image\":{\"@id\":\"https:\\\/\\\/exaudi.org\\\/es\\\/uruguay-obispos-celebran-asamblea-plenaria-2021\\\/#primaryimage\"},\"thumbnailUrl\":\"https:\\\/\\\/exaudi.org\\\/wp-content\\\/uploads\\\/2021\\\/06\\\/Obispos-del-Uruguay.jpg\",\"keywords\":[\"Conferencia Episcopal del Uruguay\",\"Uruguay\"],\"articleSection\":[\"Iglesia Local\",\"\u00daltimas noticias\"],\"inLanguage\":\"es\"},{\"@type\":\"WebPage\",\"@id\":\"https:\\\/\\\/exaudi.org\\\/es\\\/uruguay-obispos-celebran-asamblea-plenaria-2021\\\/\",\"url\":\"https:\\\/\\\/exaudi.org\\\/es\\\/uruguay-obispos-celebran-asamblea-plenaria-2021\\\/\",\"name\":\"Uruguay: Obispos celebran Asamblea Plenaria 2021 &#8211; Exaudi\",\"isPartOf\":{\"@id\":\"https:\\\/\\\/exaudi.org\\\/#website\"},\"primaryImageOfPage\":{\"@id\":\"https:\\\/\\\/exaudi.org\\\/es\\\/uruguay-obispos-celebran-asamblea-plenaria-2021\\\/#primaryimage\"},\"image\":{\"@id\":\"https:\\\/\\\/exaudi.org\\\/es\\\/uruguay-obispos-celebran-asamblea-plenaria-2021\\\/#primaryimage\"},\"thumbnailUrl\":\"https:\\\/\\\/exaudi.org\\\/wp-content\\\/uploads\\\/2021\\\/06\\\/Obispos-del-Uruguay.jpg\",\"datePublished\":\"2021-06-11T09:34:53+00:00\",\"dateModified\":\"2021-06-11T14:14:32+00:00\",\"author\":{\"@id\":\"https:\\\/\\\/exaudi.org\\\/#\\\/schema\\\/person\\\/7d2f77db033c2c0929edfab6dbe8c588\"},\"description\":\"La Conferencia Episcopal del Uruguay celebr\u00f3 su Asamblea Plenaria 2021. Los obispos ofrecen un resumen de 10 puntos sobre los temas tratados\",\"breadcrumb\":{\"@id\":\"https:\\\/\\\/exaudi.org\\\/es\\\/uruguay-obispos-celebran-asamblea-plenaria-2021\\\/#breadcrumb\"},\"inLanguage\":\"es\",\"potentialAction\":[{\"@type\":\"ReadAction\",\"target\":[\"https:\\\/\\\/exaudi.org\\\/es\\\/uruguay-obispos-celebran-asamblea-plenaria-2021\\\/\"]}]},{\"@type\":\"ImageObject\",\"inLanguage\":\"es\",\"@id\":\"https:\\\/\\\/exaudi.org\\\/es\\\/uruguay-obispos-celebran-asamblea-plenaria-2021\\\/#primaryimage\",\"url\":\"https:\\\/\\\/exaudi.org\\\/wp-content\\\/uploads\\\/2021\\\/06\\\/Obispos-del-Uruguay.jpg\",\"contentUrl\":\"https:\\\/\\\/exaudi.org\\\/wp-content\\\/uploads\\\/2021\\\/06\\\/Obispos-del-Uruguay.jpg\",\"width\":800,\"height\":534,\"caption\":\"Obispos del Uruguay \u00a9 CELAM\"},{\"@type\":\"BreadcrumbList\",\"@id\":\"https:\\\/\\\/exaudi.org\\\/es\\\/uruguay-obispos-celebran-asamblea-plenaria-2021\\\/#breadcrumb\",\"itemListElement\":[{\"@type\":\"ListItem\",\"position\":1,\"name\":\"Portada\",\"item\":\"https:\\\/\\\/exaudi.org\\\/es\\\/\"},{\"@type\":\"ListItem\",\"position\":2,\"name\":\"Uruguay: Obispos celebran Asamblea Plenaria 2021\"}]},{\"@type\":\"WebSite\",\"@id\":\"https:\\\/\\\/exaudi.org\\\/#website\",\"url\":\"https:\\\/\\\/exaudi.org\\\/\",\"name\":\"Exaudi\",\"description\":\"News\",\"potentialAction\":[{\"@type\":\"SearchAction\",\"target\":{\"@type\":\"EntryPoint\",\"urlTemplate\":\"https:\\\/\\\/exaudi.org\\\/?s={search_term_string}\"},\"query-input\":{\"@type\":\"PropertyValueSpecification\",\"valueRequired\":true,\"valueName\":\"search_term_string\"}}],\"inLanguage\":\"es\"},{\"@type\":\"Person\",\"@id\":\"https:\\\/\\\/exaudi.org\\\/#\\\/schema\\\/person\\\/7d2f77db033c2c0929edfab6dbe8c588\",\"name\":\"Larissa I. L\u00f3pez\",\"image\":{\"@type\":\"ImageObject\",\"inLanguage\":\"es\",\"@id\":\"https:\\\/\\\/secure.gravatar.com\\\/avatar\\\/db3ef399ff343d0bb9d25dc5198bc8ece5ac6d621eca79876697a354dabc1e3f?s=96&d=mm&r=g\",\"url\":\"https:\\\/\\\/secure.gravatar.com\\\/avatar\\\/db3ef399ff343d0bb9d25dc5198bc8ece5ac6d621eca79876697a354dabc1e3f?s=96&d=mm&r=g\",\"contentUrl\":\"https:\\\/\\\/secure.gravatar.com\\\/avatar\\\/db3ef399ff343d0bb9d25dc5198bc8ece5ac6d621eca79876697a354dabc1e3f?s=96&d=mm&r=g\",\"caption\":\"Larissa I. L\u00f3pez\"},\"description\":\"Doctora en Comunicaci\u00f3n. Mi trayectoria profesional ha transcurrido entre el \u00e1mbito de la comunicaci\u00f3n y el de la docencia. En los \u00faltimos a\u00f1os, he trabajado como coordinadora y redactora de la edici\u00f3n de ZENIT en espa\u00f1ol. Como profesora, he impartido clases en la universidad y en centros de FP y bachillerato. Cordobesa de nacimiento, tambi\u00e9n he vivido en Sevilla, Madrid y Roma\",\"url\":\"https:\\\/\\\/exaudi.org\\\/es\\\/author\\\/llopezexaudi-org\\\/\"}]}<\/script>\n<!-- \/ Yoast SEO plugin. -->","yoast_head_json":{"title":"Uruguay: Obispos celebran Asamblea Plenaria 2021 &#8211; Exaudi","description":"La Conferencia Episcopal del Uruguay celebr\u00f3 su Asamblea Plenaria 2021. Los obispos ofrecen un resumen de 10 puntos sobre los temas tratados","robots":{"index":"index","follow":"follow","max-snippet":"max-snippet:-1","max-image-preview":"max-image-preview:large","max-video-preview":"max-video-preview:-1"},"canonical":"https:\/\/exaudi.org\/es\/uruguay-obispos-celebran-asamblea-plenaria-2021\/","og_locale":"es_ES","og_type":"article","og_title":"Uruguay: Obispos celebran Asamblea Plenaria 2021 &#8211; Exaudi","og_description":"La Conferencia Episcopal del Uruguay celebr\u00f3 su Asamblea Plenaria 2021. Los obispos ofrecen un resumen de 10 puntos sobre los temas tratados","og_url":"https:\/\/exaudi.org\/es\/uruguay-obispos-celebran-asamblea-plenaria-2021\/","og_site_name":"Exaudi","article_publisher":"https:\/\/www.facebook.com\/ExaudiNews","article_published_time":"2021-06-11T09:34:53+00:00","article_modified_time":"2021-06-11T14:14:32+00:00","og_image":[{"width":800,"height":534,"url":"https:\/\/exaudi.org\/wp-content\/uploads\/2021\/06\/Obispos-del-Uruguay.jpg","type":"image\/jpeg"}],"author":"Larissa I. L\u00f3pez","twitter_card":"summary_large_image","twitter_creator":"@Exaudi_News","twitter_site":"@Exaudi_News","twitter_misc":{"Escrito por":"Larissa I. L\u00f3pez","Tiempo de lectura":"3 minutos"},"schema":{"@context":"https:\/\/schema.org","@graph":[{"@type":"Article","@id":"https:\/\/exaudi.org\/es\/uruguay-obispos-celebran-asamblea-plenaria-2021\/#article","isPartOf":{"@id":"https:\/\/exaudi.org\/es\/uruguay-obispos-celebran-asamblea-plenaria-2021\/"},"author":{"name":"Larissa I. L\u00f3pez","@id":"https:\/\/exaudi.org\/#\/schema\/person\/7d2f77db033c2c0929edfab6dbe8c588"},"headline":"Uruguay: Obispos celebran Asamblea Plenaria 2021","datePublished":"2021-06-11T09:34:53+00:00","dateModified":"2021-06-11T14:14:32+00:00","mainEntityOfPage":{"@id":"https:\/\/exaudi.org\/es\/uruguay-obispos-celebran-asamblea-plenaria-2021\/"},"wordCount":515,"image":{"@id":"https:\/\/exaudi.org\/es\/uruguay-obispos-celebran-asamblea-plenaria-2021\/#primaryimage"},"thumbnailUrl":"https:\/\/exaudi.org\/wp-content\/uploads\/2021\/06\/Obispos-del-Uruguay.jpg","keywords":["Conferencia Episcopal del Uruguay","Uruguay"],"articleSection":["Iglesia Local","\u00daltimas noticias"],"inLanguage":"es"},{"@type":"WebPage","@id":"https:\/\/exaudi.org\/es\/uruguay-obispos-celebran-asamblea-plenaria-2021\/","url":"https:\/\/exaudi.org\/es\/uruguay-obispos-celebran-asamblea-plenaria-2021\/","name":"Uruguay: Obispos celebran Asamblea Plenaria 2021 &#8211; Exaudi","isPartOf":{"@id":"https:\/\/exaudi.org\/#website"},"primaryImageOfPage":{"@id":"https:\/\/exaudi.org\/es\/uruguay-obispos-celebran-asamblea-plenaria-2021\/#primaryimage"},"image":{"@id":"https:\/\/exaudi.org\/es\/uruguay-obispos-celebran-asamblea-plenaria-2021\/#primaryimage"},"thumbnailUrl":"https:\/\/exaudi.org\/wp-content\/uploads\/2021\/06\/Obispos-del-Uruguay.jpg","datePublished":"2021-06-11T09:34:53+00:00","dateModified":"2021-06-11T14:14:32+00:00","author":{"@id":"https:\/\/exaudi.org\/#\/schema\/person\/7d2f77db033c2c0929edfab6dbe8c588"},"description":"La Conferencia Episcopal del Uruguay celebr\u00f3 su Asamblea Plenaria 2021. Los obispos ofrecen un resumen de 10 puntos sobre los temas tratados","breadcrumb":{"@id":"https:\/\/exaudi.org\/es\/uruguay-obispos-celebran-asamblea-plenaria-2021\/#breadcrumb"},"inLanguage":"es","potentialAction":[{"@type":"ReadAction","target":["https:\/\/exaudi.org\/es\/uruguay-obispos-celebran-asamblea-plenaria-2021\/"]}]},{"@type":"ImageObject","inLanguage":"es","@id":"https:\/\/exaudi.org\/es\/uruguay-obispos-celebran-asamblea-plenaria-2021\/#primaryimage","url":"https:\/\/exaudi.org\/wp-content\/uploads\/2021\/06\/Obispos-del-Uruguay.jpg","contentUrl":"https:\/\/exaudi.org\/wp-content\/uploads\/2021\/06\/Obispos-del-Uruguay.jpg","width":800,"height":534,"caption":"Obispos del Uruguay \u00a9 CELAM"},{"@type":"BreadcrumbList","@id":"https:\/\/exaudi.org\/es\/uruguay-obispos-celebran-asamblea-plenaria-2021\/#breadcrumb","itemListElement":[{"@type":"ListItem","position":1,"name":"Portada","item":"https:\/\/exaudi.org\/es\/"},{"@type":"ListItem","position":2,"name":"Uruguay: Obispos celebran Asamblea Plenaria 2021"}]},{"@type":"WebSite","@id":"https:\/\/exaudi.org\/#website","url":"https:\/\/exaudi.org\/","name":"Exaudi","description":"News","potentialAction":[{"@type":"SearchAction","target":{"@type":"EntryPoint","urlTemplate":"https:\/\/exaudi.org\/?s={search_term_string}"},"query-input":{"@type":"PropertyValueSpecification","valueRequired":true,"valueName":"search_term_string"}}],"inLanguage":"es"},{"@type":"Person","@id":"https:\/\/exaudi.org\/#\/schema\/person\/7d2f77db033c2c0929edfab6dbe8c588","name":"Larissa I. L\u00f3pez","image":{"@type":"ImageObject","inLanguage":"es","@id":"https:\/\/secure.gravatar.com\/avatar\/db3ef399ff343d0bb9d25dc5198bc8ece5ac6d621eca79876697a354dabc1e3f?s=96&d=mm&r=g","url":"https:\/\/secure.gravatar.com\/avatar\/db3ef399ff343d0bb9d25dc5198bc8ece5ac6d621eca79876697a354dabc1e3f?s=96&d=mm&r=g","contentUrl":"https:\/\/secure.gravatar.com\/avatar\/db3ef399ff343d0bb9d25dc5198bc8ece5ac6d621eca79876697a354dabc1e3f?s=96&d=mm&r=g","caption":"Larissa I. L\u00f3pez"},"description":"Doctora en Comunicaci\u00f3n. Mi trayectoria profesional ha transcurrido entre el \u00e1mbito de la comunicaci\u00f3n y el de la docencia. En los \u00faltimos a\u00f1os, he trabajado como coordinadora y redactora de la edici\u00f3n de ZENIT en espa\u00f1ol. Como profesora, he impartido clases en la universidad y en centros de FP y bachillerato. Cordobesa de nacimiento, tambi\u00e9n he vivido en Sevilla, Madrid y Roma","url":"https:\/\/exaudi.org\/es\/author\/llopezexaudi-org\/"}]}},"jetpack_featured_media_url":"https:\/\/exaudi.org\/wp-content\/uploads\/2021\/06\/Obispos-del-Uruguay.jpg","jetpack_shortlink":"https:\/\/wp.me\/pgKjF2-5H3","_links":{"self":[{"href":"https:\/\/exaudi.org\/es\/wp-json\/wp\/v2\/posts\/21889","targetHints":{"allow":["GET"]}}],"collection":[{"href":"https:\/\/exaudi.org\/es\/wp-json\/wp\/v2\/posts"}],"about":[{"href":"https:\/\/exaudi.org\/es\/wp-json\/wp\/v2\/types\/post"}],"author":[{"embeddable":true,"href":"https:\/\/exaudi.org\/es\/wp-json\/wp\/v2\/users\/5"}],"replies":[{"embeddable":true,"href":"https:\/\/exaudi.org\/es\/wp-json\/wp\/v2\/comments?post=21889"}],"version-history":[{"count":0,"href":"https:\/\/exaudi.org\/es\/wp-json\/wp\/v2\/posts\/21889\/revisions"}],"wp:featuredmedia":[{"embeddable":true,"href":"https:\/\/exaudi.org\/es\/wp-json\/wp\/v2\/media\/21893"}],"wp:attachment":[{"href":"https:\/\/exaudi.org\/es\/wp-json\/wp\/v2\/media?parent=21889"}],"wp:term":[{"taxonomy":"category","embeddable":true,"href":"https:\/\/exaudi.org\/es\/wp-json\/wp\/v2\/categories?post=21889"},{"taxonomy":"post_tag","embeddable":true,"href":"https:\/\/exaudi.org\/es\/wp-json\/wp\/v2\/tags?post=21889"}],"curies":[{"name":"wp","href":"https:\/\/api.w.org\/{rel}","templated":true}]}}