{"id":21883,"date":"2021-06-11T12:06:17","date_gmt":"2021-06-11T10:06:17","guid":{"rendered":"https:\/\/exaudi.org\/?p=21883"},"modified":"2021-06-11T14:46:23","modified_gmt":"2021-06-11T12:46:23","slug":"iii-congreso-internacional-avilista-cordoba-montilla-2021","status":"publish","type":"post","link":"https:\/\/exaudi.org\/es\/iii-congreso-internacional-avilista-cordoba-montilla-2021\/","title":{"rendered":"III Congreso Internacional Avilista, en C\u00f3rdoba y Montilla"},"content":{"rendered":"<p>C\u00f3rdoba y Montilla, Espa\u00f1a, acoger\u00e1n el <a href=\"http:\/\/www.sanjuandeavilacordoba21.com\/\" target=\"_blank\" rel=\"noopener noreferrer\">III Congreso Internacional Avilista<\/a>, organizado por el obispado cordob\u00e9s en colaboraci\u00f3n con Cabildo Catedral y Foro Osio, que tendr\u00e1 lugar del 29 de junio al 2 de julio de 2021, fecha en la que se cumple el 75 aniversario de la proclamaci\u00f3n de san Juan de \u00c1vila como patrono del Clero espa\u00f1ol.<\/p>\n<p>Seg\u00fan ha informado la di\u00f3cesis de C\u00f3rdoba, el cardenal arzobispo de Barcelona y presidente de la Conferencia Episcopal Espa\u00f1ola (CEE), <a href=\"https:\/\/exaudi.org\/es\/cardenal-juan-j-omella-tiempo-fraternidad\/\" target=\"_blank\" rel=\"noopener noreferrer\">Juan Jos\u00e9 Omella<\/a>, presidir\u00e1 en Montilla la Eucarist\u00eda del 2 de julio. El encuentro, presencial y telem\u00e1tico, podr\u00e1 seguirse a trav\u00e9s de la web <a href=\"http:\/\/www.sanjuandeavilacordoba21.com\/\" target=\"_blank\" rel=\"noopener noreferrer\">www.sanjuandeavilacordoba21.com<\/a> Las inscripciones se pueden hacer a trav\u00e9s de la misma web, y el aforo presencial est\u00e1 limitado a 100 personas.<\/p>\n<h4><b>Programa<\/b><\/h4>\n<p>La nota de la di\u00f3cesis explica que el programa del congreso <span>combina celebraciones lit\u00fargicas con ponencias y mesas de debate, y queda articulado en torno a cuatro grandes tem\u00e1ticas: <\/span>historia, espiritualidad, teolog\u00eda y actualidad.\u00a0<span style=\"font-weight: 400\">La jornada inaugural, el 29 de junio, contar\u00e1 <\/span>Mons. Javier Mart\u00ednez Fern\u00e1ndez, arzobispo de Granada<span style=\"font-weight: 400\">, que ofrecer\u00e1 la ponencia \u201cSan Juan de \u00c1vila, patrono del clero secular espa\u00f1ola\u201d.<\/span><\/p>\n<p><span style=\"font-weight: 400\">El 30 de junio, el a<\/span>rzobispo de Sevilla<span style=\"font-weight: 400\">, Mons. <\/span>Juan Jos\u00e9 Asenjo Peregrina<span style=\"font-weight: 400\">,\u00a0<\/span><span style=\"font-weight: 400\">presidir\u00e1 la Santa Misa con Laudes en la catedral de C\u00f3rdoba. Ese mismo d\u00eda, con Nicol\u00e1s \u00c1lvarez de las Asturias como moderador, se abordar\u00e1 la mesa redonda sobre <\/span>historia<span style=\"font-weight: 400\"> a trav\u00e9s de las ponencias de Jos\u00e9 Ram\u00f3n Godino sobre \u201cla Escuela sacerdotal avilista\u201d, de Mar\u00eda Jes\u00fas Fern\u00e1ndez Cordero sobre \u201cEscuela Femenina avilista\u201d, y Miguel Navarro Sorni sobre \u201cLos santos disc\u00edpulos del Maestro \u00c1vila\u201d. Cada bloque tem\u00e1tico va acompa\u00f1ado de di\u00e1logo de los participantes con los ponentes.<\/span><\/p>\n<p><span style=\"font-weight: 400\">La <\/span>Teolog\u00eda<span style=\"font-weight: 400\"> es el otro gran bloque que se abordar\u00e1 en la sesi\u00f3n vespertina de la jornada inaugural. Est\u00e1 previsto que Encarnaci\u00f3n Gonz\u00e1lez modere la mesa redonda en la que participan el director espiritual del Seminario Conciliar \u201cSan Pelagio\u201d de C\u00f3rdoba, Carlos Jes\u00fas Gallardo Panadero, con la ponencia \u201cLa Sagrada Humanidad de Cristo en la teolog\u00eda avilista\u201d. Juan Miguel Corral aporta sus conocimientos sobre \u201cLas fuentes del Tratado sobre el sacerdocio y su valor teol\u00f3gico\u201d y Ricardo Aldana disertar\u00e1 sobre \u201cLa Palabra de Dios en la teolog\u00eda avilina\u201d.\u00a0\u00a0<\/span><\/p>\n<p>Con la exposici\u00f3n del Sant\u00edsimo comenzar\u00e1 la sesi\u00f3n del 1 de julio, que continuar\u00e1 con el desarrollo del bloque sobre Espiritualidad, moderado por el sacerdote Antonio Llamas Vela. En la sesi\u00f3n matinal participan Antero Pascual, Jes\u00fas Pulido y Pere Montagut. Por la tarde, el obispo Auxiliar de Madrid, Mons. Jes\u00fas Vidal Chamorro, conducir\u00e1 como moderador las aportaciones de Gaspar Hern\u00e1ndez, Javier D\u00edaz Lorite y el Obispo de C\u00f3rdoba, monse\u00f1or Demetrio Fern\u00e1ndez Gonz\u00e1lez, dentro de la tem\u00e1tica Actualidad.<\/p>\n<p>En la jornada de clausura, el 2 de julio, est\u00e1 prevista la celebraci\u00f3n de la Eucarist\u00eda en la bas\u00edlica de San Juan de \u00c1vila de Montilla, que estar\u00e1 presidida por el cardenal Omella. Posteriormente, se celebrar\u00e1 en el Teatro Garnelo la charla-coloquio \u201cClaves de la Espiritualidad sacerdotal desde San Jos\u00e9 al estilo de San Juan de \u00c1vila\u201d, a cargo de Juan Esquerda.<\/p>\n","protected":false},"excerpt":{"rendered":"<p>Del 29 de junio al 2 de julio<\/p>\n","protected":false},"author":6,"featured_media":21897,"comment_status":"closed","ping_status":"closed","sticky":false,"template":"","format":"standard","meta":{"_acf_changed":false,"_crdt_document":"","inline_featured_image":false,"footnotes":""},"categories":[86,298],"tags":[2802,1008,2801,2803],"class_list":["post-21883","post","type-post","status-publish","format-standard","has-post-thumbnail","hentry","category-iglesia-local","category-ultimas-noticias","tag-cordoba","tag-espana","tag-iii-congreso-internacional-avilista","tag-montilla"],"acf":[],"yoast_head":"<!-- This site is optimized with the Yoast SEO plugin v27.5 - https:\/\/yoast.com\/product\/yoast-seo-wordpress\/ -->\n<title>III Congreso Internacional Avilista, en C\u00f3rdoba y Montilla - Exaudi<\/title>\n<meta name=\"description\" content=\"Del 29 de junio al 2 de julio se celebrar\u00e1 el III Congreso Internacional Avilista en C\u00f3rdoba y Montilla, organizado por el obispado cordob\u00e9s.\" \/>\n<meta name=\"robots\" content=\"index, follow, max-snippet:-1, max-image-preview:large, max-video-preview:-1\" \/>\n<link rel=\"canonical\" href=\"https:\/\/exaudi.org\/es\/iii-congreso-internacional-avilista-cordoba-montilla-2021\/\" \/>\n<meta property=\"og:locale\" content=\"es_ES\" \/>\n<meta property=\"og:type\" content=\"article\" \/>\n<meta property=\"og:title\" content=\"III Congreso Internacional Avilista, en C\u00f3rdoba y Montilla - Exaudi\" \/>\n<meta property=\"og:description\" content=\"Del 29 de junio al 2 de julio se celebrar\u00e1 el III Congreso Internacional Avilista en C\u00f3rdoba y Montilla, organizado por el obispado cordob\u00e9s.\" \/>\n<meta property=\"og:url\" content=\"https:\/\/exaudi.org\/es\/iii-congreso-internacional-avilista-cordoba-montilla-2021\/\" \/>\n<meta property=\"og:site_name\" content=\"Exaudi\" \/>\n<meta property=\"article:publisher\" content=\"https:\/\/www.facebook.com\/ExaudiNews\" \/>\n<meta property=\"article:published_time\" content=\"2021-06-11T10:06:17+00:00\" \/>\n<meta property=\"article:modified_time\" content=\"2021-06-11T12:46:23+00:00\" \/>\n<meta property=\"og:image\" content=\"https:\/\/exaudi.org\/wp-content\/uploads\/2021\/06\/12v312v31.jpg\" \/>\n\t<meta property=\"og:image:width\" content=\"1853\" \/>\n\t<meta property=\"og:image:height\" content=\"1043\" \/>\n\t<meta property=\"og:image:type\" content=\"image\/jpeg\" \/>\n<meta name=\"author\" content=\"Gabriel Sales\" \/>\n<meta name=\"twitter:card\" content=\"summary_large_image\" \/>\n<meta name=\"twitter:creator\" content=\"@habemusman\" \/>\n<meta name=\"twitter:site\" content=\"@Exaudi_News\" \/>\n<meta name=\"twitter:label1\" content=\"Escrito por\" \/>\n\t<meta name=\"twitter:data1\" content=\"Gabriel Sales\" \/>\n\t<meta name=\"twitter:label2\" content=\"Tiempo de lectura\" \/>\n\t<meta name=\"twitter:data2\" content=\"3 minutos\" \/>\n<script type=\"application\/ld+json\" class=\"yoast-schema-graph\">{\"@context\":\"https:\\\/\\\/schema.org\",\"@graph\":[{\"@type\":\"Article\",\"@id\":\"https:\\\/\\\/exaudi.org\\\/es\\\/iii-congreso-internacional-avilista-cordoba-montilla-2021\\\/#article\",\"isPartOf\":{\"@id\":\"https:\\\/\\\/exaudi.org\\\/es\\\/iii-congreso-internacional-avilista-cordoba-montilla-2021\\\/\"},\"author\":{\"name\":\"Gabriel Sales\",\"@id\":\"https:\\\/\\\/exaudi.org\\\/#\\\/schema\\\/person\\\/d134b96438278131ce90c90c03fda6cd\"},\"headline\":\"III Congreso Internacional Avilista, en C\u00f3rdoba y Montilla\",\"datePublished\":\"2021-06-11T10:06:17+00:00\",\"dateModified\":\"2021-06-11T12:46:23+00:00\",\"mainEntityOfPage\":{\"@id\":\"https:\\\/\\\/exaudi.org\\\/es\\\/iii-congreso-internacional-avilista-cordoba-montilla-2021\\\/\"},\"wordCount\":562,\"image\":{\"@id\":\"https:\\\/\\\/exaudi.org\\\/es\\\/iii-congreso-internacional-avilista-cordoba-montilla-2021\\\/#primaryimage\"},\"thumbnailUrl\":\"https:\\\/\\\/exaudi.org\\\/wp-content\\\/uploads\\\/2021\\\/06\\\/12v312v31.jpg\",\"keywords\":[\"C\u00f3rdoba\",\"Espa\u00f1a\",\"III Congreso Internacional Avilista\",\"Montilla\"],\"articleSection\":[\"Iglesia Local\",\"\u00daltimas noticias\"],\"inLanguage\":\"es\"},{\"@type\":\"WebPage\",\"@id\":\"https:\\\/\\\/exaudi.org\\\/es\\\/iii-congreso-internacional-avilista-cordoba-montilla-2021\\\/\",\"url\":\"https:\\\/\\\/exaudi.org\\\/es\\\/iii-congreso-internacional-avilista-cordoba-montilla-2021\\\/\",\"name\":\"III Congreso Internacional Avilista, en C\u00f3rdoba y Montilla - Exaudi\",\"isPartOf\":{\"@id\":\"https:\\\/\\\/exaudi.org\\\/#website\"},\"primaryImageOfPage\":{\"@id\":\"https:\\\/\\\/exaudi.org\\\/es\\\/iii-congreso-internacional-avilista-cordoba-montilla-2021\\\/#primaryimage\"},\"image\":{\"@id\":\"https:\\\/\\\/exaudi.org\\\/es\\\/iii-congreso-internacional-avilista-cordoba-montilla-2021\\\/#primaryimage\"},\"thumbnailUrl\":\"https:\\\/\\\/exaudi.org\\\/wp-content\\\/uploads\\\/2021\\\/06\\\/12v312v31.jpg\",\"datePublished\":\"2021-06-11T10:06:17+00:00\",\"dateModified\":\"2021-06-11T12:46:23+00:00\",\"author\":{\"@id\":\"https:\\\/\\\/exaudi.org\\\/#\\\/schema\\\/person\\\/d134b96438278131ce90c90c03fda6cd\"},\"description\":\"Del 29 de junio al 2 de julio se celebrar\u00e1 el III Congreso Internacional Avilista en C\u00f3rdoba y Montilla, organizado por el obispado cordob\u00e9s.\",\"breadcrumb\":{\"@id\":\"https:\\\/\\\/exaudi.org\\\/es\\\/iii-congreso-internacional-avilista-cordoba-montilla-2021\\\/#breadcrumb\"},\"inLanguage\":\"es\",\"potentialAction\":[{\"@type\":\"ReadAction\",\"target\":[\"https:\\\/\\\/exaudi.org\\\/es\\\/iii-congreso-internacional-avilista-cordoba-montilla-2021\\\/\"]}]},{\"@type\":\"ImageObject\",\"inLanguage\":\"es\",\"@id\":\"https:\\\/\\\/exaudi.org\\\/es\\\/iii-congreso-internacional-avilista-cordoba-montilla-2021\\\/#primaryimage\",\"url\":\"https:\\\/\\\/exaudi.org\\\/wp-content\\\/uploads\\\/2021\\\/06\\\/12v312v31.jpg\",\"contentUrl\":\"https:\\\/\\\/exaudi.org\\\/wp-content\\\/uploads\\\/2021\\\/06\\\/12v312v31.jpg\",\"width\":1853,\"height\":1043,\"caption\":\"Imagen del santo \u00a9 Sanjuandeavila.net\"},{\"@type\":\"BreadcrumbList\",\"@id\":\"https:\\\/\\\/exaudi.org\\\/es\\\/iii-congreso-internacional-avilista-cordoba-montilla-2021\\\/#breadcrumb\",\"itemListElement\":[{\"@type\":\"ListItem\",\"position\":1,\"name\":\"Portada\",\"item\":\"https:\\\/\\\/exaudi.org\\\/es\\\/\"},{\"@type\":\"ListItem\",\"position\":2,\"name\":\"III Congreso Internacional Avilista, en C\u00f3rdoba y Montilla\"}]},{\"@type\":\"WebSite\",\"@id\":\"https:\\\/\\\/exaudi.org\\\/#website\",\"url\":\"https:\\\/\\\/exaudi.org\\\/\",\"name\":\"Exaudi\",\"description\":\"News\",\"potentialAction\":[{\"@type\":\"SearchAction\",\"target\":{\"@type\":\"EntryPoint\",\"urlTemplate\":\"https:\\\/\\\/exaudi.org\\\/?s={search_term_string}\"},\"query-input\":{\"@type\":\"PropertyValueSpecification\",\"valueRequired\":true,\"valueName\":\"search_term_string\"}}],\"inLanguage\":\"es\"},{\"@type\":\"Person\",\"@id\":\"https:\\\/\\\/exaudi.org\\\/#\\\/schema\\\/person\\\/d134b96438278131ce90c90c03fda6cd\",\"name\":\"Gabriel Sales\",\"image\":{\"@type\":\"ImageObject\",\"inLanguage\":\"es\",\"@id\":\"https:\\\/\\\/secure.gravatar.com\\\/avatar\\\/9b1269566f6a063ed26ffb3532b66a373cdde231ce5d0effb266167437fdaffd?s=96&d=mm&r=g\",\"url\":\"https:\\\/\\\/secure.gravatar.com\\\/avatar\\\/9b1269566f6a063ed26ffb3532b66a373cdde231ce5d0effb266167437fdaffd?s=96&d=mm&r=g\",\"contentUrl\":\"https:\\\/\\\/secure.gravatar.com\\\/avatar\\\/9b1269566f6a063ed26ffb3532b66a373cdde231ce5d0effb266167437fdaffd?s=96&d=mm&r=g\",\"caption\":\"Gabriel Sales\"},\"description\":\"Periodista y especialista en Comunicaci\u00f3n y Branding digital. Cin\u00e9filo y cr\u00edtico de cine y series de televisi\u00f3n.\",\"sameAs\":[\"https:\\\/\\\/www.instagram.com\\\/cine90segundos\\\/\",\"www.linkedin.com\\\/in\\\/habemusman\",\"https:\\\/\\\/x.com\\\/habemusman\",\"https:\\\/\\\/www.youtube.com\\\/channel\\\/UCVfCiOMkJ_C7T7OpyjuaLDg\"],\"url\":\"https:\\\/\\\/exaudi.org\\\/es\\\/author\\\/gsalesexaudi-org\\\/\"}]}<\/script>\n<!-- \/ Yoast SEO plugin. -->","yoast_head_json":{"title":"III Congreso Internacional Avilista, en C\u00f3rdoba y Montilla - Exaudi","description":"Del 29 de junio al 2 de julio se celebrar\u00e1 el III Congreso Internacional Avilista en C\u00f3rdoba y Montilla, organizado por el obispado cordob\u00e9s.","robots":{"index":"index","follow":"follow","max-snippet":"max-snippet:-1","max-image-preview":"max-image-preview:large","max-video-preview":"max-video-preview:-1"},"canonical":"https:\/\/exaudi.org\/es\/iii-congreso-internacional-avilista-cordoba-montilla-2021\/","og_locale":"es_ES","og_type":"article","og_title":"III Congreso Internacional Avilista, en C\u00f3rdoba y Montilla - Exaudi","og_description":"Del 29 de junio al 2 de julio se celebrar\u00e1 el III Congreso Internacional Avilista en C\u00f3rdoba y Montilla, organizado por el obispado cordob\u00e9s.","og_url":"https:\/\/exaudi.org\/es\/iii-congreso-internacional-avilista-cordoba-montilla-2021\/","og_site_name":"Exaudi","article_publisher":"https:\/\/www.facebook.com\/ExaudiNews","article_published_time":"2021-06-11T10:06:17+00:00","article_modified_time":"2021-06-11T12:46:23+00:00","og_image":[{"width":1853,"height":1043,"url":"https:\/\/exaudi.org\/wp-content\/uploads\/2021\/06\/12v312v31.jpg","type":"image\/jpeg"}],"author":"Gabriel Sales","twitter_card":"summary_large_image","twitter_creator":"@habemusman","twitter_site":"@Exaudi_News","twitter_misc":{"Escrito por":"Gabriel Sales","Tiempo de lectura":"3 minutos"},"schema":{"@context":"https:\/\/schema.org","@graph":[{"@type":"Article","@id":"https:\/\/exaudi.org\/es\/iii-congreso-internacional-avilista-cordoba-montilla-2021\/#article","isPartOf":{"@id":"https:\/\/exaudi.org\/es\/iii-congreso-internacional-avilista-cordoba-montilla-2021\/"},"author":{"name":"Gabriel Sales","@id":"https:\/\/exaudi.org\/#\/schema\/person\/d134b96438278131ce90c90c03fda6cd"},"headline":"III Congreso Internacional Avilista, en C\u00f3rdoba y Montilla","datePublished":"2021-06-11T10:06:17+00:00","dateModified":"2021-06-11T12:46:23+00:00","mainEntityOfPage":{"@id":"https:\/\/exaudi.org\/es\/iii-congreso-internacional-avilista-cordoba-montilla-2021\/"},"wordCount":562,"image":{"@id":"https:\/\/exaudi.org\/es\/iii-congreso-internacional-avilista-cordoba-montilla-2021\/#primaryimage"},"thumbnailUrl":"https:\/\/exaudi.org\/wp-content\/uploads\/2021\/06\/12v312v31.jpg","keywords":["C\u00f3rdoba","Espa\u00f1a","III Congreso Internacional Avilista","Montilla"],"articleSection":["Iglesia Local","\u00daltimas noticias"],"inLanguage":"es"},{"@type":"WebPage","@id":"https:\/\/exaudi.org\/es\/iii-congreso-internacional-avilista-cordoba-montilla-2021\/","url":"https:\/\/exaudi.org\/es\/iii-congreso-internacional-avilista-cordoba-montilla-2021\/","name":"III Congreso Internacional Avilista, en C\u00f3rdoba y Montilla - Exaudi","isPartOf":{"@id":"https:\/\/exaudi.org\/#website"},"primaryImageOfPage":{"@id":"https:\/\/exaudi.org\/es\/iii-congreso-internacional-avilista-cordoba-montilla-2021\/#primaryimage"},"image":{"@id":"https:\/\/exaudi.org\/es\/iii-congreso-internacional-avilista-cordoba-montilla-2021\/#primaryimage"},"thumbnailUrl":"https:\/\/exaudi.org\/wp-content\/uploads\/2021\/06\/12v312v31.jpg","datePublished":"2021-06-11T10:06:17+00:00","dateModified":"2021-06-11T12:46:23+00:00","author":{"@id":"https:\/\/exaudi.org\/#\/schema\/person\/d134b96438278131ce90c90c03fda6cd"},"description":"Del 29 de junio al 2 de julio se celebrar\u00e1 el III Congreso Internacional Avilista en C\u00f3rdoba y Montilla, organizado por el obispado cordob\u00e9s.","breadcrumb":{"@id":"https:\/\/exaudi.org\/es\/iii-congreso-internacional-avilista-cordoba-montilla-2021\/#breadcrumb"},"inLanguage":"es","potentialAction":[{"@type":"ReadAction","target":["https:\/\/exaudi.org\/es\/iii-congreso-internacional-avilista-cordoba-montilla-2021\/"]}]},{"@type":"ImageObject","inLanguage":"es","@id":"https:\/\/exaudi.org\/es\/iii-congreso-internacional-avilista-cordoba-montilla-2021\/#primaryimage","url":"https:\/\/exaudi.org\/wp-content\/uploads\/2021\/06\/12v312v31.jpg","contentUrl":"https:\/\/exaudi.org\/wp-content\/uploads\/2021\/06\/12v312v31.jpg","width":1853,"height":1043,"caption":"Imagen del santo \u00a9 Sanjuandeavila.net"},{"@type":"BreadcrumbList","@id":"https:\/\/exaudi.org\/es\/iii-congreso-internacional-avilista-cordoba-montilla-2021\/#breadcrumb","itemListElement":[{"@type":"ListItem","position":1,"name":"Portada","item":"https:\/\/exaudi.org\/es\/"},{"@type":"ListItem","position":2,"name":"III Congreso Internacional Avilista, en C\u00f3rdoba y Montilla"}]},{"@type":"WebSite","@id":"https:\/\/exaudi.org\/#website","url":"https:\/\/exaudi.org\/","name":"Exaudi","description":"News","potentialAction":[{"@type":"SearchAction","target":{"@type":"EntryPoint","urlTemplate":"https:\/\/exaudi.org\/?s={search_term_string}"},"query-input":{"@type":"PropertyValueSpecification","valueRequired":true,"valueName":"search_term_string"}}],"inLanguage":"es"},{"@type":"Person","@id":"https:\/\/exaudi.org\/#\/schema\/person\/d134b96438278131ce90c90c03fda6cd","name":"Gabriel Sales","image":{"@type":"ImageObject","inLanguage":"es","@id":"https:\/\/secure.gravatar.com\/avatar\/9b1269566f6a063ed26ffb3532b66a373cdde231ce5d0effb266167437fdaffd?s=96&d=mm&r=g","url":"https:\/\/secure.gravatar.com\/avatar\/9b1269566f6a063ed26ffb3532b66a373cdde231ce5d0effb266167437fdaffd?s=96&d=mm&r=g","contentUrl":"https:\/\/secure.gravatar.com\/avatar\/9b1269566f6a063ed26ffb3532b66a373cdde231ce5d0effb266167437fdaffd?s=96&d=mm&r=g","caption":"Gabriel Sales"},"description":"Periodista y especialista en Comunicaci\u00f3n y Branding digital. Cin\u00e9filo y cr\u00edtico de cine y series de televisi\u00f3n.","sameAs":["https:\/\/www.instagram.com\/cine90segundos\/","www.linkedin.com\/in\/habemusman","https:\/\/x.com\/habemusman","https:\/\/www.youtube.com\/channel\/UCVfCiOMkJ_C7T7OpyjuaLDg"],"url":"https:\/\/exaudi.org\/es\/author\/gsalesexaudi-org\/"}]}},"jetpack_featured_media_url":"https:\/\/exaudi.org\/wp-content\/uploads\/2021\/06\/12v312v31.jpg","jetpack_shortlink":"https:\/\/wp.me\/pgKjF2-5GX","_links":{"self":[{"href":"https:\/\/exaudi.org\/es\/wp-json\/wp\/v2\/posts\/21883","targetHints":{"allow":["GET"]}}],"collection":[{"href":"https:\/\/exaudi.org\/es\/wp-json\/wp\/v2\/posts"}],"about":[{"href":"https:\/\/exaudi.org\/es\/wp-json\/wp\/v2\/types\/post"}],"author":[{"embeddable":true,"href":"https:\/\/exaudi.org\/es\/wp-json\/wp\/v2\/users\/6"}],"replies":[{"embeddable":true,"href":"https:\/\/exaudi.org\/es\/wp-json\/wp\/v2\/comments?post=21883"}],"version-history":[{"count":0,"href":"https:\/\/exaudi.org\/es\/wp-json\/wp\/v2\/posts\/21883\/revisions"}],"wp:featuredmedia":[{"embeddable":true,"href":"https:\/\/exaudi.org\/es\/wp-json\/wp\/v2\/media\/21897"}],"wp:attachment":[{"href":"https:\/\/exaudi.org\/es\/wp-json\/wp\/v2\/media?parent=21883"}],"wp:term":[{"taxonomy":"category","embeddable":true,"href":"https:\/\/exaudi.org\/es\/wp-json\/wp\/v2\/categories?post=21883"},{"taxonomy":"post_tag","embeddable":true,"href":"https:\/\/exaudi.org\/es\/wp-json\/wp\/v2\/tags?post=21883"}],"curies":[{"name":"wp","href":"https:\/\/api.w.org\/{rel}","templated":true}]}}