{"id":21866,"date":"2021-06-11T10:50:05","date_gmt":"2021-06-11T08:50:05","guid":{"rendered":"https:\/\/exaudi.org\/?p=21866"},"modified":"2021-06-11T15:27:10","modified_gmt":"2021-06-11T13:27:10","slug":"papa-carta-cebitepal-ejemplar-fratelli-tutti","status":"publish","type":"post","link":"https:\/\/exaudi.org\/es\/papa-carta-cebitepal-ejemplar-fratelli-tutti\/","title":{"rendered":"Papa agradece a CEBITEPAL su libro sobre &#8216;Fratelli tutti&#8217;"},"content":{"rendered":"<p>El pasado 29 de mayo, el Papa Francisco envi\u00f3 a trav\u00e9s de la Secretar\u00eda de Estado una carta de agradecimiento a monse\u00f1or Ronald La Barrera Villarreal, subcoordinador del <a href=\"http:\/\/www.celam.org\/cebitepal\/index.php\" target=\"_blank\" rel=\"noopener noreferrer\">Centro B\u00edblico Teol\u00f3gico Pastoral para Am\u00e9rica Latina y el Caribe<\/a> (CEBITEPAL), por hacerle llegar un ejemplar del libro <em>\u201c<\/em><a href=\"https:\/\/exaudi.org\/es\/de-que-trata-la-enciclica-fratelli-tutti\/\" target=\"_blank\" rel=\"noopener noreferrer\"><em>Fratelli Tutti<\/em><\/a><em>,<\/em> Reflexiones desde y para Am\u00e9rica Latina y El Caribe\u201d.<\/p>\n<p>Seg\u00fan inform\u00f3 CEBITEPAL el 10 de junio, el documento destaca que el Santo Padre agradece a Mons. Ronald \u201cesta muestra de cordial cercan\u00eda y le asegura un recuerdo en la oraci\u00f3n, asimismo le suplica que rece por \u00e9l y su servicio al Santo Pueblo de Dios\u201d. Tambi\u00e9n le imparte, por intercesi\u00f3n de la Virgen, la Bendici\u00f3n Apost\u00f3lica \u201cque hace extensiva a su familia y a cuantos est\u00e9n confiados a su cuidado pastoral\u201d.<\/p>\n<h4><strong>Ejemplar sobre <em>Fratelli tutti<\/em><\/strong><\/h4>\n<p>El centro b\u00edblico del CELAM relata en su nota que el coordinador del volumen sobre\u00a0<a href=\"https:\/\/exaudi.org\/es\/enciclica-fratelli-tutti-papa\/\" target=\"_blank\" rel=\"noopener noreferrer\"><em>Fratelli tutti<\/em><\/a> manifiesta en el pr\u00f3logo del mismo el sentir de CEBITEPAL:\u00a0\u201cHemos acogido con mucho cari\u00f1o esta enc\u00edclica y queremos que, adem\u00e1s de la voz del Papa, las reflexiones de nuestros pastores nos ayuden a contextualizarla, en el momento actual de Am\u00e9rica Latina y El Caribe\u201d.<\/p>\n<p>En la introducci\u00f3n, <a href=\"https:\/\/exaudi.org\/es\/entrevista-mons-cabrejos-presidente-episcopado-latinoamericano\/\" target=\"_blank\" rel=\"noopener noreferrer\">Mons. Miguel Cabrejos<\/a>, presidente del CELAM, comenta reciben \u201ccon gozo y esperanza esta enc\u00edclica\u201d, ya que el Pont\u00edfice les invita a \u201cconstruir una vida con sabor a Evangelio, con sencillez y alegr\u00eda\u201d. Adem\u00e1s, se\u00f1ala que Francisco profundiza en la necesidad de favorecer la participaci\u00f3n popular, para construir una familia humana universal donde se respete la dignidad de cada uno.<\/p>\n<h4><strong>Contenido del volumen<\/strong><\/h4>\n<p><em>\u201cFratelli Tutti,<\/em> Reflexiones desde y para Am\u00e9rica Latina y El Caribe\u201d se divide en los siguientes cap\u00edtulos:<\/p>\n<p>Cap. 1.\u00a0La sombras de un mundo cerrado Mons. Adolfo Casta\u00f1o, Obispo de Ascapotzalco, M\u00e9xico.<\/p>\n<p>Cap. 2.\u00a0Un extra\u00f1o en el camino Mons. Ram\u00f3n Alfredo Dus, arzobispo de Resistencia, Argentina.<\/p>\n<p>Cap. 3. Pensar y gestar un mundo abierto Mons. Jes\u00fas Castro Marte, Obispo de Ntra. Sra. De la Alta Gracia, R. Dominicana.<\/p>\n<p>Cap. 4.\u00a0Un coraz\u00f3n abierto al mundo entero Mons. Luis Fernando Ramos P\u00e9rez, Arzobispo de Puerto Montt, Chile.<\/p>\n<p>Cap. 5.\u00a0La mejor pol\u00edtica Mons. Mario Moronta Rodr\u00edguez, Obispo de San Crist\u00f3bal, Venezuela.<\/p>\n<p>Cap. 6. Di\u00e1logo y amistad social Mons. V\u00edctor Hugo Palma Pa\u00fal, Obispo de Escuintla, Guatemala.<\/p>\n<p>Cap. 7.\u00a0Caminos de Reencuentro Mons. Elkin \u00c1lvarez Botero, Obispo Auxiliar de Medell\u00edn, Colombia.<\/p>\n<p>Cap. 8.\u00a0Las religiones al servicio de la fraternidad en el mundo Mons. Paulo Cezar Costa, Obispo de San Carlos, Brasil.<\/p>\n<h4><strong>CEBITEPAL<\/strong><\/h4>\n<p>Seg\u00fan describe en su web, el CEBITEPAL es un centro de formaci\u00f3n del Consejo Episcopal Latinoamericano (CELAM) que realiza su misi\u00f3n desde el esp\u00edritu de comuni\u00f3n y participaci\u00f3n, mediante la docencia, la investigaci\u00f3n y diversos servicios,\u00a0con los rasgos propios de la teolog\u00eda y la metodolog\u00eda latinoamericana.<\/p>\n<p>Entre otros temas, se centra en la Palabra de Dios, practicando una ex\u00e9gesis vinculada estrechamente con la hermen\u00e9utica, en el di\u00e1logo entre teolog\u00eda y pastoral a la luz del Magisterio latinoamericano, se identifica con la teolog\u00eda del Reino de Dios y del Pueblo de Dios, a partir de la opci\u00f3n por \u201cuna Iglesia pobre y para los pobres\u201d, est\u00e1 animado por una una espiritualidad y pedagog\u00eda del discipulado misionero y de la comuni\u00f3n misionera, y se compromete con la dimensi\u00f3n social del Evangelio que interpreta y transforma las realidades.<\/p>\n","protected":false},"excerpt":{"rendered":"<p>Carta a Mons. Ronald, subcoordinador del centro<\/p>\n","protected":false},"author":6,"featured_media":21880,"comment_status":"closed","ping_status":"closed","sticky":false,"template":"","format":"standard","meta":{"_acf_changed":false,"_crdt_document":"","inline_featured_image":false,"footnotes":""},"categories":[68,298],"tags":[2800,489,158],"class_list":["post-21866","post","type-post","status-publish","format-standard","has-post-thumbnail","hentry","category-leon-xiv","category-ultimas-noticias","tag-centro-biblico-teologico-pastoral-para-america-latina-y-el-caribe-cebitepal","tag-enciclica-fratelli-tutti","tag-papa-francisco"],"acf":[],"yoast_head":"<!-- This site is optimized with the Yoast SEO plugin v27.5 - https:\/\/yoast.com\/product\/yoast-seo-wordpress\/ -->\n<title>Papa agradece a CEBITEPAL su libro sobre &#039;Fratelli tutti&#039; - Exaudi<\/title>\n<meta name=\"description\" content=\"Mediante una carta, el Papa ha hecho saber a CEBITEPAL su agradecimiento por hacerle llegar un ejemplar de su libro sobre &#039;Fratelli tutti&#039;.\" \/>\n<meta name=\"robots\" content=\"index, follow, max-snippet:-1, max-image-preview:large, max-video-preview:-1\" \/>\n<link rel=\"canonical\" href=\"https:\/\/exaudi.org\/es\/papa-carta-cebitepal-ejemplar-fratelli-tutti\/\" \/>\n<meta property=\"og:locale\" content=\"es_ES\" \/>\n<meta property=\"og:type\" content=\"article\" \/>\n<meta property=\"og:title\" content=\"Papa agradece a CEBITEPAL su libro sobre &#039;Fratelli tutti&#039; - Exaudi\" \/>\n<meta property=\"og:description\" content=\"Mediante una carta, el Papa ha hecho saber a CEBITEPAL su agradecimiento por hacerle llegar un ejemplar de su libro sobre &#039;Fratelli tutti&#039;.\" \/>\n<meta property=\"og:url\" content=\"https:\/\/exaudi.org\/es\/papa-carta-cebitepal-ejemplar-fratelli-tutti\/\" \/>\n<meta property=\"og:site_name\" content=\"Exaudi\" \/>\n<meta property=\"article:publisher\" content=\"https:\/\/www.facebook.com\/ExaudiNews\" \/>\n<meta property=\"article:published_time\" content=\"2021-06-11T08:50:05+00:00\" \/>\n<meta property=\"article:modified_time\" content=\"2021-06-11T13:27:10+00:00\" \/>\n<meta property=\"og:image\" content=\"https:\/\/exaudi.org\/wp-content\/uploads\/2021\/06\/6h767h.jpeg\" \/>\n\t<meta property=\"og:image:width\" content=\"1455\" \/>\n\t<meta property=\"og:image:height\" content=\"819\" \/>\n\t<meta property=\"og:image:type\" content=\"image\/jpeg\" \/>\n<meta name=\"author\" content=\"Gabriel Sales\" \/>\n<meta name=\"twitter:card\" content=\"summary_large_image\" \/>\n<meta name=\"twitter:creator\" content=\"@habemusman\" \/>\n<meta name=\"twitter:site\" content=\"@Exaudi_News\" \/>\n<meta name=\"twitter:label1\" content=\"Escrito por\" \/>\n\t<meta name=\"twitter:data1\" content=\"Gabriel Sales\" \/>\n\t<meta name=\"twitter:label2\" content=\"Tiempo de lectura\" \/>\n\t<meta name=\"twitter:data2\" content=\"3 minutos\" \/>\n<script type=\"application\/ld+json\" class=\"yoast-schema-graph\">{\"@context\":\"https:\\\/\\\/schema.org\",\"@graph\":[{\"@type\":\"Article\",\"@id\":\"https:\\\/\\\/exaudi.org\\\/es\\\/papa-carta-cebitepal-ejemplar-fratelli-tutti\\\/#article\",\"isPartOf\":{\"@id\":\"https:\\\/\\\/exaudi.org\\\/es\\\/papa-carta-cebitepal-ejemplar-fratelli-tutti\\\/\"},\"author\":{\"name\":\"Gabriel Sales\",\"@id\":\"https:\\\/\\\/exaudi.org\\\/#\\\/schema\\\/person\\\/d134b96438278131ce90c90c03fda6cd\"},\"headline\":\"Papa agradece a CEBITEPAL su libro sobre &#8216;Fratelli tutti&#8217;\",\"datePublished\":\"2021-06-11T08:50:05+00:00\",\"dateModified\":\"2021-06-11T13:27:10+00:00\",\"mainEntityOfPage\":{\"@id\":\"https:\\\/\\\/exaudi.org\\\/es\\\/papa-carta-cebitepal-ejemplar-fratelli-tutti\\\/\"},\"wordCount\":609,\"image\":{\"@id\":\"https:\\\/\\\/exaudi.org\\\/es\\\/papa-carta-cebitepal-ejemplar-fratelli-tutti\\\/#primaryimage\"},\"thumbnailUrl\":\"https:\\\/\\\/exaudi.org\\\/wp-content\\\/uploads\\\/2021\\\/06\\\/6h767h.jpeg\",\"keywords\":[\"Centro B\u00edblico Teol\u00f3gico Pastoral para Am\u00e9rica Latina y El Caribe (CEBITEPAL)\",\"Enc\u00edclica Fratelli Tutti\",\"papa francisco\"],\"articleSection\":[\"Le\u00f3n XIV\",\"\u00daltimas noticias\"],\"inLanguage\":\"es\"},{\"@type\":\"WebPage\",\"@id\":\"https:\\\/\\\/exaudi.org\\\/es\\\/papa-carta-cebitepal-ejemplar-fratelli-tutti\\\/\",\"url\":\"https:\\\/\\\/exaudi.org\\\/es\\\/papa-carta-cebitepal-ejemplar-fratelli-tutti\\\/\",\"name\":\"Papa agradece a CEBITEPAL su libro sobre 'Fratelli tutti' - Exaudi\",\"isPartOf\":{\"@id\":\"https:\\\/\\\/exaudi.org\\\/#website\"},\"primaryImageOfPage\":{\"@id\":\"https:\\\/\\\/exaudi.org\\\/es\\\/papa-carta-cebitepal-ejemplar-fratelli-tutti\\\/#primaryimage\"},\"image\":{\"@id\":\"https:\\\/\\\/exaudi.org\\\/es\\\/papa-carta-cebitepal-ejemplar-fratelli-tutti\\\/#primaryimage\"},\"thumbnailUrl\":\"https:\\\/\\\/exaudi.org\\\/wp-content\\\/uploads\\\/2021\\\/06\\\/6h767h.jpeg\",\"datePublished\":\"2021-06-11T08:50:05+00:00\",\"dateModified\":\"2021-06-11T13:27:10+00:00\",\"author\":{\"@id\":\"https:\\\/\\\/exaudi.org\\\/#\\\/schema\\\/person\\\/d134b96438278131ce90c90c03fda6cd\"},\"description\":\"Mediante una carta, el Papa ha hecho saber a CEBITEPAL su agradecimiento por hacerle llegar un ejemplar de su libro sobre 'Fratelli tutti'.\",\"breadcrumb\":{\"@id\":\"https:\\\/\\\/exaudi.org\\\/es\\\/papa-carta-cebitepal-ejemplar-fratelli-tutti\\\/#breadcrumb\"},\"inLanguage\":\"es\",\"potentialAction\":[{\"@type\":\"ReadAction\",\"target\":[\"https:\\\/\\\/exaudi.org\\\/es\\\/papa-carta-cebitepal-ejemplar-fratelli-tutti\\\/\"]}]},{\"@type\":\"ImageObject\",\"inLanguage\":\"es\",\"@id\":\"https:\\\/\\\/exaudi.org\\\/es\\\/papa-carta-cebitepal-ejemplar-fratelli-tutti\\\/#primaryimage\",\"url\":\"https:\\\/\\\/exaudi.org\\\/wp-content\\\/uploads\\\/2021\\\/06\\\/6h767h.jpeg\",\"contentUrl\":\"https:\\\/\\\/exaudi.org\\\/wp-content\\\/uploads\\\/2021\\\/06\\\/6h767h.jpeg\",\"width\":1455,\"height\":819,\"caption\":\"El Papa firma la enc\u00edclica 'Fratelli tutti' \u00a9 Vatican Media\"},{\"@type\":\"BreadcrumbList\",\"@id\":\"https:\\\/\\\/exaudi.org\\\/es\\\/papa-carta-cebitepal-ejemplar-fratelli-tutti\\\/#breadcrumb\",\"itemListElement\":[{\"@type\":\"ListItem\",\"position\":1,\"name\":\"Portada\",\"item\":\"https:\\\/\\\/exaudi.org\\\/es\\\/\"},{\"@type\":\"ListItem\",\"position\":2,\"name\":\"Papa agradece a CEBITEPAL su libro sobre &#8216;Fratelli tutti&#8217;\"}]},{\"@type\":\"WebSite\",\"@id\":\"https:\\\/\\\/exaudi.org\\\/#website\",\"url\":\"https:\\\/\\\/exaudi.org\\\/\",\"name\":\"Exaudi\",\"description\":\"News\",\"potentialAction\":[{\"@type\":\"SearchAction\",\"target\":{\"@type\":\"EntryPoint\",\"urlTemplate\":\"https:\\\/\\\/exaudi.org\\\/?s={search_term_string}\"},\"query-input\":{\"@type\":\"PropertyValueSpecification\",\"valueRequired\":true,\"valueName\":\"search_term_string\"}}],\"inLanguage\":\"es\"},{\"@type\":\"Person\",\"@id\":\"https:\\\/\\\/exaudi.org\\\/#\\\/schema\\\/person\\\/d134b96438278131ce90c90c03fda6cd\",\"name\":\"Gabriel Sales\",\"image\":{\"@type\":\"ImageObject\",\"inLanguage\":\"es\",\"@id\":\"https:\\\/\\\/secure.gravatar.com\\\/avatar\\\/9b1269566f6a063ed26ffb3532b66a373cdde231ce5d0effb266167437fdaffd?s=96&d=mm&r=g\",\"url\":\"https:\\\/\\\/secure.gravatar.com\\\/avatar\\\/9b1269566f6a063ed26ffb3532b66a373cdde231ce5d0effb266167437fdaffd?s=96&d=mm&r=g\",\"contentUrl\":\"https:\\\/\\\/secure.gravatar.com\\\/avatar\\\/9b1269566f6a063ed26ffb3532b66a373cdde231ce5d0effb266167437fdaffd?s=96&d=mm&r=g\",\"caption\":\"Gabriel Sales\"},\"description\":\"Periodista y especialista en Comunicaci\u00f3n y Branding digital. Cin\u00e9filo y cr\u00edtico de cine y series de televisi\u00f3n.\",\"sameAs\":[\"https:\\\/\\\/www.instagram.com\\\/cine90segundos\\\/\",\"www.linkedin.com\\\/in\\\/habemusman\",\"https:\\\/\\\/x.com\\\/habemusman\",\"https:\\\/\\\/www.youtube.com\\\/channel\\\/UCVfCiOMkJ_C7T7OpyjuaLDg\"],\"url\":\"https:\\\/\\\/exaudi.org\\\/es\\\/author\\\/gsalesexaudi-org\\\/\"}]}<\/script>\n<!-- \/ Yoast SEO plugin. -->","yoast_head_json":{"title":"Papa agradece a CEBITEPAL su libro sobre 'Fratelli tutti' - Exaudi","description":"Mediante una carta, el Papa ha hecho saber a CEBITEPAL su agradecimiento por hacerle llegar un ejemplar de su libro sobre 'Fratelli tutti'.","robots":{"index":"index","follow":"follow","max-snippet":"max-snippet:-1","max-image-preview":"max-image-preview:large","max-video-preview":"max-video-preview:-1"},"canonical":"https:\/\/exaudi.org\/es\/papa-carta-cebitepal-ejemplar-fratelli-tutti\/","og_locale":"es_ES","og_type":"article","og_title":"Papa agradece a CEBITEPAL su libro sobre 'Fratelli tutti' - Exaudi","og_description":"Mediante una carta, el Papa ha hecho saber a CEBITEPAL su agradecimiento por hacerle llegar un ejemplar de su libro sobre 'Fratelli tutti'.","og_url":"https:\/\/exaudi.org\/es\/papa-carta-cebitepal-ejemplar-fratelli-tutti\/","og_site_name":"Exaudi","article_publisher":"https:\/\/www.facebook.com\/ExaudiNews","article_published_time":"2021-06-11T08:50:05+00:00","article_modified_time":"2021-06-11T13:27:10+00:00","og_image":[{"width":1455,"height":819,"url":"https:\/\/exaudi.org\/wp-content\/uploads\/2021\/06\/6h767h.jpeg","type":"image\/jpeg"}],"author":"Gabriel Sales","twitter_card":"summary_large_image","twitter_creator":"@habemusman","twitter_site":"@Exaudi_News","twitter_misc":{"Escrito por":"Gabriel Sales","Tiempo de lectura":"3 minutos"},"schema":{"@context":"https:\/\/schema.org","@graph":[{"@type":"Article","@id":"https:\/\/exaudi.org\/es\/papa-carta-cebitepal-ejemplar-fratelli-tutti\/#article","isPartOf":{"@id":"https:\/\/exaudi.org\/es\/papa-carta-cebitepal-ejemplar-fratelli-tutti\/"},"author":{"name":"Gabriel Sales","@id":"https:\/\/exaudi.org\/#\/schema\/person\/d134b96438278131ce90c90c03fda6cd"},"headline":"Papa agradece a CEBITEPAL su libro sobre &#8216;Fratelli tutti&#8217;","datePublished":"2021-06-11T08:50:05+00:00","dateModified":"2021-06-11T13:27:10+00:00","mainEntityOfPage":{"@id":"https:\/\/exaudi.org\/es\/papa-carta-cebitepal-ejemplar-fratelli-tutti\/"},"wordCount":609,"image":{"@id":"https:\/\/exaudi.org\/es\/papa-carta-cebitepal-ejemplar-fratelli-tutti\/#primaryimage"},"thumbnailUrl":"https:\/\/exaudi.org\/wp-content\/uploads\/2021\/06\/6h767h.jpeg","keywords":["Centro B\u00edblico Teol\u00f3gico Pastoral para Am\u00e9rica Latina y El Caribe (CEBITEPAL)","Enc\u00edclica Fratelli Tutti","papa francisco"],"articleSection":["Le\u00f3n XIV","\u00daltimas noticias"],"inLanguage":"es"},{"@type":"WebPage","@id":"https:\/\/exaudi.org\/es\/papa-carta-cebitepal-ejemplar-fratelli-tutti\/","url":"https:\/\/exaudi.org\/es\/papa-carta-cebitepal-ejemplar-fratelli-tutti\/","name":"Papa agradece a CEBITEPAL su libro sobre 'Fratelli tutti' - Exaudi","isPartOf":{"@id":"https:\/\/exaudi.org\/#website"},"primaryImageOfPage":{"@id":"https:\/\/exaudi.org\/es\/papa-carta-cebitepal-ejemplar-fratelli-tutti\/#primaryimage"},"image":{"@id":"https:\/\/exaudi.org\/es\/papa-carta-cebitepal-ejemplar-fratelli-tutti\/#primaryimage"},"thumbnailUrl":"https:\/\/exaudi.org\/wp-content\/uploads\/2021\/06\/6h767h.jpeg","datePublished":"2021-06-11T08:50:05+00:00","dateModified":"2021-06-11T13:27:10+00:00","author":{"@id":"https:\/\/exaudi.org\/#\/schema\/person\/d134b96438278131ce90c90c03fda6cd"},"description":"Mediante una carta, el Papa ha hecho saber a CEBITEPAL su agradecimiento por hacerle llegar un ejemplar de su libro sobre 'Fratelli tutti'.","breadcrumb":{"@id":"https:\/\/exaudi.org\/es\/papa-carta-cebitepal-ejemplar-fratelli-tutti\/#breadcrumb"},"inLanguage":"es","potentialAction":[{"@type":"ReadAction","target":["https:\/\/exaudi.org\/es\/papa-carta-cebitepal-ejemplar-fratelli-tutti\/"]}]},{"@type":"ImageObject","inLanguage":"es","@id":"https:\/\/exaudi.org\/es\/papa-carta-cebitepal-ejemplar-fratelli-tutti\/#primaryimage","url":"https:\/\/exaudi.org\/wp-content\/uploads\/2021\/06\/6h767h.jpeg","contentUrl":"https:\/\/exaudi.org\/wp-content\/uploads\/2021\/06\/6h767h.jpeg","width":1455,"height":819,"caption":"El Papa firma la enc\u00edclica 'Fratelli tutti' \u00a9 Vatican Media"},{"@type":"BreadcrumbList","@id":"https:\/\/exaudi.org\/es\/papa-carta-cebitepal-ejemplar-fratelli-tutti\/#breadcrumb","itemListElement":[{"@type":"ListItem","position":1,"name":"Portada","item":"https:\/\/exaudi.org\/es\/"},{"@type":"ListItem","position":2,"name":"Papa agradece a CEBITEPAL su libro sobre &#8216;Fratelli tutti&#8217;"}]},{"@type":"WebSite","@id":"https:\/\/exaudi.org\/#website","url":"https:\/\/exaudi.org\/","name":"Exaudi","description":"News","potentialAction":[{"@type":"SearchAction","target":{"@type":"EntryPoint","urlTemplate":"https:\/\/exaudi.org\/?s={search_term_string}"},"query-input":{"@type":"PropertyValueSpecification","valueRequired":true,"valueName":"search_term_string"}}],"inLanguage":"es"},{"@type":"Person","@id":"https:\/\/exaudi.org\/#\/schema\/person\/d134b96438278131ce90c90c03fda6cd","name":"Gabriel Sales","image":{"@type":"ImageObject","inLanguage":"es","@id":"https:\/\/secure.gravatar.com\/avatar\/9b1269566f6a063ed26ffb3532b66a373cdde231ce5d0effb266167437fdaffd?s=96&d=mm&r=g","url":"https:\/\/secure.gravatar.com\/avatar\/9b1269566f6a063ed26ffb3532b66a373cdde231ce5d0effb266167437fdaffd?s=96&d=mm&r=g","contentUrl":"https:\/\/secure.gravatar.com\/avatar\/9b1269566f6a063ed26ffb3532b66a373cdde231ce5d0effb266167437fdaffd?s=96&d=mm&r=g","caption":"Gabriel Sales"},"description":"Periodista y especialista en Comunicaci\u00f3n y Branding digital. Cin\u00e9filo y cr\u00edtico de cine y series de televisi\u00f3n.","sameAs":["https:\/\/www.instagram.com\/cine90segundos\/","www.linkedin.com\/in\/habemusman","https:\/\/x.com\/habemusman","https:\/\/www.youtube.com\/channel\/UCVfCiOMkJ_C7T7OpyjuaLDg"],"url":"https:\/\/exaudi.org\/es\/author\/gsalesexaudi-org\/"}]}},"jetpack_featured_media_url":"https:\/\/exaudi.org\/wp-content\/uploads\/2021\/06\/6h767h.jpeg","jetpack_shortlink":"https:\/\/wp.me\/pgKjF2-5GG","_links":{"self":[{"href":"https:\/\/exaudi.org\/es\/wp-json\/wp\/v2\/posts\/21866","targetHints":{"allow":["GET"]}}],"collection":[{"href":"https:\/\/exaudi.org\/es\/wp-json\/wp\/v2\/posts"}],"about":[{"href":"https:\/\/exaudi.org\/es\/wp-json\/wp\/v2\/types\/post"}],"author":[{"embeddable":true,"href":"https:\/\/exaudi.org\/es\/wp-json\/wp\/v2\/users\/6"}],"replies":[{"embeddable":true,"href":"https:\/\/exaudi.org\/es\/wp-json\/wp\/v2\/comments?post=21866"}],"version-history":[{"count":0,"href":"https:\/\/exaudi.org\/es\/wp-json\/wp\/v2\/posts\/21866\/revisions"}],"wp:featuredmedia":[{"embeddable":true,"href":"https:\/\/exaudi.org\/es\/wp-json\/wp\/v2\/media\/21880"}],"wp:attachment":[{"href":"https:\/\/exaudi.org\/es\/wp-json\/wp\/v2\/media?parent=21866"}],"wp:term":[{"taxonomy":"category","embeddable":true,"href":"https:\/\/exaudi.org\/es\/wp-json\/wp\/v2\/categories?post=21866"},{"taxonomy":"post_tag","embeddable":true,"href":"https:\/\/exaudi.org\/es\/wp-json\/wp\/v2\/tags?post=21866"}],"curies":[{"name":"wp","href":"https:\/\/api.w.org\/{rel}","templated":true}]}}