{"id":21730,"date":"2021-06-10T14:31:31","date_gmt":"2021-06-10T12:31:31","guid":{"rendered":"https:\/\/exaudi.org\/?p=21730"},"modified":"2021-06-11T10:50:49","modified_gmt":"2021-06-11T08:50:49","slug":"papa-urgencia-medidas-desplazados-forzados","status":"publish","type":"post","link":"https:\/\/exaudi.org\/es\/papa-urgencia-medidas-desplazados-forzados\/","title":{"rendered":"El Papa urge a tomar medidas frente a los desplazados forzados"},"content":{"rendered":"<p>El <a href=\"https:\/\/exaudi.org\/es\/videomensaje-papa-john-17-movement-2021\/\" target=\"_blank\" rel=\"noopener noreferrer\">Papa Francisco<\/a> ha enviado un mensaje a los participantes del Evento de Solidaridad, celebrado en Costa Rica hoy, jueves 10 de junio de 2021, con motivo del 30 aniversario del <a href=\"https:\/\/www.sica.int\/\" target=\"_blank\" rel=\"noopener noreferrer\">Sistema de la Integraci\u00f3n Centroamericana<\/a> (SICA), una iniciativa que busca medidas de apoyo para mejorar la situaci\u00f3n de los <a href=\"https:\/\/exaudi.org\/es\/vaticano-orientaciones-pastorales-desplazados-climaticos-2021\/\" target=\"_blank\" rel=\"noopener noreferrer\">desplazados forzados<\/a> y las comunidades que los acogen en Centroam\u00e9rica y M\u00e9xico.<\/p>\n<h4><strong>Retos de la movilidad humana<\/strong><\/h4>\n<p>El Santo Padre destaca en primer lugar que \u201cla crisis sanitaria, econ\u00f3mica y social provocada por COVID-19 ha recordado a todos que los seres humanos son como el polvo. Pero polvo valioso a los ojos de Dios, que nos constituy\u00f3 como una \u00fanica familia humana\u201d. La regi\u00f3n centroamericana, contin\u00faa, \u201cha visto el deterioro de las condiciones sociales que ya eran precarias y complejas a causa de un sistema econ\u00f3mico injusto. Este sistema desgasta a la familia, c\u00e9lula b\u00e1sica de la sociedad\u201d.<\/p>\n<p>Asimismo, ha subrayado que las graves situaciones de dificultad a las que se enfrentan las personas sin hogar, unidas \u201ccon la pandemia y con una crisis clim\u00e1tica caracterizada por una sequ\u00eda cada vez m\u00e1s intensa y huracanes cada vez m\u00e1s frecuentes, han dado a la movilidad humana la connotaci\u00f3n de un fen\u00f3meno forzado de masa, de manera que adquiere la apariencia de un \u00e9xodo regional\u201d.<\/p>\n<h4><strong>Compromiso regional<\/strong><\/h4>\n<p>En este contexto, aclara el Papa, la Santa Sede \u201cal tiempo que reafirma el derecho exclusivo de los Estados a gestionar sus propias fronteras, espera un compromiso regional com\u00fan, s\u00f3lido y coordinado, destinado a situar a la persona y su dignidad en el centro de todo ejercicio pol\u00edtico\u201d. Las condiciones de migrantes y refugiados \u201crequieren que se les garantice la seguridad personal y el acceso a los servicios b\u00e1sicos\u201d.<\/p>\n<p>Igualmente, se lee en el texto, \u201cdeben tomarse medidas similares con respecto a nuestros numerosos hermanos y hermanas que se ven obligados a huir debido a la aparici\u00f3n de la grave crisis clim\u00e1tica\u201d, acciones destinadas a paliar el grave impacto sobre \u201clos tres \u00e1mbitos fundamentales del desarrollo humano integral: La tierra, la vivienda y el trabajo\u201d.<\/p>\n<h4><strong>Trata de personas<\/strong><\/h4>\n<p>El Pont\u00edfice ha asegurado la necesidad de prevenir la \u201clacra\u201d de la trata de personas mediante \u201cmediante el apoyo a las familias y la educaci\u00f3n, y proteger a las v\u00edctimas con programas que garanticen su seguridad\u201d, en especial las mujeres y los ni\u00f1os m\u00e1s peque\u00f1os: \u201cToda violencia infligida a la mujer es una profanaci\u00f3n de Dios, nacido de una mujer\u201d, y\u00a0\u201ctodos estamos llamados a apoyar una educaci\u00f3n que promueva la igualdad fundamental, el respeto y el honor que merecen las mujeres\u201d.<\/p>\n<p>\u201cAnte los nuevos retos, debe intensificarse la colaboraci\u00f3n internacional para prevenir la trata, proteger a las v\u00edctimas y perseguir a los delincuentes. Esta acci\u00f3n sin\u00e9rgica se beneficiar\u00e1 en gran medida con la participaci\u00f3n de las organizaciones religiosas y las Iglesias locales, que ofrecen no s\u00f3lo asistencia humanitaria sino tambi\u00e9n acompa\u00f1amiento espiritual a las v\u00edctimas\u201d, apunta.<\/p>\n<h4><strong>Sociedad humana y fraterna<\/strong><\/h4>\n<p>Frente a estos desaf\u00edos, apunta Francisco, \u201ctambi\u00e9n se aplica a esta regi\u00f3n el llamamiento sincero a construir una sociedad &#8216;humana y fraterna [&#8230;] capaz de preocuparse para garantizar de modo eficiente y estable que todos sean acompa\u00f1ados en el recorrido de sus vidas&#8217;\u201d.<\/p>\n<p>\u201cLa cooperaci\u00f3n multilateral es una herramienta valiosa para promover el bien com\u00fan, prestando especial atenci\u00f3n a las profundas y nuevas causas de los desplazamientos forzados, de modo que &#8216;las fronteras no sean zonas de tensi\u00f3n, sino brazos abiertos de reconciliaci\u00f3n&#8217;\u201d, a\u00f1ade.<\/p>\n<p>El Obispo de Roma concluye su mensaje diciendo que \u201choy &#8216;nos enfrentamos [&#8230;] a la elecci\u00f3n entre uno de los dos caminos posibles: uno conduce al fortalecimiento del multilateralismo [&#8230;]; el otro, da preferencia a las actitudes de autosuficiencia, nacionalismo, proteccionismo, individualismo y aislamiento, dejando afuera los m\u00e1s pobres, los m\u00e1s vulnerables, los habitantes de las periferias existenciales&#8217;\u201d.<\/p>\n<p>A continuaci\u00f3n, sigue el texto completo del mensaje del Sucesor de Pedro, ofrecido por la <a href=\"https:\/\/www.vatican.va\/news_services\/press\/index_sp.htm\" target=\"_blank\" rel=\"noopener noreferrer\">Oficina de Prensa de la Santa Sede<\/a>.<\/p>\n<p>***<\/p>\n<h4><strong>Mensaje del Papa Francisco<\/strong><\/h4>\n<p>Excelencias, se\u00f1oras y se\u00f1ores:<\/p>\n<p>Saludo cordialmente a los participantes en el Evento de Solidaridad, promovido con ocasi\u00f3n del 30\u00ba aniversario del Sistema de la Integraci\u00f3n Centroamericana, en el que la Santa Sede participa como Observador extra-regional desde el a\u00f1o 2012. Esta iniciativa pretende movilizar apoyos para mejorar la situaci\u00f3n de los desplazados forzados y las comunidades que los acogen en la regi\u00f3n de Centroam\u00e9rica y M\u00e9xico.<\/p>\n<p>La palabra solidaridad, que est\u00e1 en el centro de este evento, adquiere un significado a\u00fan mayor en esta \u00e9poca de crisis pand\u00e9mica, una crisis que ha puesto a prueba al mundo entero, tanto a los pa\u00edses pobres como a los ricos.<\/p>\n<p>La crisis sanitaria, econ\u00f3mica y social provocada por el Covid-19 ha recordado a todos que los seres humanos son como el polvo. Pero polvo valioso a los ojos de Dios, que nos constituy\u00f3 como una \u00fanica familia humana. Y as\u00ed como la familia natural educa a la fidelidad, la sinceridad, la cooperaci\u00f3n y el respeto, promoviendo la planificaci\u00f3n de un mundo habitable y a creer en las relaciones de confianza, incluso en condiciones dif\u00edciles, tambi\u00e9n la familia de las naciones est\u00e1 llamada a dirigir su atenci\u00f3n com\u00fan a todos, especialmente a los miembros m\u00e1s peque\u00f1os y vulnerables, sin ceder a la l\u00f3gica de la competencia y los intereses particulares.<\/p>\n<p>En estos \u00faltimos largos meses de la pandemia, la regi\u00f3n centroamericana ha visto el deterioro de las condiciones sociales que ya eran precarias y complejas a causa de un sistema econ\u00f3mico injusto. Este sistema desgasta a la familia, c\u00e9lula b\u00e1sica de la sociedad. Y as\u00ed, las personas, \u201csin hogar, sin familia, sin comunidad, sin pertenencia\u201d, se encuentran desarraigadas y hu\u00e9rfanas, a merced de \u201csituaciones altamente conflictivas y de no r\u00e1pida soluci\u00f3n: violencia dom\u00e9stica, feminicidios\u2014 [&#8230;] \u2014, bandas armadas, criminales, tr\u00e1fico de droga, explotaci\u00f3n sexual de menores y de no tan menores\u201d. Estos factores, mezclados con la pandemia y con una crisis clim\u00e1tica caracterizada por una sequ\u00eda cada vez m\u00e1s intensa y huracanes cada vez m\u00e1s frecuentes, han dado a la movilidad humana la connotaci\u00f3n de un fen\u00f3meno forzado de masa, de manera que adquiere la apariencia de un \u00e9xodo regional.<\/p>\n<p>A pesar del innato sentido de hospitalidad inherente a los pueblos de Centroam\u00e9rica, las restricciones sanitarias han influido en el cierre de muchas fronteras. Muchos se quedaron a mitad de camino, sin posibilidad de avanzar ni de retroceder.<\/p>\n<p>La pandemia tambi\u00e9n ha puesto de manifiesto la fragilidad de los desplazados internos, que todav\u00eda \u201cno entran en el sistema internacional de protecci\u00f3n que brinda la legislaci\u00f3n internacional en materia de refugiados\u201d y a menudo se quedan sin la protecci\u00f3n adecuada.<\/p>\n<p>Adem\u00e1s, en las distintas fases del desplazamiento, tanto interno como externo, hay un n\u00famero creciente de casos de trata de seres humanos, trata que \u201ces una llaga en el cuerpo de la humanidad contempor\u00e1nea, una llaga en la carne de Cristo, es un delito contra la humanidad\u201d.<\/p>\n<p>Excelencias, se\u00f1oras y se\u00f1ores:<\/p>\n<p>Lo que he presentado aqu\u00ed son algunos de los retos m\u00e1s relevantes que afectan a la movilidad humana, un fen\u00f3meno que ha caracterizado la historia del ser humano y que \u201ctrae consigo grandes promesas\u201d para el futuro de la humanidad.<\/p>\n<p>En este contexto, la Santa Sede, al tiempo que reafirma el derecho exclusivo de los Estados a gestionar sus propias fronteras, espera un compromiso regional com\u00fan, s\u00f3lido y coordinado, destinado a situar a la persona y su dignidad en el centro de todo ejercicio pol\u00edtico. En efecto, \u201cel principio de la centralidad de la persona humana [&#8230;] nos obliga a anteponer siempre la seguridad personal a la nacional. [&#8230;] Las condiciones de los emigrantes, los solicitantes de asilo y los refugiados, requieren que se les garantice la seguridad personal y el acceso a los servicios b\u00e1sicos\u201d.<\/p>\n<p>Adem\u00e1s de estas protecciones, es necesario adoptar mecanismos internacionales espec\u00edficos que den una protecci\u00f3n concreta y reconozcan el \u201cdrama a menudo invisible\u201d de los desplazados internos, relegados \u201ca un segundo plano en las agendas pol\u00edticas nacionales\u201d.<\/p>\n<p>Deben tomarse medidas similares con respecto a nuestros numerosos hermanos y hermanas que se ven obligados a huir debido a la aparici\u00f3n de la grave crisis clim\u00e1tica. Estas medidas deben ir acompa\u00f1adas de pol\u00edticas regionales de protecci\u00f3n de nuestra \u201cCasa com\u00fan\u201d destinadas a paliar el impacto tanto de los fen\u00f3menos clim\u00e1ticos como de las cat\u00e1strofes medioambientales provocadas por el hombre en su labor de acaparamiento de tierras, deforestaci\u00f3n y apropiaci\u00f3n del agua. Estas violaciones atentan gravemente contra los tres \u00e1mbitos fundamentales del desarrollo humano integral: la tierra, la vivienda y el trabajo.<\/p>\n<p>En cuanto a la trata de personas, hay que prevenir esta lacra mediante el apoyo a las familias y la educaci\u00f3n, y proteger a las v\u00edctimas con programas que garanticen su seguridad, \u201cla protecci\u00f3n de la intimidad, un alojamiento seguro y una adecuada asistencia social y psicol\u00f3gica\u201d. Los ni\u00f1os m\u00e1s peque\u00f1os y las mujeres merecen una atenci\u00f3n especial: \u201cLas mujeres son fuente de vida. Sin embargo, son continuamente ofendidas, golpeadas, violadas, inducidas a prostituirse y a eliminar la vida que llevan en el vientre. Toda violencia infligida a la mujer es una profanaci\u00f3n de Dios, nacido de una mujer\u201d. Como dijo san Juan Pablo II, \u201cla mujer no puede convertirse en \u201cobjeto\u201d de \u201cdominio\u201d y de \u201cposesi\u00f3n\u201d masculina\u201d. Todos estamos llamados a apoyar una educaci\u00f3n que promueva la igualdad fundamental, el respeto y el honor que merecen las mujeres. La pandemia ha provocado una \u201ccrisis educativa sin precedentes\u201d, agravada por las restricciones y el aislamiento forzoso que han puesto de manifiesto las desigualdades existentes y\u00a0han aumentado el riesgo de que los m\u00e1s vulnerables caigan en las traicioneras redes de tr\u00e1fico dentro y fuera de las fronteras nacionales. Ante los nuevos retos, debe intensificarse la colaboraci\u00f3n internacional para prevenir la trata, proteger a las v\u00edctimas y perseguir a los delincuentes. Esta acci\u00f3n sin\u00e9rgica se beneficiar\u00e1 en gran medida con la participaci\u00f3n de las organizaciones religiosas y las Iglesias locales, que ofrecen no s\u00f3lo asistencia humanitaria sino tambi\u00e9n acompa\u00f1amiento espiritual a las v\u00edctimas.<\/p>\n<p>En tiempos de inconmensurable sufrimiento causado por la pandemia, la violencia y los desastres ambientales, la dimensi\u00f3n espiritual no puede ni debe ser relegada a una posici\u00f3n secundaria con respecto a la protecci\u00f3n de la salud f\u00edsica. \u201cLa condici\u00f3n para construir sociedades inclusivas est\u00e1 en una comprensi\u00f3n integral de la persona humana, que se siente verdaderamente acogida cuando se le reconocen y aceptan todas las dimensiones que conforman su identidad, incluida la religiosa\u201d.<\/p>\n<p>Excelencias, se\u00f1oras y se\u00f1ores:<\/p>\n<p>Frente a tantos desaf\u00edos apremiantes, tambi\u00e9n se aplica a esta regi\u00f3n el llamamiento sincero a construir una sociedad \u201chumana y fraterna [&#8230;] capaz de preocuparse para garantizar de modo eficiente y estable que todos sean acompa\u00f1ados en el recorrido de sus vidas\u201d. Se trata de un esfuerzo conjunto que va m\u00e1s all\u00e1 de las fronteras nacionales para permitir el intercambio regional: \u201cLa integraci\u00f3n cultural, econ\u00f3mica y pol\u00edtica con los pueblos cercanos deber\u00eda estar acompa\u00f1ada por un proceso educativo que promueva el valor del amor al vecino, primer ejercicio indispensable para lograr una sana integraci\u00f3n universal\u201d.<\/p>\n<p>La cooperaci\u00f3n multilateral es una herramienta valiosa para promover el bien com\u00fan, prestando especial atenci\u00f3n a las profundas y nuevas causas de los desplazamientos forzados, de modo que \u201clas fronteras no sean zonas de tensi\u00f3n, sino brazos abiertos de reconciliaci\u00f3n\u201d. Hoy \u201cnos enfrentamos [&#8230;] a la elecci\u00f3n entre uno de los dos caminos posibles: uno conduce al fortalecimiento del multilateralismo [&#8230;]; el otro, da preferencia a las actitudes de autosuficiencia, nacionalismo, proteccionismo, individualismo y aislamiento, dejando afuera los m\u00e1s pobres, los m\u00e1s vulnerables, los habitantes de las periferias existenciales\u201d.<\/p>\n<p>La Iglesia camina junto a los pueblos de Centroam\u00e9rica, que han sabido afrontar las crisis con valent\u00eda y ser comunidades que acogen,\u00a0y los exhorta a perseverar en la solidaridad con\u00a0confianza mutua y esperanza audaz.<\/p>\n<p>Les doy las gracias de coraz\u00f3n e invoco sobre todos ustedes y sobre las naciones que representan la bendici\u00f3n del Se\u00f1or.<\/p>\n<p>Vaticano, 5 de junio de 2021<\/p>\n<p>FRANCISCO<\/p>\n<p><strong>\u00a9 Librer\u00eda Editora Vaticana<\/strong><\/p>\n","protected":false},"excerpt":{"rendered":"<p>Mensaje a los participantes del Evento de Solidaridad en Costa Rica<\/p>\n","protected":false},"author":6,"featured_media":21737,"comment_status":"closed","ping_status":"closed","sticky":false,"template":"","format":"standard","meta":{"_acf_changed":false,"_crdt_document":"","inline_featured_image":false,"footnotes":""},"categories":[118,298],"tags":[2788,2787,174,158,2786],"class_list":["post-21730","post","type-post","status-publish","format-standard","has-post-thumbnail","hentry","category-mensajes","category-ultimas-noticias","tag-desplazados","tag-evento-de-solidaridad","tag-mensaje","tag-papa-francisco","tag-sistema-de-la-integracion-centroamericana"],"acf":[],"yoast_head":"<!-- This site is optimized with the Yoast SEO plugin v27.5 - https:\/\/yoast.com\/product\/yoast-seo-wordpress\/ -->\n<title>El Papa urge a tomar medidas frente a los desplazados forzados - Exaudi<\/title>\n<meta name=\"description\" content=\"En un mensaje a los participantes del Evento de Solidaridad en Costa Rica, el Papa ha urgido a tomar medidas con los desplazados forzados.\" \/>\n<meta name=\"robots\" content=\"index, follow, max-snippet:-1, max-image-preview:large, max-video-preview:-1\" \/>\n<link rel=\"canonical\" href=\"https:\/\/exaudi.org\/es\/papa-urgencia-medidas-desplazados-forzados\/\" \/>\n<meta property=\"og:locale\" content=\"es_ES\" \/>\n<meta property=\"og:type\" content=\"article\" \/>\n<meta property=\"og:title\" content=\"El Papa urge a tomar medidas frente a los desplazados forzados - Exaudi\" \/>\n<meta property=\"og:description\" content=\"En un mensaje a los participantes del Evento de Solidaridad en Costa Rica, el Papa ha urgido a tomar medidas con los desplazados forzados.\" \/>\n<meta property=\"og:url\" content=\"https:\/\/exaudi.org\/es\/papa-urgencia-medidas-desplazados-forzados\/\" \/>\n<meta property=\"og:site_name\" content=\"Exaudi\" \/>\n<meta property=\"article:publisher\" content=\"https:\/\/www.facebook.com\/ExaudiNews\" \/>\n<meta property=\"article:published_time\" content=\"2021-06-10T12:31:31+00:00\" \/>\n<meta property=\"article:modified_time\" content=\"2021-06-11T08:50:49+00:00\" \/>\n<meta property=\"og:image\" content=\"https:\/\/exaudi.org\/wp-content\/uploads\/2021\/06\/123vvv.jpeg\" \/>\n\t<meta property=\"og:image:width\" content=\"1236\" \/>\n\t<meta property=\"og:image:height\" content=\"695\" \/>\n\t<meta property=\"og:image:type\" content=\"image\/jpeg\" \/>\n<meta name=\"author\" content=\"Gabriel Sales\" \/>\n<meta name=\"twitter:card\" content=\"summary_large_image\" \/>\n<meta name=\"twitter:creator\" content=\"@habemusman\" \/>\n<meta name=\"twitter:site\" content=\"@Exaudi_News\" \/>\n<meta name=\"twitter:label1\" content=\"Escrito por\" \/>\n\t<meta name=\"twitter:data1\" content=\"Gabriel Sales\" \/>\n\t<meta name=\"twitter:label2\" content=\"Tiempo de lectura\" \/>\n\t<meta name=\"twitter:data2\" content=\"9 minutos\" \/>\n<script type=\"application\/ld+json\" class=\"yoast-schema-graph\">{\"@context\":\"https:\\\/\\\/schema.org\",\"@graph\":[{\"@type\":\"Article\",\"@id\":\"https:\\\/\\\/exaudi.org\\\/es\\\/papa-urgencia-medidas-desplazados-forzados\\\/#article\",\"isPartOf\":{\"@id\":\"https:\\\/\\\/exaudi.org\\\/es\\\/papa-urgencia-medidas-desplazados-forzados\\\/\"},\"author\":{\"name\":\"Gabriel Sales\",\"@id\":\"https:\\\/\\\/exaudi.org\\\/#\\\/schema\\\/person\\\/d134b96438278131ce90c90c03fda6cd\"},\"headline\":\"El Papa urge a tomar medidas frente a los desplazados forzados\",\"datePublished\":\"2021-06-10T12:31:31+00:00\",\"dateModified\":\"2021-06-11T08:50:49+00:00\",\"mainEntityOfPage\":{\"@id\":\"https:\\\/\\\/exaudi.org\\\/es\\\/papa-urgencia-medidas-desplazados-forzados\\\/\"},\"wordCount\":2144,\"image\":{\"@id\":\"https:\\\/\\\/exaudi.org\\\/es\\\/papa-urgencia-medidas-desplazados-forzados\\\/#primaryimage\"},\"thumbnailUrl\":\"https:\\\/\\\/exaudi.org\\\/wp-content\\\/uploads\\\/2021\\\/06\\\/123vvv.jpeg\",\"keywords\":[\"Desplazados\",\"Evento de Solidaridad\",\"mensaje\",\"papa francisco\",\"Sistema de la Integraci\u00f3n Centroamericana\"],\"articleSection\":[\"Mensajes\",\"\u00daltimas noticias\"],\"inLanguage\":\"es\"},{\"@type\":\"WebPage\",\"@id\":\"https:\\\/\\\/exaudi.org\\\/es\\\/papa-urgencia-medidas-desplazados-forzados\\\/\",\"url\":\"https:\\\/\\\/exaudi.org\\\/es\\\/papa-urgencia-medidas-desplazados-forzados\\\/\",\"name\":\"El Papa urge a tomar medidas frente a los desplazados forzados - Exaudi\",\"isPartOf\":{\"@id\":\"https:\\\/\\\/exaudi.org\\\/#website\"},\"primaryImageOfPage\":{\"@id\":\"https:\\\/\\\/exaudi.org\\\/es\\\/papa-urgencia-medidas-desplazados-forzados\\\/#primaryimage\"},\"image\":{\"@id\":\"https:\\\/\\\/exaudi.org\\\/es\\\/papa-urgencia-medidas-desplazados-forzados\\\/#primaryimage\"},\"thumbnailUrl\":\"https:\\\/\\\/exaudi.org\\\/wp-content\\\/uploads\\\/2021\\\/06\\\/123vvv.jpeg\",\"datePublished\":\"2021-06-10T12:31:31+00:00\",\"dateModified\":\"2021-06-11T08:50:49+00:00\",\"author\":{\"@id\":\"https:\\\/\\\/exaudi.org\\\/#\\\/schema\\\/person\\\/d134b96438278131ce90c90c03fda6cd\"},\"description\":\"En un mensaje a los participantes del Evento de Solidaridad en Costa Rica, el Papa ha urgido a tomar medidas con los desplazados forzados.\",\"breadcrumb\":{\"@id\":\"https:\\\/\\\/exaudi.org\\\/es\\\/papa-urgencia-medidas-desplazados-forzados\\\/#breadcrumb\"},\"inLanguage\":\"es\",\"potentialAction\":[{\"@type\":\"ReadAction\",\"target\":[\"https:\\\/\\\/exaudi.org\\\/es\\\/papa-urgencia-medidas-desplazados-forzados\\\/\"]}]},{\"@type\":\"ImageObject\",\"inLanguage\":\"es\",\"@id\":\"https:\\\/\\\/exaudi.org\\\/es\\\/papa-urgencia-medidas-desplazados-forzados\\\/#primaryimage\",\"url\":\"https:\\\/\\\/exaudi.org\\\/wp-content\\\/uploads\\\/2021\\\/06\\\/123vvv.jpeg\",\"contentUrl\":\"https:\\\/\\\/exaudi.org\\\/wp-content\\\/uploads\\\/2021\\\/06\\\/123vvv.jpeg\",\"width\":1236,\"height\":695,\"caption\":\"Desplazados clim\u00e1ticos en Nicaragua \u00a9 Vatican Media\"},{\"@type\":\"BreadcrumbList\",\"@id\":\"https:\\\/\\\/exaudi.org\\\/es\\\/papa-urgencia-medidas-desplazados-forzados\\\/#breadcrumb\",\"itemListElement\":[{\"@type\":\"ListItem\",\"position\":1,\"name\":\"Portada\",\"item\":\"https:\\\/\\\/exaudi.org\\\/es\\\/\"},{\"@type\":\"ListItem\",\"position\":2,\"name\":\"El Papa urge a tomar medidas frente a los desplazados forzados\"}]},{\"@type\":\"WebSite\",\"@id\":\"https:\\\/\\\/exaudi.org\\\/#website\",\"url\":\"https:\\\/\\\/exaudi.org\\\/\",\"name\":\"Exaudi\",\"description\":\"News\",\"potentialAction\":[{\"@type\":\"SearchAction\",\"target\":{\"@type\":\"EntryPoint\",\"urlTemplate\":\"https:\\\/\\\/exaudi.org\\\/?s={search_term_string}\"},\"query-input\":{\"@type\":\"PropertyValueSpecification\",\"valueRequired\":true,\"valueName\":\"search_term_string\"}}],\"inLanguage\":\"es\"},{\"@type\":\"Person\",\"@id\":\"https:\\\/\\\/exaudi.org\\\/#\\\/schema\\\/person\\\/d134b96438278131ce90c90c03fda6cd\",\"name\":\"Gabriel Sales\",\"image\":{\"@type\":\"ImageObject\",\"inLanguage\":\"es\",\"@id\":\"https:\\\/\\\/secure.gravatar.com\\\/avatar\\\/9b1269566f6a063ed26ffb3532b66a373cdde231ce5d0effb266167437fdaffd?s=96&d=mm&r=g\",\"url\":\"https:\\\/\\\/secure.gravatar.com\\\/avatar\\\/9b1269566f6a063ed26ffb3532b66a373cdde231ce5d0effb266167437fdaffd?s=96&d=mm&r=g\",\"contentUrl\":\"https:\\\/\\\/secure.gravatar.com\\\/avatar\\\/9b1269566f6a063ed26ffb3532b66a373cdde231ce5d0effb266167437fdaffd?s=96&d=mm&r=g\",\"caption\":\"Gabriel Sales\"},\"description\":\"Periodista y especialista en Comunicaci\u00f3n y Branding digital. Cin\u00e9filo y cr\u00edtico de cine y series de televisi\u00f3n.\",\"sameAs\":[\"https:\\\/\\\/www.instagram.com\\\/cine90segundos\\\/\",\"www.linkedin.com\\\/in\\\/habemusman\",\"https:\\\/\\\/x.com\\\/habemusman\",\"https:\\\/\\\/www.youtube.com\\\/channel\\\/UCVfCiOMkJ_C7T7OpyjuaLDg\"],\"url\":\"https:\\\/\\\/exaudi.org\\\/es\\\/author\\\/gsalesexaudi-org\\\/\"}]}<\/script>\n<!-- \/ Yoast SEO plugin. -->","yoast_head_json":{"title":"El Papa urge a tomar medidas frente a los desplazados forzados - Exaudi","description":"En un mensaje a los participantes del Evento de Solidaridad en Costa Rica, el Papa ha urgido a tomar medidas con los desplazados forzados.","robots":{"index":"index","follow":"follow","max-snippet":"max-snippet:-1","max-image-preview":"max-image-preview:large","max-video-preview":"max-video-preview:-1"},"canonical":"https:\/\/exaudi.org\/es\/papa-urgencia-medidas-desplazados-forzados\/","og_locale":"es_ES","og_type":"article","og_title":"El Papa urge a tomar medidas frente a los desplazados forzados - Exaudi","og_description":"En un mensaje a los participantes del Evento de Solidaridad en Costa Rica, el Papa ha urgido a tomar medidas con los desplazados forzados.","og_url":"https:\/\/exaudi.org\/es\/papa-urgencia-medidas-desplazados-forzados\/","og_site_name":"Exaudi","article_publisher":"https:\/\/www.facebook.com\/ExaudiNews","article_published_time":"2021-06-10T12:31:31+00:00","article_modified_time":"2021-06-11T08:50:49+00:00","og_image":[{"width":1236,"height":695,"url":"https:\/\/exaudi.org\/wp-content\/uploads\/2021\/06\/123vvv.jpeg","type":"image\/jpeg"}],"author":"Gabriel Sales","twitter_card":"summary_large_image","twitter_creator":"@habemusman","twitter_site":"@Exaudi_News","twitter_misc":{"Escrito por":"Gabriel Sales","Tiempo de lectura":"9 minutos"},"schema":{"@context":"https:\/\/schema.org","@graph":[{"@type":"Article","@id":"https:\/\/exaudi.org\/es\/papa-urgencia-medidas-desplazados-forzados\/#article","isPartOf":{"@id":"https:\/\/exaudi.org\/es\/papa-urgencia-medidas-desplazados-forzados\/"},"author":{"name":"Gabriel Sales","@id":"https:\/\/exaudi.org\/#\/schema\/person\/d134b96438278131ce90c90c03fda6cd"},"headline":"El Papa urge a tomar medidas frente a los desplazados forzados","datePublished":"2021-06-10T12:31:31+00:00","dateModified":"2021-06-11T08:50:49+00:00","mainEntityOfPage":{"@id":"https:\/\/exaudi.org\/es\/papa-urgencia-medidas-desplazados-forzados\/"},"wordCount":2144,"image":{"@id":"https:\/\/exaudi.org\/es\/papa-urgencia-medidas-desplazados-forzados\/#primaryimage"},"thumbnailUrl":"https:\/\/exaudi.org\/wp-content\/uploads\/2021\/06\/123vvv.jpeg","keywords":["Desplazados","Evento de Solidaridad","mensaje","papa francisco","Sistema de la Integraci\u00f3n Centroamericana"],"articleSection":["Mensajes","\u00daltimas noticias"],"inLanguage":"es"},{"@type":"WebPage","@id":"https:\/\/exaudi.org\/es\/papa-urgencia-medidas-desplazados-forzados\/","url":"https:\/\/exaudi.org\/es\/papa-urgencia-medidas-desplazados-forzados\/","name":"El Papa urge a tomar medidas frente a los desplazados forzados - Exaudi","isPartOf":{"@id":"https:\/\/exaudi.org\/#website"},"primaryImageOfPage":{"@id":"https:\/\/exaudi.org\/es\/papa-urgencia-medidas-desplazados-forzados\/#primaryimage"},"image":{"@id":"https:\/\/exaudi.org\/es\/papa-urgencia-medidas-desplazados-forzados\/#primaryimage"},"thumbnailUrl":"https:\/\/exaudi.org\/wp-content\/uploads\/2021\/06\/123vvv.jpeg","datePublished":"2021-06-10T12:31:31+00:00","dateModified":"2021-06-11T08:50:49+00:00","author":{"@id":"https:\/\/exaudi.org\/#\/schema\/person\/d134b96438278131ce90c90c03fda6cd"},"description":"En un mensaje a los participantes del Evento de Solidaridad en Costa Rica, el Papa ha urgido a tomar medidas con los desplazados forzados.","breadcrumb":{"@id":"https:\/\/exaudi.org\/es\/papa-urgencia-medidas-desplazados-forzados\/#breadcrumb"},"inLanguage":"es","potentialAction":[{"@type":"ReadAction","target":["https:\/\/exaudi.org\/es\/papa-urgencia-medidas-desplazados-forzados\/"]}]},{"@type":"ImageObject","inLanguage":"es","@id":"https:\/\/exaudi.org\/es\/papa-urgencia-medidas-desplazados-forzados\/#primaryimage","url":"https:\/\/exaudi.org\/wp-content\/uploads\/2021\/06\/123vvv.jpeg","contentUrl":"https:\/\/exaudi.org\/wp-content\/uploads\/2021\/06\/123vvv.jpeg","width":1236,"height":695,"caption":"Desplazados clim\u00e1ticos en Nicaragua \u00a9 Vatican Media"},{"@type":"BreadcrumbList","@id":"https:\/\/exaudi.org\/es\/papa-urgencia-medidas-desplazados-forzados\/#breadcrumb","itemListElement":[{"@type":"ListItem","position":1,"name":"Portada","item":"https:\/\/exaudi.org\/es\/"},{"@type":"ListItem","position":2,"name":"El Papa urge a tomar medidas frente a los desplazados forzados"}]},{"@type":"WebSite","@id":"https:\/\/exaudi.org\/#website","url":"https:\/\/exaudi.org\/","name":"Exaudi","description":"News","potentialAction":[{"@type":"SearchAction","target":{"@type":"EntryPoint","urlTemplate":"https:\/\/exaudi.org\/?s={search_term_string}"},"query-input":{"@type":"PropertyValueSpecification","valueRequired":true,"valueName":"search_term_string"}}],"inLanguage":"es"},{"@type":"Person","@id":"https:\/\/exaudi.org\/#\/schema\/person\/d134b96438278131ce90c90c03fda6cd","name":"Gabriel Sales","image":{"@type":"ImageObject","inLanguage":"es","@id":"https:\/\/secure.gravatar.com\/avatar\/9b1269566f6a063ed26ffb3532b66a373cdde231ce5d0effb266167437fdaffd?s=96&d=mm&r=g","url":"https:\/\/secure.gravatar.com\/avatar\/9b1269566f6a063ed26ffb3532b66a373cdde231ce5d0effb266167437fdaffd?s=96&d=mm&r=g","contentUrl":"https:\/\/secure.gravatar.com\/avatar\/9b1269566f6a063ed26ffb3532b66a373cdde231ce5d0effb266167437fdaffd?s=96&d=mm&r=g","caption":"Gabriel Sales"},"description":"Periodista y especialista en Comunicaci\u00f3n y Branding digital. Cin\u00e9filo y cr\u00edtico de cine y series de televisi\u00f3n.","sameAs":["https:\/\/www.instagram.com\/cine90segundos\/","www.linkedin.com\/in\/habemusman","https:\/\/x.com\/habemusman","https:\/\/www.youtube.com\/channel\/UCVfCiOMkJ_C7T7OpyjuaLDg"],"url":"https:\/\/exaudi.org\/es\/author\/gsalesexaudi-org\/"}]}},"jetpack_featured_media_url":"https:\/\/exaudi.org\/wp-content\/uploads\/2021\/06\/123vvv.jpeg","jetpack_shortlink":"https:\/\/wp.me\/pgKjF2-5Eu","_links":{"self":[{"href":"https:\/\/exaudi.org\/es\/wp-json\/wp\/v2\/posts\/21730","targetHints":{"allow":["GET"]}}],"collection":[{"href":"https:\/\/exaudi.org\/es\/wp-json\/wp\/v2\/posts"}],"about":[{"href":"https:\/\/exaudi.org\/es\/wp-json\/wp\/v2\/types\/post"}],"author":[{"embeddable":true,"href":"https:\/\/exaudi.org\/es\/wp-json\/wp\/v2\/users\/6"}],"replies":[{"embeddable":true,"href":"https:\/\/exaudi.org\/es\/wp-json\/wp\/v2\/comments?post=21730"}],"version-history":[{"count":0,"href":"https:\/\/exaudi.org\/es\/wp-json\/wp\/v2\/posts\/21730\/revisions"}],"wp:featuredmedia":[{"embeddable":true,"href":"https:\/\/exaudi.org\/es\/wp-json\/wp\/v2\/media\/21737"}],"wp:attachment":[{"href":"https:\/\/exaudi.org\/es\/wp-json\/wp\/v2\/media?parent=21730"}],"wp:term":[{"taxonomy":"category","embeddable":true,"href":"https:\/\/exaudi.org\/es\/wp-json\/wp\/v2\/categories?post=21730"},{"taxonomy":"post_tag","embeddable":true,"href":"https:\/\/exaudi.org\/es\/wp-json\/wp\/v2\/tags?post=21730"}],"curies":[{"name":"wp","href":"https:\/\/api.w.org\/{rel}","templated":true}]}}