{"id":21725,"date":"2021-06-10T15:00:37","date_gmt":"2021-06-10T13:00:37","guid":{"rendered":"https:\/\/exaudi.org\/?p=21725"},"modified":"2021-06-11T10:50:47","modified_gmt":"2021-06-11T08:50:47","slug":"estados-unidos-asamblea-general-de-primavera-del-episcopado","status":"publish","type":"post","link":"https:\/\/exaudi.org\/es\/estados-unidos-asamblea-general-de-primavera-del-episcopado\/","title":{"rendered":"Estados Unidos: Asamblea general de Primavera del Episcopado"},"content":{"rendered":"<p>La Conferencia de Obispos Cat\u00f3licos de <a href=\"https:\/\/exaudi.org\/es\/estados-unidos-asamblea-emergencia-migracion-2021\/\" target=\"_blank\" rel=\"noopener noreferrer\">Estados Unidos<\/a> (USCCB) se reunir\u00e1 virtualmente del 16 al 18 de junio para su Asamblea general de primavera del a\u00f1o 2021, inform\u00f3 el pasado martes,8 de junio de 2021, la propia <a href=\"https:\/\/www.usccb.org\/\" target=\"_blank\" rel=\"noopener noreferrer\">USCCB<\/a> en una nota.<\/p>\n<p>Seg\u00fan indica el comunicado, a<span lang=\"ES\"> principios de a\u00f1o, los miembros del Episcopado estadounidense votaron para aprobar la convocatoria de la reuni\u00f3n de junio de en un formato virtual debido a que permanecen vigentes los desaf\u00edos para reunirse en persona por la pandemia de COVID-19.<\/span><\/p>\n<h4><strong>Asamblea general<\/strong><\/h4>\n<p><span lang=\"ES\">La asamblea comenzar\u00e1 con un discurso del arzobispo Christophe Pierre, nuncio apost\u00f3lico en EE.UU. Los obispos tambi\u00e9n escuchar\u00e1n a Mons. Jos\u00e9 H. Gomez, arzobispo de Los \u00c1ngeles, mientras se dirige a la asamblea como presidente de la USCCB. <\/span><span lang=\"ES\">La agenda de la reuni\u00f3n incluye votaciones sobre los siguientes aspectos:<\/span><\/p>\n<p><span lang=\"ES\">&#8211; Causas de beatificaci\u00f3n y canonizaci\u00f3n para los Siervos de Dios, Joseph Verbis Lefleur y Marinus (Leonard) LaRue.<\/span><\/p>\n<p><span lang=\"ES\">&#8211; La aprobaci\u00f3n de tres traducciones por parte de la Comisi\u00f3n Internacional del Ingl\u00e9s en la Liturgia (ICEL) para su uso en las di\u00f3cesis de Estados Unidos.<\/span><\/p>\n<p><span lang=\"ES\">&#8211; Un Marco Pastoral Nacional para el Ministerio del Matrimonio y la Vida Familiar en Estados Unidos: Un Llamado al Gozo del Amor.<\/span><\/p>\n<p><span lang=\"ES\">&#8211; El desarrollo de una nueva declaraci\u00f3n formal y una visi\u00f3n integral para el Ministerio de Nativos Americanos \/ Nativos de Alaska.<\/span><\/p>\n<p><span lang=\"ES\">&#8211; La aprobaci\u00f3n de la redacci\u00f3n de una declaraci\u00f3n formal sobre el significado de la Eucarist\u00eda en la vida de la Iglesia.<\/span><\/p>\n<p><span lang=\"ES\">&#8211; La aprobaci\u00f3n de la redacci\u00f3n de un Marco Pastoral Nacional para J\u00f3venes y Adultos J\u00f3venes.<\/span><\/p>\n<p><span lang=\"ES\">Durante la reuni\u00f3n, los obispos conocer\u00e1n un informe de la Junta Nacional de Revisi\u00f3n que asesora al Comit\u00e9 para la Protecci\u00f3n de Ni\u00f1os y J\u00f3venes y a la USCCB sobre asuntos de protecci\u00f3n de ni\u00f1os y j\u00f3venes, espec\u00edficamente en materia de pol\u00edticas y pr\u00e1cticas. <\/span><\/p>\n<p><span lang=\"ES\">Adem\u00e1s, la agenda incluye una actualizaci\u00f3n del Comit\u00e9 de Evangelizaci\u00f3n y Catequesis sobre la iniciativa del avivamiento eucar\u00edstico; una actualizaci\u00f3n del Subcomit\u00e9 de Pastoral para Inmigrantes, Refugiados y Viajeros sobre un estudio del Centro de Investigaci\u00f3n Aplicada en el Apostolado (CARA), y una actualizaci\u00f3n sobre el trabajo del Subcomit\u00e9 de Catecismo.<\/span><\/p>\n<h4><strong>Retransmisi\u00f3n del acto<\/strong><\/h4>\n<p><span lang=\"ES\">La USCCB explica que la transmisi\u00f3n en vivo de las sesiones p\u00fablicas de la Asamblea general, los votos y recuentos de los puntos de acci\u00f3n, actualizaciones de noticias, textos de discursos y presentaciones y otros materiales estar\u00e1n disponibles en el sitio web <u><a href=\"https:\/\/u7061146.ct.sendgrid.net\/ls\/click?upn=TeZUXWpUv-2B6TCY38pVLo9sOn45lrOW1Xo76Z6OgOGQheo8kHTeLWP9OrE2K-2FrRdknc4t_qgS9KXrecRr33w291gesgOphN1F1Vk6LlWNHnXJ-2BaL8IB-2BmTJEPtvmUJKzw5LWmj8cHNxFKsJe8Bu-2FcrqFe4qpcRKCDAXr6YchsfMTjJIzyG4wc8yRLKQE5BC3gFu4V3C24s5KJauOWlfCRBq1na1Q77bMbuGVz9-2FGIYFY2J0vH1EfveLOfyUpCRpHZBbdxb-2B50d5a1hwI2CdRcz5X9qkXm8SeafTqkyIURoe6tO-2FCZI1nWeG4ICyBFb7PZQmp3PqqNCDO9A8lRfFFfyS3bjdWAtnpjdRdbZDY7Ml5TSqxWtLE4dMey4wFdqqKrAv0is5EIaquU2kr4a5Kw9uavdGhT7oYMVxjGdoOiweYxQYCI-3D\" target=\"_blank\" rel=\"noopener noreferrer\" data-saferedirecturl=\"https:\/\/www.google.com\/url?q=https:\/\/u7061146.ct.sendgrid.net\/ls\/click?upn%3DTeZUXWpUv-2B6TCY38pVLo9sOn45lrOW1Xo76Z6OgOGQheo8kHTeLWP9OrE2K-2FrRdknc4t_qgS9KXrecRr33w291gesgOphN1F1Vk6LlWNHnXJ-2BaL8IB-2BmTJEPtvmUJKzw5LWmj8cHNxFKsJe8Bu-2FcrqFe4qpcRKCDAXr6YchsfMTjJIzyG4wc8yRLKQE5BC3gFu4V3C24s5KJauOWlfCRBq1na1Q77bMbuGVz9-2FGIYFY2J0vH1EfveLOfyUpCRpHZBbdxb-2B50d5a1hwI2CdRcz5X9qkXm8SeafTqkyIURoe6tO-2FCZI1nWeG4ICyBFb7PZQmp3PqqNCDO9A8lRfFFfyS3bjdWAtnpjdRdbZDY7Ml5TSqxWtLE4dMey4wFdqqKrAv0is5EIaquU2kr4a5Kw9uavdGhT7oYMVxjGdoOiweYxQYCI-3D&amp;source=gmail&amp;ust=1623413530800000&amp;usg=AFQjCNGZqYBiobTYy9rYqKH19eNSOxPjKg\">www.usccb.org\/meetings<\/a><\/u>.<\/span><\/p>\n<p><span lang=\"ES\">Se sugiere a quienes deseen seguir la reuni\u00f3n a trav\u00e9s de las redes sociales que utilicen el hashtag #USCCB21 y seguirla en <em>Twitter<\/em> (<u><a href=\"https:\/\/u7061146.ct.sendgrid.net\/ls\/click?upn=4tNED-2FM8iDZJQyQ53jATUanm0UUAIqSLOMZrZ6E8fg9ItjBlbVB0igycuhVQcssXHuMG_qgS9KXrecRr33w291gesgOphN1F1Vk6LlWNHnXJ-2BaL8IB-2BmTJEPtvmUJKzw5LWmj8cHNxFKsJe8Bu-2FcrqFe4qpcRKCDAXr6YchsfMTjJIzyG4wc8yRLKQE5BC3gFu4V3C24s5KJauOWlfCRBq1na1Q77bMbuGVz9-2FGIYFY2J0vH1EfveLOfyUpCRpHZBbdxbre6RwXIWWppScM17flZLoqbtGQT2dOJkf2i0sQywtUmzw0n4iLAhWBjstp5kWhhrxs9qTLsEwZDMtbeBY13ioN6viqOZbYdHkZH1c-2B-2Fv3qbdf0E4-2B7b7HpEFc6q2VCLi-2FKbm7S-2F04zZQSMEVimtcL4l7cn4RRn5LZmGUXb6q-2B68-3D\" target=\"_blank\" rel=\"noopener noreferrer\" data-saferedirecturl=\"https:\/\/www.google.com\/url?q=https:\/\/u7061146.ct.sendgrid.net\/ls\/click?upn%3D4tNED-2FM8iDZJQyQ53jATUanm0UUAIqSLOMZrZ6E8fg9ItjBlbVB0igycuhVQcssXHuMG_qgS9KXrecRr33w291gesgOphN1F1Vk6LlWNHnXJ-2BaL8IB-2BmTJEPtvmUJKzw5LWmj8cHNxFKsJe8Bu-2FcrqFe4qpcRKCDAXr6YchsfMTjJIzyG4wc8yRLKQE5BC3gFu4V3C24s5KJauOWlfCRBq1na1Q77bMbuGVz9-2FGIYFY2J0vH1EfveLOfyUpCRpHZBbdxbre6RwXIWWppScM17flZLoqbtGQT2dOJkf2i0sQywtUmzw0n4iLAhWBjstp5kWhhrxs9qTLsEwZDMtbeBY13ioN6viqOZbYdHkZH1c-2B-2Fv3qbdf0E4-2B7b7HpEFc6q2VCLi-2FKbm7S-2F04zZQSMEVimtcL4l7cn4RRn5LZmGUXb6q-2B68-3D&amp;source=gmail&amp;ust=1623413530800000&amp;usg=AFQjCNEWyqRAB-YMVJp9cSDbM8Qmg0-6vQ\">@USCCB<\/a><\/u>) <em>Facebook<\/em> (<u><a href=\"https:\/\/u7061146.ct.sendgrid.net\/ls\/click?upn=TeZUXWpUv-2B6TCY38pVLo9jw1V-2Bo5zjnJlDYvuv2Uss9IxmfZXx-2Fjy0M5m4RBOHPppXqY_qgS9KXrecRr33w291gesgOphN1F1Vk6LlWNHnXJ-2BaL8IB-2BmTJEPtvmUJKzw5LWmj8cHNxFKsJe8Bu-2FcrqFe4qpcRKCDAXr6YchsfMTjJIzyG4wc8yRLKQE5BC3gFu4V3C24s5KJauOWlfCRBq1na1Q77bMbuGVz9-2FGIYFY2J0vH1EfveLOfyUpCRpHZBbdxbfWbzKutc3R5cuuvq6aOyyMAK6BZcTd4Gof-2F8-2Bi-2FnR0fdklYIyUblMGj7EqUccOWkWS4-2BV-2BIF903YZepthxhww6IxXZuC2V0Lzvsuj40t2gNCI2X-2Bj2lNCO4jcFO38gMDcDmLpZ-2FfxQZLgBDbiJuETNUf-2BY-2Fvn81QBdud7h4-2BuRs-3D\" target=\"_blank\" rel=\"noopener noreferrer\" data-saferedirecturl=\"https:\/\/www.google.com\/url?q=https:\/\/u7061146.ct.sendgrid.net\/ls\/click?upn%3DTeZUXWpUv-2B6TCY38pVLo9jw1V-2Bo5zjnJlDYvuv2Uss9IxmfZXx-2Fjy0M5m4RBOHPppXqY_qgS9KXrecRr33w291gesgOphN1F1Vk6LlWNHnXJ-2BaL8IB-2BmTJEPtvmUJKzw5LWmj8cHNxFKsJe8Bu-2FcrqFe4qpcRKCDAXr6YchsfMTjJIzyG4wc8yRLKQE5BC3gFu4V3C24s5KJauOWlfCRBq1na1Q77bMbuGVz9-2FGIYFY2J0vH1EfveLOfyUpCRpHZBbdxbfWbzKutc3R5cuuvq6aOyyMAK6BZcTd4Gof-2F8-2Bi-2FnR0fdklYIyUblMGj7EqUccOWkWS4-2BV-2BIF903YZepthxhww6IxXZuC2V0Lzvsuj40t2gNCI2X-2Bj2lNCO4jcFO38gMDcDmLpZ-2FfxQZLgBDbiJuETNUf-2BY-2Fvn81QBdud7h4-2BuRs-3D&amp;source=gmail&amp;ust=1623413530800000&amp;usg=AFQjCNHnK5NWuEZcw2bc3g8Gw7R6s4cwew\">www.facebook.com\/usccb<\/a><\/u>) e <em>Instagram<\/em> (<u><a href=\"https:\/\/u7061146.ct.sendgrid.net\/ls\/click?upn=4tNED-2FM8iDZJQyQ53jATUbiPBvWe9-2Bp58tEIiivJigBCkAuBq-2F9DzNjk5z-2Bx0N6vtRHH_qgS9KXrecRr33w291gesgOphN1F1Vk6LlWNHnXJ-2BaL8IB-2BmTJEPtvmUJKzw5LWmj8cHNxFKsJe8Bu-2FcrqFe4qpcRKCDAXr6YchsfMTjJIzyG4wc8yRLKQE5BC3gFu4V3C24s5KJauOWlfCRBq1na1Q77bMbuGVz9-2FGIYFY2J0vH1EfveLOfyUpCRpHZBbdxblG-2FeVkWsXUImpplu6sYv3B7yQmmFoP74vDpVKX9-2FtaQz8DxVRCO5TGmXQ2Z5cBT1VKlGKY7jWJ0GxK1yamE7HEv-2BMtv3grBloEw3-2FjOXiUfbrOUOYo0E1U-2BeLvCKYNYNc7C5rcZz5PLeTMUsvVbwIFSgRSqW3M9NMk9qgchnMSE-3D\" target=\"_blank\" rel=\"noopener noreferrer\" data-saferedirecturl=\"https:\/\/www.google.com\/url?q=https:\/\/u7061146.ct.sendgrid.net\/ls\/click?upn%3D4tNED-2FM8iDZJQyQ53jATUbiPBvWe9-2Bp58tEIiivJigBCkAuBq-2F9DzNjk5z-2Bx0N6vtRHH_qgS9KXrecRr33w291gesgOphN1F1Vk6LlWNHnXJ-2BaL8IB-2BmTJEPtvmUJKzw5LWmj8cHNxFKsJe8Bu-2FcrqFe4qpcRKCDAXr6YchsfMTjJIzyG4wc8yRLKQE5BC3gFu4V3C24s5KJauOWlfCRBq1na1Q77bMbuGVz9-2FGIYFY2J0vH1EfveLOfyUpCRpHZBbdxblG-2FeVkWsXUImpplu6sYv3B7yQmmFoP74vDpVKX9-2FtaQz8DxVRCO5TGmXQ2Z5cBT1VKlGKY7jWJ0GxK1yamE7HEv-2BMtv3grBloEw3-2FjOXiUfbrOUOYo0E1U-2BeLvCKYNYNc7C5rcZz5PLeTMUsvVbwIFSgRSqW3M9NMk9qgchnMSE-3D&amp;source=gmail&amp;ust=1623413530800000&amp;usg=AFQjCNEqGjpEyrRsF913VFOmfoBqnKLdEw\">https:\/\/instagram.com\/usccb<\/a><\/u>).<\/span><\/p>\n<p><span lang=\"ES\">La transmisi\u00f3n en vivo de la reuni\u00f3n se realizar\u00e1 en el sitio web de la USCCB de acuerdo con el siguiente horario:<\/span><\/p>\n<p><span lang=\"ES\">&#8211; Mi\u00e9rcoles 16 de junio (14:30 horas &#8211; 16 h EDT).<\/span><\/p>\n<p><span lang=\"ES\">&#8211; Jueves 17 de junio (13 h &#8211; 16 h EDT).<\/span><\/p>\n<p><span lang=\"ES\">&#8211; Viernes 18 de junio (13 h &#8211; 14:30 h EDT).<\/span><\/p>\n<p><span lang=\"ES\">Tambi\u00e9n habr\u00e1 una rueda de prensa transmitida en vivo en el sitio web de la USCCB el 16 de junio, prevista a comenzar quince minutos despu\u00e9s de la conclusi\u00f3n de la sesi\u00f3n general (aproximadamente a las 16:15 horas).<\/span><\/p>\n","protected":false},"excerpt":{"rendered":"<p>Del 16 al 18 de junio<\/p>\n","protected":false},"author":6,"featured_media":21744,"comment_status":"closed","ping_status":"closed","sticky":false,"template":"","format":"standard","meta":{"_acf_changed":false,"_crdt_document":"","inline_featured_image":false,"footnotes":""},"categories":[86,298],"tags":[],"class_list":["post-21725","post","type-post","status-publish","format-standard","has-post-thumbnail","hentry","category-iglesia-local","category-ultimas-noticias"],"acf":[],"yoast_head":"<!-- This site is optimized with the Yoast SEO plugin v27.5 - https:\/\/yoast.com\/product\/yoast-seo-wordpress\/ -->\n<title>Estados Unidos: Asamblea general de Primavera del Episcopado<\/title>\n<meta name=\"description\" content=\"La Conferencia de Obispos Cat\u00f3licos de Estados Unidos se reunir\u00e1 en Asamblea general de Primavera del 16 al 18 de junio v\u00eda online.\" \/>\n<meta name=\"robots\" content=\"index, follow, max-snippet:-1, max-image-preview:large, max-video-preview:-1\" \/>\n<link rel=\"canonical\" href=\"https:\/\/exaudi.org\/es\/estados-unidos-asamblea-general-de-primavera-del-episcopado\/\" \/>\n<meta property=\"og:locale\" content=\"es_ES\" \/>\n<meta property=\"og:type\" content=\"article\" \/>\n<meta property=\"og:title\" content=\"Estados Unidos: Asamblea general de Primavera del Episcopado\" \/>\n<meta property=\"og:description\" content=\"La Conferencia de Obispos Cat\u00f3licos de Estados Unidos se reunir\u00e1 en Asamblea general de Primavera del 16 al 18 de junio v\u00eda online.\" \/>\n<meta property=\"og:url\" content=\"https:\/\/exaudi.org\/es\/estados-unidos-asamblea-general-de-primavera-del-episcopado\/\" \/>\n<meta property=\"og:site_name\" content=\"Exaudi\" \/>\n<meta property=\"article:publisher\" content=\"https:\/\/www.facebook.com\/ExaudiNews\" \/>\n<meta property=\"article:published_time\" content=\"2021-06-10T13:00:37+00:00\" \/>\n<meta property=\"article:modified_time\" content=\"2021-06-11T08:50:47+00:00\" \/>\n<meta property=\"og:image\" content=\"https:\/\/exaudi.org\/wp-content\/uploads\/2021\/06\/0909l0.jpeg\" \/>\n\t<meta property=\"og:image:width\" content=\"1455\" \/>\n\t<meta property=\"og:image:height\" content=\"819\" \/>\n\t<meta property=\"og:image:type\" content=\"image\/jpeg\" \/>\n<meta name=\"author\" content=\"Gabriel Sales\" \/>\n<meta name=\"twitter:card\" content=\"summary_large_image\" \/>\n<meta name=\"twitter:creator\" content=\"@habemusman\" \/>\n<meta name=\"twitter:site\" content=\"@Exaudi_News\" \/>\n<meta name=\"twitter:label1\" content=\"Escrito por\" \/>\n\t<meta name=\"twitter:data1\" content=\"Gabriel Sales\" \/>\n\t<meta name=\"twitter:label2\" content=\"Tiempo de lectura\" \/>\n\t<meta name=\"twitter:data2\" content=\"3 minutos\" \/>\n<script type=\"application\/ld+json\" class=\"yoast-schema-graph\">{\"@context\":\"https:\\\/\\\/schema.org\",\"@graph\":[{\"@type\":\"Article\",\"@id\":\"https:\\\/\\\/exaudi.org\\\/es\\\/estados-unidos-asamblea-general-de-primavera-del-episcopado\\\/#article\",\"isPartOf\":{\"@id\":\"https:\\\/\\\/exaudi.org\\\/es\\\/estados-unidos-asamblea-general-de-primavera-del-episcopado\\\/\"},\"author\":{\"name\":\"Gabriel Sales\",\"@id\":\"https:\\\/\\\/exaudi.org\\\/#\\\/schema\\\/person\\\/d134b96438278131ce90c90c03fda6cd\"},\"headline\":\"Estados Unidos: Asamblea general de Primavera del Episcopado\",\"datePublished\":\"2021-06-10T13:00:37+00:00\",\"dateModified\":\"2021-06-11T08:50:47+00:00\",\"mainEntityOfPage\":{\"@id\":\"https:\\\/\\\/exaudi.org\\\/es\\\/estados-unidos-asamblea-general-de-primavera-del-episcopado\\\/\"},\"wordCount\":588,\"image\":{\"@id\":\"https:\\\/\\\/exaudi.org\\\/es\\\/estados-unidos-asamblea-general-de-primavera-del-episcopado\\\/#primaryimage\"},\"thumbnailUrl\":\"https:\\\/\\\/exaudi.org\\\/wp-content\\\/uploads\\\/2021\\\/06\\\/0909l0.jpeg\",\"articleSection\":[\"Iglesia Local\",\"\u00daltimas noticias\"],\"inLanguage\":\"es\"},{\"@type\":\"WebPage\",\"@id\":\"https:\\\/\\\/exaudi.org\\\/es\\\/estados-unidos-asamblea-general-de-primavera-del-episcopado\\\/\",\"url\":\"https:\\\/\\\/exaudi.org\\\/es\\\/estados-unidos-asamblea-general-de-primavera-del-episcopado\\\/\",\"name\":\"Estados Unidos: Asamblea general de Primavera del Episcopado\",\"isPartOf\":{\"@id\":\"https:\\\/\\\/exaudi.org\\\/#website\"},\"primaryImageOfPage\":{\"@id\":\"https:\\\/\\\/exaudi.org\\\/es\\\/estados-unidos-asamblea-general-de-primavera-del-episcopado\\\/#primaryimage\"},\"image\":{\"@id\":\"https:\\\/\\\/exaudi.org\\\/es\\\/estados-unidos-asamblea-general-de-primavera-del-episcopado\\\/#primaryimage\"},\"thumbnailUrl\":\"https:\\\/\\\/exaudi.org\\\/wp-content\\\/uploads\\\/2021\\\/06\\\/0909l0.jpeg\",\"datePublished\":\"2021-06-10T13:00:37+00:00\",\"dateModified\":\"2021-06-11T08:50:47+00:00\",\"author\":{\"@id\":\"https:\\\/\\\/exaudi.org\\\/#\\\/schema\\\/person\\\/d134b96438278131ce90c90c03fda6cd\"},\"description\":\"La Conferencia de Obispos Cat\u00f3licos de Estados Unidos se reunir\u00e1 en Asamblea general de Primavera del 16 al 18 de junio v\u00eda online.\",\"breadcrumb\":{\"@id\":\"https:\\\/\\\/exaudi.org\\\/es\\\/estados-unidos-asamblea-general-de-primavera-del-episcopado\\\/#breadcrumb\"},\"inLanguage\":\"es\",\"potentialAction\":[{\"@type\":\"ReadAction\",\"target\":[\"https:\\\/\\\/exaudi.org\\\/es\\\/estados-unidos-asamblea-general-de-primavera-del-episcopado\\\/\"]}]},{\"@type\":\"ImageObject\",\"inLanguage\":\"es\",\"@id\":\"https:\\\/\\\/exaudi.org\\\/es\\\/estados-unidos-asamblea-general-de-primavera-del-episcopado\\\/#primaryimage\",\"url\":\"https:\\\/\\\/exaudi.org\\\/wp-content\\\/uploads\\\/2021\\\/06\\\/0909l0.jpeg\",\"contentUrl\":\"https:\\\/\\\/exaudi.org\\\/wp-content\\\/uploads\\\/2021\\\/06\\\/0909l0.jpeg\",\"width\":1455,\"height\":819,\"caption\":\"Audiencia del Papa a la USCCB en 2020 \u00a9 Vatican Media\"},{\"@type\":\"BreadcrumbList\",\"@id\":\"https:\\\/\\\/exaudi.org\\\/es\\\/estados-unidos-asamblea-general-de-primavera-del-episcopado\\\/#breadcrumb\",\"itemListElement\":[{\"@type\":\"ListItem\",\"position\":1,\"name\":\"Portada\",\"item\":\"https:\\\/\\\/exaudi.org\\\/es\\\/\"},{\"@type\":\"ListItem\",\"position\":2,\"name\":\"Estados Unidos: Asamblea general de Primavera del Episcopado\"}]},{\"@type\":\"WebSite\",\"@id\":\"https:\\\/\\\/exaudi.org\\\/#website\",\"url\":\"https:\\\/\\\/exaudi.org\\\/\",\"name\":\"Exaudi\",\"description\":\"News\",\"potentialAction\":[{\"@type\":\"SearchAction\",\"target\":{\"@type\":\"EntryPoint\",\"urlTemplate\":\"https:\\\/\\\/exaudi.org\\\/?s={search_term_string}\"},\"query-input\":{\"@type\":\"PropertyValueSpecification\",\"valueRequired\":true,\"valueName\":\"search_term_string\"}}],\"inLanguage\":\"es\"},{\"@type\":\"Person\",\"@id\":\"https:\\\/\\\/exaudi.org\\\/#\\\/schema\\\/person\\\/d134b96438278131ce90c90c03fda6cd\",\"name\":\"Gabriel Sales\",\"image\":{\"@type\":\"ImageObject\",\"inLanguage\":\"es\",\"@id\":\"https:\\\/\\\/secure.gravatar.com\\\/avatar\\\/9b1269566f6a063ed26ffb3532b66a373cdde231ce5d0effb266167437fdaffd?s=96&d=mm&r=g\",\"url\":\"https:\\\/\\\/secure.gravatar.com\\\/avatar\\\/9b1269566f6a063ed26ffb3532b66a373cdde231ce5d0effb266167437fdaffd?s=96&d=mm&r=g\",\"contentUrl\":\"https:\\\/\\\/secure.gravatar.com\\\/avatar\\\/9b1269566f6a063ed26ffb3532b66a373cdde231ce5d0effb266167437fdaffd?s=96&d=mm&r=g\",\"caption\":\"Gabriel Sales\"},\"description\":\"Periodista y especialista en Comunicaci\u00f3n y Branding digital. Cin\u00e9filo y cr\u00edtico de cine y series de televisi\u00f3n.\",\"sameAs\":[\"https:\\\/\\\/www.instagram.com\\\/cine90segundos\\\/\",\"www.linkedin.com\\\/in\\\/habemusman\",\"https:\\\/\\\/x.com\\\/habemusman\",\"https:\\\/\\\/www.youtube.com\\\/channel\\\/UCVfCiOMkJ_C7T7OpyjuaLDg\"],\"url\":\"https:\\\/\\\/exaudi.org\\\/es\\\/author\\\/gsalesexaudi-org\\\/\"}]}<\/script>\n<!-- \/ Yoast SEO plugin. -->","yoast_head_json":{"title":"Estados Unidos: Asamblea general de Primavera del Episcopado","description":"La Conferencia de Obispos Cat\u00f3licos de Estados Unidos se reunir\u00e1 en Asamblea general de Primavera del 16 al 18 de junio v\u00eda online.","robots":{"index":"index","follow":"follow","max-snippet":"max-snippet:-1","max-image-preview":"max-image-preview:large","max-video-preview":"max-video-preview:-1"},"canonical":"https:\/\/exaudi.org\/es\/estados-unidos-asamblea-general-de-primavera-del-episcopado\/","og_locale":"es_ES","og_type":"article","og_title":"Estados Unidos: Asamblea general de Primavera del Episcopado","og_description":"La Conferencia de Obispos Cat\u00f3licos de Estados Unidos se reunir\u00e1 en Asamblea general de Primavera del 16 al 18 de junio v\u00eda online.","og_url":"https:\/\/exaudi.org\/es\/estados-unidos-asamblea-general-de-primavera-del-episcopado\/","og_site_name":"Exaudi","article_publisher":"https:\/\/www.facebook.com\/ExaudiNews","article_published_time":"2021-06-10T13:00:37+00:00","article_modified_time":"2021-06-11T08:50:47+00:00","og_image":[{"width":1455,"height":819,"url":"https:\/\/exaudi.org\/wp-content\/uploads\/2021\/06\/0909l0.jpeg","type":"image\/jpeg"}],"author":"Gabriel Sales","twitter_card":"summary_large_image","twitter_creator":"@habemusman","twitter_site":"@Exaudi_News","twitter_misc":{"Escrito por":"Gabriel Sales","Tiempo de lectura":"3 minutos"},"schema":{"@context":"https:\/\/schema.org","@graph":[{"@type":"Article","@id":"https:\/\/exaudi.org\/es\/estados-unidos-asamblea-general-de-primavera-del-episcopado\/#article","isPartOf":{"@id":"https:\/\/exaudi.org\/es\/estados-unidos-asamblea-general-de-primavera-del-episcopado\/"},"author":{"name":"Gabriel Sales","@id":"https:\/\/exaudi.org\/#\/schema\/person\/d134b96438278131ce90c90c03fda6cd"},"headline":"Estados Unidos: Asamblea general de Primavera del Episcopado","datePublished":"2021-06-10T13:00:37+00:00","dateModified":"2021-06-11T08:50:47+00:00","mainEntityOfPage":{"@id":"https:\/\/exaudi.org\/es\/estados-unidos-asamblea-general-de-primavera-del-episcopado\/"},"wordCount":588,"image":{"@id":"https:\/\/exaudi.org\/es\/estados-unidos-asamblea-general-de-primavera-del-episcopado\/#primaryimage"},"thumbnailUrl":"https:\/\/exaudi.org\/wp-content\/uploads\/2021\/06\/0909l0.jpeg","articleSection":["Iglesia Local","\u00daltimas noticias"],"inLanguage":"es"},{"@type":"WebPage","@id":"https:\/\/exaudi.org\/es\/estados-unidos-asamblea-general-de-primavera-del-episcopado\/","url":"https:\/\/exaudi.org\/es\/estados-unidos-asamblea-general-de-primavera-del-episcopado\/","name":"Estados Unidos: Asamblea general de Primavera del Episcopado","isPartOf":{"@id":"https:\/\/exaudi.org\/#website"},"primaryImageOfPage":{"@id":"https:\/\/exaudi.org\/es\/estados-unidos-asamblea-general-de-primavera-del-episcopado\/#primaryimage"},"image":{"@id":"https:\/\/exaudi.org\/es\/estados-unidos-asamblea-general-de-primavera-del-episcopado\/#primaryimage"},"thumbnailUrl":"https:\/\/exaudi.org\/wp-content\/uploads\/2021\/06\/0909l0.jpeg","datePublished":"2021-06-10T13:00:37+00:00","dateModified":"2021-06-11T08:50:47+00:00","author":{"@id":"https:\/\/exaudi.org\/#\/schema\/person\/d134b96438278131ce90c90c03fda6cd"},"description":"La Conferencia de Obispos Cat\u00f3licos de Estados Unidos se reunir\u00e1 en Asamblea general de Primavera del 16 al 18 de junio v\u00eda online.","breadcrumb":{"@id":"https:\/\/exaudi.org\/es\/estados-unidos-asamblea-general-de-primavera-del-episcopado\/#breadcrumb"},"inLanguage":"es","potentialAction":[{"@type":"ReadAction","target":["https:\/\/exaudi.org\/es\/estados-unidos-asamblea-general-de-primavera-del-episcopado\/"]}]},{"@type":"ImageObject","inLanguage":"es","@id":"https:\/\/exaudi.org\/es\/estados-unidos-asamblea-general-de-primavera-del-episcopado\/#primaryimage","url":"https:\/\/exaudi.org\/wp-content\/uploads\/2021\/06\/0909l0.jpeg","contentUrl":"https:\/\/exaudi.org\/wp-content\/uploads\/2021\/06\/0909l0.jpeg","width":1455,"height":819,"caption":"Audiencia del Papa a la USCCB en 2020 \u00a9 Vatican Media"},{"@type":"BreadcrumbList","@id":"https:\/\/exaudi.org\/es\/estados-unidos-asamblea-general-de-primavera-del-episcopado\/#breadcrumb","itemListElement":[{"@type":"ListItem","position":1,"name":"Portada","item":"https:\/\/exaudi.org\/es\/"},{"@type":"ListItem","position":2,"name":"Estados Unidos: Asamblea general de Primavera del Episcopado"}]},{"@type":"WebSite","@id":"https:\/\/exaudi.org\/#website","url":"https:\/\/exaudi.org\/","name":"Exaudi","description":"News","potentialAction":[{"@type":"SearchAction","target":{"@type":"EntryPoint","urlTemplate":"https:\/\/exaudi.org\/?s={search_term_string}"},"query-input":{"@type":"PropertyValueSpecification","valueRequired":true,"valueName":"search_term_string"}}],"inLanguage":"es"},{"@type":"Person","@id":"https:\/\/exaudi.org\/#\/schema\/person\/d134b96438278131ce90c90c03fda6cd","name":"Gabriel Sales","image":{"@type":"ImageObject","inLanguage":"es","@id":"https:\/\/secure.gravatar.com\/avatar\/9b1269566f6a063ed26ffb3532b66a373cdde231ce5d0effb266167437fdaffd?s=96&d=mm&r=g","url":"https:\/\/secure.gravatar.com\/avatar\/9b1269566f6a063ed26ffb3532b66a373cdde231ce5d0effb266167437fdaffd?s=96&d=mm&r=g","contentUrl":"https:\/\/secure.gravatar.com\/avatar\/9b1269566f6a063ed26ffb3532b66a373cdde231ce5d0effb266167437fdaffd?s=96&d=mm&r=g","caption":"Gabriel Sales"},"description":"Periodista y especialista en Comunicaci\u00f3n y Branding digital. Cin\u00e9filo y cr\u00edtico de cine y series de televisi\u00f3n.","sameAs":["https:\/\/www.instagram.com\/cine90segundos\/","www.linkedin.com\/in\/habemusman","https:\/\/x.com\/habemusman","https:\/\/www.youtube.com\/channel\/UCVfCiOMkJ_C7T7OpyjuaLDg"],"url":"https:\/\/exaudi.org\/es\/author\/gsalesexaudi-org\/"}]}},"jetpack_featured_media_url":"https:\/\/exaudi.org\/wp-content\/uploads\/2021\/06\/0909l0.jpeg","jetpack_shortlink":"https:\/\/wp.me\/pgKjF2-5Ep","_links":{"self":[{"href":"https:\/\/exaudi.org\/es\/wp-json\/wp\/v2\/posts\/21725","targetHints":{"allow":["GET"]}}],"collection":[{"href":"https:\/\/exaudi.org\/es\/wp-json\/wp\/v2\/posts"}],"about":[{"href":"https:\/\/exaudi.org\/es\/wp-json\/wp\/v2\/types\/post"}],"author":[{"embeddable":true,"href":"https:\/\/exaudi.org\/es\/wp-json\/wp\/v2\/users\/6"}],"replies":[{"embeddable":true,"href":"https:\/\/exaudi.org\/es\/wp-json\/wp\/v2\/comments?post=21725"}],"version-history":[{"count":0,"href":"https:\/\/exaudi.org\/es\/wp-json\/wp\/v2\/posts\/21725\/revisions"}],"wp:featuredmedia":[{"embeddable":true,"href":"https:\/\/exaudi.org\/es\/wp-json\/wp\/v2\/media\/21744"}],"wp:attachment":[{"href":"https:\/\/exaudi.org\/es\/wp-json\/wp\/v2\/media?parent=21725"}],"wp:term":[{"taxonomy":"category","embeddable":true,"href":"https:\/\/exaudi.org\/es\/wp-json\/wp\/v2\/categories?post=21725"},{"taxonomy":"post_tag","embeddable":true,"href":"https:\/\/exaudi.org\/es\/wp-json\/wp\/v2\/tags?post=21725"}],"curies":[{"name":"wp","href":"https:\/\/api.w.org\/{rel}","templated":true}]}}