{"id":21711,"date":"2021-06-10T12:39:48","date_gmt":"2021-06-10T10:39:48","guid":{"rendered":"https:\/\/exaudi.org\/?p=21711"},"modified":"2021-06-10T16:46:15","modified_gmt":"2021-06-10T14:46:15","slug":"colombia-consagracion-sagrado-corazon-jesus-2021","status":"publish","type":"post","link":"https:\/\/exaudi.org\/es\/colombia-consagracion-sagrado-corazon-jesus-2021\/","title":{"rendered":"Colombia renovar\u00e1 consagraci\u00f3n al Sagrado Coraz\u00f3n de Jes\u00fas"},"content":{"rendered":"<p>La <a href=\"https:\/\/www.cec.org.co\/\" target=\"_blank\" rel=\"noopener noreferrer\">Conferencia Episcopal de Colombia<\/a> (CEC) invita a los cat\u00f3licos del pa\u00eds a participar en la Eucarist\u00eda por la Solemnidad del <a href=\"https:\/\/exaudi.org\/es\/el-papa-recuerda-la-fiesta-del-sagrado-corazon-de-jesus\/\" target=\"_blank\" rel=\"noopener noreferrer\">Sagrado Coraz\u00f3n de Jes\u00fas<\/a>, que tendr\u00e1 lugar el viernes 11 de junio a las 11 horas en la Catedral Primada de Colombia y en la que\u00a0\u201cse har\u00e1 la renovaci\u00f3n de la consagraci\u00f3n del pa\u00eds y de los hogares cat\u00f3licos al Sagrado Coraz\u00f3n de Jes\u00fas, expresando as\u00ed el anhelo fervoroso de la Iglesia Cat\u00f3lica por la unidad, la paz y la reconciliaci\u00f3n de Colombia\u201d.<\/p>\n<p>De acuerdo a una nota de la CEC, la celebraci\u00f3n, que ser\u00e1 transmitida por televisi\u00f3n, contar\u00e1 con la presencia de los siguientes obispos: Cardenal Rub\u00e9n Salazar, monse\u00f1or Luis Marino Montemayor, nuncio de Su Santidad, Mons. Luis Jos\u00e9 Rueda Aparicio, arzobispo de Bogot\u00e1 y primado de Colombia, Mons. \u00d3scar Urbina, arzobispo de Villavicencio y presidente de la CEC, Mons. Ricardo Tob\u00f3n, arzobispo de Medell\u00edn y vicepresidente de la CEC, Mons. Gabriel Villa, arzobispo de Tunja, Mons. V\u00edctor Ochoa, obispo castrense, Mons. Elkin \u00c1lvarez, obispo de Santa Rosa de Osos y secretario general del Episcopado, y los prelados auxiliares de Bogot\u00e1, Mons. Luis Manuel Al\u00ed y Mons. Pedro Salamanca.<\/p>\n<p>De este modo, indica el texto, los arzobispos y obispos, junto con los sacerdotes y religiosos asistentes, ser\u00e1n los encargados de \u201cconsagrar las familias, las comunidades parroquiales y la naci\u00f3n al Sagrado Coraz\u00f3n de Jes\u00fas, pidiendo, adem\u00e1s, por el fin de la pandemia y la salud del pueblo colombiano\u201d.<\/p>\n<p>A la transmisi\u00f3n del acto por parte de la alianza de canales RCN, Caracol, Cristovisi\u00f3n, Teleamiga y Tele Vid, se unir\u00e1n los medios de comunicaci\u00f3n tradicionales y digitales de las jurisdicciones eclesi\u00e1sticas del pa\u00eds (arquidi\u00f3cesis, di\u00f3cesis y vicariatos apost\u00f3licos), as\u00ed como de comunidades religiosas, de movimientos apost\u00f3licos y de otros organismos de la Iglesia.<\/p>\n<h4><strong>Historia de la Consagraci\u00f3n<\/strong><\/h4>\n<p>La informaci\u00f3n del Episcopado relata que a finales de 1899 estall\u00f3 la Guerra de los Mil D\u00edas en Colombia. Los datos hist\u00f3ricos rese\u00f1an m\u00e1s de 100.000 muertos, en una \u00e9poca en la que el pa\u00eds ten\u00eda, aproximadamente, 4 millones de habitantes. Las confrontaciones, que se extendieron hasta finales de 1902, causaron significativos detrimentos econ\u00f3micos y sociales.<\/p>\n<p>Por iniciativa del arzobispo de Bogot\u00e1, Mons. Bernardo Herrera Restrepo, la Iglesia Cat\u00f3lica pidi\u00f3 al entonces Jefe de Estado, Jos\u00e9 Manuel Marroqu\u00edn, acudir al Sagrado Coraz\u00f3n de Jes\u00fas como forma de unir a los colombianos.<\/p>\n<p>Surgi\u00f3, entonces, la idea de consagrar la Rep\u00fablica al Sagrado Coraz\u00f3n de Jes\u00fas y edificar un templo, que se plasm\u00f3 en la iglesia del Voto Nacional, situado en el centro de la capital colombiana. Fue as\u00ed como la consagraci\u00f3n se realiz\u00f3 el 22 de junio de 1902 y, ese mismo d\u00eda, se puso la primera piedra para el templo. Cinco meses m\u00e1s tarde, el 21 de noviembre de 1902, se firm\u00f3 el Tratado de Wisconsin con el que se dio por terminada la Guerra de los Mil D\u00edas.<\/p>\n<p>Aunque por la Ley 1\u00aa de 1952 se orden\u00f3 la renovaci\u00f3n anual de la consagraci\u00f3n, encabezada por el Jefe de Estado, la Constituci\u00f3n Nacional promulgada en 1991 estableci\u00f3 el car\u00e1cter pluralista del Estado colombiano. M\u00e1s tarde, la Corte Constitucional declar\u00f3 inexequible aquella norma.<\/p>\n<p>Independientemente de esta norma legislativa, es tradicional que la Iglesia Cat\u00f3lica, cada a\u00f1o, celebre esta solemnidad y renueve la consagraci\u00f3n de las familias y la naci\u00f3n al Sagrado Coraz\u00f3n de Jes\u00fas.<\/p>\n","protected":false},"excerpt":{"rendered":"<p>Misa el 11 de junio a las 11 horas<\/p>\n","protected":false},"author":6,"featured_media":21714,"comment_status":"closed","ping_status":"closed","sticky":false,"template":"","format":"standard","meta":{"_acf_changed":false,"_crdt_document":"","inline_featured_image":false,"footnotes":""},"categories":[86,298],"tags":[1308,2002,2764],"class_list":["post-21711","post","type-post","status-publish","format-standard","has-post-thumbnail","hentry","category-iglesia-local","category-ultimas-noticias","tag-conferencia-episcopal-de-colombia-cec","tag-eucaristia-es","tag-sagrado-corazon-de-jesus"],"acf":[],"yoast_head":"<!-- This site is optimized with the Yoast SEO plugin v27.5 - https:\/\/yoast.com\/product\/yoast-seo-wordpress\/ -->\n<title>Colombia renovar\u00e1 consagraci\u00f3n al Sagrado Coraz\u00f3n de Jes\u00fas<\/title>\n<meta name=\"description\" content=\"El Episcopado de Colombia han invitado a los fieles de todo el pa\u00eds a participar de la Eucarist\u00eda por el Sagrado Coraz\u00f3n de Jes\u00fas.\" \/>\n<meta name=\"robots\" content=\"index, follow, max-snippet:-1, max-image-preview:large, max-video-preview:-1\" \/>\n<link rel=\"canonical\" href=\"https:\/\/exaudi.org\/es\/colombia-consagracion-sagrado-corazon-jesus-2021\/\" \/>\n<meta property=\"og:locale\" content=\"es_ES\" \/>\n<meta property=\"og:type\" content=\"article\" \/>\n<meta property=\"og:title\" content=\"Colombia renovar\u00e1 consagraci\u00f3n al Sagrado Coraz\u00f3n de Jes\u00fas\" \/>\n<meta property=\"og:description\" content=\"El Episcopado de Colombia han invitado a los fieles de todo el pa\u00eds a participar de la Eucarist\u00eda por el Sagrado Coraz\u00f3n de Jes\u00fas.\" \/>\n<meta property=\"og:url\" content=\"https:\/\/exaudi.org\/es\/colombia-consagracion-sagrado-corazon-jesus-2021\/\" \/>\n<meta property=\"og:site_name\" content=\"Exaudi\" \/>\n<meta property=\"article:publisher\" content=\"https:\/\/www.facebook.com\/ExaudiNews\" \/>\n<meta property=\"article:published_time\" content=\"2021-06-10T10:39:48+00:00\" \/>\n<meta property=\"article:modified_time\" content=\"2021-06-10T14:46:15+00:00\" \/>\n<meta property=\"og:image\" content=\"https:\/\/exaudi.org\/wp-content\/uploads\/2021\/06\/b5677567.jpg\" \/>\n\t<meta property=\"og:image:width\" content=\"657\" \/>\n\t<meta property=\"og:image:height\" content=\"329\" \/>\n\t<meta property=\"og:image:type\" content=\"image\/jpeg\" \/>\n<meta name=\"author\" content=\"Gabriel Sales\" \/>\n<meta name=\"twitter:card\" content=\"summary_large_image\" \/>\n<meta name=\"twitter:creator\" content=\"@habemusman\" \/>\n<meta name=\"twitter:site\" content=\"@Exaudi_News\" \/>\n<meta name=\"twitter:label1\" content=\"Escrito por\" \/>\n\t<meta name=\"twitter:data1\" content=\"Gabriel Sales\" \/>\n\t<meta name=\"twitter:label2\" content=\"Tiempo de lectura\" \/>\n\t<meta name=\"twitter:data2\" content=\"3 minutos\" \/>\n<script type=\"application\/ld+json\" class=\"yoast-schema-graph\">{\"@context\":\"https:\\\/\\\/schema.org\",\"@graph\":[{\"@type\":\"Article\",\"@id\":\"https:\\\/\\\/exaudi.org\\\/es\\\/colombia-consagracion-sagrado-corazon-jesus-2021\\\/#article\",\"isPartOf\":{\"@id\":\"https:\\\/\\\/exaudi.org\\\/es\\\/colombia-consagracion-sagrado-corazon-jesus-2021\\\/\"},\"author\":{\"name\":\"Gabriel Sales\",\"@id\":\"https:\\\/\\\/exaudi.org\\\/#\\\/schema\\\/person\\\/d134b96438278131ce90c90c03fda6cd\"},\"headline\":\"Colombia renovar\u00e1 consagraci\u00f3n al Sagrado Coraz\u00f3n de Jes\u00fas\",\"datePublished\":\"2021-06-10T10:39:48+00:00\",\"dateModified\":\"2021-06-10T14:46:15+00:00\",\"mainEntityOfPage\":{\"@id\":\"https:\\\/\\\/exaudi.org\\\/es\\\/colombia-consagracion-sagrado-corazon-jesus-2021\\\/\"},\"wordCount\":616,\"image\":{\"@id\":\"https:\\\/\\\/exaudi.org\\\/es\\\/colombia-consagracion-sagrado-corazon-jesus-2021\\\/#primaryimage\"},\"thumbnailUrl\":\"https:\\\/\\\/exaudi.org\\\/wp-content\\\/uploads\\\/2021\\\/06\\\/b5677567.jpg\",\"keywords\":[\"Conferencia Episcopal de Colombia (CEC)\",\"Eucaristia\",\"Sagrado Coraz\u00f3n de Jes\u00fas\"],\"articleSection\":[\"Iglesia Local\",\"\u00daltimas noticias\"],\"inLanguage\":\"es\"},{\"@type\":\"WebPage\",\"@id\":\"https:\\\/\\\/exaudi.org\\\/es\\\/colombia-consagracion-sagrado-corazon-jesus-2021\\\/\",\"url\":\"https:\\\/\\\/exaudi.org\\\/es\\\/colombia-consagracion-sagrado-corazon-jesus-2021\\\/\",\"name\":\"Colombia renovar\u00e1 consagraci\u00f3n al Sagrado Coraz\u00f3n de Jes\u00fas\",\"isPartOf\":{\"@id\":\"https:\\\/\\\/exaudi.org\\\/#website\"},\"primaryImageOfPage\":{\"@id\":\"https:\\\/\\\/exaudi.org\\\/es\\\/colombia-consagracion-sagrado-corazon-jesus-2021\\\/#primaryimage\"},\"image\":{\"@id\":\"https:\\\/\\\/exaudi.org\\\/es\\\/colombia-consagracion-sagrado-corazon-jesus-2021\\\/#primaryimage\"},\"thumbnailUrl\":\"https:\\\/\\\/exaudi.org\\\/wp-content\\\/uploads\\\/2021\\\/06\\\/b5677567.jpg\",\"datePublished\":\"2021-06-10T10:39:48+00:00\",\"dateModified\":\"2021-06-10T14:46:15+00:00\",\"author\":{\"@id\":\"https:\\\/\\\/exaudi.org\\\/#\\\/schema\\\/person\\\/d134b96438278131ce90c90c03fda6cd\"},\"description\":\"El Episcopado de Colombia han invitado a los fieles de todo el pa\u00eds a participar de la Eucarist\u00eda por el Sagrado Coraz\u00f3n de Jes\u00fas.\",\"breadcrumb\":{\"@id\":\"https:\\\/\\\/exaudi.org\\\/es\\\/colombia-consagracion-sagrado-corazon-jesus-2021\\\/#breadcrumb\"},\"inLanguage\":\"es\",\"potentialAction\":[{\"@type\":\"ReadAction\",\"target\":[\"https:\\\/\\\/exaudi.org\\\/es\\\/colombia-consagracion-sagrado-corazon-jesus-2021\\\/\"]}]},{\"@type\":\"ImageObject\",\"inLanguage\":\"es\",\"@id\":\"https:\\\/\\\/exaudi.org\\\/es\\\/colombia-consagracion-sagrado-corazon-jesus-2021\\\/#primaryimage\",\"url\":\"https:\\\/\\\/exaudi.org\\\/wp-content\\\/uploads\\\/2021\\\/06\\\/b5677567.jpg\",\"contentUrl\":\"https:\\\/\\\/exaudi.org\\\/wp-content\\\/uploads\\\/2021\\\/06\\\/b5677567.jpg\",\"width\":657,\"height\":329,\"caption\":\"Catedral Primada de Colombia \u00a9 Arquidi\u00f3cesis de Bogot\u00e1\"},{\"@type\":\"BreadcrumbList\",\"@id\":\"https:\\\/\\\/exaudi.org\\\/es\\\/colombia-consagracion-sagrado-corazon-jesus-2021\\\/#breadcrumb\",\"itemListElement\":[{\"@type\":\"ListItem\",\"position\":1,\"name\":\"Portada\",\"item\":\"https:\\\/\\\/exaudi.org\\\/es\\\/\"},{\"@type\":\"ListItem\",\"position\":2,\"name\":\"Colombia renovar\u00e1 consagraci\u00f3n al Sagrado Coraz\u00f3n de Jes\u00fas\"}]},{\"@type\":\"WebSite\",\"@id\":\"https:\\\/\\\/exaudi.org\\\/#website\",\"url\":\"https:\\\/\\\/exaudi.org\\\/\",\"name\":\"Exaudi\",\"description\":\"News\",\"potentialAction\":[{\"@type\":\"SearchAction\",\"target\":{\"@type\":\"EntryPoint\",\"urlTemplate\":\"https:\\\/\\\/exaudi.org\\\/?s={search_term_string}\"},\"query-input\":{\"@type\":\"PropertyValueSpecification\",\"valueRequired\":true,\"valueName\":\"search_term_string\"}}],\"inLanguage\":\"es\"},{\"@type\":\"Person\",\"@id\":\"https:\\\/\\\/exaudi.org\\\/#\\\/schema\\\/person\\\/d134b96438278131ce90c90c03fda6cd\",\"name\":\"Gabriel Sales\",\"image\":{\"@type\":\"ImageObject\",\"inLanguage\":\"es\",\"@id\":\"https:\\\/\\\/secure.gravatar.com\\\/avatar\\\/9b1269566f6a063ed26ffb3532b66a373cdde231ce5d0effb266167437fdaffd?s=96&d=mm&r=g\",\"url\":\"https:\\\/\\\/secure.gravatar.com\\\/avatar\\\/9b1269566f6a063ed26ffb3532b66a373cdde231ce5d0effb266167437fdaffd?s=96&d=mm&r=g\",\"contentUrl\":\"https:\\\/\\\/secure.gravatar.com\\\/avatar\\\/9b1269566f6a063ed26ffb3532b66a373cdde231ce5d0effb266167437fdaffd?s=96&d=mm&r=g\",\"caption\":\"Gabriel Sales\"},\"description\":\"Periodista y especialista en Comunicaci\u00f3n y Branding digital. Cin\u00e9filo y cr\u00edtico de cine y series de televisi\u00f3n.\",\"sameAs\":[\"https:\\\/\\\/www.instagram.com\\\/cine90segundos\\\/\",\"www.linkedin.com\\\/in\\\/habemusman\",\"https:\\\/\\\/x.com\\\/habemusman\",\"https:\\\/\\\/www.youtube.com\\\/channel\\\/UCVfCiOMkJ_C7T7OpyjuaLDg\"],\"url\":\"https:\\\/\\\/exaudi.org\\\/es\\\/author\\\/gsalesexaudi-org\\\/\"}]}<\/script>\n<!-- \/ Yoast SEO plugin. -->","yoast_head_json":{"title":"Colombia renovar\u00e1 consagraci\u00f3n al Sagrado Coraz\u00f3n de Jes\u00fas","description":"El Episcopado de Colombia han invitado a los fieles de todo el pa\u00eds a participar de la Eucarist\u00eda por el Sagrado Coraz\u00f3n de Jes\u00fas.","robots":{"index":"index","follow":"follow","max-snippet":"max-snippet:-1","max-image-preview":"max-image-preview:large","max-video-preview":"max-video-preview:-1"},"canonical":"https:\/\/exaudi.org\/es\/colombia-consagracion-sagrado-corazon-jesus-2021\/","og_locale":"es_ES","og_type":"article","og_title":"Colombia renovar\u00e1 consagraci\u00f3n al Sagrado Coraz\u00f3n de Jes\u00fas","og_description":"El Episcopado de Colombia han invitado a los fieles de todo el pa\u00eds a participar de la Eucarist\u00eda por el Sagrado Coraz\u00f3n de Jes\u00fas.","og_url":"https:\/\/exaudi.org\/es\/colombia-consagracion-sagrado-corazon-jesus-2021\/","og_site_name":"Exaudi","article_publisher":"https:\/\/www.facebook.com\/ExaudiNews","article_published_time":"2021-06-10T10:39:48+00:00","article_modified_time":"2021-06-10T14:46:15+00:00","og_image":[{"width":657,"height":329,"url":"https:\/\/exaudi.org\/wp-content\/uploads\/2021\/06\/b5677567.jpg","type":"image\/jpeg"}],"author":"Gabriel Sales","twitter_card":"summary_large_image","twitter_creator":"@habemusman","twitter_site":"@Exaudi_News","twitter_misc":{"Escrito por":"Gabriel Sales","Tiempo de lectura":"3 minutos"},"schema":{"@context":"https:\/\/schema.org","@graph":[{"@type":"Article","@id":"https:\/\/exaudi.org\/es\/colombia-consagracion-sagrado-corazon-jesus-2021\/#article","isPartOf":{"@id":"https:\/\/exaudi.org\/es\/colombia-consagracion-sagrado-corazon-jesus-2021\/"},"author":{"name":"Gabriel Sales","@id":"https:\/\/exaudi.org\/#\/schema\/person\/d134b96438278131ce90c90c03fda6cd"},"headline":"Colombia renovar\u00e1 consagraci\u00f3n al Sagrado Coraz\u00f3n de Jes\u00fas","datePublished":"2021-06-10T10:39:48+00:00","dateModified":"2021-06-10T14:46:15+00:00","mainEntityOfPage":{"@id":"https:\/\/exaudi.org\/es\/colombia-consagracion-sagrado-corazon-jesus-2021\/"},"wordCount":616,"image":{"@id":"https:\/\/exaudi.org\/es\/colombia-consagracion-sagrado-corazon-jesus-2021\/#primaryimage"},"thumbnailUrl":"https:\/\/exaudi.org\/wp-content\/uploads\/2021\/06\/b5677567.jpg","keywords":["Conferencia Episcopal de Colombia (CEC)","Eucaristia","Sagrado Coraz\u00f3n de Jes\u00fas"],"articleSection":["Iglesia Local","\u00daltimas noticias"],"inLanguage":"es"},{"@type":"WebPage","@id":"https:\/\/exaudi.org\/es\/colombia-consagracion-sagrado-corazon-jesus-2021\/","url":"https:\/\/exaudi.org\/es\/colombia-consagracion-sagrado-corazon-jesus-2021\/","name":"Colombia renovar\u00e1 consagraci\u00f3n al Sagrado Coraz\u00f3n de Jes\u00fas","isPartOf":{"@id":"https:\/\/exaudi.org\/#website"},"primaryImageOfPage":{"@id":"https:\/\/exaudi.org\/es\/colombia-consagracion-sagrado-corazon-jesus-2021\/#primaryimage"},"image":{"@id":"https:\/\/exaudi.org\/es\/colombia-consagracion-sagrado-corazon-jesus-2021\/#primaryimage"},"thumbnailUrl":"https:\/\/exaudi.org\/wp-content\/uploads\/2021\/06\/b5677567.jpg","datePublished":"2021-06-10T10:39:48+00:00","dateModified":"2021-06-10T14:46:15+00:00","author":{"@id":"https:\/\/exaudi.org\/#\/schema\/person\/d134b96438278131ce90c90c03fda6cd"},"description":"El Episcopado de Colombia han invitado a los fieles de todo el pa\u00eds a participar de la Eucarist\u00eda por el Sagrado Coraz\u00f3n de Jes\u00fas.","breadcrumb":{"@id":"https:\/\/exaudi.org\/es\/colombia-consagracion-sagrado-corazon-jesus-2021\/#breadcrumb"},"inLanguage":"es","potentialAction":[{"@type":"ReadAction","target":["https:\/\/exaudi.org\/es\/colombia-consagracion-sagrado-corazon-jesus-2021\/"]}]},{"@type":"ImageObject","inLanguage":"es","@id":"https:\/\/exaudi.org\/es\/colombia-consagracion-sagrado-corazon-jesus-2021\/#primaryimage","url":"https:\/\/exaudi.org\/wp-content\/uploads\/2021\/06\/b5677567.jpg","contentUrl":"https:\/\/exaudi.org\/wp-content\/uploads\/2021\/06\/b5677567.jpg","width":657,"height":329,"caption":"Catedral Primada de Colombia \u00a9 Arquidi\u00f3cesis de Bogot\u00e1"},{"@type":"BreadcrumbList","@id":"https:\/\/exaudi.org\/es\/colombia-consagracion-sagrado-corazon-jesus-2021\/#breadcrumb","itemListElement":[{"@type":"ListItem","position":1,"name":"Portada","item":"https:\/\/exaudi.org\/es\/"},{"@type":"ListItem","position":2,"name":"Colombia renovar\u00e1 consagraci\u00f3n al Sagrado Coraz\u00f3n de Jes\u00fas"}]},{"@type":"WebSite","@id":"https:\/\/exaudi.org\/#website","url":"https:\/\/exaudi.org\/","name":"Exaudi","description":"News","potentialAction":[{"@type":"SearchAction","target":{"@type":"EntryPoint","urlTemplate":"https:\/\/exaudi.org\/?s={search_term_string}"},"query-input":{"@type":"PropertyValueSpecification","valueRequired":true,"valueName":"search_term_string"}}],"inLanguage":"es"},{"@type":"Person","@id":"https:\/\/exaudi.org\/#\/schema\/person\/d134b96438278131ce90c90c03fda6cd","name":"Gabriel Sales","image":{"@type":"ImageObject","inLanguage":"es","@id":"https:\/\/secure.gravatar.com\/avatar\/9b1269566f6a063ed26ffb3532b66a373cdde231ce5d0effb266167437fdaffd?s=96&d=mm&r=g","url":"https:\/\/secure.gravatar.com\/avatar\/9b1269566f6a063ed26ffb3532b66a373cdde231ce5d0effb266167437fdaffd?s=96&d=mm&r=g","contentUrl":"https:\/\/secure.gravatar.com\/avatar\/9b1269566f6a063ed26ffb3532b66a373cdde231ce5d0effb266167437fdaffd?s=96&d=mm&r=g","caption":"Gabriel Sales"},"description":"Periodista y especialista en Comunicaci\u00f3n y Branding digital. Cin\u00e9filo y cr\u00edtico de cine y series de televisi\u00f3n.","sameAs":["https:\/\/www.instagram.com\/cine90segundos\/","www.linkedin.com\/in\/habemusman","https:\/\/x.com\/habemusman","https:\/\/www.youtube.com\/channel\/UCVfCiOMkJ_C7T7OpyjuaLDg"],"url":"https:\/\/exaudi.org\/es\/author\/gsalesexaudi-org\/"}]}},"jetpack_featured_media_url":"https:\/\/exaudi.org\/wp-content\/uploads\/2021\/06\/b5677567.jpg","jetpack_shortlink":"https:\/\/wp.me\/pgKjF2-5Eb","_links":{"self":[{"href":"https:\/\/exaudi.org\/es\/wp-json\/wp\/v2\/posts\/21711","targetHints":{"allow":["GET"]}}],"collection":[{"href":"https:\/\/exaudi.org\/es\/wp-json\/wp\/v2\/posts"}],"about":[{"href":"https:\/\/exaudi.org\/es\/wp-json\/wp\/v2\/types\/post"}],"author":[{"embeddable":true,"href":"https:\/\/exaudi.org\/es\/wp-json\/wp\/v2\/users\/6"}],"replies":[{"embeddable":true,"href":"https:\/\/exaudi.org\/es\/wp-json\/wp\/v2\/comments?post=21711"}],"version-history":[{"count":0,"href":"https:\/\/exaudi.org\/es\/wp-json\/wp\/v2\/posts\/21711\/revisions"}],"wp:featuredmedia":[{"embeddable":true,"href":"https:\/\/exaudi.org\/es\/wp-json\/wp\/v2\/media\/21714"}],"wp:attachment":[{"href":"https:\/\/exaudi.org\/es\/wp-json\/wp\/v2\/media?parent=21711"}],"wp:term":[{"taxonomy":"category","embeddable":true,"href":"https:\/\/exaudi.org\/es\/wp-json\/wp\/v2\/categories?post=21711"},{"taxonomy":"post_tag","embeddable":true,"href":"https:\/\/exaudi.org\/es\/wp-json\/wp\/v2\/tags?post=21711"}],"curies":[{"name":"wp","href":"https:\/\/api.w.org\/{rel}","templated":true}]}}