{"id":21588,"date":"2021-06-09T16:29:09","date_gmt":"2021-06-09T14:29:09","guid":{"rendered":"https:\/\/exaudi.org\/?p=21588"},"modified":"2021-06-10T09:44:11","modified_gmt":"2021-06-10T07:44:11","slug":"espana-portugal-reflexiones-encuentro-comisiones-episcopales-2021","status":"publish","type":"post","link":"https:\/\/exaudi.org\/es\/espana-portugal-reflexiones-encuentro-comisiones-episcopales-2021\/","title":{"rendered":"Espa\u00f1a y Portugal: Reflexiones del encuentro de comisiones episcopales"},"content":{"rendered":"<p>Las comisiones episcopales para la comunicaci\u00f3n de Portugal y Espa\u00f1a\u00a0han tenido su encuentro ib\u00e9rico anual entre los d\u00edas 7 y 9 de junio en Lisboa. La celebraci\u00f3n aqu\u00ed de la pr\u00f3xima\u00a0<a href=\"https:\/\/lisboa2023.org\/es\/\" target=\"_blank\" rel=\"noopener noreferrer\">Jornada Mundial de la Juventud en 2023\u00a0<\/a>ha motivado la reflexi\u00f3n de los obispos presentes, sobre los desaf\u00edos que un encuentro del Papa con los j\u00f3venes de todo el mundo provoca en la Iglesia y en la sociedad, donde la comunicaci\u00f3n tiene un papel fundamental.<\/p>\n<p>Seg\u00fan ha informado la <a href=\"https:\/\/www.conferenciaepiscopal.es\/\" target=\"_blank\" rel=\"noopener noreferrer\">Conferencia Episcopal Espa\u00f1ola<\/a> (CEE) en una nota, hoy 9 de junio de 2021, el encuentro parti\u00f3 de la reflexi\u00f3n ofrecida por el presidente de la Fundaci\u00f3n Lisboa <a href=\"https:\/\/exaudi.org\/es\/presentacion-orientaciones-pastorales-jmj-iglesias-particulares\/\" target=\"_blank\" rel=\"noopener noreferrer\">JMJ 2023<\/a>, monse\u00f1or Americo Aguiar, y la intervenci\u00f3n de Marieta de Jaureguizar, responsable de Prensa en la JMJ de Madrid 2011.<\/p>\n<h4><strong>Reflexiones de los obispos<\/strong><\/h4>\n<p>Los\u00a0obispos\u00a0de ambas comisiones han compartido\u00a0las siguientes reflexiones\u00a0sobre las Jornadas Mundiales de la Juventud.<\/p>\n<p>\u2013 La\u00a0pandemia\u00a0tiene y sigue teniendo un gran impacto en la organizaci\u00f3n de cualquier evento.<\/p>\n<p>\u2013 La constante evoluci\u00f3n de las herramientas digitales, que son el ambiente de comunicaci\u00f3n de los j\u00f3venes hoy, est\u00e1n en constante evoluci\u00f3n.<\/p>\n<p>\u2013 La dimensi\u00f3n global de la\u00a0Jornada Mundial de la Juventud\u00a0trasciende las fronteras de la di\u00f3cesis de acogida e implica a todo el pa\u00eds y a la Iglesia en el mundo.<\/p>\n<p>\u2013 El trabajo de profesionales y voluntarios especialmente motivados se prolonga durante un largo periodo de tiempo por lo que se hace necesario una buena motivaci\u00f3n, trabajo en equipo y esp\u00edritu de verdadera uni\u00f3n.<\/p>\n<p>\u2013 El esp\u00edritu de servicio a la Iglesia y la conciencia de ser enviados a una misi\u00f3n impulsa una aut\u00e9ntica participaci\u00f3n de todos.<\/p>\n<p>A partir de estas reflexiones, se\u00f1alan que:<\/p>\n<p>\u2013 El encuentro del\u00a0Papa\u00a0con j\u00f3venes de todo el mundo es una oportunidad singular para descubrir hoy a Cristo vivo, la acogida de la Iglesia y el valor del encuentro personal con otros j\u00f3venes.<\/p>\n<p>\u2013 La\u00a0JMJ\u00a0tiene la capacidad extraordinaria de unir sensibilidades distintas, y las m\u00e1s diversas instituciones y organizaciones de un pa\u00eds en un gran proyecto capaz de generar esperanza y transformar a las personas y el lugar que habitan.<\/p>\n<p>\u2013 La Iglesia tiene como\u00a0misi\u00f3n\u00a0llevar el Evangelio a todos los hombres y la realizaci\u00f3n de la JMJ motiva a los j\u00f3venes a ser los protagonistas del\u00a0 anuncio de la buena noticia a otros j\u00f3venes.<\/p>\n<p>\u2013 En estos eventos, la\u00a0comunicaci\u00f3n\u00a0tiene un papel fundamental ya que permite difundir los mensajes propuestos por el Papa, fomentar el\u00a0encuentro entre los j\u00f3venes\u00a0de todo el mundo y facilitar el trabajo interno de los diversos equipos que participan en la organizaci\u00f3n.<\/p>\n<p>\u2013 La reciente experiencia de la vida en la Iglesia hace pensar que\u00a0la dimensi\u00f3n digital\u00a0tendr\u00e1 un papel central en la celebraci\u00f3n de la Jornada, creando nuevas posibilidades de peregrinaci\u00f3n y participaci\u00f3n.<\/p>\n<p>En el transcurso de los trabajos estuvo muy presente la\u00a0convocatoria del Santo Padre para un rostro sinodal de la Iglesia en sinton\u00eda con el pr\u00f3ximo s\u00ednodo de los obispos que desaf\u00eda tambi\u00e9n a todos los que trabajan en la comunicaci\u00f3n social.<\/p>\n<p>El ambiente cordial en el que hemos vivido este encuentro, se traduce en la voluntad de seguir trabajando con esta cercan\u00eda en el futuro, teniendo como horizonte la celebraci\u00f3n de la Jornada Mundial de la Juventud en Lisboa, el pr\u00f3ximo 2023.<\/p>\n","protected":false},"excerpt":{"rendered":"<p>Sesiones anuales en Lisboa<\/p>\n","protected":false},"author":15,"featured_media":21589,"comment_status":"closed","ping_status":"closed","sticky":false,"template":"","format":"standard","meta":{"_acf_changed":false,"_crdt_document":"","inline_featured_image":false,"footnotes":""},"categories":[86,298],"tags":[2768,370,1008,2769],"class_list":["post-21588","post","type-post","status-publish","format-standard","has-post-thumbnail","hentry","category-iglesia-local","category-ultimas-noticias","tag-comision-episcopal","tag-conferencia-episcopal-espanola-cee","tag-espana","tag-portugal-es"],"acf":[],"yoast_head":"<!-- This site is optimized with the Yoast SEO plugin v27.5 - https:\/\/yoast.com\/product\/yoast-seo-wordpress\/ -->\n<title>Espa\u00f1a y Portugal: Reflexiones del encuentro de comisiones episcopales<\/title>\n<meta name=\"description\" content=\"Los obispos de las comisiones episcopales de Espa\u00f1a y Portugal han ofrecido sus reflexiones en el encuentro ib\u00e9rico anual de 2021 en Lisboa.\" \/>\n<meta name=\"robots\" content=\"index, follow, max-snippet:-1, max-image-preview:large, max-video-preview:-1\" \/>\n<link rel=\"canonical\" href=\"https:\/\/exaudi.org\/es\/espana-portugal-reflexiones-encuentro-comisiones-episcopales-2021\/\" \/>\n<meta property=\"og:locale\" content=\"es_ES\" \/>\n<meta property=\"og:type\" content=\"article\" \/>\n<meta property=\"og:title\" content=\"Espa\u00f1a y Portugal: Reflexiones del encuentro de comisiones episcopales\" \/>\n<meta property=\"og:description\" content=\"Los obispos de las comisiones episcopales de Espa\u00f1a y Portugal han ofrecido sus reflexiones en el encuentro ib\u00e9rico anual de 2021 en Lisboa.\" \/>\n<meta property=\"og:url\" content=\"https:\/\/exaudi.org\/es\/espana-portugal-reflexiones-encuentro-comisiones-episcopales-2021\/\" \/>\n<meta property=\"og:site_name\" content=\"Exaudi\" \/>\n<meta property=\"article:publisher\" content=\"https:\/\/www.facebook.com\/ExaudiNews\" \/>\n<meta property=\"article:author\" content=\"https:\/\/www.facebook.com\/ExaudiNoticias\/\" \/>\n<meta property=\"article:published_time\" content=\"2021-06-09T14:29:09+00:00\" \/>\n<meta property=\"article:modified_time\" content=\"2021-06-10T07:44:11+00:00\" \/>\n<meta property=\"og:image\" content=\"https:\/\/exaudi.org\/wp-content\/uploads\/2021\/06\/iulioloi7.jpg\" \/>\n\t<meta property=\"og:image:width\" content=\"687\" \/>\n\t<meta property=\"og:image:height\" content=\"515\" \/>\n\t<meta property=\"og:image:type\" content=\"image\/jpeg\" \/>\n<meta name=\"author\" content=\"Exaudi Redacci\u00f3n\" \/>\n<meta name=\"twitter:card\" content=\"summary_large_image\" \/>\n<meta name=\"twitter:creator\" content=\"@Exaudi_noticias\" \/>\n<meta name=\"twitter:site\" content=\"@Exaudi_News\" \/>\n<meta name=\"twitter:label1\" content=\"Escrito por\" \/>\n\t<meta name=\"twitter:data1\" content=\"Exaudi Redacci\u00f3n\" \/>\n\t<meta name=\"twitter:label2\" content=\"Tiempo de lectura\" \/>\n\t<meta name=\"twitter:data2\" content=\"3 minutos\" \/>\n<script type=\"application\/ld+json\" class=\"yoast-schema-graph\">{\"@context\":\"https:\\\/\\\/schema.org\",\"@graph\":[{\"@type\":\"Article\",\"@id\":\"https:\\\/\\\/exaudi.org\\\/es\\\/espana-portugal-reflexiones-encuentro-comisiones-episcopales-2021\\\/#article\",\"isPartOf\":{\"@id\":\"https:\\\/\\\/exaudi.org\\\/es\\\/espana-portugal-reflexiones-encuentro-comisiones-episcopales-2021\\\/\"},\"author\":{\"name\":\"Exaudi Redacci\u00f3n\",\"@id\":\"https:\\\/\\\/exaudi.org\\\/#\\\/schema\\\/person\\\/f5fc8f063065e38742da7afe15f25df7\"},\"headline\":\"Espa\u00f1a y Portugal: Reflexiones del encuentro de comisiones episcopales\",\"datePublished\":\"2021-06-09T14:29:09+00:00\",\"dateModified\":\"2021-06-10T07:44:11+00:00\",\"mainEntityOfPage\":{\"@id\":\"https:\\\/\\\/exaudi.org\\\/es\\\/espana-portugal-reflexiones-encuentro-comisiones-episcopales-2021\\\/\"},\"wordCount\":603,\"image\":{\"@id\":\"https:\\\/\\\/exaudi.org\\\/es\\\/espana-portugal-reflexiones-encuentro-comisiones-episcopales-2021\\\/#primaryimage\"},\"thumbnailUrl\":\"https:\\\/\\\/exaudi.org\\\/wp-content\\\/uploads\\\/2021\\\/06\\\/iulioloi7.jpg\",\"keywords\":[\"Comisi\u00f3n episcopal\",\"Conferencia Episcopal Espa\u00f1ola (CEE)\",\"Espa\u00f1a\",\"portugal\"],\"articleSection\":[\"Iglesia Local\",\"\u00daltimas noticias\"],\"inLanguage\":\"es\"},{\"@type\":\"WebPage\",\"@id\":\"https:\\\/\\\/exaudi.org\\\/es\\\/espana-portugal-reflexiones-encuentro-comisiones-episcopales-2021\\\/\",\"url\":\"https:\\\/\\\/exaudi.org\\\/es\\\/espana-portugal-reflexiones-encuentro-comisiones-episcopales-2021\\\/\",\"name\":\"Espa\u00f1a y Portugal: Reflexiones del encuentro de comisiones episcopales\",\"isPartOf\":{\"@id\":\"https:\\\/\\\/exaudi.org\\\/#website\"},\"primaryImageOfPage\":{\"@id\":\"https:\\\/\\\/exaudi.org\\\/es\\\/espana-portugal-reflexiones-encuentro-comisiones-episcopales-2021\\\/#primaryimage\"},\"image\":{\"@id\":\"https:\\\/\\\/exaudi.org\\\/es\\\/espana-portugal-reflexiones-encuentro-comisiones-episcopales-2021\\\/#primaryimage\"},\"thumbnailUrl\":\"https:\\\/\\\/exaudi.org\\\/wp-content\\\/uploads\\\/2021\\\/06\\\/iulioloi7.jpg\",\"datePublished\":\"2021-06-09T14:29:09+00:00\",\"dateModified\":\"2021-06-10T07:44:11+00:00\",\"author\":{\"@id\":\"https:\\\/\\\/exaudi.org\\\/#\\\/schema\\\/person\\\/f5fc8f063065e38742da7afe15f25df7\"},\"description\":\"Los obispos de las comisiones episcopales de Espa\u00f1a y Portugal han ofrecido sus reflexiones en el encuentro ib\u00e9rico anual de 2021 en Lisboa.\",\"breadcrumb\":{\"@id\":\"https:\\\/\\\/exaudi.org\\\/es\\\/espana-portugal-reflexiones-encuentro-comisiones-episcopales-2021\\\/#breadcrumb\"},\"inLanguage\":\"es\",\"potentialAction\":[{\"@type\":\"ReadAction\",\"target\":[\"https:\\\/\\\/exaudi.org\\\/es\\\/espana-portugal-reflexiones-encuentro-comisiones-episcopales-2021\\\/\"]}]},{\"@type\":\"ImageObject\",\"inLanguage\":\"es\",\"@id\":\"https:\\\/\\\/exaudi.org\\\/es\\\/espana-portugal-reflexiones-encuentro-comisiones-episcopales-2021\\\/#primaryimage\",\"url\":\"https:\\\/\\\/exaudi.org\\\/wp-content\\\/uploads\\\/2021\\\/06\\\/iulioloi7.jpg\",\"contentUrl\":\"https:\\\/\\\/exaudi.org\\\/wp-content\\\/uploads\\\/2021\\\/06\\\/iulioloi7.jpg\",\"width\":687,\"height\":515,\"caption\":\"D\u00eda de trabajos de los obispos de Espa\u00f1a y Portugal \u00a9 CEE\"},{\"@type\":\"BreadcrumbList\",\"@id\":\"https:\\\/\\\/exaudi.org\\\/es\\\/espana-portugal-reflexiones-encuentro-comisiones-episcopales-2021\\\/#breadcrumb\",\"itemListElement\":[{\"@type\":\"ListItem\",\"position\":1,\"name\":\"Portada\",\"item\":\"https:\\\/\\\/exaudi.org\\\/es\\\/\"},{\"@type\":\"ListItem\",\"position\":2,\"name\":\"Espa\u00f1a y Portugal: Reflexiones del encuentro de comisiones episcopales\"}]},{\"@type\":\"WebSite\",\"@id\":\"https:\\\/\\\/exaudi.org\\\/#website\",\"url\":\"https:\\\/\\\/exaudi.org\\\/\",\"name\":\"Exaudi\",\"description\":\"News\",\"potentialAction\":[{\"@type\":\"SearchAction\",\"target\":{\"@type\":\"EntryPoint\",\"urlTemplate\":\"https:\\\/\\\/exaudi.org\\\/?s={search_term_string}\"},\"query-input\":{\"@type\":\"PropertyValueSpecification\",\"valueRequired\":true,\"valueName\":\"search_term_string\"}}],\"inLanguage\":\"es\"},{\"@type\":\"Person\",\"@id\":\"https:\\\/\\\/exaudi.org\\\/#\\\/schema\\\/person\\\/f5fc8f063065e38742da7afe15f25df7\",\"name\":\"Exaudi Redacci\u00f3n\",\"image\":{\"@type\":\"ImageObject\",\"inLanguage\":\"es\",\"@id\":\"https:\\\/\\\/secure.gravatar.com\\\/avatar\\\/fe0f6a059fb68d9b3e11bc5850dd4899b1c7492091a3cb6dd9b01b56ad828be2?s=96&d=mm&r=g\",\"url\":\"https:\\\/\\\/secure.gravatar.com\\\/avatar\\\/fe0f6a059fb68d9b3e11bc5850dd4899b1c7492091a3cb6dd9b01b56ad828be2?s=96&d=mm&r=g\",\"contentUrl\":\"https:\\\/\\\/secure.gravatar.com\\\/avatar\\\/fe0f6a059fb68d9b3e11bc5850dd4899b1c7492091a3cb6dd9b01b56ad828be2?s=96&d=mm&r=g\",\"caption\":\"Exaudi Redacci\u00f3n\"},\"description\":\"\u00bfQu\u00e9 es Exaudi News? Exaudi News es un medio de comunicaci\u00f3n cat\u00f3lico internacional que informa, forma y transforma, diariamente en espa\u00f1ol, ingl\u00e9s e italiano. A trav\u00e9s de noticias, art\u00edculos de an\u00e1lisis y transmisiones en directo de los eventos del Papa, Exaudi busca fortalecer la unidad de los cristianos y contribuir a la evangelizaci\u00f3n del mundo, siempre guiados por la doctrina social de la Iglesia. Trabajamos para acercar la verdad y los valores cristianos a cada rinc\u00f3n del planeta. \u00a1Ay\u00fadanos a transformar el mundo con Exaudi! En Exaudi creemos que la evangelizaci\u00f3n y la informaci\u00f3n de calidad pueden cambiar vidas. Para continuar con nuestra misi\u00f3n y expandir nuestro alcance, necesitamos tu ayuda. Adem\u00e1s, buscamos personas comprometidas que deseen unirse a nuestro equipo. Con tu apoyo, lograremos llegar a m\u00e1s personas, difundir el mensaje de Cristo y reforzar la unidad de los cristianos. \u00bfTe unes a nuestra misi\u00f3n? Para m\u00e1s informaci\u00f3n sobre c\u00f3mo colaborar, visita Exaudi.org\\\/es o cont\u00e1ctanos directamente: info@exaudi.org Exaudi: Informa, forma y transforma.\",\"sameAs\":[\"https:\\\/\\\/www.facebook.com\\\/ExaudiNoticias\\\/\",\"https:\\\/\\\/www.instagram.com\\\/exaudi_noticias\\\/\",\"https:\\\/\\\/x.com\\\/Exaudi_noticias\",\"https:\\\/\\\/www.youtube.com\\\/@exaudicatholicnews\"],\"url\":\"https:\\\/\\\/exaudi.org\\\/es\\\/author\\\/redaccionexaudi\\\/\"}]}<\/script>\n<!-- \/ Yoast SEO plugin. -->","yoast_head_json":{"title":"Espa\u00f1a y Portugal: Reflexiones del encuentro de comisiones episcopales","description":"Los obispos de las comisiones episcopales de Espa\u00f1a y Portugal han ofrecido sus reflexiones en el encuentro ib\u00e9rico anual de 2021 en Lisboa.","robots":{"index":"index","follow":"follow","max-snippet":"max-snippet:-1","max-image-preview":"max-image-preview:large","max-video-preview":"max-video-preview:-1"},"canonical":"https:\/\/exaudi.org\/es\/espana-portugal-reflexiones-encuentro-comisiones-episcopales-2021\/","og_locale":"es_ES","og_type":"article","og_title":"Espa\u00f1a y Portugal: Reflexiones del encuentro de comisiones episcopales","og_description":"Los obispos de las comisiones episcopales de Espa\u00f1a y Portugal han ofrecido sus reflexiones en el encuentro ib\u00e9rico anual de 2021 en Lisboa.","og_url":"https:\/\/exaudi.org\/es\/espana-portugal-reflexiones-encuentro-comisiones-episcopales-2021\/","og_site_name":"Exaudi","article_publisher":"https:\/\/www.facebook.com\/ExaudiNews","article_author":"https:\/\/www.facebook.com\/ExaudiNoticias\/","article_published_time":"2021-06-09T14:29:09+00:00","article_modified_time":"2021-06-10T07:44:11+00:00","og_image":[{"width":687,"height":515,"url":"https:\/\/exaudi.org\/wp-content\/uploads\/2021\/06\/iulioloi7.jpg","type":"image\/jpeg"}],"author":"Exaudi Redacci\u00f3n","twitter_card":"summary_large_image","twitter_creator":"@Exaudi_noticias","twitter_site":"@Exaudi_News","twitter_misc":{"Escrito por":"Exaudi Redacci\u00f3n","Tiempo de lectura":"3 minutos"},"schema":{"@context":"https:\/\/schema.org","@graph":[{"@type":"Article","@id":"https:\/\/exaudi.org\/es\/espana-portugal-reflexiones-encuentro-comisiones-episcopales-2021\/#article","isPartOf":{"@id":"https:\/\/exaudi.org\/es\/espana-portugal-reflexiones-encuentro-comisiones-episcopales-2021\/"},"author":{"name":"Exaudi Redacci\u00f3n","@id":"https:\/\/exaudi.org\/#\/schema\/person\/f5fc8f063065e38742da7afe15f25df7"},"headline":"Espa\u00f1a y Portugal: Reflexiones del encuentro de comisiones episcopales","datePublished":"2021-06-09T14:29:09+00:00","dateModified":"2021-06-10T07:44:11+00:00","mainEntityOfPage":{"@id":"https:\/\/exaudi.org\/es\/espana-portugal-reflexiones-encuentro-comisiones-episcopales-2021\/"},"wordCount":603,"image":{"@id":"https:\/\/exaudi.org\/es\/espana-portugal-reflexiones-encuentro-comisiones-episcopales-2021\/#primaryimage"},"thumbnailUrl":"https:\/\/exaudi.org\/wp-content\/uploads\/2021\/06\/iulioloi7.jpg","keywords":["Comisi\u00f3n episcopal","Conferencia Episcopal Espa\u00f1ola (CEE)","Espa\u00f1a","portugal"],"articleSection":["Iglesia Local","\u00daltimas noticias"],"inLanguage":"es"},{"@type":"WebPage","@id":"https:\/\/exaudi.org\/es\/espana-portugal-reflexiones-encuentro-comisiones-episcopales-2021\/","url":"https:\/\/exaudi.org\/es\/espana-portugal-reflexiones-encuentro-comisiones-episcopales-2021\/","name":"Espa\u00f1a y Portugal: Reflexiones del encuentro de comisiones episcopales","isPartOf":{"@id":"https:\/\/exaudi.org\/#website"},"primaryImageOfPage":{"@id":"https:\/\/exaudi.org\/es\/espana-portugal-reflexiones-encuentro-comisiones-episcopales-2021\/#primaryimage"},"image":{"@id":"https:\/\/exaudi.org\/es\/espana-portugal-reflexiones-encuentro-comisiones-episcopales-2021\/#primaryimage"},"thumbnailUrl":"https:\/\/exaudi.org\/wp-content\/uploads\/2021\/06\/iulioloi7.jpg","datePublished":"2021-06-09T14:29:09+00:00","dateModified":"2021-06-10T07:44:11+00:00","author":{"@id":"https:\/\/exaudi.org\/#\/schema\/person\/f5fc8f063065e38742da7afe15f25df7"},"description":"Los obispos de las comisiones episcopales de Espa\u00f1a y Portugal han ofrecido sus reflexiones en el encuentro ib\u00e9rico anual de 2021 en Lisboa.","breadcrumb":{"@id":"https:\/\/exaudi.org\/es\/espana-portugal-reflexiones-encuentro-comisiones-episcopales-2021\/#breadcrumb"},"inLanguage":"es","potentialAction":[{"@type":"ReadAction","target":["https:\/\/exaudi.org\/es\/espana-portugal-reflexiones-encuentro-comisiones-episcopales-2021\/"]}]},{"@type":"ImageObject","inLanguage":"es","@id":"https:\/\/exaudi.org\/es\/espana-portugal-reflexiones-encuentro-comisiones-episcopales-2021\/#primaryimage","url":"https:\/\/exaudi.org\/wp-content\/uploads\/2021\/06\/iulioloi7.jpg","contentUrl":"https:\/\/exaudi.org\/wp-content\/uploads\/2021\/06\/iulioloi7.jpg","width":687,"height":515,"caption":"D\u00eda de trabajos de los obispos de Espa\u00f1a y Portugal \u00a9 CEE"},{"@type":"BreadcrumbList","@id":"https:\/\/exaudi.org\/es\/espana-portugal-reflexiones-encuentro-comisiones-episcopales-2021\/#breadcrumb","itemListElement":[{"@type":"ListItem","position":1,"name":"Portada","item":"https:\/\/exaudi.org\/es\/"},{"@type":"ListItem","position":2,"name":"Espa\u00f1a y Portugal: Reflexiones del encuentro de comisiones episcopales"}]},{"@type":"WebSite","@id":"https:\/\/exaudi.org\/#website","url":"https:\/\/exaudi.org\/","name":"Exaudi","description":"News","potentialAction":[{"@type":"SearchAction","target":{"@type":"EntryPoint","urlTemplate":"https:\/\/exaudi.org\/?s={search_term_string}"},"query-input":{"@type":"PropertyValueSpecification","valueRequired":true,"valueName":"search_term_string"}}],"inLanguage":"es"},{"@type":"Person","@id":"https:\/\/exaudi.org\/#\/schema\/person\/f5fc8f063065e38742da7afe15f25df7","name":"Exaudi Redacci\u00f3n","image":{"@type":"ImageObject","inLanguage":"es","@id":"https:\/\/secure.gravatar.com\/avatar\/fe0f6a059fb68d9b3e11bc5850dd4899b1c7492091a3cb6dd9b01b56ad828be2?s=96&d=mm&r=g","url":"https:\/\/secure.gravatar.com\/avatar\/fe0f6a059fb68d9b3e11bc5850dd4899b1c7492091a3cb6dd9b01b56ad828be2?s=96&d=mm&r=g","contentUrl":"https:\/\/secure.gravatar.com\/avatar\/fe0f6a059fb68d9b3e11bc5850dd4899b1c7492091a3cb6dd9b01b56ad828be2?s=96&d=mm&r=g","caption":"Exaudi Redacci\u00f3n"},"description":"\u00bfQu\u00e9 es Exaudi News? Exaudi News es un medio de comunicaci\u00f3n cat\u00f3lico internacional que informa, forma y transforma, diariamente en espa\u00f1ol, ingl\u00e9s e italiano. A trav\u00e9s de noticias, art\u00edculos de an\u00e1lisis y transmisiones en directo de los eventos del Papa, Exaudi busca fortalecer la unidad de los cristianos y contribuir a la evangelizaci\u00f3n del mundo, siempre guiados por la doctrina social de la Iglesia. Trabajamos para acercar la verdad y los valores cristianos a cada rinc\u00f3n del planeta. \u00a1Ay\u00fadanos a transformar el mundo con Exaudi! En Exaudi creemos que la evangelizaci\u00f3n y la informaci\u00f3n de calidad pueden cambiar vidas. Para continuar con nuestra misi\u00f3n y expandir nuestro alcance, necesitamos tu ayuda. Adem\u00e1s, buscamos personas comprometidas que deseen unirse a nuestro equipo. Con tu apoyo, lograremos llegar a m\u00e1s personas, difundir el mensaje de Cristo y reforzar la unidad de los cristianos. \u00bfTe unes a nuestra misi\u00f3n? Para m\u00e1s informaci\u00f3n sobre c\u00f3mo colaborar, visita Exaudi.org\/es o cont\u00e1ctanos directamente: info@exaudi.org Exaudi: Informa, forma y transforma.","sameAs":["https:\/\/www.facebook.com\/ExaudiNoticias\/","https:\/\/www.instagram.com\/exaudi_noticias\/","https:\/\/x.com\/Exaudi_noticias","https:\/\/www.youtube.com\/@exaudicatholicnews"],"url":"https:\/\/exaudi.org\/es\/author\/redaccionexaudi\/"}]}},"jetpack_featured_media_url":"https:\/\/exaudi.org\/wp-content\/uploads\/2021\/06\/iulioloi7.jpg","jetpack_shortlink":"https:\/\/wp.me\/pgKjF2-5Cc","_links":{"self":[{"href":"https:\/\/exaudi.org\/es\/wp-json\/wp\/v2\/posts\/21588","targetHints":{"allow":["GET"]}}],"collection":[{"href":"https:\/\/exaudi.org\/es\/wp-json\/wp\/v2\/posts"}],"about":[{"href":"https:\/\/exaudi.org\/es\/wp-json\/wp\/v2\/types\/post"}],"author":[{"embeddable":true,"href":"https:\/\/exaudi.org\/es\/wp-json\/wp\/v2\/users\/15"}],"replies":[{"embeddable":true,"href":"https:\/\/exaudi.org\/es\/wp-json\/wp\/v2\/comments?post=21588"}],"version-history":[{"count":0,"href":"https:\/\/exaudi.org\/es\/wp-json\/wp\/v2\/posts\/21588\/revisions"}],"wp:featuredmedia":[{"embeddable":true,"href":"https:\/\/exaudi.org\/es\/wp-json\/wp\/v2\/media\/21589"}],"wp:attachment":[{"href":"https:\/\/exaudi.org\/es\/wp-json\/wp\/v2\/media?parent=21588"}],"wp:term":[{"taxonomy":"category","embeddable":true,"href":"https:\/\/exaudi.org\/es\/wp-json\/wp\/v2\/categories?post=21588"},{"taxonomy":"post_tag","embeddable":true,"href":"https:\/\/exaudi.org\/es\/wp-json\/wp\/v2\/tags?post=21588"}],"curies":[{"name":"wp","href":"https:\/\/api.w.org\/{rel}","templated":true}]}}