{"id":21259,"date":"2021-06-08T12:19:29","date_gmt":"2021-06-08T10:19:29","guid":{"rendered":"https:\/\/exaudi.org\/?p=21259"},"modified":"2021-06-09T09:05:15","modified_gmt":"2021-06-09T07:05:15","slug":"nicaragua-arzobispo-managua-reflexion-jueces","status":"publish","type":"post","link":"https:\/\/exaudi.org\/es\/nicaragua-arzobispo-managua-reflexion-jueces\/","title":{"rendered":"Nicaragua: Arzobispo de Managua reflexiona sobre los jueces"},"content":{"rendered":"<p>El cardenal Leopoldo Jos\u00e9 Brenes, arzobispo de Managua, Nicaragua, emiti\u00f3 el lunes 7 de junio de 2021 un v\u00eddeo comunicado en el que reflexiona sobre las citaciones a varias personas para ser interrogados y dedica unas palabras a los jueces del pa\u00eds.<\/p>\n<p>En su mensaje, publicado en la <a href=\"https:\/\/www.facebook.com\/arquidiocesisdemanagua\" target=\"_blank\" rel=\"noopener noreferrer\">p\u00e1gina de\u00a0<em>Facebook\u00a0<\/em>de la arquidi\u00f3cesis Managua<\/a>, el purpurado relata la inquietud y tristeza que muchos hermanos en la fe han manifestado al ver \u201cc\u00f3mo muchos de nuestros ciudadanos est\u00e1n siendo llamados e interrogados para aclarar muchas cosas\u201d.<\/p>\n<h4><strong>Poder judicial fuerte y honesto<\/strong><\/h4>\n<p>Asimismo, el sacerdote <a href=\"https:\/\/exaudi.org\/es\/nicaragua-obispo-de-esteli-preocupado-por-la-situacion-del-pais\/\" target=\"_blank\" rel=\"noopener noreferrer\">nicarag\u00fcense<\/a> recupera las palabras que el Papa Francisco dirigi\u00f3 a los magistrados del <a href=\"https:\/\/www.copaju.org\/\" target=\"_blank\" rel=\"noopener noreferrer\">Comit\u00e9 Panamericano de Juezas y Jueces por los Derechos Sociales y Doctrina Franciscana<\/a> (COPAJU) en noviembre de 2019: \u201cCuando se pueden producir en el pa\u00eds situaciones de violencia y muchas veces de racionalidad, nada mejor que un poder judicial fuerte y honesto, comprometido con el ser humano y el planeta para impedir la degradaci\u00f3n y el descarte\u201d.<\/p>\n<p>\u201cPara nosotros los cristianos cat\u00f3licos, la oraci\u00f3n es la fuerza, orar siempre, con insistencia nos dice el Se\u00f1or. Pidan y se os dar\u00e1\u201d, ha expresado el arzobispo de Managua. Igualmente, ha invitado a todos, \u201cde manera especial en la jornada del pr\u00f3ximo viernes, Fiesta del Sagrado Coraz\u00f3n de Jes\u00fas\u201d, a orar al Se\u00f1or, \u201cen su coraz\u00f3n amant\u00edsimo, por todas las juezas y jueces en la delicada misi\u00f3n de impartir justicia\u201d.<\/p>\n<p>Por \u00faltimo, ha rogado a Dios para que dichos magistrados \u201cse dejen conducir por el Esp\u00edritu, que siempre los lleva a la verdad, para que todos sus juicios y decisiones est\u00e9n apegados a la verdad. Que el Esp\u00edritu Santo les acompa\u00f1e y les ilumine en sus decisiones\u201d.<\/p>\n","protected":false},"excerpt":{"rendered":"<p>Tras citaciones a varias personas para ser interrogados<\/p>\n","protected":false},"author":6,"featured_media":21266,"comment_status":"closed","ping_status":"closed","sticky":false,"template":"","format":"standard","meta":{"_acf_changed":false,"_crdt_document":"","inline_featured_image":false,"footnotes":""},"categories":[86,298],"tags":[1270,492,2735,1269],"class_list":["post-21259","post","type-post","status-publish","format-standard","has-post-thumbnail","hentry","category-iglesia-local","category-ultimas-noticias","tag-arquidiocesis-de-managua","tag-comunicado","tag-jueces","tag-nicaragua"],"acf":[],"yoast_head":"<!-- This site is optimized with the Yoast SEO plugin v27.5 - https:\/\/yoast.com\/product\/yoast-seo-wordpress\/ -->\n<title>Nicaragua: Arzobispo de Managua reflexiona sobre los jueces - Exaudi<\/title>\n<meta name=\"description\" content=\"El cardenal Brenes, arzobispo de Managua, Nicaragua, emiti\u00f3 un comunicado en el que reflexiona sobre el papel de los jueces del pa\u00eds.\" \/>\n<meta name=\"robots\" content=\"index, follow, max-snippet:-1, max-image-preview:large, max-video-preview:-1\" \/>\n<link rel=\"canonical\" href=\"https:\/\/exaudi.org\/es\/nicaragua-arzobispo-managua-reflexion-jueces\/\" \/>\n<meta property=\"og:locale\" content=\"es_ES\" \/>\n<meta property=\"og:type\" content=\"article\" \/>\n<meta property=\"og:title\" content=\"Nicaragua: Arzobispo de Managua reflexiona sobre los jueces - Exaudi\" \/>\n<meta property=\"og:description\" content=\"El cardenal Brenes, arzobispo de Managua, Nicaragua, emiti\u00f3 un comunicado en el que reflexiona sobre el papel de los jueces del pa\u00eds.\" \/>\n<meta property=\"og:url\" content=\"https:\/\/exaudi.org\/es\/nicaragua-arzobispo-managua-reflexion-jueces\/\" \/>\n<meta property=\"og:site_name\" content=\"Exaudi\" \/>\n<meta property=\"article:publisher\" content=\"https:\/\/www.facebook.com\/ExaudiNews\" \/>\n<meta property=\"article:published_time\" content=\"2021-06-08T10:19:29+00:00\" \/>\n<meta property=\"article:modified_time\" content=\"2021-06-09T07:05:15+00:00\" \/>\n<meta property=\"og:image\" content=\"https:\/\/exaudi.org\/wp-content\/uploads\/2021\/06\/1cc22.jpeg\" \/>\n\t<meta property=\"og:image:width\" content=\"724\" \/>\n\t<meta property=\"og:image:height\" content=\"407\" \/>\n\t<meta property=\"og:image:type\" content=\"image\/jpeg\" \/>\n<meta name=\"author\" content=\"Gabriel Sales\" \/>\n<meta name=\"twitter:card\" content=\"summary_large_image\" \/>\n<meta name=\"twitter:creator\" content=\"@habemusman\" \/>\n<meta name=\"twitter:site\" content=\"@Exaudi_News\" \/>\n<meta name=\"twitter:label1\" content=\"Escrito por\" \/>\n\t<meta name=\"twitter:data1\" content=\"Gabriel Sales\" \/>\n\t<meta name=\"twitter:label2\" content=\"Tiempo de lectura\" \/>\n\t<meta name=\"twitter:data2\" content=\"2 minutos\" \/>\n<script type=\"application\/ld+json\" class=\"yoast-schema-graph\">{\"@context\":\"https:\\\/\\\/schema.org\",\"@graph\":[{\"@type\":\"Article\",\"@id\":\"https:\\\/\\\/exaudi.org\\\/es\\\/nicaragua-arzobispo-managua-reflexion-jueces\\\/#article\",\"isPartOf\":{\"@id\":\"https:\\\/\\\/exaudi.org\\\/es\\\/nicaragua-arzobispo-managua-reflexion-jueces\\\/\"},\"author\":{\"name\":\"Gabriel Sales\",\"@id\":\"https:\\\/\\\/exaudi.org\\\/#\\\/schema\\\/person\\\/d134b96438278131ce90c90c03fda6cd\"},\"headline\":\"Nicaragua: Arzobispo de Managua reflexiona sobre los jueces\",\"datePublished\":\"2021-06-08T10:19:29+00:00\",\"dateModified\":\"2021-06-09T07:05:15+00:00\",\"mainEntityOfPage\":{\"@id\":\"https:\\\/\\\/exaudi.org\\\/es\\\/nicaragua-arzobispo-managua-reflexion-jueces\\\/\"},\"wordCount\":309,\"image\":{\"@id\":\"https:\\\/\\\/exaudi.org\\\/es\\\/nicaragua-arzobispo-managua-reflexion-jueces\\\/#primaryimage\"},\"thumbnailUrl\":\"https:\\\/\\\/exaudi.org\\\/wp-content\\\/uploads\\\/2021\\\/06\\\/1cc22.jpeg\",\"keywords\":[\"Arquidi\u00f3cesis de Managua\",\"comunicado\",\"Jueces\",\"Nicaragua\"],\"articleSection\":[\"Iglesia Local\",\"\u00daltimas noticias\"],\"inLanguage\":\"es\"},{\"@type\":\"WebPage\",\"@id\":\"https:\\\/\\\/exaudi.org\\\/es\\\/nicaragua-arzobispo-managua-reflexion-jueces\\\/\",\"url\":\"https:\\\/\\\/exaudi.org\\\/es\\\/nicaragua-arzobispo-managua-reflexion-jueces\\\/\",\"name\":\"Nicaragua: Arzobispo de Managua reflexiona sobre los jueces - Exaudi\",\"isPartOf\":{\"@id\":\"https:\\\/\\\/exaudi.org\\\/#website\"},\"primaryImageOfPage\":{\"@id\":\"https:\\\/\\\/exaudi.org\\\/es\\\/nicaragua-arzobispo-managua-reflexion-jueces\\\/#primaryimage\"},\"image\":{\"@id\":\"https:\\\/\\\/exaudi.org\\\/es\\\/nicaragua-arzobispo-managua-reflexion-jueces\\\/#primaryimage\"},\"thumbnailUrl\":\"https:\\\/\\\/exaudi.org\\\/wp-content\\\/uploads\\\/2021\\\/06\\\/1cc22.jpeg\",\"datePublished\":\"2021-06-08T10:19:29+00:00\",\"dateModified\":\"2021-06-09T07:05:15+00:00\",\"author\":{\"@id\":\"https:\\\/\\\/exaudi.org\\\/#\\\/schema\\\/person\\\/d134b96438278131ce90c90c03fda6cd\"},\"description\":\"El cardenal Brenes, arzobispo de Managua, Nicaragua, emiti\u00f3 un comunicado en el que reflexiona sobre el papel de los jueces del pa\u00eds.\",\"breadcrumb\":{\"@id\":\"https:\\\/\\\/exaudi.org\\\/es\\\/nicaragua-arzobispo-managua-reflexion-jueces\\\/#breadcrumb\"},\"inLanguage\":\"es\",\"potentialAction\":[{\"@type\":\"ReadAction\",\"target\":[\"https:\\\/\\\/exaudi.org\\\/es\\\/nicaragua-arzobispo-managua-reflexion-jueces\\\/\"]}]},{\"@type\":\"ImageObject\",\"inLanguage\":\"es\",\"@id\":\"https:\\\/\\\/exaudi.org\\\/es\\\/nicaragua-arzobispo-managua-reflexion-jueces\\\/#primaryimage\",\"url\":\"https:\\\/\\\/exaudi.org\\\/wp-content\\\/uploads\\\/2021\\\/06\\\/1cc22.jpeg\",\"contentUrl\":\"https:\\\/\\\/exaudi.org\\\/wp-content\\\/uploads\\\/2021\\\/06\\\/1cc22.jpeg\",\"width\":724,\"height\":407,\"caption\":\"Cardenal Brenes \u00a9 Vatican Media\"},{\"@type\":\"BreadcrumbList\",\"@id\":\"https:\\\/\\\/exaudi.org\\\/es\\\/nicaragua-arzobispo-managua-reflexion-jueces\\\/#breadcrumb\",\"itemListElement\":[{\"@type\":\"ListItem\",\"position\":1,\"name\":\"Portada\",\"item\":\"https:\\\/\\\/exaudi.org\\\/es\\\/\"},{\"@type\":\"ListItem\",\"position\":2,\"name\":\"Nicaragua: Arzobispo de Managua reflexiona sobre los jueces\"}]},{\"@type\":\"WebSite\",\"@id\":\"https:\\\/\\\/exaudi.org\\\/#website\",\"url\":\"https:\\\/\\\/exaudi.org\\\/\",\"name\":\"Exaudi\",\"description\":\"News\",\"potentialAction\":[{\"@type\":\"SearchAction\",\"target\":{\"@type\":\"EntryPoint\",\"urlTemplate\":\"https:\\\/\\\/exaudi.org\\\/?s={search_term_string}\"},\"query-input\":{\"@type\":\"PropertyValueSpecification\",\"valueRequired\":true,\"valueName\":\"search_term_string\"}}],\"inLanguage\":\"es\"},{\"@type\":\"Person\",\"@id\":\"https:\\\/\\\/exaudi.org\\\/#\\\/schema\\\/person\\\/d134b96438278131ce90c90c03fda6cd\",\"name\":\"Gabriel Sales\",\"image\":{\"@type\":\"ImageObject\",\"inLanguage\":\"es\",\"@id\":\"https:\\\/\\\/secure.gravatar.com\\\/avatar\\\/9b1269566f6a063ed26ffb3532b66a373cdde231ce5d0effb266167437fdaffd?s=96&d=mm&r=g\",\"url\":\"https:\\\/\\\/secure.gravatar.com\\\/avatar\\\/9b1269566f6a063ed26ffb3532b66a373cdde231ce5d0effb266167437fdaffd?s=96&d=mm&r=g\",\"contentUrl\":\"https:\\\/\\\/secure.gravatar.com\\\/avatar\\\/9b1269566f6a063ed26ffb3532b66a373cdde231ce5d0effb266167437fdaffd?s=96&d=mm&r=g\",\"caption\":\"Gabriel Sales\"},\"description\":\"Periodista y especialista en Comunicaci\u00f3n y Branding digital. Cin\u00e9filo y cr\u00edtico de cine y series de televisi\u00f3n.\",\"sameAs\":[\"https:\\\/\\\/www.instagram.com\\\/cine90segundos\\\/\",\"www.linkedin.com\\\/in\\\/habemusman\",\"https:\\\/\\\/x.com\\\/habemusman\",\"https:\\\/\\\/www.youtube.com\\\/channel\\\/UCVfCiOMkJ_C7T7OpyjuaLDg\"],\"url\":\"https:\\\/\\\/exaudi.org\\\/es\\\/author\\\/gsalesexaudi-org\\\/\"}]}<\/script>\n<!-- \/ Yoast SEO plugin. -->","yoast_head_json":{"title":"Nicaragua: Arzobispo de Managua reflexiona sobre los jueces - Exaudi","description":"El cardenal Brenes, arzobispo de Managua, Nicaragua, emiti\u00f3 un comunicado en el que reflexiona sobre el papel de los jueces del pa\u00eds.","robots":{"index":"index","follow":"follow","max-snippet":"max-snippet:-1","max-image-preview":"max-image-preview:large","max-video-preview":"max-video-preview:-1"},"canonical":"https:\/\/exaudi.org\/es\/nicaragua-arzobispo-managua-reflexion-jueces\/","og_locale":"es_ES","og_type":"article","og_title":"Nicaragua: Arzobispo de Managua reflexiona sobre los jueces - Exaudi","og_description":"El cardenal Brenes, arzobispo de Managua, Nicaragua, emiti\u00f3 un comunicado en el que reflexiona sobre el papel de los jueces del pa\u00eds.","og_url":"https:\/\/exaudi.org\/es\/nicaragua-arzobispo-managua-reflexion-jueces\/","og_site_name":"Exaudi","article_publisher":"https:\/\/www.facebook.com\/ExaudiNews","article_published_time":"2021-06-08T10:19:29+00:00","article_modified_time":"2021-06-09T07:05:15+00:00","og_image":[{"width":724,"height":407,"url":"https:\/\/exaudi.org\/wp-content\/uploads\/2021\/06\/1cc22.jpeg","type":"image\/jpeg"}],"author":"Gabriel Sales","twitter_card":"summary_large_image","twitter_creator":"@habemusman","twitter_site":"@Exaudi_News","twitter_misc":{"Escrito por":"Gabriel Sales","Tiempo de lectura":"2 minutos"},"schema":{"@context":"https:\/\/schema.org","@graph":[{"@type":"Article","@id":"https:\/\/exaudi.org\/es\/nicaragua-arzobispo-managua-reflexion-jueces\/#article","isPartOf":{"@id":"https:\/\/exaudi.org\/es\/nicaragua-arzobispo-managua-reflexion-jueces\/"},"author":{"name":"Gabriel Sales","@id":"https:\/\/exaudi.org\/#\/schema\/person\/d134b96438278131ce90c90c03fda6cd"},"headline":"Nicaragua: Arzobispo de Managua reflexiona sobre los jueces","datePublished":"2021-06-08T10:19:29+00:00","dateModified":"2021-06-09T07:05:15+00:00","mainEntityOfPage":{"@id":"https:\/\/exaudi.org\/es\/nicaragua-arzobispo-managua-reflexion-jueces\/"},"wordCount":309,"image":{"@id":"https:\/\/exaudi.org\/es\/nicaragua-arzobispo-managua-reflexion-jueces\/#primaryimage"},"thumbnailUrl":"https:\/\/exaudi.org\/wp-content\/uploads\/2021\/06\/1cc22.jpeg","keywords":["Arquidi\u00f3cesis de Managua","comunicado","Jueces","Nicaragua"],"articleSection":["Iglesia Local","\u00daltimas noticias"],"inLanguage":"es"},{"@type":"WebPage","@id":"https:\/\/exaudi.org\/es\/nicaragua-arzobispo-managua-reflexion-jueces\/","url":"https:\/\/exaudi.org\/es\/nicaragua-arzobispo-managua-reflexion-jueces\/","name":"Nicaragua: Arzobispo de Managua reflexiona sobre los jueces - Exaudi","isPartOf":{"@id":"https:\/\/exaudi.org\/#website"},"primaryImageOfPage":{"@id":"https:\/\/exaudi.org\/es\/nicaragua-arzobispo-managua-reflexion-jueces\/#primaryimage"},"image":{"@id":"https:\/\/exaudi.org\/es\/nicaragua-arzobispo-managua-reflexion-jueces\/#primaryimage"},"thumbnailUrl":"https:\/\/exaudi.org\/wp-content\/uploads\/2021\/06\/1cc22.jpeg","datePublished":"2021-06-08T10:19:29+00:00","dateModified":"2021-06-09T07:05:15+00:00","author":{"@id":"https:\/\/exaudi.org\/#\/schema\/person\/d134b96438278131ce90c90c03fda6cd"},"description":"El cardenal Brenes, arzobispo de Managua, Nicaragua, emiti\u00f3 un comunicado en el que reflexiona sobre el papel de los jueces del pa\u00eds.","breadcrumb":{"@id":"https:\/\/exaudi.org\/es\/nicaragua-arzobispo-managua-reflexion-jueces\/#breadcrumb"},"inLanguage":"es","potentialAction":[{"@type":"ReadAction","target":["https:\/\/exaudi.org\/es\/nicaragua-arzobispo-managua-reflexion-jueces\/"]}]},{"@type":"ImageObject","inLanguage":"es","@id":"https:\/\/exaudi.org\/es\/nicaragua-arzobispo-managua-reflexion-jueces\/#primaryimage","url":"https:\/\/exaudi.org\/wp-content\/uploads\/2021\/06\/1cc22.jpeg","contentUrl":"https:\/\/exaudi.org\/wp-content\/uploads\/2021\/06\/1cc22.jpeg","width":724,"height":407,"caption":"Cardenal Brenes \u00a9 Vatican Media"},{"@type":"BreadcrumbList","@id":"https:\/\/exaudi.org\/es\/nicaragua-arzobispo-managua-reflexion-jueces\/#breadcrumb","itemListElement":[{"@type":"ListItem","position":1,"name":"Portada","item":"https:\/\/exaudi.org\/es\/"},{"@type":"ListItem","position":2,"name":"Nicaragua: Arzobispo de Managua reflexiona sobre los jueces"}]},{"@type":"WebSite","@id":"https:\/\/exaudi.org\/#website","url":"https:\/\/exaudi.org\/","name":"Exaudi","description":"News","potentialAction":[{"@type":"SearchAction","target":{"@type":"EntryPoint","urlTemplate":"https:\/\/exaudi.org\/?s={search_term_string}"},"query-input":{"@type":"PropertyValueSpecification","valueRequired":true,"valueName":"search_term_string"}}],"inLanguage":"es"},{"@type":"Person","@id":"https:\/\/exaudi.org\/#\/schema\/person\/d134b96438278131ce90c90c03fda6cd","name":"Gabriel Sales","image":{"@type":"ImageObject","inLanguage":"es","@id":"https:\/\/secure.gravatar.com\/avatar\/9b1269566f6a063ed26ffb3532b66a373cdde231ce5d0effb266167437fdaffd?s=96&d=mm&r=g","url":"https:\/\/secure.gravatar.com\/avatar\/9b1269566f6a063ed26ffb3532b66a373cdde231ce5d0effb266167437fdaffd?s=96&d=mm&r=g","contentUrl":"https:\/\/secure.gravatar.com\/avatar\/9b1269566f6a063ed26ffb3532b66a373cdde231ce5d0effb266167437fdaffd?s=96&d=mm&r=g","caption":"Gabriel Sales"},"description":"Periodista y especialista en Comunicaci\u00f3n y Branding digital. Cin\u00e9filo y cr\u00edtico de cine y series de televisi\u00f3n.","sameAs":["https:\/\/www.instagram.com\/cine90segundos\/","www.linkedin.com\/in\/habemusman","https:\/\/x.com\/habemusman","https:\/\/www.youtube.com\/channel\/UCVfCiOMkJ_C7T7OpyjuaLDg"],"url":"https:\/\/exaudi.org\/es\/author\/gsalesexaudi-org\/"}]}},"jetpack_featured_media_url":"https:\/\/exaudi.org\/wp-content\/uploads\/2021\/06\/1cc22.jpeg","jetpack_shortlink":"https:\/\/wp.me\/pgKjF2-5wT","_links":{"self":[{"href":"https:\/\/exaudi.org\/es\/wp-json\/wp\/v2\/posts\/21259","targetHints":{"allow":["GET"]}}],"collection":[{"href":"https:\/\/exaudi.org\/es\/wp-json\/wp\/v2\/posts"}],"about":[{"href":"https:\/\/exaudi.org\/es\/wp-json\/wp\/v2\/types\/post"}],"author":[{"embeddable":true,"href":"https:\/\/exaudi.org\/es\/wp-json\/wp\/v2\/users\/6"}],"replies":[{"embeddable":true,"href":"https:\/\/exaudi.org\/es\/wp-json\/wp\/v2\/comments?post=21259"}],"version-history":[{"count":0,"href":"https:\/\/exaudi.org\/es\/wp-json\/wp\/v2\/posts\/21259\/revisions"}],"wp:featuredmedia":[{"embeddable":true,"href":"https:\/\/exaudi.org\/es\/wp-json\/wp\/v2\/media\/21266"}],"wp:attachment":[{"href":"https:\/\/exaudi.org\/es\/wp-json\/wp\/v2\/media?parent=21259"}],"wp:term":[{"taxonomy":"category","embeddable":true,"href":"https:\/\/exaudi.org\/es\/wp-json\/wp\/v2\/categories?post=21259"},{"taxonomy":"post_tag","embeddable":true,"href":"https:\/\/exaudi.org\/es\/wp-json\/wp\/v2\/tags?post=21259"}],"curies":[{"name":"wp","href":"https:\/\/api.w.org\/{rel}","templated":true}]}}