{"id":21228,"date":"2021-06-08T10:45:30","date_gmt":"2021-06-08T08:45:30","guid":{"rendered":"https:\/\/exaudi.org\/?p=21228"},"modified":"2021-06-15T10:28:55","modified_gmt":"2021-06-15T08:28:55","slug":"conferencia-mundial-primera-mujer-votante-en-un-sinodo-2021","status":"publish","type":"post","link":"https:\/\/exaudi.org\/es\/conferencia-mundial-primera-mujer-votante-en-un-sinodo-2021\/","title":{"rendered":"Conferencia mundial de primera mujer con voto en un S\u00ednodo"},"content":{"rendered":"<p>La <a href=\"https:\/\/www.wucwo.org\/index.php\/es\/\" target=\"_blank\" rel=\"noopener noreferrer\">Uni\u00f3n Mundial de Organizaciones Femeninas Cat\u00f3licas<\/a> (UMOFC) y la <a href=\"https:\/\/liderescatolicos.net\/\" target=\"_blank\" rel=\"noopener noreferrer\">Academia de L\u00edderes Cat\u00f3licos de Am\u00e9rica Latina<\/a> han convocado el pr\u00f3ximo 18 de junio de 2021 la Conferencia Mundial \u201cMUJERES EN LA IGLESIA: el desaf\u00edo de la sinodalidad\u201d, en la que intervendr\u00e1 la hermana <span style=\"font-weight: 400;\">Nathalie<\/span><span style=\"font-weight: 400;\"> Becq<\/span><span style=\"font-weight: 400;\">uart, subsecretaria del S\u00ednodo de los Obispos y primera mujer con derecho a voto en el mismo.<\/span><\/p>\n<p>Seg\u00fan informa la Academia de L\u00edderes Cat\u00f3licos latinoamericana, el acto ser\u00e1 comentado por monse\u00f1or Jorge Eduardo Lozano, secretario general del Consejo Episcopal Latinoamericano (CELAM), la doctora Gadima, ministra de Estado de \u00c1frica y \u00fanica cat\u00f3lica con este cargo en un gobierno musulm\u00e1n, y Cristiane Murray, primera mujer en ser vicedirectora de prensa de la Santa Sede.<\/p>\n<h4><strong>Igual dignidad de hombres y mujeres<\/strong><\/h4>\n<p>Mar\u00eda Lia Zevino, presidenta UMOFC, ha se\u00f1alado su alegr\u00eda con que el <a href=\"https:\/\/exaudi.org\/es\/el-papa-anima-a-sacerdotes-a-conocer-sus-debilidades\/\" target=\"_blank\" rel=\"noopener noreferrer\">Santo Padre<\/a>, \u201ccon delicadeza y firmeza, est\u00e1 logrando que, lo que siempre ha sostenido la doctrina cat\u00f3lica respecto a la igual dignidad de hombres y mujeres, se torne m\u00e1s real en la vida concreta de toda la Iglesia\u201d.<\/p>\n<p>En este sentido, contin\u00faa, \u201cel nombramiento de la hermana Natalie Becquart como subsecretaria del S\u00ednodo de los Obispos, es un gesto altamente significativo. Esta conferencia ser\u00e1 una gran oportunidad para conversar con la Hna. Becquart sobre c\u00f3mo ha de ser el futuro papel de las mujeres en la Iglesia, laicas y consagradas, para avanzar en l\u00ednea con el Papa Francisco\u201d.<\/p>\n<h4><strong>Encuentro internacional entre cristianos<\/strong><\/h4>\n<p>Por su parte, se\u00f1ala la nota informativa, Jos\u00e9 Antonio Rosas, director fundador de la Academia de L\u00edderes Cat\u00f3licos y uno de los organizadores de la conferencia, indica su deseo de que \u201ceste evento sea la oportunidad, aprovechando las nuevas tecnolog\u00edas, para provocar un encuentro internacional entre cristianos de los cuatro continentes, en un aut\u00e9ntico di\u00e1logo mundial sobre la mujer y la sinodalidad en la Iglesia\u201d.<\/p>\n<p>En este sentido, explica, no solo escuchar\u00e1n a los conferencistas, \u201csino adem\u00e1s habr\u00e1 un momento muy rico y valioso para el debate entre los miles de participantes\u201d, por lo que han dispuesto \u201cdurante la conferencia de traducci\u00f3n simult\u00e1nea al espa\u00f1ol, ingl\u00e9s y franc\u00e9s; de tal manera que la propia actividad sea una expresi\u00f3n de sinodalidad y de hacer un camino juntos\u201d.<\/p>\n<h4><strong>Horarios y conexi\u00f3n<\/strong><\/h4>\n<p><img loading=\"lazy\" decoding=\"async\" class=\"size-large wp-image-21354 aligncenter\" src=\"https:\/\/exaudi.org\/wp-content\/uploads\/2021\/06\/WhatsApp-Image-2021-06-08-at-17.52.35-1024x1024.jpeg\" alt=\"\" width=\"696\" height=\"696\" srcset=\"https:\/\/exaudi.org\/wp-content\/uploads\/2021\/06\/WhatsApp-Image-2021-06-08-at-17.52.35-1024x1024.jpeg 1024w, https:\/\/exaudi.org\/wp-content\/uploads\/2021\/06\/WhatsApp-Image-2021-06-08-at-17.52.35-300x300.jpeg 300w, https:\/\/exaudi.org\/wp-content\/uploads\/2021\/06\/WhatsApp-Image-2021-06-08-at-17.52.35-150x150.jpeg 150w, https:\/\/exaudi.org\/wp-content\/uploads\/2021\/06\/WhatsApp-Image-2021-06-08-at-17.52.35-768x768.jpeg 768w, https:\/\/exaudi.org\/wp-content\/uploads\/2021\/06\/WhatsApp-Image-2021-06-08-at-17.52.35-696x696.jpeg 696w, https:\/\/exaudi.org\/wp-content\/uploads\/2021\/06\/WhatsApp-Image-2021-06-08-at-17.52.35-1068x1068.jpeg 1068w, https:\/\/exaudi.org\/wp-content\/uploads\/2021\/06\/WhatsApp-Image-2021-06-08-at-17.52.35-420x420.jpeg 420w, https:\/\/exaudi.org\/wp-content\/uploads\/2021\/06\/WhatsApp-Image-2021-06-08-at-17.52.35.jpeg 1280w\" sizes=\"auto, (max-width: 696px) 100vw, 696px\" \/><\/p>\n<p>La conferencia internacional tendr\u00e1 lugar el pr\u00f3ximo viernes 18 de junio, y durar\u00e1 un total de dos horas. Comenzar\u00e1 a las 8 horas en Centroam\u00e9rica, a las 9 h en M\u00e9xico, Per\u00fa y Colombia, a las 10 h en Chile y Estados Unidos (Nueva York), a las 11 h en Argentina, Brasil y Uruguay, a las 15 h en Portugal y Nigeria, a las 16 h en Espa\u00f1a, Francia, Italia y Alemania, y a las 17 h en Kenya.<\/p>\n<p><span style=\"font-weight: 400;\">La conferencia ser\u00e1 transmitida en el <a href=\"https:\/\/www.youtube.com\/liderescatolicos\" target=\"_blank\" rel=\"noopener noreferrer\">canal de <em>YouTube<\/em> de la Academia<\/a>. Es posible informarse de m\u00e1s detalles a trav\u00e9s del siguiente correo electr\u00f3nico: <\/span><a href=\"mailto:mujeres@liderescatolicos.net\"><span style=\"font-weight: 400;\">mujeres@liderescatolicos.net<\/span><\/a>. Y, para inscribirse, es necesario acceder al siguiente enlace: <span style=\"font-weight: 400;\"><a href=\"http:\/\/www.liderescatolicos.net\/mujeres\">www.liderescatolicos.net\/mujeres<\/a>.<\/span><\/p>\n<p>Como medio asociado a la conferencia internacional, Exaudi retransmitir\u00e1 el evento a trav\u00e9s de sus cuentas de <em>Facebook\u00a0<\/em>en espa\u00f1ol (<a href=\"http:\/\/www.facebook.com\/ExaudiNoticias\" target=\"_blank\" rel=\"noopener noreferrer\">www.facebook.com\/ExaudiNoticias<\/a>) e ingl\u00e9s (<a href=\"http:\/\/www.facebook.com\/ExaudiNews\/\" target=\"_blank\" rel=\"noopener noreferrer\">www.facebook.com\/ExaudiNews<\/a>).<\/p>\n<h4><strong>Academia Latinoamericana de L\u00edderes Cat\u00f3licos<\/strong><\/h4>\n<div id=\"u1757-4\" class=\"clearfix grpelem shared_content\" data-muse-uid=\"U1757\" data-muse-type=\"txt_frame\" data-ibe-flags=\"txtStyleSrc\" data-content-guid=\"u1757-4_content\">\n<p>Tal y como describe en su web, se trata de una fundaci\u00f3n de derecho privado sin fines de lucro que busca formar cat\u00f3licos que a partir de la experiencia cristiana desarrollen su vocaci\u00f3n pol\u00edtica con la ayuda de la Doctrina Social de la Iglesia. Su misi\u00f3n es formar l\u00edderes desde una perspectiva cat\u00f3lica, arraigados en la fe de la Iglesia, para transformar el mundo social, pol\u00edtico y econ\u00f3mico a la luz de la Doctrina Social de la Iglesia.<\/p>\n<\/div>\n<p>Asimismo, indica, su visi\u00f3n es formar una nueva generaci\u00f3n de cat\u00f3licos latinoamericanos con responsabilidades pol\u00edticas y sociales para que transformen el rostro del continente al servicio de sus pueblos, a la luz del Magisterio de la Iglesia y de cara a los Jubileos del V Centenario Guadalupano y de los dos mil a\u00f1os de la redenci\u00f3n.<\/p>\n<h4><b>UMOFC<\/b><\/h4>\n<p><span style=\"font-weight: 400;\">La Uni\u00f3n Mundial de las Organizaciones Femeninas Cat\u00f3licas aclara en su p\u00e1gina web que fue fundada en 1910 y representa en la actualidad a casi 100 organizaciones femeninas en el mundo, activa en m\u00e1s de 50 pa\u00edses en todos los continentes, representa m\u00e1s de 8 millones de mujeres cat\u00f3licas en todas las etapas de la vida.<\/span><\/p>\n<p><span style=\"font-weight: 400;\">El objetivo de la UMOFC es promover la presencia, participaci\u00f3n y corresponsabilidad de las mujeres cat\u00f3licas en la sociedad y en la Iglesia, para que puedan cumplir con su misi\u00f3n evangelizadora y trabajar por el desarrollo de los pueblos, particularmente aumentando las oportunidades de educaci\u00f3n, reduciendo la pobreza y la promoci\u00f3n de los derechos humanos, empezando con el derecho fundamental a la vida.<\/span><span style=\"font-weight: 400;\">\u00a0<\/span><\/p>\n","protected":false},"excerpt":{"rendered":"<p>Hermana Nathalie Becquart, subsecretaria del S\u00ednodo de los Obispos<\/p>\n","protected":false},"author":6,"featured_media":21241,"comment_status":"closed","ping_status":"closed","sticky":false,"template":"","format":"standard","meta":{"_acf_changed":false,"_crdt_document":"","inline_featured_image":false,"footnotes":""},"categories":[84,298],"tags":[2733,2734,2732],"class_list":["post-21228","post","type-post","status-publish","format-standard","has-post-thumbnail","hentry","category-eventos-internacionales","category-ultimas-noticias","tag-academia-de-lideres-catolicos-de-america-latina","tag-conferencia","tag-union-mundial-de-organizaciones-femeninas-catolicas-umofc"],"acf":[],"yoast_head":"<!-- This site is optimized with the Yoast SEO plugin v27.5 - https:\/\/yoast.com\/product\/yoast-seo-wordpress\/ -->\n<title>Conferencia mundial de primera mujer con voto en un S\u00ednodo - Exaudi<\/title>\n<meta name=\"description\" content=\"El pr\u00f3ximo viernes 18 de junio de 2021 tendr\u00e1 lugar una Conferencia internacional con la primera mujer con voto en un s\u00ednodo de obispos.\" \/>\n<meta name=\"robots\" content=\"index, follow, max-snippet:-1, max-image-preview:large, max-video-preview:-1\" \/>\n<link rel=\"canonical\" href=\"https:\/\/exaudi.org\/es\/conferencia-mundial-primera-mujer-votante-en-un-sinodo-2021\/\" \/>\n<meta property=\"og:locale\" content=\"es_ES\" \/>\n<meta property=\"og:type\" content=\"article\" \/>\n<meta property=\"og:title\" content=\"Conferencia mundial de primera mujer con voto en un S\u00ednodo - Exaudi\" \/>\n<meta property=\"og:description\" content=\"El pr\u00f3ximo viernes 18 de junio de 2021 tendr\u00e1 lugar una Conferencia internacional con la primera mujer con voto en un s\u00ednodo de obispos.\" \/>\n<meta property=\"og:url\" content=\"https:\/\/exaudi.org\/es\/conferencia-mundial-primera-mujer-votante-en-un-sinodo-2021\/\" \/>\n<meta property=\"og:site_name\" content=\"Exaudi\" \/>\n<meta property=\"article:publisher\" content=\"https:\/\/www.facebook.com\/ExaudiNews\" \/>\n<meta property=\"article:published_time\" content=\"2021-06-08T08:45:30+00:00\" \/>\n<meta property=\"article:modified_time\" content=\"2021-06-15T08:28:55+00:00\" \/>\n<meta property=\"og:image\" content=\"https:\/\/exaudi.org\/wp-content\/uploads\/2021\/06\/11cc22.jpeg\" \/>\n\t<meta property=\"og:image:width\" content=\"1228\" \/>\n\t<meta property=\"og:image:height\" content=\"691\" \/>\n\t<meta property=\"og:image:type\" content=\"image\/jpeg\" \/>\n<meta name=\"author\" content=\"Gabriel Sales\" \/>\n<meta name=\"twitter:card\" content=\"summary_large_image\" \/>\n<meta name=\"twitter:creator\" content=\"@habemusman\" \/>\n<meta name=\"twitter:site\" content=\"@Exaudi_News\" \/>\n<meta name=\"twitter:label1\" content=\"Escrito por\" \/>\n\t<meta name=\"twitter:data1\" content=\"Gabriel Sales\" \/>\n\t<meta name=\"twitter:label2\" content=\"Tiempo de lectura\" \/>\n\t<meta name=\"twitter:data2\" content=\"4 minutos\" \/>\n<script type=\"application\/ld+json\" class=\"yoast-schema-graph\">{\"@context\":\"https:\\\/\\\/schema.org\",\"@graph\":[{\"@type\":\"Article\",\"@id\":\"https:\\\/\\\/exaudi.org\\\/es\\\/conferencia-mundial-primera-mujer-votante-en-un-sinodo-2021\\\/#article\",\"isPartOf\":{\"@id\":\"https:\\\/\\\/exaudi.org\\\/es\\\/conferencia-mundial-primera-mujer-votante-en-un-sinodo-2021\\\/\"},\"author\":{\"name\":\"Gabriel Sales\",\"@id\":\"https:\\\/\\\/exaudi.org\\\/#\\\/schema\\\/person\\\/d134b96438278131ce90c90c03fda6cd\"},\"headline\":\"Conferencia mundial de primera mujer con voto en un S\u00ednodo\",\"datePublished\":\"2021-06-08T08:45:30+00:00\",\"dateModified\":\"2021-06-15T08:28:55+00:00\",\"mainEntityOfPage\":{\"@id\":\"https:\\\/\\\/exaudi.org\\\/es\\\/conferencia-mundial-primera-mujer-votante-en-un-sinodo-2021\\\/\"},\"wordCount\":850,\"image\":{\"@id\":\"https:\\\/\\\/exaudi.org\\\/es\\\/conferencia-mundial-primera-mujer-votante-en-un-sinodo-2021\\\/#primaryimage\"},\"thumbnailUrl\":\"https:\\\/\\\/exaudi.org\\\/wp-content\\\/uploads\\\/2021\\\/06\\\/11cc22.jpeg\",\"keywords\":[\"Academia de L\u00edderes Cat\u00f3licos de Am\u00e9rica Latina\",\"Conferencia\",\"Uni\u00f3n Mundial de Organizaciones Femeninas Cat\u00f3licas (UMOFC)\"],\"articleSection\":[\"Eventos internacionales\",\"\u00daltimas noticias\"],\"inLanguage\":\"es\"},{\"@type\":\"WebPage\",\"@id\":\"https:\\\/\\\/exaudi.org\\\/es\\\/conferencia-mundial-primera-mujer-votante-en-un-sinodo-2021\\\/\",\"url\":\"https:\\\/\\\/exaudi.org\\\/es\\\/conferencia-mundial-primera-mujer-votante-en-un-sinodo-2021\\\/\",\"name\":\"Conferencia mundial de primera mujer con voto en un S\u00ednodo - Exaudi\",\"isPartOf\":{\"@id\":\"https:\\\/\\\/exaudi.org\\\/#website\"},\"primaryImageOfPage\":{\"@id\":\"https:\\\/\\\/exaudi.org\\\/es\\\/conferencia-mundial-primera-mujer-votante-en-un-sinodo-2021\\\/#primaryimage\"},\"image\":{\"@id\":\"https:\\\/\\\/exaudi.org\\\/es\\\/conferencia-mundial-primera-mujer-votante-en-un-sinodo-2021\\\/#primaryimage\"},\"thumbnailUrl\":\"https:\\\/\\\/exaudi.org\\\/wp-content\\\/uploads\\\/2021\\\/06\\\/11cc22.jpeg\",\"datePublished\":\"2021-06-08T08:45:30+00:00\",\"dateModified\":\"2021-06-15T08:28:55+00:00\",\"author\":{\"@id\":\"https:\\\/\\\/exaudi.org\\\/#\\\/schema\\\/person\\\/d134b96438278131ce90c90c03fda6cd\"},\"description\":\"El pr\u00f3ximo viernes 18 de junio de 2021 tendr\u00e1 lugar una Conferencia internacional con la primera mujer con voto en un s\u00ednodo de obispos.\",\"breadcrumb\":{\"@id\":\"https:\\\/\\\/exaudi.org\\\/es\\\/conferencia-mundial-primera-mujer-votante-en-un-sinodo-2021\\\/#breadcrumb\"},\"inLanguage\":\"es\",\"potentialAction\":[{\"@type\":\"ReadAction\",\"target\":[\"https:\\\/\\\/exaudi.org\\\/es\\\/conferencia-mundial-primera-mujer-votante-en-un-sinodo-2021\\\/\"]}]},{\"@type\":\"ImageObject\",\"inLanguage\":\"es\",\"@id\":\"https:\\\/\\\/exaudi.org\\\/es\\\/conferencia-mundial-primera-mujer-votante-en-un-sinodo-2021\\\/#primaryimage\",\"url\":\"https:\\\/\\\/exaudi.org\\\/wp-content\\\/uploads\\\/2021\\\/06\\\/11cc22.jpeg\",\"contentUrl\":\"https:\\\/\\\/exaudi.org\\\/wp-content\\\/uploads\\\/2021\\\/06\\\/11cc22.jpeg\",\"width\":1228,\"height\":691,\"caption\":\"Hermana\u00a0Nathalie Becquart \u00a9 Vatican Media\"},{\"@type\":\"BreadcrumbList\",\"@id\":\"https:\\\/\\\/exaudi.org\\\/es\\\/conferencia-mundial-primera-mujer-votante-en-un-sinodo-2021\\\/#breadcrumb\",\"itemListElement\":[{\"@type\":\"ListItem\",\"position\":1,\"name\":\"Portada\",\"item\":\"https:\\\/\\\/exaudi.org\\\/es\\\/\"},{\"@type\":\"ListItem\",\"position\":2,\"name\":\"Conferencia mundial de primera mujer con voto en un S\u00ednodo\"}]},{\"@type\":\"WebSite\",\"@id\":\"https:\\\/\\\/exaudi.org\\\/#website\",\"url\":\"https:\\\/\\\/exaudi.org\\\/\",\"name\":\"Exaudi\",\"description\":\"News\",\"potentialAction\":[{\"@type\":\"SearchAction\",\"target\":{\"@type\":\"EntryPoint\",\"urlTemplate\":\"https:\\\/\\\/exaudi.org\\\/?s={search_term_string}\"},\"query-input\":{\"@type\":\"PropertyValueSpecification\",\"valueRequired\":true,\"valueName\":\"search_term_string\"}}],\"inLanguage\":\"es\"},{\"@type\":\"Person\",\"@id\":\"https:\\\/\\\/exaudi.org\\\/#\\\/schema\\\/person\\\/d134b96438278131ce90c90c03fda6cd\",\"name\":\"Gabriel Sales\",\"image\":{\"@type\":\"ImageObject\",\"inLanguage\":\"es\",\"@id\":\"https:\\\/\\\/secure.gravatar.com\\\/avatar\\\/9b1269566f6a063ed26ffb3532b66a373cdde231ce5d0effb266167437fdaffd?s=96&d=mm&r=g\",\"url\":\"https:\\\/\\\/secure.gravatar.com\\\/avatar\\\/9b1269566f6a063ed26ffb3532b66a373cdde231ce5d0effb266167437fdaffd?s=96&d=mm&r=g\",\"contentUrl\":\"https:\\\/\\\/secure.gravatar.com\\\/avatar\\\/9b1269566f6a063ed26ffb3532b66a373cdde231ce5d0effb266167437fdaffd?s=96&d=mm&r=g\",\"caption\":\"Gabriel Sales\"},\"description\":\"Periodista y especialista en Comunicaci\u00f3n y Branding digital. Cin\u00e9filo y cr\u00edtico de cine y series de televisi\u00f3n.\",\"sameAs\":[\"https:\\\/\\\/www.instagram.com\\\/cine90segundos\\\/\",\"www.linkedin.com\\\/in\\\/habemusman\",\"https:\\\/\\\/x.com\\\/habemusman\",\"https:\\\/\\\/www.youtube.com\\\/channel\\\/UCVfCiOMkJ_C7T7OpyjuaLDg\"],\"url\":\"https:\\\/\\\/exaudi.org\\\/es\\\/author\\\/gsalesexaudi-org\\\/\"}]}<\/script>\n<!-- \/ Yoast SEO plugin. -->","yoast_head_json":{"title":"Conferencia mundial de primera mujer con voto en un S\u00ednodo - Exaudi","description":"El pr\u00f3ximo viernes 18 de junio de 2021 tendr\u00e1 lugar una Conferencia internacional con la primera mujer con voto en un s\u00ednodo de obispos.","robots":{"index":"index","follow":"follow","max-snippet":"max-snippet:-1","max-image-preview":"max-image-preview:large","max-video-preview":"max-video-preview:-1"},"canonical":"https:\/\/exaudi.org\/es\/conferencia-mundial-primera-mujer-votante-en-un-sinodo-2021\/","og_locale":"es_ES","og_type":"article","og_title":"Conferencia mundial de primera mujer con voto en un S\u00ednodo - Exaudi","og_description":"El pr\u00f3ximo viernes 18 de junio de 2021 tendr\u00e1 lugar una Conferencia internacional con la primera mujer con voto en un s\u00ednodo de obispos.","og_url":"https:\/\/exaudi.org\/es\/conferencia-mundial-primera-mujer-votante-en-un-sinodo-2021\/","og_site_name":"Exaudi","article_publisher":"https:\/\/www.facebook.com\/ExaudiNews","article_published_time":"2021-06-08T08:45:30+00:00","article_modified_time":"2021-06-15T08:28:55+00:00","og_image":[{"width":1228,"height":691,"url":"https:\/\/exaudi.org\/wp-content\/uploads\/2021\/06\/11cc22.jpeg","type":"image\/jpeg"}],"author":"Gabriel Sales","twitter_card":"summary_large_image","twitter_creator":"@habemusman","twitter_site":"@Exaudi_News","twitter_misc":{"Escrito por":"Gabriel Sales","Tiempo de lectura":"4 minutos"},"schema":{"@context":"https:\/\/schema.org","@graph":[{"@type":"Article","@id":"https:\/\/exaudi.org\/es\/conferencia-mundial-primera-mujer-votante-en-un-sinodo-2021\/#article","isPartOf":{"@id":"https:\/\/exaudi.org\/es\/conferencia-mundial-primera-mujer-votante-en-un-sinodo-2021\/"},"author":{"name":"Gabriel Sales","@id":"https:\/\/exaudi.org\/#\/schema\/person\/d134b96438278131ce90c90c03fda6cd"},"headline":"Conferencia mundial de primera mujer con voto en un S\u00ednodo","datePublished":"2021-06-08T08:45:30+00:00","dateModified":"2021-06-15T08:28:55+00:00","mainEntityOfPage":{"@id":"https:\/\/exaudi.org\/es\/conferencia-mundial-primera-mujer-votante-en-un-sinodo-2021\/"},"wordCount":850,"image":{"@id":"https:\/\/exaudi.org\/es\/conferencia-mundial-primera-mujer-votante-en-un-sinodo-2021\/#primaryimage"},"thumbnailUrl":"https:\/\/exaudi.org\/wp-content\/uploads\/2021\/06\/11cc22.jpeg","keywords":["Academia de L\u00edderes Cat\u00f3licos de Am\u00e9rica Latina","Conferencia","Uni\u00f3n Mundial de Organizaciones Femeninas Cat\u00f3licas (UMOFC)"],"articleSection":["Eventos internacionales","\u00daltimas noticias"],"inLanguage":"es"},{"@type":"WebPage","@id":"https:\/\/exaudi.org\/es\/conferencia-mundial-primera-mujer-votante-en-un-sinodo-2021\/","url":"https:\/\/exaudi.org\/es\/conferencia-mundial-primera-mujer-votante-en-un-sinodo-2021\/","name":"Conferencia mundial de primera mujer con voto en un S\u00ednodo - Exaudi","isPartOf":{"@id":"https:\/\/exaudi.org\/#website"},"primaryImageOfPage":{"@id":"https:\/\/exaudi.org\/es\/conferencia-mundial-primera-mujer-votante-en-un-sinodo-2021\/#primaryimage"},"image":{"@id":"https:\/\/exaudi.org\/es\/conferencia-mundial-primera-mujer-votante-en-un-sinodo-2021\/#primaryimage"},"thumbnailUrl":"https:\/\/exaudi.org\/wp-content\/uploads\/2021\/06\/11cc22.jpeg","datePublished":"2021-06-08T08:45:30+00:00","dateModified":"2021-06-15T08:28:55+00:00","author":{"@id":"https:\/\/exaudi.org\/#\/schema\/person\/d134b96438278131ce90c90c03fda6cd"},"description":"El pr\u00f3ximo viernes 18 de junio de 2021 tendr\u00e1 lugar una Conferencia internacional con la primera mujer con voto en un s\u00ednodo de obispos.","breadcrumb":{"@id":"https:\/\/exaudi.org\/es\/conferencia-mundial-primera-mujer-votante-en-un-sinodo-2021\/#breadcrumb"},"inLanguage":"es","potentialAction":[{"@type":"ReadAction","target":["https:\/\/exaudi.org\/es\/conferencia-mundial-primera-mujer-votante-en-un-sinodo-2021\/"]}]},{"@type":"ImageObject","inLanguage":"es","@id":"https:\/\/exaudi.org\/es\/conferencia-mundial-primera-mujer-votante-en-un-sinodo-2021\/#primaryimage","url":"https:\/\/exaudi.org\/wp-content\/uploads\/2021\/06\/11cc22.jpeg","contentUrl":"https:\/\/exaudi.org\/wp-content\/uploads\/2021\/06\/11cc22.jpeg","width":1228,"height":691,"caption":"Hermana\u00a0Nathalie Becquart \u00a9 Vatican Media"},{"@type":"BreadcrumbList","@id":"https:\/\/exaudi.org\/es\/conferencia-mundial-primera-mujer-votante-en-un-sinodo-2021\/#breadcrumb","itemListElement":[{"@type":"ListItem","position":1,"name":"Portada","item":"https:\/\/exaudi.org\/es\/"},{"@type":"ListItem","position":2,"name":"Conferencia mundial de primera mujer con voto en un S\u00ednodo"}]},{"@type":"WebSite","@id":"https:\/\/exaudi.org\/#website","url":"https:\/\/exaudi.org\/","name":"Exaudi","description":"News","potentialAction":[{"@type":"SearchAction","target":{"@type":"EntryPoint","urlTemplate":"https:\/\/exaudi.org\/?s={search_term_string}"},"query-input":{"@type":"PropertyValueSpecification","valueRequired":true,"valueName":"search_term_string"}}],"inLanguage":"es"},{"@type":"Person","@id":"https:\/\/exaudi.org\/#\/schema\/person\/d134b96438278131ce90c90c03fda6cd","name":"Gabriel Sales","image":{"@type":"ImageObject","inLanguage":"es","@id":"https:\/\/secure.gravatar.com\/avatar\/9b1269566f6a063ed26ffb3532b66a373cdde231ce5d0effb266167437fdaffd?s=96&d=mm&r=g","url":"https:\/\/secure.gravatar.com\/avatar\/9b1269566f6a063ed26ffb3532b66a373cdde231ce5d0effb266167437fdaffd?s=96&d=mm&r=g","contentUrl":"https:\/\/secure.gravatar.com\/avatar\/9b1269566f6a063ed26ffb3532b66a373cdde231ce5d0effb266167437fdaffd?s=96&d=mm&r=g","caption":"Gabriel Sales"},"description":"Periodista y especialista en Comunicaci\u00f3n y Branding digital. Cin\u00e9filo y cr\u00edtico de cine y series de televisi\u00f3n.","sameAs":["https:\/\/www.instagram.com\/cine90segundos\/","www.linkedin.com\/in\/habemusman","https:\/\/x.com\/habemusman","https:\/\/www.youtube.com\/channel\/UCVfCiOMkJ_C7T7OpyjuaLDg"],"url":"https:\/\/exaudi.org\/es\/author\/gsalesexaudi-org\/"}]}},"jetpack_featured_media_url":"https:\/\/exaudi.org\/wp-content\/uploads\/2021\/06\/11cc22.jpeg","jetpack_shortlink":"https:\/\/wp.me\/pgKjF2-5wo","_links":{"self":[{"href":"https:\/\/exaudi.org\/es\/wp-json\/wp\/v2\/posts\/21228","targetHints":{"allow":["GET"]}}],"collection":[{"href":"https:\/\/exaudi.org\/es\/wp-json\/wp\/v2\/posts"}],"about":[{"href":"https:\/\/exaudi.org\/es\/wp-json\/wp\/v2\/types\/post"}],"author":[{"embeddable":true,"href":"https:\/\/exaudi.org\/es\/wp-json\/wp\/v2\/users\/6"}],"replies":[{"embeddable":true,"href":"https:\/\/exaudi.org\/es\/wp-json\/wp\/v2\/comments?post=21228"}],"version-history":[{"count":0,"href":"https:\/\/exaudi.org\/es\/wp-json\/wp\/v2\/posts\/21228\/revisions"}],"wp:featuredmedia":[{"embeddable":true,"href":"https:\/\/exaudi.org\/es\/wp-json\/wp\/v2\/media\/21241"}],"wp:attachment":[{"href":"https:\/\/exaudi.org\/es\/wp-json\/wp\/v2\/media?parent=21228"}],"wp:term":[{"taxonomy":"category","embeddable":true,"href":"https:\/\/exaudi.org\/es\/wp-json\/wp\/v2\/categories?post=21228"},{"taxonomy":"post_tag","embeddable":true,"href":"https:\/\/exaudi.org\/es\/wp-json\/wp\/v2\/tags?post=21228"}],"curies":[{"name":"wp","href":"https:\/\/api.w.org\/{rel}","templated":true}]}}