{"id":21139,"date":"2021-06-07T16:30:27","date_gmt":"2021-06-07T14:30:27","guid":{"rendered":"https:\/\/exaudi.org\/?p=21139"},"modified":"2021-06-08T11:17:28","modified_gmt":"2021-06-08T09:17:28","slug":"chile-obispos-antofagasta-condenan-deportacion-migrantes","status":"publish","type":"post","link":"https:\/\/exaudi.org\/es\/chile-obispos-antofagasta-condenan-deportacion-migrantes\/","title":{"rendered":"Chile: Obispos de Antofagasta condenan deportaci\u00f3n de migrantes"},"content":{"rendered":"<p>A trav\u00e9s de una declaraci\u00f3n emitida el pasado s\u00e1bado 5 de junio de 2021, los obispos de la provincia eclesi\u00e1stica de Antofagasta, Chile, manifestaron su \u201crechazo y preocupaci\u00f3n por los diferentes eventos de detenci\u00f3n, deportaci\u00f3n y hostigamiento\u201d de migrantes del Norte Grande por parte del Gobierno.<\/p>\n<p>Seg\u00fan inform\u00f3 la <a href=\"http:\/\/www.iglesia.cl\/\" target=\"_blank\" rel=\"noopener noreferrer\">Conferencia Episcopal de Chile<\/a> en una nota, los prelados comparten su pesar por la materializaci\u00f3n, el 25 de abril, del que fue el primero de los 15 vuelos de deportaci\u00f3n anunciados por el Gobierno para el a\u00f1o 2021, recordando c\u00f3mo desde febrero se han dado situaciones de detenci\u00f3n y deportaci\u00f3n de personas migrantes, <a href=\"https:\/\/exaudi.org\/es\/colombia-venezuela-obispos-situacion-migracion\/\" target=\"_blank\" rel=\"noopener noreferrer\">principalmente de nacionalidad venezolana.<\/a><\/p>\n<h4><strong>\u201cVicios de legalidad\u201d<\/strong><\/h4>\n<p>Despu\u00e9s de describir como \u201cvicios de legalidad\u201d los operativos de deportaci\u00f3n del domingo d\u00eda 6, los obispos chilenos del Norte Grande piden \u201crespeto al imperio de la Ley que debe regir todas las actuaciones de los organismos del Estado, m\u00e1s a\u00fan, cuando se trata de medidas que afectan la libertad ambulatoria de las personas que habitan el territorio nacional\u201d.<\/p>\n<p>\u201cUn proceder ajustado a derecho no es una opci\u00f3n en un Estado democr\u00e1tico como es la Rep\u00fablica de Chile, independiente si las personas involucradas son nacionales de otros pa\u00edses\u201d, expresan.<\/p>\n<p>Asimismo, muestran su preocupaci\u00f3n en que \u201cla mayor\u00eda de las personas afectadas por estas pol\u00edticas migratorias son nacionales venezolanos, quienes en su mayor\u00eda han salido de su pa\u00eds de origen en condiciones pr\u00e1cticamente forzosos, convirti\u00e9ndose en personas que requieren especial protecci\u00f3n por parte de los organismos internacionales y ciertamente nuestro pa\u00eds\u201d.<\/p>\n<p>En este sentido, el Episcopado de Chile concluye su declaraci\u00f3n exhortando a que \u201cse busquen caminos viables y humanitarios que permitan que Chile y el resto de los pa\u00edses de la regi\u00f3n asumir la realidad que vive nuestro subcontinente\u201d.<\/p>\n","protected":false},"excerpt":{"rendered":"<p>Especialmente de venezolanos<\/p>\n","protected":false},"author":6,"featured_media":21142,"comment_status":"closed","ping_status":"closed","sticky":false,"template":"","format":"standard","meta":{"_acf_changed":false,"_crdt_document":"","inline_featured_image":false,"footnotes":""},"categories":[86,86],"tags":[1060,2722,1964],"class_list":{"0":"post-21139","1":"post","2":"type-post","3":"status-publish","4":"format-standard","5":"has-post-thumbnail","6":"hentry","7":"category-iglesia-local","9":"tag-chile","10":"tag-deportacion","11":"tag-migrantes"},"acf":[],"yoast_head":"<!-- This site is optimized with the Yoast SEO plugin v27.4 - https:\/\/yoast.com\/product\/yoast-seo-wordpress\/ -->\n<title>Chile: Obispos de Antofagasta condenan deportaci\u00f3n de migrantes<\/title>\n<meta name=\"description\" content=\"Los obispos de Antofagasta, Chile, han declarado su rechazo y preocupaci\u00f3n por la pol\u00edtica de deportaci\u00f3n de migrantes del Gobierno.\" \/>\n<meta name=\"robots\" content=\"index, follow, max-snippet:-1, max-image-preview:large, max-video-preview:-1\" \/>\n<link rel=\"canonical\" href=\"https:\/\/exaudi.org\/es\/chile-obispos-antofagasta-condenan-deportacion-migrantes\/\" \/>\n<meta property=\"og:locale\" content=\"es_ES\" \/>\n<meta property=\"og:type\" content=\"article\" \/>\n<meta property=\"og:title\" content=\"Chile: Obispos de Antofagasta condenan deportaci\u00f3n de migrantes\" \/>\n<meta property=\"og:description\" content=\"Los obispos de Antofagasta, Chile, han declarado su rechazo y preocupaci\u00f3n por la pol\u00edtica de deportaci\u00f3n de migrantes del Gobierno.\" \/>\n<meta property=\"og:url\" content=\"https:\/\/exaudi.org\/es\/chile-obispos-antofagasta-condenan-deportacion-migrantes\/\" \/>\n<meta property=\"og:site_name\" content=\"Exaudi\" \/>\n<meta property=\"article:publisher\" content=\"https:\/\/www.facebook.com\/ExaudiNews\" \/>\n<meta property=\"article:published_time\" content=\"2021-06-07T14:30:27+00:00\" \/>\n<meta property=\"article:modified_time\" content=\"2021-06-08T09:17:28+00:00\" \/>\n<meta property=\"og:image\" content=\"https:\/\/exaudi.org\/wp-content\/uploads\/2021\/06\/111cc22.jpeg\" \/>\n\t<meta property=\"og:image:width\" content=\"727\" \/>\n\t<meta property=\"og:image:height\" content=\"409\" \/>\n\t<meta property=\"og:image:type\" content=\"image\/jpeg\" \/>\n<meta name=\"author\" content=\"Gabriel Sales\" \/>\n<meta name=\"twitter:card\" content=\"summary_large_image\" \/>\n<meta name=\"twitter:creator\" content=\"@habemusman\" \/>\n<meta name=\"twitter:site\" content=\"@Exaudi_News\" \/>\n<meta name=\"twitter:label1\" content=\"Escrito por\" \/>\n\t<meta name=\"twitter:data1\" content=\"Gabriel Sales\" \/>\n\t<meta name=\"twitter:label2\" content=\"Tiempo de lectura\" \/>\n\t<meta name=\"twitter:data2\" content=\"2 minutos\" \/>\n<script type=\"application\/ld+json\" class=\"yoast-schema-graph\">{\"@context\":\"https:\\\/\\\/schema.org\",\"@graph\":[{\"@type\":\"Article\",\"@id\":\"https:\\\/\\\/exaudi.org\\\/es\\\/chile-obispos-antofagasta-condenan-deportacion-migrantes\\\/#article\",\"isPartOf\":{\"@id\":\"https:\\\/\\\/exaudi.org\\\/es\\\/chile-obispos-antofagasta-condenan-deportacion-migrantes\\\/\"},\"author\":{\"name\":\"Gabriel Sales\",\"@id\":\"https:\\\/\\\/exaudi.org\\\/#\\\/schema\\\/person\\\/d134b96438278131ce90c90c03fda6cd\"},\"headline\":\"Chile: Obispos de Antofagasta condenan deportaci\u00f3n de migrantes\",\"datePublished\":\"2021-06-07T14:30:27+00:00\",\"dateModified\":\"2021-06-08T09:17:28+00:00\",\"mainEntityOfPage\":{\"@id\":\"https:\\\/\\\/exaudi.org\\\/es\\\/chile-obispos-antofagasta-condenan-deportacion-migrantes\\\/\"},\"wordCount\":326,\"image\":{\"@id\":\"https:\\\/\\\/exaudi.org\\\/es\\\/chile-obispos-antofagasta-condenan-deportacion-migrantes\\\/#primaryimage\"},\"thumbnailUrl\":\"https:\\\/\\\/exaudi.org\\\/wp-content\\\/uploads\\\/2021\\\/06\\\/111cc22.jpeg\",\"keywords\":[\"Chile\",\"Deportaci\u00f3n\",\"Migrantes\"],\"articleSection\":[\"Iglesia Local\",\"Iglesia Local\"],\"inLanguage\":\"es\"},{\"@type\":\"WebPage\",\"@id\":\"https:\\\/\\\/exaudi.org\\\/es\\\/chile-obispos-antofagasta-condenan-deportacion-migrantes\\\/\",\"url\":\"https:\\\/\\\/exaudi.org\\\/es\\\/chile-obispos-antofagasta-condenan-deportacion-migrantes\\\/\",\"name\":\"Chile: Obispos de Antofagasta condenan deportaci\u00f3n de migrantes\",\"isPartOf\":{\"@id\":\"https:\\\/\\\/exaudi.org\\\/#website\"},\"primaryImageOfPage\":{\"@id\":\"https:\\\/\\\/exaudi.org\\\/es\\\/chile-obispos-antofagasta-condenan-deportacion-migrantes\\\/#primaryimage\"},\"image\":{\"@id\":\"https:\\\/\\\/exaudi.org\\\/es\\\/chile-obispos-antofagasta-condenan-deportacion-migrantes\\\/#primaryimage\"},\"thumbnailUrl\":\"https:\\\/\\\/exaudi.org\\\/wp-content\\\/uploads\\\/2021\\\/06\\\/111cc22.jpeg\",\"datePublished\":\"2021-06-07T14:30:27+00:00\",\"dateModified\":\"2021-06-08T09:17:28+00:00\",\"author\":{\"@id\":\"https:\\\/\\\/exaudi.org\\\/#\\\/schema\\\/person\\\/d134b96438278131ce90c90c03fda6cd\"},\"description\":\"Los obispos de Antofagasta, Chile, han declarado su rechazo y preocupaci\u00f3n por la pol\u00edtica de deportaci\u00f3n de migrantes del Gobierno.\",\"breadcrumb\":{\"@id\":\"https:\\\/\\\/exaudi.org\\\/es\\\/chile-obispos-antofagasta-condenan-deportacion-migrantes\\\/#breadcrumb\"},\"inLanguage\":\"es\",\"potentialAction\":[{\"@type\":\"ReadAction\",\"target\":[\"https:\\\/\\\/exaudi.org\\\/es\\\/chile-obispos-antofagasta-condenan-deportacion-migrantes\\\/\"]}]},{\"@type\":\"ImageObject\",\"inLanguage\":\"es\",\"@id\":\"https:\\\/\\\/exaudi.org\\\/es\\\/chile-obispos-antofagasta-condenan-deportacion-migrantes\\\/#primaryimage\",\"url\":\"https:\\\/\\\/exaudi.org\\\/wp-content\\\/uploads\\\/2021\\\/06\\\/111cc22.jpeg\",\"contentUrl\":\"https:\\\/\\\/exaudi.org\\\/wp-content\\\/uploads\\\/2021\\\/06\\\/111cc22.jpeg\",\"width\":727,\"height\":409,\"caption\":\"Familia venezolana migrante \u00a9 Vatican Media\"},{\"@type\":\"BreadcrumbList\",\"@id\":\"https:\\\/\\\/exaudi.org\\\/es\\\/chile-obispos-antofagasta-condenan-deportacion-migrantes\\\/#breadcrumb\",\"itemListElement\":[{\"@type\":\"ListItem\",\"position\":1,\"name\":\"Portada\",\"item\":\"https:\\\/\\\/exaudi.org\\\/es\\\/\"},{\"@type\":\"ListItem\",\"position\":2,\"name\":\"Chile: Obispos de Antofagasta condenan deportaci\u00f3n de migrantes\"}]},{\"@type\":\"WebSite\",\"@id\":\"https:\\\/\\\/exaudi.org\\\/#website\",\"url\":\"https:\\\/\\\/exaudi.org\\\/\",\"name\":\"Exaudi\",\"description\":\"News\",\"potentialAction\":[{\"@type\":\"SearchAction\",\"target\":{\"@type\":\"EntryPoint\",\"urlTemplate\":\"https:\\\/\\\/exaudi.org\\\/?s={search_term_string}\"},\"query-input\":{\"@type\":\"PropertyValueSpecification\",\"valueRequired\":true,\"valueName\":\"search_term_string\"}}],\"inLanguage\":\"es\"},{\"@type\":\"Person\",\"@id\":\"https:\\\/\\\/exaudi.org\\\/#\\\/schema\\\/person\\\/d134b96438278131ce90c90c03fda6cd\",\"name\":\"Gabriel Sales\",\"image\":{\"@type\":\"ImageObject\",\"inLanguage\":\"es\",\"@id\":\"https:\\\/\\\/secure.gravatar.com\\\/avatar\\\/9b1269566f6a063ed26ffb3532b66a373cdde231ce5d0effb266167437fdaffd?s=96&d=mm&r=g\",\"url\":\"https:\\\/\\\/secure.gravatar.com\\\/avatar\\\/9b1269566f6a063ed26ffb3532b66a373cdde231ce5d0effb266167437fdaffd?s=96&d=mm&r=g\",\"contentUrl\":\"https:\\\/\\\/secure.gravatar.com\\\/avatar\\\/9b1269566f6a063ed26ffb3532b66a373cdde231ce5d0effb266167437fdaffd?s=96&d=mm&r=g\",\"caption\":\"Gabriel Sales\"},\"description\":\"Periodista y especialista en Comunicaci\u00f3n y Branding digital. Cin\u00e9filo y cr\u00edtico de cine y series de televisi\u00f3n.\",\"sameAs\":[\"https:\\\/\\\/www.instagram.com\\\/cine90segundos\\\/\",\"www.linkedin.com\\\/in\\\/habemusman\",\"https:\\\/\\\/x.com\\\/habemusman\",\"https:\\\/\\\/www.youtube.com\\\/channel\\\/UCVfCiOMkJ_C7T7OpyjuaLDg\"],\"url\":\"https:\\\/\\\/exaudi.org\\\/es\\\/author\\\/gsalesexaudi-org\\\/\"}]}<\/script>\n<!-- \/ Yoast SEO plugin. -->","yoast_head_json":{"title":"Chile: Obispos de Antofagasta condenan deportaci\u00f3n de migrantes","description":"Los obispos de Antofagasta, Chile, han declarado su rechazo y preocupaci\u00f3n por la pol\u00edtica de deportaci\u00f3n de migrantes del Gobierno.","robots":{"index":"index","follow":"follow","max-snippet":"max-snippet:-1","max-image-preview":"max-image-preview:large","max-video-preview":"max-video-preview:-1"},"canonical":"https:\/\/exaudi.org\/es\/chile-obispos-antofagasta-condenan-deportacion-migrantes\/","og_locale":"es_ES","og_type":"article","og_title":"Chile: Obispos de Antofagasta condenan deportaci\u00f3n de migrantes","og_description":"Los obispos de Antofagasta, Chile, han declarado su rechazo y preocupaci\u00f3n por la pol\u00edtica de deportaci\u00f3n de migrantes del Gobierno.","og_url":"https:\/\/exaudi.org\/es\/chile-obispos-antofagasta-condenan-deportacion-migrantes\/","og_site_name":"Exaudi","article_publisher":"https:\/\/www.facebook.com\/ExaudiNews","article_published_time":"2021-06-07T14:30:27+00:00","article_modified_time":"2021-06-08T09:17:28+00:00","og_image":[{"width":727,"height":409,"url":"https:\/\/exaudi.org\/wp-content\/uploads\/2021\/06\/111cc22.jpeg","type":"image\/jpeg"}],"author":"Gabriel Sales","twitter_card":"summary_large_image","twitter_creator":"@habemusman","twitter_site":"@Exaudi_News","twitter_misc":{"Escrito por":"Gabriel Sales","Tiempo de lectura":"2 minutos"},"schema":{"@context":"https:\/\/schema.org","@graph":[{"@type":"Article","@id":"https:\/\/exaudi.org\/es\/chile-obispos-antofagasta-condenan-deportacion-migrantes\/#article","isPartOf":{"@id":"https:\/\/exaudi.org\/es\/chile-obispos-antofagasta-condenan-deportacion-migrantes\/"},"author":{"name":"Gabriel Sales","@id":"https:\/\/exaudi.org\/#\/schema\/person\/d134b96438278131ce90c90c03fda6cd"},"headline":"Chile: Obispos de Antofagasta condenan deportaci\u00f3n de migrantes","datePublished":"2021-06-07T14:30:27+00:00","dateModified":"2021-06-08T09:17:28+00:00","mainEntityOfPage":{"@id":"https:\/\/exaudi.org\/es\/chile-obispos-antofagasta-condenan-deportacion-migrantes\/"},"wordCount":326,"image":{"@id":"https:\/\/exaudi.org\/es\/chile-obispos-antofagasta-condenan-deportacion-migrantes\/#primaryimage"},"thumbnailUrl":"https:\/\/exaudi.org\/wp-content\/uploads\/2021\/06\/111cc22.jpeg","keywords":["Chile","Deportaci\u00f3n","Migrantes"],"articleSection":["Iglesia Local","Iglesia Local"],"inLanguage":"es"},{"@type":"WebPage","@id":"https:\/\/exaudi.org\/es\/chile-obispos-antofagasta-condenan-deportacion-migrantes\/","url":"https:\/\/exaudi.org\/es\/chile-obispos-antofagasta-condenan-deportacion-migrantes\/","name":"Chile: Obispos de Antofagasta condenan deportaci\u00f3n de migrantes","isPartOf":{"@id":"https:\/\/exaudi.org\/#website"},"primaryImageOfPage":{"@id":"https:\/\/exaudi.org\/es\/chile-obispos-antofagasta-condenan-deportacion-migrantes\/#primaryimage"},"image":{"@id":"https:\/\/exaudi.org\/es\/chile-obispos-antofagasta-condenan-deportacion-migrantes\/#primaryimage"},"thumbnailUrl":"https:\/\/exaudi.org\/wp-content\/uploads\/2021\/06\/111cc22.jpeg","datePublished":"2021-06-07T14:30:27+00:00","dateModified":"2021-06-08T09:17:28+00:00","author":{"@id":"https:\/\/exaudi.org\/#\/schema\/person\/d134b96438278131ce90c90c03fda6cd"},"description":"Los obispos de Antofagasta, Chile, han declarado su rechazo y preocupaci\u00f3n por la pol\u00edtica de deportaci\u00f3n de migrantes del Gobierno.","breadcrumb":{"@id":"https:\/\/exaudi.org\/es\/chile-obispos-antofagasta-condenan-deportacion-migrantes\/#breadcrumb"},"inLanguage":"es","potentialAction":[{"@type":"ReadAction","target":["https:\/\/exaudi.org\/es\/chile-obispos-antofagasta-condenan-deportacion-migrantes\/"]}]},{"@type":"ImageObject","inLanguage":"es","@id":"https:\/\/exaudi.org\/es\/chile-obispos-antofagasta-condenan-deportacion-migrantes\/#primaryimage","url":"https:\/\/exaudi.org\/wp-content\/uploads\/2021\/06\/111cc22.jpeg","contentUrl":"https:\/\/exaudi.org\/wp-content\/uploads\/2021\/06\/111cc22.jpeg","width":727,"height":409,"caption":"Familia venezolana migrante \u00a9 Vatican Media"},{"@type":"BreadcrumbList","@id":"https:\/\/exaudi.org\/es\/chile-obispos-antofagasta-condenan-deportacion-migrantes\/#breadcrumb","itemListElement":[{"@type":"ListItem","position":1,"name":"Portada","item":"https:\/\/exaudi.org\/es\/"},{"@type":"ListItem","position":2,"name":"Chile: Obispos de Antofagasta condenan deportaci\u00f3n de migrantes"}]},{"@type":"WebSite","@id":"https:\/\/exaudi.org\/#website","url":"https:\/\/exaudi.org\/","name":"Exaudi","description":"News","potentialAction":[{"@type":"SearchAction","target":{"@type":"EntryPoint","urlTemplate":"https:\/\/exaudi.org\/?s={search_term_string}"},"query-input":{"@type":"PropertyValueSpecification","valueRequired":true,"valueName":"search_term_string"}}],"inLanguage":"es"},{"@type":"Person","@id":"https:\/\/exaudi.org\/#\/schema\/person\/d134b96438278131ce90c90c03fda6cd","name":"Gabriel Sales","image":{"@type":"ImageObject","inLanguage":"es","@id":"https:\/\/secure.gravatar.com\/avatar\/9b1269566f6a063ed26ffb3532b66a373cdde231ce5d0effb266167437fdaffd?s=96&d=mm&r=g","url":"https:\/\/secure.gravatar.com\/avatar\/9b1269566f6a063ed26ffb3532b66a373cdde231ce5d0effb266167437fdaffd?s=96&d=mm&r=g","contentUrl":"https:\/\/secure.gravatar.com\/avatar\/9b1269566f6a063ed26ffb3532b66a373cdde231ce5d0effb266167437fdaffd?s=96&d=mm&r=g","caption":"Gabriel Sales"},"description":"Periodista y especialista en Comunicaci\u00f3n y Branding digital. Cin\u00e9filo y cr\u00edtico de cine y series de televisi\u00f3n.","sameAs":["https:\/\/www.instagram.com\/cine90segundos\/","www.linkedin.com\/in\/habemusman","https:\/\/x.com\/habemusman","https:\/\/www.youtube.com\/channel\/UCVfCiOMkJ_C7T7OpyjuaLDg"],"url":"https:\/\/exaudi.org\/es\/author\/gsalesexaudi-org\/"}]}},"jetpack_featured_media_url":"https:\/\/exaudi.org\/wp-content\/uploads\/2021\/06\/111cc22.jpeg","jetpack_shortlink":"https:\/\/wp.me\/pgKjF2-5uX","_links":{"self":[{"href":"https:\/\/exaudi.org\/es\/wp-json\/wp\/v2\/posts\/21139","targetHints":{"allow":["GET"]}}],"collection":[{"href":"https:\/\/exaudi.org\/es\/wp-json\/wp\/v2\/posts"}],"about":[{"href":"https:\/\/exaudi.org\/es\/wp-json\/wp\/v2\/types\/post"}],"author":[{"embeddable":true,"href":"https:\/\/exaudi.org\/es\/wp-json\/wp\/v2\/users\/6"}],"replies":[{"embeddable":true,"href":"https:\/\/exaudi.org\/es\/wp-json\/wp\/v2\/comments?post=21139"}],"version-history":[{"count":0,"href":"https:\/\/exaudi.org\/es\/wp-json\/wp\/v2\/posts\/21139\/revisions"}],"wp:featuredmedia":[{"embeddable":true,"href":"https:\/\/exaudi.org\/es\/wp-json\/wp\/v2\/media\/21142"}],"wp:attachment":[{"href":"https:\/\/exaudi.org\/es\/wp-json\/wp\/v2\/media?parent=21139"}],"wp:term":[{"taxonomy":"category","embeddable":true,"href":"https:\/\/exaudi.org\/es\/wp-json\/wp\/v2\/categories?post=21139"},{"taxonomy":"post_tag","embeddable":true,"href":"https:\/\/exaudi.org\/es\/wp-json\/wp\/v2\/tags?post=21139"}],"curies":[{"name":"wp","href":"https:\/\/api.w.org\/{rel}","templated":true}]}}