{"id":21093,"date":"2021-06-07T14:46:39","date_gmt":"2021-06-07T12:46:39","guid":{"rendered":"https:\/\/exaudi.org\/?p=21093"},"modified":"2021-06-07T16:30:55","modified_gmt":"2021-06-07T14:30:55","slug":"dia-del-migrante-y-del-refugiado-video-de-testimonios","status":"publish","type":"post","link":"https:\/\/exaudi.org\/es\/dia-del-migrante-y-del-refugiado-video-de-testimonios\/","title":{"rendered":"Jornada del Migrante y Refugiado: V\u00eddeo de testimonios"},"content":{"rendered":"<p>El mensaje del Papa para la <a href=\"https:\/\/exaudi.org\/es\/jornada-del-migrante-y-refugiado-2021-mensaje-del-papa\/\" target=\"_blank\" rel=\"noopener noreferrer\">Jornada Mundial del Migrante y del Refugiado<\/a>, prevista para el 26 de septiembre de 2021, se ha destacado en un nuevo v\u00eddeo con testimonios de varios refugiados. El Santo Padre resalta la importancia de la fraternidad y la inclusi\u00f3n.<\/p>\n<p>\u201cNo importa d\u00f3nde est\u00e9 y por qu\u00e9 est\u00e9 all\u00ed, todo bautizado es miembro de pleno derecho de la comunidad eclesial local, miembro de la \u00fanica Iglesia, habitante de una \u00fanica casa, parte de una \u00fanica familia\u201d, dijo el Papa, citado por Vatican News. El mensaje se public\u00f3 el 3 de mayo. Su tema es \u201cHacia un nosotros cada vez m\u00e1s grande\u201d, indicando un horizonte claro para nuestro camino com\u00fan en el mundo.<\/p>\n<p>Antes de la ocasi\u00f3n, la <a href=\"https:\/\/migrants-refugees.va\/es\/\" target=\"_blank\" rel=\"noopener noreferrer\">Secci\u00f3n de Migrantes y Refugiados del Dicasterio para el Servicio del Desarrollo Humano Integral<\/a> public\u00f3 el pasado viernes 4 de junio uno de la serie de v\u00eddeos, titulado <em>Una Iglesia, un hogar, una familia.\u00a0<\/em>En \u00e9l se relata la experiencia personal de varios inmigrantes que se han sentido acogidos como miembros de una parroquia.<\/p>\n<p>\u201cMe siento muy a gusto aqu\u00ed, en la parroquia de San Lucas\u201d, dice Jean Fran\u00e7ois, de Quebec. \u201cEs una verdadera comunidad de pertenencia\u201d. \u201cSiempre somos bienvenidos y no nos sentimos diferentes de los dem\u00e1s feligreses\u201d, indica Mylene Reyes, de Filipinas. \u201cSiempre recibes una sonrisa bendita, un abrazo, y podemos acercarnos a todo el mundo\u201d.<\/p>\n<p>\u201cEs una parroquia especial porque sentimos un gran sentido de pertenencia, no importa cu\u00e1l sea mi origen y con qui\u00e9n est\u00e9 hablando\u201d.\u00a0Lina Mar\u00eda, de Colombia, se\u00f1ala que las personas de la parroquia han venido de diferentes lugares y, sin embargo, han crecido mucho porque hay mucha diversidad.<\/p>\n<p>A\u00f1ade que, aunque la inmigraci\u00f3n desconecta a la gente de su lugar de origen, encuentran amigos que son como \u201cun verdadero hermano o hermana\u201d en la Iglesia, que es \u201crealmente una familia, un hogar\u201d.<\/p>\n<p><iframe loading=\"lazy\" title=\"&quot;Towards an ever wider WE&quot;: One Church, one home, one family\" width=\"500\" height=\"281\" src=\"https:\/\/www.youtube.com\/embed\/VFrqtxVvVgw?feature=oembed\" frameborder=\"0\" allow=\"accelerometer; autoplay; clipboard-write; encrypted-media; gyroscope; picture-in-picture; web-share\" referrerpolicy=\"strict-origin-when-cross-origin\" allowfullscreen><\/iframe><\/p>\n","protected":false},"excerpt":{"rendered":"<p>Una Iglesia, un hogar, una familia<\/p>\n","protected":false},"author":15,"featured_media":21097,"comment_status":"closed","ping_status":"closed","sticky":false,"template":"","format":"standard","meta":{"_acf_changed":false,"_crdt_document":"","inline_featured_image":false,"footnotes":""},"categories":[298,132],"tags":[2159,1336,2717],"class_list":["post-21093","post","type-post","status-publish","format-standard","has-post-thumbnail","hentry","category-ultimas-noticias","category-vaticano-es","tag-107a-jornada-mundial-del-migrante-y-del-refugiado","tag-seccion-de-migrantes-y-refugiados","tag-video"],"acf":[],"yoast_head":"<!-- This site is optimized with the Yoast SEO plugin v27.5 - https:\/\/yoast.com\/product\/yoast-seo-wordpress\/ -->\n<title>Jornada del Migrante y Refugiado: V\u00eddeo de testimonios - Exaudi<\/title>\n<meta name=\"description\" content=\"Con motivo de la pr\u00f3xima Jornada del Migrante y Refugiado, el Vaticano ha lanzado un v\u00eddeo de testimonios que enriquecen el d\u00eda.\" \/>\n<meta name=\"robots\" content=\"index, follow, max-snippet:-1, max-image-preview:large, max-video-preview:-1\" \/>\n<link rel=\"canonical\" href=\"https:\/\/exaudi.org\/es\/dia-del-migrante-y-del-refugiado-video-de-testimonios\/\" \/>\n<meta property=\"og:locale\" content=\"es_ES\" \/>\n<meta property=\"og:type\" content=\"article\" \/>\n<meta property=\"og:title\" content=\"Jornada del Migrante y Refugiado: V\u00eddeo de testimonios - Exaudi\" \/>\n<meta property=\"og:description\" content=\"Con motivo de la pr\u00f3xima Jornada del Migrante y Refugiado, el Vaticano ha lanzado un v\u00eddeo de testimonios que enriquecen el d\u00eda.\" \/>\n<meta property=\"og:url\" content=\"https:\/\/exaudi.org\/es\/dia-del-migrante-y-del-refugiado-video-de-testimonios\/\" \/>\n<meta property=\"og:site_name\" content=\"Exaudi\" \/>\n<meta property=\"article:publisher\" content=\"https:\/\/www.facebook.com\/ExaudiNews\" \/>\n<meta property=\"article:author\" content=\"https:\/\/www.facebook.com\/ExaudiNoticias\/\" \/>\n<meta property=\"article:published_time\" content=\"2021-06-07T12:46:39+00:00\" \/>\n<meta property=\"article:modified_time\" content=\"2021-06-07T14:30:55+00:00\" \/>\n<meta property=\"og:image\" content=\"https:\/\/exaudi.org\/wp-content\/uploads\/2021\/06\/11222233-scaled.jpg\" \/>\n\t<meta property=\"og:image:width\" content=\"2560\" \/>\n\t<meta property=\"og:image:height\" content=\"1920\" \/>\n\t<meta property=\"og:image:type\" content=\"image\/jpeg\" \/>\n<meta name=\"author\" content=\"Exaudi Redacci\u00f3n\" \/>\n<meta name=\"twitter:card\" content=\"summary_large_image\" \/>\n<meta name=\"twitter:creator\" content=\"@Exaudi_noticias\" \/>\n<meta name=\"twitter:site\" content=\"@Exaudi_News\" \/>\n<meta name=\"twitter:label1\" content=\"Escrito por\" \/>\n\t<meta name=\"twitter:data1\" content=\"Exaudi Redacci\u00f3n\" \/>\n\t<meta name=\"twitter:label2\" content=\"Tiempo de lectura\" \/>\n\t<meta name=\"twitter:data2\" content=\"2 minutos\" \/>\n<script type=\"application\/ld+json\" class=\"yoast-schema-graph\">{\"@context\":\"https:\\\/\\\/schema.org\",\"@graph\":[{\"@type\":\"Article\",\"@id\":\"https:\\\/\\\/exaudi.org\\\/es\\\/dia-del-migrante-y-del-refugiado-video-de-testimonios\\\/#article\",\"isPartOf\":{\"@id\":\"https:\\\/\\\/exaudi.org\\\/es\\\/dia-del-migrante-y-del-refugiado-video-de-testimonios\\\/\"},\"author\":{\"name\":\"Exaudi Redacci\u00f3n\",\"@id\":\"https:\\\/\\\/exaudi.org\\\/#\\\/schema\\\/person\\\/f5fc8f063065e38742da7afe15f25df7\"},\"headline\":\"Jornada del Migrante y Refugiado: V\u00eddeo de testimonios\",\"datePublished\":\"2021-06-07T12:46:39+00:00\",\"dateModified\":\"2021-06-07T14:30:55+00:00\",\"mainEntityOfPage\":{\"@id\":\"https:\\\/\\\/exaudi.org\\\/es\\\/dia-del-migrante-y-del-refugiado-video-de-testimonios\\\/\"},\"wordCount\":342,\"image\":{\"@id\":\"https:\\\/\\\/exaudi.org\\\/es\\\/dia-del-migrante-y-del-refugiado-video-de-testimonios\\\/#primaryimage\"},\"thumbnailUrl\":\"https:\\\/\\\/exaudi.org\\\/wp-content\\\/uploads\\\/2021\\\/06\\\/11222233-scaled.jpg\",\"keywords\":[\"107\u00aa Jornada Mundial del Migrante y del Refugiado\",\"Secci\u00f3n de Migrantes y Refugiados\",\"V\u00eddeo\"],\"articleSection\":[\"\u00daltimas noticias\",\"Vaticano\"],\"inLanguage\":\"es\"},{\"@type\":\"WebPage\",\"@id\":\"https:\\\/\\\/exaudi.org\\\/es\\\/dia-del-migrante-y-del-refugiado-video-de-testimonios\\\/\",\"url\":\"https:\\\/\\\/exaudi.org\\\/es\\\/dia-del-migrante-y-del-refugiado-video-de-testimonios\\\/\",\"name\":\"Jornada del Migrante y Refugiado: V\u00eddeo de testimonios - Exaudi\",\"isPartOf\":{\"@id\":\"https:\\\/\\\/exaudi.org\\\/#website\"},\"primaryImageOfPage\":{\"@id\":\"https:\\\/\\\/exaudi.org\\\/es\\\/dia-del-migrante-y-del-refugiado-video-de-testimonios\\\/#primaryimage\"},\"image\":{\"@id\":\"https:\\\/\\\/exaudi.org\\\/es\\\/dia-del-migrante-y-del-refugiado-video-de-testimonios\\\/#primaryimage\"},\"thumbnailUrl\":\"https:\\\/\\\/exaudi.org\\\/wp-content\\\/uploads\\\/2021\\\/06\\\/11222233-scaled.jpg\",\"datePublished\":\"2021-06-07T12:46:39+00:00\",\"dateModified\":\"2021-06-07T14:30:55+00:00\",\"author\":{\"@id\":\"https:\\\/\\\/exaudi.org\\\/#\\\/schema\\\/person\\\/f5fc8f063065e38742da7afe15f25df7\"},\"description\":\"Con motivo de la pr\u00f3xima Jornada del Migrante y Refugiado, el Vaticano ha lanzado un v\u00eddeo de testimonios que enriquecen el d\u00eda.\",\"breadcrumb\":{\"@id\":\"https:\\\/\\\/exaudi.org\\\/es\\\/dia-del-migrante-y-del-refugiado-video-de-testimonios\\\/#breadcrumb\"},\"inLanguage\":\"es\",\"potentialAction\":[{\"@type\":\"ReadAction\",\"target\":[\"https:\\\/\\\/exaudi.org\\\/es\\\/dia-del-migrante-y-del-refugiado-video-de-testimonios\\\/\"]}]},{\"@type\":\"ImageObject\",\"inLanguage\":\"es\",\"@id\":\"https:\\\/\\\/exaudi.org\\\/es\\\/dia-del-migrante-y-del-refugiado-video-de-testimonios\\\/#primaryimage\",\"url\":\"https:\\\/\\\/exaudi.org\\\/wp-content\\\/uploads\\\/2021\\\/06\\\/11222233-scaled.jpg\",\"contentUrl\":\"https:\\\/\\\/exaudi.org\\\/wp-content\\\/uploads\\\/2021\\\/06\\\/11222233-scaled.jpg\",\"width\":2560,\"height\":1920,\"caption\":\"Figura 'Angels unaware' del Vaticano \u00a9 Cathopic\"},{\"@type\":\"BreadcrumbList\",\"@id\":\"https:\\\/\\\/exaudi.org\\\/es\\\/dia-del-migrante-y-del-refugiado-video-de-testimonios\\\/#breadcrumb\",\"itemListElement\":[{\"@type\":\"ListItem\",\"position\":1,\"name\":\"Portada\",\"item\":\"https:\\\/\\\/exaudi.org\\\/es\\\/\"},{\"@type\":\"ListItem\",\"position\":2,\"name\":\"Jornada del Migrante y Refugiado: V\u00eddeo de testimonios\"}]},{\"@type\":\"WebSite\",\"@id\":\"https:\\\/\\\/exaudi.org\\\/#website\",\"url\":\"https:\\\/\\\/exaudi.org\\\/\",\"name\":\"Exaudi\",\"description\":\"News\",\"potentialAction\":[{\"@type\":\"SearchAction\",\"target\":{\"@type\":\"EntryPoint\",\"urlTemplate\":\"https:\\\/\\\/exaudi.org\\\/?s={search_term_string}\"},\"query-input\":{\"@type\":\"PropertyValueSpecification\",\"valueRequired\":true,\"valueName\":\"search_term_string\"}}],\"inLanguage\":\"es\"},{\"@type\":\"Person\",\"@id\":\"https:\\\/\\\/exaudi.org\\\/#\\\/schema\\\/person\\\/f5fc8f063065e38742da7afe15f25df7\",\"name\":\"Exaudi Redacci\u00f3n\",\"image\":{\"@type\":\"ImageObject\",\"inLanguage\":\"es\",\"@id\":\"https:\\\/\\\/secure.gravatar.com\\\/avatar\\\/fe0f6a059fb68d9b3e11bc5850dd4899b1c7492091a3cb6dd9b01b56ad828be2?s=96&d=mm&r=g\",\"url\":\"https:\\\/\\\/secure.gravatar.com\\\/avatar\\\/fe0f6a059fb68d9b3e11bc5850dd4899b1c7492091a3cb6dd9b01b56ad828be2?s=96&d=mm&r=g\",\"contentUrl\":\"https:\\\/\\\/secure.gravatar.com\\\/avatar\\\/fe0f6a059fb68d9b3e11bc5850dd4899b1c7492091a3cb6dd9b01b56ad828be2?s=96&d=mm&r=g\",\"caption\":\"Exaudi Redacci\u00f3n\"},\"description\":\"\u00bfQu\u00e9 es Exaudi News? Exaudi News es un medio de comunicaci\u00f3n cat\u00f3lico internacional que informa, forma y transforma, diariamente en espa\u00f1ol, ingl\u00e9s e italiano. A trav\u00e9s de noticias, art\u00edculos de an\u00e1lisis y transmisiones en directo de los eventos del Papa, Exaudi busca fortalecer la unidad de los cristianos y contribuir a la evangelizaci\u00f3n del mundo, siempre guiados por la doctrina social de la Iglesia. Trabajamos para acercar la verdad y los valores cristianos a cada rinc\u00f3n del planeta. \u00a1Ay\u00fadanos a transformar el mundo con Exaudi! En Exaudi creemos que la evangelizaci\u00f3n y la informaci\u00f3n de calidad pueden cambiar vidas. Para continuar con nuestra misi\u00f3n y expandir nuestro alcance, necesitamos tu ayuda. Adem\u00e1s, buscamos personas comprometidas que deseen unirse a nuestro equipo. Con tu apoyo, lograremos llegar a m\u00e1s personas, difundir el mensaje de Cristo y reforzar la unidad de los cristianos. \u00bfTe unes a nuestra misi\u00f3n? Para m\u00e1s informaci\u00f3n sobre c\u00f3mo colaborar, visita Exaudi.org\\\/es o cont\u00e1ctanos directamente: info@exaudi.org Exaudi: Informa, forma y transforma.\",\"sameAs\":[\"https:\\\/\\\/www.facebook.com\\\/ExaudiNoticias\\\/\",\"https:\\\/\\\/www.instagram.com\\\/exaudi_noticias\\\/\",\"https:\\\/\\\/x.com\\\/Exaudi_noticias\",\"https:\\\/\\\/www.youtube.com\\\/@exaudicatholicnews\"],\"url\":\"https:\\\/\\\/exaudi.org\\\/es\\\/author\\\/redaccionexaudi\\\/\"}]}<\/script>\n<!-- \/ Yoast SEO plugin. -->","yoast_head_json":{"title":"Jornada del Migrante y Refugiado: V\u00eddeo de testimonios - Exaudi","description":"Con motivo de la pr\u00f3xima Jornada del Migrante y Refugiado, el Vaticano ha lanzado un v\u00eddeo de testimonios que enriquecen el d\u00eda.","robots":{"index":"index","follow":"follow","max-snippet":"max-snippet:-1","max-image-preview":"max-image-preview:large","max-video-preview":"max-video-preview:-1"},"canonical":"https:\/\/exaudi.org\/es\/dia-del-migrante-y-del-refugiado-video-de-testimonios\/","og_locale":"es_ES","og_type":"article","og_title":"Jornada del Migrante y Refugiado: V\u00eddeo de testimonios - Exaudi","og_description":"Con motivo de la pr\u00f3xima Jornada del Migrante y Refugiado, el Vaticano ha lanzado un v\u00eddeo de testimonios que enriquecen el d\u00eda.","og_url":"https:\/\/exaudi.org\/es\/dia-del-migrante-y-del-refugiado-video-de-testimonios\/","og_site_name":"Exaudi","article_publisher":"https:\/\/www.facebook.com\/ExaudiNews","article_author":"https:\/\/www.facebook.com\/ExaudiNoticias\/","article_published_time":"2021-06-07T12:46:39+00:00","article_modified_time":"2021-06-07T14:30:55+00:00","og_image":[{"width":2560,"height":1920,"url":"https:\/\/exaudi.org\/wp-content\/uploads\/2021\/06\/11222233-scaled.jpg","type":"image\/jpeg"}],"author":"Exaudi Redacci\u00f3n","twitter_card":"summary_large_image","twitter_creator":"@Exaudi_noticias","twitter_site":"@Exaudi_News","twitter_misc":{"Escrito por":"Exaudi Redacci\u00f3n","Tiempo de lectura":"2 minutos"},"schema":{"@context":"https:\/\/schema.org","@graph":[{"@type":"Article","@id":"https:\/\/exaudi.org\/es\/dia-del-migrante-y-del-refugiado-video-de-testimonios\/#article","isPartOf":{"@id":"https:\/\/exaudi.org\/es\/dia-del-migrante-y-del-refugiado-video-de-testimonios\/"},"author":{"name":"Exaudi Redacci\u00f3n","@id":"https:\/\/exaudi.org\/#\/schema\/person\/f5fc8f063065e38742da7afe15f25df7"},"headline":"Jornada del Migrante y Refugiado: V\u00eddeo de testimonios","datePublished":"2021-06-07T12:46:39+00:00","dateModified":"2021-06-07T14:30:55+00:00","mainEntityOfPage":{"@id":"https:\/\/exaudi.org\/es\/dia-del-migrante-y-del-refugiado-video-de-testimonios\/"},"wordCount":342,"image":{"@id":"https:\/\/exaudi.org\/es\/dia-del-migrante-y-del-refugiado-video-de-testimonios\/#primaryimage"},"thumbnailUrl":"https:\/\/exaudi.org\/wp-content\/uploads\/2021\/06\/11222233-scaled.jpg","keywords":["107\u00aa Jornada Mundial del Migrante y del Refugiado","Secci\u00f3n de Migrantes y Refugiados","V\u00eddeo"],"articleSection":["\u00daltimas noticias","Vaticano"],"inLanguage":"es"},{"@type":"WebPage","@id":"https:\/\/exaudi.org\/es\/dia-del-migrante-y-del-refugiado-video-de-testimonios\/","url":"https:\/\/exaudi.org\/es\/dia-del-migrante-y-del-refugiado-video-de-testimonios\/","name":"Jornada del Migrante y Refugiado: V\u00eddeo de testimonios - Exaudi","isPartOf":{"@id":"https:\/\/exaudi.org\/#website"},"primaryImageOfPage":{"@id":"https:\/\/exaudi.org\/es\/dia-del-migrante-y-del-refugiado-video-de-testimonios\/#primaryimage"},"image":{"@id":"https:\/\/exaudi.org\/es\/dia-del-migrante-y-del-refugiado-video-de-testimonios\/#primaryimage"},"thumbnailUrl":"https:\/\/exaudi.org\/wp-content\/uploads\/2021\/06\/11222233-scaled.jpg","datePublished":"2021-06-07T12:46:39+00:00","dateModified":"2021-06-07T14:30:55+00:00","author":{"@id":"https:\/\/exaudi.org\/#\/schema\/person\/f5fc8f063065e38742da7afe15f25df7"},"description":"Con motivo de la pr\u00f3xima Jornada del Migrante y Refugiado, el Vaticano ha lanzado un v\u00eddeo de testimonios que enriquecen el d\u00eda.","breadcrumb":{"@id":"https:\/\/exaudi.org\/es\/dia-del-migrante-y-del-refugiado-video-de-testimonios\/#breadcrumb"},"inLanguage":"es","potentialAction":[{"@type":"ReadAction","target":["https:\/\/exaudi.org\/es\/dia-del-migrante-y-del-refugiado-video-de-testimonios\/"]}]},{"@type":"ImageObject","inLanguage":"es","@id":"https:\/\/exaudi.org\/es\/dia-del-migrante-y-del-refugiado-video-de-testimonios\/#primaryimage","url":"https:\/\/exaudi.org\/wp-content\/uploads\/2021\/06\/11222233-scaled.jpg","contentUrl":"https:\/\/exaudi.org\/wp-content\/uploads\/2021\/06\/11222233-scaled.jpg","width":2560,"height":1920,"caption":"Figura 'Angels unaware' del Vaticano \u00a9 Cathopic"},{"@type":"BreadcrumbList","@id":"https:\/\/exaudi.org\/es\/dia-del-migrante-y-del-refugiado-video-de-testimonios\/#breadcrumb","itemListElement":[{"@type":"ListItem","position":1,"name":"Portada","item":"https:\/\/exaudi.org\/es\/"},{"@type":"ListItem","position":2,"name":"Jornada del Migrante y Refugiado: V\u00eddeo de testimonios"}]},{"@type":"WebSite","@id":"https:\/\/exaudi.org\/#website","url":"https:\/\/exaudi.org\/","name":"Exaudi","description":"News","potentialAction":[{"@type":"SearchAction","target":{"@type":"EntryPoint","urlTemplate":"https:\/\/exaudi.org\/?s={search_term_string}"},"query-input":{"@type":"PropertyValueSpecification","valueRequired":true,"valueName":"search_term_string"}}],"inLanguage":"es"},{"@type":"Person","@id":"https:\/\/exaudi.org\/#\/schema\/person\/f5fc8f063065e38742da7afe15f25df7","name":"Exaudi Redacci\u00f3n","image":{"@type":"ImageObject","inLanguage":"es","@id":"https:\/\/secure.gravatar.com\/avatar\/fe0f6a059fb68d9b3e11bc5850dd4899b1c7492091a3cb6dd9b01b56ad828be2?s=96&d=mm&r=g","url":"https:\/\/secure.gravatar.com\/avatar\/fe0f6a059fb68d9b3e11bc5850dd4899b1c7492091a3cb6dd9b01b56ad828be2?s=96&d=mm&r=g","contentUrl":"https:\/\/secure.gravatar.com\/avatar\/fe0f6a059fb68d9b3e11bc5850dd4899b1c7492091a3cb6dd9b01b56ad828be2?s=96&d=mm&r=g","caption":"Exaudi Redacci\u00f3n"},"description":"\u00bfQu\u00e9 es Exaudi News? Exaudi News es un medio de comunicaci\u00f3n cat\u00f3lico internacional que informa, forma y transforma, diariamente en espa\u00f1ol, ingl\u00e9s e italiano. A trav\u00e9s de noticias, art\u00edculos de an\u00e1lisis y transmisiones en directo de los eventos del Papa, Exaudi busca fortalecer la unidad de los cristianos y contribuir a la evangelizaci\u00f3n del mundo, siempre guiados por la doctrina social de la Iglesia. Trabajamos para acercar la verdad y los valores cristianos a cada rinc\u00f3n del planeta. \u00a1Ay\u00fadanos a transformar el mundo con Exaudi! En Exaudi creemos que la evangelizaci\u00f3n y la informaci\u00f3n de calidad pueden cambiar vidas. Para continuar con nuestra misi\u00f3n y expandir nuestro alcance, necesitamos tu ayuda. Adem\u00e1s, buscamos personas comprometidas que deseen unirse a nuestro equipo. Con tu apoyo, lograremos llegar a m\u00e1s personas, difundir el mensaje de Cristo y reforzar la unidad de los cristianos. \u00bfTe unes a nuestra misi\u00f3n? Para m\u00e1s informaci\u00f3n sobre c\u00f3mo colaborar, visita Exaudi.org\/es o cont\u00e1ctanos directamente: info@exaudi.org Exaudi: Informa, forma y transforma.","sameAs":["https:\/\/www.facebook.com\/ExaudiNoticias\/","https:\/\/www.instagram.com\/exaudi_noticias\/","https:\/\/x.com\/Exaudi_noticias","https:\/\/www.youtube.com\/@exaudicatholicnews"],"url":"https:\/\/exaudi.org\/es\/author\/redaccionexaudi\/"}]}},"jetpack_featured_media_url":"https:\/\/exaudi.org\/wp-content\/uploads\/2021\/06\/11222233-scaled.jpg","jetpack_shortlink":"https:\/\/wp.me\/pgKjF2-5ud","_links":{"self":[{"href":"https:\/\/exaudi.org\/es\/wp-json\/wp\/v2\/posts\/21093","targetHints":{"allow":["GET"]}}],"collection":[{"href":"https:\/\/exaudi.org\/es\/wp-json\/wp\/v2\/posts"}],"about":[{"href":"https:\/\/exaudi.org\/es\/wp-json\/wp\/v2\/types\/post"}],"author":[{"embeddable":true,"href":"https:\/\/exaudi.org\/es\/wp-json\/wp\/v2\/users\/15"}],"replies":[{"embeddable":true,"href":"https:\/\/exaudi.org\/es\/wp-json\/wp\/v2\/comments?post=21093"}],"version-history":[{"count":0,"href":"https:\/\/exaudi.org\/es\/wp-json\/wp\/v2\/posts\/21093\/revisions"}],"wp:featuredmedia":[{"embeddable":true,"href":"https:\/\/exaudi.org\/es\/wp-json\/wp\/v2\/media\/21097"}],"wp:attachment":[{"href":"https:\/\/exaudi.org\/es\/wp-json\/wp\/v2\/media?parent=21093"}],"wp:term":[{"taxonomy":"category","embeddable":true,"href":"https:\/\/exaudi.org\/es\/wp-json\/wp\/v2\/categories?post=21093"},{"taxonomy":"post_tag","embeddable":true,"href":"https:\/\/exaudi.org\/es\/wp-json\/wp\/v2\/tags?post=21093"}],"curies":[{"name":"wp","href":"https:\/\/api.w.org\/{rel}","templated":true}]}}