{"id":21082,"date":"2021-06-07T14:05:50","date_gmt":"2021-06-07T12:05:50","guid":{"rendered":"https:\/\/exaudi.org\/?p=21082"},"modified":"2021-06-07T16:35:06","modified_gmt":"2021-06-07T14:35:06","slug":"canada-papa-nombra-nuncio-apostolico-2021","status":"publish","type":"post","link":"https:\/\/exaudi.org\/es\/canada-papa-nombra-nuncio-apostolico-2021\/","title":{"rendered":"Canad\u00e1: El Papa nombra al nuncio apost\u00f3lico"},"content":{"rendered":"<p>El Papa Francisco ha nombrado nuncio apost\u00f3lico en Canad\u00e1 a monse\u00f1or Ivan Jurkovi\u010d, arzobispo titular de Corbavia, hasta ahora observador permanente de la Santa Sede ante la Oficina de las Naciones Unidas e Instituciones Especializadas en Ginebra y ante la Organizaci\u00f3n Mundial del Comercio y representante del Vaticano ante la Organizaci\u00f3n Internacional para las Migraciones. As\u00ed inform\u00f3, el 5 de junio de 2021, la <a href=\"https:\/\/www.vatican.va\/news_services\/press\/index_sp.htm\" target=\"_blank\" rel=\"noopener noreferrer\">Oficina de Prensa de la Santa Sede.<\/a><\/p>\n<h4><strong>Mons. Ivan Jurkovi\u010d<\/strong><\/h4>\n<p>Seg\u00fan describe\u00a0<em>Caritas in Veritate Foundation<\/em>, monse\u00f1or Jurkovi\u010d naci\u00f3 el 10 de junio de 1952 en Ko\u010devje, Eslovenia. El 29 de junio de 1977 fue ordenado sacerdote de la archidi\u00f3cesis de Liubliana, en 1978 se gradu\u00f3 en la Facultad de Teolog\u00eda de la misma ciudad, y de 1980 a 1984 hizo los estudios en la Pontificia Academia Eclesi\u00e1stica.<\/p>\n<p>El 1 de mayo de este a\u00f1o ingres\u00f3 en el servicio diplom\u00e1tico de la Santa Sede. En 1988 se doctor\u00f3 en Derecho Can\u00f3nico. De 1984 a 1988 fue secretario de la Nunciatura Apost\u00f3lica en Corea del Sur, desde este a\u00f1o hasta 1992 consejero de la Nunciatura Apost\u00f3lica en Colombia y de \u00e9ste a 1995 consejero de la representaci\u00f3n de la Santa Sede en la Federaci\u00f3n Rusa.<\/p>\n<p>De 1996 a 2001 ejerci\u00f3 de consejero en la Secretar\u00eda de Estado de la Santa Sede. El 6 de octubre de 2001 se consagr\u00f3 obispo para ser titular en Corbavia. Tambi\u00e9n ha sido nuncio apost\u00f3lico en Bielorrusia, Ucrania y la Federaci\u00f3n Rusa, adem\u00e1s de observador permanente ante la Oficina de las Naciones Unidas\u00a0y otras organizaciones internacionales en Ginebra.<\/p>\n<p>Es Capell\u00e1n conventual <em>ad honorem<\/em> de la Gran Cruz de la Soberana Orden Militar Hospitalaria de San Juan de Jerusal\u00e9n, de Rodas y de Malta. Por sus m\u00e9ritos en favor de la Iglesia Ortodoxa Ucraniana (Patriarcado de Mosc\u00fa), el arzobispo Jurkovi\u010d fue condecorado con la Orden del Gran Pr\u00edncipe San Vladimir, Igual a los Ap\u00f3stoles, II grado.<\/p>\n<p>Habla con fluidez italiano, ruso, espa\u00f1ol, ingl\u00e9s, alem\u00e1n y franc\u00e9s.<\/p>\n","protected":false},"excerpt":{"rendered":"<p>Monse\u00f1or Ivan Jurkovi\u010d<\/p>\n","protected":false},"author":6,"featured_media":21084,"comment_status":"closed","ping_status":"closed","sticky":false,"template":"","format":"standard","meta":{"_acf_changed":false,"_crdt_document":"","inline_featured_image":false,"footnotes":""},"categories":[298,132],"tags":[2716,2715,292,1328,158],"class_list":["post-21082","post","type-post","status-publish","format-standard","has-post-thumbnail","hentry","category-ultimas-noticias","category-vaticano-es","tag-canada-es","tag-monsenor-ivan-jurkovic","tag-nombramiento","tag-nuncio-apostolico","tag-papa-francisco"],"acf":[],"yoast_head":"<!-- This site is optimized with the Yoast SEO plugin v27.4 - https:\/\/yoast.com\/product\/yoast-seo-wordpress\/ -->\n<title>Canad\u00e1: El Papa nombra al nuncio apost\u00f3lico &#8211; Exaudi<\/title>\n<meta name=\"description\" content=\"El pasado s\u00e1bado 5 de junio de 2021, El Papa nombr\u00f3 nuncio apost\u00f3lico de Canad\u00e1 a monse\u00f1or Ivan Jurkovi\u010d, arzobispo titular de Corbavia.\" \/>\n<meta name=\"robots\" content=\"index, follow, max-snippet:-1, max-image-preview:large, max-video-preview:-1\" \/>\n<link rel=\"canonical\" href=\"https:\/\/exaudi.org\/es\/canada-papa-nombra-nuncio-apostolico-2021\/\" \/>\n<meta property=\"og:locale\" content=\"es_ES\" \/>\n<meta property=\"og:type\" content=\"article\" \/>\n<meta property=\"og:title\" content=\"Canad\u00e1: El Papa nombra al nuncio apost\u00f3lico &#8211; Exaudi\" \/>\n<meta property=\"og:description\" content=\"El pasado s\u00e1bado 5 de junio de 2021, El Papa nombr\u00f3 nuncio apost\u00f3lico de Canad\u00e1 a monse\u00f1or Ivan Jurkovi\u010d, arzobispo titular de Corbavia.\" \/>\n<meta property=\"og:url\" content=\"https:\/\/exaudi.org\/es\/canada-papa-nombra-nuncio-apostolico-2021\/\" \/>\n<meta property=\"og:site_name\" content=\"Exaudi\" \/>\n<meta property=\"article:publisher\" content=\"https:\/\/www.facebook.com\/ExaudiNews\" \/>\n<meta property=\"article:published_time\" content=\"2021-06-07T12:05:50+00:00\" \/>\n<meta property=\"article:modified_time\" content=\"2021-06-07T14:35:06+00:00\" \/>\n<meta property=\"og:image\" content=\"https:\/\/exaudi.org\/wp-content\/uploads\/2021\/06\/11xxx.jpeg\" \/>\n\t<meta property=\"og:image:width\" content=\"727\" \/>\n\t<meta property=\"og:image:height\" content=\"408\" \/>\n\t<meta property=\"og:image:type\" content=\"image\/jpeg\" \/>\n<meta name=\"author\" content=\"Gabriel Sales\" \/>\n<meta name=\"twitter:card\" content=\"summary_large_image\" \/>\n<meta name=\"twitter:creator\" content=\"@habemusman\" \/>\n<meta name=\"twitter:site\" content=\"@Exaudi_News\" \/>\n<meta name=\"twitter:label1\" content=\"Escrito por\" \/>\n\t<meta name=\"twitter:data1\" content=\"Gabriel Sales\" \/>\n\t<meta name=\"twitter:label2\" content=\"Tiempo de lectura\" \/>\n\t<meta name=\"twitter:data2\" content=\"2 minutos\" \/>\n<script type=\"application\/ld+json\" class=\"yoast-schema-graph\">{\"@context\":\"https:\\\/\\\/schema.org\",\"@graph\":[{\"@type\":\"Article\",\"@id\":\"https:\\\/\\\/exaudi.org\\\/es\\\/canada-papa-nombra-nuncio-apostolico-2021\\\/#article\",\"isPartOf\":{\"@id\":\"https:\\\/\\\/exaudi.org\\\/es\\\/canada-papa-nombra-nuncio-apostolico-2021\\\/\"},\"author\":{\"name\":\"Gabriel Sales\",\"@id\":\"https:\\\/\\\/exaudi.org\\\/#\\\/schema\\\/person\\\/d134b96438278131ce90c90c03fda6cd\"},\"headline\":\"Canad\u00e1: El Papa nombra al nuncio apost\u00f3lico\",\"datePublished\":\"2021-06-07T12:05:50+00:00\",\"dateModified\":\"2021-06-07T14:35:06+00:00\",\"mainEntityOfPage\":{\"@id\":\"https:\\\/\\\/exaudi.org\\\/es\\\/canada-papa-nombra-nuncio-apostolico-2021\\\/\"},\"wordCount\":345,\"image\":{\"@id\":\"https:\\\/\\\/exaudi.org\\\/es\\\/canada-papa-nombra-nuncio-apostolico-2021\\\/#primaryimage\"},\"thumbnailUrl\":\"https:\\\/\\\/exaudi.org\\\/wp-content\\\/uploads\\\/2021\\\/06\\\/11xxx.jpeg\",\"keywords\":[\"canada\",\"Monse\u00f1or Ivan Jurkovi\u010d\",\"Nombramiento\",\"Nuncio apost\u00f3lico\",\"papa francisco\"],\"articleSection\":[\"\u00daltimas noticias\",\"Vaticano\"],\"inLanguage\":\"es\"},{\"@type\":\"WebPage\",\"@id\":\"https:\\\/\\\/exaudi.org\\\/es\\\/canada-papa-nombra-nuncio-apostolico-2021\\\/\",\"url\":\"https:\\\/\\\/exaudi.org\\\/es\\\/canada-papa-nombra-nuncio-apostolico-2021\\\/\",\"name\":\"Canad\u00e1: El Papa nombra al nuncio apost\u00f3lico &#8211; Exaudi\",\"isPartOf\":{\"@id\":\"https:\\\/\\\/exaudi.org\\\/#website\"},\"primaryImageOfPage\":{\"@id\":\"https:\\\/\\\/exaudi.org\\\/es\\\/canada-papa-nombra-nuncio-apostolico-2021\\\/#primaryimage\"},\"image\":{\"@id\":\"https:\\\/\\\/exaudi.org\\\/es\\\/canada-papa-nombra-nuncio-apostolico-2021\\\/#primaryimage\"},\"thumbnailUrl\":\"https:\\\/\\\/exaudi.org\\\/wp-content\\\/uploads\\\/2021\\\/06\\\/11xxx.jpeg\",\"datePublished\":\"2021-06-07T12:05:50+00:00\",\"dateModified\":\"2021-06-07T14:35:06+00:00\",\"author\":{\"@id\":\"https:\\\/\\\/exaudi.org\\\/#\\\/schema\\\/person\\\/d134b96438278131ce90c90c03fda6cd\"},\"description\":\"El pasado s\u00e1bado 5 de junio de 2021, El Papa nombr\u00f3 nuncio apost\u00f3lico de Canad\u00e1 a monse\u00f1or Ivan Jurkovi\u010d, arzobispo titular de Corbavia.\",\"breadcrumb\":{\"@id\":\"https:\\\/\\\/exaudi.org\\\/es\\\/canada-papa-nombra-nuncio-apostolico-2021\\\/#breadcrumb\"},\"inLanguage\":\"es\",\"potentialAction\":[{\"@type\":\"ReadAction\",\"target\":[\"https:\\\/\\\/exaudi.org\\\/es\\\/canada-papa-nombra-nuncio-apostolico-2021\\\/\"]}]},{\"@type\":\"ImageObject\",\"inLanguage\":\"es\",\"@id\":\"https:\\\/\\\/exaudi.org\\\/es\\\/canada-papa-nombra-nuncio-apostolico-2021\\\/#primaryimage\",\"url\":\"https:\\\/\\\/exaudi.org\\\/wp-content\\\/uploads\\\/2021\\\/06\\\/11xxx.jpeg\",\"contentUrl\":\"https:\\\/\\\/exaudi.org\\\/wp-content\\\/uploads\\\/2021\\\/06\\\/11xxx.jpeg\",\"width\":727,\"height\":408,\"caption\":\"El Papa junto a Mons. Jurkovi\u010d \u00a9 Vatican Media\"},{\"@type\":\"BreadcrumbList\",\"@id\":\"https:\\\/\\\/exaudi.org\\\/es\\\/canada-papa-nombra-nuncio-apostolico-2021\\\/#breadcrumb\",\"itemListElement\":[{\"@type\":\"ListItem\",\"position\":1,\"name\":\"Portada\",\"item\":\"https:\\\/\\\/exaudi.org\\\/es\\\/\"},{\"@type\":\"ListItem\",\"position\":2,\"name\":\"Canad\u00e1: El Papa nombra al nuncio apost\u00f3lico\"}]},{\"@type\":\"WebSite\",\"@id\":\"https:\\\/\\\/exaudi.org\\\/#website\",\"url\":\"https:\\\/\\\/exaudi.org\\\/\",\"name\":\"Exaudi\",\"description\":\"News\",\"potentialAction\":[{\"@type\":\"SearchAction\",\"target\":{\"@type\":\"EntryPoint\",\"urlTemplate\":\"https:\\\/\\\/exaudi.org\\\/?s={search_term_string}\"},\"query-input\":{\"@type\":\"PropertyValueSpecification\",\"valueRequired\":true,\"valueName\":\"search_term_string\"}}],\"inLanguage\":\"es\"},{\"@type\":\"Person\",\"@id\":\"https:\\\/\\\/exaudi.org\\\/#\\\/schema\\\/person\\\/d134b96438278131ce90c90c03fda6cd\",\"name\":\"Gabriel Sales\",\"image\":{\"@type\":\"ImageObject\",\"inLanguage\":\"es\",\"@id\":\"https:\\\/\\\/secure.gravatar.com\\\/avatar\\\/9b1269566f6a063ed26ffb3532b66a373cdde231ce5d0effb266167437fdaffd?s=96&d=mm&r=g\",\"url\":\"https:\\\/\\\/secure.gravatar.com\\\/avatar\\\/9b1269566f6a063ed26ffb3532b66a373cdde231ce5d0effb266167437fdaffd?s=96&d=mm&r=g\",\"contentUrl\":\"https:\\\/\\\/secure.gravatar.com\\\/avatar\\\/9b1269566f6a063ed26ffb3532b66a373cdde231ce5d0effb266167437fdaffd?s=96&d=mm&r=g\",\"caption\":\"Gabriel Sales\"},\"description\":\"Periodista y especialista en Comunicaci\u00f3n y Branding digital. Cin\u00e9filo y cr\u00edtico de cine y series de televisi\u00f3n.\",\"sameAs\":[\"https:\\\/\\\/www.instagram.com\\\/cine90segundos\\\/\",\"www.linkedin.com\\\/in\\\/habemusman\",\"https:\\\/\\\/x.com\\\/habemusman\",\"https:\\\/\\\/www.youtube.com\\\/channel\\\/UCVfCiOMkJ_C7T7OpyjuaLDg\"],\"url\":\"https:\\\/\\\/exaudi.org\\\/es\\\/author\\\/gsalesexaudi-org\\\/\"}]}<\/script>\n<!-- \/ Yoast SEO plugin. -->","yoast_head_json":{"title":"Canad\u00e1: El Papa nombra al nuncio apost\u00f3lico &#8211; Exaudi","description":"El pasado s\u00e1bado 5 de junio de 2021, El Papa nombr\u00f3 nuncio apost\u00f3lico de Canad\u00e1 a monse\u00f1or Ivan Jurkovi\u010d, arzobispo titular de Corbavia.","robots":{"index":"index","follow":"follow","max-snippet":"max-snippet:-1","max-image-preview":"max-image-preview:large","max-video-preview":"max-video-preview:-1"},"canonical":"https:\/\/exaudi.org\/es\/canada-papa-nombra-nuncio-apostolico-2021\/","og_locale":"es_ES","og_type":"article","og_title":"Canad\u00e1: El Papa nombra al nuncio apost\u00f3lico &#8211; Exaudi","og_description":"El pasado s\u00e1bado 5 de junio de 2021, El Papa nombr\u00f3 nuncio apost\u00f3lico de Canad\u00e1 a monse\u00f1or Ivan Jurkovi\u010d, arzobispo titular de Corbavia.","og_url":"https:\/\/exaudi.org\/es\/canada-papa-nombra-nuncio-apostolico-2021\/","og_site_name":"Exaudi","article_publisher":"https:\/\/www.facebook.com\/ExaudiNews","article_published_time":"2021-06-07T12:05:50+00:00","article_modified_time":"2021-06-07T14:35:06+00:00","og_image":[{"width":727,"height":408,"url":"https:\/\/exaudi.org\/wp-content\/uploads\/2021\/06\/11xxx.jpeg","type":"image\/jpeg"}],"author":"Gabriel Sales","twitter_card":"summary_large_image","twitter_creator":"@habemusman","twitter_site":"@Exaudi_News","twitter_misc":{"Escrito por":"Gabriel Sales","Tiempo de lectura":"2 minutos"},"schema":{"@context":"https:\/\/schema.org","@graph":[{"@type":"Article","@id":"https:\/\/exaudi.org\/es\/canada-papa-nombra-nuncio-apostolico-2021\/#article","isPartOf":{"@id":"https:\/\/exaudi.org\/es\/canada-papa-nombra-nuncio-apostolico-2021\/"},"author":{"name":"Gabriel Sales","@id":"https:\/\/exaudi.org\/#\/schema\/person\/d134b96438278131ce90c90c03fda6cd"},"headline":"Canad\u00e1: El Papa nombra al nuncio apost\u00f3lico","datePublished":"2021-06-07T12:05:50+00:00","dateModified":"2021-06-07T14:35:06+00:00","mainEntityOfPage":{"@id":"https:\/\/exaudi.org\/es\/canada-papa-nombra-nuncio-apostolico-2021\/"},"wordCount":345,"image":{"@id":"https:\/\/exaudi.org\/es\/canada-papa-nombra-nuncio-apostolico-2021\/#primaryimage"},"thumbnailUrl":"https:\/\/exaudi.org\/wp-content\/uploads\/2021\/06\/11xxx.jpeg","keywords":["canada","Monse\u00f1or Ivan Jurkovi\u010d","Nombramiento","Nuncio apost\u00f3lico","papa francisco"],"articleSection":["\u00daltimas noticias","Vaticano"],"inLanguage":"es"},{"@type":"WebPage","@id":"https:\/\/exaudi.org\/es\/canada-papa-nombra-nuncio-apostolico-2021\/","url":"https:\/\/exaudi.org\/es\/canada-papa-nombra-nuncio-apostolico-2021\/","name":"Canad\u00e1: El Papa nombra al nuncio apost\u00f3lico &#8211; Exaudi","isPartOf":{"@id":"https:\/\/exaudi.org\/#website"},"primaryImageOfPage":{"@id":"https:\/\/exaudi.org\/es\/canada-papa-nombra-nuncio-apostolico-2021\/#primaryimage"},"image":{"@id":"https:\/\/exaudi.org\/es\/canada-papa-nombra-nuncio-apostolico-2021\/#primaryimage"},"thumbnailUrl":"https:\/\/exaudi.org\/wp-content\/uploads\/2021\/06\/11xxx.jpeg","datePublished":"2021-06-07T12:05:50+00:00","dateModified":"2021-06-07T14:35:06+00:00","author":{"@id":"https:\/\/exaudi.org\/#\/schema\/person\/d134b96438278131ce90c90c03fda6cd"},"description":"El pasado s\u00e1bado 5 de junio de 2021, El Papa nombr\u00f3 nuncio apost\u00f3lico de Canad\u00e1 a monse\u00f1or Ivan Jurkovi\u010d, arzobispo titular de Corbavia.","breadcrumb":{"@id":"https:\/\/exaudi.org\/es\/canada-papa-nombra-nuncio-apostolico-2021\/#breadcrumb"},"inLanguage":"es","potentialAction":[{"@type":"ReadAction","target":["https:\/\/exaudi.org\/es\/canada-papa-nombra-nuncio-apostolico-2021\/"]}]},{"@type":"ImageObject","inLanguage":"es","@id":"https:\/\/exaudi.org\/es\/canada-papa-nombra-nuncio-apostolico-2021\/#primaryimage","url":"https:\/\/exaudi.org\/wp-content\/uploads\/2021\/06\/11xxx.jpeg","contentUrl":"https:\/\/exaudi.org\/wp-content\/uploads\/2021\/06\/11xxx.jpeg","width":727,"height":408,"caption":"El Papa junto a Mons. Jurkovi\u010d \u00a9 Vatican Media"},{"@type":"BreadcrumbList","@id":"https:\/\/exaudi.org\/es\/canada-papa-nombra-nuncio-apostolico-2021\/#breadcrumb","itemListElement":[{"@type":"ListItem","position":1,"name":"Portada","item":"https:\/\/exaudi.org\/es\/"},{"@type":"ListItem","position":2,"name":"Canad\u00e1: El Papa nombra al nuncio apost\u00f3lico"}]},{"@type":"WebSite","@id":"https:\/\/exaudi.org\/#website","url":"https:\/\/exaudi.org\/","name":"Exaudi","description":"News","potentialAction":[{"@type":"SearchAction","target":{"@type":"EntryPoint","urlTemplate":"https:\/\/exaudi.org\/?s={search_term_string}"},"query-input":{"@type":"PropertyValueSpecification","valueRequired":true,"valueName":"search_term_string"}}],"inLanguage":"es"},{"@type":"Person","@id":"https:\/\/exaudi.org\/#\/schema\/person\/d134b96438278131ce90c90c03fda6cd","name":"Gabriel Sales","image":{"@type":"ImageObject","inLanguage":"es","@id":"https:\/\/secure.gravatar.com\/avatar\/9b1269566f6a063ed26ffb3532b66a373cdde231ce5d0effb266167437fdaffd?s=96&d=mm&r=g","url":"https:\/\/secure.gravatar.com\/avatar\/9b1269566f6a063ed26ffb3532b66a373cdde231ce5d0effb266167437fdaffd?s=96&d=mm&r=g","contentUrl":"https:\/\/secure.gravatar.com\/avatar\/9b1269566f6a063ed26ffb3532b66a373cdde231ce5d0effb266167437fdaffd?s=96&d=mm&r=g","caption":"Gabriel Sales"},"description":"Periodista y especialista en Comunicaci\u00f3n y Branding digital. Cin\u00e9filo y cr\u00edtico de cine y series de televisi\u00f3n.","sameAs":["https:\/\/www.instagram.com\/cine90segundos\/","www.linkedin.com\/in\/habemusman","https:\/\/x.com\/habemusman","https:\/\/www.youtube.com\/channel\/UCVfCiOMkJ_C7T7OpyjuaLDg"],"url":"https:\/\/exaudi.org\/es\/author\/gsalesexaudi-org\/"}]}},"jetpack_featured_media_url":"https:\/\/exaudi.org\/wp-content\/uploads\/2021\/06\/11xxx.jpeg","jetpack_shortlink":"https:\/\/wp.me\/pgKjF2-5u2","_links":{"self":[{"href":"https:\/\/exaudi.org\/es\/wp-json\/wp\/v2\/posts\/21082","targetHints":{"allow":["GET"]}}],"collection":[{"href":"https:\/\/exaudi.org\/es\/wp-json\/wp\/v2\/posts"}],"about":[{"href":"https:\/\/exaudi.org\/es\/wp-json\/wp\/v2\/types\/post"}],"author":[{"embeddable":true,"href":"https:\/\/exaudi.org\/es\/wp-json\/wp\/v2\/users\/6"}],"replies":[{"embeddable":true,"href":"https:\/\/exaudi.org\/es\/wp-json\/wp\/v2\/comments?post=21082"}],"version-history":[{"count":0,"href":"https:\/\/exaudi.org\/es\/wp-json\/wp\/v2\/posts\/21082\/revisions"}],"wp:featuredmedia":[{"embeddable":true,"href":"https:\/\/exaudi.org\/es\/wp-json\/wp\/v2\/media\/21084"}],"wp:attachment":[{"href":"https:\/\/exaudi.org\/es\/wp-json\/wp\/v2\/media?parent=21082"}],"wp:term":[{"taxonomy":"category","embeddable":true,"href":"https:\/\/exaudi.org\/es\/wp-json\/wp\/v2\/categories?post=21082"},{"taxonomy":"post_tag","embeddable":true,"href":"https:\/\/exaudi.org\/es\/wp-json\/wp\/v2\/tags?post=21082"}],"curies":[{"name":"wp","href":"https:\/\/api.w.org\/{rel}","templated":true}]}}