{"id":20824,"date":"2021-06-06T16:01:09","date_gmt":"2021-06-06T14:01:09","guid":{"rendered":"https:\/\/exaudi.org\/?p=20824"},"modified":"2021-06-07T14:53:25","modified_gmt":"2021-06-07T12:53:25","slug":"papa-francisco-cercania-canada-burkina-faso","status":"publish","type":"post","link":"https:\/\/exaudi.org\/es\/papa-francisco-cercania-canada-burkina-faso\/","title":{"rendered":"Cercan\u00eda del Papa con Canad\u00e1 y Burkina Faso"},"content":{"rendered":"<p>Tras el rezo del <a href=\"https:\/\/exaudi.org\/es\/papa-francisco-en-la-eucaristia-la-fragilidad-es-fuerza\/\" target=\"_blank\" rel=\"noopener noreferrer\">\u00c1ngelus<\/a>, de este domingo, 6 de junio de 2021, el <a href=\"https:\/\/fb.watch\/5ZvNfzcBbX\/\" target=\"_blank\" rel=\"noopener noreferrer\">Papa Francisco<\/a> expres\u00f3 su cercan\u00eda al pueblo de Canad\u00e1 por el \u201cdescubrimiento de los restos de 215 ni\u00f1os, alumnos del Colegio Residencial Indio de Kamloops, en la provincia de Columbia Brit\u00e1nica\u201d.<\/p>\n<p>\u201dDeseo asegurar mis oraciones por las v\u00edctimas de la masacre que tuvo lugar en la noche del viernes al s\u00e1bado en una peque\u00f1a ciudad de Burkina Faso\u201d, continu\u00f3 el Papa. A continuaci\u00f3n, record\u00f3 la \u201cbeatificaci\u00f3n hoy en Chiavenna, de sor Mar\u00eda Laura Mainetti, de las Hijas de la Cruz, asesinada hace 21 a\u00f1os por tres chicas influidas por una secta sat\u00e1nica\u201d.<\/p>\n<figure id=\"attachment_20940\" aria-describedby=\"caption-attachment-20940\" style=\"width: 300px\" class=\"wp-caption alignleft\"><img loading=\"lazy\" decoding=\"async\" class=\"size-medium wp-image-20940\" src=\"https:\/\/exaudi.org\/wp-content\/uploads\/2021\/06\/VM060621111508_0085-300x200.jpg\" alt=\"\" width=\"300\" height=\"200\" srcset=\"https:\/\/exaudi.org\/wp-content\/uploads\/2021\/06\/VM060621111508_0085-300x200.jpg 300w, https:\/\/exaudi.org\/wp-content\/uploads\/2021\/06\/VM060621111508_0085-1024x682.jpg 1024w, https:\/\/exaudi.org\/wp-content\/uploads\/2021\/06\/VM060621111508_0085-768x512.jpg 768w, https:\/\/exaudi.org\/wp-content\/uploads\/2021\/06\/VM060621111508_0085-1536x1024.jpg 1536w, https:\/\/exaudi.org\/wp-content\/uploads\/2021\/06\/VM060621111508_0085-2048x1365.jpg 2048w, https:\/\/exaudi.org\/wp-content\/uploads\/2021\/06\/VM060621111508_0085-150x100.jpg 150w, https:\/\/exaudi.org\/wp-content\/uploads\/2021\/06\/VM060621111508_0085-696x464.jpg 696w, https:\/\/exaudi.org\/wp-content\/uploads\/2021\/06\/VM060621111508_0085-1068x712.jpg 1068w, https:\/\/exaudi.org\/wp-content\/uploads\/2021\/06\/VM060621111508_0085-1920x1280.jpg 1920w, https:\/\/exaudi.org\/wp-content\/uploads\/2021\/06\/VM060621111508_0085-630x420.jpg 630w\" sizes=\"auto, (max-width: 300px) 100vw, 300px\" \/><figcaption id=\"caption-attachment-20940\" class=\"wp-caption-text\">\u00c1ngelus, 6 junio 2021 \u00a9 Vatican Media<\/figcaption><\/figure>\n<p>Salud\u00f3 a la Acci\u00f3n Cat\u00f3lica Internacional que \u201cpasado ma\u00f1ana, martes 8 de junio, a las 13 horas, invita a todos a dedicar un minuto por la paz, cada uno seg\u00fan su propia tradici\u00f3n religiosa. Rezamos en particular por Tierra Santa y por Myanmar\u201d. Despu\u00e9s, salud\u00f3 a los peregrinos y fieles reunidos en la plaza de San Pedro.<\/p>\n<p>A continuaci\u00f3n, siguen las palabras del Papa seg\u00fan la traducci\u00f3n no oficial ofrecida por la Oficina de Prensa de la Santa Sede<\/p>\n<p>***<\/p>\n<h4><strong>Palabras despu\u00e9s del\u00a0\u00c1ngelus<\/strong><\/h4>\n<p><i>Queridos hermanos y hermanas:<\/i><\/p>\n<p>Sigo con dolor las noticias procedentes de Canad\u00e1 sobre el espantoso descubrimiento de los restos de 215 ni\u00f1os, alumnos del\u00a0<i>Kamloops Indian Residential School<\/i>, en la provincia de Columbia Brit\u00e1nica. Me uno a los obispos canadienses y a toda la Iglesia cat\u00f3lica de Canad\u00e1 para expresar mi cercan\u00eda al pueblo canadiense, traumatizado por esta impactante noticia. El triste descubrimiento aumenta nuestra conciencia del dolor y el sufrimiento del pasado. Las autoridades pol\u00edticas y religiosas de Canad\u00e1 sigan colaborando con determinaci\u00f3n para esclarecer este triste suceso y comprometi\u00e9ndose humildemente en un camino de reconciliaci\u00f3n y sanaci\u00f3n.<\/p>\n<p>Estos tiempos dif\u00edciles son un fuerte llamado para que todos nos alejemos del modelo colonizador y tambi\u00e9n de las colonizaciones ideol\u00f3gicas de hoy, y para que caminemos juntos en el di\u00e1logo, el respeto mutuo y el reconocimiento de los derechos y valores culturales de todas las hijas e hijos de Canad\u00e1.<\/p>\n<p>Encomendamos al Se\u00f1or las almas de todos los ni\u00f1os que murieron en los internados de Canad\u00e1 y rezamos por las familias y comunidades nativas canadienses sumidas en el dolor. Recemos en silencio.<\/p>\n<p>Deseo asegurar mis oraciones por las v\u00edctimas de la masacre que tuvo lugar en la noche del viernes al s\u00e1bado en una peque\u00f1a ciudad de Burkina Faso. Estoy cerca de sus familias y de todo el pueblo burkin\u00e9s, que est\u00e1 sufriendo mucho por estos repetidos ataques. \u00c1frica necesita paz y no violencia.<\/p>\n<p>Hoy, en Chiavenna, en la di\u00f3cesis de Como, ser\u00e1 beatificada sor Mar\u00eda Laura Mainetti, de las Hijas de la Cruz, asesinada hace 21 a\u00f1os por tres muchachas influenciadas por una secta sat\u00e1nica. La crueldad. Ella, que amaba a los j\u00f3venes por encima de todo, y que ha amado y perdonado a esas mismas muchachas prisioneras del mal, nos deja su programa de vida: hacer cada peque\u00f1a cosa con fe, amor y entusiasmo. Que el Se\u00f1or nos d\u00e9 a todos fe, amor y entusiasmo. \u00a1Un aplauso para la nueva beata!<\/p>\n<p>Pasado ma\u00f1ana, martes 8 de junio, a las 13:00 horas, la Acci\u00f3n Cat\u00f3lica Internacional invita a todos a dedicar un minuto por la paz, cada uno seg\u00fan su propia tradici\u00f3n religiosa. Oremos en particular por Tierra Santa y por Myanmar.<\/p>\n<p>Saludo cordialmente a todos ustedes, provenientes de Roma, Italia y otros pa\u00edses. En particular, saludo a los j\u00f3venes del Proyecto Contacto de Tur\u00edn y al Grupo de Devotos de la Virgen de los Milagros de Corbetta, a las familias de Cerignola y a la Asociaci\u00f3n Nacional de Ambulantes, con muchos trabajadores de las ferias y artistas callejeros. Muchas gracias por los regalos que han tra\u00eddo. \u00a1Y tambi\u00e9n saludo a los salentinos del sur de Puglia, que est\u00e1n bailando la\u00a0<i>pizzica<\/i>\u00a0all\u00ed! \u00a1Estupendos! Les deseo a todos un buen domingo.<\/p>\n<p>Por favor, no se olviden de rezar por m\u00ed. \u00a1Un buen almuerzo y hasta pronto!<\/p>\n<p><strong>\u00a9 Librer\u00eda Editora Vaticana<\/strong><\/p>\n","protected":false},"excerpt":{"rendered":"<p>Palabras despu\u00e9s de la oraci\u00f3n mariana<\/p>\n","protected":false},"author":7,"featured_media":20932,"comment_status":"closed","ping_status":"closed","sticky":false,"template":"","format":"standard","meta":{"_acf_changed":false,"_crdt_document":"","inline_featured_image":false,"footnotes":""},"categories":[70,298],"tags":[191,158],"class_list":["post-20824","post","type-post","status-publish","format-standard","has-post-thumbnail","hentry","category-angelus-es","category-ultimas-noticias","tag-angelus","tag-papa-francisco"],"acf":[],"yoast_head":"<!-- This site is optimized with the Yoast SEO plugin v27.4 - https:\/\/yoast.com\/product\/yoast-seo-wordpress\/ -->\n<title>Cercan\u00eda del Papa con Canad\u00e1 y Burkina Faso &#8211; Exaudi<\/title>\n<meta name=\"description\" content=\"Tras el rezo del \u00c1ngelus, de este domingo, 6 de junio de 2021, el Papa Francisco expres\u00f3 su cercan\u00eda al pueblo de Canad\u00e1 y a Burkina Faso\" \/>\n<meta name=\"robots\" content=\"index, follow, max-snippet:-1, max-image-preview:large, max-video-preview:-1\" \/>\n<link rel=\"canonical\" href=\"https:\/\/exaudi.org\/es\/papa-francisco-cercania-canada-burkina-faso\/\" \/>\n<meta property=\"og:locale\" content=\"es_ES\" \/>\n<meta property=\"og:type\" content=\"article\" \/>\n<meta property=\"og:title\" content=\"Cercan\u00eda del Papa con Canad\u00e1 y Burkina Faso &#8211; Exaudi\" \/>\n<meta property=\"og:description\" content=\"Tras el rezo del \u00c1ngelus, de este domingo, 6 de junio de 2021, el Papa Francisco expres\u00f3 su cercan\u00eda al pueblo de Canad\u00e1 y a Burkina Faso\" \/>\n<meta property=\"og:url\" content=\"https:\/\/exaudi.org\/es\/papa-francisco-cercania-canada-burkina-faso\/\" \/>\n<meta property=\"og:site_name\" content=\"Exaudi\" \/>\n<meta property=\"article:publisher\" content=\"https:\/\/www.facebook.com\/ExaudiNews\" \/>\n<meta property=\"article:published_time\" content=\"2021-06-06T14:01:09+00:00\" \/>\n<meta property=\"article:modified_time\" content=\"2021-06-07T12:53:25+00:00\" \/>\n<meta property=\"og:image\" content=\"https:\/\/exaudi.org\/wp-content\/uploads\/2021\/06\/VM060621111432_0079-scaled.jpg\" \/>\n\t<meta property=\"og:image:width\" content=\"2560\" \/>\n\t<meta property=\"og:image:height\" content=\"1707\" \/>\n\t<meta property=\"og:image:type\" content=\"image\/jpeg\" \/>\n<meta name=\"author\" content=\"Raquel Anillo\" \/>\n<meta name=\"twitter:card\" content=\"summary_large_image\" \/>\n<meta name=\"twitter:creator\" content=\"@Exaudi_News\" \/>\n<meta name=\"twitter:site\" content=\"@Exaudi_News\" \/>\n<meta name=\"twitter:label1\" content=\"Escrito por\" \/>\n\t<meta name=\"twitter:data1\" content=\"Raquel Anillo\" \/>\n\t<meta name=\"twitter:label2\" content=\"Tiempo de lectura\" \/>\n\t<meta name=\"twitter:data2\" content=\"4 minutos\" \/>\n<script type=\"application\/ld+json\" class=\"yoast-schema-graph\">{\"@context\":\"https:\\\/\\\/schema.org\",\"@graph\":[{\"@type\":\"Article\",\"@id\":\"https:\\\/\\\/exaudi.org\\\/es\\\/papa-francisco-cercania-canada-burkina-faso\\\/#article\",\"isPartOf\":{\"@id\":\"https:\\\/\\\/exaudi.org\\\/es\\\/papa-francisco-cercania-canada-burkina-faso\\\/\"},\"author\":{\"name\":\"Raquel Anillo\",\"@id\":\"https:\\\/\\\/exaudi.org\\\/#\\\/schema\\\/person\\\/6ff0af358a606d657c4b1b6e0d5c85cb\"},\"headline\":\"Cercan\u00eda del Papa con Canad\u00e1 y Burkina Faso\",\"datePublished\":\"2021-06-06T14:01:09+00:00\",\"dateModified\":\"2021-06-07T12:53:25+00:00\",\"mainEntityOfPage\":{\"@id\":\"https:\\\/\\\/exaudi.org\\\/es\\\/papa-francisco-cercania-canada-burkina-faso\\\/\"},\"wordCount\":729,\"image\":{\"@id\":\"https:\\\/\\\/exaudi.org\\\/es\\\/papa-francisco-cercania-canada-burkina-faso\\\/#primaryimage\"},\"thumbnailUrl\":\"https:\\\/\\\/exaudi.org\\\/wp-content\\\/uploads\\\/2021\\\/06\\\/VM060621111432_0079-scaled.jpg\",\"keywords\":[\"\u00e1ngelus\",\"papa francisco\"],\"articleSection\":[\"\u00c1ngelus\",\"\u00daltimas noticias\"],\"inLanguage\":\"es\"},{\"@type\":\"WebPage\",\"@id\":\"https:\\\/\\\/exaudi.org\\\/es\\\/papa-francisco-cercania-canada-burkina-faso\\\/\",\"url\":\"https:\\\/\\\/exaudi.org\\\/es\\\/papa-francisco-cercania-canada-burkina-faso\\\/\",\"name\":\"Cercan\u00eda del Papa con Canad\u00e1 y Burkina Faso &#8211; Exaudi\",\"isPartOf\":{\"@id\":\"https:\\\/\\\/exaudi.org\\\/#website\"},\"primaryImageOfPage\":{\"@id\":\"https:\\\/\\\/exaudi.org\\\/es\\\/papa-francisco-cercania-canada-burkina-faso\\\/#primaryimage\"},\"image\":{\"@id\":\"https:\\\/\\\/exaudi.org\\\/es\\\/papa-francisco-cercania-canada-burkina-faso\\\/#primaryimage\"},\"thumbnailUrl\":\"https:\\\/\\\/exaudi.org\\\/wp-content\\\/uploads\\\/2021\\\/06\\\/VM060621111432_0079-scaled.jpg\",\"datePublished\":\"2021-06-06T14:01:09+00:00\",\"dateModified\":\"2021-06-07T12:53:25+00:00\",\"author\":{\"@id\":\"https:\\\/\\\/exaudi.org\\\/#\\\/schema\\\/person\\\/6ff0af358a606d657c4b1b6e0d5c85cb\"},\"description\":\"Tras el rezo del \u00c1ngelus, de este domingo, 6 de junio de 2021, el Papa Francisco expres\u00f3 su cercan\u00eda al pueblo de Canad\u00e1 y a Burkina Faso\",\"breadcrumb\":{\"@id\":\"https:\\\/\\\/exaudi.org\\\/es\\\/papa-francisco-cercania-canada-burkina-faso\\\/#breadcrumb\"},\"inLanguage\":\"es\",\"potentialAction\":[{\"@type\":\"ReadAction\",\"target\":[\"https:\\\/\\\/exaudi.org\\\/es\\\/papa-francisco-cercania-canada-burkina-faso\\\/\"]}]},{\"@type\":\"ImageObject\",\"inLanguage\":\"es\",\"@id\":\"https:\\\/\\\/exaudi.org\\\/es\\\/papa-francisco-cercania-canada-burkina-faso\\\/#primaryimage\",\"url\":\"https:\\\/\\\/exaudi.org\\\/wp-content\\\/uploads\\\/2021\\\/06\\\/VM060621111432_0079-scaled.jpg\",\"contentUrl\":\"https:\\\/\\\/exaudi.org\\\/wp-content\\\/uploads\\\/2021\\\/06\\\/VM060621111432_0079-scaled.jpg\",\"width\":2560,\"height\":1707,\"caption\":\"\u00c1ngelus, 6 junio 2021 \u00a9 Vatican Media\"},{\"@type\":\"BreadcrumbList\",\"@id\":\"https:\\\/\\\/exaudi.org\\\/es\\\/papa-francisco-cercania-canada-burkina-faso\\\/#breadcrumb\",\"itemListElement\":[{\"@type\":\"ListItem\",\"position\":1,\"name\":\"Portada\",\"item\":\"https:\\\/\\\/exaudi.org\\\/es\\\/\"},{\"@type\":\"ListItem\",\"position\":2,\"name\":\"Cercan\u00eda del Papa con Canad\u00e1 y Burkina Faso\"}]},{\"@type\":\"WebSite\",\"@id\":\"https:\\\/\\\/exaudi.org\\\/#website\",\"url\":\"https:\\\/\\\/exaudi.org\\\/\",\"name\":\"Exaudi\",\"description\":\"News\",\"potentialAction\":[{\"@type\":\"SearchAction\",\"target\":{\"@type\":\"EntryPoint\",\"urlTemplate\":\"https:\\\/\\\/exaudi.org\\\/?s={search_term_string}\"},\"query-input\":{\"@type\":\"PropertyValueSpecification\",\"valueRequired\":true,\"valueName\":\"search_term_string\"}}],\"inLanguage\":\"es\"},{\"@type\":\"Person\",\"@id\":\"https:\\\/\\\/exaudi.org\\\/#\\\/schema\\\/person\\\/6ff0af358a606d657c4b1b6e0d5c85cb\",\"name\":\"Raquel Anillo\",\"image\":{\"@type\":\"ImageObject\",\"inLanguage\":\"es\",\"@id\":\"https:\\\/\\\/secure.gravatar.com\\\/avatar\\\/7f88757c095badfcf277fb437d860f221e7a4fb83008b887cccb1f1299f66efb?s=96&d=mm&r=g\",\"url\":\"https:\\\/\\\/secure.gravatar.com\\\/avatar\\\/7f88757c095badfcf277fb437d860f221e7a4fb83008b887cccb1f1299f66efb?s=96&d=mm&r=g\",\"contentUrl\":\"https:\\\/\\\/secure.gravatar.com\\\/avatar\\\/7f88757c095badfcf277fb437d860f221e7a4fb83008b887cccb1f1299f66efb?s=96&d=mm&r=g\",\"caption\":\"Raquel Anillo\"},\"description\":\"Casada. Comprometida con la Iglesia. Traductora e int\u00e9rprete para la Comunidad Emmanuel, especialmente para las sesiones internacionales de Paray le Monial (Francia) 1986 al 2005. Colaboradora de Zenit de 2012-2014 y de 2017-2020 como traductora.\",\"url\":\"https:\\\/\\\/exaudi.org\\\/es\\\/author\\\/ranilloexaudi-org\\\/\"}]}<\/script>\n<!-- \/ Yoast SEO plugin. -->","yoast_head_json":{"title":"Cercan\u00eda del Papa con Canad\u00e1 y Burkina Faso &#8211; Exaudi","description":"Tras el rezo del \u00c1ngelus, de este domingo, 6 de junio de 2021, el Papa Francisco expres\u00f3 su cercan\u00eda al pueblo de Canad\u00e1 y a Burkina Faso","robots":{"index":"index","follow":"follow","max-snippet":"max-snippet:-1","max-image-preview":"max-image-preview:large","max-video-preview":"max-video-preview:-1"},"canonical":"https:\/\/exaudi.org\/es\/papa-francisco-cercania-canada-burkina-faso\/","og_locale":"es_ES","og_type":"article","og_title":"Cercan\u00eda del Papa con Canad\u00e1 y Burkina Faso &#8211; Exaudi","og_description":"Tras el rezo del \u00c1ngelus, de este domingo, 6 de junio de 2021, el Papa Francisco expres\u00f3 su cercan\u00eda al pueblo de Canad\u00e1 y a Burkina Faso","og_url":"https:\/\/exaudi.org\/es\/papa-francisco-cercania-canada-burkina-faso\/","og_site_name":"Exaudi","article_publisher":"https:\/\/www.facebook.com\/ExaudiNews","article_published_time":"2021-06-06T14:01:09+00:00","article_modified_time":"2021-06-07T12:53:25+00:00","og_image":[{"width":2560,"height":1707,"url":"https:\/\/exaudi.org\/wp-content\/uploads\/2021\/06\/VM060621111432_0079-scaled.jpg","type":"image\/jpeg"}],"author":"Raquel Anillo","twitter_card":"summary_large_image","twitter_creator":"@Exaudi_News","twitter_site":"@Exaudi_News","twitter_misc":{"Escrito por":"Raquel Anillo","Tiempo de lectura":"4 minutos"},"schema":{"@context":"https:\/\/schema.org","@graph":[{"@type":"Article","@id":"https:\/\/exaudi.org\/es\/papa-francisco-cercania-canada-burkina-faso\/#article","isPartOf":{"@id":"https:\/\/exaudi.org\/es\/papa-francisco-cercania-canada-burkina-faso\/"},"author":{"name":"Raquel Anillo","@id":"https:\/\/exaudi.org\/#\/schema\/person\/6ff0af358a606d657c4b1b6e0d5c85cb"},"headline":"Cercan\u00eda del Papa con Canad\u00e1 y Burkina Faso","datePublished":"2021-06-06T14:01:09+00:00","dateModified":"2021-06-07T12:53:25+00:00","mainEntityOfPage":{"@id":"https:\/\/exaudi.org\/es\/papa-francisco-cercania-canada-burkina-faso\/"},"wordCount":729,"image":{"@id":"https:\/\/exaudi.org\/es\/papa-francisco-cercania-canada-burkina-faso\/#primaryimage"},"thumbnailUrl":"https:\/\/exaudi.org\/wp-content\/uploads\/2021\/06\/VM060621111432_0079-scaled.jpg","keywords":["\u00e1ngelus","papa francisco"],"articleSection":["\u00c1ngelus","\u00daltimas noticias"],"inLanguage":"es"},{"@type":"WebPage","@id":"https:\/\/exaudi.org\/es\/papa-francisco-cercania-canada-burkina-faso\/","url":"https:\/\/exaudi.org\/es\/papa-francisco-cercania-canada-burkina-faso\/","name":"Cercan\u00eda del Papa con Canad\u00e1 y Burkina Faso &#8211; Exaudi","isPartOf":{"@id":"https:\/\/exaudi.org\/#website"},"primaryImageOfPage":{"@id":"https:\/\/exaudi.org\/es\/papa-francisco-cercania-canada-burkina-faso\/#primaryimage"},"image":{"@id":"https:\/\/exaudi.org\/es\/papa-francisco-cercania-canada-burkina-faso\/#primaryimage"},"thumbnailUrl":"https:\/\/exaudi.org\/wp-content\/uploads\/2021\/06\/VM060621111432_0079-scaled.jpg","datePublished":"2021-06-06T14:01:09+00:00","dateModified":"2021-06-07T12:53:25+00:00","author":{"@id":"https:\/\/exaudi.org\/#\/schema\/person\/6ff0af358a606d657c4b1b6e0d5c85cb"},"description":"Tras el rezo del \u00c1ngelus, de este domingo, 6 de junio de 2021, el Papa Francisco expres\u00f3 su cercan\u00eda al pueblo de Canad\u00e1 y a Burkina Faso","breadcrumb":{"@id":"https:\/\/exaudi.org\/es\/papa-francisco-cercania-canada-burkina-faso\/#breadcrumb"},"inLanguage":"es","potentialAction":[{"@type":"ReadAction","target":["https:\/\/exaudi.org\/es\/papa-francisco-cercania-canada-burkina-faso\/"]}]},{"@type":"ImageObject","inLanguage":"es","@id":"https:\/\/exaudi.org\/es\/papa-francisco-cercania-canada-burkina-faso\/#primaryimage","url":"https:\/\/exaudi.org\/wp-content\/uploads\/2021\/06\/VM060621111432_0079-scaled.jpg","contentUrl":"https:\/\/exaudi.org\/wp-content\/uploads\/2021\/06\/VM060621111432_0079-scaled.jpg","width":2560,"height":1707,"caption":"\u00c1ngelus, 6 junio 2021 \u00a9 Vatican Media"},{"@type":"BreadcrumbList","@id":"https:\/\/exaudi.org\/es\/papa-francisco-cercania-canada-burkina-faso\/#breadcrumb","itemListElement":[{"@type":"ListItem","position":1,"name":"Portada","item":"https:\/\/exaudi.org\/es\/"},{"@type":"ListItem","position":2,"name":"Cercan\u00eda del Papa con Canad\u00e1 y Burkina Faso"}]},{"@type":"WebSite","@id":"https:\/\/exaudi.org\/#website","url":"https:\/\/exaudi.org\/","name":"Exaudi","description":"News","potentialAction":[{"@type":"SearchAction","target":{"@type":"EntryPoint","urlTemplate":"https:\/\/exaudi.org\/?s={search_term_string}"},"query-input":{"@type":"PropertyValueSpecification","valueRequired":true,"valueName":"search_term_string"}}],"inLanguage":"es"},{"@type":"Person","@id":"https:\/\/exaudi.org\/#\/schema\/person\/6ff0af358a606d657c4b1b6e0d5c85cb","name":"Raquel Anillo","image":{"@type":"ImageObject","inLanguage":"es","@id":"https:\/\/secure.gravatar.com\/avatar\/7f88757c095badfcf277fb437d860f221e7a4fb83008b887cccb1f1299f66efb?s=96&d=mm&r=g","url":"https:\/\/secure.gravatar.com\/avatar\/7f88757c095badfcf277fb437d860f221e7a4fb83008b887cccb1f1299f66efb?s=96&d=mm&r=g","contentUrl":"https:\/\/secure.gravatar.com\/avatar\/7f88757c095badfcf277fb437d860f221e7a4fb83008b887cccb1f1299f66efb?s=96&d=mm&r=g","caption":"Raquel Anillo"},"description":"Casada. Comprometida con la Iglesia. Traductora e int\u00e9rprete para la Comunidad Emmanuel, especialmente para las sesiones internacionales de Paray le Monial (Francia) 1986 al 2005. Colaboradora de Zenit de 2012-2014 y de 2017-2020 como traductora.","url":"https:\/\/exaudi.org\/es\/author\/ranilloexaudi-org\/"}]}},"jetpack_featured_media_url":"https:\/\/exaudi.org\/wp-content\/uploads\/2021\/06\/VM060621111432_0079-scaled.jpg","jetpack_shortlink":"https:\/\/wp.me\/pgKjF2-5pS","_links":{"self":[{"href":"https:\/\/exaudi.org\/es\/wp-json\/wp\/v2\/posts\/20824","targetHints":{"allow":["GET"]}}],"collection":[{"href":"https:\/\/exaudi.org\/es\/wp-json\/wp\/v2\/posts"}],"about":[{"href":"https:\/\/exaudi.org\/es\/wp-json\/wp\/v2\/types\/post"}],"author":[{"embeddable":true,"href":"https:\/\/exaudi.org\/es\/wp-json\/wp\/v2\/users\/7"}],"replies":[{"embeddable":true,"href":"https:\/\/exaudi.org\/es\/wp-json\/wp\/v2\/comments?post=20824"}],"version-history":[{"count":0,"href":"https:\/\/exaudi.org\/es\/wp-json\/wp\/v2\/posts\/20824\/revisions"}],"wp:featuredmedia":[{"embeddable":true,"href":"https:\/\/exaudi.org\/es\/wp-json\/wp\/v2\/media\/20932"}],"wp:attachment":[{"href":"https:\/\/exaudi.org\/es\/wp-json\/wp\/v2\/media?parent=20824"}],"wp:term":[{"taxonomy":"category","embeddable":true,"href":"https:\/\/exaudi.org\/es\/wp-json\/wp\/v2\/categories?post=20824"},{"taxonomy":"post_tag","embeddable":true,"href":"https:\/\/exaudi.org\/es\/wp-json\/wp\/v2\/tags?post=20824"}],"curies":[{"name":"wp","href":"https:\/\/api.w.org\/{rel}","templated":true}]}}