{"id":2075,"date":"2021-02-25T12:59:39","date_gmt":"2021-02-25T12:59:39","guid":{"rendered":"https:\/\/exaudi.org\/?p=2075"},"modified":"2021-03-18T16:42:04","modified_gmt":"2021-03-18T15:42:04","slug":"espana-nota-prensa-comision-permanente-cee-2021","status":"publish","type":"post","link":"https:\/\/exaudi.org\/es\/espana-nota-prensa-comision-permanente-cee-2021\/","title":{"rendered":"Espa\u00f1a: Nota de prensa sobre la Comisi\u00f3n Permanente de la CEE"},"content":{"rendered":"<p>La Comisi\u00f3n Permanente de la <a href=\"https:\/\/www.conferenciaepiscopal.es\/\" target=\"_blank\" rel=\"noopener noreferrer\">Conferencia Episcopal de Espa\u00f1a (CEE)<\/a> se reuni\u00f3 en Madrid los d\u00edas 23 y 24 de febrero de 2021. Los obispos pudieron participar de manera presencial y telem\u00e1tica.<\/p>\n<p>Como es habitual, el secretario general de la CEE, monse\u00f1or Luis Arg\u00fcello, ha informado de los trabajos abordados en el encuentro a trav\u00e9s de una rueda de prensa hoy 25 de febrero de 2021.<\/p>\n<h4><strong>Nota de prensa de la Comisi\u00f3n Permanente de la CEE<\/strong><\/h4>\n<p>El pasado 28 de enero fallec\u00eda el arzobispo<a class=\"rank-math-link\" href=\"https:\/\/www.arzobispadocastrense.com\/\" target=\"_blank\" rel=\"noreferrer noopener\" aria-label=\" castrense (opens in a new tab)\">\u00a0castrense<\/a>\u00a0y presidente de la\u00a0<a class=\"rank-math-link\" href=\"https:\/\/www.conferenciaepiscopal.es\/comisiones\/comunicaciones-sociales\/\" target=\"_blank\" rel=\"noreferrer noopener\" aria-label=\"Comisi\u00f3n Episcopal para las Comunicaciones Sociales (opens in a new tab)\">Comisi\u00f3n Episcopal para las Comunicaciones Sociales<\/a>, Mons.\u00a0<a class=\"rank-math-link\" href=\"https:\/\/www.conferenciaepiscopal.es\/fallecimiento-juan-del-rio\/\" target=\"_blank\" rel=\"noreferrer noopener\" aria-label=\"Juan del R\u00edo (opens in a new tab)\">Juan del R\u00edo<\/a>.\u00a0Por parte de la citada Comisi\u00f3n ha participado en la reuni\u00f3n de la Permanente el obispo de Cartagena,\u00a0<a class=\"rank-math-link\" href=\"https:\/\/conferenciaepiscopal.es\/obispos\/jose-manuel-lorca-planes\/\" target=\"_blank\" rel=\"noreferrer noopener\" aria-label=\"Mons. Jos\u00e9 Manuel Lorca (opens in a new tab)\">Mons. Jos\u00e9 Manuel Lorca<\/a>\u00a0pues seg\u00fan establecen los estatutos de la CEE, en caso de producirse una vacante en la presidencia de una Comisi\u00f3n, desempe\u00f1ar\u00e1 las funciones hasta la siguiente Plenaria el miembro m\u00e1s antiguo por ordenaci\u00f3n episcopal. El arzobispado castrense ha estado representado por el ordinario castrense\u00a0<a class=\"rank-math-link\" href=\"https:\/\/www.conferenciaepiscopal.es\/carlos-jesus-montes-asume-funciones-ordinario-castrense\/\" target=\"_blank\" rel=\"noreferrer noopener\" aria-label=\"Carlos Jes\u00fas Montes Herrero. (opens in a new tab)\">Carlos Jes\u00fas Montes Herrero.<\/a><\/p>\n<h5><strong>Misa por las v\u00edctimas de la COVID en Europa<\/strong><\/h5>\n<p>El martes 23 de febrero los obispos miembros de la Comisi\u00f3n Permanente celebraban la\u00a0<a class=\"rank-math-link\" href=\"https:\/\/www.conferenciaepiscopal.es\/cee-eucaristias-victimas-covid-19-europa\/\" target=\"_blank\" rel=\"noreferrer noopener\" aria-label=\"eucarist\u00eda por la v\u00edctimas de la Covid-19 en Europa (opens in a new tab)\">eucarist\u00eda por la v\u00edctimas de la Covid-19 en Europa<\/a>. Se un\u00edan as\u00ed a la cadena de oraci\u00f3n que est\u00e1 promoviendo el\u00a0<a class=\"rank-math-link\" href=\"https:\/\/www.ccee.eu\/\" target=\"_blank\" rel=\"noreferrer noopener\">Consejo de las Conferencias Episcopales de Europa\u00a0(CCEE)<\/a>\u00a0durante el tiempo de cuaresma.<\/p>\n<p>El arzobispo de Barcelona y presidente de la CEE,\u00a0<a class=\"rank-math-link\" href=\"https:\/\/www.conferenciaepiscopal.es\/obispos\/juan-jose-omella-omella\/\">Card.\u00a0Juan Jos\u00e9 Omella<\/a>, fue el encargado de presidir la celebraci\u00f3n eucar\u00edstica. \u201cCuando nos reunimos aqu\u00ed, en esta casa, tenemos siempre muy presentes los gozos y las penas de nuestro pueblo\u201d, se\u00f1alaba el cardenal Omella durante la homil\u00eda. Y durante este tiempo de pandemia \u201ctampoco nosotros, pastores de la Iglesia, hemos sido ajenos al dolor de nuestros conciudadanos por la p\u00e9rdida de tanta gente v\u00edctimas del coronavirus\u201d.<\/p>\n<p>Pero adem\u00e1s, el presidente de los obispos quiso\u00a0hacer extensiva esta oraci\u00f3n\u00a0tambi\u00e9n por los que han fallecido por otras\u00a0causas ajenas al coronavirus y que, durante el tiempo de confinamiento, no han podido recibir la despedida merecida. \u201cHoy los recordamos a todos, \u00a0fuesen creyentes o no, naturales de nuestra geograf\u00eda hispana o venidos de otros lugares. Nos sentimos hermanos de todos y compartimos el dolor de todos sus familiares y amigos\u201d.<\/p>\n<h5><strong>Pastoral de la CEE hasta 2025<\/strong><\/h5>\n<p>Uno de los temas del orden del d\u00eda ha sido el estudio del borrador de documento con las l\u00edneas de acci\u00f3n pastoral de la CEE para el quinquenio 2021-2025, tras su paso por la Plenaria de noviembre.<\/p>\n<p>El\u00a0documento,\u00a0con el t\u00edtulo\u00a0<em>Fieles al env\u00edo misionero. Claves del contexto actual, marco eclesial y l\u00edneas de trabajo<\/em>,\u00a0tendr\u00e1 como fin ayudar a la Conferencia Episcopal y sus Comisiones y servicios a la conversi\u00f3n pastoral, personal e institucional,\u00a0apoyada en la colegialidad y el discernimiento. El texto se remitir\u00e1 de nuevo a la Plenaria de abril.<\/p>\n<h5><strong>Instituci\u00f3n de acolitado y lectorado con car\u00e1cter estable<\/strong><\/h5>\n<p>El pasado 10 de enero, el papa Francisco promulg\u00f3 la Carta Apost\u00f3lica en forma de\u00a0<em>Motu proprio<\/em><a class=\"rank-math-link\" href=\"http:\/\/www.vatican.va\/content\/francesco\/es\/motu_proprio\/documents\/papa-francesco-motu-proprio-20210110_spiritus-domini.html\" target=\"_blank\" rel=\"noreferrer noopener\" aria-label=\" Spiritus Domini, (opens in a new tab)\">\u00a0<em>Spiritus Domini,<\/em><\/a>\u00a0que se\u00f1ala que \u201clos laicos que tengan la edad y condiciones determinadas por decreto de la Conferencia Episcopal, pueden ser llamados para el ministerio estable de lector y ac\u00f3lito, mediante el rito lit\u00fargico prescrito (\u2026).<\/p>\n<p>En la misma carta establece la modificaci\u00f3n del canon 230 \u00a71 del C\u00f3digo de Derecho Can\u00f3nico, permitiendo el acceso de las personas de sexo femenino al ministerio instituido del lectorado y del acolitado.<\/p>\n<p>La Comisi\u00f3n Permanente\u00a0ha estudiado un informe\u00a0elaborado por la Comisi\u00f3n Episcopal para la Liturgia en coordinaci\u00f3n con la Comisi\u00f3n Episcopal para la Evangelizaci\u00f3n, Catecumenado y primer anuncio,\u00a0acerca de los criterios lit\u00fargicos, formativos y pastorales.\u00a0Este tema continuar\u00e1 su estudio en la pr\u00f3xima Asamblea Plenaria de abril.<\/p>\n<h5><strong>Eutanasia y el Testamento vital<\/strong><\/h5>\n<p>La Subcomisi\u00f3n Episcopal para la Familia y Defensa de la Vida ha presentado a la Comisi\u00f3n Permanente un informe sobre la\u00a0<a class=\"rank-math-link\" href=\"https:\/\/www.conferenciaepiscopal.es\/eutanasia\/\" target=\"_blank\" rel=\"noreferrer noopener\" aria-label=\"Eutanasia (opens in a new tab)\">Eutanasia\u00a0<\/a>y el\u00a0<a class=\"rank-math-link\" href=\"https:\/\/www.conferenciaepiscopal.es\/que-es-el-testamento-vital\/\">Testamento Vital.<\/a>\u00a0Tras su estudio, el texto se ha remitido a la Plenaria.<\/p>\n<p>La\u00a0<a class=\"rank-math-link\" href=\"https:\/\/www.conferenciaepiscopal.es\/cee\/organigrama\/comision-ejecutiva\/\" target=\"_blank\" rel=\"noreferrer noopener\" aria-label=\"Comisi\u00f3n Ejecutiva (opens in a new tab)\">Comisi\u00f3n Ejecutiva<\/a>, en su reuni\u00f3n del 9 de diciembre, acord\u00f3 convocar a los cat\u00f3licos espa\u00f1oles a una\u00a0<a class=\"rank-math-link\" href=\"https:\/\/www.conferenciaepiscopal.es\/jornada-de-ayuno-y-oracion\/\" target=\"_blank\" rel=\"noreferrer noopener\" aria-label=\"Jornada de ayuno y oraci\u00f3n (opens in a new tab)\">Jornada de ayuno y oraci\u00f3n\u00a0<\/a>el mi\u00e9rcoles 16 de diciembre, para pedir al Se\u00f1or que inspire leyes que respeten y promuevan el cuidado de la vida humana, invitando a cuantas personas e instituciones quisieran unirse a esta iniciativa.<\/p>\n<p>La CEE hab\u00eda publicado ya una nota en relaci\u00f3n a este tema con el t\u00edtulo:<a class=\"rank-math-link\" href=\"https:\/\/www.conferenciaepiscopal.es\/la-vida-es-un-don-la-eutanasia-un-fracaso\/\" target=\"_blank\" rel=\"noreferrer noopener\" aria-label=\" \u201cLa vida es un don, la eutanasia un fracaso\u201d (opens in a new tab)\">\u00a0\u201cLa vida es un don, la eutanasia un fracaso\u201d<\/a>\u00a0el d\u00eda 11 de diciembre y las diversas confesiones religiosas con presencia en Espa\u00f1a celebraron el encuentro interreligioso \u201c<a class=\"rank-math-link\" href=\"https:\/\/www.conferenciaepiscopal.es\/encuentro-interreligioso-artesanos-de-vida-y-esperanza\/\" target=\"_blank\" rel=\"noreferrer noopener\" aria-label=\"Artesanos de vida y esperanza (opens in a new tab)\">Artesanos de vida y esperanza<\/a>\u201d en defensa de la vida.<\/p>\n<h5><strong>Oficinas diocesanas para la protecci\u00f3n de menores<\/strong><\/h5>\n<p>Los obispos miembros de la Comisi\u00f3n Permanente\u00a0han informado sobre el trabajo de las oficinas diocesanas para la<a class=\"rank-math-link\" href=\"https:\/\/www.conferenciaepiscopal.es\/proteccion-de-menores\/\" target=\"_blank\" rel=\"noreferrer noopener\" aria-label=\" protecci\u00f3n de menores (opens in a new tab)\">\u00a0protecci\u00f3n de menores<\/a>, su actividad en los primeros meses de su funcionamiento y las iniciativas llevadas a cabo sobre la atenci\u00f3n de las v\u00edctimas, prevenci\u00f3n y formaci\u00f3n.<\/p>\n<p>Tambi\u00e9n han estudiado la conveniencia de un servicio en la CEE de ayuda y coordinaci\u00f3n entre las di\u00f3cesis y de contacto con las Congregaciones Religiosas. El tema se llevar\u00e1 a la Asamblea Plenaria prevista del 19 al 23 de abril.<\/p>\n<h5><strong>Pol\u00edticas de cumplimiento en la CEE y di\u00f3cesis<\/strong><\/h5>\n<p>Los obispos han recibido informaci\u00f3n sobre la necesaria puesta en funcionamiento de las pol\u00edticas de cumplimiento (<em>compliance<\/em>)\u00a0en las instituciones de la Iglesia.\u00a0Juan Murgu\u00eda, miembro del Comit\u00e9 de Gobierno corporativo de la OCDE, explic\u00f3 las implicaciones que tienen estas pol\u00edticas y el modo m\u00e1s adecuado de ponerlas en funcionamiento, tanto en la Conferencia Episcopal como en las di\u00f3cesis.<\/p>\n<h5><strong>Plan de formaci\u00f3n en los seminarios<\/strong><\/h5>\n<p>En este curso se ha puesto en marcha el Plan de formaci\u00f3n sacerdotal\u00a0<em>Formar pastores misioneros<\/em>. La Comisi\u00f3n Episcopal para el Clero y Seminarios ofreci\u00f3 en la Plenaria de noviembre\u00a0una ponencia\u00a0para el di\u00e1logo\u00a0sobre el modo en que los seminarios pueden continuar este camino de\u00a0renovaci\u00f3n formativa.<\/p>\n<p>La Asamblea Plenaria acord\u00f3 llevar los temas propuestos y las aportaciones de los obispos a la reflexi\u00f3n en las distintas provincias eclesi\u00e1sticas, teniendo como base unos materiales facilitados por la propia Comisi\u00f3n. El di\u00e1logo sobre el plan de formaci\u00f3n en los Seminarios ha continuado con las propuestas y las conclusiones que han sido remitidas por las Provincias eclesi\u00e1sticas.<\/p>\n<h5><strong>Informaci\u00f3n de las comisiones<\/strong><\/h5>\n<p>La Comisi\u00f3n Episcopal de Educaci\u00f3n y Cultura ha informado sobre los\u00a0trabajos realizados en torno a la nueva ley de ense\u00f1anza, a partir del nombramiento de la Secretaria de la Comisi\u00f3n, Raquel P\u00e9rez San Juan como miembro del Consejo Escolar del Estado. En este sentido se ha informado del trabajo del Foro Hacia un nuevo curr\u00edculo de religi\u00f3n cat\u00f3lica, cuya primera sesi\u00f3n tuvo lugar en la tarde del martes y en el que participaron, entre otros, el Card. Bagnasco, presidente del Consejo de Conferencias Episcopales Europeas (CCEE) y Alejandro Tiana Ferrer, Secretario de Estado de Educaci\u00f3n.<\/p>\n<p>La Comisi\u00f3n Episcopal para los Laicos, Familia y Vida ha informado sobre la actualizaci\u00f3n del trabajo surgido a partir de las conclusiones del\u00a0<a class=\"rank-math-link\" href=\"https:\/\/www.pueblodediosensalida.com\/\" target=\"_blank\" rel=\"noreferrer noopener\" aria-label=\"Congreso de Laicos Pueblo de Dios (opens in a new tab)\">Congreso de Laicos Pueblo de Dios\u00a0<\/a>en salida y del encuentro virtual que tuvo lugar para celebrar su primer aniversario. Desde la Subcomisi\u00f3n de Familia y Vida se inform\u00f3 de las actividades previstas para la celebraci\u00f3n del A\u00f1o de la Familia convocado por el papa Francisco, que dar\u00e1 comienzo el pr\u00f3ximo 19 de marzo.<\/p>\n<h5><strong>Informaci\u00f3n sobre el trabajo <em>TRECE<\/em>\u00a0y <em>Cope<\/em><\/strong><\/h5>\n<p>Los obispos han recibido informaci\u00f3n sobre el\u00a0trabajo realizado para la constituci\u00f3n de una empresa en que fueran integr\u00e1ndose los medios de comunicaci\u00f3n de la Conferencia Episcopal.\u00a0La constituci\u00f3n de esta empresa en la que participan todas las di\u00f3cesis espa\u00f1olas y otras instituciones religiosas se ha desarrollado en los \u00faltimos meses y el pasado mes de enero entr\u00f3 en funcionamiento la estructura directiva de esta organizaci\u00f3n.<\/p>\n<p>La Comisi\u00f3n Permanente ha aprobado el temario de la Asamblea Plenaria prevista del 19 al 23 de abril.<\/p>\n<h5><strong>Nombramientos en la CEE<\/strong><\/h5>\n<p>La Comisi\u00f3n Permanente ha realizado los siguientes nombramientos de la CEE:<\/p>\n<p>&#8211; Xabier G\u00f3mez Garc\u00eda, O.P., religioso de la Orden de Predicadores, como director del departamento de Migraciones.<\/p>\n<p>&#8211; Gustavo Marcelo Riveiro D\u2019Angelo, sacerdote de la archidi\u00f3cesis de Valencia, como director del departamento de Pastoral del Turismo.<\/p>\n<p>&#8211; Antonio Javier Aranda L\u00f3pez, laico de la di\u00f3cesis de Orihuela-Alicante, como director del departamento de Pastoral del Trabajo.<\/p>\n<p>&#8211; Florencio Rosell\u00f3 Avellanas, O. de M., religioso de la Orden de la Merced, como director del departamento de Pastoral Penitenciaria (renovaci\u00f3n).<\/p>\n<p>&#8211; Jos\u00e9 Luis M\u00e9ndez Gim\u00e9nez, sacerdote de la archidi\u00f3cesis de Madrid, como director del departamento de Pastoral de la Salud (renovaci\u00f3n).<\/p>\n<h5><strong>Renovaci\u00f3n del Presidente y la Secretaria General de C\u00e1ritas<\/strong><\/h5>\n<p>&#8211; Manuel Bret\u00f3n Romero, laico del arzobispado castrense, como Presidente de C\u00e1ritas Espa\u00f1ola (renovaci\u00f3n).<\/p>\n<p>&#8211; Natalia Peiro P\u00e9rez, laica de la archidi\u00f3cesis de Madrid, como Secretaria General de C\u00e1ritas Espa\u00f1ola (renovaci\u00f3n).<\/p>\n<h5><strong>Otros nombramientos<\/strong><\/h5>\n<p>&#8211; Irene Mart\u00edn Ureste, laica de la di\u00f3cesis de Zamora, como Presidenta General de la Asociaci\u00f3n Cristianos sin Fronteras.<\/p>\n<p>&#8211; Santiago Ruiz G\u00f3mez, laico de la di\u00f3cesis de Calahorra y La Calzada-Logro\u00f1o, como Presidente General del \u201cMovimiento Scout Cat\u00f3lico\u201d (MSC).<\/p>\n<p>&#8211; \u00c1lvaro Medina del Campo, laico de la di\u00f3cesis de Getafe, como Presidente Nacional del Movimiento de Apostolado Seglar, Jubilados y Mayores \u201cVida Ascendente\u201d (reelecci\u00f3n).<\/p>\n<p>&#8211; Adem\u00e1s, se ha comunicado a la Comisi\u00f3n Permanente el nombramiento, por parte de la Comisi\u00f3n Episcopal para la Liturgia, de Jes\u00fas Rosillo Pe\u00f1alver, sacerdote de la di\u00f3cesis de Orihuela-Alicante, como consultor t\u00e9cnico y asesor permanente de la Comisi\u00f3n.<\/p>\n<p>Tambi\u00e9n se ha informado del nombramiento, por parte de la Comisi\u00f3n Episcopal para los Laicos, la Familia y Vida, de D.\u00a0V\u00edctor Gregorio Arellano\u00a0como Coordinador Nacional de la \u201cRenovaci\u00f3n Carism\u00e1tica Cat\u00f3lica de Espa\u00f1a\u201d (RCCE), as\u00ed como de la elecci\u00f3n de la Comisi\u00f3n Permanente de dicha Asociaci\u00f3n Privada de Fieles.<\/p>\n","protected":false},"excerpt":{"rendered":"<p>Reunida el 23 y 24 de febrero<\/p>\n","protected":false},"author":15,"featured_media":2093,"comment_status":"closed","ping_status":"closed","sticky":false,"template":"","format":"standard","meta":{"_acf_changed":false,"_crdt_document":"","inline_featured_image":false,"footnotes":""},"categories":[86,74],"tags":[372,371,370,373],"class_list":["post-2075","post","type-post","status-publish","format-standard","has-post-thumbnail","hentry","category-iglesia-local","category-iglesia-y-mundo","tag-25-de-febrero-de-2021","tag-comision-permanente","tag-conferencia-episcopal-espanola-cee","tag-nota-de-prensa"],"acf":[],"yoast_head":"<!-- This site is optimized with the Yoast SEO plugin v27.5 - https:\/\/yoast.com\/product\/yoast-seo-wordpress\/ -->\n<title>Espa\u00f1a: Nota de prensa sobre la Comisi\u00f3n Permanente de CEE - Exaudi<\/title>\n<meta name=\"description\" content=\"Nota de prensa sobre la reuni\u00f3n de la Comisi\u00f3n Permanente de la Conferencia Episcopal de Espa\u00f1a (CEE) los d\u00edas 23 y 24 de febrero de 2021.\" \/>\n<meta name=\"robots\" content=\"index, follow, max-snippet:-1, max-image-preview:large, max-video-preview:-1\" \/>\n<link rel=\"canonical\" href=\"https:\/\/exaudi.org\/es\/espana-nota-prensa-comision-permanente-cee-2021\/\" \/>\n<meta property=\"og:locale\" content=\"es_ES\" \/>\n<meta property=\"og:type\" content=\"article\" \/>\n<meta property=\"og:title\" content=\"Espa\u00f1a: Nota de prensa sobre la Comisi\u00f3n Permanente de CEE - Exaudi\" \/>\n<meta property=\"og:description\" content=\"Nota de prensa sobre la reuni\u00f3n de la Comisi\u00f3n Permanente de la Conferencia Episcopal de Espa\u00f1a (CEE) los d\u00edas 23 y 24 de febrero de 2021.\" \/>\n<meta property=\"og:url\" content=\"https:\/\/exaudi.org\/es\/espana-nota-prensa-comision-permanente-cee-2021\/\" \/>\n<meta property=\"og:site_name\" content=\"Exaudi\" \/>\n<meta property=\"article:publisher\" content=\"https:\/\/www.facebook.com\/ExaudiNews\" \/>\n<meta property=\"article:author\" content=\"https:\/\/www.facebook.com\/ExaudiNoticias\/\" \/>\n<meta property=\"article:published_time\" content=\"2021-02-25T12:59:39+00:00\" \/>\n<meta property=\"article:modified_time\" content=\"2021-03-18T15:42:04+00:00\" \/>\n<meta property=\"og:image\" content=\"https:\/\/exaudi.org\/wp-content\/uploads\/2021\/02\/50978861056_18328a03a7_o.jpg\" \/>\n\t<meta property=\"og:image:width\" content=\"2000\" \/>\n\t<meta property=\"og:image:height\" content=\"1333\" \/>\n\t<meta property=\"og:image:type\" content=\"image\/jpeg\" \/>\n<meta name=\"author\" content=\"Exaudi Redacci\u00f3n\" \/>\n<meta name=\"twitter:card\" content=\"summary_large_image\" \/>\n<meta name=\"twitter:creator\" content=\"@Exaudi_noticias\" \/>\n<meta name=\"twitter:site\" content=\"@Exaudi_News\" \/>\n<meta name=\"twitter:label1\" content=\"Escrito por\" \/>\n\t<meta name=\"twitter:data1\" content=\"Exaudi Redacci\u00f3n\" \/>\n\t<meta name=\"twitter:label2\" content=\"Tiempo de lectura\" \/>\n\t<meta name=\"twitter:data2\" content=\"8 minutos\" \/>\n<script type=\"application\/ld+json\" class=\"yoast-schema-graph\">{\"@context\":\"https:\\\/\\\/schema.org\",\"@graph\":[{\"@type\":\"Article\",\"@id\":\"https:\\\/\\\/exaudi.org\\\/es\\\/espana-nota-prensa-comision-permanente-cee-2021\\\/#article\",\"isPartOf\":{\"@id\":\"https:\\\/\\\/exaudi.org\\\/es\\\/espana-nota-prensa-comision-permanente-cee-2021\\\/\"},\"author\":{\"name\":\"Exaudi Redacci\u00f3n\",\"@id\":\"https:\\\/\\\/exaudi.org\\\/#\\\/schema\\\/person\\\/f5fc8f063065e38742da7afe15f25df7\"},\"headline\":\"Espa\u00f1a: Nota de prensa sobre la Comisi\u00f3n Permanente de la CEE\",\"datePublished\":\"2021-02-25T12:59:39+00:00\",\"dateModified\":\"2021-03-18T15:42:04+00:00\",\"mainEntityOfPage\":{\"@id\":\"https:\\\/\\\/exaudi.org\\\/es\\\/espana-nota-prensa-comision-permanente-cee-2021\\\/\"},\"wordCount\":1788,\"image\":{\"@id\":\"https:\\\/\\\/exaudi.org\\\/es\\\/espana-nota-prensa-comision-permanente-cee-2021\\\/#primaryimage\"},\"thumbnailUrl\":\"https:\\\/\\\/exaudi.org\\\/wp-content\\\/uploads\\\/2021\\\/02\\\/50978861056_18328a03a7_o.jpg\",\"keywords\":[\"25 de febrero de 2021\",\"Comisi\u00f3n Permanente\",\"Conferencia Episcopal Espa\u00f1ola (CEE)\",\"Nota de prensa\"],\"articleSection\":[\"Iglesia Local\",\"Iglesia y Mundo\"],\"inLanguage\":\"es\"},{\"@type\":\"WebPage\",\"@id\":\"https:\\\/\\\/exaudi.org\\\/es\\\/espana-nota-prensa-comision-permanente-cee-2021\\\/\",\"url\":\"https:\\\/\\\/exaudi.org\\\/es\\\/espana-nota-prensa-comision-permanente-cee-2021\\\/\",\"name\":\"Espa\u00f1a: Nota de prensa sobre la Comisi\u00f3n Permanente de CEE - Exaudi\",\"isPartOf\":{\"@id\":\"https:\\\/\\\/exaudi.org\\\/#website\"},\"primaryImageOfPage\":{\"@id\":\"https:\\\/\\\/exaudi.org\\\/es\\\/espana-nota-prensa-comision-permanente-cee-2021\\\/#primaryimage\"},\"image\":{\"@id\":\"https:\\\/\\\/exaudi.org\\\/es\\\/espana-nota-prensa-comision-permanente-cee-2021\\\/#primaryimage\"},\"thumbnailUrl\":\"https:\\\/\\\/exaudi.org\\\/wp-content\\\/uploads\\\/2021\\\/02\\\/50978861056_18328a03a7_o.jpg\",\"datePublished\":\"2021-02-25T12:59:39+00:00\",\"dateModified\":\"2021-03-18T15:42:04+00:00\",\"author\":{\"@id\":\"https:\\\/\\\/exaudi.org\\\/#\\\/schema\\\/person\\\/f5fc8f063065e38742da7afe15f25df7\"},\"description\":\"Nota de prensa sobre la reuni\u00f3n de la Comisi\u00f3n Permanente de la Conferencia Episcopal de Espa\u00f1a (CEE) los d\u00edas 23 y 24 de febrero de 2021.\",\"breadcrumb\":{\"@id\":\"https:\\\/\\\/exaudi.org\\\/es\\\/espana-nota-prensa-comision-permanente-cee-2021\\\/#breadcrumb\"},\"inLanguage\":\"es\",\"potentialAction\":[{\"@type\":\"ReadAction\",\"target\":[\"https:\\\/\\\/exaudi.org\\\/es\\\/espana-nota-prensa-comision-permanente-cee-2021\\\/\"]}]},{\"@type\":\"ImageObject\",\"inLanguage\":\"es\",\"@id\":\"https:\\\/\\\/exaudi.org\\\/es\\\/espana-nota-prensa-comision-permanente-cee-2021\\\/#primaryimage\",\"url\":\"https:\\\/\\\/exaudi.org\\\/wp-content\\\/uploads\\\/2021\\\/02\\\/50978861056_18328a03a7_o.jpg\",\"contentUrl\":\"https:\\\/\\\/exaudi.org\\\/wp-content\\\/uploads\\\/2021\\\/02\\\/50978861056_18328a03a7_o.jpg\",\"width\":2000,\"height\":1333,\"caption\":\"Rueda de prensa de Mons. Arg\u00fcello \u00a9 CEE\"},{\"@type\":\"BreadcrumbList\",\"@id\":\"https:\\\/\\\/exaudi.org\\\/es\\\/espana-nota-prensa-comision-permanente-cee-2021\\\/#breadcrumb\",\"itemListElement\":[{\"@type\":\"ListItem\",\"position\":1,\"name\":\"Portada\",\"item\":\"https:\\\/\\\/exaudi.org\\\/es\\\/\"},{\"@type\":\"ListItem\",\"position\":2,\"name\":\"Espa\u00f1a: Nota de prensa sobre la Comisi\u00f3n Permanente de la CEE\"}]},{\"@type\":\"WebSite\",\"@id\":\"https:\\\/\\\/exaudi.org\\\/#website\",\"url\":\"https:\\\/\\\/exaudi.org\\\/\",\"name\":\"Exaudi\",\"description\":\"News\",\"potentialAction\":[{\"@type\":\"SearchAction\",\"target\":{\"@type\":\"EntryPoint\",\"urlTemplate\":\"https:\\\/\\\/exaudi.org\\\/?s={search_term_string}\"},\"query-input\":{\"@type\":\"PropertyValueSpecification\",\"valueRequired\":true,\"valueName\":\"search_term_string\"}}],\"inLanguage\":\"es\"},{\"@type\":\"Person\",\"@id\":\"https:\\\/\\\/exaudi.org\\\/#\\\/schema\\\/person\\\/f5fc8f063065e38742da7afe15f25df7\",\"name\":\"Exaudi Redacci\u00f3n\",\"image\":{\"@type\":\"ImageObject\",\"inLanguage\":\"es\",\"@id\":\"https:\\\/\\\/secure.gravatar.com\\\/avatar\\\/fe0f6a059fb68d9b3e11bc5850dd4899b1c7492091a3cb6dd9b01b56ad828be2?s=96&d=mm&r=g\",\"url\":\"https:\\\/\\\/secure.gravatar.com\\\/avatar\\\/fe0f6a059fb68d9b3e11bc5850dd4899b1c7492091a3cb6dd9b01b56ad828be2?s=96&d=mm&r=g\",\"contentUrl\":\"https:\\\/\\\/secure.gravatar.com\\\/avatar\\\/fe0f6a059fb68d9b3e11bc5850dd4899b1c7492091a3cb6dd9b01b56ad828be2?s=96&d=mm&r=g\",\"caption\":\"Exaudi Redacci\u00f3n\"},\"description\":\"\u00bfQu\u00e9 es Exaudi News? Exaudi News es un medio de comunicaci\u00f3n cat\u00f3lico internacional que informa, forma y transforma, diariamente en espa\u00f1ol, ingl\u00e9s e italiano. A trav\u00e9s de noticias, art\u00edculos de an\u00e1lisis y transmisiones en directo de los eventos del Papa, Exaudi busca fortalecer la unidad de los cristianos y contribuir a la evangelizaci\u00f3n del mundo, siempre guiados por la doctrina social de la Iglesia. Trabajamos para acercar la verdad y los valores cristianos a cada rinc\u00f3n del planeta. \u00a1Ay\u00fadanos a transformar el mundo con Exaudi! En Exaudi creemos que la evangelizaci\u00f3n y la informaci\u00f3n de calidad pueden cambiar vidas. Para continuar con nuestra misi\u00f3n y expandir nuestro alcance, necesitamos tu ayuda. Adem\u00e1s, buscamos personas comprometidas que deseen unirse a nuestro equipo. Con tu apoyo, lograremos llegar a m\u00e1s personas, difundir el mensaje de Cristo y reforzar la unidad de los cristianos. \u00bfTe unes a nuestra misi\u00f3n? Para m\u00e1s informaci\u00f3n sobre c\u00f3mo colaborar, visita Exaudi.org\\\/es o cont\u00e1ctanos directamente: info@exaudi.org Exaudi: Informa, forma y transforma.\",\"sameAs\":[\"https:\\\/\\\/www.facebook.com\\\/ExaudiNoticias\\\/\",\"https:\\\/\\\/www.instagram.com\\\/exaudi_noticias\\\/\",\"https:\\\/\\\/x.com\\\/Exaudi_noticias\",\"https:\\\/\\\/www.youtube.com\\\/@exaudicatholicnews\"],\"url\":\"https:\\\/\\\/exaudi.org\\\/es\\\/author\\\/redaccionexaudi\\\/\"}]}<\/script>\n<!-- \/ Yoast SEO plugin. -->","yoast_head_json":{"title":"Espa\u00f1a: Nota de prensa sobre la Comisi\u00f3n Permanente de CEE - Exaudi","description":"Nota de prensa sobre la reuni\u00f3n de la Comisi\u00f3n Permanente de la Conferencia Episcopal de Espa\u00f1a (CEE) los d\u00edas 23 y 24 de febrero de 2021.","robots":{"index":"index","follow":"follow","max-snippet":"max-snippet:-1","max-image-preview":"max-image-preview:large","max-video-preview":"max-video-preview:-1"},"canonical":"https:\/\/exaudi.org\/es\/espana-nota-prensa-comision-permanente-cee-2021\/","og_locale":"es_ES","og_type":"article","og_title":"Espa\u00f1a: Nota de prensa sobre la Comisi\u00f3n Permanente de CEE - Exaudi","og_description":"Nota de prensa sobre la reuni\u00f3n de la Comisi\u00f3n Permanente de la Conferencia Episcopal de Espa\u00f1a (CEE) los d\u00edas 23 y 24 de febrero de 2021.","og_url":"https:\/\/exaudi.org\/es\/espana-nota-prensa-comision-permanente-cee-2021\/","og_site_name":"Exaudi","article_publisher":"https:\/\/www.facebook.com\/ExaudiNews","article_author":"https:\/\/www.facebook.com\/ExaudiNoticias\/","article_published_time":"2021-02-25T12:59:39+00:00","article_modified_time":"2021-03-18T15:42:04+00:00","og_image":[{"width":2000,"height":1333,"url":"https:\/\/exaudi.org\/wp-content\/uploads\/2021\/02\/50978861056_18328a03a7_o.jpg","type":"image\/jpeg"}],"author":"Exaudi Redacci\u00f3n","twitter_card":"summary_large_image","twitter_creator":"@Exaudi_noticias","twitter_site":"@Exaudi_News","twitter_misc":{"Escrito por":"Exaudi Redacci\u00f3n","Tiempo de lectura":"8 minutos"},"schema":{"@context":"https:\/\/schema.org","@graph":[{"@type":"Article","@id":"https:\/\/exaudi.org\/es\/espana-nota-prensa-comision-permanente-cee-2021\/#article","isPartOf":{"@id":"https:\/\/exaudi.org\/es\/espana-nota-prensa-comision-permanente-cee-2021\/"},"author":{"name":"Exaudi Redacci\u00f3n","@id":"https:\/\/exaudi.org\/#\/schema\/person\/f5fc8f063065e38742da7afe15f25df7"},"headline":"Espa\u00f1a: Nota de prensa sobre la Comisi\u00f3n Permanente de la CEE","datePublished":"2021-02-25T12:59:39+00:00","dateModified":"2021-03-18T15:42:04+00:00","mainEntityOfPage":{"@id":"https:\/\/exaudi.org\/es\/espana-nota-prensa-comision-permanente-cee-2021\/"},"wordCount":1788,"image":{"@id":"https:\/\/exaudi.org\/es\/espana-nota-prensa-comision-permanente-cee-2021\/#primaryimage"},"thumbnailUrl":"https:\/\/exaudi.org\/wp-content\/uploads\/2021\/02\/50978861056_18328a03a7_o.jpg","keywords":["25 de febrero de 2021","Comisi\u00f3n Permanente","Conferencia Episcopal Espa\u00f1ola (CEE)","Nota de prensa"],"articleSection":["Iglesia Local","Iglesia y Mundo"],"inLanguage":"es"},{"@type":"WebPage","@id":"https:\/\/exaudi.org\/es\/espana-nota-prensa-comision-permanente-cee-2021\/","url":"https:\/\/exaudi.org\/es\/espana-nota-prensa-comision-permanente-cee-2021\/","name":"Espa\u00f1a: Nota de prensa sobre la Comisi\u00f3n Permanente de CEE - Exaudi","isPartOf":{"@id":"https:\/\/exaudi.org\/#website"},"primaryImageOfPage":{"@id":"https:\/\/exaudi.org\/es\/espana-nota-prensa-comision-permanente-cee-2021\/#primaryimage"},"image":{"@id":"https:\/\/exaudi.org\/es\/espana-nota-prensa-comision-permanente-cee-2021\/#primaryimage"},"thumbnailUrl":"https:\/\/exaudi.org\/wp-content\/uploads\/2021\/02\/50978861056_18328a03a7_o.jpg","datePublished":"2021-02-25T12:59:39+00:00","dateModified":"2021-03-18T15:42:04+00:00","author":{"@id":"https:\/\/exaudi.org\/#\/schema\/person\/f5fc8f063065e38742da7afe15f25df7"},"description":"Nota de prensa sobre la reuni\u00f3n de la Comisi\u00f3n Permanente de la Conferencia Episcopal de Espa\u00f1a (CEE) los d\u00edas 23 y 24 de febrero de 2021.","breadcrumb":{"@id":"https:\/\/exaudi.org\/es\/espana-nota-prensa-comision-permanente-cee-2021\/#breadcrumb"},"inLanguage":"es","potentialAction":[{"@type":"ReadAction","target":["https:\/\/exaudi.org\/es\/espana-nota-prensa-comision-permanente-cee-2021\/"]}]},{"@type":"ImageObject","inLanguage":"es","@id":"https:\/\/exaudi.org\/es\/espana-nota-prensa-comision-permanente-cee-2021\/#primaryimage","url":"https:\/\/exaudi.org\/wp-content\/uploads\/2021\/02\/50978861056_18328a03a7_o.jpg","contentUrl":"https:\/\/exaudi.org\/wp-content\/uploads\/2021\/02\/50978861056_18328a03a7_o.jpg","width":2000,"height":1333,"caption":"Rueda de prensa de Mons. Arg\u00fcello \u00a9 CEE"},{"@type":"BreadcrumbList","@id":"https:\/\/exaudi.org\/es\/espana-nota-prensa-comision-permanente-cee-2021\/#breadcrumb","itemListElement":[{"@type":"ListItem","position":1,"name":"Portada","item":"https:\/\/exaudi.org\/es\/"},{"@type":"ListItem","position":2,"name":"Espa\u00f1a: Nota de prensa sobre la Comisi\u00f3n Permanente de la CEE"}]},{"@type":"WebSite","@id":"https:\/\/exaudi.org\/#website","url":"https:\/\/exaudi.org\/","name":"Exaudi","description":"News","potentialAction":[{"@type":"SearchAction","target":{"@type":"EntryPoint","urlTemplate":"https:\/\/exaudi.org\/?s={search_term_string}"},"query-input":{"@type":"PropertyValueSpecification","valueRequired":true,"valueName":"search_term_string"}}],"inLanguage":"es"},{"@type":"Person","@id":"https:\/\/exaudi.org\/#\/schema\/person\/f5fc8f063065e38742da7afe15f25df7","name":"Exaudi Redacci\u00f3n","image":{"@type":"ImageObject","inLanguage":"es","@id":"https:\/\/secure.gravatar.com\/avatar\/fe0f6a059fb68d9b3e11bc5850dd4899b1c7492091a3cb6dd9b01b56ad828be2?s=96&d=mm&r=g","url":"https:\/\/secure.gravatar.com\/avatar\/fe0f6a059fb68d9b3e11bc5850dd4899b1c7492091a3cb6dd9b01b56ad828be2?s=96&d=mm&r=g","contentUrl":"https:\/\/secure.gravatar.com\/avatar\/fe0f6a059fb68d9b3e11bc5850dd4899b1c7492091a3cb6dd9b01b56ad828be2?s=96&d=mm&r=g","caption":"Exaudi Redacci\u00f3n"},"description":"\u00bfQu\u00e9 es Exaudi News? Exaudi News es un medio de comunicaci\u00f3n cat\u00f3lico internacional que informa, forma y transforma, diariamente en espa\u00f1ol, ingl\u00e9s e italiano. A trav\u00e9s de noticias, art\u00edculos de an\u00e1lisis y transmisiones en directo de los eventos del Papa, Exaudi busca fortalecer la unidad de los cristianos y contribuir a la evangelizaci\u00f3n del mundo, siempre guiados por la doctrina social de la Iglesia. Trabajamos para acercar la verdad y los valores cristianos a cada rinc\u00f3n del planeta. \u00a1Ay\u00fadanos a transformar el mundo con Exaudi! En Exaudi creemos que la evangelizaci\u00f3n y la informaci\u00f3n de calidad pueden cambiar vidas. Para continuar con nuestra misi\u00f3n y expandir nuestro alcance, necesitamos tu ayuda. Adem\u00e1s, buscamos personas comprometidas que deseen unirse a nuestro equipo. Con tu apoyo, lograremos llegar a m\u00e1s personas, difundir el mensaje de Cristo y reforzar la unidad de los cristianos. \u00bfTe unes a nuestra misi\u00f3n? Para m\u00e1s informaci\u00f3n sobre c\u00f3mo colaborar, visita Exaudi.org\/es o cont\u00e1ctanos directamente: info@exaudi.org Exaudi: Informa, forma y transforma.","sameAs":["https:\/\/www.facebook.com\/ExaudiNoticias\/","https:\/\/www.instagram.com\/exaudi_noticias\/","https:\/\/x.com\/Exaudi_noticias","https:\/\/www.youtube.com\/@exaudicatholicnews"],"url":"https:\/\/exaudi.org\/es\/author\/redaccionexaudi\/"}]}},"jetpack_featured_media_url":"https:\/\/exaudi.org\/wp-content\/uploads\/2021\/02\/50978861056_18328a03a7_o.jpg","jetpack_shortlink":"https:\/\/wp.me\/pgKjF2-xt","_links":{"self":[{"href":"https:\/\/exaudi.org\/es\/wp-json\/wp\/v2\/posts\/2075","targetHints":{"allow":["GET"]}}],"collection":[{"href":"https:\/\/exaudi.org\/es\/wp-json\/wp\/v2\/posts"}],"about":[{"href":"https:\/\/exaudi.org\/es\/wp-json\/wp\/v2\/types\/post"}],"author":[{"embeddable":true,"href":"https:\/\/exaudi.org\/es\/wp-json\/wp\/v2\/users\/15"}],"replies":[{"embeddable":true,"href":"https:\/\/exaudi.org\/es\/wp-json\/wp\/v2\/comments?post=2075"}],"version-history":[{"count":0,"href":"https:\/\/exaudi.org\/es\/wp-json\/wp\/v2\/posts\/2075\/revisions"}],"wp:featuredmedia":[{"embeddable":true,"href":"https:\/\/exaudi.org\/es\/wp-json\/wp\/v2\/media\/2093"}],"wp:attachment":[{"href":"https:\/\/exaudi.org\/es\/wp-json\/wp\/v2\/media?parent=2075"}],"wp:term":[{"taxonomy":"category","embeddable":true,"href":"https:\/\/exaudi.org\/es\/wp-json\/wp\/v2\/categories?post=2075"},{"taxonomy":"post_tag","embeddable":true,"href":"https:\/\/exaudi.org\/es\/wp-json\/wp\/v2\/tags?post=2075"}],"curies":[{"name":"wp","href":"https:\/\/api.w.org\/{rel}","templated":true}]}}