{"id":20730,"date":"2021-06-04T16:18:49","date_gmt":"2021-06-04T14:18:49","guid":{"rendered":"https:\/\/exaudi.org\/?p=20730"},"modified":"2021-06-07T11:29:15","modified_gmt":"2021-06-07T09:29:15","slug":"papa-francisco-ocupar-el-lugar-de-la-generacion-de-la-restauracion","status":"publish","type":"post","link":"https:\/\/exaudi.org\/es\/papa-francisco-ocupar-el-lugar-de-la-generacion-de-la-restauracion\/","title":{"rendered":"Papa Francisco: Ocupar el lugar de la \u201cgeneraci\u00f3n de la restauraci\u00f3n\u201d"},"content":{"rendered":"<p>El Papa Francisco ha mandado hoy, 4 de junio de 2021, un mensaje con motivo del lanzamiento del <a href=\"https:\/\/www.decadeonrestoration.org\/es\" target=\"_blank\" rel=\"noopener noreferrer\">\u201cDecenio de las Naciones Unidas para la Restauraci\u00f3n de los Ecosistemas para prevenir, detener e invertir la degradaci\u00f3n de los ecosistemas a nivel mundial\u201d<\/a> en el que llama a a \u201cocupar el lugar que nos corresponde como \u2018generaci\u00f3n de la restauraci\u00f3n&#8217;\u201d.<\/p>\n<p>En sus palabras el Santo Padre recuerda que este decenio, que comienza el 5 de junio, \u201cnos invita a comprometernos durante diez a\u00f1os a cuidar nuestra casa com\u00fan \u2018apoyando e intensificando los esfuerzos para prevenir, detener e invertir la degradaci\u00f3n de los ecosistemas en todo el mundo y concienciando sobre la importancia de restaurar con \u00e9xito los ecosistemas\u2019<sup>\u201d<\/sup> y que \u201ctodos somos parte de este don de la creaci\u00f3n. Somos parte de la naturaleza, no estamos separados de ella. Esto es lo que nos dice la Biblia\u201d.<\/p>\n<h4><strong>Responsabilidad de todos<\/strong><\/h4>\n<p>La situaci\u00f3n actual del medio ambiente, continua, \u201cnos llama a actuar ahora con urgencia para convertirnos en administradores cada vez m\u00e1s responsables de la creaci\u00f3n y restaurar la naturaleza que hemos estado da\u00f1ando y explotando durante demasiado tiempo. De lo contrario, corremos el riesgo de destruir la base misma de la que dependemos. Nos arriesgamos a sufrir inundaciones, hambre y graves consecuencias para nosotros y para las generaciones futuras\u201d.<\/p>\n<p>Por tanto, expone Francisco, \u201cdebemos cuidarnos unos a otros y a los m\u00e1s d\u00e9biles. Seguir por este camino de explotaci\u00f3n y destrucci\u00f3n -de los seres humanos, y de la naturaleza- es injusto e insensato. Esto es lo que nos dir\u00eda una conciencia responsable\u201d. \u201cTenemos la responsabilidad de dejar un hogar com\u00fan habitable para nuestros hijos y para las generaciones futuras\u201d.<\/p>\n<h4><strong>Generaci\u00f3n de la restauraci\u00f3n<\/strong><\/h4>\n<p>El Papa se refiere m\u00e1s adelante a las numerosas \u201cadvertencias\u201d que estamos viviendo, \u201centre las que se encuentran la COVID-19 y el calentamiento global, nos empujan a tomar medidas urgentes. Espero que la COP26 sobre el cambio clim\u00e1tico, que se celebrar\u00e1 en Glasgow el pr\u00f3ximo mes de noviembre, contribuya a darnos las respuestas adecuadas para restaurar los ecosistemas, tanto a trav\u00e9s de una acci\u00f3n clim\u00e1tica reforzada como de una concienciaci\u00f3n y sensibilizaci\u00f3n\u201d.<\/p>\n<p>Tambi\u00e9n, destaca, \u201cnos vemos impulsados a repensar nuestras econom\u00edas. Necesitamos \u201cuna reflexi\u00f3n m\u00e1s profunda sobre el sentido de la econom\u00eda y sus objetivos, as\u00ed como una revisi\u00f3n profunda y clarividente del actual modelo de desarrollo, para corregir sus disfunciones y desviaciones\u201d <sup>[7]<\/sup>. La degradaci\u00f3n de los ecosistemas es un claro resultado de la disfunci\u00f3n econ\u00f3mica\u201d.<\/p>\n<p>\u201cRestaurar la naturaleza que hemos da\u00f1ado significa, en primer lugar, restaurarnos a nosotros mismos. Al dar la bienvenida a este Decenio de las Naciones Unidas para la Restauraci\u00f3n de los Ecosistemas, seamos compasivos, creativos y valientes. Que ocupemos el lugar que nos corresponde como \u2018generaci\u00f3n de la restauraci\u00f3n&#8217;\u201d, concluye el Pont\u00edfice.<\/p>\n<p>A continuaci\u00f3n, sigue el texto completo del mensaje del Papa Francisco ofrecido por la Oficina de Prensa de la Santa Sede.<\/p>\n<p><strong>***<\/strong><\/p>\n<h4><strong>Mensaje del Santo Padre<\/strong><\/h4>\n<p><strong>A la Excma. Sra. Inger Andersen, Directora Ejecutiva del PNUMA<\/strong><\/p>\n<p>y al Excmo. Sr. Qu Dongyu, Director General de la FAO<\/p>\n<p>Excelencias,<\/p>\n<p>Ma\u00f1ana celebraremos el D\u00eda Mundial del Medio Ambiente. Esta conmemoraci\u00f3n anual nos anima a recordar que todo est\u00e1 interconectado. Una aut\u00e9ntica \u201cpreocupaci\u00f3n por el medio ambiente [&#8230;] debe ir unida al amor sincero hacia los seres humanos y a un constante compromiso ante los problemas de la sociedad. \u201c[1] La celebraci\u00f3n de ma\u00f1ana, sin embargo, tendr\u00e1 un significado especial, ya que tendr\u00e1 lugar en el a\u00f1o en que comienza el Decenio de las Naciones Unidas para la Restauraci\u00f3n de los Ecosistemas. Este decenio nos invita a un compromiso decenal para el cuidado de nuestra casa com\u00fan, \u201capoyando e intensificando los esfuerzos para prevenir, detener e invertir la degradaci\u00f3n de los ecosistemas en todo el mundo y concienciando sobre la importancia de restaurar con \u00e9xito los ecosistemas\u201d[2].<\/p>\n<p>En la Biblia leemos que \u201cLos cielos cuentan la gloria de Dios\/ la obra de sus manos anuncia el firmamento\/ el d\u00eda al d\u00eda comunica el mensaje\/ y la noche a la noche trasmite la noticia\/No es un mensaje, no hay palabras\/ ni su voz se puede o\u00edr\u201d[3]<\/p>\n<p>Todos somos parte de este don de la creaci\u00f3n. Somos parte de la naturaleza, no estamos separados de ella. Esto es lo que nos dice la Biblia.<\/p>\n<p>La situaci\u00f3n actual del ambiente nos llama a actuar ahora con urgencia para convertirnos en administradores cada vez m\u00e1s responsables de la creaci\u00f3n y restaurar la naturaleza que hemos da\u00f1ando y explotado durante demasiado tiempo. De lo contrario, corremos el riesgo de destruir la base misma de la que dependemos. Nos arriesgamos a sufrir inundaciones, hambre y graves consecuencias para nosotros y para las generaciones futuras. Esto es lo que nos dicen muchos cient\u00edficos.<\/p>\n<p>Tenemos que cuidarnos los unos a los otros, y a los m\u00e1s d\u00e9biles de entre nosotros. Seguir por este camino de explotaci\u00f3n y destrucci\u00f3n -de los seres humanos y de la naturaleza- es injusto e imprudente. Esto es lo que nos dir\u00eda una conciencia responsable.<\/p>\n<p>Tenemos la responsabilidad de dejar una casa com\u00fan habitable para nuestros hijos y para las generaciones futuras.<\/p>\n<p>Sin embargo, cuando miramos a nuestro alrededor, \u00bfqu\u00e9 vemos? Vemos que la crisis lleva a la crisis. Vemos la destrucci\u00f3n de la naturaleza, as\u00ed como una pandemia mundial que conduce a la muerte de millones de personas. Vemos las consecuencias injustas de algunos aspectos de nuestros sistemas econ\u00f3micos actuales y numerosas crisis clim\u00e1ticas catastr\u00f3ficas que producen graves efectos en las sociedades humanas e incluso la extinci\u00f3n masiva de especies.<\/p>\n<p>Y, sin embargo, hay esperanza. \u201cTenemos la libertad necesaria para limitar la t\u00e9cnica, orientarla y colocarla al servicio de otro tipo de progreso m\u00e1s sano, m\u00e1s humano, m\u00e1s social, m\u00e1s integral.\u201d[4].<\/p>\n<p>Asistimos a un nuevo compromiso de varios Estados y actores no gubernamentales: las autoridades locales, el sector privado, la sociedad civil, los j\u00f3venes&#8230; esfuerzos destinados a promover lo que podemos llamar \u201cecolog\u00eda integral\u201d, que es un concepto complejo y multidimensional: exige una visi\u00f3n a largo plazo; pone de relieve la inseparabilidad de \u201cla preocupaci\u00f3n por la naturaleza, la justicia con los pobres, el compromiso con la sociedad y la paz interior. \u201c[5]tiene como objetivo recuperar \u201clos distintos niveles de equilibrio ecol\u00f3gico, estableciendo la armon\u00eda,con uno mismo, con los dem\u00e1s, con la naturaleza y los dem\u00e1s seres vivos, y con Dios\u201d[6].Hace que cada uno de nosotros tome conciencia de su responsabilidad como seres humanos, hacia nosotros mismos, hacia el pr\u00f3jimo, hacia la creaci\u00f3n y hacia el Creador.<\/p>\n<p>Sin embargo, sabemos que tenemos poco tiempo -los cient\u00edficos dicen que los pr\u00f3ximos diez a\u00f1os, el lapso de este Decenio de la ONU- para restaurar el ecosistema, lo que significa la restauraci\u00f3n integral de nuestra relaci\u00f3n con la naturaleza.<\/p>\n<p>Las numerosas \u201cadvertencias\u201d que estamos viviendo, entre las que destacan la Covid-19 y el calentamiento global, nos empujan a tomar medidas urgentes. Espero que la COP26 sobre el cambio clim\u00e1tico, que se celebrar\u00e1 en Glasgow el pr\u00f3ximo mes de noviembre, contribuya a darnos las respuestas adecuadas para restaurar los ecosistemas, tanto a trav\u00e9s de una acci\u00f3n clim\u00e1tica reforzada como de la difusi\u00f3n de la conciencia y la sensibilizaci\u00f3n.<\/p>\n<p>Tambi\u00e9n nos vemos impulsados a repensar nuestras econom\u00edas. Necesitamos \u201c\u00abuna nueva y m\u00e1s profunda reflexi\u00f3n sobre el sentido de la econom\u00eda y de sus fines adem\u00e1s de una honda revisi\u00f3n con amplitud de miras del modelo de desarrollo, para corregir sus disfunciones y desviaciones\u201d[7]La degradaci\u00f3n de los ecosistemas es un claro resultado de la disfunci\u00f3n econ\u00f3mica.<\/p>\n<p>Recuperar la naturaleza que hemos da\u00f1ado significa, en primer lugar, recuperarnos a nosotros mismos. Al dar la bienvenida a este Decenio de las Naciones Unidas para la Recuperaci\u00f3n de los Ecosistemas, seamos compasivos, creativos y valientes. Que ocupemos el lugar que nos corresponde como \u201cGeneraci\u00f3n de la Recuperaci\u00f3n\u201d.<\/p>\n<p>Desde el Vaticano, 27 de mayo de 2021<\/p>\n<p>FRANCISCO<\/p>\n<p>______________<\/p>\n<p>1] Carta Enc\u00edclica\u00a0<em>Laudato si&#8217;<\/em>(24 de mayo de 2015), 91.<\/p>\n<p>[2] Resoluci\u00f3n 73\/284 de la AGNU aprobada el 1 de marzo de 2019: \u201cDecenio de las Naciones Unidas para la Restauraci\u00f3n de los Ecosistemas (2021-2030), op. 1.<\/p>\n<p>[3] Salmo19: 1-3.<\/p>\n<p>[4] Carta Enc\u00edclica\u00a0<em>Laudato si&#8217;<\/em>(24 de mayo de 2015), 112.<\/p>\n<p>5] Ib\u00eddem, 10.<\/p>\n<p>6] Ib\u00eddem, 210.<\/p>\n<p>7] Benedicto XVI, Carta enc\u00edclica\u00a0<em>Caritas in veritate\u00a0<\/em>(29 de junio de 2009), 32.<\/p>\n<p><strong>\u00a9 Librer\u00eda Editora Vaticana<\/strong><\/p>\n","protected":false},"excerpt":{"rendered":"<p>Mensaje por Decenio de la ONU para la Restauraci\u00f3n de los Ecosistemas<\/p>\n","protected":false},"author":5,"featured_media":20732,"comment_status":"open","ping_status":"open","sticky":false,"template":"","format":"standard","meta":{"_acf_changed":false,"_crdt_document":"","inline_featured_image":false,"footnotes":""},"categories":[80,68,118,298],"tags":[1857,1851,158],"class_list":["post-20730","post","type-post","status-publish","format-standard","has-post-thumbnail","hentry","category-ecologia-es","category-leon-xiv","category-mensajes","category-ultimas-noticias","tag-naciones-unidas","tag-onu-es","tag-papa-francisco"],"acf":[],"yoast_head":"<!-- This site is optimized with the Yoast SEO plugin v27.5 - https:\/\/yoast.com\/product\/yoast-seo-wordpress\/ -->\n<title>Papa Francisco: Ocupar el lugar de la \u201cgeneraci\u00f3n de la restauraci\u00f3n\u201d &#8211; Exaudi<\/title>\n<meta name=\"description\" content=\"Mensaje del Papa para el &quot;Decenio de la ONU para la Restauraci\u00f3n de los Ecosistemas&quot;, ocupar el lugar de &quot;generaci\u00f3n de la restauraci\u00f3n&quot;\" \/>\n<meta name=\"robots\" content=\"index, follow, max-snippet:-1, max-image-preview:large, max-video-preview:-1\" \/>\n<link rel=\"canonical\" href=\"https:\/\/exaudi.org\/es\/papa-francisco-ocupar-el-lugar-de-la-generacion-de-la-restauracion\/\" \/>\n<meta property=\"og:locale\" content=\"es_ES\" \/>\n<meta property=\"og:type\" content=\"article\" \/>\n<meta property=\"og:title\" content=\"Papa Francisco: Ocupar el lugar de la \u201cgeneraci\u00f3n de la restauraci\u00f3n\u201d &#8211; Exaudi\" \/>\n<meta property=\"og:description\" content=\"Mensaje del Papa para el &quot;Decenio de la ONU para la Restauraci\u00f3n de los Ecosistemas&quot;, ocupar el lugar de &quot;generaci\u00f3n de la restauraci\u00f3n&quot;\" \/>\n<meta property=\"og:url\" content=\"https:\/\/exaudi.org\/es\/papa-francisco-ocupar-el-lugar-de-la-generacion-de-la-restauracion\/\" \/>\n<meta property=\"og:site_name\" content=\"Exaudi\" \/>\n<meta property=\"article:publisher\" content=\"https:\/\/www.facebook.com\/ExaudiNews\" \/>\n<meta property=\"article:published_time\" content=\"2021-06-04T14:18:49+00:00\" \/>\n<meta property=\"article:modified_time\" content=\"2021-06-07T09:29:15+00:00\" \/>\n<meta property=\"og:image\" content=\"https:\/\/exaudi.org\/wp-content\/uploads\/2021\/06\/landscape-nature-grass-horizon-plant-sky-10712-pxhere.com_-scaled.jpg\" \/>\n\t<meta property=\"og:image:width\" content=\"2560\" \/>\n\t<meta property=\"og:image:height\" content=\"1920\" \/>\n\t<meta property=\"og:image:type\" content=\"image\/jpeg\" \/>\n<meta name=\"author\" content=\"Larissa I. L\u00f3pez\" \/>\n<meta name=\"twitter:card\" content=\"summary_large_image\" \/>\n<meta name=\"twitter:creator\" content=\"@Exaudi_News\" \/>\n<meta name=\"twitter:site\" content=\"@Exaudi_News\" \/>\n<meta name=\"twitter:label1\" content=\"Escrito por\" \/>\n\t<meta name=\"twitter:data1\" content=\"Larissa I. L\u00f3pez\" \/>\n\t<meta name=\"twitter:label2\" content=\"Tiempo de lectura\" \/>\n\t<meta name=\"twitter:data2\" content=\"6 minutos\" \/>\n<script type=\"application\/ld+json\" class=\"yoast-schema-graph\">{\"@context\":\"https:\\\/\\\/schema.org\",\"@graph\":[{\"@type\":\"Article\",\"@id\":\"https:\\\/\\\/exaudi.org\\\/es\\\/papa-francisco-ocupar-el-lugar-de-la-generacion-de-la-restauracion\\\/#article\",\"isPartOf\":{\"@id\":\"https:\\\/\\\/exaudi.org\\\/es\\\/papa-francisco-ocupar-el-lugar-de-la-generacion-de-la-restauracion\\\/\"},\"author\":{\"name\":\"Larissa I. L\u00f3pez\",\"@id\":\"https:\\\/\\\/exaudi.org\\\/#\\\/schema\\\/person\\\/7d2f77db033c2c0929edfab6dbe8c588\"},\"headline\":\"Papa Francisco: Ocupar el lugar de la \u201cgeneraci\u00f3n de la restauraci\u00f3n\u201d\",\"datePublished\":\"2021-06-04T14:18:49+00:00\",\"dateModified\":\"2021-06-07T09:29:15+00:00\",\"mainEntityOfPage\":{\"@id\":\"https:\\\/\\\/exaudi.org\\\/es\\\/papa-francisco-ocupar-el-lugar-de-la-generacion-de-la-restauracion\\\/\"},\"wordCount\":1475,\"commentCount\":0,\"image\":{\"@id\":\"https:\\\/\\\/exaudi.org\\\/es\\\/papa-francisco-ocupar-el-lugar-de-la-generacion-de-la-restauracion\\\/#primaryimage\"},\"thumbnailUrl\":\"https:\\\/\\\/exaudi.org\\\/wp-content\\\/uploads\\\/2021\\\/06\\\/landscape-nature-grass-horizon-plant-sky-10712-pxhere.com_-scaled.jpg\",\"keywords\":[\"Naciones Unidas\",\"Onu\",\"papa francisco\"],\"articleSection\":[\"Ecolog\u00eda\",\"Le\u00f3n XIV\",\"Mensajes\",\"\u00daltimas noticias\"],\"inLanguage\":\"es\",\"potentialAction\":[{\"@type\":\"CommentAction\",\"name\":\"Comment\",\"target\":[\"https:\\\/\\\/exaudi.org\\\/es\\\/papa-francisco-ocupar-el-lugar-de-la-generacion-de-la-restauracion\\\/#respond\"]}]},{\"@type\":\"WebPage\",\"@id\":\"https:\\\/\\\/exaudi.org\\\/es\\\/papa-francisco-ocupar-el-lugar-de-la-generacion-de-la-restauracion\\\/\",\"url\":\"https:\\\/\\\/exaudi.org\\\/es\\\/papa-francisco-ocupar-el-lugar-de-la-generacion-de-la-restauracion\\\/\",\"name\":\"Papa Francisco: Ocupar el lugar de la \u201cgeneraci\u00f3n de la restauraci\u00f3n\u201d &#8211; Exaudi\",\"isPartOf\":{\"@id\":\"https:\\\/\\\/exaudi.org\\\/#website\"},\"primaryImageOfPage\":{\"@id\":\"https:\\\/\\\/exaudi.org\\\/es\\\/papa-francisco-ocupar-el-lugar-de-la-generacion-de-la-restauracion\\\/#primaryimage\"},\"image\":{\"@id\":\"https:\\\/\\\/exaudi.org\\\/es\\\/papa-francisco-ocupar-el-lugar-de-la-generacion-de-la-restauracion\\\/#primaryimage\"},\"thumbnailUrl\":\"https:\\\/\\\/exaudi.org\\\/wp-content\\\/uploads\\\/2021\\\/06\\\/landscape-nature-grass-horizon-plant-sky-10712-pxhere.com_-scaled.jpg\",\"datePublished\":\"2021-06-04T14:18:49+00:00\",\"dateModified\":\"2021-06-07T09:29:15+00:00\",\"author\":{\"@id\":\"https:\\\/\\\/exaudi.org\\\/#\\\/schema\\\/person\\\/7d2f77db033c2c0929edfab6dbe8c588\"},\"description\":\"Mensaje del Papa para el \\\"Decenio de la ONU para la Restauraci\u00f3n de los Ecosistemas\\\", ocupar el lugar de \\\"generaci\u00f3n de la restauraci\u00f3n\\\"\",\"breadcrumb\":{\"@id\":\"https:\\\/\\\/exaudi.org\\\/es\\\/papa-francisco-ocupar-el-lugar-de-la-generacion-de-la-restauracion\\\/#breadcrumb\"},\"inLanguage\":\"es\",\"potentialAction\":[{\"@type\":\"ReadAction\",\"target\":[\"https:\\\/\\\/exaudi.org\\\/es\\\/papa-francisco-ocupar-el-lugar-de-la-generacion-de-la-restauracion\\\/\"]}]},{\"@type\":\"ImageObject\",\"inLanguage\":\"es\",\"@id\":\"https:\\\/\\\/exaudi.org\\\/es\\\/papa-francisco-ocupar-el-lugar-de-la-generacion-de-la-restauracion\\\/#primaryimage\",\"url\":\"https:\\\/\\\/exaudi.org\\\/wp-content\\\/uploads\\\/2021\\\/06\\\/landscape-nature-grass-horizon-plant-sky-10712-pxhere.com_-scaled.jpg\",\"contentUrl\":\"https:\\\/\\\/exaudi.org\\\/wp-content\\\/uploads\\\/2021\\\/06\\\/landscape-nature-grass-horizon-plant-sky-10712-pxhere.com_-scaled.jpg\",\"width\":2560,\"height\":1920,\"caption\":\"Naturaleza \u00a9 Pxhere\"},{\"@type\":\"BreadcrumbList\",\"@id\":\"https:\\\/\\\/exaudi.org\\\/es\\\/papa-francisco-ocupar-el-lugar-de-la-generacion-de-la-restauracion\\\/#breadcrumb\",\"itemListElement\":[{\"@type\":\"ListItem\",\"position\":1,\"name\":\"Portada\",\"item\":\"https:\\\/\\\/exaudi.org\\\/es\\\/\"},{\"@type\":\"ListItem\",\"position\":2,\"name\":\"Papa Francisco: Ocupar el lugar de la \u201cgeneraci\u00f3n de la restauraci\u00f3n\u201d\"}]},{\"@type\":\"WebSite\",\"@id\":\"https:\\\/\\\/exaudi.org\\\/#website\",\"url\":\"https:\\\/\\\/exaudi.org\\\/\",\"name\":\"Exaudi\",\"description\":\"News\",\"potentialAction\":[{\"@type\":\"SearchAction\",\"target\":{\"@type\":\"EntryPoint\",\"urlTemplate\":\"https:\\\/\\\/exaudi.org\\\/?s={search_term_string}\"},\"query-input\":{\"@type\":\"PropertyValueSpecification\",\"valueRequired\":true,\"valueName\":\"search_term_string\"}}],\"inLanguage\":\"es\"},{\"@type\":\"Person\",\"@id\":\"https:\\\/\\\/exaudi.org\\\/#\\\/schema\\\/person\\\/7d2f77db033c2c0929edfab6dbe8c588\",\"name\":\"Larissa I. L\u00f3pez\",\"image\":{\"@type\":\"ImageObject\",\"inLanguage\":\"es\",\"@id\":\"https:\\\/\\\/secure.gravatar.com\\\/avatar\\\/db3ef399ff343d0bb9d25dc5198bc8ece5ac6d621eca79876697a354dabc1e3f?s=96&d=mm&r=g\",\"url\":\"https:\\\/\\\/secure.gravatar.com\\\/avatar\\\/db3ef399ff343d0bb9d25dc5198bc8ece5ac6d621eca79876697a354dabc1e3f?s=96&d=mm&r=g\",\"contentUrl\":\"https:\\\/\\\/secure.gravatar.com\\\/avatar\\\/db3ef399ff343d0bb9d25dc5198bc8ece5ac6d621eca79876697a354dabc1e3f?s=96&d=mm&r=g\",\"caption\":\"Larissa I. L\u00f3pez\"},\"description\":\"Doctora en Comunicaci\u00f3n. Mi trayectoria profesional ha transcurrido entre el \u00e1mbito de la comunicaci\u00f3n y el de la docencia. En los \u00faltimos a\u00f1os, he trabajado como coordinadora y redactora de la edici\u00f3n de ZENIT en espa\u00f1ol. Como profesora, he impartido clases en la universidad y en centros de FP y bachillerato. Cordobesa de nacimiento, tambi\u00e9n he vivido en Sevilla, Madrid y Roma\",\"url\":\"https:\\\/\\\/exaudi.org\\\/es\\\/author\\\/llopezexaudi-org\\\/\"}]}<\/script>\n<!-- \/ Yoast SEO plugin. -->","yoast_head_json":{"title":"Papa Francisco: Ocupar el lugar de la \u201cgeneraci\u00f3n de la restauraci\u00f3n\u201d &#8211; Exaudi","description":"Mensaje del Papa para el \"Decenio de la ONU para la Restauraci\u00f3n de los Ecosistemas\", ocupar el lugar de \"generaci\u00f3n de la restauraci\u00f3n\"","robots":{"index":"index","follow":"follow","max-snippet":"max-snippet:-1","max-image-preview":"max-image-preview:large","max-video-preview":"max-video-preview:-1"},"canonical":"https:\/\/exaudi.org\/es\/papa-francisco-ocupar-el-lugar-de-la-generacion-de-la-restauracion\/","og_locale":"es_ES","og_type":"article","og_title":"Papa Francisco: Ocupar el lugar de la \u201cgeneraci\u00f3n de la restauraci\u00f3n\u201d &#8211; Exaudi","og_description":"Mensaje del Papa para el \"Decenio de la ONU para la Restauraci\u00f3n de los Ecosistemas\", ocupar el lugar de \"generaci\u00f3n de la restauraci\u00f3n\"","og_url":"https:\/\/exaudi.org\/es\/papa-francisco-ocupar-el-lugar-de-la-generacion-de-la-restauracion\/","og_site_name":"Exaudi","article_publisher":"https:\/\/www.facebook.com\/ExaudiNews","article_published_time":"2021-06-04T14:18:49+00:00","article_modified_time":"2021-06-07T09:29:15+00:00","og_image":[{"width":2560,"height":1920,"url":"https:\/\/exaudi.org\/wp-content\/uploads\/2021\/06\/landscape-nature-grass-horizon-plant-sky-10712-pxhere.com_-scaled.jpg","type":"image\/jpeg"}],"author":"Larissa I. L\u00f3pez","twitter_card":"summary_large_image","twitter_creator":"@Exaudi_News","twitter_site":"@Exaudi_News","twitter_misc":{"Escrito por":"Larissa I. L\u00f3pez","Tiempo de lectura":"6 minutos"},"schema":{"@context":"https:\/\/schema.org","@graph":[{"@type":"Article","@id":"https:\/\/exaudi.org\/es\/papa-francisco-ocupar-el-lugar-de-la-generacion-de-la-restauracion\/#article","isPartOf":{"@id":"https:\/\/exaudi.org\/es\/papa-francisco-ocupar-el-lugar-de-la-generacion-de-la-restauracion\/"},"author":{"name":"Larissa I. L\u00f3pez","@id":"https:\/\/exaudi.org\/#\/schema\/person\/7d2f77db033c2c0929edfab6dbe8c588"},"headline":"Papa Francisco: Ocupar el lugar de la \u201cgeneraci\u00f3n de la restauraci\u00f3n\u201d","datePublished":"2021-06-04T14:18:49+00:00","dateModified":"2021-06-07T09:29:15+00:00","mainEntityOfPage":{"@id":"https:\/\/exaudi.org\/es\/papa-francisco-ocupar-el-lugar-de-la-generacion-de-la-restauracion\/"},"wordCount":1475,"commentCount":0,"image":{"@id":"https:\/\/exaudi.org\/es\/papa-francisco-ocupar-el-lugar-de-la-generacion-de-la-restauracion\/#primaryimage"},"thumbnailUrl":"https:\/\/exaudi.org\/wp-content\/uploads\/2021\/06\/landscape-nature-grass-horizon-plant-sky-10712-pxhere.com_-scaled.jpg","keywords":["Naciones Unidas","Onu","papa francisco"],"articleSection":["Ecolog\u00eda","Le\u00f3n XIV","Mensajes","\u00daltimas noticias"],"inLanguage":"es","potentialAction":[{"@type":"CommentAction","name":"Comment","target":["https:\/\/exaudi.org\/es\/papa-francisco-ocupar-el-lugar-de-la-generacion-de-la-restauracion\/#respond"]}]},{"@type":"WebPage","@id":"https:\/\/exaudi.org\/es\/papa-francisco-ocupar-el-lugar-de-la-generacion-de-la-restauracion\/","url":"https:\/\/exaudi.org\/es\/papa-francisco-ocupar-el-lugar-de-la-generacion-de-la-restauracion\/","name":"Papa Francisco: Ocupar el lugar de la \u201cgeneraci\u00f3n de la restauraci\u00f3n\u201d &#8211; Exaudi","isPartOf":{"@id":"https:\/\/exaudi.org\/#website"},"primaryImageOfPage":{"@id":"https:\/\/exaudi.org\/es\/papa-francisco-ocupar-el-lugar-de-la-generacion-de-la-restauracion\/#primaryimage"},"image":{"@id":"https:\/\/exaudi.org\/es\/papa-francisco-ocupar-el-lugar-de-la-generacion-de-la-restauracion\/#primaryimage"},"thumbnailUrl":"https:\/\/exaudi.org\/wp-content\/uploads\/2021\/06\/landscape-nature-grass-horizon-plant-sky-10712-pxhere.com_-scaled.jpg","datePublished":"2021-06-04T14:18:49+00:00","dateModified":"2021-06-07T09:29:15+00:00","author":{"@id":"https:\/\/exaudi.org\/#\/schema\/person\/7d2f77db033c2c0929edfab6dbe8c588"},"description":"Mensaje del Papa para el \"Decenio de la ONU para la Restauraci\u00f3n de los Ecosistemas\", ocupar el lugar de \"generaci\u00f3n de la restauraci\u00f3n\"","breadcrumb":{"@id":"https:\/\/exaudi.org\/es\/papa-francisco-ocupar-el-lugar-de-la-generacion-de-la-restauracion\/#breadcrumb"},"inLanguage":"es","potentialAction":[{"@type":"ReadAction","target":["https:\/\/exaudi.org\/es\/papa-francisco-ocupar-el-lugar-de-la-generacion-de-la-restauracion\/"]}]},{"@type":"ImageObject","inLanguage":"es","@id":"https:\/\/exaudi.org\/es\/papa-francisco-ocupar-el-lugar-de-la-generacion-de-la-restauracion\/#primaryimage","url":"https:\/\/exaudi.org\/wp-content\/uploads\/2021\/06\/landscape-nature-grass-horizon-plant-sky-10712-pxhere.com_-scaled.jpg","contentUrl":"https:\/\/exaudi.org\/wp-content\/uploads\/2021\/06\/landscape-nature-grass-horizon-plant-sky-10712-pxhere.com_-scaled.jpg","width":2560,"height":1920,"caption":"Naturaleza \u00a9 Pxhere"},{"@type":"BreadcrumbList","@id":"https:\/\/exaudi.org\/es\/papa-francisco-ocupar-el-lugar-de-la-generacion-de-la-restauracion\/#breadcrumb","itemListElement":[{"@type":"ListItem","position":1,"name":"Portada","item":"https:\/\/exaudi.org\/es\/"},{"@type":"ListItem","position":2,"name":"Papa Francisco: Ocupar el lugar de la \u201cgeneraci\u00f3n de la restauraci\u00f3n\u201d"}]},{"@type":"WebSite","@id":"https:\/\/exaudi.org\/#website","url":"https:\/\/exaudi.org\/","name":"Exaudi","description":"News","potentialAction":[{"@type":"SearchAction","target":{"@type":"EntryPoint","urlTemplate":"https:\/\/exaudi.org\/?s={search_term_string}"},"query-input":{"@type":"PropertyValueSpecification","valueRequired":true,"valueName":"search_term_string"}}],"inLanguage":"es"},{"@type":"Person","@id":"https:\/\/exaudi.org\/#\/schema\/person\/7d2f77db033c2c0929edfab6dbe8c588","name":"Larissa I. L\u00f3pez","image":{"@type":"ImageObject","inLanguage":"es","@id":"https:\/\/secure.gravatar.com\/avatar\/db3ef399ff343d0bb9d25dc5198bc8ece5ac6d621eca79876697a354dabc1e3f?s=96&d=mm&r=g","url":"https:\/\/secure.gravatar.com\/avatar\/db3ef399ff343d0bb9d25dc5198bc8ece5ac6d621eca79876697a354dabc1e3f?s=96&d=mm&r=g","contentUrl":"https:\/\/secure.gravatar.com\/avatar\/db3ef399ff343d0bb9d25dc5198bc8ece5ac6d621eca79876697a354dabc1e3f?s=96&d=mm&r=g","caption":"Larissa I. L\u00f3pez"},"description":"Doctora en Comunicaci\u00f3n. Mi trayectoria profesional ha transcurrido entre el \u00e1mbito de la comunicaci\u00f3n y el de la docencia. En los \u00faltimos a\u00f1os, he trabajado como coordinadora y redactora de la edici\u00f3n de ZENIT en espa\u00f1ol. Como profesora, he impartido clases en la universidad y en centros de FP y bachillerato. Cordobesa de nacimiento, tambi\u00e9n he vivido en Sevilla, Madrid y Roma","url":"https:\/\/exaudi.org\/es\/author\/llopezexaudi-org\/"}]}},"jetpack_featured_media_url":"https:\/\/exaudi.org\/wp-content\/uploads\/2021\/06\/landscape-nature-grass-horizon-plant-sky-10712-pxhere.com_-scaled.jpg","jetpack_shortlink":"https:\/\/wp.me\/pgKjF2-5om","_links":{"self":[{"href":"https:\/\/exaudi.org\/es\/wp-json\/wp\/v2\/posts\/20730","targetHints":{"allow":["GET"]}}],"collection":[{"href":"https:\/\/exaudi.org\/es\/wp-json\/wp\/v2\/posts"}],"about":[{"href":"https:\/\/exaudi.org\/es\/wp-json\/wp\/v2\/types\/post"}],"author":[{"embeddable":true,"href":"https:\/\/exaudi.org\/es\/wp-json\/wp\/v2\/users\/5"}],"replies":[{"embeddable":true,"href":"https:\/\/exaudi.org\/es\/wp-json\/wp\/v2\/comments?post=20730"}],"version-history":[{"count":0,"href":"https:\/\/exaudi.org\/es\/wp-json\/wp\/v2\/posts\/20730\/revisions"}],"wp:featuredmedia":[{"embeddable":true,"href":"https:\/\/exaudi.org\/es\/wp-json\/wp\/v2\/media\/20732"}],"wp:attachment":[{"href":"https:\/\/exaudi.org\/es\/wp-json\/wp\/v2\/media?parent=20730"}],"wp:term":[{"taxonomy":"category","embeddable":true,"href":"https:\/\/exaudi.org\/es\/wp-json\/wp\/v2\/categories?post=20730"},{"taxonomy":"post_tag","embeddable":true,"href":"https:\/\/exaudi.org\/es\/wp-json\/wp\/v2\/tags?post=20730"}],"curies":[{"name":"wp","href":"https:\/\/api.w.org\/{rel}","templated":true}]}}