{"id":20602,"date":"2021-06-04T11:24:22","date_gmt":"2021-06-04T09:24:22","guid":{"rendered":"https:\/\/exaudi.org\/?p=20602"},"modified":"2021-06-07T10:42:12","modified_gmt":"2021-06-07T08:42:12","slug":"estados-unidos-asamblea-emergencia-migracion-2021","status":"publish","type":"post","link":"https:\/\/exaudi.org\/es\/estados-unidos-asamblea-emergencia-migracion-2021\/","title":{"rendered":"Estados Unidos: Asamblea de emergencia por migraci\u00f3n"},"content":{"rendered":"<p>El pasado martes 1 de junio de 2021 tuvo lugar el primer d\u00eda de trabajos de la asamblea de emergencia sobre migraci\u00f3n de los <a href=\"https:\/\/exaudi.org\/es\/estados-unidos-obispos-condenan-ataques-antisemitas\/\" target=\"_blank\" rel=\"noopener noreferrer\">obispos de Estados Unidos<\/a> en el Seminario Mudelein, Chicago, acto en el que participaron tambi\u00e9n prelados de M\u00e9xico y Centroam\u00e9rica, as\u00ed inform\u00f3 ayer, 3 de junio de 2021, la di\u00f3cesis de Tucson.<\/p>\n<p>El encuentro, que reuni\u00f3 a m\u00e1s de 20 prelados, representantes de la Santa Sede y l\u00edderes de organizaciones cat\u00f3licas, presenta el objetivo es dise\u00f1ar una respuesta para acoger a inmigrantes por parte de miembros de la Iglesia cat\u00f3lica en sus respectivas. Tambi\u00e9n se pretende involucrar en el dialogo a obispos de Centroam\u00e9rica y M\u00e9xico. Durante la apertura, se leyeron, en una mesa de s\u00faplicas frente a una estatua de Nuestra Se\u00f1ora de Guadalupe, algunas oraciones escritas por ni\u00f1os migrantes.<\/p>\n<h4><strong>Uni\u00f3n m\u00e1s all\u00e1 de las fronteras<\/strong><\/h4>\n<p>\u201cVeamos c\u00f3mo podemos unirnos m\u00e1s all\u00e1 de las fronteras, colaborar en nuestros diferentes roles, responsabilidades, y ministerios, levantar nuevamente la voz moral de la iglesia con quienes toman decisiones en este momento cr\u00edtico en defensa de los derechos y la dignidad de aquellos que se ven obligados a huir\u201d, expres\u00f3 el obispo de El Paso, Texas, Mons. Mark J. Seitz.<\/p>\n<p>El prelado a\u00f1adi\u00f3 que \u201ceste es un momento decisivo para nosotros. Este momento invita a una respuesta audaz de la iglesia, basada en el esp\u00edritu y en la fidelidad al Evangelio\u201d, y que, \u201cas\u00ed como no podemos cerrar los ojos ante la maldad del aborto, de igual forma no podemos cerrar los ojos ante el sufrimiento de nuestros hermanos y hermanas inmigrantes y el desprecio por sus derechos humanos\u201d.<\/p>\n<p>Mons. Seitz declar\u00f3 que la sociedad, incluido el gobierno, esperaba que la iglesia proporcionara una br\u00fajula moral para enfrentar los desaf\u00edos que presenta la inmigraci\u00f3n: \u201cCreo que existe la oportunidad de dejar de lado las viejas formas fallidas de responder a la migraci\u00f3n con barreras y armas de guerra (&#8230;) Es hora de buscar nuevos caminos y comprensi\u00f3n del lugar de la migraci\u00f3n dentro de la historia humana\u201d.<\/p>\n<h4><strong>Camino de solidaridad<\/strong><\/h4>\n<p>Monse\u00f1or Jos\u00e9 H. G\u00f3mez, presidente de la <a href=\"https:\/\/www.usccb.org\/es\" target=\"_blank\" rel=\"noopener noreferrer\">Conferencia de Obispos Cat\u00f3licos de Estados Unidos<\/a> (USCCB), manifest\u00f3 la necesidad de \u201cencontrar un camino a seguir que est\u00e9 arraigado en la solidaridad y la fraternidad y que respete los derechos y la dignidad de todo migrante como hijo de Dios hecho a su imagen\u201d.<\/p>\n<p>\u201cEntonces, mientras reflexionamos, estoy seguro de que veremos que no podemos ser indiferentes ante los sufrimientos del inmigrante, del refugiado, o de cualquier otro necesitado\u2026Tenemos el deber de cuidarnos unos a otros, para llorar con aquellos que lloran y para levantar a aquellos que han ca\u00eddo\u201d, apunt\u00f3.<\/p>\n<h4><strong>La inmigraci\u00f3n se pasa por alto<\/strong><\/h4>\n<p>Tal y como indica la nota, en su intervenci\u00f3n, Mons. Charbonneau se detuvo a mirar la mesa llena de oraciones de los ni\u00f1os, y dijo que \u201cno podemos ignorar esta realidad\u201d, y que que la inmigraci\u00f3n, entre tantos problemas inmediatos que enfrenta Centroam\u00e9rica, es un tema que se pasa por alto.<\/p>\n<p>El obispo Dorsonville, presidente del Comit\u00e9 de Migraci\u00f3n de la USCCB, afirm\u00f3 que esperaba una mejor comunicaci\u00f3n y cooperaci\u00f3n con los obispos de la regi\u00f3n porque, as\u00ed como las personas tienen derecho a migrar, tambi\u00e9n tienen derecho a poder permanecer en sus pa\u00edses de origen.<\/p>\n<p>En su homil\u00eda en la Misa de apertura antes de la reuni\u00f3n, el cardenal Cupich pidi\u00f3 a los prelados que consideraran c\u00f3mo llevar los mensajes recopilados de la reuni\u00f3n a sus respectivas regiones porque se necesitar\u00e1 la ayuda de otras di\u00f3cesis de Estados Unidos para dar a inmigrantes la bienvenida que se merecen. Tambi\u00e9n exhort\u00f3 a la cooperaci\u00f3n con los funcionarios del gobierno para trabajar en el tema.<\/p>\n<p>\u201cNosotros tambi\u00e9n tenemos que respetarlos. Nosotros tambi\u00e9n tenemos que pensar lo mejor de ellos y, sin embargo, al mismo tiempo, no permitirnos estar descontentos, no esperar lo peor, incluso cuando nos decepcionen\u201d, remarc\u00f3.<\/p>\n<h4><strong>Participaci\u00f3n<\/strong><\/h4>\n<p>En la reuni\u00f3n estaban presentes los cardenales estadounidenses Blase J. Cupich de Chicago y Joseph W. Tobin de Newark, Nueva Jersey; el obispo auxiliar Mario E. Dorsonville, de Washington; Mons. Oscar Cant\u00fa, obispo de San Jos\u00e9, California; Mons. Gustavo Garc\u00eda-Siller, arzobispo de San Antonio; el padre Robert Stark de la Secci\u00f3n de Migrantes y Refugiados del Vaticano; y el arzobispo de Los \u00c1ngeles, Mons. Jos\u00e9 H. G\u00f3mez, presidente de la USCCB.<\/p>\n<p>Participaron tambi\u00e9n los l\u00edderes cat\u00f3licos Sean Callahan, presidente y director ejecutivo de <em>Catholic Relief Services;<\/em> Anna Gallagher directora ejecutiva de <em>Catholic Legal Immigration Network Inc<\/em>.; Anthony Granado, vicepresidente de relaciones gubernamentales, <em>Catholic Charities USA;<\/em>\u00a0el padre jesuita Rafael Moreno, coordinador regional de <em>Jesuit Migration Network;<\/em>\u00a0y la hermana Normal Pimentel, misionera de Jes\u00fas y directora ejecutiva de <em>Catholic Charities<\/em> del Valle del R\u00edo Grande en Brownsville, Texas.<\/p>\n<p>Igualmente, el acto acogi\u00f3 a obispos del llamado \u201cTri\u00e1ngulo del Norte\u201d, de donde provienen muchos migrantes a Estados Unidos. Acudieron el Mons. Guido Charbonneau, obispo de Choluteca, Honduras; el obispo salvadore\u00f1o Mons. Oswaldo Escobar de Chalatenango; el arzobispo mexicano de Yucat\u00e1n, Mons. Gustavo Rodr\u00edguez Vega; y el obispo auxiliar Alfonso Miranda Guardiola de Monterrey.<\/p>\n","protected":false},"excerpt":{"rendered":"<p>Reuni\u00f3n con prelados de Estados Unidos, M\u00e9xico y Centroam\u00e9rica<\/p>\n","protected":false},"author":6,"featured_media":20636,"comment_status":"closed","ping_status":"closed","sticky":false,"template":"","format":"standard","meta":{"_acf_changed":false,"_crdt_document":"","inline_featured_image":false,"footnotes":""},"categories":[86,94,298],"tags":[2668,565,1099,602],"class_list":["post-20602","post","type-post","status-publish","format-standard","has-post-thumbnail","hentry","category-iglesia-local","category-justicia-y-paz","category-ultimas-noticias","tag-asamblea-de-emergencia","tag-estados-unidos","tag-migracion","tag-obispos"],"acf":[],"yoast_head":"<!-- This site is optimized with the Yoast SEO plugin v27.5 - https:\/\/yoast.com\/product\/yoast-seo-wordpress\/ -->\n<title>Estados Unidos: Asamblea de emergencia por migraci\u00f3n<\/title>\n<meta name=\"description\" content=\"En el primer d\u00eda de la asamblea de emergencia por migraci\u00f3n, los obispos de Estados Unidos leyeron oraciones escritas de ni\u00f1os migrantes.\" \/>\n<meta name=\"robots\" content=\"index, follow, max-snippet:-1, max-image-preview:large, max-video-preview:-1\" \/>\n<link rel=\"canonical\" href=\"https:\/\/exaudi.org\/es\/estados-unidos-asamblea-emergencia-migracion-2021\/\" \/>\n<meta property=\"og:locale\" content=\"es_ES\" \/>\n<meta property=\"og:type\" content=\"article\" \/>\n<meta property=\"og:title\" content=\"Estados Unidos: Asamblea de emergencia por migraci\u00f3n\" \/>\n<meta property=\"og:description\" content=\"En el primer d\u00eda de la asamblea de emergencia por migraci\u00f3n, los obispos de Estados Unidos leyeron oraciones escritas de ni\u00f1os migrantes.\" \/>\n<meta property=\"og:url\" content=\"https:\/\/exaudi.org\/es\/estados-unidos-asamblea-emergencia-migracion-2021\/\" \/>\n<meta property=\"og:site_name\" content=\"Exaudi\" \/>\n<meta property=\"article:publisher\" content=\"https:\/\/www.facebook.com\/ExaudiNews\" \/>\n<meta property=\"article:published_time\" content=\"2021-06-04T09:24:22+00:00\" \/>\n<meta property=\"article:modified_time\" content=\"2021-06-07T08:42:12+00:00\" \/>\n<meta property=\"og:image\" content=\"https:\/\/exaudi.org\/wp-content\/uploads\/2021\/06\/vvv222.jpg\" \/>\n\t<meta property=\"og:image:width\" content=\"1067\" \/>\n\t<meta property=\"og:image:height\" content=\"712\" \/>\n\t<meta property=\"og:image:type\" content=\"image\/jpeg\" \/>\n<meta name=\"author\" content=\"Gabriel Sales\" \/>\n<meta name=\"twitter:card\" content=\"summary_large_image\" \/>\n<meta name=\"twitter:creator\" content=\"@habemusman\" \/>\n<meta name=\"twitter:site\" content=\"@Exaudi_News\" \/>\n<meta name=\"twitter:label1\" content=\"Escrito por\" \/>\n\t<meta name=\"twitter:data1\" content=\"Gabriel Sales\" \/>\n\t<meta name=\"twitter:label2\" content=\"Tiempo de lectura\" \/>\n\t<meta name=\"twitter:data2\" content=\"4 minutos\" \/>\n<script type=\"application\/ld+json\" class=\"yoast-schema-graph\">{\"@context\":\"https:\\\/\\\/schema.org\",\"@graph\":[{\"@type\":\"Article\",\"@id\":\"https:\\\/\\\/exaudi.org\\\/es\\\/estados-unidos-asamblea-emergencia-migracion-2021\\\/#article\",\"isPartOf\":{\"@id\":\"https:\\\/\\\/exaudi.org\\\/es\\\/estados-unidos-asamblea-emergencia-migracion-2021\\\/\"},\"author\":{\"name\":\"Gabriel Sales\",\"@id\":\"https:\\\/\\\/exaudi.org\\\/#\\\/schema\\\/person\\\/d134b96438278131ce90c90c03fda6cd\"},\"headline\":\"Estados Unidos: Asamblea de emergencia por migraci\u00f3n\",\"datePublished\":\"2021-06-04T09:24:22+00:00\",\"dateModified\":\"2021-06-07T08:42:12+00:00\",\"mainEntityOfPage\":{\"@id\":\"https:\\\/\\\/exaudi.org\\\/es\\\/estados-unidos-asamblea-emergencia-migracion-2021\\\/\"},\"wordCount\":907,\"image\":{\"@id\":\"https:\\\/\\\/exaudi.org\\\/es\\\/estados-unidos-asamblea-emergencia-migracion-2021\\\/#primaryimage\"},\"thumbnailUrl\":\"https:\\\/\\\/exaudi.org\\\/wp-content\\\/uploads\\\/2021\\\/06\\\/vvv222.jpg\",\"keywords\":[\"Asamblea de emergencia\",\"Estados Unidos\",\"Migraci\u00f3n\",\"obispos\"],\"articleSection\":[\"Iglesia Local\",\"Justicia y Paz\",\"\u00daltimas noticias\"],\"inLanguage\":\"es\"},{\"@type\":\"WebPage\",\"@id\":\"https:\\\/\\\/exaudi.org\\\/es\\\/estados-unidos-asamblea-emergencia-migracion-2021\\\/\",\"url\":\"https:\\\/\\\/exaudi.org\\\/es\\\/estados-unidos-asamblea-emergencia-migracion-2021\\\/\",\"name\":\"Estados Unidos: Asamblea de emergencia por migraci\u00f3n\",\"isPartOf\":{\"@id\":\"https:\\\/\\\/exaudi.org\\\/#website\"},\"primaryImageOfPage\":{\"@id\":\"https:\\\/\\\/exaudi.org\\\/es\\\/estados-unidos-asamblea-emergencia-migracion-2021\\\/#primaryimage\"},\"image\":{\"@id\":\"https:\\\/\\\/exaudi.org\\\/es\\\/estados-unidos-asamblea-emergencia-migracion-2021\\\/#primaryimage\"},\"thumbnailUrl\":\"https:\\\/\\\/exaudi.org\\\/wp-content\\\/uploads\\\/2021\\\/06\\\/vvv222.jpg\",\"datePublished\":\"2021-06-04T09:24:22+00:00\",\"dateModified\":\"2021-06-07T08:42:12+00:00\",\"author\":{\"@id\":\"https:\\\/\\\/exaudi.org\\\/#\\\/schema\\\/person\\\/d134b96438278131ce90c90c03fda6cd\"},\"description\":\"En el primer d\u00eda de la asamblea de emergencia por migraci\u00f3n, los obispos de Estados Unidos leyeron oraciones escritas de ni\u00f1os migrantes.\",\"breadcrumb\":{\"@id\":\"https:\\\/\\\/exaudi.org\\\/es\\\/estados-unidos-asamblea-emergencia-migracion-2021\\\/#breadcrumb\"},\"inLanguage\":\"es\",\"potentialAction\":[{\"@type\":\"ReadAction\",\"target\":[\"https:\\\/\\\/exaudi.org\\\/es\\\/estados-unidos-asamblea-emergencia-migracion-2021\\\/\"]}]},{\"@type\":\"ImageObject\",\"inLanguage\":\"es\",\"@id\":\"https:\\\/\\\/exaudi.org\\\/es\\\/estados-unidos-asamblea-emergencia-migracion-2021\\\/#primaryimage\",\"url\":\"https:\\\/\\\/exaudi.org\\\/wp-content\\\/uploads\\\/2021\\\/06\\\/vvv222.jpg\",\"contentUrl\":\"https:\\\/\\\/exaudi.org\\\/wp-content\\\/uploads\\\/2021\\\/06\\\/vvv222.jpg\",\"width\":1067,\"height\":712,\"caption\":\"\u00a9 Di\u00f3cesis El Paso\"},{\"@type\":\"BreadcrumbList\",\"@id\":\"https:\\\/\\\/exaudi.org\\\/es\\\/estados-unidos-asamblea-emergencia-migracion-2021\\\/#breadcrumb\",\"itemListElement\":[{\"@type\":\"ListItem\",\"position\":1,\"name\":\"Portada\",\"item\":\"https:\\\/\\\/exaudi.org\\\/es\\\/\"},{\"@type\":\"ListItem\",\"position\":2,\"name\":\"Estados Unidos: Asamblea de emergencia por migraci\u00f3n\"}]},{\"@type\":\"WebSite\",\"@id\":\"https:\\\/\\\/exaudi.org\\\/#website\",\"url\":\"https:\\\/\\\/exaudi.org\\\/\",\"name\":\"Exaudi\",\"description\":\"News\",\"potentialAction\":[{\"@type\":\"SearchAction\",\"target\":{\"@type\":\"EntryPoint\",\"urlTemplate\":\"https:\\\/\\\/exaudi.org\\\/?s={search_term_string}\"},\"query-input\":{\"@type\":\"PropertyValueSpecification\",\"valueRequired\":true,\"valueName\":\"search_term_string\"}}],\"inLanguage\":\"es\"},{\"@type\":\"Person\",\"@id\":\"https:\\\/\\\/exaudi.org\\\/#\\\/schema\\\/person\\\/d134b96438278131ce90c90c03fda6cd\",\"name\":\"Gabriel Sales\",\"image\":{\"@type\":\"ImageObject\",\"inLanguage\":\"es\",\"@id\":\"https:\\\/\\\/secure.gravatar.com\\\/avatar\\\/9b1269566f6a063ed26ffb3532b66a373cdde231ce5d0effb266167437fdaffd?s=96&d=mm&r=g\",\"url\":\"https:\\\/\\\/secure.gravatar.com\\\/avatar\\\/9b1269566f6a063ed26ffb3532b66a373cdde231ce5d0effb266167437fdaffd?s=96&d=mm&r=g\",\"contentUrl\":\"https:\\\/\\\/secure.gravatar.com\\\/avatar\\\/9b1269566f6a063ed26ffb3532b66a373cdde231ce5d0effb266167437fdaffd?s=96&d=mm&r=g\",\"caption\":\"Gabriel Sales\"},\"description\":\"Periodista y especialista en Comunicaci\u00f3n y Branding digital. Cin\u00e9filo y cr\u00edtico de cine y series de televisi\u00f3n.\",\"sameAs\":[\"https:\\\/\\\/www.instagram.com\\\/cine90segundos\\\/\",\"www.linkedin.com\\\/in\\\/habemusman\",\"https:\\\/\\\/x.com\\\/habemusman\",\"https:\\\/\\\/www.youtube.com\\\/channel\\\/UCVfCiOMkJ_C7T7OpyjuaLDg\"],\"url\":\"https:\\\/\\\/exaudi.org\\\/es\\\/author\\\/gsalesexaudi-org\\\/\"}]}<\/script>\n<!-- \/ Yoast SEO plugin. -->","yoast_head_json":{"title":"Estados Unidos: Asamblea de emergencia por migraci\u00f3n","description":"En el primer d\u00eda de la asamblea de emergencia por migraci\u00f3n, los obispos de Estados Unidos leyeron oraciones escritas de ni\u00f1os migrantes.","robots":{"index":"index","follow":"follow","max-snippet":"max-snippet:-1","max-image-preview":"max-image-preview:large","max-video-preview":"max-video-preview:-1"},"canonical":"https:\/\/exaudi.org\/es\/estados-unidos-asamblea-emergencia-migracion-2021\/","og_locale":"es_ES","og_type":"article","og_title":"Estados Unidos: Asamblea de emergencia por migraci\u00f3n","og_description":"En el primer d\u00eda de la asamblea de emergencia por migraci\u00f3n, los obispos de Estados Unidos leyeron oraciones escritas de ni\u00f1os migrantes.","og_url":"https:\/\/exaudi.org\/es\/estados-unidos-asamblea-emergencia-migracion-2021\/","og_site_name":"Exaudi","article_publisher":"https:\/\/www.facebook.com\/ExaudiNews","article_published_time":"2021-06-04T09:24:22+00:00","article_modified_time":"2021-06-07T08:42:12+00:00","og_image":[{"width":1067,"height":712,"url":"https:\/\/exaudi.org\/wp-content\/uploads\/2021\/06\/vvv222.jpg","type":"image\/jpeg"}],"author":"Gabriel Sales","twitter_card":"summary_large_image","twitter_creator":"@habemusman","twitter_site":"@Exaudi_News","twitter_misc":{"Escrito por":"Gabriel Sales","Tiempo de lectura":"4 minutos"},"schema":{"@context":"https:\/\/schema.org","@graph":[{"@type":"Article","@id":"https:\/\/exaudi.org\/es\/estados-unidos-asamblea-emergencia-migracion-2021\/#article","isPartOf":{"@id":"https:\/\/exaudi.org\/es\/estados-unidos-asamblea-emergencia-migracion-2021\/"},"author":{"name":"Gabriel Sales","@id":"https:\/\/exaudi.org\/#\/schema\/person\/d134b96438278131ce90c90c03fda6cd"},"headline":"Estados Unidos: Asamblea de emergencia por migraci\u00f3n","datePublished":"2021-06-04T09:24:22+00:00","dateModified":"2021-06-07T08:42:12+00:00","mainEntityOfPage":{"@id":"https:\/\/exaudi.org\/es\/estados-unidos-asamblea-emergencia-migracion-2021\/"},"wordCount":907,"image":{"@id":"https:\/\/exaudi.org\/es\/estados-unidos-asamblea-emergencia-migracion-2021\/#primaryimage"},"thumbnailUrl":"https:\/\/exaudi.org\/wp-content\/uploads\/2021\/06\/vvv222.jpg","keywords":["Asamblea de emergencia","Estados Unidos","Migraci\u00f3n","obispos"],"articleSection":["Iglesia Local","Justicia y Paz","\u00daltimas noticias"],"inLanguage":"es"},{"@type":"WebPage","@id":"https:\/\/exaudi.org\/es\/estados-unidos-asamblea-emergencia-migracion-2021\/","url":"https:\/\/exaudi.org\/es\/estados-unidos-asamblea-emergencia-migracion-2021\/","name":"Estados Unidos: Asamblea de emergencia por migraci\u00f3n","isPartOf":{"@id":"https:\/\/exaudi.org\/#website"},"primaryImageOfPage":{"@id":"https:\/\/exaudi.org\/es\/estados-unidos-asamblea-emergencia-migracion-2021\/#primaryimage"},"image":{"@id":"https:\/\/exaudi.org\/es\/estados-unidos-asamblea-emergencia-migracion-2021\/#primaryimage"},"thumbnailUrl":"https:\/\/exaudi.org\/wp-content\/uploads\/2021\/06\/vvv222.jpg","datePublished":"2021-06-04T09:24:22+00:00","dateModified":"2021-06-07T08:42:12+00:00","author":{"@id":"https:\/\/exaudi.org\/#\/schema\/person\/d134b96438278131ce90c90c03fda6cd"},"description":"En el primer d\u00eda de la asamblea de emergencia por migraci\u00f3n, los obispos de Estados Unidos leyeron oraciones escritas de ni\u00f1os migrantes.","breadcrumb":{"@id":"https:\/\/exaudi.org\/es\/estados-unidos-asamblea-emergencia-migracion-2021\/#breadcrumb"},"inLanguage":"es","potentialAction":[{"@type":"ReadAction","target":["https:\/\/exaudi.org\/es\/estados-unidos-asamblea-emergencia-migracion-2021\/"]}]},{"@type":"ImageObject","inLanguage":"es","@id":"https:\/\/exaudi.org\/es\/estados-unidos-asamblea-emergencia-migracion-2021\/#primaryimage","url":"https:\/\/exaudi.org\/wp-content\/uploads\/2021\/06\/vvv222.jpg","contentUrl":"https:\/\/exaudi.org\/wp-content\/uploads\/2021\/06\/vvv222.jpg","width":1067,"height":712,"caption":"\u00a9 Di\u00f3cesis El Paso"},{"@type":"BreadcrumbList","@id":"https:\/\/exaudi.org\/es\/estados-unidos-asamblea-emergencia-migracion-2021\/#breadcrumb","itemListElement":[{"@type":"ListItem","position":1,"name":"Portada","item":"https:\/\/exaudi.org\/es\/"},{"@type":"ListItem","position":2,"name":"Estados Unidos: Asamblea de emergencia por migraci\u00f3n"}]},{"@type":"WebSite","@id":"https:\/\/exaudi.org\/#website","url":"https:\/\/exaudi.org\/","name":"Exaudi","description":"News","potentialAction":[{"@type":"SearchAction","target":{"@type":"EntryPoint","urlTemplate":"https:\/\/exaudi.org\/?s={search_term_string}"},"query-input":{"@type":"PropertyValueSpecification","valueRequired":true,"valueName":"search_term_string"}}],"inLanguage":"es"},{"@type":"Person","@id":"https:\/\/exaudi.org\/#\/schema\/person\/d134b96438278131ce90c90c03fda6cd","name":"Gabriel Sales","image":{"@type":"ImageObject","inLanguage":"es","@id":"https:\/\/secure.gravatar.com\/avatar\/9b1269566f6a063ed26ffb3532b66a373cdde231ce5d0effb266167437fdaffd?s=96&d=mm&r=g","url":"https:\/\/secure.gravatar.com\/avatar\/9b1269566f6a063ed26ffb3532b66a373cdde231ce5d0effb266167437fdaffd?s=96&d=mm&r=g","contentUrl":"https:\/\/secure.gravatar.com\/avatar\/9b1269566f6a063ed26ffb3532b66a373cdde231ce5d0effb266167437fdaffd?s=96&d=mm&r=g","caption":"Gabriel Sales"},"description":"Periodista y especialista en Comunicaci\u00f3n y Branding digital. Cin\u00e9filo y cr\u00edtico de cine y series de televisi\u00f3n.","sameAs":["https:\/\/www.instagram.com\/cine90segundos\/","www.linkedin.com\/in\/habemusman","https:\/\/x.com\/habemusman","https:\/\/www.youtube.com\/channel\/UCVfCiOMkJ_C7T7OpyjuaLDg"],"url":"https:\/\/exaudi.org\/es\/author\/gsalesexaudi-org\/"}]}},"jetpack_featured_media_url":"https:\/\/exaudi.org\/wp-content\/uploads\/2021\/06\/vvv222.jpg","jetpack_shortlink":"https:\/\/wp.me\/pgKjF2-5mi","_links":{"self":[{"href":"https:\/\/exaudi.org\/es\/wp-json\/wp\/v2\/posts\/20602","targetHints":{"allow":["GET"]}}],"collection":[{"href":"https:\/\/exaudi.org\/es\/wp-json\/wp\/v2\/posts"}],"about":[{"href":"https:\/\/exaudi.org\/es\/wp-json\/wp\/v2\/types\/post"}],"author":[{"embeddable":true,"href":"https:\/\/exaudi.org\/es\/wp-json\/wp\/v2\/users\/6"}],"replies":[{"embeddable":true,"href":"https:\/\/exaudi.org\/es\/wp-json\/wp\/v2\/comments?post=20602"}],"version-history":[{"count":0,"href":"https:\/\/exaudi.org\/es\/wp-json\/wp\/v2\/posts\/20602\/revisions"}],"wp:featuredmedia":[{"embeddable":true,"href":"https:\/\/exaudi.org\/es\/wp-json\/wp\/v2\/media\/20636"}],"wp:attachment":[{"href":"https:\/\/exaudi.org\/es\/wp-json\/wp\/v2\/media?parent=20602"}],"wp:term":[{"taxonomy":"category","embeddable":true,"href":"https:\/\/exaudi.org\/es\/wp-json\/wp\/v2\/categories?post=20602"},{"taxonomy":"post_tag","embeddable":true,"href":"https:\/\/exaudi.org\/es\/wp-json\/wp\/v2\/tags?post=20602"}],"curies":[{"name":"wp","href":"https:\/\/api.w.org\/{rel}","templated":true}]}}