{"id":20588,"date":"2021-06-04T09:58:31","date_gmt":"2021-06-04T07:58:31","guid":{"rendered":"https:\/\/exaudi.org\/?p=20588"},"modified":"2021-06-04T16:17:06","modified_gmt":"2021-06-04T14:17:06","slug":"colombia-obispos-piden-oracion-por-pais-2021","status":"publish","type":"post","link":"https:\/\/exaudi.org\/es\/colombia-obispos-piden-oracion-por-pais-2021\/","title":{"rendered":"Colombia: Iglesia pide oraci\u00f3n por el pa\u00eds"},"content":{"rendered":"<p>Mons. Elkin Fernando \u00c1lvarez Botero, secretario general de la <a href=\"https:\/\/www.cec.org.co\/\" target=\"_blank\" rel=\"noopener noreferrer\">Conferencia Episcopal de Colombia<\/a> (CEC), ha expresado que \u201clos dif\u00edciles momentos que contin\u00faa atravesando hoy el pa\u00eds, exige el compromiso de todos nosotros los cat\u00f3licos de seguir en contin\u00faa oraci\u00f3n\u201d.<\/p>\n<p>Seg\u00fan una nota del episcopado colombiano, publicada ayer, jueves 3 de junio de 2021, el prelado de la CEC extiende una invitaci\u00f3n a adelantar en estos d\u00edas previos al domingo 6 de junio, fecha en que la Iglesia Cat\u00f3lica celebra la <a href=\"https:\/\/exaudi.org\/es\/corpus-christi-la-fiesta-de-la-presencia\/\" target=\"_blank\" rel=\"noopener noreferrer\">Solemnidad del\u00a0<em>Corpus Christi<\/em><\/a>, de acuerdo a lo disponga cada obispo y atendiendo los protocolos de bioseguridad que exige la pandemia.<\/p>\n<h4><strong>Rezar por Colombia<\/strong><\/h4>\n<p>Recordando el llamado del Papa Francisco, durante el \u00faltimo <a href=\"https:\/\/exaudi.org\/es\/regina-coeli-papa-llama-paz-colombia-2021\/\" target=\"_blank\" rel=\"noopener noreferrer\">rezo del \u00c1ngelus<\/a>, a orar por Colombia, el secretario general anima a \u201cvivir momentos de adoraci\u00f3n ante el Sant\u00edsimo en las parroquias, comunidades religiosas e instituciones diocesanas, implorando de Dios la paz y la reconciliaci\u00f3n del pa\u00eds\u201d.<\/p>\n<p>\u201cEs necesario el compromiso de la oraci\u00f3n de parte de nosotros los disc\u00edpulos de Jes\u00fas. Es muy importante dedicar momentos largos a la adoraci\u00f3n del Sant\u00edsimo Sacramento, en comunidad, pidiendo por la paz, la reconciliaci\u00f3n del pa\u00eds y la superaci\u00f3n de este momento cr\u00edtico que vivimos\u201d, indica.<\/p>\n<h4><strong>Jornada de plegaria<\/strong><\/h4>\n<p>En este contexto, los obispos colombianos, frente a la\u00a0<a href=\"https:\/\/exaudi.org\/es\/colombia-iglesia-de-cali-frenar-violencia-ni-uno-mas\/\" target=\"_blank\" rel=\"noopener noreferrer\">crisis social<\/a> que sigue afrontando el pa\u00eds y ante los encuentros que se vienen dando entre el Gobierno y el Comit\u00e9 Nacional de Paro, para buscar caminos de salida, ofrecieron a principios del mes una reflexi\u00f3n de nueve puntos en torno a la importancia del di\u00e1logo, bas\u00e1ndose en la ense\u00f1anza de la Iglesia.<\/p>\n<p>Igualmente, animaron a todos los cat\u00f3licos a perseverar en la oraci\u00f3n, pues esta, \u201cinfunde \u00e1nimo y sostiene a quien quiere promover el entendimiento y la fraternidad\u201d. Por ello, convocaron a que el pr\u00f3ximo viernes 11 de junio, en la solemnidad del Sagrado Coraz\u00f3n de Jes\u00fas, se unan a una jornada de plegaria para pedir por la paz y la reconciliaci\u00f3n del pa\u00eds.<\/p>\n","protected":false},"excerpt":{"rendered":"<p>En v\u00edsperas de la fiesta del &#8216;Corpus Christi&#8217;<\/p>\n","protected":false},"author":6,"featured_media":20591,"comment_status":"closed","ping_status":"closed","sticky":false,"template":"","format":"standard","meta":{"_acf_changed":false,"_crdt_document":"","inline_featured_image":false,"footnotes":""},"categories":[86,2158,298],"tags":[1308,676],"class_list":["post-20588","post","type-post","status-publish","format-standard","has-post-thumbnail","hentry","category-iglesia-local","category-top-ultimas-noticias","category-ultimas-noticias","tag-conferencia-episcopal-de-colombia-cec","tag-oracion"],"acf":[],"yoast_head":"<!-- This site is optimized with the Yoast SEO plugin v27.5 - https:\/\/yoast.com\/product\/yoast-seo-wordpress\/ -->\n<title>Colombia: Iglesia pide oraci\u00f3n por el pa\u00eds &#8211; Exaudi<\/title>\n<meta name=\"description\" content=\"Los obispos de la Conferencia Episcopal de Colombia (CEC) han animado a los fieles a la oraci\u00f3n por el pa\u00eds en v\u00edsperas al Corpus Christi.\" \/>\n<meta name=\"robots\" content=\"index, follow, max-snippet:-1, max-image-preview:large, max-video-preview:-1\" \/>\n<link rel=\"canonical\" href=\"https:\/\/exaudi.org\/es\/colombia-obispos-piden-oracion-por-pais-2021\/\" \/>\n<meta property=\"og:locale\" content=\"es_ES\" \/>\n<meta property=\"og:type\" content=\"article\" \/>\n<meta property=\"og:title\" content=\"Colombia: Iglesia pide oraci\u00f3n por el pa\u00eds &#8211; Exaudi\" \/>\n<meta property=\"og:description\" content=\"Los obispos de la Conferencia Episcopal de Colombia (CEC) han animado a los fieles a la oraci\u00f3n por el pa\u00eds en v\u00edsperas al Corpus Christi.\" \/>\n<meta property=\"og:url\" content=\"https:\/\/exaudi.org\/es\/colombia-obispos-piden-oracion-por-pais-2021\/\" \/>\n<meta property=\"og:site_name\" content=\"Exaudi\" \/>\n<meta property=\"article:publisher\" content=\"https:\/\/www.facebook.com\/ExaudiNews\" \/>\n<meta property=\"article:published_time\" content=\"2021-06-04T07:58:31+00:00\" \/>\n<meta property=\"article:modified_time\" content=\"2021-06-04T14:17:06+00:00\" \/>\n<meta property=\"og:image\" content=\"https:\/\/exaudi.org\/wp-content\/uploads\/2021\/06\/ccc222333.jpeg\" \/>\n\t<meta property=\"og:image:width\" content=\"1448\" \/>\n\t<meta property=\"og:image:height\" content=\"815\" \/>\n\t<meta property=\"og:image:type\" content=\"image\/jpeg\" \/>\n<meta name=\"author\" content=\"Gabriel Sales\" \/>\n<meta name=\"twitter:card\" content=\"summary_large_image\" \/>\n<meta name=\"twitter:creator\" content=\"@habemusman\" \/>\n<meta name=\"twitter:site\" content=\"@Exaudi_News\" \/>\n<meta name=\"twitter:label1\" content=\"Escrito por\" \/>\n\t<meta name=\"twitter:data1\" content=\"Gabriel Sales\" \/>\n\t<meta name=\"twitter:label2\" content=\"Tiempo de lectura\" \/>\n\t<meta name=\"twitter:data2\" content=\"2 minutos\" \/>\n<script type=\"application\/ld+json\" class=\"yoast-schema-graph\">{\"@context\":\"https:\\\/\\\/schema.org\",\"@graph\":[{\"@type\":\"Article\",\"@id\":\"https:\\\/\\\/exaudi.org\\\/es\\\/colombia-obispos-piden-oracion-por-pais-2021\\\/#article\",\"isPartOf\":{\"@id\":\"https:\\\/\\\/exaudi.org\\\/es\\\/colombia-obispos-piden-oracion-por-pais-2021\\\/\"},\"author\":{\"name\":\"Gabriel Sales\",\"@id\":\"https:\\\/\\\/exaudi.org\\\/#\\\/schema\\\/person\\\/d134b96438278131ce90c90c03fda6cd\"},\"headline\":\"Colombia: Iglesia pide oraci\u00f3n por el pa\u00eds\",\"datePublished\":\"2021-06-04T07:58:31+00:00\",\"dateModified\":\"2021-06-04T14:17:06+00:00\",\"mainEntityOfPage\":{\"@id\":\"https:\\\/\\\/exaudi.org\\\/es\\\/colombia-obispos-piden-oracion-por-pais-2021\\\/\"},\"wordCount\":364,\"image\":{\"@id\":\"https:\\\/\\\/exaudi.org\\\/es\\\/colombia-obispos-piden-oracion-por-pais-2021\\\/#primaryimage\"},\"thumbnailUrl\":\"https:\\\/\\\/exaudi.org\\\/wp-content\\\/uploads\\\/2021\\\/06\\\/ccc222333.jpeg\",\"keywords\":[\"Conferencia Episcopal de Colombia (CEC)\",\"Oraci\u00f3n\"],\"articleSection\":[\"Iglesia Local\",\"Top Ultimas Noticias\",\"\u00daltimas noticias\"],\"inLanguage\":\"es\"},{\"@type\":\"WebPage\",\"@id\":\"https:\\\/\\\/exaudi.org\\\/es\\\/colombia-obispos-piden-oracion-por-pais-2021\\\/\",\"url\":\"https:\\\/\\\/exaudi.org\\\/es\\\/colombia-obispos-piden-oracion-por-pais-2021\\\/\",\"name\":\"Colombia: Iglesia pide oraci\u00f3n por el pa\u00eds &#8211; Exaudi\",\"isPartOf\":{\"@id\":\"https:\\\/\\\/exaudi.org\\\/#website\"},\"primaryImageOfPage\":{\"@id\":\"https:\\\/\\\/exaudi.org\\\/es\\\/colombia-obispos-piden-oracion-por-pais-2021\\\/#primaryimage\"},\"image\":{\"@id\":\"https:\\\/\\\/exaudi.org\\\/es\\\/colombia-obispos-piden-oracion-por-pais-2021\\\/#primaryimage\"},\"thumbnailUrl\":\"https:\\\/\\\/exaudi.org\\\/wp-content\\\/uploads\\\/2021\\\/06\\\/ccc222333.jpeg\",\"datePublished\":\"2021-06-04T07:58:31+00:00\",\"dateModified\":\"2021-06-04T14:17:06+00:00\",\"author\":{\"@id\":\"https:\\\/\\\/exaudi.org\\\/#\\\/schema\\\/person\\\/d134b96438278131ce90c90c03fda6cd\"},\"description\":\"Los obispos de la Conferencia Episcopal de Colombia (CEC) han animado a los fieles a la oraci\u00f3n por el pa\u00eds en v\u00edsperas al Corpus Christi.\",\"breadcrumb\":{\"@id\":\"https:\\\/\\\/exaudi.org\\\/es\\\/colombia-obispos-piden-oracion-por-pais-2021\\\/#breadcrumb\"},\"inLanguage\":\"es\",\"potentialAction\":[{\"@type\":\"ReadAction\",\"target\":[\"https:\\\/\\\/exaudi.org\\\/es\\\/colombia-obispos-piden-oracion-por-pais-2021\\\/\"]}]},{\"@type\":\"ImageObject\",\"inLanguage\":\"es\",\"@id\":\"https:\\\/\\\/exaudi.org\\\/es\\\/colombia-obispos-piden-oracion-por-pais-2021\\\/#primaryimage\",\"url\":\"https:\\\/\\\/exaudi.org\\\/wp-content\\\/uploads\\\/2021\\\/06\\\/ccc222333.jpeg\",\"contentUrl\":\"https:\\\/\\\/exaudi.org\\\/wp-content\\\/uploads\\\/2021\\\/06\\\/ccc222333.jpeg\",\"width\":1448,\"height\":815,\"caption\":\"Fieles colombianos en la Plaza de San Pedro \u00a9 Vatican Media\"},{\"@type\":\"BreadcrumbList\",\"@id\":\"https:\\\/\\\/exaudi.org\\\/es\\\/colombia-obispos-piden-oracion-por-pais-2021\\\/#breadcrumb\",\"itemListElement\":[{\"@type\":\"ListItem\",\"position\":1,\"name\":\"Portada\",\"item\":\"https:\\\/\\\/exaudi.org\\\/es\\\/\"},{\"@type\":\"ListItem\",\"position\":2,\"name\":\"Colombia: Iglesia pide oraci\u00f3n por el pa\u00eds\"}]},{\"@type\":\"WebSite\",\"@id\":\"https:\\\/\\\/exaudi.org\\\/#website\",\"url\":\"https:\\\/\\\/exaudi.org\\\/\",\"name\":\"Exaudi\",\"description\":\"News\",\"potentialAction\":[{\"@type\":\"SearchAction\",\"target\":{\"@type\":\"EntryPoint\",\"urlTemplate\":\"https:\\\/\\\/exaudi.org\\\/?s={search_term_string}\"},\"query-input\":{\"@type\":\"PropertyValueSpecification\",\"valueRequired\":true,\"valueName\":\"search_term_string\"}}],\"inLanguage\":\"es\"},{\"@type\":\"Person\",\"@id\":\"https:\\\/\\\/exaudi.org\\\/#\\\/schema\\\/person\\\/d134b96438278131ce90c90c03fda6cd\",\"name\":\"Gabriel Sales\",\"image\":{\"@type\":\"ImageObject\",\"inLanguage\":\"es\",\"@id\":\"https:\\\/\\\/secure.gravatar.com\\\/avatar\\\/9b1269566f6a063ed26ffb3532b66a373cdde231ce5d0effb266167437fdaffd?s=96&d=mm&r=g\",\"url\":\"https:\\\/\\\/secure.gravatar.com\\\/avatar\\\/9b1269566f6a063ed26ffb3532b66a373cdde231ce5d0effb266167437fdaffd?s=96&d=mm&r=g\",\"contentUrl\":\"https:\\\/\\\/secure.gravatar.com\\\/avatar\\\/9b1269566f6a063ed26ffb3532b66a373cdde231ce5d0effb266167437fdaffd?s=96&d=mm&r=g\",\"caption\":\"Gabriel Sales\"},\"description\":\"Periodista y especialista en Comunicaci\u00f3n y Branding digital. Cin\u00e9filo y cr\u00edtico de cine y series de televisi\u00f3n.\",\"sameAs\":[\"https:\\\/\\\/www.instagram.com\\\/cine90segundos\\\/\",\"www.linkedin.com\\\/in\\\/habemusman\",\"https:\\\/\\\/x.com\\\/habemusman\",\"https:\\\/\\\/www.youtube.com\\\/channel\\\/UCVfCiOMkJ_C7T7OpyjuaLDg\"],\"url\":\"https:\\\/\\\/exaudi.org\\\/es\\\/author\\\/gsalesexaudi-org\\\/\"}]}<\/script>\n<!-- \/ Yoast SEO plugin. -->","yoast_head_json":{"title":"Colombia: Iglesia pide oraci\u00f3n por el pa\u00eds &#8211; Exaudi","description":"Los obispos de la Conferencia Episcopal de Colombia (CEC) han animado a los fieles a la oraci\u00f3n por el pa\u00eds en v\u00edsperas al Corpus Christi.","robots":{"index":"index","follow":"follow","max-snippet":"max-snippet:-1","max-image-preview":"max-image-preview:large","max-video-preview":"max-video-preview:-1"},"canonical":"https:\/\/exaudi.org\/es\/colombia-obispos-piden-oracion-por-pais-2021\/","og_locale":"es_ES","og_type":"article","og_title":"Colombia: Iglesia pide oraci\u00f3n por el pa\u00eds &#8211; Exaudi","og_description":"Los obispos de la Conferencia Episcopal de Colombia (CEC) han animado a los fieles a la oraci\u00f3n por el pa\u00eds en v\u00edsperas al Corpus Christi.","og_url":"https:\/\/exaudi.org\/es\/colombia-obispos-piden-oracion-por-pais-2021\/","og_site_name":"Exaudi","article_publisher":"https:\/\/www.facebook.com\/ExaudiNews","article_published_time":"2021-06-04T07:58:31+00:00","article_modified_time":"2021-06-04T14:17:06+00:00","og_image":[{"width":1448,"height":815,"url":"https:\/\/exaudi.org\/wp-content\/uploads\/2021\/06\/ccc222333.jpeg","type":"image\/jpeg"}],"author":"Gabriel Sales","twitter_card":"summary_large_image","twitter_creator":"@habemusman","twitter_site":"@Exaudi_News","twitter_misc":{"Escrito por":"Gabriel Sales","Tiempo de lectura":"2 minutos"},"schema":{"@context":"https:\/\/schema.org","@graph":[{"@type":"Article","@id":"https:\/\/exaudi.org\/es\/colombia-obispos-piden-oracion-por-pais-2021\/#article","isPartOf":{"@id":"https:\/\/exaudi.org\/es\/colombia-obispos-piden-oracion-por-pais-2021\/"},"author":{"name":"Gabriel Sales","@id":"https:\/\/exaudi.org\/#\/schema\/person\/d134b96438278131ce90c90c03fda6cd"},"headline":"Colombia: Iglesia pide oraci\u00f3n por el pa\u00eds","datePublished":"2021-06-04T07:58:31+00:00","dateModified":"2021-06-04T14:17:06+00:00","mainEntityOfPage":{"@id":"https:\/\/exaudi.org\/es\/colombia-obispos-piden-oracion-por-pais-2021\/"},"wordCount":364,"image":{"@id":"https:\/\/exaudi.org\/es\/colombia-obispos-piden-oracion-por-pais-2021\/#primaryimage"},"thumbnailUrl":"https:\/\/exaudi.org\/wp-content\/uploads\/2021\/06\/ccc222333.jpeg","keywords":["Conferencia Episcopal de Colombia (CEC)","Oraci\u00f3n"],"articleSection":["Iglesia Local","Top Ultimas Noticias","\u00daltimas noticias"],"inLanguage":"es"},{"@type":"WebPage","@id":"https:\/\/exaudi.org\/es\/colombia-obispos-piden-oracion-por-pais-2021\/","url":"https:\/\/exaudi.org\/es\/colombia-obispos-piden-oracion-por-pais-2021\/","name":"Colombia: Iglesia pide oraci\u00f3n por el pa\u00eds &#8211; Exaudi","isPartOf":{"@id":"https:\/\/exaudi.org\/#website"},"primaryImageOfPage":{"@id":"https:\/\/exaudi.org\/es\/colombia-obispos-piden-oracion-por-pais-2021\/#primaryimage"},"image":{"@id":"https:\/\/exaudi.org\/es\/colombia-obispos-piden-oracion-por-pais-2021\/#primaryimage"},"thumbnailUrl":"https:\/\/exaudi.org\/wp-content\/uploads\/2021\/06\/ccc222333.jpeg","datePublished":"2021-06-04T07:58:31+00:00","dateModified":"2021-06-04T14:17:06+00:00","author":{"@id":"https:\/\/exaudi.org\/#\/schema\/person\/d134b96438278131ce90c90c03fda6cd"},"description":"Los obispos de la Conferencia Episcopal de Colombia (CEC) han animado a los fieles a la oraci\u00f3n por el pa\u00eds en v\u00edsperas al Corpus Christi.","breadcrumb":{"@id":"https:\/\/exaudi.org\/es\/colombia-obispos-piden-oracion-por-pais-2021\/#breadcrumb"},"inLanguage":"es","potentialAction":[{"@type":"ReadAction","target":["https:\/\/exaudi.org\/es\/colombia-obispos-piden-oracion-por-pais-2021\/"]}]},{"@type":"ImageObject","inLanguage":"es","@id":"https:\/\/exaudi.org\/es\/colombia-obispos-piden-oracion-por-pais-2021\/#primaryimage","url":"https:\/\/exaudi.org\/wp-content\/uploads\/2021\/06\/ccc222333.jpeg","contentUrl":"https:\/\/exaudi.org\/wp-content\/uploads\/2021\/06\/ccc222333.jpeg","width":1448,"height":815,"caption":"Fieles colombianos en la Plaza de San Pedro \u00a9 Vatican Media"},{"@type":"BreadcrumbList","@id":"https:\/\/exaudi.org\/es\/colombia-obispos-piden-oracion-por-pais-2021\/#breadcrumb","itemListElement":[{"@type":"ListItem","position":1,"name":"Portada","item":"https:\/\/exaudi.org\/es\/"},{"@type":"ListItem","position":2,"name":"Colombia: Iglesia pide oraci\u00f3n por el pa\u00eds"}]},{"@type":"WebSite","@id":"https:\/\/exaudi.org\/#website","url":"https:\/\/exaudi.org\/","name":"Exaudi","description":"News","potentialAction":[{"@type":"SearchAction","target":{"@type":"EntryPoint","urlTemplate":"https:\/\/exaudi.org\/?s={search_term_string}"},"query-input":{"@type":"PropertyValueSpecification","valueRequired":true,"valueName":"search_term_string"}}],"inLanguage":"es"},{"@type":"Person","@id":"https:\/\/exaudi.org\/#\/schema\/person\/d134b96438278131ce90c90c03fda6cd","name":"Gabriel Sales","image":{"@type":"ImageObject","inLanguage":"es","@id":"https:\/\/secure.gravatar.com\/avatar\/9b1269566f6a063ed26ffb3532b66a373cdde231ce5d0effb266167437fdaffd?s=96&d=mm&r=g","url":"https:\/\/secure.gravatar.com\/avatar\/9b1269566f6a063ed26ffb3532b66a373cdde231ce5d0effb266167437fdaffd?s=96&d=mm&r=g","contentUrl":"https:\/\/secure.gravatar.com\/avatar\/9b1269566f6a063ed26ffb3532b66a373cdde231ce5d0effb266167437fdaffd?s=96&d=mm&r=g","caption":"Gabriel Sales"},"description":"Periodista y especialista en Comunicaci\u00f3n y Branding digital. Cin\u00e9filo y cr\u00edtico de cine y series de televisi\u00f3n.","sameAs":["https:\/\/www.instagram.com\/cine90segundos\/","www.linkedin.com\/in\/habemusman","https:\/\/x.com\/habemusman","https:\/\/www.youtube.com\/channel\/UCVfCiOMkJ_C7T7OpyjuaLDg"],"url":"https:\/\/exaudi.org\/es\/author\/gsalesexaudi-org\/"}]}},"jetpack_featured_media_url":"https:\/\/exaudi.org\/wp-content\/uploads\/2021\/06\/ccc222333.jpeg","jetpack_shortlink":"https:\/\/wp.me\/pgKjF2-5m4","_links":{"self":[{"href":"https:\/\/exaudi.org\/es\/wp-json\/wp\/v2\/posts\/20588","targetHints":{"allow":["GET"]}}],"collection":[{"href":"https:\/\/exaudi.org\/es\/wp-json\/wp\/v2\/posts"}],"about":[{"href":"https:\/\/exaudi.org\/es\/wp-json\/wp\/v2\/types\/post"}],"author":[{"embeddable":true,"href":"https:\/\/exaudi.org\/es\/wp-json\/wp\/v2\/users\/6"}],"replies":[{"embeddable":true,"href":"https:\/\/exaudi.org\/es\/wp-json\/wp\/v2\/comments?post=20588"}],"version-history":[{"count":0,"href":"https:\/\/exaudi.org\/es\/wp-json\/wp\/v2\/posts\/20588\/revisions"}],"wp:featuredmedia":[{"embeddable":true,"href":"https:\/\/exaudi.org\/es\/wp-json\/wp\/v2\/media\/20591"}],"wp:attachment":[{"href":"https:\/\/exaudi.org\/es\/wp-json\/wp\/v2\/media?parent=20588"}],"wp:term":[{"taxonomy":"category","embeddable":true,"href":"https:\/\/exaudi.org\/es\/wp-json\/wp\/v2\/categories?post=20588"},{"taxonomy":"post_tag","embeddable":true,"href":"https:\/\/exaudi.org\/es\/wp-json\/wp\/v2\/tags?post=20588"}],"curies":[{"name":"wp","href":"https:\/\/api.w.org\/{rel}","templated":true}]}}