{"id":20503,"date":"2021-06-03T13:00:47","date_gmt":"2021-06-03T11:00:47","guid":{"rendered":"https:\/\/exaudi.org\/?p=20503"},"modified":"2021-06-03T14:59:09","modified_gmt":"2021-06-03T12:59:09","slug":"papa-nombra-nuncio-apostolico-israel-y-chipre-2021","status":"publish","type":"post","link":"https:\/\/exaudi.org\/es\/papa-nombra-nuncio-apostolico-israel-y-chipre-2021\/","title":{"rendered":"Israel y Chipre: El Papa nombra al nuncio apost\u00f3lico"},"content":{"rendered":"<p>El Papa Francisco ha nombrado nuncio apost\u00f3lico en <a href=\"https:\/\/exaudi.org\/es\/regina-coeli-oracion-papa-jerusalen-kabul-colombia\/\" target=\"_blank\" rel=\"noopener noreferrer\">Israel<\/a> y Chipre, y delegado apost\u00f3lico en Jerusal\u00e9n y Palestina a monse\u00f1or Adolfo Tito Yllana, arzobispo titular de Montecorvino y hasta ahora nuncio apost\u00f3lico en Australia. De esta manera ha informado hoy, jueves 3 de junio de 2021, la <a href=\"https:\/\/www.vatican.va\/news_services\/press\/index_sp.htm\" target=\"_blank\" rel=\"noopener noreferrer\">Oficina de Prensa de la Santa Sede.<\/a><\/p>\n<h4><strong>Mons. Adolfo Tito Yllana<\/strong><\/h4>\n<p>Tal y como ha descrito Vatican News en un art\u00edculo, Mons. Yllana naci\u00f3 el 6 de febrero de 1948 en Naga City, Filipinas. Fue ordenado sacerdote el 19 de marzo de 1972. Es licenciado en <em>Utroque Iure<\/em> por la Universidad Lateranense de Roma. Tras estudiar en la Academia Eclesi\u00e1stica, en 1984 entr\u00f3 en el servicio diplom\u00e1tico de la Santa Sede, trabajando sucesivamente en las Representaciones Pontificias de Ghana, Sri Lanka, Turqu\u00eda, L\u00edbano, Hungr\u00eda y Taiw\u00e1n.<\/p>\n<p>En diciembre de 2001, san Juan Pablo II le nombr\u00f3 nuncio apost\u00f3lico en Pap\u00faa Nueva Guinea y lo consagr\u00f3 obispo el 6 de enero de 2002 en la Bas\u00edlica de San Pedro (arzobispo titular de Montecorvino). A continuaci\u00f3n, le confi\u00f3 tambi\u00e9n la direcci\u00f3n de la nunciatura en las Islas Salom\u00f3n. El papa em\u00e9rito Benedicto XVI lo nombr\u00f3 nuncio en Pakist\u00e1n en 2006 y en la Rep\u00fablica Democr\u00e1tica del Congo en 2010. En febrero de 2015, Francisco le nombr\u00f3 nuncio apost\u00f3lico en Australia.<\/p>\n<p>Habla ingl\u00e9s, espa\u00f1ol, italiano y franc\u00e9s.<\/p>\n","protected":false},"excerpt":{"rendered":"<p>Y delegado apost\u00f3lico en Jerusal\u00e9n y Palestina<\/p>\n","protected":false},"author":6,"featured_media":20505,"comment_status":"closed","ping_status":"closed","sticky":false,"template":"","format":"standard","meta":{"_acf_changed":false,"_crdt_document":"","inline_featured_image":false,"footnotes":""},"categories":[298,132],"tags":[2647,2648,2646,2649,2651,292,1328,2650],"class_list":["post-20503","post","type-post","status-publish","format-standard","has-post-thumbnail","hentry","category-ultimas-noticias","category-vaticano-es","tag-chipre","tag-delegado-apostolico","tag-israel","tag-jerusalen","tag-monsenor-adolfo-tito-yllana","tag-nombramiento","tag-nuncio-apostolico","tag-palestina"],"acf":[],"yoast_head":"<!-- This site is optimized with the Yoast SEO plugin v27.5 - https:\/\/yoast.com\/product\/yoast-seo-wordpress\/ -->\n<title>Israel y Chipre: El Papa nombra al nuncio apost\u00f3lico - Exaudi<\/title>\n<meta name=\"description\" content=\"El Papa ha nombrado nuncio apost\u00f3lico de Israel y Chipre, y delegado apost\u00f3lico de Jerusal\u00e9n y Palestina, a monse\u00f1or Adolfo Tito Yllana.\" \/>\n<meta name=\"robots\" content=\"index, follow, max-snippet:-1, max-image-preview:large, max-video-preview:-1\" \/>\n<link rel=\"canonical\" href=\"https:\/\/exaudi.org\/es\/papa-nombra-nuncio-apostolico-israel-y-chipre-2021\/\" \/>\n<meta property=\"og:locale\" content=\"es_ES\" \/>\n<meta property=\"og:type\" content=\"article\" \/>\n<meta property=\"og:title\" content=\"Israel y Chipre: El Papa nombra al nuncio apost\u00f3lico - Exaudi\" \/>\n<meta property=\"og:description\" content=\"El Papa ha nombrado nuncio apost\u00f3lico de Israel y Chipre, y delegado apost\u00f3lico de Jerusal\u00e9n y Palestina, a monse\u00f1or Adolfo Tito Yllana.\" \/>\n<meta property=\"og:url\" content=\"https:\/\/exaudi.org\/es\/papa-nombra-nuncio-apostolico-israel-y-chipre-2021\/\" \/>\n<meta property=\"og:site_name\" content=\"Exaudi\" \/>\n<meta property=\"article:publisher\" content=\"https:\/\/www.facebook.com\/ExaudiNews\" \/>\n<meta property=\"article:published_time\" content=\"2021-06-03T11:00:47+00:00\" \/>\n<meta property=\"article:modified_time\" content=\"2021-06-03T12:59:09+00:00\" \/>\n<meta property=\"og:image\" content=\"https:\/\/exaudi.org\/wp-content\/uploads\/2021\/06\/12cccc.jpg\" \/>\n\t<meta property=\"og:image:width\" content=\"290\" \/>\n\t<meta property=\"og:image:height\" content=\"222\" \/>\n\t<meta property=\"og:image:type\" content=\"image\/jpeg\" \/>\n<meta name=\"author\" content=\"Gabriel Sales\" \/>\n<meta name=\"twitter:card\" content=\"summary_large_image\" \/>\n<meta name=\"twitter:creator\" content=\"@habemusman\" \/>\n<meta name=\"twitter:site\" content=\"@Exaudi_News\" \/>\n<meta name=\"twitter:label1\" content=\"Escrito por\" \/>\n\t<meta name=\"twitter:data1\" content=\"Gabriel Sales\" \/>\n\t<meta name=\"twitter:label2\" content=\"Tiempo de lectura\" \/>\n\t<meta name=\"twitter:data2\" content=\"1 minuto\" \/>\n<script type=\"application\/ld+json\" class=\"yoast-schema-graph\">{\"@context\":\"https:\\\/\\\/schema.org\",\"@graph\":[{\"@type\":\"Article\",\"@id\":\"https:\\\/\\\/exaudi.org\\\/es\\\/papa-nombra-nuncio-apostolico-israel-y-chipre-2021\\\/#article\",\"isPartOf\":{\"@id\":\"https:\\\/\\\/exaudi.org\\\/es\\\/papa-nombra-nuncio-apostolico-israel-y-chipre-2021\\\/\"},\"author\":{\"name\":\"Gabriel Sales\",\"@id\":\"https:\\\/\\\/exaudi.org\\\/#\\\/schema\\\/person\\\/d134b96438278131ce90c90c03fda6cd\"},\"headline\":\"Israel y Chipre: El Papa nombra al nuncio apost\u00f3lico\",\"datePublished\":\"2021-06-03T11:00:47+00:00\",\"dateModified\":\"2021-06-03T12:59:09+00:00\",\"mainEntityOfPage\":{\"@id\":\"https:\\\/\\\/exaudi.org\\\/es\\\/papa-nombra-nuncio-apostolico-israel-y-chipre-2021\\\/\"},\"wordCount\":245,\"image\":{\"@id\":\"https:\\\/\\\/exaudi.org\\\/es\\\/papa-nombra-nuncio-apostolico-israel-y-chipre-2021\\\/#primaryimage\"},\"thumbnailUrl\":\"https:\\\/\\\/exaudi.org\\\/wp-content\\\/uploads\\\/2021\\\/06\\\/12cccc.jpg\",\"keywords\":[\"Chipre\",\"Delegado apost\u00f3lico\",\"Israel\",\"Jerusal\u00e9n\",\"Monse\u00f1or Adolfo Tito Yllana\",\"Nombramiento\",\"Nuncio apost\u00f3lico\",\"Palestina\"],\"articleSection\":[\"\u00daltimas noticias\",\"Vaticano\"],\"inLanguage\":\"es\"},{\"@type\":\"WebPage\",\"@id\":\"https:\\\/\\\/exaudi.org\\\/es\\\/papa-nombra-nuncio-apostolico-israel-y-chipre-2021\\\/\",\"url\":\"https:\\\/\\\/exaudi.org\\\/es\\\/papa-nombra-nuncio-apostolico-israel-y-chipre-2021\\\/\",\"name\":\"Israel y Chipre: El Papa nombra al nuncio apost\u00f3lico - Exaudi\",\"isPartOf\":{\"@id\":\"https:\\\/\\\/exaudi.org\\\/#website\"},\"primaryImageOfPage\":{\"@id\":\"https:\\\/\\\/exaudi.org\\\/es\\\/papa-nombra-nuncio-apostolico-israel-y-chipre-2021\\\/#primaryimage\"},\"image\":{\"@id\":\"https:\\\/\\\/exaudi.org\\\/es\\\/papa-nombra-nuncio-apostolico-israel-y-chipre-2021\\\/#primaryimage\"},\"thumbnailUrl\":\"https:\\\/\\\/exaudi.org\\\/wp-content\\\/uploads\\\/2021\\\/06\\\/12cccc.jpg\",\"datePublished\":\"2021-06-03T11:00:47+00:00\",\"dateModified\":\"2021-06-03T12:59:09+00:00\",\"author\":{\"@id\":\"https:\\\/\\\/exaudi.org\\\/#\\\/schema\\\/person\\\/d134b96438278131ce90c90c03fda6cd\"},\"description\":\"El Papa ha nombrado nuncio apost\u00f3lico de Israel y Chipre, y delegado apost\u00f3lico de Jerusal\u00e9n y Palestina, a monse\u00f1or Adolfo Tito Yllana.\",\"breadcrumb\":{\"@id\":\"https:\\\/\\\/exaudi.org\\\/es\\\/papa-nombra-nuncio-apostolico-israel-y-chipre-2021\\\/#breadcrumb\"},\"inLanguage\":\"es\",\"potentialAction\":[{\"@type\":\"ReadAction\",\"target\":[\"https:\\\/\\\/exaudi.org\\\/es\\\/papa-nombra-nuncio-apostolico-israel-y-chipre-2021\\\/\"]}]},{\"@type\":\"ImageObject\",\"inLanguage\":\"es\",\"@id\":\"https:\\\/\\\/exaudi.org\\\/es\\\/papa-nombra-nuncio-apostolico-israel-y-chipre-2021\\\/#primaryimage\",\"url\":\"https:\\\/\\\/exaudi.org\\\/wp-content\\\/uploads\\\/2021\\\/06\\\/12cccc.jpg\",\"contentUrl\":\"https:\\\/\\\/exaudi.org\\\/wp-content\\\/uploads\\\/2021\\\/06\\\/12cccc.jpg\",\"width\":290,\"height\":222,\"caption\":\"Mons. Adolfo Tito Yllana @ Parroquia Santos Cirilo y Metodio\"},{\"@type\":\"BreadcrumbList\",\"@id\":\"https:\\\/\\\/exaudi.org\\\/es\\\/papa-nombra-nuncio-apostolico-israel-y-chipre-2021\\\/#breadcrumb\",\"itemListElement\":[{\"@type\":\"ListItem\",\"position\":1,\"name\":\"Portada\",\"item\":\"https:\\\/\\\/exaudi.org\\\/es\\\/\"},{\"@type\":\"ListItem\",\"position\":2,\"name\":\"Israel y Chipre: El Papa nombra al nuncio apost\u00f3lico\"}]},{\"@type\":\"WebSite\",\"@id\":\"https:\\\/\\\/exaudi.org\\\/#website\",\"url\":\"https:\\\/\\\/exaudi.org\\\/\",\"name\":\"Exaudi\",\"description\":\"News\",\"potentialAction\":[{\"@type\":\"SearchAction\",\"target\":{\"@type\":\"EntryPoint\",\"urlTemplate\":\"https:\\\/\\\/exaudi.org\\\/?s={search_term_string}\"},\"query-input\":{\"@type\":\"PropertyValueSpecification\",\"valueRequired\":true,\"valueName\":\"search_term_string\"}}],\"inLanguage\":\"es\"},{\"@type\":\"Person\",\"@id\":\"https:\\\/\\\/exaudi.org\\\/#\\\/schema\\\/person\\\/d134b96438278131ce90c90c03fda6cd\",\"name\":\"Gabriel Sales\",\"image\":{\"@type\":\"ImageObject\",\"inLanguage\":\"es\",\"@id\":\"https:\\\/\\\/secure.gravatar.com\\\/avatar\\\/9b1269566f6a063ed26ffb3532b66a373cdde231ce5d0effb266167437fdaffd?s=96&d=mm&r=g\",\"url\":\"https:\\\/\\\/secure.gravatar.com\\\/avatar\\\/9b1269566f6a063ed26ffb3532b66a373cdde231ce5d0effb266167437fdaffd?s=96&d=mm&r=g\",\"contentUrl\":\"https:\\\/\\\/secure.gravatar.com\\\/avatar\\\/9b1269566f6a063ed26ffb3532b66a373cdde231ce5d0effb266167437fdaffd?s=96&d=mm&r=g\",\"caption\":\"Gabriel Sales\"},\"description\":\"Periodista y especialista en Comunicaci\u00f3n y Branding digital. Cin\u00e9filo y cr\u00edtico de cine y series de televisi\u00f3n.\",\"sameAs\":[\"https:\\\/\\\/www.instagram.com\\\/cine90segundos\\\/\",\"www.linkedin.com\\\/in\\\/habemusman\",\"https:\\\/\\\/x.com\\\/habemusman\",\"https:\\\/\\\/www.youtube.com\\\/channel\\\/UCVfCiOMkJ_C7T7OpyjuaLDg\"],\"url\":\"https:\\\/\\\/exaudi.org\\\/es\\\/author\\\/gsalesexaudi-org\\\/\"}]}<\/script>\n<!-- \/ Yoast SEO plugin. -->","yoast_head_json":{"title":"Israel y Chipre: El Papa nombra al nuncio apost\u00f3lico - Exaudi","description":"El Papa ha nombrado nuncio apost\u00f3lico de Israel y Chipre, y delegado apost\u00f3lico de Jerusal\u00e9n y Palestina, a monse\u00f1or Adolfo Tito Yllana.","robots":{"index":"index","follow":"follow","max-snippet":"max-snippet:-1","max-image-preview":"max-image-preview:large","max-video-preview":"max-video-preview:-1"},"canonical":"https:\/\/exaudi.org\/es\/papa-nombra-nuncio-apostolico-israel-y-chipre-2021\/","og_locale":"es_ES","og_type":"article","og_title":"Israel y Chipre: El Papa nombra al nuncio apost\u00f3lico - Exaudi","og_description":"El Papa ha nombrado nuncio apost\u00f3lico de Israel y Chipre, y delegado apost\u00f3lico de Jerusal\u00e9n y Palestina, a monse\u00f1or Adolfo Tito Yllana.","og_url":"https:\/\/exaudi.org\/es\/papa-nombra-nuncio-apostolico-israel-y-chipre-2021\/","og_site_name":"Exaudi","article_publisher":"https:\/\/www.facebook.com\/ExaudiNews","article_published_time":"2021-06-03T11:00:47+00:00","article_modified_time":"2021-06-03T12:59:09+00:00","og_image":[{"width":290,"height":222,"url":"https:\/\/exaudi.org\/wp-content\/uploads\/2021\/06\/12cccc.jpg","type":"image\/jpeg"}],"author":"Gabriel Sales","twitter_card":"summary_large_image","twitter_creator":"@habemusman","twitter_site":"@Exaudi_News","twitter_misc":{"Escrito por":"Gabriel Sales","Tiempo de lectura":"1 minuto"},"schema":{"@context":"https:\/\/schema.org","@graph":[{"@type":"Article","@id":"https:\/\/exaudi.org\/es\/papa-nombra-nuncio-apostolico-israel-y-chipre-2021\/#article","isPartOf":{"@id":"https:\/\/exaudi.org\/es\/papa-nombra-nuncio-apostolico-israel-y-chipre-2021\/"},"author":{"name":"Gabriel Sales","@id":"https:\/\/exaudi.org\/#\/schema\/person\/d134b96438278131ce90c90c03fda6cd"},"headline":"Israel y Chipre: El Papa nombra al nuncio apost\u00f3lico","datePublished":"2021-06-03T11:00:47+00:00","dateModified":"2021-06-03T12:59:09+00:00","mainEntityOfPage":{"@id":"https:\/\/exaudi.org\/es\/papa-nombra-nuncio-apostolico-israel-y-chipre-2021\/"},"wordCount":245,"image":{"@id":"https:\/\/exaudi.org\/es\/papa-nombra-nuncio-apostolico-israel-y-chipre-2021\/#primaryimage"},"thumbnailUrl":"https:\/\/exaudi.org\/wp-content\/uploads\/2021\/06\/12cccc.jpg","keywords":["Chipre","Delegado apost\u00f3lico","Israel","Jerusal\u00e9n","Monse\u00f1or Adolfo Tito Yllana","Nombramiento","Nuncio apost\u00f3lico","Palestina"],"articleSection":["\u00daltimas noticias","Vaticano"],"inLanguage":"es"},{"@type":"WebPage","@id":"https:\/\/exaudi.org\/es\/papa-nombra-nuncio-apostolico-israel-y-chipre-2021\/","url":"https:\/\/exaudi.org\/es\/papa-nombra-nuncio-apostolico-israel-y-chipre-2021\/","name":"Israel y Chipre: El Papa nombra al nuncio apost\u00f3lico - Exaudi","isPartOf":{"@id":"https:\/\/exaudi.org\/#website"},"primaryImageOfPage":{"@id":"https:\/\/exaudi.org\/es\/papa-nombra-nuncio-apostolico-israel-y-chipre-2021\/#primaryimage"},"image":{"@id":"https:\/\/exaudi.org\/es\/papa-nombra-nuncio-apostolico-israel-y-chipre-2021\/#primaryimage"},"thumbnailUrl":"https:\/\/exaudi.org\/wp-content\/uploads\/2021\/06\/12cccc.jpg","datePublished":"2021-06-03T11:00:47+00:00","dateModified":"2021-06-03T12:59:09+00:00","author":{"@id":"https:\/\/exaudi.org\/#\/schema\/person\/d134b96438278131ce90c90c03fda6cd"},"description":"El Papa ha nombrado nuncio apost\u00f3lico de Israel y Chipre, y delegado apost\u00f3lico de Jerusal\u00e9n y Palestina, a monse\u00f1or Adolfo Tito Yllana.","breadcrumb":{"@id":"https:\/\/exaudi.org\/es\/papa-nombra-nuncio-apostolico-israel-y-chipre-2021\/#breadcrumb"},"inLanguage":"es","potentialAction":[{"@type":"ReadAction","target":["https:\/\/exaudi.org\/es\/papa-nombra-nuncio-apostolico-israel-y-chipre-2021\/"]}]},{"@type":"ImageObject","inLanguage":"es","@id":"https:\/\/exaudi.org\/es\/papa-nombra-nuncio-apostolico-israel-y-chipre-2021\/#primaryimage","url":"https:\/\/exaudi.org\/wp-content\/uploads\/2021\/06\/12cccc.jpg","contentUrl":"https:\/\/exaudi.org\/wp-content\/uploads\/2021\/06\/12cccc.jpg","width":290,"height":222,"caption":"Mons. Adolfo Tito Yllana @ Parroquia Santos Cirilo y Metodio"},{"@type":"BreadcrumbList","@id":"https:\/\/exaudi.org\/es\/papa-nombra-nuncio-apostolico-israel-y-chipre-2021\/#breadcrumb","itemListElement":[{"@type":"ListItem","position":1,"name":"Portada","item":"https:\/\/exaudi.org\/es\/"},{"@type":"ListItem","position":2,"name":"Israel y Chipre: El Papa nombra al nuncio apost\u00f3lico"}]},{"@type":"WebSite","@id":"https:\/\/exaudi.org\/#website","url":"https:\/\/exaudi.org\/","name":"Exaudi","description":"News","potentialAction":[{"@type":"SearchAction","target":{"@type":"EntryPoint","urlTemplate":"https:\/\/exaudi.org\/?s={search_term_string}"},"query-input":{"@type":"PropertyValueSpecification","valueRequired":true,"valueName":"search_term_string"}}],"inLanguage":"es"},{"@type":"Person","@id":"https:\/\/exaudi.org\/#\/schema\/person\/d134b96438278131ce90c90c03fda6cd","name":"Gabriel Sales","image":{"@type":"ImageObject","inLanguage":"es","@id":"https:\/\/secure.gravatar.com\/avatar\/9b1269566f6a063ed26ffb3532b66a373cdde231ce5d0effb266167437fdaffd?s=96&d=mm&r=g","url":"https:\/\/secure.gravatar.com\/avatar\/9b1269566f6a063ed26ffb3532b66a373cdde231ce5d0effb266167437fdaffd?s=96&d=mm&r=g","contentUrl":"https:\/\/secure.gravatar.com\/avatar\/9b1269566f6a063ed26ffb3532b66a373cdde231ce5d0effb266167437fdaffd?s=96&d=mm&r=g","caption":"Gabriel Sales"},"description":"Periodista y especialista en Comunicaci\u00f3n y Branding digital. Cin\u00e9filo y cr\u00edtico de cine y series de televisi\u00f3n.","sameAs":["https:\/\/www.instagram.com\/cine90segundos\/","www.linkedin.com\/in\/habemusman","https:\/\/x.com\/habemusman","https:\/\/www.youtube.com\/channel\/UCVfCiOMkJ_C7T7OpyjuaLDg"],"url":"https:\/\/exaudi.org\/es\/author\/gsalesexaudi-org\/"}]}},"jetpack_featured_media_url":"https:\/\/exaudi.org\/wp-content\/uploads\/2021\/06\/12cccc.jpg","jetpack_shortlink":"https:\/\/wp.me\/pgKjF2-5kH","_links":{"self":[{"href":"https:\/\/exaudi.org\/es\/wp-json\/wp\/v2\/posts\/20503","targetHints":{"allow":["GET"]}}],"collection":[{"href":"https:\/\/exaudi.org\/es\/wp-json\/wp\/v2\/posts"}],"about":[{"href":"https:\/\/exaudi.org\/es\/wp-json\/wp\/v2\/types\/post"}],"author":[{"embeddable":true,"href":"https:\/\/exaudi.org\/es\/wp-json\/wp\/v2\/users\/6"}],"replies":[{"embeddable":true,"href":"https:\/\/exaudi.org\/es\/wp-json\/wp\/v2\/comments?post=20503"}],"version-history":[{"count":0,"href":"https:\/\/exaudi.org\/es\/wp-json\/wp\/v2\/posts\/20503\/revisions"}],"wp:featuredmedia":[{"embeddable":true,"href":"https:\/\/exaudi.org\/es\/wp-json\/wp\/v2\/media\/20505"}],"wp:attachment":[{"href":"https:\/\/exaudi.org\/es\/wp-json\/wp\/v2\/media?parent=20503"}],"wp:term":[{"taxonomy":"category","embeddable":true,"href":"https:\/\/exaudi.org\/es\/wp-json\/wp\/v2\/categories?post=20503"},{"taxonomy":"post_tag","embeddable":true,"href":"https:\/\/exaudi.org\/es\/wp-json\/wp\/v2\/tags?post=20503"}],"curies":[{"name":"wp","href":"https:\/\/api.w.org\/{rel}","templated":true}]}}