{"id":20477,"date":"2021-06-03T11:21:21","date_gmt":"2021-06-03T09:21:21","guid":{"rendered":"https:\/\/exaudi.org\/?p=20477"},"modified":"2021-06-15T10:19:27","modified_gmt":"2021-06-15T08:19:27","slug":"asamblea-eclesial-america-latina-y-caribe-seminario-virtual","status":"publish","type":"post","link":"https:\/\/exaudi.org\/es\/asamblea-eclesial-america-latina-y-caribe-seminario-virtual\/","title":{"rendered":"Asamblea Eclesial Am\u00e9rica Latina y Caribe: Nuevo seminario virtual"},"content":{"rendered":"<p>El Comit\u00e9 de Escucha de la <a href=\"https:\/\/exaudi.org\/es\/asamblea-eclesial-america-latina-inicia-el-proceso-de-escucha\/\" target=\"_blank\" rel=\"noopener noreferrer\">Asamblea Eclesial de Am\u00e9rica Latina y el Caribe<\/a> ha organizado un seminario virtual \u201cCentroam\u00e9rica y M\u00e9xico, construyendo nuevos caminos para la Asamblea Eclesial\u201d, que tendr\u00e1 lugar el pr\u00f3ximo viernes 4 de junio de 2021. As\u00ed inform\u00f3 el <a href=\"https:\/\/prensacelam.org\/\" target=\"_blank\" rel=\"noopener noreferrer\">Consejo Episcopal Latinoamericano<\/a> (CELAM) a trav\u00e9s de una nota.<\/p>\n<p>De 1 hora y 40 minutos de duraci\u00f3n, este espacio se ha propuesto para \u201cprofundizar en la din\u00e1mica de la escucha, actualmente en desarrollo, y motivar a las Iglesias locales, grupos, organizaciones e instituciones eclesiales de esta regi\u00f3n a participar\u00a0 activamente en todas las etapas de este evento sinodal\u201d, se lee en la nota.<\/p>\n<h4><strong>Detalles del evento<\/strong><\/h4>\n<p><img loading=\"lazy\" decoding=\"async\" class=\"alignleft size-medium wp-image-20483\" src=\"https:\/\/exaudi.org\/wp-content\/uploads\/2021\/06\/Seminario-virtual-Centroamerica-y-Mexico-250x300.jpeg\" alt=\"\" width=\"250\" height=\"300\" srcset=\"https:\/\/exaudi.org\/wp-content\/uploads\/2021\/06\/Seminario-virtual-Centroamerica-y-Mexico-250x300.jpeg 250w, https:\/\/exaudi.org\/wp-content\/uploads\/2021\/06\/Seminario-virtual-Centroamerica-y-Mexico-853x1024.jpeg 853w, https:\/\/exaudi.org\/wp-content\/uploads\/2021\/06\/Seminario-virtual-Centroamerica-y-Mexico-768x922.jpeg 768w, https:\/\/exaudi.org\/wp-content\/uploads\/2021\/06\/Seminario-virtual-Centroamerica-y-Mexico-150x180.jpeg 150w, https:\/\/exaudi.org\/wp-content\/uploads\/2021\/06\/Seminario-virtual-Centroamerica-y-Mexico-300x360.jpeg 300w, https:\/\/exaudi.org\/wp-content\/uploads\/2021\/06\/Seminario-virtual-Centroamerica-y-Mexico-696x836.jpeg 696w, https:\/\/exaudi.org\/wp-content\/uploads\/2021\/06\/Seminario-virtual-Centroamerica-y-Mexico-350x420.jpeg 350w, https:\/\/exaudi.org\/wp-content\/uploads\/2021\/06\/Seminario-virtual-Centroamerica-y-Mexico.jpeg 1066w\" sizes=\"auto, (max-width: 250px) 100vw, 250px\" \/><\/p>\n<p>El evento online, que podr\u00e1 seguirse a trav\u00e9s del canal de\u00a0<em>Facebook\u00a0<\/em>de la Asamblea Eclesial y del CELAM, as\u00ed como por el canal de\u00a0<em>YouTube\u00a0<\/em>de \u00e9ste, est\u00e1 previsto para celebrarse a las 16 horas, local de M\u00e9xico-Panam\u00e1, y 15 h de Centroam\u00e9rica (El Salvador, Honduras, Guatemala, Nicaragua y Costa Rica).<\/p>\n<p>Entre los ponentes se encuentran el cardenal\u00a0\u00c1lvaro Ramazzini, obispo de Huehuetenango, Guatemala, monse\u00f1or Gustavo Rodr\u00edguez, arzobispo de Yucat\u00e1n, M\u00e9xico, Mauricio L\u00f3pez, director del Centro pastoral de acci\u00f3n social y redes del CELAM, y Francisco Campos, responsable de la plataforma de escucha.<\/p>\n<p>El espacio de la oraci\u00f3n estar\u00e1 a cargo de la\u00a0hermana Adriana Romero, secretaria adjunta de la Comisi\u00f3n Episcopal para la Pastoral de Liturgia de la <a href=\"https:\/\/www.cem.org.mx\/\" target=\"_blank\" rel=\"noopener noreferrer\">Conferencia de Obispos de M\u00e9xico (CEM)<\/a>. El acto se dar\u00e1 bajo la moderaci\u00f3n de Janet Pedraza, coordinadora del Comit\u00e9 de Comunicaci\u00f3n de la Asamblea Eclesial.<\/p>\n<h4><strong>Proceso de escucha<\/strong><\/h4>\n<p>Por medio de un comunicado hecho el pasado 14 de abril, la <a href=\"https:\/\/asambleaeclesial.lat\/\" target=\"_blank\" rel=\"noopener noreferrer\">Asamblea Eclesial de Am\u00e9rica Latina y el Caribe<\/a> comunic\u00f3 que iniciaba el proceso de escucha a todo el Pueblo de Dios con el objetivo de generar diversos di\u00e1logos y actividades que, a d\u00eda de hoy, han sido \u201cel hilo conductor de todo el proceso de discernimiento hacia y durante la Asamblea\u201d, y que se extender\u00e1 hasta la mitad del mes de julio.<\/p>\n<p>El proceso de escucha se est\u00e1 desarrollando a trav\u00e9s de actividades comunitarias y contribuciones individuales, con registros realizados mediante el uso de una plataforma de colaboraci\u00f3n en l\u00ednea, en el sitio web de la Asamblea Eclesial, en su secci\u00f3n \u201cESCUCHA\u201d en este enlace <a href=\"https:\/\/asambleaeclesial.lat\/escucha\/\">https:\/\/asambleaeclesial.lat\/escucha<\/a>.<\/p>\n","protected":false},"excerpt":{"rendered":"<p>\u201cCentroam\u00e9rica y M\u00e9xico, construyendo nuevos caminos para la Asamblea Eclesial\u201d<\/p>\n","protected":false},"author":6,"featured_media":20480,"comment_status":"closed","ping_status":"closed","sticky":false,"template":"","format":"standard","meta":{"_acf_changed":false,"_crdt_document":"","inline_featured_image":false,"footnotes":""},"categories":[86,298],"tags":[252,1494,2643],"class_list":["post-20477","post","type-post","status-publish","format-standard","has-post-thumbnail","hentry","category-iglesia-local","category-ultimas-noticias","tag-asamblea-eclesial-de-america-latina-y-el-caribe","tag-consejo-episcopal-latinoamericano-celam","tag-seminario-virtual"],"acf":[],"yoast_head":"<!-- This site is optimized with the Yoast SEO plugin v27.5 - https:\/\/yoast.com\/product\/yoast-seo-wordpress\/ -->\n<title>Asamblea Eclesial Am\u00e9rica Latina y Caribe: Nuevo seminario virtual<\/title>\n<meta name=\"description\" content=\"El Comit\u00e9 de Escucha de la Asamblea Eclesial de Am\u00e9rica Latina y el Caribe ha organizado un nuevo seminario virtual.\" \/>\n<meta name=\"robots\" content=\"index, follow, max-snippet:-1, max-image-preview:large, max-video-preview:-1\" \/>\n<link rel=\"canonical\" href=\"https:\/\/exaudi.org\/es\/asamblea-eclesial-america-latina-y-caribe-seminario-virtual\/\" \/>\n<meta property=\"og:locale\" content=\"es_ES\" \/>\n<meta property=\"og:type\" content=\"article\" \/>\n<meta property=\"og:title\" content=\"Asamblea Eclesial Am\u00e9rica Latina y Caribe: Nuevo seminario virtual\" \/>\n<meta property=\"og:description\" content=\"El Comit\u00e9 de Escucha de la Asamblea Eclesial de Am\u00e9rica Latina y el Caribe ha organizado un nuevo seminario virtual.\" \/>\n<meta property=\"og:url\" content=\"https:\/\/exaudi.org\/es\/asamblea-eclesial-america-latina-y-caribe-seminario-virtual\/\" \/>\n<meta property=\"og:site_name\" content=\"Exaudi\" \/>\n<meta property=\"article:publisher\" content=\"https:\/\/www.facebook.com\/ExaudiNews\" \/>\n<meta property=\"article:published_time\" content=\"2021-06-03T09:21:21+00:00\" \/>\n<meta property=\"article:modified_time\" content=\"2021-06-15T08:19:27+00:00\" \/>\n<meta property=\"og:image\" content=\"https:\/\/exaudi.org\/wp-content\/uploads\/2021\/06\/n1n1n1-scaled.jpg\" \/>\n\t<meta property=\"og:image:width\" content=\"2560\" \/>\n\t<meta property=\"og:image:height\" content=\"1920\" \/>\n\t<meta property=\"og:image:type\" content=\"image\/jpeg\" \/>\n<meta name=\"author\" content=\"Gabriel Sales\" \/>\n<meta name=\"twitter:card\" content=\"summary_large_image\" \/>\n<meta name=\"twitter:creator\" content=\"@habemusman\" \/>\n<meta name=\"twitter:site\" content=\"@Exaudi_News\" \/>\n<meta name=\"twitter:label1\" content=\"Escrito por\" \/>\n\t<meta name=\"twitter:data1\" content=\"Gabriel Sales\" \/>\n\t<meta name=\"twitter:label2\" content=\"Tiempo de lectura\" \/>\n\t<meta name=\"twitter:data2\" content=\"2 minutos\" \/>\n<script type=\"application\/ld+json\" class=\"yoast-schema-graph\">{\"@context\":\"https:\\\/\\\/schema.org\",\"@graph\":[{\"@type\":\"Article\",\"@id\":\"https:\\\/\\\/exaudi.org\\\/es\\\/asamblea-eclesial-america-latina-y-caribe-seminario-virtual\\\/#article\",\"isPartOf\":{\"@id\":\"https:\\\/\\\/exaudi.org\\\/es\\\/asamblea-eclesial-america-latina-y-caribe-seminario-virtual\\\/\"},\"author\":{\"name\":\"Gabriel Sales\",\"@id\":\"https:\\\/\\\/exaudi.org\\\/#\\\/schema\\\/person\\\/d134b96438278131ce90c90c03fda6cd\"},\"headline\":\"Asamblea Eclesial Am\u00e9rica Latina y Caribe: Nuevo seminario virtual\",\"datePublished\":\"2021-06-03T09:21:21+00:00\",\"dateModified\":\"2021-06-15T08:19:27+00:00\",\"mainEntityOfPage\":{\"@id\":\"https:\\\/\\\/exaudi.org\\\/es\\\/asamblea-eclesial-america-latina-y-caribe-seminario-virtual\\\/\"},\"wordCount\":410,\"image\":{\"@id\":\"https:\\\/\\\/exaudi.org\\\/es\\\/asamblea-eclesial-america-latina-y-caribe-seminario-virtual\\\/#primaryimage\"},\"thumbnailUrl\":\"https:\\\/\\\/exaudi.org\\\/wp-content\\\/uploads\\\/2021\\\/06\\\/n1n1n1-scaled.jpg\",\"keywords\":[\"Asamblea Eclesial de Am\u00e9rica Latina y el Caribe\",\"Consejo Episcopal Latinoamericano (CELAM)\",\"Seminario virtual\"],\"articleSection\":[\"Iglesia Local\",\"\u00daltimas noticias\"],\"inLanguage\":\"es\"},{\"@type\":\"WebPage\",\"@id\":\"https:\\\/\\\/exaudi.org\\\/es\\\/asamblea-eclesial-america-latina-y-caribe-seminario-virtual\\\/\",\"url\":\"https:\\\/\\\/exaudi.org\\\/es\\\/asamblea-eclesial-america-latina-y-caribe-seminario-virtual\\\/\",\"name\":\"Asamblea Eclesial Am\u00e9rica Latina y Caribe: Nuevo seminario virtual\",\"isPartOf\":{\"@id\":\"https:\\\/\\\/exaudi.org\\\/#website\"},\"primaryImageOfPage\":{\"@id\":\"https:\\\/\\\/exaudi.org\\\/es\\\/asamblea-eclesial-america-latina-y-caribe-seminario-virtual\\\/#primaryimage\"},\"image\":{\"@id\":\"https:\\\/\\\/exaudi.org\\\/es\\\/asamblea-eclesial-america-latina-y-caribe-seminario-virtual\\\/#primaryimage\"},\"thumbnailUrl\":\"https:\\\/\\\/exaudi.org\\\/wp-content\\\/uploads\\\/2021\\\/06\\\/n1n1n1-scaled.jpg\",\"datePublished\":\"2021-06-03T09:21:21+00:00\",\"dateModified\":\"2021-06-15T08:19:27+00:00\",\"author\":{\"@id\":\"https:\\\/\\\/exaudi.org\\\/#\\\/schema\\\/person\\\/d134b96438278131ce90c90c03fda6cd\"},\"description\":\"El Comit\u00e9 de Escucha de la Asamblea Eclesial de Am\u00e9rica Latina y el Caribe ha organizado un nuevo seminario virtual.\",\"breadcrumb\":{\"@id\":\"https:\\\/\\\/exaudi.org\\\/es\\\/asamblea-eclesial-america-latina-y-caribe-seminario-virtual\\\/#breadcrumb\"},\"inLanguage\":\"es\",\"potentialAction\":[{\"@type\":\"ReadAction\",\"target\":[\"https:\\\/\\\/exaudi.org\\\/es\\\/asamblea-eclesial-america-latina-y-caribe-seminario-virtual\\\/\"]}]},{\"@type\":\"ImageObject\",\"inLanguage\":\"es\",\"@id\":\"https:\\\/\\\/exaudi.org\\\/es\\\/asamblea-eclesial-america-latina-y-caribe-seminario-virtual\\\/#primaryimage\",\"url\":\"https:\\\/\\\/exaudi.org\\\/wp-content\\\/uploads\\\/2021\\\/06\\\/n1n1n1-scaled.jpg\",\"contentUrl\":\"https:\\\/\\\/exaudi.org\\\/wp-content\\\/uploads\\\/2021\\\/06\\\/n1n1n1-scaled.jpg\",\"width\":2560,\"height\":1920,\"caption\":\"Paisaje en el Seminario de Colima, M\u00e9xico @ Cathopic\"},{\"@type\":\"BreadcrumbList\",\"@id\":\"https:\\\/\\\/exaudi.org\\\/es\\\/asamblea-eclesial-america-latina-y-caribe-seminario-virtual\\\/#breadcrumb\",\"itemListElement\":[{\"@type\":\"ListItem\",\"position\":1,\"name\":\"Portada\",\"item\":\"https:\\\/\\\/exaudi.org\\\/es\\\/\"},{\"@type\":\"ListItem\",\"position\":2,\"name\":\"Asamblea Eclesial Am\u00e9rica Latina y Caribe: Nuevo seminario virtual\"}]},{\"@type\":\"WebSite\",\"@id\":\"https:\\\/\\\/exaudi.org\\\/#website\",\"url\":\"https:\\\/\\\/exaudi.org\\\/\",\"name\":\"Exaudi\",\"description\":\"News\",\"potentialAction\":[{\"@type\":\"SearchAction\",\"target\":{\"@type\":\"EntryPoint\",\"urlTemplate\":\"https:\\\/\\\/exaudi.org\\\/?s={search_term_string}\"},\"query-input\":{\"@type\":\"PropertyValueSpecification\",\"valueRequired\":true,\"valueName\":\"search_term_string\"}}],\"inLanguage\":\"es\"},{\"@type\":\"Person\",\"@id\":\"https:\\\/\\\/exaudi.org\\\/#\\\/schema\\\/person\\\/d134b96438278131ce90c90c03fda6cd\",\"name\":\"Gabriel Sales\",\"image\":{\"@type\":\"ImageObject\",\"inLanguage\":\"es\",\"@id\":\"https:\\\/\\\/secure.gravatar.com\\\/avatar\\\/9b1269566f6a063ed26ffb3532b66a373cdde231ce5d0effb266167437fdaffd?s=96&d=mm&r=g\",\"url\":\"https:\\\/\\\/secure.gravatar.com\\\/avatar\\\/9b1269566f6a063ed26ffb3532b66a373cdde231ce5d0effb266167437fdaffd?s=96&d=mm&r=g\",\"contentUrl\":\"https:\\\/\\\/secure.gravatar.com\\\/avatar\\\/9b1269566f6a063ed26ffb3532b66a373cdde231ce5d0effb266167437fdaffd?s=96&d=mm&r=g\",\"caption\":\"Gabriel Sales\"},\"description\":\"Periodista y especialista en Comunicaci\u00f3n y Branding digital. Cin\u00e9filo y cr\u00edtico de cine y series de televisi\u00f3n.\",\"sameAs\":[\"https:\\\/\\\/www.instagram.com\\\/cine90segundos\\\/\",\"www.linkedin.com\\\/in\\\/habemusman\",\"https:\\\/\\\/x.com\\\/habemusman\",\"https:\\\/\\\/www.youtube.com\\\/channel\\\/UCVfCiOMkJ_C7T7OpyjuaLDg\"],\"url\":\"https:\\\/\\\/exaudi.org\\\/es\\\/author\\\/gsalesexaudi-org\\\/\"}]}<\/script>\n<!-- \/ Yoast SEO plugin. -->","yoast_head_json":{"title":"Asamblea Eclesial Am\u00e9rica Latina y Caribe: Nuevo seminario virtual","description":"El Comit\u00e9 de Escucha de la Asamblea Eclesial de Am\u00e9rica Latina y el Caribe ha organizado un nuevo seminario virtual.","robots":{"index":"index","follow":"follow","max-snippet":"max-snippet:-1","max-image-preview":"max-image-preview:large","max-video-preview":"max-video-preview:-1"},"canonical":"https:\/\/exaudi.org\/es\/asamblea-eclesial-america-latina-y-caribe-seminario-virtual\/","og_locale":"es_ES","og_type":"article","og_title":"Asamblea Eclesial Am\u00e9rica Latina y Caribe: Nuevo seminario virtual","og_description":"El Comit\u00e9 de Escucha de la Asamblea Eclesial de Am\u00e9rica Latina y el Caribe ha organizado un nuevo seminario virtual.","og_url":"https:\/\/exaudi.org\/es\/asamblea-eclesial-america-latina-y-caribe-seminario-virtual\/","og_site_name":"Exaudi","article_publisher":"https:\/\/www.facebook.com\/ExaudiNews","article_published_time":"2021-06-03T09:21:21+00:00","article_modified_time":"2021-06-15T08:19:27+00:00","og_image":[{"width":2560,"height":1920,"url":"https:\/\/exaudi.org\/wp-content\/uploads\/2021\/06\/n1n1n1-scaled.jpg","type":"image\/jpeg"}],"author":"Gabriel Sales","twitter_card":"summary_large_image","twitter_creator":"@habemusman","twitter_site":"@Exaudi_News","twitter_misc":{"Escrito por":"Gabriel Sales","Tiempo de lectura":"2 minutos"},"schema":{"@context":"https:\/\/schema.org","@graph":[{"@type":"Article","@id":"https:\/\/exaudi.org\/es\/asamblea-eclesial-america-latina-y-caribe-seminario-virtual\/#article","isPartOf":{"@id":"https:\/\/exaudi.org\/es\/asamblea-eclesial-america-latina-y-caribe-seminario-virtual\/"},"author":{"name":"Gabriel Sales","@id":"https:\/\/exaudi.org\/#\/schema\/person\/d134b96438278131ce90c90c03fda6cd"},"headline":"Asamblea Eclesial Am\u00e9rica Latina y Caribe: Nuevo seminario virtual","datePublished":"2021-06-03T09:21:21+00:00","dateModified":"2021-06-15T08:19:27+00:00","mainEntityOfPage":{"@id":"https:\/\/exaudi.org\/es\/asamblea-eclesial-america-latina-y-caribe-seminario-virtual\/"},"wordCount":410,"image":{"@id":"https:\/\/exaudi.org\/es\/asamblea-eclesial-america-latina-y-caribe-seminario-virtual\/#primaryimage"},"thumbnailUrl":"https:\/\/exaudi.org\/wp-content\/uploads\/2021\/06\/n1n1n1-scaled.jpg","keywords":["Asamblea Eclesial de Am\u00e9rica Latina y el Caribe","Consejo Episcopal Latinoamericano (CELAM)","Seminario virtual"],"articleSection":["Iglesia Local","\u00daltimas noticias"],"inLanguage":"es"},{"@type":"WebPage","@id":"https:\/\/exaudi.org\/es\/asamblea-eclesial-america-latina-y-caribe-seminario-virtual\/","url":"https:\/\/exaudi.org\/es\/asamblea-eclesial-america-latina-y-caribe-seminario-virtual\/","name":"Asamblea Eclesial Am\u00e9rica Latina y Caribe: Nuevo seminario virtual","isPartOf":{"@id":"https:\/\/exaudi.org\/#website"},"primaryImageOfPage":{"@id":"https:\/\/exaudi.org\/es\/asamblea-eclesial-america-latina-y-caribe-seminario-virtual\/#primaryimage"},"image":{"@id":"https:\/\/exaudi.org\/es\/asamblea-eclesial-america-latina-y-caribe-seminario-virtual\/#primaryimage"},"thumbnailUrl":"https:\/\/exaudi.org\/wp-content\/uploads\/2021\/06\/n1n1n1-scaled.jpg","datePublished":"2021-06-03T09:21:21+00:00","dateModified":"2021-06-15T08:19:27+00:00","author":{"@id":"https:\/\/exaudi.org\/#\/schema\/person\/d134b96438278131ce90c90c03fda6cd"},"description":"El Comit\u00e9 de Escucha de la Asamblea Eclesial de Am\u00e9rica Latina y el Caribe ha organizado un nuevo seminario virtual.","breadcrumb":{"@id":"https:\/\/exaudi.org\/es\/asamblea-eclesial-america-latina-y-caribe-seminario-virtual\/#breadcrumb"},"inLanguage":"es","potentialAction":[{"@type":"ReadAction","target":["https:\/\/exaudi.org\/es\/asamblea-eclesial-america-latina-y-caribe-seminario-virtual\/"]}]},{"@type":"ImageObject","inLanguage":"es","@id":"https:\/\/exaudi.org\/es\/asamblea-eclesial-america-latina-y-caribe-seminario-virtual\/#primaryimage","url":"https:\/\/exaudi.org\/wp-content\/uploads\/2021\/06\/n1n1n1-scaled.jpg","contentUrl":"https:\/\/exaudi.org\/wp-content\/uploads\/2021\/06\/n1n1n1-scaled.jpg","width":2560,"height":1920,"caption":"Paisaje en el Seminario de Colima, M\u00e9xico @ Cathopic"},{"@type":"BreadcrumbList","@id":"https:\/\/exaudi.org\/es\/asamblea-eclesial-america-latina-y-caribe-seminario-virtual\/#breadcrumb","itemListElement":[{"@type":"ListItem","position":1,"name":"Portada","item":"https:\/\/exaudi.org\/es\/"},{"@type":"ListItem","position":2,"name":"Asamblea Eclesial Am\u00e9rica Latina y Caribe: Nuevo seminario virtual"}]},{"@type":"WebSite","@id":"https:\/\/exaudi.org\/#website","url":"https:\/\/exaudi.org\/","name":"Exaudi","description":"News","potentialAction":[{"@type":"SearchAction","target":{"@type":"EntryPoint","urlTemplate":"https:\/\/exaudi.org\/?s={search_term_string}"},"query-input":{"@type":"PropertyValueSpecification","valueRequired":true,"valueName":"search_term_string"}}],"inLanguage":"es"},{"@type":"Person","@id":"https:\/\/exaudi.org\/#\/schema\/person\/d134b96438278131ce90c90c03fda6cd","name":"Gabriel Sales","image":{"@type":"ImageObject","inLanguage":"es","@id":"https:\/\/secure.gravatar.com\/avatar\/9b1269566f6a063ed26ffb3532b66a373cdde231ce5d0effb266167437fdaffd?s=96&d=mm&r=g","url":"https:\/\/secure.gravatar.com\/avatar\/9b1269566f6a063ed26ffb3532b66a373cdde231ce5d0effb266167437fdaffd?s=96&d=mm&r=g","contentUrl":"https:\/\/secure.gravatar.com\/avatar\/9b1269566f6a063ed26ffb3532b66a373cdde231ce5d0effb266167437fdaffd?s=96&d=mm&r=g","caption":"Gabriel Sales"},"description":"Periodista y especialista en Comunicaci\u00f3n y Branding digital. Cin\u00e9filo y cr\u00edtico de cine y series de televisi\u00f3n.","sameAs":["https:\/\/www.instagram.com\/cine90segundos\/","www.linkedin.com\/in\/habemusman","https:\/\/x.com\/habemusman","https:\/\/www.youtube.com\/channel\/UCVfCiOMkJ_C7T7OpyjuaLDg"],"url":"https:\/\/exaudi.org\/es\/author\/gsalesexaudi-org\/"}]}},"jetpack_featured_media_url":"https:\/\/exaudi.org\/wp-content\/uploads\/2021\/06\/n1n1n1-scaled.jpg","jetpack_shortlink":"https:\/\/wp.me\/pgKjF2-5kh","_links":{"self":[{"href":"https:\/\/exaudi.org\/es\/wp-json\/wp\/v2\/posts\/20477","targetHints":{"allow":["GET"]}}],"collection":[{"href":"https:\/\/exaudi.org\/es\/wp-json\/wp\/v2\/posts"}],"about":[{"href":"https:\/\/exaudi.org\/es\/wp-json\/wp\/v2\/types\/post"}],"author":[{"embeddable":true,"href":"https:\/\/exaudi.org\/es\/wp-json\/wp\/v2\/users\/6"}],"replies":[{"embeddable":true,"href":"https:\/\/exaudi.org\/es\/wp-json\/wp\/v2\/comments?post=20477"}],"version-history":[{"count":0,"href":"https:\/\/exaudi.org\/es\/wp-json\/wp\/v2\/posts\/20477\/revisions"}],"wp:featuredmedia":[{"embeddable":true,"href":"https:\/\/exaudi.org\/es\/wp-json\/wp\/v2\/media\/20480"}],"wp:attachment":[{"href":"https:\/\/exaudi.org\/es\/wp-json\/wp\/v2\/media?parent=20477"}],"wp:term":[{"taxonomy":"category","embeddable":true,"href":"https:\/\/exaudi.org\/es\/wp-json\/wp\/v2\/categories?post=20477"},{"taxonomy":"post_tag","embeddable":true,"href":"https:\/\/exaudi.org\/es\/wp-json\/wp\/v2\/tags?post=20477"}],"curies":[{"name":"wp","href":"https:\/\/api.w.org\/{rel}","templated":true}]}}