{"id":20394,"date":"2021-06-02T16:32:50","date_gmt":"2021-06-02T14:32:50","guid":{"rendered":"https:\/\/exaudi.org\/?p=20394"},"modified":"2021-06-03T10:02:21","modified_gmt":"2021-06-03T08:02:21","slug":"obras-misionales-pontificias-inauguracion-asamblea-general-anual","status":"publish","type":"post","link":"https:\/\/exaudi.org\/es\/obras-misionales-pontificias-inauguracion-asamblea-general-anual\/","title":{"rendered":"Obras Misionales Pontificias inauguran su Asamblea General"},"content":{"rendered":"<p>Ayer, martes 1 de junio de 2021, se inaugur\u00f3 la Asamblea General anual de las <a href=\"https:\/\/www.ppoomm.va\/es.html\" target=\"_blank\" rel=\"noopener noreferrer\">Obras Misionales Pontificias<\/a> (OMP), cuyos trabajos se prolongar\u00e1n hasta el pr\u00f3ximo jueves 3 de junio. De esta manera ha informado hoy la Agencia Fides a trav\u00e9s de una nota.<\/p>\n<p>Seg\u00fan relata la citada fuente, la cita, que este a\u00f1o tambi\u00e9n tiene lugar de forma digital debido a la pandemia por COVID-19, asisten los directores nacionales de las <a href=\"https:\/\/exaudi.org\/es\/obras-misionales-pontificias-celebraran-200-anos-fundacion\/\" target=\"_blank\" rel=\"noopener noreferrer\">OMP<\/a> de todos los continentes, junto con el presidente, los secretarios generales de las cuatro obras y el encargado de la administraci\u00f3n.<\/p>\n<h4><strong>Programa<\/strong><\/h4>\n<p>Los trabajos se abrieron ayer con el saludo de bienvenida del arzobispo Giampietro Dal Toso, secretario adjunto de la <a href=\"https:\/\/www.vatican.va\/roman_curia\/congregations\/cevang\/index_sp.htm\" target=\"_blank\" rel=\"noopener noreferrer\">Congregaci\u00f3n para la Evangelizaci\u00f3n de los Pueblos<\/a> y presidente de las OMP, que introdujo la intervenci\u00f3n del prefecto de la misma Congregaci\u00f3n, el cardenal Luis Antonio G. Tagle. Sucesivamente, Mons. Toso dio su discurso. Cada ponencia precedi\u00f3 a un di\u00e1logo con los directores nacionales.<\/p>\n<p>El d\u00eda de hoy cuenta con la intervenci\u00f3n del padre Tadeusz Nowak, secretario general de la obra de la Propagaci\u00f3n de la Fe, y la hermana Roberta Tremarelli, secretaria general de la de la Infancia Misionera. El \u00faltimo d\u00eda de trabajo contar\u00e1 con el P. Guy Bognon, secretario general de la obra de San Pedro Ap\u00f3stol, y del P. Dinh Anh Nhue Nguyen, de la Uni\u00f3n Misional.<\/p>\n<p>Despu\u00e9s se elaborar\u00e1 un informe del Consejo de Finanzas y del encargado de la administraci\u00f3n, Mons. Carlo Soldateschi. Los trabajos ser\u00e1n clausurados por el presidente de las OMP.<\/p>\n<p>Debido al impacto devastador de la crisis sanitaria a la salud y la econom\u00eda a nivel global, el Santo Padre estableci\u00f3 un Fondo de Solidaridad con el que las Obras Misionales Pontificias han aliviado el sufrimiento de muchas personas en el mundo y satisfecho las necesidades m\u00e1s urgentes de los misioneros para seguir anunciando el Evangelio.<\/p>\n<p>\u201cCon la esperanza de que el camino hacia la superaci\u00f3n de la pandemia avance r\u00e1pidamente\u201d, las OMP miran hacia algunos acontecimientos importantes que se celebrar\u00e1n en 2022: Los 400 a\u00f1os de la fundaci\u00f3n de <em>Propaganda fide;<\/em> los 200 a\u00f1os de la fundaci\u00f3n de la Obra de Propagaci\u00f3n de la Fe; los 100 a\u00f1os de la elevaci\u00f3n de las Obras a Obras Pontificias. Adem\u00e1s, se celebrar\u00e1 el 150 aniversario del nacimiento del padre Paolo Manna y, con gran probabilidad, la beatificaci\u00f3n de Pauline Jaricot.<\/p>\n<h4><strong>OMP<\/strong><\/h4>\n<p>De acuerdo a su web, las Obras Misionales Pontificias son una red mundial al servicio del Papa Francisco para sostener la misi\u00f3n y a las j\u00f3venes Iglesias con la oraci\u00f3n y la caridad.\u00a0El Concilio Vaticano II afirma que bajo el nombre de misiones se albergan dos actividades: El anuncio del Evangelio y la implantaci\u00f3n de nuevas Iglesias. El carisma de las OMP se sit\u00faa en la visi\u00f3n amplia de la <i>missio ad gentes<\/i> y en la relaci\u00f3n entre Iglesia local y universal.<\/p>\n<p>Son cuatro: Propagaci\u00f3n de la Fe, Santa Infancia o Infancia Misionera y San Pedro Ap\u00f3stol nacieron en Francia en el siglo XIX, dos de ellas por iniciativa de mujeres apasionadas de la misi\u00f3n. En particular Pauline Jaricot, la fundadora de la Obra en 1822, expres\u00f3 el principio fundamental: Orar y ofrecer por la obra de evangelizaci\u00f3n de la iglesia. La cuarta, la Pontificia Uni\u00f3n Misional, naci\u00f3 a principios del siglo XX.<\/p>\n<p>En 1922 el Papa Pio XI confiri\u00f3 a las Obras el car\u00e1cter de \u201cPontificias\u201d. De este modo, reconoci\u00f3 el carisma de las mismas, las hizo suyas y las convirti\u00f3 en su instrumento para sostener, con oraci\u00f3n y caridad, la <em>missio ad gentes<\/em> de la Iglesia. A trav\u00e9s de ellas, el Pont\u00edfice se ocupa de las numerosas necesidades pastorales de las iglesias j\u00f3venes.<\/p>\n<p>De hecho, ofrecen un apoyo espiritual y material constante para que los misioneros puedan anunciar el Evangelio y edificar la Iglesia, contribuyendo as\u00ed al bien de las personas entre las que cumplen su mandato.<\/p>\n<p>Las OMP est\u00e1n al servicio de la Iglesia y brindan a cada bautizado la oportunidad de vivir su fe comparti\u00e9ndola con los dem\u00e1s y experimentando su dimensi\u00f3n universal. La oraci\u00f3n, el sacrificio y la caridad son modalidades concretas que ofrecen las OMP para vivir una fe misionera y universal.<\/p>\n","protected":false},"excerpt":{"rendered":"<p>Del 1 al 3 de junio<\/p>\n","protected":false},"author":6,"featured_media":20409,"comment_status":"closed","ping_status":"closed","sticky":false,"template":"","format":"standard","meta":{"_acf_changed":false,"_crdt_document":"","inline_featured_image":false,"footnotes":""},"categories":[74,298],"tags":[2427,2632],"class_list":["post-20394","post","type-post","status-publish","format-standard","has-post-thumbnail","hentry","category-iglesia-y-mundo","category-ultimas-noticias","tag-asamblea-general","tag-obras-misionales-pontificias-omp"],"acf":[],"yoast_head":"<!-- This site is optimized with the Yoast SEO plugin v27.5 - https:\/\/yoast.com\/product\/yoast-seo-wordpress\/ -->\n<title>Obras Misionales Pontificias inauguran su Asamblea General - Exaudi<\/title>\n<meta name=\"description\" content=\"Las Obras Misionales Pontificias inauguraron ayer, martes 1 de junio de 2021, su Asamblea general anual, que se extiende hasta ma\u00f1ana d\u00eda 3.\" \/>\n<meta name=\"robots\" content=\"index, follow, max-snippet:-1, max-image-preview:large, max-video-preview:-1\" \/>\n<link rel=\"canonical\" href=\"https:\/\/exaudi.org\/es\/obras-misionales-pontificias-inauguracion-asamblea-general-anual\/\" \/>\n<meta property=\"og:locale\" content=\"es_ES\" \/>\n<meta property=\"og:type\" content=\"article\" \/>\n<meta property=\"og:title\" content=\"Obras Misionales Pontificias inauguran su Asamblea General - Exaudi\" \/>\n<meta property=\"og:description\" content=\"Las Obras Misionales Pontificias inauguraron ayer, martes 1 de junio de 2021, su Asamblea general anual, que se extiende hasta ma\u00f1ana d\u00eda 3.\" \/>\n<meta property=\"og:url\" content=\"https:\/\/exaudi.org\/es\/obras-misionales-pontificias-inauguracion-asamblea-general-anual\/\" \/>\n<meta property=\"og:site_name\" content=\"Exaudi\" \/>\n<meta property=\"article:publisher\" content=\"https:\/\/www.facebook.com\/ExaudiNews\" \/>\n<meta property=\"article:published_time\" content=\"2021-06-02T14:32:50+00:00\" \/>\n<meta property=\"article:modified_time\" content=\"2021-06-03T08:02:21+00:00\" \/>\n<meta property=\"og:image\" content=\"https:\/\/exaudi.org\/wp-content\/uploads\/2021\/06\/123cccc.jpg\" \/>\n\t<meta property=\"og:image:width\" content=\"1047\" \/>\n\t<meta property=\"og:image:height\" content=\"654\" \/>\n\t<meta property=\"og:image:type\" content=\"image\/jpeg\" \/>\n<meta name=\"author\" content=\"Gabriel Sales\" \/>\n<meta name=\"twitter:card\" content=\"summary_large_image\" \/>\n<meta name=\"twitter:creator\" content=\"@habemusman\" \/>\n<meta name=\"twitter:site\" content=\"@Exaudi_News\" \/>\n<meta name=\"twitter:label1\" content=\"Escrito por\" \/>\n\t<meta name=\"twitter:data1\" content=\"Gabriel Sales\" \/>\n\t<meta name=\"twitter:label2\" content=\"Tiempo de lectura\" \/>\n\t<meta name=\"twitter:data2\" content=\"4 minutos\" \/>\n<script type=\"application\/ld+json\" class=\"yoast-schema-graph\">{\"@context\":\"https:\\\/\\\/schema.org\",\"@graph\":[{\"@type\":\"Article\",\"@id\":\"https:\\\/\\\/exaudi.org\\\/es\\\/obras-misionales-pontificias-inauguracion-asamblea-general-anual\\\/#article\",\"isPartOf\":{\"@id\":\"https:\\\/\\\/exaudi.org\\\/es\\\/obras-misionales-pontificias-inauguracion-asamblea-general-anual\\\/\"},\"author\":{\"name\":\"Gabriel Sales\",\"@id\":\"https:\\\/\\\/exaudi.org\\\/#\\\/schema\\\/person\\\/d134b96438278131ce90c90c03fda6cd\"},\"headline\":\"Obras Misionales Pontificias inauguran su Asamblea General\",\"datePublished\":\"2021-06-02T14:32:50+00:00\",\"dateModified\":\"2021-06-03T08:02:21+00:00\",\"mainEntityOfPage\":{\"@id\":\"https:\\\/\\\/exaudi.org\\\/es\\\/obras-misionales-pontificias-inauguracion-asamblea-general-anual\\\/\"},\"wordCount\":746,\"image\":{\"@id\":\"https:\\\/\\\/exaudi.org\\\/es\\\/obras-misionales-pontificias-inauguracion-asamblea-general-anual\\\/#primaryimage\"},\"thumbnailUrl\":\"https:\\\/\\\/exaudi.org\\\/wp-content\\\/uploads\\\/2021\\\/06\\\/123cccc.jpg\",\"keywords\":[\"Asamblea general\",\"Obras Misionales Pontificias (OMP)\"],\"articleSection\":[\"Iglesia y Mundo\",\"\u00daltimas noticias\"],\"inLanguage\":\"es\"},{\"@type\":\"WebPage\",\"@id\":\"https:\\\/\\\/exaudi.org\\\/es\\\/obras-misionales-pontificias-inauguracion-asamblea-general-anual\\\/\",\"url\":\"https:\\\/\\\/exaudi.org\\\/es\\\/obras-misionales-pontificias-inauguracion-asamblea-general-anual\\\/\",\"name\":\"Obras Misionales Pontificias inauguran su Asamblea General - Exaudi\",\"isPartOf\":{\"@id\":\"https:\\\/\\\/exaudi.org\\\/#website\"},\"primaryImageOfPage\":{\"@id\":\"https:\\\/\\\/exaudi.org\\\/es\\\/obras-misionales-pontificias-inauguracion-asamblea-general-anual\\\/#primaryimage\"},\"image\":{\"@id\":\"https:\\\/\\\/exaudi.org\\\/es\\\/obras-misionales-pontificias-inauguracion-asamblea-general-anual\\\/#primaryimage\"},\"thumbnailUrl\":\"https:\\\/\\\/exaudi.org\\\/wp-content\\\/uploads\\\/2021\\\/06\\\/123cccc.jpg\",\"datePublished\":\"2021-06-02T14:32:50+00:00\",\"dateModified\":\"2021-06-03T08:02:21+00:00\",\"author\":{\"@id\":\"https:\\\/\\\/exaudi.org\\\/#\\\/schema\\\/person\\\/d134b96438278131ce90c90c03fda6cd\"},\"description\":\"Las Obras Misionales Pontificias inauguraron ayer, martes 1 de junio de 2021, su Asamblea general anual, que se extiende hasta ma\u00f1ana d\u00eda 3.\",\"breadcrumb\":{\"@id\":\"https:\\\/\\\/exaudi.org\\\/es\\\/obras-misionales-pontificias-inauguracion-asamblea-general-anual\\\/#breadcrumb\"},\"inLanguage\":\"es\",\"potentialAction\":[{\"@type\":\"ReadAction\",\"target\":[\"https:\\\/\\\/exaudi.org\\\/es\\\/obras-misionales-pontificias-inauguracion-asamblea-general-anual\\\/\"]}]},{\"@type\":\"ImageObject\",\"inLanguage\":\"es\",\"@id\":\"https:\\\/\\\/exaudi.org\\\/es\\\/obras-misionales-pontificias-inauguracion-asamblea-general-anual\\\/#primaryimage\",\"url\":\"https:\\\/\\\/exaudi.org\\\/wp-content\\\/uploads\\\/2021\\\/06\\\/123cccc.jpg\",\"contentUrl\":\"https:\\\/\\\/exaudi.org\\\/wp-content\\\/uploads\\\/2021\\\/06\\\/123cccc.jpg\",\"width\":1047,\"height\":654,\"caption\":\"El Papa frente a los j\u00f3venes \u00a9 OMP Espa\u00f1a\"},{\"@type\":\"BreadcrumbList\",\"@id\":\"https:\\\/\\\/exaudi.org\\\/es\\\/obras-misionales-pontificias-inauguracion-asamblea-general-anual\\\/#breadcrumb\",\"itemListElement\":[{\"@type\":\"ListItem\",\"position\":1,\"name\":\"Portada\",\"item\":\"https:\\\/\\\/exaudi.org\\\/es\\\/\"},{\"@type\":\"ListItem\",\"position\":2,\"name\":\"Obras Misionales Pontificias inauguran su Asamblea General\"}]},{\"@type\":\"WebSite\",\"@id\":\"https:\\\/\\\/exaudi.org\\\/#website\",\"url\":\"https:\\\/\\\/exaudi.org\\\/\",\"name\":\"Exaudi\",\"description\":\"News\",\"potentialAction\":[{\"@type\":\"SearchAction\",\"target\":{\"@type\":\"EntryPoint\",\"urlTemplate\":\"https:\\\/\\\/exaudi.org\\\/?s={search_term_string}\"},\"query-input\":{\"@type\":\"PropertyValueSpecification\",\"valueRequired\":true,\"valueName\":\"search_term_string\"}}],\"inLanguage\":\"es\"},{\"@type\":\"Person\",\"@id\":\"https:\\\/\\\/exaudi.org\\\/#\\\/schema\\\/person\\\/d134b96438278131ce90c90c03fda6cd\",\"name\":\"Gabriel Sales\",\"image\":{\"@type\":\"ImageObject\",\"inLanguage\":\"es\",\"@id\":\"https:\\\/\\\/secure.gravatar.com\\\/avatar\\\/9b1269566f6a063ed26ffb3532b66a373cdde231ce5d0effb266167437fdaffd?s=96&d=mm&r=g\",\"url\":\"https:\\\/\\\/secure.gravatar.com\\\/avatar\\\/9b1269566f6a063ed26ffb3532b66a373cdde231ce5d0effb266167437fdaffd?s=96&d=mm&r=g\",\"contentUrl\":\"https:\\\/\\\/secure.gravatar.com\\\/avatar\\\/9b1269566f6a063ed26ffb3532b66a373cdde231ce5d0effb266167437fdaffd?s=96&d=mm&r=g\",\"caption\":\"Gabriel Sales\"},\"description\":\"Periodista y especialista en Comunicaci\u00f3n y Branding digital. Cin\u00e9filo y cr\u00edtico de cine y series de televisi\u00f3n.\",\"sameAs\":[\"https:\\\/\\\/www.instagram.com\\\/cine90segundos\\\/\",\"www.linkedin.com\\\/in\\\/habemusman\",\"https:\\\/\\\/x.com\\\/habemusman\",\"https:\\\/\\\/www.youtube.com\\\/channel\\\/UCVfCiOMkJ_C7T7OpyjuaLDg\"],\"url\":\"https:\\\/\\\/exaudi.org\\\/es\\\/author\\\/gsalesexaudi-org\\\/\"}]}<\/script>\n<!-- \/ Yoast SEO plugin. -->","yoast_head_json":{"title":"Obras Misionales Pontificias inauguran su Asamblea General - Exaudi","description":"Las Obras Misionales Pontificias inauguraron ayer, martes 1 de junio de 2021, su Asamblea general anual, que se extiende hasta ma\u00f1ana d\u00eda 3.","robots":{"index":"index","follow":"follow","max-snippet":"max-snippet:-1","max-image-preview":"max-image-preview:large","max-video-preview":"max-video-preview:-1"},"canonical":"https:\/\/exaudi.org\/es\/obras-misionales-pontificias-inauguracion-asamblea-general-anual\/","og_locale":"es_ES","og_type":"article","og_title":"Obras Misionales Pontificias inauguran su Asamblea General - Exaudi","og_description":"Las Obras Misionales Pontificias inauguraron ayer, martes 1 de junio de 2021, su Asamblea general anual, que se extiende hasta ma\u00f1ana d\u00eda 3.","og_url":"https:\/\/exaudi.org\/es\/obras-misionales-pontificias-inauguracion-asamblea-general-anual\/","og_site_name":"Exaudi","article_publisher":"https:\/\/www.facebook.com\/ExaudiNews","article_published_time":"2021-06-02T14:32:50+00:00","article_modified_time":"2021-06-03T08:02:21+00:00","og_image":[{"width":1047,"height":654,"url":"https:\/\/exaudi.org\/wp-content\/uploads\/2021\/06\/123cccc.jpg","type":"image\/jpeg"}],"author":"Gabriel Sales","twitter_card":"summary_large_image","twitter_creator":"@habemusman","twitter_site":"@Exaudi_News","twitter_misc":{"Escrito por":"Gabriel Sales","Tiempo de lectura":"4 minutos"},"schema":{"@context":"https:\/\/schema.org","@graph":[{"@type":"Article","@id":"https:\/\/exaudi.org\/es\/obras-misionales-pontificias-inauguracion-asamblea-general-anual\/#article","isPartOf":{"@id":"https:\/\/exaudi.org\/es\/obras-misionales-pontificias-inauguracion-asamblea-general-anual\/"},"author":{"name":"Gabriel Sales","@id":"https:\/\/exaudi.org\/#\/schema\/person\/d134b96438278131ce90c90c03fda6cd"},"headline":"Obras Misionales Pontificias inauguran su Asamblea General","datePublished":"2021-06-02T14:32:50+00:00","dateModified":"2021-06-03T08:02:21+00:00","mainEntityOfPage":{"@id":"https:\/\/exaudi.org\/es\/obras-misionales-pontificias-inauguracion-asamblea-general-anual\/"},"wordCount":746,"image":{"@id":"https:\/\/exaudi.org\/es\/obras-misionales-pontificias-inauguracion-asamblea-general-anual\/#primaryimage"},"thumbnailUrl":"https:\/\/exaudi.org\/wp-content\/uploads\/2021\/06\/123cccc.jpg","keywords":["Asamblea general","Obras Misionales Pontificias (OMP)"],"articleSection":["Iglesia y Mundo","\u00daltimas noticias"],"inLanguage":"es"},{"@type":"WebPage","@id":"https:\/\/exaudi.org\/es\/obras-misionales-pontificias-inauguracion-asamblea-general-anual\/","url":"https:\/\/exaudi.org\/es\/obras-misionales-pontificias-inauguracion-asamblea-general-anual\/","name":"Obras Misionales Pontificias inauguran su Asamblea General - Exaudi","isPartOf":{"@id":"https:\/\/exaudi.org\/#website"},"primaryImageOfPage":{"@id":"https:\/\/exaudi.org\/es\/obras-misionales-pontificias-inauguracion-asamblea-general-anual\/#primaryimage"},"image":{"@id":"https:\/\/exaudi.org\/es\/obras-misionales-pontificias-inauguracion-asamblea-general-anual\/#primaryimage"},"thumbnailUrl":"https:\/\/exaudi.org\/wp-content\/uploads\/2021\/06\/123cccc.jpg","datePublished":"2021-06-02T14:32:50+00:00","dateModified":"2021-06-03T08:02:21+00:00","author":{"@id":"https:\/\/exaudi.org\/#\/schema\/person\/d134b96438278131ce90c90c03fda6cd"},"description":"Las Obras Misionales Pontificias inauguraron ayer, martes 1 de junio de 2021, su Asamblea general anual, que se extiende hasta ma\u00f1ana d\u00eda 3.","breadcrumb":{"@id":"https:\/\/exaudi.org\/es\/obras-misionales-pontificias-inauguracion-asamblea-general-anual\/#breadcrumb"},"inLanguage":"es","potentialAction":[{"@type":"ReadAction","target":["https:\/\/exaudi.org\/es\/obras-misionales-pontificias-inauguracion-asamblea-general-anual\/"]}]},{"@type":"ImageObject","inLanguage":"es","@id":"https:\/\/exaudi.org\/es\/obras-misionales-pontificias-inauguracion-asamblea-general-anual\/#primaryimage","url":"https:\/\/exaudi.org\/wp-content\/uploads\/2021\/06\/123cccc.jpg","contentUrl":"https:\/\/exaudi.org\/wp-content\/uploads\/2021\/06\/123cccc.jpg","width":1047,"height":654,"caption":"El Papa frente a los j\u00f3venes \u00a9 OMP Espa\u00f1a"},{"@type":"BreadcrumbList","@id":"https:\/\/exaudi.org\/es\/obras-misionales-pontificias-inauguracion-asamblea-general-anual\/#breadcrumb","itemListElement":[{"@type":"ListItem","position":1,"name":"Portada","item":"https:\/\/exaudi.org\/es\/"},{"@type":"ListItem","position":2,"name":"Obras Misionales Pontificias inauguran su Asamblea General"}]},{"@type":"WebSite","@id":"https:\/\/exaudi.org\/#website","url":"https:\/\/exaudi.org\/","name":"Exaudi","description":"News","potentialAction":[{"@type":"SearchAction","target":{"@type":"EntryPoint","urlTemplate":"https:\/\/exaudi.org\/?s={search_term_string}"},"query-input":{"@type":"PropertyValueSpecification","valueRequired":true,"valueName":"search_term_string"}}],"inLanguage":"es"},{"@type":"Person","@id":"https:\/\/exaudi.org\/#\/schema\/person\/d134b96438278131ce90c90c03fda6cd","name":"Gabriel Sales","image":{"@type":"ImageObject","inLanguage":"es","@id":"https:\/\/secure.gravatar.com\/avatar\/9b1269566f6a063ed26ffb3532b66a373cdde231ce5d0effb266167437fdaffd?s=96&d=mm&r=g","url":"https:\/\/secure.gravatar.com\/avatar\/9b1269566f6a063ed26ffb3532b66a373cdde231ce5d0effb266167437fdaffd?s=96&d=mm&r=g","contentUrl":"https:\/\/secure.gravatar.com\/avatar\/9b1269566f6a063ed26ffb3532b66a373cdde231ce5d0effb266167437fdaffd?s=96&d=mm&r=g","caption":"Gabriel Sales"},"description":"Periodista y especialista en Comunicaci\u00f3n y Branding digital. Cin\u00e9filo y cr\u00edtico de cine y series de televisi\u00f3n.","sameAs":["https:\/\/www.instagram.com\/cine90segundos\/","www.linkedin.com\/in\/habemusman","https:\/\/x.com\/habemusman","https:\/\/www.youtube.com\/channel\/UCVfCiOMkJ_C7T7OpyjuaLDg"],"url":"https:\/\/exaudi.org\/es\/author\/gsalesexaudi-org\/"}]}},"jetpack_featured_media_url":"https:\/\/exaudi.org\/wp-content\/uploads\/2021\/06\/123cccc.jpg","jetpack_shortlink":"https:\/\/wp.me\/pgKjF2-5iW","_links":{"self":[{"href":"https:\/\/exaudi.org\/es\/wp-json\/wp\/v2\/posts\/20394","targetHints":{"allow":["GET"]}}],"collection":[{"href":"https:\/\/exaudi.org\/es\/wp-json\/wp\/v2\/posts"}],"about":[{"href":"https:\/\/exaudi.org\/es\/wp-json\/wp\/v2\/types\/post"}],"author":[{"embeddable":true,"href":"https:\/\/exaudi.org\/es\/wp-json\/wp\/v2\/users\/6"}],"replies":[{"embeddable":true,"href":"https:\/\/exaudi.org\/es\/wp-json\/wp\/v2\/comments?post=20394"}],"version-history":[{"count":0,"href":"https:\/\/exaudi.org\/es\/wp-json\/wp\/v2\/posts\/20394\/revisions"}],"wp:featuredmedia":[{"embeddable":true,"href":"https:\/\/exaudi.org\/es\/wp-json\/wp\/v2\/media\/20409"}],"wp:attachment":[{"href":"https:\/\/exaudi.org\/es\/wp-json\/wp\/v2\/media?parent=20394"}],"wp:term":[{"taxonomy":"category","embeddable":true,"href":"https:\/\/exaudi.org\/es\/wp-json\/wp\/v2\/categories?post=20394"},{"taxonomy":"post_tag","embeddable":true,"href":"https:\/\/exaudi.org\/es\/wp-json\/wp\/v2\/tags?post=20394"}],"curies":[{"name":"wp","href":"https:\/\/api.w.org\/{rel}","templated":true}]}}