{"id":20263,"date":"2021-06-02T10:30:35","date_gmt":"2021-06-02T08:30:35","guid":{"rendered":"https:\/\/exaudi.org\/?p=20263"},"modified":"2021-06-02T17:41:24","modified_gmt":"2021-06-02T15:41:24","slug":"acn-celebra-proxima-reunion-entre-papa-y-libano","status":"publish","type":"post","link":"https:\/\/exaudi.org\/es\/acn-celebra-proxima-reunion-entre-papa-y-libano\/","title":{"rendered":"ACN celebra pr\u00f3xima reuni\u00f3n entre Papa y L\u00edbano"},"content":{"rendered":"<p>Durante la oraci\u00f3n del <a href=\"https:\/\/exaudi.org\/es\/papa-lideres-cristianos-libano\/\" target=\"_blank\" rel=\"noopener noreferrer\">\u00c1ngelus del 30 de mayo de 2021<\/a>, domingo de la Sant\u00edsima Trinidad, el Papa Francisco anunci\u00f3 una <a href=\"https:\/\/exaudi.org\/es\/vaticano-encuentro-del-papa-y-libano-llamamiento-avanzar\/\" target=\"_blank\" rel=\"noopener noreferrer\">reuni\u00f3n con los principales l\u00edderes de las comunidades cristianas<\/a> del L\u00edbano para el 1 de julio y, con motivo de ello, el presidente ejecutivo internacional de la fundaci\u00f3n pontificia <a href=\"https:\/\/acninternational.org\/es\/\" target=\"_blank\" rel=\"noopener noreferrer\">Ayuda a la Iglesia Necesitada<\/a> (ACN), Dr. Thomas Heine-Geldern, ha emitido un comunicado.<\/p>\n<p><em>\u201c<\/em>ACN se alegra del anuncio que acoge con gran satisfacci\u00f3n. El Santo Padre demuestra cu\u00e1nto le importa el destino del pueblo liban\u00e9s. El L\u00edbano es un eje \u00a0para el cristianismo en Oriente Medio y necesita nuestra solidaridad y oraci\u00f3n con m\u00e1s urgencia que nunca\u201d, expresa el presidente.<\/p>\n<p>\u201cDurante d\u00e9cadas ACN ha apoyado\u00a0 a los cristianos del pa\u00eds, que representan alrededor de un tercio de la poblaci\u00f3n total, es\u00a0 el hogar de una de las comunidades cristianas m\u00e1s grandes de todo Oriente Medio. El L\u00edbano es tambi\u00e9n s\u00edmbolo de la coexistencia de religiones. Como dijo acertadamente el papa Juan Pablo II: el L\u00edbano es m\u00e1s que un pa\u00eds, el L\u00edbano es un mensaje\u201d, recuerda.<\/p>\n<h4><strong>Futuro incierto del cristianismo<\/strong><\/h4>\n<p>Sin embargo, Heine-Geldern apunta que \u201cel futuro del cristianismo en la regi\u00f3n de los or\u00edgenes de nuestra fe se ha vuelto cada vez m\u00e1s sombr\u00edo en los \u00faltimos a\u00f1os\u201d, pues \u201ccontin\u00faa el \u00e9xodo migratorio de cristianos del L\u00edbano y de los pa\u00edses vecinos\u201d. \u201cA trav\u00e9s de nuestros socios del proyecto, lo experimentamos de primera mano: la inestabilidad pol\u00edtica, la corrupci\u00f3n y las crisis econ\u00f3micas est\u00e1n destrozando el L\u00edbano. La explosi\u00f3n en el puerto de Beirut, el agosto pasado, fue como el culmen de la cat\u00e1strofe humanitaria\u201d, a\u00f1ade.<\/p>\n<p>El directivo describe que \u201capoyar y fortalecer a los cristianos en el L\u00edbano frente a esta situaci\u00f3n desesperada ha sido la preocupaci\u00f3n central de ACN en los \u00faltimos meses\u201d ya que desean ayudar a los cristianos \u201ca permanecer en su tierra natal y as\u00ed cumplir su importante misi\u00f3n como motor de di\u00e1logo y paz\u201d.<\/p>\n<p>Lamentablemente, \u201ccomprobamos que el L\u00edbano ha vuelto a desaparecer en gran medida del ojo p\u00fablico en los \u00faltimos meses. Pero el sufrimiento de la gente contin\u00faa: como resultado de la pandemia del COVID y las continuas dificultades econ\u00f3micas, incluso existe el temor a la hambruna\u201d, se lee en el comunicado. Por tanto, \u201cla iniciativa del Papa Francisco corresponde con la sincera preocupaci\u00f3n que siente ACN\u201d.<\/p>\n<h4><strong>Oraci\u00f3n, caridad y mediaci\u00f3n<\/strong><\/h4>\n<p>\u201cPedimos a todos los cristianos que oren para que esta iniciativa d\u00e9 frutos. La cooperaci\u00f3n entre las Iglesias cristianas del L\u00edbano es de vital importancia. Ellas son puntos de referencia tanto para las personas necesitadas como para los numerosos refugiados de Siria o Irak que buscan seguridad en el pa\u00eds. Es vital que las Iglesias cristianas en el L\u00edbano hablen con una sola voz y sigan trabajando en estrecha colaboraci\u00f3n\u201d<\/p>\n<p>Para salir de la crisis, insiste el presidente ejecutivo de ACN, \u201cel pa\u00eds necesita oraci\u00f3n, obras de caridad y el papel mediador de las Iglesias. El Papa Francisco subraya esto con su llamamiento al que nos unimos de todo coraz\u00f3n. No podemos olvidar a nuestros hermanos y hermanas en el L\u00edbano\u201d.<\/p>\n<p>Actualmente, ACN apoya cerca de 50 proyectos en el L\u00edbano. Durante 2020, la fundaci\u00f3n ACN dedic\u00f3 casi 4 millones principalmente para la reconstrucci\u00f3n en el barrio cristiano de Beirut despu\u00e9s de la explosi\u00f3n en agosto de 2020,\u00a0 para apoyar el trabajo de sacerdotes y religiosas, as\u00ed como al trabajo de acogida y ayuda de emergencia de la Iglesia con refugiados sirios que han encontrado amparo en el L\u00edbano.<\/p>\n<h4><strong>Ayuda a la Iglesia Necesitada (ACN)<\/strong><\/h4>\n<p>Ayuda a la Iglesia Necesitada es una Fundaci\u00f3n Pontificia. Como caridad cat\u00f3lica, ACN apoya a los fieles donde quiera que sean perseguidos, oprimidos o necesitados a trav\u00e9s de la informaci\u00f3n, la oraci\u00f3n y la acci\u00f3n.<\/p>\n<p>Fundada en 1947 por el P. Werenfried van Straaten, a quien el\u00a0<a href=\"http:\/\/www.vatican.va\/content\/john-paul-ii\/es.html\" target=\"_blank\" rel=\"noopener noreferrer\">papa san Juan Pablo II<\/a>\u00a0nombr\u00f3 \u201cun destacado ap\u00f3stol de la caridad\u201d, la organizaci\u00f3n trabaja actualmente en m\u00e1s de 140 pa\u00edses de todo el mundo.<\/p>\n","protected":false},"excerpt":{"rendered":"<p>Necesidad urgente de oraci\u00f3n y solidaridad <\/p>\n","protected":false},"author":5,"featured_media":20266,"comment_status":"closed","ping_status":"closed","sticky":false,"template":"","format":"standard","meta":{"_acf_changed":false,"_crdt_document":"","inline_featured_image":false,"footnotes":""},"categories":[86,298],"tags":[325,1462,408,158],"class_list":["post-20263","post","type-post","status-publish","format-standard","has-post-thumbnail","hentry","category-iglesia-local","category-ultimas-noticias","tag-acn","tag-ayuda-a-la-iglesia-necesitada-acn","tag-libano","tag-papa-francisco"],"acf":[],"yoast_head":"<!-- This site is optimized with the Yoast SEO plugin v27.5 - https:\/\/yoast.com\/product\/yoast-seo-wordpress\/ -->\n<title>ACN celebra pr\u00f3xima reuni\u00f3n entre Papa y L\u00edbano &#8211; Exaudi<\/title>\n<meta name=\"description\" content=\"Comunicado de ACN sobre el anuncio del Papa de la reuni\u00f3n con los principales l\u00edderes cristianos del L\u00edbano para el 1 de julio.\" \/>\n<meta name=\"robots\" content=\"index, follow, max-snippet:-1, max-image-preview:large, max-video-preview:-1\" \/>\n<link rel=\"canonical\" href=\"https:\/\/exaudi.org\/es\/acn-celebra-proxima-reunion-entre-papa-y-libano\/\" \/>\n<meta property=\"og:locale\" content=\"es_ES\" \/>\n<meta property=\"og:type\" content=\"article\" \/>\n<meta property=\"og:title\" content=\"ACN celebra pr\u00f3xima reuni\u00f3n entre Papa y L\u00edbano &#8211; Exaudi\" \/>\n<meta property=\"og:description\" content=\"Comunicado de ACN sobre el anuncio del Papa de la reuni\u00f3n con los principales l\u00edderes cristianos del L\u00edbano para el 1 de julio.\" \/>\n<meta property=\"og:url\" content=\"https:\/\/exaudi.org\/es\/acn-celebra-proxima-reunion-entre-papa-y-libano\/\" \/>\n<meta property=\"og:site_name\" content=\"Exaudi\" \/>\n<meta property=\"article:publisher\" content=\"https:\/\/www.facebook.com\/ExaudiNews\" \/>\n<meta property=\"article:published_time\" content=\"2021-06-02T08:30:35+00:00\" \/>\n<meta property=\"article:modified_time\" content=\"2021-06-02T15:41:24+00:00\" \/>\n<meta property=\"og:image\" content=\"https:\/\/exaudi.org\/wp-content\/uploads\/2021\/06\/Iglesia-de-San-Salvador-en-Beirut.jpg\" \/>\n\t<meta property=\"og:image:width\" content=\"1500\" \/>\n\t<meta property=\"og:image:height\" content=\"1000\" \/>\n\t<meta property=\"og:image:type\" content=\"image\/jpeg\" \/>\n<meta name=\"author\" content=\"Larissa I. L\u00f3pez\" \/>\n<meta name=\"twitter:card\" content=\"summary_large_image\" \/>\n<meta name=\"twitter:creator\" content=\"@Exaudi_News\" \/>\n<meta name=\"twitter:site\" content=\"@Exaudi_News\" \/>\n<meta name=\"twitter:label1\" content=\"Escrito por\" \/>\n\t<meta name=\"twitter:data1\" content=\"Larissa I. L\u00f3pez\" \/>\n\t<meta name=\"twitter:label2\" content=\"Tiempo de lectura\" \/>\n\t<meta name=\"twitter:data2\" content=\"3 minutos\" \/>\n<script type=\"application\/ld+json\" class=\"yoast-schema-graph\">{\"@context\":\"https:\\\/\\\/schema.org\",\"@graph\":[{\"@type\":\"Article\",\"@id\":\"https:\\\/\\\/exaudi.org\\\/es\\\/acn-celebra-proxima-reunion-entre-papa-y-libano\\\/#article\",\"isPartOf\":{\"@id\":\"https:\\\/\\\/exaudi.org\\\/es\\\/acn-celebra-proxima-reunion-entre-papa-y-libano\\\/\"},\"author\":{\"name\":\"Larissa I. L\u00f3pez\",\"@id\":\"https:\\\/\\\/exaudi.org\\\/#\\\/schema\\\/person\\\/7d2f77db033c2c0929edfab6dbe8c588\"},\"headline\":\"ACN celebra pr\u00f3xima reuni\u00f3n entre Papa y L\u00edbano\",\"datePublished\":\"2021-06-02T08:30:35+00:00\",\"dateModified\":\"2021-06-02T15:41:24+00:00\",\"mainEntityOfPage\":{\"@id\":\"https:\\\/\\\/exaudi.org\\\/es\\\/acn-celebra-proxima-reunion-entre-papa-y-libano\\\/\"},\"wordCount\":736,\"image\":{\"@id\":\"https:\\\/\\\/exaudi.org\\\/es\\\/acn-celebra-proxima-reunion-entre-papa-y-libano\\\/#primaryimage\"},\"thumbnailUrl\":\"https:\\\/\\\/exaudi.org\\\/wp-content\\\/uploads\\\/2021\\\/06\\\/Iglesia-de-San-Salvador-en-Beirut.jpg\",\"keywords\":[\"ACN\",\"Ayuda a la Iglesia Necesitada (ACN)\",\"L\u00edbano\",\"papa francisco\"],\"articleSection\":[\"Iglesia Local\",\"\u00daltimas noticias\"],\"inLanguage\":\"es\"},{\"@type\":\"WebPage\",\"@id\":\"https:\\\/\\\/exaudi.org\\\/es\\\/acn-celebra-proxima-reunion-entre-papa-y-libano\\\/\",\"url\":\"https:\\\/\\\/exaudi.org\\\/es\\\/acn-celebra-proxima-reunion-entre-papa-y-libano\\\/\",\"name\":\"ACN celebra pr\u00f3xima reuni\u00f3n entre Papa y L\u00edbano &#8211; Exaudi\",\"isPartOf\":{\"@id\":\"https:\\\/\\\/exaudi.org\\\/#website\"},\"primaryImageOfPage\":{\"@id\":\"https:\\\/\\\/exaudi.org\\\/es\\\/acn-celebra-proxima-reunion-entre-papa-y-libano\\\/#primaryimage\"},\"image\":{\"@id\":\"https:\\\/\\\/exaudi.org\\\/es\\\/acn-celebra-proxima-reunion-entre-papa-y-libano\\\/#primaryimage\"},\"thumbnailUrl\":\"https:\\\/\\\/exaudi.org\\\/wp-content\\\/uploads\\\/2021\\\/06\\\/Iglesia-de-San-Salvador-en-Beirut.jpg\",\"datePublished\":\"2021-06-02T08:30:35+00:00\",\"dateModified\":\"2021-06-02T15:41:24+00:00\",\"author\":{\"@id\":\"https:\\\/\\\/exaudi.org\\\/#\\\/schema\\\/person\\\/7d2f77db033c2c0929edfab6dbe8c588\"},\"description\":\"Comunicado de ACN sobre el anuncio del Papa de la reuni\u00f3n con los principales l\u00edderes cristianos del L\u00edbano para el 1 de julio.\",\"breadcrumb\":{\"@id\":\"https:\\\/\\\/exaudi.org\\\/es\\\/acn-celebra-proxima-reunion-entre-papa-y-libano\\\/#breadcrumb\"},\"inLanguage\":\"es\",\"potentialAction\":[{\"@type\":\"ReadAction\",\"target\":[\"https:\\\/\\\/exaudi.org\\\/es\\\/acn-celebra-proxima-reunion-entre-papa-y-libano\\\/\"]}]},{\"@type\":\"ImageObject\",\"inLanguage\":\"es\",\"@id\":\"https:\\\/\\\/exaudi.org\\\/es\\\/acn-celebra-proxima-reunion-entre-papa-y-libano\\\/#primaryimage\",\"url\":\"https:\\\/\\\/exaudi.org\\\/wp-content\\\/uploads\\\/2021\\\/06\\\/Iglesia-de-San-Salvador-en-Beirut.jpg\",\"contentUrl\":\"https:\\\/\\\/exaudi.org\\\/wp-content\\\/uploads\\\/2021\\\/06\\\/Iglesia-de-San-Salvador-en-Beirut.jpg\",\"width\":1500,\"height\":1000,\"caption\":\"Iglesia de San Salvador en Beirut \u00a9 ACN\"},{\"@type\":\"BreadcrumbList\",\"@id\":\"https:\\\/\\\/exaudi.org\\\/es\\\/acn-celebra-proxima-reunion-entre-papa-y-libano\\\/#breadcrumb\",\"itemListElement\":[{\"@type\":\"ListItem\",\"position\":1,\"name\":\"Portada\",\"item\":\"https:\\\/\\\/exaudi.org\\\/es\\\/\"},{\"@type\":\"ListItem\",\"position\":2,\"name\":\"ACN celebra pr\u00f3xima reuni\u00f3n entre Papa y L\u00edbano\"}]},{\"@type\":\"WebSite\",\"@id\":\"https:\\\/\\\/exaudi.org\\\/#website\",\"url\":\"https:\\\/\\\/exaudi.org\\\/\",\"name\":\"Exaudi\",\"description\":\"News\",\"potentialAction\":[{\"@type\":\"SearchAction\",\"target\":{\"@type\":\"EntryPoint\",\"urlTemplate\":\"https:\\\/\\\/exaudi.org\\\/?s={search_term_string}\"},\"query-input\":{\"@type\":\"PropertyValueSpecification\",\"valueRequired\":true,\"valueName\":\"search_term_string\"}}],\"inLanguage\":\"es\"},{\"@type\":\"Person\",\"@id\":\"https:\\\/\\\/exaudi.org\\\/#\\\/schema\\\/person\\\/7d2f77db033c2c0929edfab6dbe8c588\",\"name\":\"Larissa I. L\u00f3pez\",\"image\":{\"@type\":\"ImageObject\",\"inLanguage\":\"es\",\"@id\":\"https:\\\/\\\/secure.gravatar.com\\\/avatar\\\/db3ef399ff343d0bb9d25dc5198bc8ece5ac6d621eca79876697a354dabc1e3f?s=96&d=mm&r=g\",\"url\":\"https:\\\/\\\/secure.gravatar.com\\\/avatar\\\/db3ef399ff343d0bb9d25dc5198bc8ece5ac6d621eca79876697a354dabc1e3f?s=96&d=mm&r=g\",\"contentUrl\":\"https:\\\/\\\/secure.gravatar.com\\\/avatar\\\/db3ef399ff343d0bb9d25dc5198bc8ece5ac6d621eca79876697a354dabc1e3f?s=96&d=mm&r=g\",\"caption\":\"Larissa I. L\u00f3pez\"},\"description\":\"Doctora en Comunicaci\u00f3n. Mi trayectoria profesional ha transcurrido entre el \u00e1mbito de la comunicaci\u00f3n y el de la docencia. En los \u00faltimos a\u00f1os, he trabajado como coordinadora y redactora de la edici\u00f3n de ZENIT en espa\u00f1ol. Como profesora, he impartido clases en la universidad y en centros de FP y bachillerato. Cordobesa de nacimiento, tambi\u00e9n he vivido en Sevilla, Madrid y Roma\",\"url\":\"https:\\\/\\\/exaudi.org\\\/es\\\/author\\\/llopezexaudi-org\\\/\"}]}<\/script>\n<!-- \/ Yoast SEO plugin. -->","yoast_head_json":{"title":"ACN celebra pr\u00f3xima reuni\u00f3n entre Papa y L\u00edbano &#8211; Exaudi","description":"Comunicado de ACN sobre el anuncio del Papa de la reuni\u00f3n con los principales l\u00edderes cristianos del L\u00edbano para el 1 de julio.","robots":{"index":"index","follow":"follow","max-snippet":"max-snippet:-1","max-image-preview":"max-image-preview:large","max-video-preview":"max-video-preview:-1"},"canonical":"https:\/\/exaudi.org\/es\/acn-celebra-proxima-reunion-entre-papa-y-libano\/","og_locale":"es_ES","og_type":"article","og_title":"ACN celebra pr\u00f3xima reuni\u00f3n entre Papa y L\u00edbano &#8211; Exaudi","og_description":"Comunicado de ACN sobre el anuncio del Papa de la reuni\u00f3n con los principales l\u00edderes cristianos del L\u00edbano para el 1 de julio.","og_url":"https:\/\/exaudi.org\/es\/acn-celebra-proxima-reunion-entre-papa-y-libano\/","og_site_name":"Exaudi","article_publisher":"https:\/\/www.facebook.com\/ExaudiNews","article_published_time":"2021-06-02T08:30:35+00:00","article_modified_time":"2021-06-02T15:41:24+00:00","og_image":[{"width":1500,"height":1000,"url":"https:\/\/exaudi.org\/wp-content\/uploads\/2021\/06\/Iglesia-de-San-Salvador-en-Beirut.jpg","type":"image\/jpeg"}],"author":"Larissa I. L\u00f3pez","twitter_card":"summary_large_image","twitter_creator":"@Exaudi_News","twitter_site":"@Exaudi_News","twitter_misc":{"Escrito por":"Larissa I. L\u00f3pez","Tiempo de lectura":"3 minutos"},"schema":{"@context":"https:\/\/schema.org","@graph":[{"@type":"Article","@id":"https:\/\/exaudi.org\/es\/acn-celebra-proxima-reunion-entre-papa-y-libano\/#article","isPartOf":{"@id":"https:\/\/exaudi.org\/es\/acn-celebra-proxima-reunion-entre-papa-y-libano\/"},"author":{"name":"Larissa I. L\u00f3pez","@id":"https:\/\/exaudi.org\/#\/schema\/person\/7d2f77db033c2c0929edfab6dbe8c588"},"headline":"ACN celebra pr\u00f3xima reuni\u00f3n entre Papa y L\u00edbano","datePublished":"2021-06-02T08:30:35+00:00","dateModified":"2021-06-02T15:41:24+00:00","mainEntityOfPage":{"@id":"https:\/\/exaudi.org\/es\/acn-celebra-proxima-reunion-entre-papa-y-libano\/"},"wordCount":736,"image":{"@id":"https:\/\/exaudi.org\/es\/acn-celebra-proxima-reunion-entre-papa-y-libano\/#primaryimage"},"thumbnailUrl":"https:\/\/exaudi.org\/wp-content\/uploads\/2021\/06\/Iglesia-de-San-Salvador-en-Beirut.jpg","keywords":["ACN","Ayuda a la Iglesia Necesitada (ACN)","L\u00edbano","papa francisco"],"articleSection":["Iglesia Local","\u00daltimas noticias"],"inLanguage":"es"},{"@type":"WebPage","@id":"https:\/\/exaudi.org\/es\/acn-celebra-proxima-reunion-entre-papa-y-libano\/","url":"https:\/\/exaudi.org\/es\/acn-celebra-proxima-reunion-entre-papa-y-libano\/","name":"ACN celebra pr\u00f3xima reuni\u00f3n entre Papa y L\u00edbano &#8211; Exaudi","isPartOf":{"@id":"https:\/\/exaudi.org\/#website"},"primaryImageOfPage":{"@id":"https:\/\/exaudi.org\/es\/acn-celebra-proxima-reunion-entre-papa-y-libano\/#primaryimage"},"image":{"@id":"https:\/\/exaudi.org\/es\/acn-celebra-proxima-reunion-entre-papa-y-libano\/#primaryimage"},"thumbnailUrl":"https:\/\/exaudi.org\/wp-content\/uploads\/2021\/06\/Iglesia-de-San-Salvador-en-Beirut.jpg","datePublished":"2021-06-02T08:30:35+00:00","dateModified":"2021-06-02T15:41:24+00:00","author":{"@id":"https:\/\/exaudi.org\/#\/schema\/person\/7d2f77db033c2c0929edfab6dbe8c588"},"description":"Comunicado de ACN sobre el anuncio del Papa de la reuni\u00f3n con los principales l\u00edderes cristianos del L\u00edbano para el 1 de julio.","breadcrumb":{"@id":"https:\/\/exaudi.org\/es\/acn-celebra-proxima-reunion-entre-papa-y-libano\/#breadcrumb"},"inLanguage":"es","potentialAction":[{"@type":"ReadAction","target":["https:\/\/exaudi.org\/es\/acn-celebra-proxima-reunion-entre-papa-y-libano\/"]}]},{"@type":"ImageObject","inLanguage":"es","@id":"https:\/\/exaudi.org\/es\/acn-celebra-proxima-reunion-entre-papa-y-libano\/#primaryimage","url":"https:\/\/exaudi.org\/wp-content\/uploads\/2021\/06\/Iglesia-de-San-Salvador-en-Beirut.jpg","contentUrl":"https:\/\/exaudi.org\/wp-content\/uploads\/2021\/06\/Iglesia-de-San-Salvador-en-Beirut.jpg","width":1500,"height":1000,"caption":"Iglesia de San Salvador en Beirut \u00a9 ACN"},{"@type":"BreadcrumbList","@id":"https:\/\/exaudi.org\/es\/acn-celebra-proxima-reunion-entre-papa-y-libano\/#breadcrumb","itemListElement":[{"@type":"ListItem","position":1,"name":"Portada","item":"https:\/\/exaudi.org\/es\/"},{"@type":"ListItem","position":2,"name":"ACN celebra pr\u00f3xima reuni\u00f3n entre Papa y L\u00edbano"}]},{"@type":"WebSite","@id":"https:\/\/exaudi.org\/#website","url":"https:\/\/exaudi.org\/","name":"Exaudi","description":"News","potentialAction":[{"@type":"SearchAction","target":{"@type":"EntryPoint","urlTemplate":"https:\/\/exaudi.org\/?s={search_term_string}"},"query-input":{"@type":"PropertyValueSpecification","valueRequired":true,"valueName":"search_term_string"}}],"inLanguage":"es"},{"@type":"Person","@id":"https:\/\/exaudi.org\/#\/schema\/person\/7d2f77db033c2c0929edfab6dbe8c588","name":"Larissa I. L\u00f3pez","image":{"@type":"ImageObject","inLanguage":"es","@id":"https:\/\/secure.gravatar.com\/avatar\/db3ef399ff343d0bb9d25dc5198bc8ece5ac6d621eca79876697a354dabc1e3f?s=96&d=mm&r=g","url":"https:\/\/secure.gravatar.com\/avatar\/db3ef399ff343d0bb9d25dc5198bc8ece5ac6d621eca79876697a354dabc1e3f?s=96&d=mm&r=g","contentUrl":"https:\/\/secure.gravatar.com\/avatar\/db3ef399ff343d0bb9d25dc5198bc8ece5ac6d621eca79876697a354dabc1e3f?s=96&d=mm&r=g","caption":"Larissa I. L\u00f3pez"},"description":"Doctora en Comunicaci\u00f3n. Mi trayectoria profesional ha transcurrido entre el \u00e1mbito de la comunicaci\u00f3n y el de la docencia. En los \u00faltimos a\u00f1os, he trabajado como coordinadora y redactora de la edici\u00f3n de ZENIT en espa\u00f1ol. Como profesora, he impartido clases en la universidad y en centros de FP y bachillerato. Cordobesa de nacimiento, tambi\u00e9n he vivido en Sevilla, Madrid y Roma","url":"https:\/\/exaudi.org\/es\/author\/llopezexaudi-org\/"}]}},"jetpack_featured_media_url":"https:\/\/exaudi.org\/wp-content\/uploads\/2021\/06\/Iglesia-de-San-Salvador-en-Beirut.jpg","jetpack_shortlink":"https:\/\/wp.me\/pgKjF2-5gP","_links":{"self":[{"href":"https:\/\/exaudi.org\/es\/wp-json\/wp\/v2\/posts\/20263","targetHints":{"allow":["GET"]}}],"collection":[{"href":"https:\/\/exaudi.org\/es\/wp-json\/wp\/v2\/posts"}],"about":[{"href":"https:\/\/exaudi.org\/es\/wp-json\/wp\/v2\/types\/post"}],"author":[{"embeddable":true,"href":"https:\/\/exaudi.org\/es\/wp-json\/wp\/v2\/users\/5"}],"replies":[{"embeddable":true,"href":"https:\/\/exaudi.org\/es\/wp-json\/wp\/v2\/comments?post=20263"}],"version-history":[{"count":0,"href":"https:\/\/exaudi.org\/es\/wp-json\/wp\/v2\/posts\/20263\/revisions"}],"wp:featuredmedia":[{"embeddable":true,"href":"https:\/\/exaudi.org\/es\/wp-json\/wp\/v2\/media\/20266"}],"wp:attachment":[{"href":"https:\/\/exaudi.org\/es\/wp-json\/wp\/v2\/media?parent=20263"}],"wp:term":[{"taxonomy":"category","embeddable":true,"href":"https:\/\/exaudi.org\/es\/wp-json\/wp\/v2\/categories?post=20263"},{"taxonomy":"post_tag","embeddable":true,"href":"https:\/\/exaudi.org\/es\/wp-json\/wp\/v2\/tags?post=20263"}],"curies":[{"name":"wp","href":"https:\/\/api.w.org\/{rel}","templated":true}]}}