{"id":20240,"date":"2021-06-02T09:56:49","date_gmt":"2021-06-02T07:56:49","guid":{"rendered":"https:\/\/exaudi.org\/?p=20240"},"modified":"2021-06-03T10:03:24","modified_gmt":"2021-06-03T08:03:24","slug":"papa-francisco-audiencia-general-jesus-modelo-perfecto-orante","status":"publish","type":"post","link":"https:\/\/exaudi.org\/es\/papa-francisco-audiencia-general-jesus-modelo-perfecto-orante\/","title":{"rendered":"Papa Francisco: Jes\u00fas, \u201cmodelo perfecto del orante\u201d"},"content":{"rendered":"<p>En la <a href=\"https:\/\/exaudi.org\/es\/catequesis-papa-jesus-modelo-oracion\/\" target=\"_blank\" rel=\"noopener noreferrer\">audiencia general<\/a> de esta ma\u00f1ana, el Papa Francisco ha reflexionado sobre la vida de Jes\u00fas \u201cen continuo di\u00e1logo con el Padre, en comuni\u00f3n con \u00c9l; toma las decisiones m\u00e1s importantes de su misi\u00f3n despu\u00e9s de orar intensa y prolongadamente. Por eso, Jes\u00fas es el modelo perfecto del orante: Quiere que aprendamos a orar como \u00c9l, y nos ense\u00f1a con sus palabras y con su ejemplo\u201d.<\/p>\n<p>Hoy, 2 de junio de 2021, el Santo Padre ha presidido la audiencia general en el patio San D\u00e1maso del <a href=\"http:\/\/www.vatican.va\/news_services\/press\/documentazione\/documents\/sp_ss_scv\/informazione_generale\/sp_ss_scv_info-generale_sp.html\" target=\"_blank\" rel=\"noopener noreferrer\">Palacio Apost\u00f3lico\u00a0vaticano<\/a>, transmitida en directo, con presencia de algunos fieles, adapt\u00e1ndose a las medidas de prevenci\u00f3n frente a la COVID-19, y ha seguido con el ciclo de catequesis sobre la oraci\u00f3n, centr\u00e1ndose en el tema \u201cJes\u00fas, modelo y alma de toda oraci\u00f3n\u201d.<\/p>\n<h4><b>Jes\u00fas, maestro y amigo<\/b><\/h4>\n<p>El Pont\u00edfice ha descrito c\u00f3mo \u201clos Evangelios nos revelan la importancia de la oraci\u00f3n en la vida de Jes\u00fas y su relaci\u00f3n con los disc\u00edpulos\u201d. El Se\u00f1or, indica, \u201cantes de elegirlos, se pone en oraci\u00f3n, dialoga con el Padre. Como los ha recibido del Padre, as\u00ed los lleva en su coraz\u00f3n. Y sabiendo que son d\u00e9biles, siempre ora en favor de ellos\u201d.<\/p>\n<p>\u201cCon sus actitudes y con el testimonio de su oraci\u00f3n perseverante, Jes\u00fas se revela como maestro y amigo. \u00c9l, a pesar de los errores y las ca\u00eddas de sus disc\u00edpulos, espera con paciencia su conversi\u00f3n y ruega por ellos al Padre, para que permanezcan a su lado en las pruebas y no pierdan la fe\u201d, subraya.<\/p>\n<p>El Papa recuerda que Cristo \u201cnos asegura que, aun cuando sintamos que nuestras oraciones parezcan vanas e ineficaces, \u00c9l no nos abandona, est\u00e1 siempre a nuestro lado. Reza en nosotros y con nosotros. Intercede a nuestro favor, nos alienta a que perseveremos en la oraci\u00f3n, sobre todo en los momentos m\u00e1s dif\u00edciles de nuestro camino, porque es su oraci\u00f3n la que hace que nuestras humildes peticiones sean eficaces y lleguen el cielo\u201d.<\/p>\n<h4><strong>Tener un coraz\u00f3n orante<\/strong><\/h4>\n<p>En las peticiones realizadas en su habitual saludo a los peregrinos de lengua espa\u00f1ola, de Espa\u00f1a y Latinoam\u00e9rica, enmarc\u00e1ndonos en las v\u00edsperas de celebrar la Solemnidad del <em>Corpus Christi,<\/em> Francisco ha pedido al Se\u00f1or \u201cque nos conceda tener un coraz\u00f3n orante, lleno de confianza y de audacia filial\u201d.<\/p>\n<p>Asimismo, ha rogado que nos d\u00e9 \u201cla gracia de permanecer siempre unidos a \u00c9l y tambi\u00e9n unidos entre nosotros por la participaci\u00f3n en el sacramento de su Cuerpo y de su Sangre\u201d.<\/p>\n","protected":false},"excerpt":{"rendered":"<p>Resumen en espa\u00f1ol<\/p>\n","protected":false},"author":6,"featured_media":20375,"comment_status":"closed","ping_status":"closed","sticky":false,"template":"","format":"standard","meta":{"_acf_changed":false,"_crdt_document":"","inline_featured_image":false,"footnotes":""},"categories":[112,298],"tags":[179,2623,2624,676],"class_list":["post-20240","post","type-post","status-publish","format-standard","has-post-thumbnail","hentry","category-audiencia-general","category-ultimas-noticias","tag-audiencia-general","tag-jesus","tag-modelo","tag-oracion"],"acf":[],"yoast_head":"<!-- This site is optimized with the Yoast SEO plugin v27.4 - https:\/\/yoast.com\/product\/yoast-seo-wordpress\/ -->\n<title>Papa Francisco: Jes\u00fas, \u201cmodelo perfecto del orante\u201d - Exaudi<\/title>\n<meta name=\"description\" content=\"En la audiencia general, el Papa Francisco ha reflexionado sobre Jes\u00fas como aut\u00e9ntico modelo de orante que est\u00e1 en plena comuni\u00f3n con el Padre\" \/>\n<meta name=\"robots\" content=\"index, follow, max-snippet:-1, max-image-preview:large, max-video-preview:-1\" \/>\n<link rel=\"canonical\" href=\"https:\/\/exaudi.org\/es\/papa-francisco-audiencia-general-jesus-modelo-perfecto-orante\/\" \/>\n<meta property=\"og:locale\" content=\"es_ES\" \/>\n<meta property=\"og:type\" content=\"article\" \/>\n<meta property=\"og:title\" content=\"Papa Francisco: Jes\u00fas, \u201cmodelo perfecto del orante\u201d - Exaudi\" \/>\n<meta property=\"og:description\" content=\"En la audiencia general, el Papa Francisco ha reflexionado sobre Jes\u00fas como aut\u00e9ntico modelo de orante que est\u00e1 en plena comuni\u00f3n con el Padre\" \/>\n<meta property=\"og:url\" content=\"https:\/\/exaudi.org\/es\/papa-francisco-audiencia-general-jesus-modelo-perfecto-orante\/\" \/>\n<meta property=\"og:site_name\" content=\"Exaudi\" \/>\n<meta property=\"article:publisher\" content=\"https:\/\/www.facebook.com\/ExaudiNews\" \/>\n<meta property=\"article:published_time\" content=\"2021-06-02T07:56:49+00:00\" \/>\n<meta property=\"article:modified_time\" content=\"2021-06-03T08:03:24+00:00\" \/>\n<meta property=\"og:image\" content=\"https:\/\/exaudi.org\/wp-content\/uploads\/2021\/06\/123v1v2-scaled.jpg\" \/>\n\t<meta property=\"og:image:width\" content=\"2560\" \/>\n\t<meta property=\"og:image:height\" content=\"1707\" \/>\n\t<meta property=\"og:image:type\" content=\"image\/jpeg\" \/>\n<meta name=\"author\" content=\"Gabriel Sales\" \/>\n<meta name=\"twitter:card\" content=\"summary_large_image\" \/>\n<meta name=\"twitter:creator\" content=\"@habemusman\" \/>\n<meta name=\"twitter:site\" content=\"@Exaudi_News\" \/>\n<meta name=\"twitter:label1\" content=\"Escrito por\" \/>\n\t<meta name=\"twitter:data1\" content=\"Gabriel Sales\" \/>\n\t<meta name=\"twitter:label2\" content=\"Tiempo de lectura\" \/>\n\t<meta name=\"twitter:data2\" content=\"2 minutos\" \/>\n<script type=\"application\/ld+json\" class=\"yoast-schema-graph\">{\"@context\":\"https:\\\/\\\/schema.org\",\"@graph\":[{\"@type\":\"Article\",\"@id\":\"https:\\\/\\\/exaudi.org\\\/es\\\/papa-francisco-audiencia-general-jesus-modelo-perfecto-orante\\\/#article\",\"isPartOf\":{\"@id\":\"https:\\\/\\\/exaudi.org\\\/es\\\/papa-francisco-audiencia-general-jesus-modelo-perfecto-orante\\\/\"},\"author\":{\"name\":\"Gabriel Sales\",\"@id\":\"https:\\\/\\\/exaudi.org\\\/#\\\/schema\\\/person\\\/d134b96438278131ce90c90c03fda6cd\"},\"headline\":\"Papa Francisco: Jes\u00fas, \u201cmodelo perfecto del orante\u201d\",\"datePublished\":\"2021-06-02T07:56:49+00:00\",\"dateModified\":\"2021-06-03T08:03:24+00:00\",\"mainEntityOfPage\":{\"@id\":\"https:\\\/\\\/exaudi.org\\\/es\\\/papa-francisco-audiencia-general-jesus-modelo-perfecto-orante\\\/\"},\"wordCount\":461,\"image\":{\"@id\":\"https:\\\/\\\/exaudi.org\\\/es\\\/papa-francisco-audiencia-general-jesus-modelo-perfecto-orante\\\/#primaryimage\"},\"thumbnailUrl\":\"https:\\\/\\\/exaudi.org\\\/wp-content\\\/uploads\\\/2021\\\/06\\\/123v1v2-scaled.jpg\",\"keywords\":[\"audiencia general\",\"Jes\u00fas\",\"Modelo\",\"Oraci\u00f3n\"],\"articleSection\":[\"Audiencia General\",\"\u00daltimas noticias\"],\"inLanguage\":\"es\"},{\"@type\":\"WebPage\",\"@id\":\"https:\\\/\\\/exaudi.org\\\/es\\\/papa-francisco-audiencia-general-jesus-modelo-perfecto-orante\\\/\",\"url\":\"https:\\\/\\\/exaudi.org\\\/es\\\/papa-francisco-audiencia-general-jesus-modelo-perfecto-orante\\\/\",\"name\":\"Papa Francisco: Jes\u00fas, \u201cmodelo perfecto del orante\u201d - Exaudi\",\"isPartOf\":{\"@id\":\"https:\\\/\\\/exaudi.org\\\/#website\"},\"primaryImageOfPage\":{\"@id\":\"https:\\\/\\\/exaudi.org\\\/es\\\/papa-francisco-audiencia-general-jesus-modelo-perfecto-orante\\\/#primaryimage\"},\"image\":{\"@id\":\"https:\\\/\\\/exaudi.org\\\/es\\\/papa-francisco-audiencia-general-jesus-modelo-perfecto-orante\\\/#primaryimage\"},\"thumbnailUrl\":\"https:\\\/\\\/exaudi.org\\\/wp-content\\\/uploads\\\/2021\\\/06\\\/123v1v2-scaled.jpg\",\"datePublished\":\"2021-06-02T07:56:49+00:00\",\"dateModified\":\"2021-06-03T08:03:24+00:00\",\"author\":{\"@id\":\"https:\\\/\\\/exaudi.org\\\/#\\\/schema\\\/person\\\/d134b96438278131ce90c90c03fda6cd\"},\"description\":\"En la audiencia general, el Papa Francisco ha reflexionado sobre Jes\u00fas como aut\u00e9ntico modelo de orante que est\u00e1 en plena comuni\u00f3n con el Padre\",\"breadcrumb\":{\"@id\":\"https:\\\/\\\/exaudi.org\\\/es\\\/papa-francisco-audiencia-general-jesus-modelo-perfecto-orante\\\/#breadcrumb\"},\"inLanguage\":\"es\",\"potentialAction\":[{\"@type\":\"ReadAction\",\"target\":[\"https:\\\/\\\/exaudi.org\\\/es\\\/papa-francisco-audiencia-general-jesus-modelo-perfecto-orante\\\/\"]}]},{\"@type\":\"ImageObject\",\"inLanguage\":\"es\",\"@id\":\"https:\\\/\\\/exaudi.org\\\/es\\\/papa-francisco-audiencia-general-jesus-modelo-perfecto-orante\\\/#primaryimage\",\"url\":\"https:\\\/\\\/exaudi.org\\\/wp-content\\\/uploads\\\/2021\\\/06\\\/123v1v2-scaled.jpg\",\"contentUrl\":\"https:\\\/\\\/exaudi.org\\\/wp-content\\\/uploads\\\/2021\\\/06\\\/123v1v2-scaled.jpg\",\"width\":2560,\"height\":1707,\"caption\":\"Audiencia general 2 junio 2021 \u00a9 Vatican Media\"},{\"@type\":\"BreadcrumbList\",\"@id\":\"https:\\\/\\\/exaudi.org\\\/es\\\/papa-francisco-audiencia-general-jesus-modelo-perfecto-orante\\\/#breadcrumb\",\"itemListElement\":[{\"@type\":\"ListItem\",\"position\":1,\"name\":\"Portada\",\"item\":\"https:\\\/\\\/exaudi.org\\\/es\\\/\"},{\"@type\":\"ListItem\",\"position\":2,\"name\":\"Papa Francisco: Jes\u00fas, \u201cmodelo perfecto del orante\u201d\"}]},{\"@type\":\"WebSite\",\"@id\":\"https:\\\/\\\/exaudi.org\\\/#website\",\"url\":\"https:\\\/\\\/exaudi.org\\\/\",\"name\":\"Exaudi\",\"description\":\"News\",\"potentialAction\":[{\"@type\":\"SearchAction\",\"target\":{\"@type\":\"EntryPoint\",\"urlTemplate\":\"https:\\\/\\\/exaudi.org\\\/?s={search_term_string}\"},\"query-input\":{\"@type\":\"PropertyValueSpecification\",\"valueRequired\":true,\"valueName\":\"search_term_string\"}}],\"inLanguage\":\"es\"},{\"@type\":\"Person\",\"@id\":\"https:\\\/\\\/exaudi.org\\\/#\\\/schema\\\/person\\\/d134b96438278131ce90c90c03fda6cd\",\"name\":\"Gabriel Sales\",\"image\":{\"@type\":\"ImageObject\",\"inLanguage\":\"es\",\"@id\":\"https:\\\/\\\/secure.gravatar.com\\\/avatar\\\/9b1269566f6a063ed26ffb3532b66a373cdde231ce5d0effb266167437fdaffd?s=96&d=mm&r=g\",\"url\":\"https:\\\/\\\/secure.gravatar.com\\\/avatar\\\/9b1269566f6a063ed26ffb3532b66a373cdde231ce5d0effb266167437fdaffd?s=96&d=mm&r=g\",\"contentUrl\":\"https:\\\/\\\/secure.gravatar.com\\\/avatar\\\/9b1269566f6a063ed26ffb3532b66a373cdde231ce5d0effb266167437fdaffd?s=96&d=mm&r=g\",\"caption\":\"Gabriel Sales\"},\"description\":\"Periodista y especialista en Comunicaci\u00f3n y Branding digital. Cin\u00e9filo y cr\u00edtico de cine y series de televisi\u00f3n.\",\"sameAs\":[\"https:\\\/\\\/www.instagram.com\\\/cine90segundos\\\/\",\"www.linkedin.com\\\/in\\\/habemusman\",\"https:\\\/\\\/x.com\\\/habemusman\",\"https:\\\/\\\/www.youtube.com\\\/channel\\\/UCVfCiOMkJ_C7T7OpyjuaLDg\"],\"url\":\"https:\\\/\\\/exaudi.org\\\/es\\\/author\\\/gsalesexaudi-org\\\/\"}]}<\/script>\n<!-- \/ Yoast SEO plugin. -->","yoast_head_json":{"title":"Papa Francisco: Jes\u00fas, \u201cmodelo perfecto del orante\u201d - Exaudi","description":"En la audiencia general, el Papa Francisco ha reflexionado sobre Jes\u00fas como aut\u00e9ntico modelo de orante que est\u00e1 en plena comuni\u00f3n con el Padre","robots":{"index":"index","follow":"follow","max-snippet":"max-snippet:-1","max-image-preview":"max-image-preview:large","max-video-preview":"max-video-preview:-1"},"canonical":"https:\/\/exaudi.org\/es\/papa-francisco-audiencia-general-jesus-modelo-perfecto-orante\/","og_locale":"es_ES","og_type":"article","og_title":"Papa Francisco: Jes\u00fas, \u201cmodelo perfecto del orante\u201d - Exaudi","og_description":"En la audiencia general, el Papa Francisco ha reflexionado sobre Jes\u00fas como aut\u00e9ntico modelo de orante que est\u00e1 en plena comuni\u00f3n con el Padre","og_url":"https:\/\/exaudi.org\/es\/papa-francisco-audiencia-general-jesus-modelo-perfecto-orante\/","og_site_name":"Exaudi","article_publisher":"https:\/\/www.facebook.com\/ExaudiNews","article_published_time":"2021-06-02T07:56:49+00:00","article_modified_time":"2021-06-03T08:03:24+00:00","og_image":[{"width":2560,"height":1707,"url":"https:\/\/exaudi.org\/wp-content\/uploads\/2021\/06\/123v1v2-scaled.jpg","type":"image\/jpeg"}],"author":"Gabriel Sales","twitter_card":"summary_large_image","twitter_creator":"@habemusman","twitter_site":"@Exaudi_News","twitter_misc":{"Escrito por":"Gabriel Sales","Tiempo de lectura":"2 minutos"},"schema":{"@context":"https:\/\/schema.org","@graph":[{"@type":"Article","@id":"https:\/\/exaudi.org\/es\/papa-francisco-audiencia-general-jesus-modelo-perfecto-orante\/#article","isPartOf":{"@id":"https:\/\/exaudi.org\/es\/papa-francisco-audiencia-general-jesus-modelo-perfecto-orante\/"},"author":{"name":"Gabriel Sales","@id":"https:\/\/exaudi.org\/#\/schema\/person\/d134b96438278131ce90c90c03fda6cd"},"headline":"Papa Francisco: Jes\u00fas, \u201cmodelo perfecto del orante\u201d","datePublished":"2021-06-02T07:56:49+00:00","dateModified":"2021-06-03T08:03:24+00:00","mainEntityOfPage":{"@id":"https:\/\/exaudi.org\/es\/papa-francisco-audiencia-general-jesus-modelo-perfecto-orante\/"},"wordCount":461,"image":{"@id":"https:\/\/exaudi.org\/es\/papa-francisco-audiencia-general-jesus-modelo-perfecto-orante\/#primaryimage"},"thumbnailUrl":"https:\/\/exaudi.org\/wp-content\/uploads\/2021\/06\/123v1v2-scaled.jpg","keywords":["audiencia general","Jes\u00fas","Modelo","Oraci\u00f3n"],"articleSection":["Audiencia General","\u00daltimas noticias"],"inLanguage":"es"},{"@type":"WebPage","@id":"https:\/\/exaudi.org\/es\/papa-francisco-audiencia-general-jesus-modelo-perfecto-orante\/","url":"https:\/\/exaudi.org\/es\/papa-francisco-audiencia-general-jesus-modelo-perfecto-orante\/","name":"Papa Francisco: Jes\u00fas, \u201cmodelo perfecto del orante\u201d - Exaudi","isPartOf":{"@id":"https:\/\/exaudi.org\/#website"},"primaryImageOfPage":{"@id":"https:\/\/exaudi.org\/es\/papa-francisco-audiencia-general-jesus-modelo-perfecto-orante\/#primaryimage"},"image":{"@id":"https:\/\/exaudi.org\/es\/papa-francisco-audiencia-general-jesus-modelo-perfecto-orante\/#primaryimage"},"thumbnailUrl":"https:\/\/exaudi.org\/wp-content\/uploads\/2021\/06\/123v1v2-scaled.jpg","datePublished":"2021-06-02T07:56:49+00:00","dateModified":"2021-06-03T08:03:24+00:00","author":{"@id":"https:\/\/exaudi.org\/#\/schema\/person\/d134b96438278131ce90c90c03fda6cd"},"description":"En la audiencia general, el Papa Francisco ha reflexionado sobre Jes\u00fas como aut\u00e9ntico modelo de orante que est\u00e1 en plena comuni\u00f3n con el Padre","breadcrumb":{"@id":"https:\/\/exaudi.org\/es\/papa-francisco-audiencia-general-jesus-modelo-perfecto-orante\/#breadcrumb"},"inLanguage":"es","potentialAction":[{"@type":"ReadAction","target":["https:\/\/exaudi.org\/es\/papa-francisco-audiencia-general-jesus-modelo-perfecto-orante\/"]}]},{"@type":"ImageObject","inLanguage":"es","@id":"https:\/\/exaudi.org\/es\/papa-francisco-audiencia-general-jesus-modelo-perfecto-orante\/#primaryimage","url":"https:\/\/exaudi.org\/wp-content\/uploads\/2021\/06\/123v1v2-scaled.jpg","contentUrl":"https:\/\/exaudi.org\/wp-content\/uploads\/2021\/06\/123v1v2-scaled.jpg","width":2560,"height":1707,"caption":"Audiencia general 2 junio 2021 \u00a9 Vatican Media"},{"@type":"BreadcrumbList","@id":"https:\/\/exaudi.org\/es\/papa-francisco-audiencia-general-jesus-modelo-perfecto-orante\/#breadcrumb","itemListElement":[{"@type":"ListItem","position":1,"name":"Portada","item":"https:\/\/exaudi.org\/es\/"},{"@type":"ListItem","position":2,"name":"Papa Francisco: Jes\u00fas, \u201cmodelo perfecto del orante\u201d"}]},{"@type":"WebSite","@id":"https:\/\/exaudi.org\/#website","url":"https:\/\/exaudi.org\/","name":"Exaudi","description":"News","potentialAction":[{"@type":"SearchAction","target":{"@type":"EntryPoint","urlTemplate":"https:\/\/exaudi.org\/?s={search_term_string}"},"query-input":{"@type":"PropertyValueSpecification","valueRequired":true,"valueName":"search_term_string"}}],"inLanguage":"es"},{"@type":"Person","@id":"https:\/\/exaudi.org\/#\/schema\/person\/d134b96438278131ce90c90c03fda6cd","name":"Gabriel Sales","image":{"@type":"ImageObject","inLanguage":"es","@id":"https:\/\/secure.gravatar.com\/avatar\/9b1269566f6a063ed26ffb3532b66a373cdde231ce5d0effb266167437fdaffd?s=96&d=mm&r=g","url":"https:\/\/secure.gravatar.com\/avatar\/9b1269566f6a063ed26ffb3532b66a373cdde231ce5d0effb266167437fdaffd?s=96&d=mm&r=g","contentUrl":"https:\/\/secure.gravatar.com\/avatar\/9b1269566f6a063ed26ffb3532b66a373cdde231ce5d0effb266167437fdaffd?s=96&d=mm&r=g","caption":"Gabriel Sales"},"description":"Periodista y especialista en Comunicaci\u00f3n y Branding digital. Cin\u00e9filo y cr\u00edtico de cine y series de televisi\u00f3n.","sameAs":["https:\/\/www.instagram.com\/cine90segundos\/","www.linkedin.com\/in\/habemusman","https:\/\/x.com\/habemusman","https:\/\/www.youtube.com\/channel\/UCVfCiOMkJ_C7T7OpyjuaLDg"],"url":"https:\/\/exaudi.org\/es\/author\/gsalesexaudi-org\/"}]}},"jetpack_featured_media_url":"https:\/\/exaudi.org\/wp-content\/uploads\/2021\/06\/123v1v2-scaled.jpg","jetpack_shortlink":"https:\/\/wp.me\/pgKjF2-5gs","_links":{"self":[{"href":"https:\/\/exaudi.org\/es\/wp-json\/wp\/v2\/posts\/20240","targetHints":{"allow":["GET"]}}],"collection":[{"href":"https:\/\/exaudi.org\/es\/wp-json\/wp\/v2\/posts"}],"about":[{"href":"https:\/\/exaudi.org\/es\/wp-json\/wp\/v2\/types\/post"}],"author":[{"embeddable":true,"href":"https:\/\/exaudi.org\/es\/wp-json\/wp\/v2\/users\/6"}],"replies":[{"embeddable":true,"href":"https:\/\/exaudi.org\/es\/wp-json\/wp\/v2\/comments?post=20240"}],"version-history":[{"count":0,"href":"https:\/\/exaudi.org\/es\/wp-json\/wp\/v2\/posts\/20240\/revisions"}],"wp:featuredmedia":[{"embeddable":true,"href":"https:\/\/exaudi.org\/es\/wp-json\/wp\/v2\/media\/20375"}],"wp:attachment":[{"href":"https:\/\/exaudi.org\/es\/wp-json\/wp\/v2\/media?parent=20240"}],"wp:term":[{"taxonomy":"category","embeddable":true,"href":"https:\/\/exaudi.org\/es\/wp-json\/wp\/v2\/categories?post=20240"},{"taxonomy":"post_tag","embeddable":true,"href":"https:\/\/exaudi.org\/es\/wp-json\/wp\/v2\/tags?post=20240"}],"curies":[{"name":"wp","href":"https:\/\/api.w.org\/{rel}","templated":true}]}}