{"id":20169,"date":"2021-06-01T15:49:32","date_gmt":"2021-06-01T13:49:32","guid":{"rendered":"https:\/\/exaudi.org\/?p=20169"},"modified":"2021-06-01T15:50:08","modified_gmt":"2021-06-01T13:50:08","slug":"colombia-solidaridad-red-iglesias-y-mineria-con-pueblo","status":"publish","type":"post","link":"https:\/\/exaudi.org\/es\/colombia-solidaridad-red-iglesias-y-mineria-con-pueblo\/","title":{"rendered":"Colombia: Solidaridad de Red Iglesias y Miner\u00eda"},"content":{"rendered":"<p>Mediante una carta p\u00fablica, la <a href=\"https:\/\/iglesiasymineria.org\/\" target=\"_blank\" rel=\"noopener noreferrer\">Red Iglesias y Miner\u00eda<\/a> manifest\u00f3 el pasado 28 de mayo de 2021 su solidaridad con el pueblo de <a href=\"https:\/\/exaudi.org\/es\/colombia-iglesia-de-cali-frenar-violencia-ni-uno-mas\/\" target=\"_blank\" rel=\"noopener noreferrer\">Colombia <\/a>\u201cque con su lucha construye la esperanza\u201d de lograr una vida digna. Asimismo, animan a los ciudadanos a \u201cmantenerse en pie\u201d recordando que \u201cel futuro de los justos es halag\u00fce\u00f1o, la esperanza de los malvados se desvanece\u201d (Proverbios 10:28).<\/p>\n<h4><strong>Cercan\u00eda con el pueblo colombiano<\/strong><\/h4>\n<p>La Red comienza su carta enviando un \u201csaludo al pueblo colombiano, a mujeres, madres, estudiantes, campesinas, campesinos, j\u00f3venes, hombres, ni\u00f1os y ni\u00f1as que desde el 28 de abril se han volcado a las calles para manifestarse p\u00fablicamente por su descontento con la crisis social y econ\u00f3mica, reclamando al gobierno de turno que asuma su responsabilidad de atender oportuna y adecuadamente dicha situaci\u00f3n para cumplir con su deber de garante de los derechos humanos\u201d.<\/p>\n<p>Del mismo modo, recuerda que \u201cla vida es sagrada, que debe ser cuidada, protegida y amparada hoy y siempre, abrazamos a todas y todos aquellos que son v\u00edctimas en medio de la respuesta desmedida, desproporcionada y violenta\u201d.<\/p>\n<h4><strong>Red Iglesias y Miner\u00eda<\/strong><\/h4>\n<p>Seg\u00fan describe en su web, la Red Iglesias y Miner\u00eda es un espacio ecum\u00e9nico, conformado por comunidades cristianas, equipos pastorales, congregaciones religiosas, grupos de reflexi\u00f3n teol\u00f3gica, laicas, laicos, obispos y pastores que buscan \u201cresponder a los desaf\u00edos de los impactos y violaciones de los derechos socio-ambientales provocados por las actividades mineras\u201d en los territorios donde viven y trabajan.<\/p>\n<p>Les une e inspira la \u201cfe y la esperanza en el Dios creador de la vida y de la madre naturaleza\u201d, un Dios que les \u201cconvoca a construir un mundo donde todas las personas vivamos con la dignidad de los hijos e hijas de Dios, en perfecta armon\u00eda con la madre Tierra y toda la creaci\u00f3n\u201d.<\/p>\n<p>\u201cAcompa\u00f1amos la fe, la esperanza y la labor de personas, instituciones y comunidades creyentes que defienden todos los d\u00edas la convivencia arm\u00f3nica entre los seres humanos y la madre Tierra, frente a los proyectos y estilos de vida que las impactan, expresi\u00f3n de grandes intereses externos y distantes de las comunidades\u201d, declara.<\/p>\n","protected":false},"excerpt":{"rendered":"<p>Lucha por una vida digna<\/p>\n","protected":false},"author":6,"featured_media":20171,"comment_status":"closed","ping_status":"closed","sticky":false,"template":"","format":"standard","meta":{"_acf_changed":false,"_crdt_document":"","inline_featured_image":false,"footnotes":""},"categories":[298],"tags":[724,2617],"class_list":["post-20169","post","type-post","status-publish","format-standard","has-post-thumbnail","hentry","category-ultimas-noticias","tag-colombia","tag-red-iglesias-y-mineria"],"acf":[],"yoast_head":"<!-- This site is optimized with the Yoast SEO plugin v27.5 - https:\/\/yoast.com\/product\/yoast-seo-wordpress\/ -->\n<title>Colombia: Solidaridad de Red Iglesias y Miner\u00eda - Exaudi<\/title>\n<meta name=\"description\" content=\"Mediante una carta p\u00fablica, la Red Iglesias y Miner\u00eda manifest\u00f3 su solidaridad con el pueblo de Colombia en su lucha por lograr una vida digna\" \/>\n<meta name=\"robots\" content=\"index, follow, max-snippet:-1, max-image-preview:large, max-video-preview:-1\" \/>\n<link rel=\"canonical\" href=\"https:\/\/exaudi.org\/es\/colombia-solidaridad-red-iglesias-y-mineria-con-pueblo\/\" \/>\n<meta property=\"og:locale\" content=\"es_ES\" \/>\n<meta property=\"og:type\" content=\"article\" \/>\n<meta property=\"og:title\" content=\"Colombia: Solidaridad de Red Iglesias y Miner\u00eda - Exaudi\" \/>\n<meta property=\"og:description\" content=\"Mediante una carta p\u00fablica, la Red Iglesias y Miner\u00eda manifest\u00f3 su solidaridad con el pueblo de Colombia en su lucha por lograr una vida digna\" \/>\n<meta property=\"og:url\" content=\"https:\/\/exaudi.org\/es\/colombia-solidaridad-red-iglesias-y-mineria-con-pueblo\/\" \/>\n<meta property=\"og:site_name\" content=\"Exaudi\" \/>\n<meta property=\"article:publisher\" content=\"https:\/\/www.facebook.com\/ExaudiNews\" \/>\n<meta property=\"article:published_time\" content=\"2021-06-01T13:49:32+00:00\" \/>\n<meta property=\"article:modified_time\" content=\"2021-06-01T13:50:08+00:00\" \/>\n<meta property=\"og:image\" content=\"https:\/\/exaudi.org\/wp-content\/uploads\/2021\/06\/12312cxcc.jpg\" \/>\n\t<meta property=\"og:image:width\" content=\"988\" \/>\n\t<meta property=\"og:image:height\" content=\"557\" \/>\n\t<meta property=\"og:image:type\" content=\"image\/jpeg\" \/>\n<meta name=\"author\" content=\"Gabriel Sales\" \/>\n<meta name=\"twitter:card\" content=\"summary_large_image\" \/>\n<meta name=\"twitter:creator\" content=\"@habemusman\" \/>\n<meta name=\"twitter:site\" content=\"@Exaudi_News\" \/>\n<meta name=\"twitter:label1\" content=\"Escrito por\" \/>\n\t<meta name=\"twitter:data1\" content=\"Gabriel Sales\" \/>\n\t<meta name=\"twitter:label2\" content=\"Tiempo de lectura\" \/>\n\t<meta name=\"twitter:data2\" content=\"2 minutos\" \/>\n<script type=\"application\/ld+json\" class=\"yoast-schema-graph\">{\"@context\":\"https:\\\/\\\/schema.org\",\"@graph\":[{\"@type\":\"Article\",\"@id\":\"https:\\\/\\\/exaudi.org\\\/es\\\/colombia-solidaridad-red-iglesias-y-mineria-con-pueblo\\\/#article\",\"isPartOf\":{\"@id\":\"https:\\\/\\\/exaudi.org\\\/es\\\/colombia-solidaridad-red-iglesias-y-mineria-con-pueblo\\\/\"},\"author\":{\"name\":\"Gabriel Sales\",\"@id\":\"https:\\\/\\\/exaudi.org\\\/#\\\/schema\\\/person\\\/d134b96438278131ce90c90c03fda6cd\"},\"headline\":\"Colombia: Solidaridad de Red Iglesias y Miner\u00eda\",\"datePublished\":\"2021-06-01T13:49:32+00:00\",\"dateModified\":\"2021-06-01T13:50:08+00:00\",\"mainEntityOfPage\":{\"@id\":\"https:\\\/\\\/exaudi.org\\\/es\\\/colombia-solidaridad-red-iglesias-y-mineria-con-pueblo\\\/\"},\"wordCount\":377,\"image\":{\"@id\":\"https:\\\/\\\/exaudi.org\\\/es\\\/colombia-solidaridad-red-iglesias-y-mineria-con-pueblo\\\/#primaryimage\"},\"thumbnailUrl\":\"https:\\\/\\\/exaudi.org\\\/wp-content\\\/uploads\\\/2021\\\/06\\\/12312cxcc.jpg\",\"keywords\":[\"Colombia\",\"Red Iglesias y Miner\u00eda\"],\"articleSection\":[\"\u00daltimas noticias\"],\"inLanguage\":\"es\"},{\"@type\":\"WebPage\",\"@id\":\"https:\\\/\\\/exaudi.org\\\/es\\\/colombia-solidaridad-red-iglesias-y-mineria-con-pueblo\\\/\",\"url\":\"https:\\\/\\\/exaudi.org\\\/es\\\/colombia-solidaridad-red-iglesias-y-mineria-con-pueblo\\\/\",\"name\":\"Colombia: Solidaridad de Red Iglesias y Miner\u00eda - Exaudi\",\"isPartOf\":{\"@id\":\"https:\\\/\\\/exaudi.org\\\/#website\"},\"primaryImageOfPage\":{\"@id\":\"https:\\\/\\\/exaudi.org\\\/es\\\/colombia-solidaridad-red-iglesias-y-mineria-con-pueblo\\\/#primaryimage\"},\"image\":{\"@id\":\"https:\\\/\\\/exaudi.org\\\/es\\\/colombia-solidaridad-red-iglesias-y-mineria-con-pueblo\\\/#primaryimage\"},\"thumbnailUrl\":\"https:\\\/\\\/exaudi.org\\\/wp-content\\\/uploads\\\/2021\\\/06\\\/12312cxcc.jpg\",\"datePublished\":\"2021-06-01T13:49:32+00:00\",\"dateModified\":\"2021-06-01T13:50:08+00:00\",\"author\":{\"@id\":\"https:\\\/\\\/exaudi.org\\\/#\\\/schema\\\/person\\\/d134b96438278131ce90c90c03fda6cd\"},\"description\":\"Mediante una carta p\u00fablica, la Red Iglesias y Miner\u00eda manifest\u00f3 su solidaridad con el pueblo de Colombia en su lucha por lograr una vida digna\",\"breadcrumb\":{\"@id\":\"https:\\\/\\\/exaudi.org\\\/es\\\/colombia-solidaridad-red-iglesias-y-mineria-con-pueblo\\\/#breadcrumb\"},\"inLanguage\":\"es\",\"potentialAction\":[{\"@type\":\"ReadAction\",\"target\":[\"https:\\\/\\\/exaudi.org\\\/es\\\/colombia-solidaridad-red-iglesias-y-mineria-con-pueblo\\\/\"]}]},{\"@type\":\"ImageObject\",\"inLanguage\":\"es\",\"@id\":\"https:\\\/\\\/exaudi.org\\\/es\\\/colombia-solidaridad-red-iglesias-y-mineria-con-pueblo\\\/#primaryimage\",\"url\":\"https:\\\/\\\/exaudi.org\\\/wp-content\\\/uploads\\\/2021\\\/06\\\/12312cxcc.jpg\",\"contentUrl\":\"https:\\\/\\\/exaudi.org\\\/wp-content\\\/uploads\\\/2021\\\/06\\\/12312cxcc.jpg\",\"width\":988,\"height\":557,\"caption\":\"Manifestaci\u00f3n del pueblo colombiano \u00a9 Red de Iglesias y Miner\u00eda\"},{\"@type\":\"BreadcrumbList\",\"@id\":\"https:\\\/\\\/exaudi.org\\\/es\\\/colombia-solidaridad-red-iglesias-y-mineria-con-pueblo\\\/#breadcrumb\",\"itemListElement\":[{\"@type\":\"ListItem\",\"position\":1,\"name\":\"Portada\",\"item\":\"https:\\\/\\\/exaudi.org\\\/es\\\/\"},{\"@type\":\"ListItem\",\"position\":2,\"name\":\"Colombia: Solidaridad de Red Iglesias y Miner\u00eda\"}]},{\"@type\":\"WebSite\",\"@id\":\"https:\\\/\\\/exaudi.org\\\/#website\",\"url\":\"https:\\\/\\\/exaudi.org\\\/\",\"name\":\"Exaudi\",\"description\":\"News\",\"potentialAction\":[{\"@type\":\"SearchAction\",\"target\":{\"@type\":\"EntryPoint\",\"urlTemplate\":\"https:\\\/\\\/exaudi.org\\\/?s={search_term_string}\"},\"query-input\":{\"@type\":\"PropertyValueSpecification\",\"valueRequired\":true,\"valueName\":\"search_term_string\"}}],\"inLanguage\":\"es\"},{\"@type\":\"Person\",\"@id\":\"https:\\\/\\\/exaudi.org\\\/#\\\/schema\\\/person\\\/d134b96438278131ce90c90c03fda6cd\",\"name\":\"Gabriel Sales\",\"image\":{\"@type\":\"ImageObject\",\"inLanguage\":\"es\",\"@id\":\"https:\\\/\\\/secure.gravatar.com\\\/avatar\\\/9b1269566f6a063ed26ffb3532b66a373cdde231ce5d0effb266167437fdaffd?s=96&d=mm&r=g\",\"url\":\"https:\\\/\\\/secure.gravatar.com\\\/avatar\\\/9b1269566f6a063ed26ffb3532b66a373cdde231ce5d0effb266167437fdaffd?s=96&d=mm&r=g\",\"contentUrl\":\"https:\\\/\\\/secure.gravatar.com\\\/avatar\\\/9b1269566f6a063ed26ffb3532b66a373cdde231ce5d0effb266167437fdaffd?s=96&d=mm&r=g\",\"caption\":\"Gabriel Sales\"},\"description\":\"Periodista y especialista en Comunicaci\u00f3n y Branding digital. Cin\u00e9filo y cr\u00edtico de cine y series de televisi\u00f3n.\",\"sameAs\":[\"https:\\\/\\\/www.instagram.com\\\/cine90segundos\\\/\",\"www.linkedin.com\\\/in\\\/habemusman\",\"https:\\\/\\\/x.com\\\/habemusman\",\"https:\\\/\\\/www.youtube.com\\\/channel\\\/UCVfCiOMkJ_C7T7OpyjuaLDg\"],\"url\":\"https:\\\/\\\/exaudi.org\\\/es\\\/author\\\/gsalesexaudi-org\\\/\"}]}<\/script>\n<!-- \/ Yoast SEO plugin. -->","yoast_head_json":{"title":"Colombia: Solidaridad de Red Iglesias y Miner\u00eda - Exaudi","description":"Mediante una carta p\u00fablica, la Red Iglesias y Miner\u00eda manifest\u00f3 su solidaridad con el pueblo de Colombia en su lucha por lograr una vida digna","robots":{"index":"index","follow":"follow","max-snippet":"max-snippet:-1","max-image-preview":"max-image-preview:large","max-video-preview":"max-video-preview:-1"},"canonical":"https:\/\/exaudi.org\/es\/colombia-solidaridad-red-iglesias-y-mineria-con-pueblo\/","og_locale":"es_ES","og_type":"article","og_title":"Colombia: Solidaridad de Red Iglesias y Miner\u00eda - Exaudi","og_description":"Mediante una carta p\u00fablica, la Red Iglesias y Miner\u00eda manifest\u00f3 su solidaridad con el pueblo de Colombia en su lucha por lograr una vida digna","og_url":"https:\/\/exaudi.org\/es\/colombia-solidaridad-red-iglesias-y-mineria-con-pueblo\/","og_site_name":"Exaudi","article_publisher":"https:\/\/www.facebook.com\/ExaudiNews","article_published_time":"2021-06-01T13:49:32+00:00","article_modified_time":"2021-06-01T13:50:08+00:00","og_image":[{"width":988,"height":557,"url":"https:\/\/exaudi.org\/wp-content\/uploads\/2021\/06\/12312cxcc.jpg","type":"image\/jpeg"}],"author":"Gabriel Sales","twitter_card":"summary_large_image","twitter_creator":"@habemusman","twitter_site":"@Exaudi_News","twitter_misc":{"Escrito por":"Gabriel Sales","Tiempo de lectura":"2 minutos"},"schema":{"@context":"https:\/\/schema.org","@graph":[{"@type":"Article","@id":"https:\/\/exaudi.org\/es\/colombia-solidaridad-red-iglesias-y-mineria-con-pueblo\/#article","isPartOf":{"@id":"https:\/\/exaudi.org\/es\/colombia-solidaridad-red-iglesias-y-mineria-con-pueblo\/"},"author":{"name":"Gabriel Sales","@id":"https:\/\/exaudi.org\/#\/schema\/person\/d134b96438278131ce90c90c03fda6cd"},"headline":"Colombia: Solidaridad de Red Iglesias y Miner\u00eda","datePublished":"2021-06-01T13:49:32+00:00","dateModified":"2021-06-01T13:50:08+00:00","mainEntityOfPage":{"@id":"https:\/\/exaudi.org\/es\/colombia-solidaridad-red-iglesias-y-mineria-con-pueblo\/"},"wordCount":377,"image":{"@id":"https:\/\/exaudi.org\/es\/colombia-solidaridad-red-iglesias-y-mineria-con-pueblo\/#primaryimage"},"thumbnailUrl":"https:\/\/exaudi.org\/wp-content\/uploads\/2021\/06\/12312cxcc.jpg","keywords":["Colombia","Red Iglesias y Miner\u00eda"],"articleSection":["\u00daltimas noticias"],"inLanguage":"es"},{"@type":"WebPage","@id":"https:\/\/exaudi.org\/es\/colombia-solidaridad-red-iglesias-y-mineria-con-pueblo\/","url":"https:\/\/exaudi.org\/es\/colombia-solidaridad-red-iglesias-y-mineria-con-pueblo\/","name":"Colombia: Solidaridad de Red Iglesias y Miner\u00eda - Exaudi","isPartOf":{"@id":"https:\/\/exaudi.org\/#website"},"primaryImageOfPage":{"@id":"https:\/\/exaudi.org\/es\/colombia-solidaridad-red-iglesias-y-mineria-con-pueblo\/#primaryimage"},"image":{"@id":"https:\/\/exaudi.org\/es\/colombia-solidaridad-red-iglesias-y-mineria-con-pueblo\/#primaryimage"},"thumbnailUrl":"https:\/\/exaudi.org\/wp-content\/uploads\/2021\/06\/12312cxcc.jpg","datePublished":"2021-06-01T13:49:32+00:00","dateModified":"2021-06-01T13:50:08+00:00","author":{"@id":"https:\/\/exaudi.org\/#\/schema\/person\/d134b96438278131ce90c90c03fda6cd"},"description":"Mediante una carta p\u00fablica, la Red Iglesias y Miner\u00eda manifest\u00f3 su solidaridad con el pueblo de Colombia en su lucha por lograr una vida digna","breadcrumb":{"@id":"https:\/\/exaudi.org\/es\/colombia-solidaridad-red-iglesias-y-mineria-con-pueblo\/#breadcrumb"},"inLanguage":"es","potentialAction":[{"@type":"ReadAction","target":["https:\/\/exaudi.org\/es\/colombia-solidaridad-red-iglesias-y-mineria-con-pueblo\/"]}]},{"@type":"ImageObject","inLanguage":"es","@id":"https:\/\/exaudi.org\/es\/colombia-solidaridad-red-iglesias-y-mineria-con-pueblo\/#primaryimage","url":"https:\/\/exaudi.org\/wp-content\/uploads\/2021\/06\/12312cxcc.jpg","contentUrl":"https:\/\/exaudi.org\/wp-content\/uploads\/2021\/06\/12312cxcc.jpg","width":988,"height":557,"caption":"Manifestaci\u00f3n del pueblo colombiano \u00a9 Red de Iglesias y Miner\u00eda"},{"@type":"BreadcrumbList","@id":"https:\/\/exaudi.org\/es\/colombia-solidaridad-red-iglesias-y-mineria-con-pueblo\/#breadcrumb","itemListElement":[{"@type":"ListItem","position":1,"name":"Portada","item":"https:\/\/exaudi.org\/es\/"},{"@type":"ListItem","position":2,"name":"Colombia: Solidaridad de Red Iglesias y Miner\u00eda"}]},{"@type":"WebSite","@id":"https:\/\/exaudi.org\/#website","url":"https:\/\/exaudi.org\/","name":"Exaudi","description":"News","potentialAction":[{"@type":"SearchAction","target":{"@type":"EntryPoint","urlTemplate":"https:\/\/exaudi.org\/?s={search_term_string}"},"query-input":{"@type":"PropertyValueSpecification","valueRequired":true,"valueName":"search_term_string"}}],"inLanguage":"es"},{"@type":"Person","@id":"https:\/\/exaudi.org\/#\/schema\/person\/d134b96438278131ce90c90c03fda6cd","name":"Gabriel Sales","image":{"@type":"ImageObject","inLanguage":"es","@id":"https:\/\/secure.gravatar.com\/avatar\/9b1269566f6a063ed26ffb3532b66a373cdde231ce5d0effb266167437fdaffd?s=96&d=mm&r=g","url":"https:\/\/secure.gravatar.com\/avatar\/9b1269566f6a063ed26ffb3532b66a373cdde231ce5d0effb266167437fdaffd?s=96&d=mm&r=g","contentUrl":"https:\/\/secure.gravatar.com\/avatar\/9b1269566f6a063ed26ffb3532b66a373cdde231ce5d0effb266167437fdaffd?s=96&d=mm&r=g","caption":"Gabriel Sales"},"description":"Periodista y especialista en Comunicaci\u00f3n y Branding digital. Cin\u00e9filo y cr\u00edtico de cine y series de televisi\u00f3n.","sameAs":["https:\/\/www.instagram.com\/cine90segundos\/","www.linkedin.com\/in\/habemusman","https:\/\/x.com\/habemusman","https:\/\/www.youtube.com\/channel\/UCVfCiOMkJ_C7T7OpyjuaLDg"],"url":"https:\/\/exaudi.org\/es\/author\/gsalesexaudi-org\/"}]}},"jetpack_featured_media_url":"https:\/\/exaudi.org\/wp-content\/uploads\/2021\/06\/12312cxcc.jpg","jetpack_shortlink":"https:\/\/wp.me\/pgKjF2-5fj","_links":{"self":[{"href":"https:\/\/exaudi.org\/es\/wp-json\/wp\/v2\/posts\/20169","targetHints":{"allow":["GET"]}}],"collection":[{"href":"https:\/\/exaudi.org\/es\/wp-json\/wp\/v2\/posts"}],"about":[{"href":"https:\/\/exaudi.org\/es\/wp-json\/wp\/v2\/types\/post"}],"author":[{"embeddable":true,"href":"https:\/\/exaudi.org\/es\/wp-json\/wp\/v2\/users\/6"}],"replies":[{"embeddable":true,"href":"https:\/\/exaudi.org\/es\/wp-json\/wp\/v2\/comments?post=20169"}],"version-history":[{"count":0,"href":"https:\/\/exaudi.org\/es\/wp-json\/wp\/v2\/posts\/20169\/revisions"}],"wp:featuredmedia":[{"embeddable":true,"href":"https:\/\/exaudi.org\/es\/wp-json\/wp\/v2\/media\/20171"}],"wp:attachment":[{"href":"https:\/\/exaudi.org\/es\/wp-json\/wp\/v2\/media?parent=20169"}],"wp:term":[{"taxonomy":"category","embeddable":true,"href":"https:\/\/exaudi.org\/es\/wp-json\/wp\/v2\/categories?post=20169"},{"taxonomy":"post_tag","embeddable":true,"href":"https:\/\/exaudi.org\/es\/wp-json\/wp\/v2\/tags?post=20169"}],"curies":[{"name":"wp","href":"https:\/\/api.w.org\/{rel}","templated":true}]}}