{"id":20070,"date":"2021-06-01T10:17:23","date_gmt":"2021-06-01T08:17:23","guid":{"rendered":"https:\/\/exaudi.org\/?p=20070"},"modified":"2021-06-03T10:01:58","modified_gmt":"2021-06-03T08:01:58","slug":"peru-misa-victimas-san-miguel","status":"publish","type":"post","link":"https:\/\/exaudi.org\/es\/peru-misa-victimas-san-miguel\/","title":{"rendered":"Per\u00fa: Misa por las v\u00edctimas de San Miguel"},"content":{"rendered":"<p>En la fiesta de la Sant\u00edsima Trinidad, celebrada el domingo 30 de mayo de 2021, el <a href=\"https:\/\/www.arzobispadodelima.org\/\" target=\"_blank\" rel=\"noopener noreferrer\">arzobispo de Lima<\/a> y primado del <a href=\"https:\/\/exaudi.org\/es\/peru-carta-obispos-elecciones-presidenciales\/\" target=\"_blank\" rel=\"noopener noreferrer\">Per\u00fa<\/a>, presidi\u00f3 la Misa por las v\u00edctimas en la matanza en San Miguel del Ene, distrito de Jun\u00edn.<\/p>\n<p><img loading=\"lazy\" decoding=\"async\" class=\"size-medium wp-image-20087 alignleft\" src=\"https:\/\/exaudi.org\/wp-content\/uploads\/2021\/06\/WhatsApp-Image-2021-05-30-at-6.49.16-PM-2-300x200.jpeg\" alt=\"\" width=\"300\" height=\"200\" srcset=\"https:\/\/exaudi.org\/wp-content\/uploads\/2021\/06\/WhatsApp-Image-2021-05-30-at-6.49.16-PM-2-300x200.jpeg 300w, https:\/\/exaudi.org\/wp-content\/uploads\/2021\/06\/WhatsApp-Image-2021-05-30-at-6.49.16-PM-2-1024x682.jpeg 1024w, https:\/\/exaudi.org\/wp-content\/uploads\/2021\/06\/WhatsApp-Image-2021-05-30-at-6.49.16-PM-2-768x512.jpeg 768w, https:\/\/exaudi.org\/wp-content\/uploads\/2021\/06\/WhatsApp-Image-2021-05-30-at-6.49.16-PM-2-150x100.jpeg 150w, https:\/\/exaudi.org\/wp-content\/uploads\/2021\/06\/WhatsApp-Image-2021-05-30-at-6.49.16-PM-2-696x464.jpeg 696w, https:\/\/exaudi.org\/wp-content\/uploads\/2021\/06\/WhatsApp-Image-2021-05-30-at-6.49.16-PM-2-1068x712.jpeg 1068w, https:\/\/exaudi.org\/wp-content\/uploads\/2021\/06\/WhatsApp-Image-2021-05-30-at-6.49.16-PM-2-630x420.jpeg 630w, https:\/\/exaudi.org\/wp-content\/uploads\/2021\/06\/WhatsApp-Image-2021-05-30-at-6.49.16-PM-2.jpeg 1280w\" sizes=\"auto, (max-width: 300px) 100vw, 300px\" \/> Fotograf\u00edas de las v\u00edctimas acompa\u00f1aron la celebraci\u00f3n eucar\u00edstica por los 16 peruanos, quienes perdieron la vida en manos de las fuerzas subversivas, a pocos d\u00edas de la segunda vuelta presidencial 2021.<\/p>\n<p>Vivir una semana de reflexi\u00f3n, tras la muerte de m\u00e1s de diez peruanos en Vizcat\u00e1n en la zona del Valle del r\u00edo Apur\u00edmac, Ene y Mantaro (VRAEM), fue el pedido del arzobispo de Lima Castillo Mattasoglio \u201cTodo el sistema de vida tiene que reformarse para que seamos hermanos\u201d. Qu\u00e9 mejor manera de celebrar nuestro Bicentenario que herman\u00e1ndonos todos con el pa\u00eds, que el papa, citando las palabras de Jos\u00e9 Mar\u00eda Arguedas, defini\u00f3: \u201cel pa\u00eds de todas las sangres\u201d, expres\u00f3 en su homil\u00eda.<\/p>\n<h4><strong>Vivir en la unidad <\/strong><\/h4>\n<p>\u201cJuntos podemos superar momentos dif\u00edciles\u201d, contin\u00fao monse\u00f1or. Debemos aprender a vivir en la unidad rescatando las diferencias. Intentar siempre ver lo mejor en el otro. Y\u00a0 es que \u00a1No podemos vivir divididos!, insisti\u00f3.<\/p>\n<p><img loading=\"lazy\" decoding=\"async\" class=\"size-medium wp-image-20075 alignright\" src=\"https:\/\/exaudi.org\/wp-content\/uploads\/2021\/06\/WhatsApp-Image-2021-05-30-at-6.49.16-PM-1-300x200.jpeg\" alt=\"\" width=\"300\" height=\"200\" srcset=\"https:\/\/exaudi.org\/wp-content\/uploads\/2021\/06\/WhatsApp-Image-2021-05-30-at-6.49.16-PM-1-300x200.jpeg 300w, https:\/\/exaudi.org\/wp-content\/uploads\/2021\/06\/WhatsApp-Image-2021-05-30-at-6.49.16-PM-1-1024x682.jpeg 1024w, https:\/\/exaudi.org\/wp-content\/uploads\/2021\/06\/WhatsApp-Image-2021-05-30-at-6.49.16-PM-1-768x512.jpeg 768w, https:\/\/exaudi.org\/wp-content\/uploads\/2021\/06\/WhatsApp-Image-2021-05-30-at-6.49.16-PM-1-150x100.jpeg 150w, https:\/\/exaudi.org\/wp-content\/uploads\/2021\/06\/WhatsApp-Image-2021-05-30-at-6.49.16-PM-1-696x464.jpeg 696w, https:\/\/exaudi.org\/wp-content\/uploads\/2021\/06\/WhatsApp-Image-2021-05-30-at-6.49.16-PM-1-1068x712.jpeg 1068w, https:\/\/exaudi.org\/wp-content\/uploads\/2021\/06\/WhatsApp-Image-2021-05-30-at-6.49.16-PM-1-630x420.jpeg 630w, https:\/\/exaudi.org\/wp-content\/uploads\/2021\/06\/WhatsApp-Image-2021-05-30-at-6.49.16-PM-1.jpeg 1280w\" sizes=\"auto, (max-width: 300px) 100vw, 300px\" \/>Ahora m\u00e1s que nunca es preciso dejar de lado las diferencias, pues solo tensan nuestra vida. Debe cesar la polarizaci\u00f3n, para alentar la inclusi\u00f3n. \u201cTenemos que reservar siempre, como un tesoro, lo bueno que el otro puede decir\u201d, reflexion\u00f3 el arzobispo.<\/p>\n<p>Antes de culminar su reflexi\u00f3n, en la fiesta de la Sant\u00edsima Trinidad, el tambi\u00e9n Primado del Per\u00fa record\u00f3 que Dios no es un Dios solitario sino solidario. Es una familia que se ama y se integra eternamente. Por eso la Iglesia est\u00e1 llamada a educar en el amor, sin imponerse, ayud\u00e1ndonos a salir airosos, porque somos hermanos.<\/p>\n","protected":false},"excerpt":{"rendered":"<p>Caminar unidos por un \u201cPer\u00fa solidario e inclusivo\u201d<\/p>\n","protected":false},"author":39,"featured_media":20078,"comment_status":"closed","ping_status":"closed","sticky":false,"template":"","format":"standard","meta":{"_acf_changed":false,"_crdt_document":"","inline_featured_image":false,"footnotes":""},"categories":[86,298],"tags":[2606,945],"class_list":["post-20070","post","type-post","status-publish","format-standard","has-post-thumbnail","hentry","category-iglesia-local","category-ultimas-noticias","tag-arzobispado-de-lima","tag-peru"],"acf":[],"yoast_head":"<!-- This site is optimized with the Yoast SEO plugin v27.5 - https:\/\/yoast.com\/product\/yoast-seo-wordpress\/ -->\n<title>Per\u00fa: Misa por las v\u00edctimas de San Miguel &#8211; Exaudi<\/title>\n<meta name=\"description\" content=\"Per\u00fa: El arzobispo de Lima presidi\u00f3 la Misa ofrecida en especial intenci\u00f3n por las v\u00edctimas en la matanza en San Miguel del Ene,\" \/>\n<meta name=\"robots\" content=\"index, follow, max-snippet:-1, max-image-preview:large, max-video-preview:-1\" \/>\n<link rel=\"canonical\" href=\"https:\/\/exaudi.org\/es\/peru-misa-victimas-san-miguel\/\" \/>\n<meta property=\"og:locale\" content=\"es_ES\" \/>\n<meta property=\"og:type\" content=\"article\" \/>\n<meta property=\"og:title\" content=\"Per\u00fa: Misa por las v\u00edctimas de San Miguel &#8211; Exaudi\" \/>\n<meta property=\"og:description\" content=\"Per\u00fa: El arzobispo de Lima presidi\u00f3 la Misa ofrecida en especial intenci\u00f3n por las v\u00edctimas en la matanza en San Miguel del Ene,\" \/>\n<meta property=\"og:url\" content=\"https:\/\/exaudi.org\/es\/peru-misa-victimas-san-miguel\/\" \/>\n<meta property=\"og:site_name\" content=\"Exaudi\" \/>\n<meta property=\"article:publisher\" content=\"https:\/\/www.facebook.com\/ExaudiNews\" \/>\n<meta property=\"article:published_time\" content=\"2021-06-01T08:17:23+00:00\" \/>\n<meta property=\"article:modified_time\" content=\"2021-06-03T08:01:58+00:00\" \/>\n<meta property=\"og:image\" content=\"https:\/\/exaudi.org\/wp-content\/uploads\/2021\/06\/WhatsApp-Image-2021-05-30-at-6.49.15-PM.jpeg\" \/>\n\t<meta property=\"og:image:width\" content=\"1280\" \/>\n\t<meta property=\"og:image:height\" content=\"853\" \/>\n\t<meta property=\"og:image:type\" content=\"image\/jpeg\" \/>\n<meta name=\"author\" content=\"Esther N\u00fa\u00f1ez\" \/>\n<meta name=\"twitter:card\" content=\"summary_large_image\" \/>\n<meta name=\"twitter:creator\" content=\"@Exaudi_News\" \/>\n<meta name=\"twitter:site\" content=\"@Exaudi_News\" \/>\n<meta name=\"twitter:label1\" content=\"Escrito por\" \/>\n\t<meta name=\"twitter:data1\" content=\"Esther N\u00fa\u00f1ez\" \/>\n\t<meta name=\"twitter:label2\" content=\"Tiempo de lectura\" \/>\n\t<meta name=\"twitter:data2\" content=\"2 minutos\" \/>\n<script type=\"application\/ld+json\" class=\"yoast-schema-graph\">{\"@context\":\"https:\\\/\\\/schema.org\",\"@graph\":[{\"@type\":\"Article\",\"@id\":\"https:\\\/\\\/exaudi.org\\\/es\\\/peru-misa-victimas-san-miguel\\\/#article\",\"isPartOf\":{\"@id\":\"https:\\\/\\\/exaudi.org\\\/es\\\/peru-misa-victimas-san-miguel\\\/\"},\"author\":{\"name\":\"Esther N\u00fa\u00f1ez\",\"@id\":\"https:\\\/\\\/exaudi.org\\\/#\\\/schema\\\/person\\\/7105d7735b2bf8c31e7cf8784351ebbc\"},\"headline\":\"Per\u00fa: Misa por las v\u00edctimas de San Miguel\",\"datePublished\":\"2021-06-01T08:17:23+00:00\",\"dateModified\":\"2021-06-03T08:01:58+00:00\",\"mainEntityOfPage\":{\"@id\":\"https:\\\/\\\/exaudi.org\\\/es\\\/peru-misa-victimas-san-miguel\\\/\"},\"wordCount\":322,\"image\":{\"@id\":\"https:\\\/\\\/exaudi.org\\\/es\\\/peru-misa-victimas-san-miguel\\\/#primaryimage\"},\"thumbnailUrl\":\"https:\\\/\\\/exaudi.org\\\/wp-content\\\/uploads\\\/2021\\\/06\\\/WhatsApp-Image-2021-05-30-at-6.49.15-PM.jpeg\",\"keywords\":[\"Arzobispado de Lima\",\"Per\u00fa\"],\"articleSection\":[\"Iglesia Local\",\"\u00daltimas noticias\"],\"inLanguage\":\"es\"},{\"@type\":\"WebPage\",\"@id\":\"https:\\\/\\\/exaudi.org\\\/es\\\/peru-misa-victimas-san-miguel\\\/\",\"url\":\"https:\\\/\\\/exaudi.org\\\/es\\\/peru-misa-victimas-san-miguel\\\/\",\"name\":\"Per\u00fa: Misa por las v\u00edctimas de San Miguel &#8211; Exaudi\",\"isPartOf\":{\"@id\":\"https:\\\/\\\/exaudi.org\\\/#website\"},\"primaryImageOfPage\":{\"@id\":\"https:\\\/\\\/exaudi.org\\\/es\\\/peru-misa-victimas-san-miguel\\\/#primaryimage\"},\"image\":{\"@id\":\"https:\\\/\\\/exaudi.org\\\/es\\\/peru-misa-victimas-san-miguel\\\/#primaryimage\"},\"thumbnailUrl\":\"https:\\\/\\\/exaudi.org\\\/wp-content\\\/uploads\\\/2021\\\/06\\\/WhatsApp-Image-2021-05-30-at-6.49.15-PM.jpeg\",\"datePublished\":\"2021-06-01T08:17:23+00:00\",\"dateModified\":\"2021-06-03T08:01:58+00:00\",\"author\":{\"@id\":\"https:\\\/\\\/exaudi.org\\\/#\\\/schema\\\/person\\\/7105d7735b2bf8c31e7cf8784351ebbc\"},\"description\":\"Per\u00fa: El arzobispo de Lima presidi\u00f3 la Misa ofrecida en especial intenci\u00f3n por las v\u00edctimas en la matanza en San Miguel del Ene,\",\"breadcrumb\":{\"@id\":\"https:\\\/\\\/exaudi.org\\\/es\\\/peru-misa-victimas-san-miguel\\\/#breadcrumb\"},\"inLanguage\":\"es\",\"potentialAction\":[{\"@type\":\"ReadAction\",\"target\":[\"https:\\\/\\\/exaudi.org\\\/es\\\/peru-misa-victimas-san-miguel\\\/\"]}]},{\"@type\":\"ImageObject\",\"inLanguage\":\"es\",\"@id\":\"https:\\\/\\\/exaudi.org\\\/es\\\/peru-misa-victimas-san-miguel\\\/#primaryimage\",\"url\":\"https:\\\/\\\/exaudi.org\\\/wp-content\\\/uploads\\\/2021\\\/06\\\/WhatsApp-Image-2021-05-30-at-6.49.15-PM.jpeg\",\"contentUrl\":\"https:\\\/\\\/exaudi.org\\\/wp-content\\\/uploads\\\/2021\\\/06\\\/WhatsApp-Image-2021-05-30-at-6.49.15-PM.jpeg\",\"width\":1280,\"height\":853,\"caption\":\"Misa por las v\u00edctimas de San Miguel \u00a9 Arzobispado de Lima\"},{\"@type\":\"BreadcrumbList\",\"@id\":\"https:\\\/\\\/exaudi.org\\\/es\\\/peru-misa-victimas-san-miguel\\\/#breadcrumb\",\"itemListElement\":[{\"@type\":\"ListItem\",\"position\":1,\"name\":\"Portada\",\"item\":\"https:\\\/\\\/exaudi.org\\\/es\\\/\"},{\"@type\":\"ListItem\",\"position\":2,\"name\":\"Per\u00fa: Misa por las v\u00edctimas de San Miguel\"}]},{\"@type\":\"WebSite\",\"@id\":\"https:\\\/\\\/exaudi.org\\\/#website\",\"url\":\"https:\\\/\\\/exaudi.org\\\/\",\"name\":\"Exaudi\",\"description\":\"News\",\"potentialAction\":[{\"@type\":\"SearchAction\",\"target\":{\"@type\":\"EntryPoint\",\"urlTemplate\":\"https:\\\/\\\/exaudi.org\\\/?s={search_term_string}\"},\"query-input\":{\"@type\":\"PropertyValueSpecification\",\"valueRequired\":true,\"valueName\":\"search_term_string\"}}],\"inLanguage\":\"es\"},{\"@type\":\"Person\",\"@id\":\"https:\\\/\\\/exaudi.org\\\/#\\\/schema\\\/person\\\/7105d7735b2bf8c31e7cf8784351ebbc\",\"name\":\"Esther N\u00fa\u00f1ez\",\"image\":{\"@type\":\"ImageObject\",\"inLanguage\":\"es\",\"@id\":\"https:\\\/\\\/secure.gravatar.com\\\/avatar\\\/856566533d218d9d7b852b03a545bc963463ade36cec448d0cba38a2d59be800?s=96&d=mm&r=g\",\"url\":\"https:\\\/\\\/secure.gravatar.com\\\/avatar\\\/856566533d218d9d7b852b03a545bc963463ade36cec448d0cba38a2d59be800?s=96&d=mm&r=g\",\"contentUrl\":\"https:\\\/\\\/secure.gravatar.com\\\/avatar\\\/856566533d218d9d7b852b03a545bc963463ade36cec448d0cba38a2d59be800?s=96&d=mm&r=g\",\"caption\":\"Esther N\u00fa\u00f1ez\"},\"description\":\"Lima, Per\u00fa Periodista colegiada con ejercicio de la profesi\u00f3n desde 2001. Licenciada en periodismo por la Universidad Jaime Bausate y Meza, de Lima. Estudios complementarios en Teolog\u00eda, Filosof\u00eda, Comunicaci\u00f3n Digital; as\u00ed como en Conducci\u00f3n de noticieros y producci\u00f3n audiovisual. Con preparaci\u00f3n adicional en doctrina social de la Iglesia, comunicaci\u00f3n institucional en el sector p\u00fablico y eclesial. Ha ejercido tareas como imagen institucional en la Oficina de Educaci\u00f3n de la Conferencia Episcopal Peruana. Asimismo, Jefa de prensa de un canal y editora de dos revistas impresas. Experiencia en la realizaci\u00f3n de talleres de redacci\u00f3n, as\u00ed como en corresponsal\u00edas de agencias y portales web, direcci\u00f3n, producci\u00f3n y conducci\u00f3n de programas de radio y televisi\u00f3n. Desde 2020 colabora como periodista en el Instituto de Radio y Televisi\u00f3n del Per\u00fa.\",\"url\":\"https:\\\/\\\/exaudi.org\\\/es\\\/author\\\/esthernunez\\\/\"}]}<\/script>\n<!-- \/ Yoast SEO plugin. -->","yoast_head_json":{"title":"Per\u00fa: Misa por las v\u00edctimas de San Miguel &#8211; Exaudi","description":"Per\u00fa: El arzobispo de Lima presidi\u00f3 la Misa ofrecida en especial intenci\u00f3n por las v\u00edctimas en la matanza en San Miguel del Ene,","robots":{"index":"index","follow":"follow","max-snippet":"max-snippet:-1","max-image-preview":"max-image-preview:large","max-video-preview":"max-video-preview:-1"},"canonical":"https:\/\/exaudi.org\/es\/peru-misa-victimas-san-miguel\/","og_locale":"es_ES","og_type":"article","og_title":"Per\u00fa: Misa por las v\u00edctimas de San Miguel &#8211; Exaudi","og_description":"Per\u00fa: El arzobispo de Lima presidi\u00f3 la Misa ofrecida en especial intenci\u00f3n por las v\u00edctimas en la matanza en San Miguel del Ene,","og_url":"https:\/\/exaudi.org\/es\/peru-misa-victimas-san-miguel\/","og_site_name":"Exaudi","article_publisher":"https:\/\/www.facebook.com\/ExaudiNews","article_published_time":"2021-06-01T08:17:23+00:00","article_modified_time":"2021-06-03T08:01:58+00:00","og_image":[{"width":1280,"height":853,"url":"https:\/\/exaudi.org\/wp-content\/uploads\/2021\/06\/WhatsApp-Image-2021-05-30-at-6.49.15-PM.jpeg","type":"image\/jpeg"}],"author":"Esther N\u00fa\u00f1ez","twitter_card":"summary_large_image","twitter_creator":"@Exaudi_News","twitter_site":"@Exaudi_News","twitter_misc":{"Escrito por":"Esther N\u00fa\u00f1ez","Tiempo de lectura":"2 minutos"},"schema":{"@context":"https:\/\/schema.org","@graph":[{"@type":"Article","@id":"https:\/\/exaudi.org\/es\/peru-misa-victimas-san-miguel\/#article","isPartOf":{"@id":"https:\/\/exaudi.org\/es\/peru-misa-victimas-san-miguel\/"},"author":{"name":"Esther N\u00fa\u00f1ez","@id":"https:\/\/exaudi.org\/#\/schema\/person\/7105d7735b2bf8c31e7cf8784351ebbc"},"headline":"Per\u00fa: Misa por las v\u00edctimas de San Miguel","datePublished":"2021-06-01T08:17:23+00:00","dateModified":"2021-06-03T08:01:58+00:00","mainEntityOfPage":{"@id":"https:\/\/exaudi.org\/es\/peru-misa-victimas-san-miguel\/"},"wordCount":322,"image":{"@id":"https:\/\/exaudi.org\/es\/peru-misa-victimas-san-miguel\/#primaryimage"},"thumbnailUrl":"https:\/\/exaudi.org\/wp-content\/uploads\/2021\/06\/WhatsApp-Image-2021-05-30-at-6.49.15-PM.jpeg","keywords":["Arzobispado de Lima","Per\u00fa"],"articleSection":["Iglesia Local","\u00daltimas noticias"],"inLanguage":"es"},{"@type":"WebPage","@id":"https:\/\/exaudi.org\/es\/peru-misa-victimas-san-miguel\/","url":"https:\/\/exaudi.org\/es\/peru-misa-victimas-san-miguel\/","name":"Per\u00fa: Misa por las v\u00edctimas de San Miguel &#8211; Exaudi","isPartOf":{"@id":"https:\/\/exaudi.org\/#website"},"primaryImageOfPage":{"@id":"https:\/\/exaudi.org\/es\/peru-misa-victimas-san-miguel\/#primaryimage"},"image":{"@id":"https:\/\/exaudi.org\/es\/peru-misa-victimas-san-miguel\/#primaryimage"},"thumbnailUrl":"https:\/\/exaudi.org\/wp-content\/uploads\/2021\/06\/WhatsApp-Image-2021-05-30-at-6.49.15-PM.jpeg","datePublished":"2021-06-01T08:17:23+00:00","dateModified":"2021-06-03T08:01:58+00:00","author":{"@id":"https:\/\/exaudi.org\/#\/schema\/person\/7105d7735b2bf8c31e7cf8784351ebbc"},"description":"Per\u00fa: El arzobispo de Lima presidi\u00f3 la Misa ofrecida en especial intenci\u00f3n por las v\u00edctimas en la matanza en San Miguel del Ene,","breadcrumb":{"@id":"https:\/\/exaudi.org\/es\/peru-misa-victimas-san-miguel\/#breadcrumb"},"inLanguage":"es","potentialAction":[{"@type":"ReadAction","target":["https:\/\/exaudi.org\/es\/peru-misa-victimas-san-miguel\/"]}]},{"@type":"ImageObject","inLanguage":"es","@id":"https:\/\/exaudi.org\/es\/peru-misa-victimas-san-miguel\/#primaryimage","url":"https:\/\/exaudi.org\/wp-content\/uploads\/2021\/06\/WhatsApp-Image-2021-05-30-at-6.49.15-PM.jpeg","contentUrl":"https:\/\/exaudi.org\/wp-content\/uploads\/2021\/06\/WhatsApp-Image-2021-05-30-at-6.49.15-PM.jpeg","width":1280,"height":853,"caption":"Misa por las v\u00edctimas de San Miguel \u00a9 Arzobispado de Lima"},{"@type":"BreadcrumbList","@id":"https:\/\/exaudi.org\/es\/peru-misa-victimas-san-miguel\/#breadcrumb","itemListElement":[{"@type":"ListItem","position":1,"name":"Portada","item":"https:\/\/exaudi.org\/es\/"},{"@type":"ListItem","position":2,"name":"Per\u00fa: Misa por las v\u00edctimas de San Miguel"}]},{"@type":"WebSite","@id":"https:\/\/exaudi.org\/#website","url":"https:\/\/exaudi.org\/","name":"Exaudi","description":"News","potentialAction":[{"@type":"SearchAction","target":{"@type":"EntryPoint","urlTemplate":"https:\/\/exaudi.org\/?s={search_term_string}"},"query-input":{"@type":"PropertyValueSpecification","valueRequired":true,"valueName":"search_term_string"}}],"inLanguage":"es"},{"@type":"Person","@id":"https:\/\/exaudi.org\/#\/schema\/person\/7105d7735b2bf8c31e7cf8784351ebbc","name":"Esther N\u00fa\u00f1ez","image":{"@type":"ImageObject","inLanguage":"es","@id":"https:\/\/secure.gravatar.com\/avatar\/856566533d218d9d7b852b03a545bc963463ade36cec448d0cba38a2d59be800?s=96&d=mm&r=g","url":"https:\/\/secure.gravatar.com\/avatar\/856566533d218d9d7b852b03a545bc963463ade36cec448d0cba38a2d59be800?s=96&d=mm&r=g","contentUrl":"https:\/\/secure.gravatar.com\/avatar\/856566533d218d9d7b852b03a545bc963463ade36cec448d0cba38a2d59be800?s=96&d=mm&r=g","caption":"Esther N\u00fa\u00f1ez"},"description":"Lima, Per\u00fa Periodista colegiada con ejercicio de la profesi\u00f3n desde 2001. Licenciada en periodismo por la Universidad Jaime Bausate y Meza, de Lima. Estudios complementarios en Teolog\u00eda, Filosof\u00eda, Comunicaci\u00f3n Digital; as\u00ed como en Conducci\u00f3n de noticieros y producci\u00f3n audiovisual. Con preparaci\u00f3n adicional en doctrina social de la Iglesia, comunicaci\u00f3n institucional en el sector p\u00fablico y eclesial. Ha ejercido tareas como imagen institucional en la Oficina de Educaci\u00f3n de la Conferencia Episcopal Peruana. Asimismo, Jefa de prensa de un canal y editora de dos revistas impresas. Experiencia en la realizaci\u00f3n de talleres de redacci\u00f3n, as\u00ed como en corresponsal\u00edas de agencias y portales web, direcci\u00f3n, producci\u00f3n y conducci\u00f3n de programas de radio y televisi\u00f3n. Desde 2020 colabora como periodista en el Instituto de Radio y Televisi\u00f3n del Per\u00fa.","url":"https:\/\/exaudi.org\/es\/author\/esthernunez\/"}]}},"jetpack_featured_media_url":"https:\/\/exaudi.org\/wp-content\/uploads\/2021\/06\/WhatsApp-Image-2021-05-30-at-6.49.15-PM.jpeg","jetpack_shortlink":"https:\/\/wp.me\/pgKjF2-5dI","_links":{"self":[{"href":"https:\/\/exaudi.org\/es\/wp-json\/wp\/v2\/posts\/20070","targetHints":{"allow":["GET"]}}],"collection":[{"href":"https:\/\/exaudi.org\/es\/wp-json\/wp\/v2\/posts"}],"about":[{"href":"https:\/\/exaudi.org\/es\/wp-json\/wp\/v2\/types\/post"}],"author":[{"embeddable":true,"href":"https:\/\/exaudi.org\/es\/wp-json\/wp\/v2\/users\/39"}],"replies":[{"embeddable":true,"href":"https:\/\/exaudi.org\/es\/wp-json\/wp\/v2\/comments?post=20070"}],"version-history":[{"count":0,"href":"https:\/\/exaudi.org\/es\/wp-json\/wp\/v2\/posts\/20070\/revisions"}],"wp:featuredmedia":[{"embeddable":true,"href":"https:\/\/exaudi.org\/es\/wp-json\/wp\/v2\/media\/20078"}],"wp:attachment":[{"href":"https:\/\/exaudi.org\/es\/wp-json\/wp\/v2\/media?parent=20070"}],"wp:term":[{"taxonomy":"category","embeddable":true,"href":"https:\/\/exaudi.org\/es\/wp-json\/wp\/v2\/categories?post=20070"},{"taxonomy":"post_tag","embeddable":true,"href":"https:\/\/exaudi.org\/es\/wp-json\/wp\/v2\/tags?post=20070"}],"curies":[{"name":"wp","href":"https:\/\/api.w.org\/{rel}","templated":true}]}}