{"id":19963,"date":"2021-05-31T19:23:01","date_gmt":"2021-05-31T17:23:01","guid":{"rendered":"https:\/\/exaudi.org\/?p=19963"},"modified":"2021-06-02T09:56:57","modified_gmt":"2021-06-02T07:56:57","slug":"maraton-de-oracion-conclusion-papa-jardines-vaticanos","status":"publish","type":"post","link":"https:\/\/exaudi.org\/es\/maraton-de-oracion-conclusion-papa-jardines-vaticanos\/","title":{"rendered":"El Papa cierra el Marat\u00f3n de Oraci\u00f3n ante la Virgen Desatanudos"},"content":{"rendered":"<p>A las 17.45 horas de hoy, 31 de mayo de 2021, en los Jardines Vaticanos, frente a la Virgen Mar\u00eda Desatanudos, el Papa Francisco ha presidido el <a href=\"https:\/\/www.facebook.com\/ExaudiNoticias\/videos\/1393582441028924\" target=\"_blank\" rel=\"noopener noreferrer\">rezo del Rosario<\/a> que concluye el marat\u00f3n de oraci\u00f3n con el tema \u201cDe toda la Iglesia sub\u00eda incesantemente la oraci\u00f3n a Dios\u201d (Hch 12, 5), para invocar el fin de la pandemia.<\/p>\n<p>La iniciativa, nacida del deseo del Santo Padre, fue promovida por el <a href=\"https:\/\/www.vatican.va\/roman_curia\/pontifical_councils\/new-evangelization\/index_sp.htm\" target=\"_blank\" rel=\"noopener noreferrer\">Consejo Pontificio para la Nueva Evangelizaci\u00f3n<\/a> y ha contado con la participaci\u00f3n de 30 santuarios marianos de todo el mundo que, a su vez, han llevado la oraci\u00f3n a todas partes cada d\u00eda del mes de Mar\u00eda. El <a href=\"https:\/\/exaudi.org\/es\/maraton-de-oracion-el-papa-preside-el-rezo-del-rosario\/\" target=\"_blank\" rel=\"noopener noreferrer\">marat\u00f3n fue inaugurado el 1 de mayo por el Santo Padre<\/a> ante Nuestra Se\u00f1ora del Socorro, en la Capilla Gregoriana de la Bas\u00edlica Vaticana.<\/p>\n<p><img loading=\"lazy\" decoding=\"async\" class=\"alignleft size-medium wp-image-20020\" src=\"https:\/\/exaudi.org\/wp-content\/uploads\/2021\/05\/cq5dam.web_.800.800-23-300x200.jpeg\" alt=\"Papa marat\u00f3n oraci\u00f3n Virgen Desatanudos\" width=\"300\" height=\"200\" srcset=\"https:\/\/exaudi.org\/wp-content\/uploads\/2021\/05\/cq5dam.web_.800.800-23-300x200.jpeg 300w, https:\/\/exaudi.org\/wp-content\/uploads\/2021\/05\/cq5dam.web_.800.800-23-768x512.jpeg 768w, https:\/\/exaudi.org\/wp-content\/uploads\/2021\/05\/cq5dam.web_.800.800-23-150x100.jpeg 150w, https:\/\/exaudi.org\/wp-content\/uploads\/2021\/05\/cq5dam.web_.800.800-23-696x464.jpeg 696w, https:\/\/exaudi.org\/wp-content\/uploads\/2021\/05\/cq5dam.web_.800.800-23-630x420.jpeg 630w, https:\/\/exaudi.org\/wp-content\/uploads\/2021\/05\/cq5dam.web_.800.800-23.jpeg 800w\" sizes=\"auto, (max-width: 300px) 100vw, 300px\" \/><\/p>\n<h4><strong>Procesi\u00f3n y oraci\u00f3n inicial<\/strong><\/h4>\n<p>El acto ha comenzado con una solemne procesi\u00f3n encabezada por el obispo de Augsburgo, acompa\u00f1ado por los portadores del icono de la Virgen Desatanudos a los Jardines Vaticanos, j\u00f3venes de la Asociaci\u00f3n SS. Pedro y Pablo. Tambi\u00e9n han participado ni\u00f1os que han recibido la Primera Comuni\u00f3n en la parroquia de <em>Santa Maria della Grotticella<\/em> en Viterbo, los chicos de Confirmaci\u00f3n de la parroquia <a href=\"https:\/\/exaudi.org\/es\/carta-papa-general-dominicos-2021\/\" target=\"_blank\" rel=\"noopener noreferrer\">Santo Domingo de Guzm\u00e1n<\/a>, un grupo\u00a0<em>scout<\/em> de Roma, y algunas familias y religiosos.<\/p>\n<p>Despu\u00e9s, el Papa ha pronunciado una oraci\u00f3n introductoria: \u201cDurante este mes de mayo, con muchos fieles, nos hemos unido en oraci\u00f3n a varios santuarios esparcidos por el mundo y dedicados a ti, Mar\u00eda, nuestra madre santa. Te hemos pedido que intercedas por nosotros ante tu hijo Jes\u00fas. Cada d\u00eda, sosteniendo en nuestras manos la corona del Santo Rosario, hemos dirigido nuestra mirada a ti, madre de misericordia, rogando que la pandemia termine, y que la humanidad pueda retomar su vida cotidiana con mayor seguridad\u201d.<\/p>\n<p><img loading=\"lazy\" decoding=\"async\" class=\"alignright size-medium wp-image-20023\" src=\"https:\/\/exaudi.org\/wp-content\/uploads\/2021\/05\/cq5dam.web_.800.800-20-300x200.jpeg\" alt=\"\" width=\"300\" height=\"200\" srcset=\"https:\/\/exaudi.org\/wp-content\/uploads\/2021\/05\/cq5dam.web_.800.800-20-300x200.jpeg 300w, https:\/\/exaudi.org\/wp-content\/uploads\/2021\/05\/cq5dam.web_.800.800-20-768x511.jpeg 768w, https:\/\/exaudi.org\/wp-content\/uploads\/2021\/05\/cq5dam.web_.800.800-20-150x100.jpeg 150w, https:\/\/exaudi.org\/wp-content\/uploads\/2021\/05\/cq5dam.web_.800.800-20-696x463.jpeg 696w, https:\/\/exaudi.org\/wp-content\/uploads\/2021\/05\/cq5dam.web_.800.800-20-632x420.jpeg 632w, https:\/\/exaudi.org\/wp-content\/uploads\/2021\/05\/cq5dam.web_.800.800-20.jpeg 800w\" sizes=\"auto, (max-width: 300px) 100vw, 300px\" \/><\/p>\n<p>\u201cEsta tarde nos reunimos ante ti, nuestra Virgen madre, venerada en esta imagen, como aquella que desata los nudos. De hecho, son muchos los nudos que apremian nuestras vidas y atan nuestras actividades. Son nudos de ego\u00edsmo e indiferencia, nudos econ\u00f3micos y sociales, nudos de violencia y guerra. Con tu obediencia desataste el nudo de la desobediencia de Eva, con tu fe desataste lo que Eva hab\u00eda atado con su incredulidad. Te rogamos madre santa que desates los nudos que nos oprimen material y espiritualmente, para que podamos dar un testimonio gozoso de tu Hijo y Se\u00f1or nuestro Jesucristo\u201d.<\/p>\n<h4><strong>Misterios y bendici\u00f3n del icono<\/strong><\/h4>\n<p>Acto seguido se han rezado los misterios gozosos, dirigidos por los j\u00f3venes de Acci\u00f3n Cat\u00f3lica, una familia compuesta por reci\u00e9n casados que esperan un hijo y otra de sordos donde naci\u00f3 una vocaci\u00f3n religiosa. La animaci\u00f3n coral ha estado a cargo del coro de la di\u00f3cesis de Roma y la Banda de <em>Arcinazzo Romano.<\/em><\/p>\n<p><img loading=\"lazy\" decoding=\"async\" class=\"alignleft size-medium wp-image-20026\" src=\"https:\/\/exaudi.org\/wp-content\/uploads\/2021\/05\/cq5dam.web_.800.800-19-300x200.jpeg\" alt=\"\" width=\"300\" height=\"200\" srcset=\"https:\/\/exaudi.org\/wp-content\/uploads\/2021\/05\/cq5dam.web_.800.800-19-300x200.jpeg 300w, https:\/\/exaudi.org\/wp-content\/uploads\/2021\/05\/cq5dam.web_.800.800-19-768x512.jpeg 768w, https:\/\/exaudi.org\/wp-content\/uploads\/2021\/05\/cq5dam.web_.800.800-19-150x100.jpeg 150w, https:\/\/exaudi.org\/wp-content\/uploads\/2021\/05\/cq5dam.web_.800.800-19-696x464.jpeg 696w, https:\/\/exaudi.org\/wp-content\/uploads\/2021\/05\/cq5dam.web_.800.800-19-630x420.jpeg 630w, https:\/\/exaudi.org\/wp-content\/uploads\/2021\/05\/cq5dam.web_.800.800-19.jpeg 800w\" sizes=\"auto, (max-width: 300px) 100vw, 300px\" \/><\/p>\n<p>Al final del rezo del Rosario, el Obispo de Roma ha le\u00eddo la oraci\u00f3n final: \u201cBendito seas Se\u00f1or, Dios del cielo y de la tierra, que en tu justicia y misericordia dispersas a los soberbios y exaltas a los humildes. De este maravilloso designio tuyo nos has ofrecido el modelo perfecto, en el Verbo hecho hombre y en su Virgen madre. Cristo, tu hijo, que se humill\u00f3 voluntariamente hasta la muerte de Cruz, resplandece en la gloria eterna y se sienta a tu derecha. Rey de reyes y Se\u00f1or de se\u00f1ores. Y aquella que se ha llamado a s\u00ed misma tu sierva, la Virgen elegida por ti como madre del Redentor y verdadera madre de los vivientes, y elevada por encima de los coros de los \u00e1ngeles, reina gloriosa junto a su Hijo y reza por todos los hombres. Abogada de la gracia y reina de la misericordia\u201d.<\/p>\n<p>\u201cMira con bondad Se\u00f1or a tu pueblo, que, al colocar la diadema real en la imagen de la madre de Cristo tu Hijo, reconoce al Se\u00f1or Jes\u00fas como Rey del universo y aclama a la Virgen Mar\u00eda como reina. Concede Padre, que siguiendo su ejemplo, tambi\u00e9n nosotros podamos consagrarnos a tu servicio y ponernos a disposici\u00f3n de los dem\u00e1s en la caridad. As\u00ed en la victoria sobre el ego\u00edsmo y en la entrega sin reservas, cumpliremos tu ley y guiaremos a nuestros hermanos hacia ti. Haz que seamos felices de vivir humildes y pobres en la tierra, para que alg\u00fan d\u00eda alcancemos la gloria del cielo, donde t\u00fa mismo dar\u00e1s la corona de la vida a tus fieles servidores\u201d.<\/p>\n<p>Sucesivamente ha tenido lugar el rito de la bendici\u00f3n y coronaci\u00f3n de la imagen de la Virgen, con una corona realizada por los joyeros <em>Fratelli Savi.<\/em><\/p>\n<p><img loading=\"lazy\" decoding=\"async\" class=\"alignright size-medium wp-image-20030\" src=\"https:\/\/exaudi.org\/wp-content\/uploads\/2021\/05\/cq5dam.web_.800.800-15-300x200.jpeg\" alt=\"Papa marat\u00f3n oraci\u00f3n Virgen Desatanudos\" width=\"300\" height=\"200\" srcset=\"https:\/\/exaudi.org\/wp-content\/uploads\/2021\/05\/cq5dam.web_.800.800-15-300x200.jpeg 300w, https:\/\/exaudi.org\/wp-content\/uploads\/2021\/05\/cq5dam.web_.800.800-15-768x512.jpeg 768w, https:\/\/exaudi.org\/wp-content\/uploads\/2021\/05\/cq5dam.web_.800.800-15-150x100.jpeg 150w, https:\/\/exaudi.org\/wp-content\/uploads\/2021\/05\/cq5dam.web_.800.800-15-696x464.jpeg 696w, https:\/\/exaudi.org\/wp-content\/uploads\/2021\/05\/cq5dam.web_.800.800-15-630x420.jpeg 630w, https:\/\/exaudi.org\/wp-content\/uploads\/2021\/05\/cq5dam.web_.800.800-15.jpeg 800w\" sizes=\"auto, (max-width: 300px) 100vw, 300px\" \/><\/p>\n<h4><strong>Oraci\u00f3n final<\/strong><\/h4>\n<p>El Sucesor de Pedro ha continuado la oraci\u00f3n de la siguiente manera: \u201cMar\u00eda, t\u00fa resplandeces siempre en nuestro camino como una se\u00f1al de salvaci\u00f3n y esperanza. Nos encomendamos a ti, salud de los enfermos, que junto a la cruz fuiste asociada a los dolores de Jes\u00fas, manteniendo firme tu fe. T\u00fa que sabes desatar los nudos de nuestra existencia y conoces los deseos de nuestro coraz\u00f3n, ven en nuestra ayuda\u201d.<\/p>\n<p>\u201cEstamos seguros de que, como en Can\u00e1 de Galilea, encontrar\u00e1s el modo de que vuelva la alegr\u00eda y la fiesta y celebraci\u00f3n en nuestros hogares despu\u00e9s de este tiempo de prueba. Ay\u00fadanos madre del divino amor a conformarnos con la voluntad del Padre y a hacer lo que diga Jes\u00fas, que tom\u00f3 sobre s\u00ed nuestros sufrimientos y carg\u00f3 con nuestros dolores, para conducirnos, a trav\u00e9s de la Cruz, a la alegr\u00eda de la Resurrecci\u00f3n\u201d.<\/p>\n<h4><strong>Palabras conclusivas<\/strong><\/h4>\n<p><img loading=\"lazy\" decoding=\"async\" class=\"alignleft size-medium wp-image-20016\" src=\"https:\/\/exaudi.org\/wp-content\/uploads\/2021\/05\/123-300x200.jpeg\" alt=\"Papa marat\u00f3n oraci\u00f3n Virgen Desatanudos\" width=\"300\" height=\"200\" srcset=\"https:\/\/exaudi.org\/wp-content\/uploads\/2021\/05\/123-300x200.jpeg 300w, https:\/\/exaudi.org\/wp-content\/uploads\/2021\/05\/123-768x512.jpeg 768w, https:\/\/exaudi.org\/wp-content\/uploads\/2021\/05\/123-150x100.jpeg 150w, https:\/\/exaudi.org\/wp-content\/uploads\/2021\/05\/123-696x464.jpeg 696w, https:\/\/exaudi.org\/wp-content\/uploads\/2021\/05\/123-630x420.jpeg 630w, https:\/\/exaudi.org\/wp-content\/uploads\/2021\/05\/123.jpeg 777w\" sizes=\"auto, (max-width: 300px) 100vw, 300px\" \/><\/p>\n<p>Por \u00faltimo, el Papa Francisco ha emitido un breve discurso de conclusi\u00f3n del marat\u00f3n de oraci\u00f3n: \u201cAl concluir este marat\u00f3n de oraci\u00f3n para pedir el fin de la pandemia y retomar la vida social, quiero agradecer de modo particular al Dicasterio para la Nueva Evangelizaci\u00f3n, a los 30 santuarios, que en el curso de estos meses se alternaron para animar la oraci\u00f3n del Rosario bajo la presidencia de cada uno de sus obispos\u201d.<\/p>\n<p>\u201cHe visto tanta participaci\u00f3n en el pueblo de Dios que, a trav\u00e9s de los medios de comunicaci\u00f3n y del compromiso de tanto santuario esparcido por el mundo, han llegado a millones de personas, que a una sola voz han elevado su oraci\u00f3n a la Santa Madre de Dios. Gracias a la di\u00f3cesis de Augsburgo, que venera a la Virgen Desatanudos y que han hecho una reproducci\u00f3n que nos han enviado\u201d.<\/p>\n<p>\u201cContinuamos a pedir al Se\u00f1or que proteja a todo el mundo de la pandemia y a todos sin exclusi\u00f3n, que les llegue luego la posibilidad de estar protegidos otra vez por la vacuna\u201d.<\/p>\n<h4><strong>Participaci\u00f3n en directo<\/strong><\/h4>\n<p><img loading=\"lazy\" decoding=\"async\" class=\"alignright size-medium wp-image-20037\" src=\"https:\/\/exaudi.org\/wp-content\/uploads\/2021\/05\/cq5dam.web_.800.800-7-3-300x200.jpeg\" alt=\"Papa marat\u00f3n oraci\u00f3n Virgen Desatanudos\" width=\"300\" height=\"200\" srcset=\"https:\/\/exaudi.org\/wp-content\/uploads\/2021\/05\/cq5dam.web_.800.800-7-3-300x200.jpeg 300w, https:\/\/exaudi.org\/wp-content\/uploads\/2021\/05\/cq5dam.web_.800.800-7-3-768x512.jpeg 768w, https:\/\/exaudi.org\/wp-content\/uploads\/2021\/05\/cq5dam.web_.800.800-7-3-150x100.jpeg 150w, https:\/\/exaudi.org\/wp-content\/uploads\/2021\/05\/cq5dam.web_.800.800-7-3-696x464.jpeg 696w, https:\/\/exaudi.org\/wp-content\/uploads\/2021\/05\/cq5dam.web_.800.800-7-3-630x420.jpeg 630w, https:\/\/exaudi.org\/wp-content\/uploads\/2021\/05\/cq5dam.web_.800.800-7-3.jpeg 800w\" sizes=\"auto, (max-width: 300px) 100vw, 300px\" \/><\/p>\n<p>La oraci\u00f3n ha sido transmitida en directo por los canales oficiales de la Santa Sede, todas las redes cat\u00f3licas del mundo han estado conectadas, y ha sido accesible para personas sordas y con problemas de audici\u00f3n a trav\u00e9s de Internet.<\/p>\n<p>Conectados con Roma ha estado un grupo de santuarios donde se ha rezado el Rosario junto al Papa: <em>Notre-Dame de<\/em>\u00a0<em>Boulogne<\/em>\u00a0en Nanterre<em>,<\/em>\u00a0Francia; Nuestra Se\u00f1ora de\u00a0<em>Schoenstatt<\/em>\u00a0en Vallendar, Alemania; Nuestra Se\u00f1ora de los Dolores en\u00a0<em>Kibeho,<\/em>\u00a0Ruanda; santuario Nacional de\u00a0<em>Maip\u00fa<\/em>\u00a0en Santiago, Chile; Nuestra Se\u00f1ora de\u00a0<em>Os Gozos<\/em>\u00a0en Ourense, Espa\u00f1a; Nuestra Se\u00f1ora de Lourdes en\u00a0<em>Carfin,<\/em>\u00a0Escocia; bas\u00edlica Virgen de los Milagros de\u00a0<em>Caacup\u00e9<\/em>\u00a0en Paraguay; y parroquia\u00a0<em>Nostra Signora della Salute en\u00a0<\/em>La Spezia<em>.<\/em><\/p>\n","protected":false},"excerpt":{"rendered":"<p>En los Jardines Vaticanos<\/p>\n","protected":false},"author":6,"featured_media":20143,"comment_status":"closed","ping_status":"closed","sticky":false,"template":"","format":"standard","meta":{"_acf_changed":false,"_crdt_document":"","inline_featured_image":false,"footnotes":""},"categories":[68,298],"tags":[2085,730,158,2000],"class_list":["post-19963","post","type-post","status-publish","format-standard","has-post-thumbnail","hentry","category-leon-xiv","category-ultimas-noticias","tag-maraton-de-oracion-2021","tag-pandemia-es","tag-papa-francisco","tag-rosario-es"],"acf":[],"yoast_head":"<!-- This site is optimized with the Yoast SEO plugin v27.5 - https:\/\/yoast.com\/product\/yoast-seo-wordpress\/ -->\n<title>El Papa cierra el Marat\u00f3n de Oraci\u00f3n ante la Virgen Desatanudos<\/title>\n<meta name=\"description\" content=\"El Papa Francisco ha concluido el marat\u00f3n de oraci\u00f3n por el fin de la pandemia con el el rezo del Rosario frente a la Virgen Desatanudos.\" \/>\n<meta name=\"robots\" content=\"index, follow, max-snippet:-1, max-image-preview:large, max-video-preview:-1\" \/>\n<link rel=\"canonical\" href=\"https:\/\/exaudi.org\/es\/maraton-de-oracion-conclusion-papa-jardines-vaticanos\/\" \/>\n<meta property=\"og:locale\" content=\"es_ES\" \/>\n<meta property=\"og:type\" content=\"article\" \/>\n<meta property=\"og:title\" content=\"El Papa cierra el Marat\u00f3n de Oraci\u00f3n ante la Virgen Desatanudos\" \/>\n<meta property=\"og:description\" content=\"El Papa Francisco ha concluido el marat\u00f3n de oraci\u00f3n por el fin de la pandemia con el el rezo del Rosario frente a la Virgen Desatanudos.\" \/>\n<meta property=\"og:url\" content=\"https:\/\/exaudi.org\/es\/maraton-de-oracion-conclusion-papa-jardines-vaticanos\/\" \/>\n<meta property=\"og:site_name\" content=\"Exaudi\" \/>\n<meta property=\"article:publisher\" content=\"https:\/\/www.facebook.com\/ExaudiNews\" \/>\n<meta property=\"article:published_time\" content=\"2021-05-31T17:23:01+00:00\" \/>\n<meta property=\"article:modified_time\" content=\"2021-06-02T07:56:57+00:00\" \/>\n<meta property=\"og:image\" content=\"https:\/\/exaudi.org\/wp-content\/uploads\/2021\/05\/1x1x1x.jpg\" \/>\n\t<meta property=\"og:image:width\" content=\"2417\" \/>\n\t<meta property=\"og:image:height\" content=\"1612\" \/>\n\t<meta property=\"og:image:type\" content=\"image\/jpeg\" \/>\n<meta name=\"author\" content=\"Gabriel Sales\" \/>\n<meta name=\"twitter:card\" content=\"summary_large_image\" \/>\n<meta name=\"twitter:creator\" content=\"@habemusman\" \/>\n<meta name=\"twitter:site\" content=\"@Exaudi_News\" \/>\n<meta name=\"twitter:label1\" content=\"Escrito por\" \/>\n\t<meta name=\"twitter:data1\" content=\"Gabriel Sales\" \/>\n\t<meta name=\"twitter:label2\" content=\"Tiempo de lectura\" \/>\n\t<meta name=\"twitter:data2\" content=\"7 minutos\" \/>\n<script type=\"application\/ld+json\" class=\"yoast-schema-graph\">{\"@context\":\"https:\\\/\\\/schema.org\",\"@graph\":[{\"@type\":\"Article\",\"@id\":\"https:\\\/\\\/exaudi.org\\\/es\\\/maraton-de-oracion-conclusion-papa-jardines-vaticanos\\\/#article\",\"isPartOf\":{\"@id\":\"https:\\\/\\\/exaudi.org\\\/es\\\/maraton-de-oracion-conclusion-papa-jardines-vaticanos\\\/\"},\"author\":{\"name\":\"Gabriel Sales\",\"@id\":\"https:\\\/\\\/exaudi.org\\\/#\\\/schema\\\/person\\\/d134b96438278131ce90c90c03fda6cd\"},\"headline\":\"El Papa cierra el Marat\u00f3n de Oraci\u00f3n ante la Virgen Desatanudos\",\"datePublished\":\"2021-05-31T17:23:01+00:00\",\"dateModified\":\"2021-06-02T07:56:57+00:00\",\"mainEntityOfPage\":{\"@id\":\"https:\\\/\\\/exaudi.org\\\/es\\\/maraton-de-oracion-conclusion-papa-jardines-vaticanos\\\/\"},\"wordCount\":1302,\"image\":{\"@id\":\"https:\\\/\\\/exaudi.org\\\/es\\\/maraton-de-oracion-conclusion-papa-jardines-vaticanos\\\/#primaryimage\"},\"thumbnailUrl\":\"https:\\\/\\\/exaudi.org\\\/wp-content\\\/uploads\\\/2021\\\/05\\\/1x1x1x.jpg\",\"keywords\":[\"Marat\u00f3n de oraci\u00f3n 2021\",\"pandemia\",\"papa francisco\",\"Rosario\"],\"articleSection\":[\"Le\u00f3n XIV\",\"\u00daltimas noticias\"],\"inLanguage\":\"es\"},{\"@type\":\"WebPage\",\"@id\":\"https:\\\/\\\/exaudi.org\\\/es\\\/maraton-de-oracion-conclusion-papa-jardines-vaticanos\\\/\",\"url\":\"https:\\\/\\\/exaudi.org\\\/es\\\/maraton-de-oracion-conclusion-papa-jardines-vaticanos\\\/\",\"name\":\"El Papa cierra el Marat\u00f3n de Oraci\u00f3n ante la Virgen Desatanudos\",\"isPartOf\":{\"@id\":\"https:\\\/\\\/exaudi.org\\\/#website\"},\"primaryImageOfPage\":{\"@id\":\"https:\\\/\\\/exaudi.org\\\/es\\\/maraton-de-oracion-conclusion-papa-jardines-vaticanos\\\/#primaryimage\"},\"image\":{\"@id\":\"https:\\\/\\\/exaudi.org\\\/es\\\/maraton-de-oracion-conclusion-papa-jardines-vaticanos\\\/#primaryimage\"},\"thumbnailUrl\":\"https:\\\/\\\/exaudi.org\\\/wp-content\\\/uploads\\\/2021\\\/05\\\/1x1x1x.jpg\",\"datePublished\":\"2021-05-31T17:23:01+00:00\",\"dateModified\":\"2021-06-02T07:56:57+00:00\",\"author\":{\"@id\":\"https:\\\/\\\/exaudi.org\\\/#\\\/schema\\\/person\\\/d134b96438278131ce90c90c03fda6cd\"},\"description\":\"El Papa Francisco ha concluido el marat\u00f3n de oraci\u00f3n por el fin de la pandemia con el el rezo del Rosario frente a la Virgen Desatanudos.\",\"breadcrumb\":{\"@id\":\"https:\\\/\\\/exaudi.org\\\/es\\\/maraton-de-oracion-conclusion-papa-jardines-vaticanos\\\/#breadcrumb\"},\"inLanguage\":\"es\",\"potentialAction\":[{\"@type\":\"ReadAction\",\"target\":[\"https:\\\/\\\/exaudi.org\\\/es\\\/maraton-de-oracion-conclusion-papa-jardines-vaticanos\\\/\"]}]},{\"@type\":\"ImageObject\",\"inLanguage\":\"es\",\"@id\":\"https:\\\/\\\/exaudi.org\\\/es\\\/maraton-de-oracion-conclusion-papa-jardines-vaticanos\\\/#primaryimage\",\"url\":\"https:\\\/\\\/exaudi.org\\\/wp-content\\\/uploads\\\/2021\\\/05\\\/1x1x1x.jpg\",\"contentUrl\":\"https:\\\/\\\/exaudi.org\\\/wp-content\\\/uploads\\\/2021\\\/05\\\/1x1x1x.jpg\",\"width\":2417,\"height\":1612,\"caption\":\"El Papa frente a la Virgen Desatanudos \u00a9 Vatican Media\"},{\"@type\":\"BreadcrumbList\",\"@id\":\"https:\\\/\\\/exaudi.org\\\/es\\\/maraton-de-oracion-conclusion-papa-jardines-vaticanos\\\/#breadcrumb\",\"itemListElement\":[{\"@type\":\"ListItem\",\"position\":1,\"name\":\"Portada\",\"item\":\"https:\\\/\\\/exaudi.org\\\/es\\\/\"},{\"@type\":\"ListItem\",\"position\":2,\"name\":\"El Papa cierra el Marat\u00f3n de Oraci\u00f3n ante la Virgen Desatanudos\"}]},{\"@type\":\"WebSite\",\"@id\":\"https:\\\/\\\/exaudi.org\\\/#website\",\"url\":\"https:\\\/\\\/exaudi.org\\\/\",\"name\":\"Exaudi\",\"description\":\"News\",\"potentialAction\":[{\"@type\":\"SearchAction\",\"target\":{\"@type\":\"EntryPoint\",\"urlTemplate\":\"https:\\\/\\\/exaudi.org\\\/?s={search_term_string}\"},\"query-input\":{\"@type\":\"PropertyValueSpecification\",\"valueRequired\":true,\"valueName\":\"search_term_string\"}}],\"inLanguage\":\"es\"},{\"@type\":\"Person\",\"@id\":\"https:\\\/\\\/exaudi.org\\\/#\\\/schema\\\/person\\\/d134b96438278131ce90c90c03fda6cd\",\"name\":\"Gabriel Sales\",\"image\":{\"@type\":\"ImageObject\",\"inLanguage\":\"es\",\"@id\":\"https:\\\/\\\/secure.gravatar.com\\\/avatar\\\/9b1269566f6a063ed26ffb3532b66a373cdde231ce5d0effb266167437fdaffd?s=96&d=mm&r=g\",\"url\":\"https:\\\/\\\/secure.gravatar.com\\\/avatar\\\/9b1269566f6a063ed26ffb3532b66a373cdde231ce5d0effb266167437fdaffd?s=96&d=mm&r=g\",\"contentUrl\":\"https:\\\/\\\/secure.gravatar.com\\\/avatar\\\/9b1269566f6a063ed26ffb3532b66a373cdde231ce5d0effb266167437fdaffd?s=96&d=mm&r=g\",\"caption\":\"Gabriel Sales\"},\"description\":\"Periodista y especialista en Comunicaci\u00f3n y Branding digital. Cin\u00e9filo y cr\u00edtico de cine y series de televisi\u00f3n.\",\"sameAs\":[\"https:\\\/\\\/www.instagram.com\\\/cine90segundos\\\/\",\"www.linkedin.com\\\/in\\\/habemusman\",\"https:\\\/\\\/x.com\\\/habemusman\",\"https:\\\/\\\/www.youtube.com\\\/channel\\\/UCVfCiOMkJ_C7T7OpyjuaLDg\"],\"url\":\"https:\\\/\\\/exaudi.org\\\/es\\\/author\\\/gsalesexaudi-org\\\/\"}]}<\/script>\n<!-- \/ Yoast SEO plugin. -->","yoast_head_json":{"title":"El Papa cierra el Marat\u00f3n de Oraci\u00f3n ante la Virgen Desatanudos","description":"El Papa Francisco ha concluido el marat\u00f3n de oraci\u00f3n por el fin de la pandemia con el el rezo del Rosario frente a la Virgen Desatanudos.","robots":{"index":"index","follow":"follow","max-snippet":"max-snippet:-1","max-image-preview":"max-image-preview:large","max-video-preview":"max-video-preview:-1"},"canonical":"https:\/\/exaudi.org\/es\/maraton-de-oracion-conclusion-papa-jardines-vaticanos\/","og_locale":"es_ES","og_type":"article","og_title":"El Papa cierra el Marat\u00f3n de Oraci\u00f3n ante la Virgen Desatanudos","og_description":"El Papa Francisco ha concluido el marat\u00f3n de oraci\u00f3n por el fin de la pandemia con el el rezo del Rosario frente a la Virgen Desatanudos.","og_url":"https:\/\/exaudi.org\/es\/maraton-de-oracion-conclusion-papa-jardines-vaticanos\/","og_site_name":"Exaudi","article_publisher":"https:\/\/www.facebook.com\/ExaudiNews","article_published_time":"2021-05-31T17:23:01+00:00","article_modified_time":"2021-06-02T07:56:57+00:00","og_image":[{"width":2417,"height":1612,"url":"https:\/\/exaudi.org\/wp-content\/uploads\/2021\/05\/1x1x1x.jpg","type":"image\/jpeg"}],"author":"Gabriel Sales","twitter_card":"summary_large_image","twitter_creator":"@habemusman","twitter_site":"@Exaudi_News","twitter_misc":{"Escrito por":"Gabriel Sales","Tiempo de lectura":"7 minutos"},"schema":{"@context":"https:\/\/schema.org","@graph":[{"@type":"Article","@id":"https:\/\/exaudi.org\/es\/maraton-de-oracion-conclusion-papa-jardines-vaticanos\/#article","isPartOf":{"@id":"https:\/\/exaudi.org\/es\/maraton-de-oracion-conclusion-papa-jardines-vaticanos\/"},"author":{"name":"Gabriel Sales","@id":"https:\/\/exaudi.org\/#\/schema\/person\/d134b96438278131ce90c90c03fda6cd"},"headline":"El Papa cierra el Marat\u00f3n de Oraci\u00f3n ante la Virgen Desatanudos","datePublished":"2021-05-31T17:23:01+00:00","dateModified":"2021-06-02T07:56:57+00:00","mainEntityOfPage":{"@id":"https:\/\/exaudi.org\/es\/maraton-de-oracion-conclusion-papa-jardines-vaticanos\/"},"wordCount":1302,"image":{"@id":"https:\/\/exaudi.org\/es\/maraton-de-oracion-conclusion-papa-jardines-vaticanos\/#primaryimage"},"thumbnailUrl":"https:\/\/exaudi.org\/wp-content\/uploads\/2021\/05\/1x1x1x.jpg","keywords":["Marat\u00f3n de oraci\u00f3n 2021","pandemia","papa francisco","Rosario"],"articleSection":["Le\u00f3n XIV","\u00daltimas noticias"],"inLanguage":"es"},{"@type":"WebPage","@id":"https:\/\/exaudi.org\/es\/maraton-de-oracion-conclusion-papa-jardines-vaticanos\/","url":"https:\/\/exaudi.org\/es\/maraton-de-oracion-conclusion-papa-jardines-vaticanos\/","name":"El Papa cierra el Marat\u00f3n de Oraci\u00f3n ante la Virgen Desatanudos","isPartOf":{"@id":"https:\/\/exaudi.org\/#website"},"primaryImageOfPage":{"@id":"https:\/\/exaudi.org\/es\/maraton-de-oracion-conclusion-papa-jardines-vaticanos\/#primaryimage"},"image":{"@id":"https:\/\/exaudi.org\/es\/maraton-de-oracion-conclusion-papa-jardines-vaticanos\/#primaryimage"},"thumbnailUrl":"https:\/\/exaudi.org\/wp-content\/uploads\/2021\/05\/1x1x1x.jpg","datePublished":"2021-05-31T17:23:01+00:00","dateModified":"2021-06-02T07:56:57+00:00","author":{"@id":"https:\/\/exaudi.org\/#\/schema\/person\/d134b96438278131ce90c90c03fda6cd"},"description":"El Papa Francisco ha concluido el marat\u00f3n de oraci\u00f3n por el fin de la pandemia con el el rezo del Rosario frente a la Virgen Desatanudos.","breadcrumb":{"@id":"https:\/\/exaudi.org\/es\/maraton-de-oracion-conclusion-papa-jardines-vaticanos\/#breadcrumb"},"inLanguage":"es","potentialAction":[{"@type":"ReadAction","target":["https:\/\/exaudi.org\/es\/maraton-de-oracion-conclusion-papa-jardines-vaticanos\/"]}]},{"@type":"ImageObject","inLanguage":"es","@id":"https:\/\/exaudi.org\/es\/maraton-de-oracion-conclusion-papa-jardines-vaticanos\/#primaryimage","url":"https:\/\/exaudi.org\/wp-content\/uploads\/2021\/05\/1x1x1x.jpg","contentUrl":"https:\/\/exaudi.org\/wp-content\/uploads\/2021\/05\/1x1x1x.jpg","width":2417,"height":1612,"caption":"El Papa frente a la Virgen Desatanudos \u00a9 Vatican Media"},{"@type":"BreadcrumbList","@id":"https:\/\/exaudi.org\/es\/maraton-de-oracion-conclusion-papa-jardines-vaticanos\/#breadcrumb","itemListElement":[{"@type":"ListItem","position":1,"name":"Portada","item":"https:\/\/exaudi.org\/es\/"},{"@type":"ListItem","position":2,"name":"El Papa cierra el Marat\u00f3n de Oraci\u00f3n ante la Virgen Desatanudos"}]},{"@type":"WebSite","@id":"https:\/\/exaudi.org\/#website","url":"https:\/\/exaudi.org\/","name":"Exaudi","description":"News","potentialAction":[{"@type":"SearchAction","target":{"@type":"EntryPoint","urlTemplate":"https:\/\/exaudi.org\/?s={search_term_string}"},"query-input":{"@type":"PropertyValueSpecification","valueRequired":true,"valueName":"search_term_string"}}],"inLanguage":"es"},{"@type":"Person","@id":"https:\/\/exaudi.org\/#\/schema\/person\/d134b96438278131ce90c90c03fda6cd","name":"Gabriel Sales","image":{"@type":"ImageObject","inLanguage":"es","@id":"https:\/\/secure.gravatar.com\/avatar\/9b1269566f6a063ed26ffb3532b66a373cdde231ce5d0effb266167437fdaffd?s=96&d=mm&r=g","url":"https:\/\/secure.gravatar.com\/avatar\/9b1269566f6a063ed26ffb3532b66a373cdde231ce5d0effb266167437fdaffd?s=96&d=mm&r=g","contentUrl":"https:\/\/secure.gravatar.com\/avatar\/9b1269566f6a063ed26ffb3532b66a373cdde231ce5d0effb266167437fdaffd?s=96&d=mm&r=g","caption":"Gabriel Sales"},"description":"Periodista y especialista en Comunicaci\u00f3n y Branding digital. Cin\u00e9filo y cr\u00edtico de cine y series de televisi\u00f3n.","sameAs":["https:\/\/www.instagram.com\/cine90segundos\/","www.linkedin.com\/in\/habemusman","https:\/\/x.com\/habemusman","https:\/\/www.youtube.com\/channel\/UCVfCiOMkJ_C7T7OpyjuaLDg"],"url":"https:\/\/exaudi.org\/es\/author\/gsalesexaudi-org\/"}]}},"jetpack_featured_media_url":"https:\/\/exaudi.org\/wp-content\/uploads\/2021\/05\/1x1x1x.jpg","jetpack_shortlink":"https:\/\/wp.me\/pgKjF2-5bZ","_links":{"self":[{"href":"https:\/\/exaudi.org\/es\/wp-json\/wp\/v2\/posts\/19963","targetHints":{"allow":["GET"]}}],"collection":[{"href":"https:\/\/exaudi.org\/es\/wp-json\/wp\/v2\/posts"}],"about":[{"href":"https:\/\/exaudi.org\/es\/wp-json\/wp\/v2\/types\/post"}],"author":[{"embeddable":true,"href":"https:\/\/exaudi.org\/es\/wp-json\/wp\/v2\/users\/6"}],"replies":[{"embeddable":true,"href":"https:\/\/exaudi.org\/es\/wp-json\/wp\/v2\/comments?post=19963"}],"version-history":[{"count":0,"href":"https:\/\/exaudi.org\/es\/wp-json\/wp\/v2\/posts\/19963\/revisions"}],"wp:featuredmedia":[{"embeddable":true,"href":"https:\/\/exaudi.org\/es\/wp-json\/wp\/v2\/media\/20143"}],"wp:attachment":[{"href":"https:\/\/exaudi.org\/es\/wp-json\/wp\/v2\/media?parent=19963"}],"wp:term":[{"taxonomy":"category","embeddable":true,"href":"https:\/\/exaudi.org\/es\/wp-json\/wp\/v2\/categories?post=19963"},{"taxonomy":"post_tag","embeddable":true,"href":"https:\/\/exaudi.org\/es\/wp-json\/wp\/v2\/tags?post=19963"}],"curies":[{"name":"wp","href":"https:\/\/api.w.org\/{rel}","templated":true}]}}