{"id":19897,"date":"2021-05-31T15:42:49","date_gmt":"2021-05-31T13:42:49","guid":{"rendered":"https:\/\/exaudi.org\/?p=19897"},"modified":"2021-06-07T11:36:35","modified_gmt":"2021-06-07T09:36:35","slug":"papa-francisco-iglesia-deporte-servicio-persona","status":"publish","type":"post","link":"https:\/\/exaudi.org\/es\/papa-francisco-iglesia-deporte-servicio-persona\/","title":{"rendered":"Papa Francisco: Iglesia y deporte, al servicio de la persona"},"content":{"rendered":"<p>En la ma\u00f1ana de hoy, lunes 31 de mayo de 2021, el Papa Francisco ha recibido en audiencia a una delegaci\u00f3n de la Federaci\u00f3n Italiana de Baloncesto (FIP), con motivo del centenario del nacimiento de la entidad. En su discurso, el Santo Padre ha expresado que la Iglesia y el deporte, \u201cde diferentes maneras, est\u00e1n al servicio del crecimiento integral de la persona y pueden ofrecer una preciosa contribuci\u00f3n a nuestra sociedad\u201d.<\/p>\n<h4 align=\"LEFT\"><strong>Jugar en equipo<\/strong><\/h4>\n<p><img loading=\"lazy\" decoding=\"async\" class=\"alignleft size-medium wp-image-19920\" src=\"https:\/\/exaudi.org\/wp-content\/uploads\/2021\/05\/DSC7911_050421--300x200.jpg\" alt=\"Papa Iglesia deporte servicio\" width=\"300\" height=\"200\" srcset=\"https:\/\/exaudi.org\/wp-content\/uploads\/2021\/05\/DSC7911_050421--300x200.jpg 300w, https:\/\/exaudi.org\/wp-content\/uploads\/2021\/05\/DSC7911_050421--1024x683.jpg 1024w, https:\/\/exaudi.org\/wp-content\/uploads\/2021\/05\/DSC7911_050421--768x512.jpg 768w, https:\/\/exaudi.org\/wp-content\/uploads\/2021\/05\/DSC7911_050421--1536x1024.jpg 1536w, https:\/\/exaudi.org\/wp-content\/uploads\/2021\/05\/DSC7911_050421--2048x1365.jpg 2048w, https:\/\/exaudi.org\/wp-content\/uploads\/2021\/05\/DSC7911_050421--150x100.jpg 150w, https:\/\/exaudi.org\/wp-content\/uploads\/2021\/05\/DSC7911_050421--696x464.jpg 696w, https:\/\/exaudi.org\/wp-content\/uploads\/2021\/05\/DSC7911_050421--1068x712.jpg 1068w, https:\/\/exaudi.org\/wp-content\/uploads\/2021\/05\/DSC7911_050421--1920x1280.jpg 1920w, https:\/\/exaudi.org\/wp-content\/uploads\/2021\/05\/DSC7911_050421--630x420.jpg 630w\" sizes=\"auto, (max-width: 300px) 100vw, 300px\" \/><\/p>\n<p align=\"LEFT\">Despu\u00e9s de compartir su alegr\u00eda con los presentes en la audiencia y de agradecer las palabras del presidente de la FIP, Giovanni Petrucci, el Papa ha querido destacar \u201cdos aspectos importantes de la actividad deportiva\u201d. En relaci\u00f3n al primero, \u201cser equipo\u201d, ha explicado que \u201cel deporte siempre ayuda a poner en contacto a las personas, a crear relaciones incluso entre personas diferentes, a menudo desconocidas, que, a pesar de proceder de entornos distintos, <a href=\"https:\/\/exaudi.org\/es\/papa-francisco-buscar-dimension-amateur-del-deporte\/\" target=\"_blank\" rel=\"noopener noreferrer\">se unen y luchan por un objetivo com\u00fan<\/a>\u201d.<\/p>\n<p align=\"LEFT\">El deporte, prosigue, \u201ces una medicina para el individualismo de nuestras sociedades, que a menudo genera un yo aislado y triste, haci\u00e9ndonos incapaces de &#8216;jugar en equipo&#8217; y de cultivar la pasi\u00f3n por alg\u00fan buen ideal. As\u00ed, a trav\u00e9s de vuestro esfuerzo deportivo, nos record\u00e1is el valor de la fraternidad, que tambi\u00e9n est\u00e1 en el coraz\u00f3n del Evangelio\u201d.<\/p>\n<h4 align=\"LEFT\"><strong>La disciplina<\/strong><\/h4>\n<p><img loading=\"lazy\" decoding=\"async\" class=\"alignright size-medium wp-image-19923\" src=\"https:\/\/exaudi.org\/wp-content\/uploads\/2021\/05\/DSC7978_050421--300x200.jpg\" alt=\"\" width=\"300\" height=\"200\" srcset=\"https:\/\/exaudi.org\/wp-content\/uploads\/2021\/05\/DSC7978_050421--300x200.jpg 300w, https:\/\/exaudi.org\/wp-content\/uploads\/2021\/05\/DSC7978_050421--1024x683.jpg 1024w, https:\/\/exaudi.org\/wp-content\/uploads\/2021\/05\/DSC7978_050421--768x512.jpg 768w, https:\/\/exaudi.org\/wp-content\/uploads\/2021\/05\/DSC7978_050421--1536x1025.jpg 1536w, https:\/\/exaudi.org\/wp-content\/uploads\/2021\/05\/DSC7978_050421--150x100.jpg 150w, https:\/\/exaudi.org\/wp-content\/uploads\/2021\/05\/DSC7978_050421--696x464.jpg 696w, https:\/\/exaudi.org\/wp-content\/uploads\/2021\/05\/DSC7978_050421--1068x712.jpg 1068w, https:\/\/exaudi.org\/wp-content\/uploads\/2021\/05\/DSC7978_050421--1920x1281.jpg 1920w, https:\/\/exaudi.org\/wp-content\/uploads\/2021\/05\/DSC7978_050421--630x420.jpg 630w, https:\/\/exaudi.org\/wp-content\/uploads\/2021\/05\/DSC7978_050421-.jpg 1949w\" sizes=\"auto, (max-width: 300px) 100vw, 300px\" \/><\/p>\n<p align=\"LEFT\">El segundo aspecto que desarrolla el Pont\u00edfice es la disciplina, que es \u201cuna escuela de formaci\u00f3n y educaci\u00f3n, especialmente para los chicos y los j\u00f3venes\u201d. En esta l\u00ednea, ha citado a san Ignacio de Loyola para decir que la disciplina les ayuda a comprender que es \u201caprender a poner orden en la propia vida\u201d.<\/p>\n<p align=\"LEFT\">\u201cEsta disciplina no tiene por objeto hacernos r\u00edgidos, sino hacernos responsables: de nosotros mismos, de las cosas que se nos conf\u00edan, de los dem\u00e1s, de la vida en general. Tambi\u00e9n ayuda a la vida espiritual, que no puede dejarse s\u00f3lo en manos de las emociones, ni puede vivirse en fases alternas\u201d, ha manifestado.<\/p>\n<h4 align=\"LEFT\"><strong>Noble tarea<\/strong><\/h4>\n<p><img loading=\"lazy\" decoding=\"async\" class=\"alignleft size-medium wp-image-19926\" src=\"https:\/\/exaudi.org\/wp-content\/uploads\/2021\/05\/or310521112226_0011_050421--300x200.jpg\" alt=\"\" width=\"300\" height=\"200\" srcset=\"https:\/\/exaudi.org\/wp-content\/uploads\/2021\/05\/or310521112226_0011_050421--300x200.jpg 300w, https:\/\/exaudi.org\/wp-content\/uploads\/2021\/05\/or310521112226_0011_050421--1024x683.jpg 1024w, https:\/\/exaudi.org\/wp-content\/uploads\/2021\/05\/or310521112226_0011_050421--768x512.jpg 768w, https:\/\/exaudi.org\/wp-content\/uploads\/2021\/05\/or310521112226_0011_050421--1536x1024.jpg 1536w, https:\/\/exaudi.org\/wp-content\/uploads\/2021\/05\/or310521112226_0011_050421--150x100.jpg 150w, https:\/\/exaudi.org\/wp-content\/uploads\/2021\/05\/or310521112226_0011_050421--696x464.jpg 696w, https:\/\/exaudi.org\/wp-content\/uploads\/2021\/05\/or310521112226_0011_050421--1068x712.jpg 1068w, https:\/\/exaudi.org\/wp-content\/uploads\/2021\/05\/or310521112226_0011_050421--630x420.jpg 630w, https:\/\/exaudi.org\/wp-content\/uploads\/2021\/05\/or310521112226_0011_050421-.jpg 1878w\" sizes=\"auto, (max-width: 300px) 100vw, 300px\" \/><\/p>\n<p align=\"LEFT\">Tras aclarar que el baloncesto \u201ces un deporte que eleva al cielo\u201d y \u201cun reto verdadero y propio para todos aquellos que est\u00e1n acostumbrados a vivir mirando al suelo\u201d, Francisco ha exhortado a la delegaci\u00f3n italiana a \u201cpromover el juego sano entre ni\u00f1os y j\u00f3venes, ayudar a los j\u00f3venes a mirar hacia arriba, a no rendirse nunca, a descubrir que la vida es un camino hecho de derrotas y victorias, pero que lo importante es no perder las ganas de &#8216;jugar el juego&#8217;\u201d.<\/p>\n<p align=\"LEFT\">A modo de conclusi\u00f3n, destacando la actitud frente a la derrota, ha relatado el caso reciente de un subcampe\u00f3n que, a pesar de quedar segundo, bes\u00f3 la medalla, algo que \u201cnos ense\u00f1a que incluso en la derrota puede haber una victoria. Tomar con madurez las derrotas, porque esto te hace crecer, te hace entender que en la vida no todo es dulce, no siempre todo es ganar\u201d.<\/p>\n<p>A continuaci\u00f3n, sigue el discurso completo del Obispo de Roma, ofrecido por la <a href=\"https:\/\/www.vatican.va\/news_services\/press\/index_sp.htm\" target=\"_blank\" rel=\"noopener noreferrer\">Oficina de Prensa de la Santa Sede.<\/a><\/p>\n<p>***<\/p>\n<h4><strong>Discurso del Sucesor de Pedro<\/strong><\/h4>\n<p><img loading=\"lazy\" decoding=\"async\" class=\"alignright size-medium wp-image-19929\" src=\"https:\/\/exaudi.org\/wp-content\/uploads\/2021\/05\/DSC7970_050421--300x200.jpg\" alt=\"Papa Iglesia deporte servicio\" width=\"300\" height=\"200\" srcset=\"https:\/\/exaudi.org\/wp-content\/uploads\/2021\/05\/DSC7970_050421--300x200.jpg 300w, https:\/\/exaudi.org\/wp-content\/uploads\/2021\/05\/DSC7970_050421--1024x683.jpg 1024w, https:\/\/exaudi.org\/wp-content\/uploads\/2021\/05\/DSC7970_050421--768x512.jpg 768w, https:\/\/exaudi.org\/wp-content\/uploads\/2021\/05\/DSC7970_050421--1536x1024.jpg 1536w, https:\/\/exaudi.org\/wp-content\/uploads\/2021\/05\/DSC7970_050421--150x100.jpg 150w, https:\/\/exaudi.org\/wp-content\/uploads\/2021\/05\/DSC7970_050421--696x464.jpg 696w, https:\/\/exaudi.org\/wp-content\/uploads\/2021\/05\/DSC7970_050421--1068x712.jpg 1068w, https:\/\/exaudi.org\/wp-content\/uploads\/2021\/05\/DSC7970_050421--630x420.jpg 630w, https:\/\/exaudi.org\/wp-content\/uploads\/2021\/05\/DSC7970_050421-.jpg 1807w\" sizes=\"auto, (max-width: 300px) 100vw, 300px\" \/><\/p>\n<p align=\"LEFT\">Hermanos y hermanas, \u00a1buenos d\u00edas!<\/p>\n<p align=\"LEFT\">Os recibo con alegr\u00eda. Comparto con vosotros la celebraci\u00f3n del centenario del nacimiento de la Federaci\u00f3n Italiana de Baloncesto. Agradezco al Presidente Giovanni Petrucci las palabras de saludo que me ha dirigido y doy tambi\u00e9n las gracias a su sucesor. En la memoria de vuestra historia sigue vivo el recuerdo de un partido jugado en 1955 en la Plaza de San Pedro ante el Papa P\u00edo XII; y tambi\u00e9n en los a\u00f1os sucesivos, la relaci\u00f3n entre la Iglesia y el mundo del deporte se ha cultivado siempre con la conciencia de que ambos, de diferentes maneras, est\u00e1n al servicio del crecimiento integral de la persona y pueden ofrecer una preciosa contribuci\u00f3n a nuestra sociedad.<\/p>\n<p align=\"LEFT\">Me gustar\u00eda destacar dos aspectos importantes de la actividad deportiva. Y en esto siempre me repito. Quiz\u00e1s tendr\u00eda que a\u00f1adir un tercer aspecto. Ya veremos.<\/p>\n<p align=\"LEFT\">El primero es\u00a0<i>ser equipo<\/i>. Hay algunos deportes que son llamados \u201cindividuales\u201d; no obstante, el deporte siempre ayuda a poner en contacto a las personas, a crear relaciones incluso entre personas diferentes, a menudo desconocidas, que, a pesar de proceder de entornos distintos, se unen y luchan por un objetivo com\u00fan. Son dos cosas importantes: estar unidos y tener un objetivo. En este sentido, el deporte es una medicina para el individualismo de nuestras sociedades, que a menudo genera un yo aislado y triste, haci\u00e9ndonos incapaces de \u201cjugar en equipo\u201d y de cultivar la pasi\u00f3n por alg\u00fan buen ideal. As\u00ed, a trav\u00e9s de vuestro esfuerzo deportivo, nos record\u00e1is el valor de la fraternidad, que tambi\u00e9n est\u00e1 en el coraz\u00f3n del Evangelio.<\/p>\n<p align=\"LEFT\">Un segundo aspecto, una actitud del deportista, es\u00a0<i>la disciplina<\/i>. Muchos j\u00f3venes y adultos que se apasionan por el deporte y os siguen siendo hinchas vuestros, a veces no llegan a imaginar cuanto trabajo y entrenamiento hay detr\u00e1s de un partido. Y hacerlo requiere mucha disciplina, no s\u00f3lo f\u00edsica, sino tambi\u00e9n interior: ejercicio f\u00edsico, constancia, atenci\u00f3n a una vida ordenada en horarios y alimentaci\u00f3n, descanso alternado con la fatiga del entrenamiento. Esta disciplina es una escuela de formaci\u00f3n y educaci\u00f3n, especialmente para los chicos y los j\u00f3venes. Les ayuda a comprender lo importante que es -y perdonad que cite a San Ignacio de Loyola- aprender a \u201cponer orden en la propia vida\u201d. Esta disciplina no tiene por objeto hacernos r\u00edgidos, sino hacernos responsables: de nosotros mismos, de las cosas que se nos conf\u00edan, de los dem\u00e1s, de la vida en general. Tambi\u00e9n ayuda a la vida espiritual, que no puede dejarse s\u00f3lo en manos de las emociones, ni puede vivirse en fases alternas, \u201cs\u00f3lo cuando me apetece\u201d. La vida espiritual necesita tambi\u00e9n una disciplina interior hecha de fidelidad, constancia y compromiso diario con la oraci\u00f3n. Sin un entrenamiento interior constante, la fe corre el riesgo de apagarse.<\/p>\n<p align=\"LEFT\"><img loading=\"lazy\" decoding=\"async\" class=\"alignleft size-medium wp-image-19932\" src=\"https:\/\/exaudi.org\/wp-content\/uploads\/2021\/05\/DSC7992_050421--300x200.jpg\" alt=\"\" width=\"300\" height=\"200\" srcset=\"https:\/\/exaudi.org\/wp-content\/uploads\/2021\/05\/DSC7992_050421--300x200.jpg 300w, https:\/\/exaudi.org\/wp-content\/uploads\/2021\/05\/DSC7992_050421--1024x683.jpg 1024w, https:\/\/exaudi.org\/wp-content\/uploads\/2021\/05\/DSC7992_050421--768x512.jpg 768w, https:\/\/exaudi.org\/wp-content\/uploads\/2021\/05\/DSC7992_050421--1536x1024.jpg 1536w, https:\/\/exaudi.org\/wp-content\/uploads\/2021\/05\/DSC7992_050421--2048x1365.jpg 2048w, https:\/\/exaudi.org\/wp-content\/uploads\/2021\/05\/DSC7992_050421--150x100.jpg 150w, https:\/\/exaudi.org\/wp-content\/uploads\/2021\/05\/DSC7992_050421--696x464.jpg 696w, https:\/\/exaudi.org\/wp-content\/uploads\/2021\/05\/DSC7992_050421--1068x712.jpg 1068w, https:\/\/exaudi.org\/wp-content\/uploads\/2021\/05\/DSC7992_050421--1920x1280.jpg 1920w, https:\/\/exaudi.org\/wp-content\/uploads\/2021\/05\/DSC7992_050421--630x420.jpg 630w\" sizes=\"auto, (max-width: 300px) 100vw, 300px\" \/><\/p>\n<p align=\"LEFT\">Me gustar\u00eda decir otra cosa pensando en el baloncesto. El vuestro es un deporte que eleva al cielo porque, como dec\u00eda un antiguo jugador famoso, es un deporte que mira hacia arriba, hacia la cesta y, por lo tanto, es un reto verdadero y propio para todos aquellos que est\u00e1n acostumbrados a vivir mirando al suelo. Quisiera que \u00e9sta fuera tambi\u00e9n para vosotros una noble tarea: promover el juego sano entre ni\u00f1os y j\u00f3venes, ayudar a los j\u00f3venes a mirar hacia arriba, a no rendirse nunca, a descubrir que la vida es un camino hecho de derrotas y victorias, pero que lo importante es no perder las ganas de \u201cjugar el juego\u201d. Y ayudarles a entender que cuando en la vida \u201cno haces cesta\u201d, no has perdido para siempre. Siempre puedes volver a salir a la cancha, todav\u00eda puedes formar equipo con otros, y puedes intentar otro tiro.<\/p>\n<p align=\"LEFT\">Y aqu\u00ed me gustar\u00eda destacar la actitud ante la derrota. Me han contado que uno de estos d\u00edas -no s\u00e9 d\u00f3nde- hubo un ganador y uno que qued\u00f3 segundo, que no lo logr\u00f3. Y el que qued\u00f3 segundo bes\u00f3 la medalla. Normalmente, cuando uno queda segundo, est\u00e1 de morros, triste, y no digo que tire la medalla, pero tiene ganas de hacerlo. Y este bes\u00f3 la medalla. Esto nos ense\u00f1a que incluso en la derrota puede haber una victoria. Tomar con madurez las derrotas, porque esto te hace crecer, te hace entender que en la vida no todo es dulce, no siempre todo es ganar. A veces se experimenta la derrota. Y cuando un deportista, una deportista, sabe \u201csuperar la derrota\u201d as\u00ed, con dignidad, con humanidad, con un gran coraz\u00f3n, esto es un verdadero galard\u00f3n, una verdadera victoria humana.<\/p>\n<p align=\"LEFT\">Os doy las gracias y os bendigo de todo coraz\u00f3n. Os pido por favor que rec\u00e9is por m\u00ed. Gracias.<\/p>\n<p><strong>\u00a9 Librer\u00eda Editora Vaticana<\/strong><\/p>\n","protected":false},"excerpt":{"rendered":"<p>Audiencia a la Federaci\u00f3n Italiana de Baloncesto<\/p>\n","protected":false},"author":6,"featured_media":19917,"comment_status":"closed","ping_status":"closed","sticky":false,"template":"","format":"standard","meta":{"_acf_changed":false,"_crdt_document":"","inline_featured_image":false,"footnotes":""},"categories":[124],"tags":[168,2590,158],"class_list":["post-19897","post","type-post","status-publish","format-standard","has-post-thumbnail","hentry","category-discursos","tag-audiencia","tag-federacion-italiana-de-baloncesto","tag-papa-francisco"],"acf":[],"yoast_head":"<!-- This site is optimized with the Yoast SEO plugin v27.5 - https:\/\/yoast.com\/product\/yoast-seo-wordpress\/ -->\n<title>Papa Francisco: Iglesia y deporte, al servicio de la persona - Exaudi<\/title>\n<meta name=\"description\" content=\"Esta ma\u00f1ana, el Papa ha recibido a la Federaci\u00f3n Italiana de Baloncesto, y ha dicho que Iglesia y deporte est\u00e1n al servicio de la persona.\" \/>\n<meta name=\"robots\" content=\"index, follow, max-snippet:-1, max-image-preview:large, max-video-preview:-1\" \/>\n<link rel=\"canonical\" href=\"https:\/\/exaudi.org\/es\/papa-francisco-iglesia-deporte-servicio-persona\/\" \/>\n<meta property=\"og:locale\" content=\"es_ES\" \/>\n<meta property=\"og:type\" content=\"article\" \/>\n<meta property=\"og:title\" content=\"Papa Francisco: Iglesia y deporte, al servicio de la persona - Exaudi\" \/>\n<meta property=\"og:description\" content=\"Esta ma\u00f1ana, el Papa ha recibido a la Federaci\u00f3n Italiana de Baloncesto, y ha dicho que Iglesia y deporte est\u00e1n al servicio de la persona.\" \/>\n<meta property=\"og:url\" content=\"https:\/\/exaudi.org\/es\/papa-francisco-iglesia-deporte-servicio-persona\/\" \/>\n<meta property=\"og:site_name\" content=\"Exaudi\" \/>\n<meta property=\"article:publisher\" content=\"https:\/\/www.facebook.com\/ExaudiNews\" \/>\n<meta property=\"article:published_time\" content=\"2021-05-31T13:42:49+00:00\" \/>\n<meta property=\"article:modified_time\" content=\"2021-06-07T09:36:35+00:00\" \/>\n<meta property=\"og:image\" content=\"https:\/\/exaudi.org\/wp-content\/uploads\/2021\/05\/1212b214.jpg\" \/>\n\t<meta property=\"og:image:width\" content=\"2211\" \/>\n\t<meta property=\"og:image:height\" content=\"1473\" \/>\n\t<meta property=\"og:image:type\" content=\"image\/jpeg\" \/>\n<meta name=\"author\" content=\"Gabriel Sales\" \/>\n<meta name=\"twitter:card\" content=\"summary_large_image\" \/>\n<meta name=\"twitter:creator\" content=\"@habemusman\" \/>\n<meta name=\"twitter:site\" content=\"@Exaudi_News\" \/>\n<meta name=\"twitter:label1\" content=\"Escrito por\" \/>\n\t<meta name=\"twitter:data1\" content=\"Gabriel Sales\" \/>\n\t<meta name=\"twitter:label2\" content=\"Tiempo de lectura\" \/>\n\t<meta name=\"twitter:data2\" content=\"7 minutos\" \/>\n<script type=\"application\/ld+json\" class=\"yoast-schema-graph\">{\"@context\":\"https:\\\/\\\/schema.org\",\"@graph\":[{\"@type\":\"Article\",\"@id\":\"https:\\\/\\\/exaudi.org\\\/es\\\/papa-francisco-iglesia-deporte-servicio-persona\\\/#article\",\"isPartOf\":{\"@id\":\"https:\\\/\\\/exaudi.org\\\/es\\\/papa-francisco-iglesia-deporte-servicio-persona\\\/\"},\"author\":{\"name\":\"Gabriel Sales\",\"@id\":\"https:\\\/\\\/exaudi.org\\\/#\\\/schema\\\/person\\\/d134b96438278131ce90c90c03fda6cd\"},\"headline\":\"Papa Francisco: Iglesia y deporte, al servicio de la persona\",\"datePublished\":\"2021-05-31T13:42:49+00:00\",\"dateModified\":\"2021-06-07T09:36:35+00:00\",\"mainEntityOfPage\":{\"@id\":\"https:\\\/\\\/exaudi.org\\\/es\\\/papa-francisco-iglesia-deporte-servicio-persona\\\/\"},\"wordCount\":1372,\"image\":{\"@id\":\"https:\\\/\\\/exaudi.org\\\/es\\\/papa-francisco-iglesia-deporte-servicio-persona\\\/#primaryimage\"},\"thumbnailUrl\":\"https:\\\/\\\/exaudi.org\\\/wp-content\\\/uploads\\\/2021\\\/05\\\/1212b214.jpg\",\"keywords\":[\"audiencia\",\"Federaci\u00f3n Italiana de Baloncesto\",\"papa francisco\"],\"articleSection\":[\"Discursos\"],\"inLanguage\":\"es\"},{\"@type\":\"WebPage\",\"@id\":\"https:\\\/\\\/exaudi.org\\\/es\\\/papa-francisco-iglesia-deporte-servicio-persona\\\/\",\"url\":\"https:\\\/\\\/exaudi.org\\\/es\\\/papa-francisco-iglesia-deporte-servicio-persona\\\/\",\"name\":\"Papa Francisco: Iglesia y deporte, al servicio de la persona - Exaudi\",\"isPartOf\":{\"@id\":\"https:\\\/\\\/exaudi.org\\\/#website\"},\"primaryImageOfPage\":{\"@id\":\"https:\\\/\\\/exaudi.org\\\/es\\\/papa-francisco-iglesia-deporte-servicio-persona\\\/#primaryimage\"},\"image\":{\"@id\":\"https:\\\/\\\/exaudi.org\\\/es\\\/papa-francisco-iglesia-deporte-servicio-persona\\\/#primaryimage\"},\"thumbnailUrl\":\"https:\\\/\\\/exaudi.org\\\/wp-content\\\/uploads\\\/2021\\\/05\\\/1212b214.jpg\",\"datePublished\":\"2021-05-31T13:42:49+00:00\",\"dateModified\":\"2021-06-07T09:36:35+00:00\",\"author\":{\"@id\":\"https:\\\/\\\/exaudi.org\\\/#\\\/schema\\\/person\\\/d134b96438278131ce90c90c03fda6cd\"},\"description\":\"Esta ma\u00f1ana, el Papa ha recibido a la Federaci\u00f3n Italiana de Baloncesto, y ha dicho que Iglesia y deporte est\u00e1n al servicio de la persona.\",\"breadcrumb\":{\"@id\":\"https:\\\/\\\/exaudi.org\\\/es\\\/papa-francisco-iglesia-deporte-servicio-persona\\\/#breadcrumb\"},\"inLanguage\":\"es\",\"potentialAction\":[{\"@type\":\"ReadAction\",\"target\":[\"https:\\\/\\\/exaudi.org\\\/es\\\/papa-francisco-iglesia-deporte-servicio-persona\\\/\"]}]},{\"@type\":\"ImageObject\",\"inLanguage\":\"es\",\"@id\":\"https:\\\/\\\/exaudi.org\\\/es\\\/papa-francisco-iglesia-deporte-servicio-persona\\\/#primaryimage\",\"url\":\"https:\\\/\\\/exaudi.org\\\/wp-content\\\/uploads\\\/2021\\\/05\\\/1212b214.jpg\",\"contentUrl\":\"https:\\\/\\\/exaudi.org\\\/wp-content\\\/uploads\\\/2021\\\/05\\\/1212b214.jpg\",\"width\":2211,\"height\":1473,\"caption\":\"Audiencia del Papa a la Federaci\u00f3n Italiana de Baloncesto \u00a9 Vatican Media\"},{\"@type\":\"BreadcrumbList\",\"@id\":\"https:\\\/\\\/exaudi.org\\\/es\\\/papa-francisco-iglesia-deporte-servicio-persona\\\/#breadcrumb\",\"itemListElement\":[{\"@type\":\"ListItem\",\"position\":1,\"name\":\"Portada\",\"item\":\"https:\\\/\\\/exaudi.org\\\/es\\\/\"},{\"@type\":\"ListItem\",\"position\":2,\"name\":\"Papa Francisco: Iglesia y deporte, al servicio de la persona\"}]},{\"@type\":\"WebSite\",\"@id\":\"https:\\\/\\\/exaudi.org\\\/#website\",\"url\":\"https:\\\/\\\/exaudi.org\\\/\",\"name\":\"Exaudi\",\"description\":\"News\",\"potentialAction\":[{\"@type\":\"SearchAction\",\"target\":{\"@type\":\"EntryPoint\",\"urlTemplate\":\"https:\\\/\\\/exaudi.org\\\/?s={search_term_string}\"},\"query-input\":{\"@type\":\"PropertyValueSpecification\",\"valueRequired\":true,\"valueName\":\"search_term_string\"}}],\"inLanguage\":\"es\"},{\"@type\":\"Person\",\"@id\":\"https:\\\/\\\/exaudi.org\\\/#\\\/schema\\\/person\\\/d134b96438278131ce90c90c03fda6cd\",\"name\":\"Gabriel Sales\",\"image\":{\"@type\":\"ImageObject\",\"inLanguage\":\"es\",\"@id\":\"https:\\\/\\\/secure.gravatar.com\\\/avatar\\\/9b1269566f6a063ed26ffb3532b66a373cdde231ce5d0effb266167437fdaffd?s=96&d=mm&r=g\",\"url\":\"https:\\\/\\\/secure.gravatar.com\\\/avatar\\\/9b1269566f6a063ed26ffb3532b66a373cdde231ce5d0effb266167437fdaffd?s=96&d=mm&r=g\",\"contentUrl\":\"https:\\\/\\\/secure.gravatar.com\\\/avatar\\\/9b1269566f6a063ed26ffb3532b66a373cdde231ce5d0effb266167437fdaffd?s=96&d=mm&r=g\",\"caption\":\"Gabriel Sales\"},\"description\":\"Periodista y especialista en Comunicaci\u00f3n y Branding digital. Cin\u00e9filo y cr\u00edtico de cine y series de televisi\u00f3n.\",\"sameAs\":[\"https:\\\/\\\/www.instagram.com\\\/cine90segundos\\\/\",\"www.linkedin.com\\\/in\\\/habemusman\",\"https:\\\/\\\/x.com\\\/habemusman\",\"https:\\\/\\\/www.youtube.com\\\/channel\\\/UCVfCiOMkJ_C7T7OpyjuaLDg\"],\"url\":\"https:\\\/\\\/exaudi.org\\\/es\\\/author\\\/gsalesexaudi-org\\\/\"}]}<\/script>\n<!-- \/ Yoast SEO plugin. -->","yoast_head_json":{"title":"Papa Francisco: Iglesia y deporte, al servicio de la persona - Exaudi","description":"Esta ma\u00f1ana, el Papa ha recibido a la Federaci\u00f3n Italiana de Baloncesto, y ha dicho que Iglesia y deporte est\u00e1n al servicio de la persona.","robots":{"index":"index","follow":"follow","max-snippet":"max-snippet:-1","max-image-preview":"max-image-preview:large","max-video-preview":"max-video-preview:-1"},"canonical":"https:\/\/exaudi.org\/es\/papa-francisco-iglesia-deporte-servicio-persona\/","og_locale":"es_ES","og_type":"article","og_title":"Papa Francisco: Iglesia y deporte, al servicio de la persona - Exaudi","og_description":"Esta ma\u00f1ana, el Papa ha recibido a la Federaci\u00f3n Italiana de Baloncesto, y ha dicho que Iglesia y deporte est\u00e1n al servicio de la persona.","og_url":"https:\/\/exaudi.org\/es\/papa-francisco-iglesia-deporte-servicio-persona\/","og_site_name":"Exaudi","article_publisher":"https:\/\/www.facebook.com\/ExaudiNews","article_published_time":"2021-05-31T13:42:49+00:00","article_modified_time":"2021-06-07T09:36:35+00:00","og_image":[{"width":2211,"height":1473,"url":"https:\/\/exaudi.org\/wp-content\/uploads\/2021\/05\/1212b214.jpg","type":"image\/jpeg"}],"author":"Gabriel Sales","twitter_card":"summary_large_image","twitter_creator":"@habemusman","twitter_site":"@Exaudi_News","twitter_misc":{"Escrito por":"Gabriel Sales","Tiempo de lectura":"7 minutos"},"schema":{"@context":"https:\/\/schema.org","@graph":[{"@type":"Article","@id":"https:\/\/exaudi.org\/es\/papa-francisco-iglesia-deporte-servicio-persona\/#article","isPartOf":{"@id":"https:\/\/exaudi.org\/es\/papa-francisco-iglesia-deporte-servicio-persona\/"},"author":{"name":"Gabriel Sales","@id":"https:\/\/exaudi.org\/#\/schema\/person\/d134b96438278131ce90c90c03fda6cd"},"headline":"Papa Francisco: Iglesia y deporte, al servicio de la persona","datePublished":"2021-05-31T13:42:49+00:00","dateModified":"2021-06-07T09:36:35+00:00","mainEntityOfPage":{"@id":"https:\/\/exaudi.org\/es\/papa-francisco-iglesia-deporte-servicio-persona\/"},"wordCount":1372,"image":{"@id":"https:\/\/exaudi.org\/es\/papa-francisco-iglesia-deporte-servicio-persona\/#primaryimage"},"thumbnailUrl":"https:\/\/exaudi.org\/wp-content\/uploads\/2021\/05\/1212b214.jpg","keywords":["audiencia","Federaci\u00f3n Italiana de Baloncesto","papa francisco"],"articleSection":["Discursos"],"inLanguage":"es"},{"@type":"WebPage","@id":"https:\/\/exaudi.org\/es\/papa-francisco-iglesia-deporte-servicio-persona\/","url":"https:\/\/exaudi.org\/es\/papa-francisco-iglesia-deporte-servicio-persona\/","name":"Papa Francisco: Iglesia y deporte, al servicio de la persona - Exaudi","isPartOf":{"@id":"https:\/\/exaudi.org\/#website"},"primaryImageOfPage":{"@id":"https:\/\/exaudi.org\/es\/papa-francisco-iglesia-deporte-servicio-persona\/#primaryimage"},"image":{"@id":"https:\/\/exaudi.org\/es\/papa-francisco-iglesia-deporte-servicio-persona\/#primaryimage"},"thumbnailUrl":"https:\/\/exaudi.org\/wp-content\/uploads\/2021\/05\/1212b214.jpg","datePublished":"2021-05-31T13:42:49+00:00","dateModified":"2021-06-07T09:36:35+00:00","author":{"@id":"https:\/\/exaudi.org\/#\/schema\/person\/d134b96438278131ce90c90c03fda6cd"},"description":"Esta ma\u00f1ana, el Papa ha recibido a la Federaci\u00f3n Italiana de Baloncesto, y ha dicho que Iglesia y deporte est\u00e1n al servicio de la persona.","breadcrumb":{"@id":"https:\/\/exaudi.org\/es\/papa-francisco-iglesia-deporte-servicio-persona\/#breadcrumb"},"inLanguage":"es","potentialAction":[{"@type":"ReadAction","target":["https:\/\/exaudi.org\/es\/papa-francisco-iglesia-deporte-servicio-persona\/"]}]},{"@type":"ImageObject","inLanguage":"es","@id":"https:\/\/exaudi.org\/es\/papa-francisco-iglesia-deporte-servicio-persona\/#primaryimage","url":"https:\/\/exaudi.org\/wp-content\/uploads\/2021\/05\/1212b214.jpg","contentUrl":"https:\/\/exaudi.org\/wp-content\/uploads\/2021\/05\/1212b214.jpg","width":2211,"height":1473,"caption":"Audiencia del Papa a la Federaci\u00f3n Italiana de Baloncesto \u00a9 Vatican Media"},{"@type":"BreadcrumbList","@id":"https:\/\/exaudi.org\/es\/papa-francisco-iglesia-deporte-servicio-persona\/#breadcrumb","itemListElement":[{"@type":"ListItem","position":1,"name":"Portada","item":"https:\/\/exaudi.org\/es\/"},{"@type":"ListItem","position":2,"name":"Papa Francisco: Iglesia y deporte, al servicio de la persona"}]},{"@type":"WebSite","@id":"https:\/\/exaudi.org\/#website","url":"https:\/\/exaudi.org\/","name":"Exaudi","description":"News","potentialAction":[{"@type":"SearchAction","target":{"@type":"EntryPoint","urlTemplate":"https:\/\/exaudi.org\/?s={search_term_string}"},"query-input":{"@type":"PropertyValueSpecification","valueRequired":true,"valueName":"search_term_string"}}],"inLanguage":"es"},{"@type":"Person","@id":"https:\/\/exaudi.org\/#\/schema\/person\/d134b96438278131ce90c90c03fda6cd","name":"Gabriel Sales","image":{"@type":"ImageObject","inLanguage":"es","@id":"https:\/\/secure.gravatar.com\/avatar\/9b1269566f6a063ed26ffb3532b66a373cdde231ce5d0effb266167437fdaffd?s=96&d=mm&r=g","url":"https:\/\/secure.gravatar.com\/avatar\/9b1269566f6a063ed26ffb3532b66a373cdde231ce5d0effb266167437fdaffd?s=96&d=mm&r=g","contentUrl":"https:\/\/secure.gravatar.com\/avatar\/9b1269566f6a063ed26ffb3532b66a373cdde231ce5d0effb266167437fdaffd?s=96&d=mm&r=g","caption":"Gabriel Sales"},"description":"Periodista y especialista en Comunicaci\u00f3n y Branding digital. Cin\u00e9filo y cr\u00edtico de cine y series de televisi\u00f3n.","sameAs":["https:\/\/www.instagram.com\/cine90segundos\/","www.linkedin.com\/in\/habemusman","https:\/\/x.com\/habemusman","https:\/\/www.youtube.com\/channel\/UCVfCiOMkJ_C7T7OpyjuaLDg"],"url":"https:\/\/exaudi.org\/es\/author\/gsalesexaudi-org\/"}]}},"jetpack_featured_media_url":"https:\/\/exaudi.org\/wp-content\/uploads\/2021\/05\/1212b214.jpg","jetpack_shortlink":"https:\/\/wp.me\/pgKjF2-5aV","_links":{"self":[{"href":"https:\/\/exaudi.org\/es\/wp-json\/wp\/v2\/posts\/19897","targetHints":{"allow":["GET"]}}],"collection":[{"href":"https:\/\/exaudi.org\/es\/wp-json\/wp\/v2\/posts"}],"about":[{"href":"https:\/\/exaudi.org\/es\/wp-json\/wp\/v2\/types\/post"}],"author":[{"embeddable":true,"href":"https:\/\/exaudi.org\/es\/wp-json\/wp\/v2\/users\/6"}],"replies":[{"embeddable":true,"href":"https:\/\/exaudi.org\/es\/wp-json\/wp\/v2\/comments?post=19897"}],"version-history":[{"count":0,"href":"https:\/\/exaudi.org\/es\/wp-json\/wp\/v2\/posts\/19897\/revisions"}],"wp:featuredmedia":[{"embeddable":true,"href":"https:\/\/exaudi.org\/es\/wp-json\/wp\/v2\/media\/19917"}],"wp:attachment":[{"href":"https:\/\/exaudi.org\/es\/wp-json\/wp\/v2\/media?parent=19897"}],"wp:term":[{"taxonomy":"category","embeddable":true,"href":"https:\/\/exaudi.org\/es\/wp-json\/wp\/v2\/categories?post=19897"},{"taxonomy":"post_tag","embeddable":true,"href":"https:\/\/exaudi.org\/es\/wp-json\/wp\/v2\/tags?post=19897"}],"curies":[{"name":"wp","href":"https:\/\/api.w.org\/{rel}","templated":true}]}}