{"id":19896,"date":"2021-05-31T14:17:19","date_gmt":"2021-05-31T12:17:19","guid":{"rendered":"https:\/\/exaudi.org\/?p=19896"},"modified":"2021-05-31T15:47:11","modified_gmt":"2021-05-31T13:47:11","slug":"peru-covid-19-iglesia-de-piura-dona-oxigeno-al-norte-del-pais","status":"publish","type":"post","link":"https:\/\/exaudi.org\/es\/peru-covid-19-iglesia-de-piura-dona-oxigeno-al-norte-del-pais\/","title":{"rendered":"Per\u00fa: COVID-19, Iglesia de Piura dona ox\u00edgeno"},"content":{"rendered":"<p>La campa\u00f1a \u201cRespira Piura\u201d, avanza en sus acciones de cobertura a la poblaci\u00f3n necesitada de ox\u00edgeno en el norte del <a href=\"https:\/\/exaudi.org\/es\/peru-carta-obispos-elecciones-presidenciales\/\" target=\"_blank\" rel=\"noopener noreferrer\">Per\u00fa<\/a>, se trata de una iniciativa gestionada por el arzobispo de Piura, monse\u00f1or Jos\u00e9 Antonio Eguren.<\/p>\n<p>Gracias a las acciones de esta campa\u00f1a, que emplea una moderna planta de producci\u00f3n de ox\u00edgeno, se atiende la gran demanda del elemento vital empleado en el tratamiento de los enfermos que por prescripci\u00f3n m\u00e9dica se recuperan del COVID-19 en sus casas.<\/p>\n<p>As\u00ed, de acuerdo a una nota de la <a href=\"https:\/\/noticias.iglesia.org.pe\/\" target=\"_blank\" rel=\"noopener noreferrer\">Conferencia Episcopal Peruana<\/a>, la moderna planta de ox\u00edgeno medicinal, que ya se encuentra funcionando en el norte del pa\u00eds ya \u201cest\u00e1 atendiendo la gran demanda de esta vital medicina que se requiere para aquellos enfermos que, con indicaci\u00f3n y supervisi\u00f3n m\u00e9dica, se vienen tratando de la COVID-19 en sus hogares\u201d.<\/p>\n<p>Por su parte, Carlos Zapata Crisanto, secretario ejecutivo de C\u00e1ritas Piura, coment\u00f3 c\u00f3mo se viene desarrollando la atenci\u00f3n: \u201cDesde este lunes que se ha iniciado la atenci\u00f3n al p\u00fablico, hemos recibido muchas solicitudes, y estamos trabajando arduamente para poder atender con prontitud la gran demanda. El personal se encuentra muy motivado y hemos iniciado esta tit\u00e1nica labor con una sola idea en la mente: \u2018Estamos salvando vidas\u2019\u201d.<\/p>\n<p>\u201cCada uno de los colaboradores\u201d, contin\u00faa, \u201cest\u00e1 poniendo el m\u00e1ximo de su esfuerzo para que el proceso de recarga de los balones de ox\u00edgeno que nos est\u00e1n llegando se pueda realizar lo antes posible. Estamos poniendo especial cuidado en la revisi\u00f3n de la documentaci\u00f3n de cada una de las solicitudes a fin de evitar que alguna persona inescrupulosa, que se dedique a la venta indiscriminada de esta medicina, pueda sorprendernos\u201d.<\/p>\n<p>Esta planta de ox\u00edgeno medicinal est\u00e1 instalada en el local de la C\u00e1ritas Arquidiocesana, en la esquina de las Calles Santo Domingo y Luis Montero del A.A.H.H. Santa Rosa, en el Distrito de 26 de octubre. Su capacidad de producci\u00f3n es de 20 m3 por hora, lo que permite abastecer hasta 48 balones de ox\u00edgeno diarios.<\/p>\n","protected":false},"excerpt":{"rendered":"<p>Campa\u00f1a \u201cRespira Piura\u201d <\/p>\n","protected":false},"author":5,"featured_media":19901,"comment_status":"open","ping_status":"open","sticky":false,"template":"","format":"standard","meta":{"_acf_changed":false,"_crdt_document":"","inline_featured_image":false,"footnotes":""},"categories":[86,298],"tags":[2588,541,2589],"class_list":["post-19896","post","type-post","status-publish","format-standard","has-post-thumbnail","hentry","category-iglesia-local","category-ultimas-noticias","tag-arzobispado-de-piura","tag-covid-19","tag-respira-piura"],"acf":[],"yoast_head":"<!-- This site is optimized with the Yoast SEO plugin v27.5 - https:\/\/yoast.com\/product\/yoast-seo-wordpress\/ -->\n<title>Per\u00fa: COVID-19, Iglesia de Piura dona ox\u00edgeno &#8211; Exaudi<\/title>\n<meta name=\"description\" content=\"COVID-19: La Campa\u00f1a &quot;Respira Per\u00fa&quot; del arzobispado de Piura avanza en la cobertura a la poblaci\u00f3n necesitada de ox\u00edgeno en el norte del pa\u00eds\" \/>\n<meta name=\"robots\" content=\"index, follow, max-snippet:-1, max-image-preview:large, max-video-preview:-1\" \/>\n<link rel=\"canonical\" href=\"https:\/\/exaudi.org\/es\/peru-covid-19-iglesia-de-piura-dona-oxigeno-al-norte-del-pais\/\" \/>\n<meta property=\"og:locale\" content=\"es_ES\" \/>\n<meta property=\"og:type\" content=\"article\" \/>\n<meta property=\"og:title\" content=\"Per\u00fa: COVID-19, Iglesia de Piura dona ox\u00edgeno &#8211; Exaudi\" \/>\n<meta property=\"og:description\" content=\"COVID-19: La Campa\u00f1a &quot;Respira Per\u00fa&quot; del arzobispado de Piura avanza en la cobertura a la poblaci\u00f3n necesitada de ox\u00edgeno en el norte del pa\u00eds\" \/>\n<meta property=\"og:url\" content=\"https:\/\/exaudi.org\/es\/peru-covid-19-iglesia-de-piura-dona-oxigeno-al-norte-del-pais\/\" \/>\n<meta property=\"og:site_name\" content=\"Exaudi\" \/>\n<meta property=\"article:publisher\" content=\"https:\/\/www.facebook.com\/ExaudiNews\" \/>\n<meta property=\"article:published_time\" content=\"2021-05-31T12:17:19+00:00\" \/>\n<meta property=\"article:modified_time\" content=\"2021-05-31T13:47:11+00:00\" \/>\n<meta property=\"og:image\" content=\"https:\/\/exaudi.org\/wp-content\/uploads\/2021\/05\/Campana-Respira-Piura-Conferencia-Episcopal-Peruana.jpg\" \/>\n\t<meta property=\"og:image:width\" content=\"1152\" \/>\n\t<meta property=\"og:image:height\" content=\"532\" \/>\n\t<meta property=\"og:image:type\" content=\"image\/jpeg\" \/>\n<meta name=\"author\" content=\"Larissa I. L\u00f3pez\" \/>\n<meta name=\"twitter:card\" content=\"summary_large_image\" \/>\n<meta name=\"twitter:creator\" content=\"@Exaudi_News\" \/>\n<meta name=\"twitter:site\" content=\"@Exaudi_News\" \/>\n<meta name=\"twitter:label1\" content=\"Escrito por\" \/>\n\t<meta name=\"twitter:data1\" content=\"Larissa I. L\u00f3pez\" \/>\n\t<meta name=\"twitter:label2\" content=\"Tiempo de lectura\" \/>\n\t<meta name=\"twitter:data2\" content=\"2 minutos\" \/>\n<script type=\"application\/ld+json\" class=\"yoast-schema-graph\">{\"@context\":\"https:\\\/\\\/schema.org\",\"@graph\":[{\"@type\":\"Article\",\"@id\":\"https:\\\/\\\/exaudi.org\\\/es\\\/peru-covid-19-iglesia-de-piura-dona-oxigeno-al-norte-del-pais\\\/#article\",\"isPartOf\":{\"@id\":\"https:\\\/\\\/exaudi.org\\\/es\\\/peru-covid-19-iglesia-de-piura-dona-oxigeno-al-norte-del-pais\\\/\"},\"author\":{\"name\":\"Larissa I. L\u00f3pez\",\"@id\":\"https:\\\/\\\/exaudi.org\\\/#\\\/schema\\\/person\\\/7d2f77db033c2c0929edfab6dbe8c588\"},\"headline\":\"Per\u00fa: COVID-19, Iglesia de Piura dona ox\u00edgeno\",\"datePublished\":\"2021-05-31T12:17:19+00:00\",\"dateModified\":\"2021-05-31T13:47:11+00:00\",\"mainEntityOfPage\":{\"@id\":\"https:\\\/\\\/exaudi.org\\\/es\\\/peru-covid-19-iglesia-de-piura-dona-oxigeno-al-norte-del-pais\\\/\"},\"wordCount\":367,\"commentCount\":0,\"image\":{\"@id\":\"https:\\\/\\\/exaudi.org\\\/es\\\/peru-covid-19-iglesia-de-piura-dona-oxigeno-al-norte-del-pais\\\/#primaryimage\"},\"thumbnailUrl\":\"https:\\\/\\\/exaudi.org\\\/wp-content\\\/uploads\\\/2021\\\/05\\\/Campana-Respira-Piura-Conferencia-Episcopal-Peruana.jpg\",\"keywords\":[\"Arzobispado de Piura\",\"COVID-19\",\"Respira Piura\"],\"articleSection\":[\"Iglesia Local\",\"\u00daltimas noticias\"],\"inLanguage\":\"es\",\"potentialAction\":[{\"@type\":\"CommentAction\",\"name\":\"Comment\",\"target\":[\"https:\\\/\\\/exaudi.org\\\/es\\\/peru-covid-19-iglesia-de-piura-dona-oxigeno-al-norte-del-pais\\\/#respond\"]}]},{\"@type\":\"WebPage\",\"@id\":\"https:\\\/\\\/exaudi.org\\\/es\\\/peru-covid-19-iglesia-de-piura-dona-oxigeno-al-norte-del-pais\\\/\",\"url\":\"https:\\\/\\\/exaudi.org\\\/es\\\/peru-covid-19-iglesia-de-piura-dona-oxigeno-al-norte-del-pais\\\/\",\"name\":\"Per\u00fa: COVID-19, Iglesia de Piura dona ox\u00edgeno &#8211; Exaudi\",\"isPartOf\":{\"@id\":\"https:\\\/\\\/exaudi.org\\\/#website\"},\"primaryImageOfPage\":{\"@id\":\"https:\\\/\\\/exaudi.org\\\/es\\\/peru-covid-19-iglesia-de-piura-dona-oxigeno-al-norte-del-pais\\\/#primaryimage\"},\"image\":{\"@id\":\"https:\\\/\\\/exaudi.org\\\/es\\\/peru-covid-19-iglesia-de-piura-dona-oxigeno-al-norte-del-pais\\\/#primaryimage\"},\"thumbnailUrl\":\"https:\\\/\\\/exaudi.org\\\/wp-content\\\/uploads\\\/2021\\\/05\\\/Campana-Respira-Piura-Conferencia-Episcopal-Peruana.jpg\",\"datePublished\":\"2021-05-31T12:17:19+00:00\",\"dateModified\":\"2021-05-31T13:47:11+00:00\",\"author\":{\"@id\":\"https:\\\/\\\/exaudi.org\\\/#\\\/schema\\\/person\\\/7d2f77db033c2c0929edfab6dbe8c588\"},\"description\":\"COVID-19: La Campa\u00f1a \\\"Respira Per\u00fa\\\" del arzobispado de Piura avanza en la cobertura a la poblaci\u00f3n necesitada de ox\u00edgeno en el norte del pa\u00eds\",\"breadcrumb\":{\"@id\":\"https:\\\/\\\/exaudi.org\\\/es\\\/peru-covid-19-iglesia-de-piura-dona-oxigeno-al-norte-del-pais\\\/#breadcrumb\"},\"inLanguage\":\"es\",\"potentialAction\":[{\"@type\":\"ReadAction\",\"target\":[\"https:\\\/\\\/exaudi.org\\\/es\\\/peru-covid-19-iglesia-de-piura-dona-oxigeno-al-norte-del-pais\\\/\"]}]},{\"@type\":\"ImageObject\",\"inLanguage\":\"es\",\"@id\":\"https:\\\/\\\/exaudi.org\\\/es\\\/peru-covid-19-iglesia-de-piura-dona-oxigeno-al-norte-del-pais\\\/#primaryimage\",\"url\":\"https:\\\/\\\/exaudi.org\\\/wp-content\\\/uploads\\\/2021\\\/05\\\/Campana-Respira-Piura-Conferencia-Episcopal-Peruana.jpg\",\"contentUrl\":\"https:\\\/\\\/exaudi.org\\\/wp-content\\\/uploads\\\/2021\\\/05\\\/Campana-Respira-Piura-Conferencia-Episcopal-Peruana.jpg\",\"width\":1152,\"height\":532,\"caption\":\"Campa\u00f1a Respira Piura \u00a9 Conferencia Episcopal Peruana\"},{\"@type\":\"BreadcrumbList\",\"@id\":\"https:\\\/\\\/exaudi.org\\\/es\\\/peru-covid-19-iglesia-de-piura-dona-oxigeno-al-norte-del-pais\\\/#breadcrumb\",\"itemListElement\":[{\"@type\":\"ListItem\",\"position\":1,\"name\":\"Portada\",\"item\":\"https:\\\/\\\/exaudi.org\\\/es\\\/\"},{\"@type\":\"ListItem\",\"position\":2,\"name\":\"Per\u00fa: COVID-19, Iglesia de Piura dona ox\u00edgeno\"}]},{\"@type\":\"WebSite\",\"@id\":\"https:\\\/\\\/exaudi.org\\\/#website\",\"url\":\"https:\\\/\\\/exaudi.org\\\/\",\"name\":\"Exaudi\",\"description\":\"News\",\"potentialAction\":[{\"@type\":\"SearchAction\",\"target\":{\"@type\":\"EntryPoint\",\"urlTemplate\":\"https:\\\/\\\/exaudi.org\\\/?s={search_term_string}\"},\"query-input\":{\"@type\":\"PropertyValueSpecification\",\"valueRequired\":true,\"valueName\":\"search_term_string\"}}],\"inLanguage\":\"es\"},{\"@type\":\"Person\",\"@id\":\"https:\\\/\\\/exaudi.org\\\/#\\\/schema\\\/person\\\/7d2f77db033c2c0929edfab6dbe8c588\",\"name\":\"Larissa I. L\u00f3pez\",\"image\":{\"@type\":\"ImageObject\",\"inLanguage\":\"es\",\"@id\":\"https:\\\/\\\/secure.gravatar.com\\\/avatar\\\/db3ef399ff343d0bb9d25dc5198bc8ece5ac6d621eca79876697a354dabc1e3f?s=96&d=mm&r=g\",\"url\":\"https:\\\/\\\/secure.gravatar.com\\\/avatar\\\/db3ef399ff343d0bb9d25dc5198bc8ece5ac6d621eca79876697a354dabc1e3f?s=96&d=mm&r=g\",\"contentUrl\":\"https:\\\/\\\/secure.gravatar.com\\\/avatar\\\/db3ef399ff343d0bb9d25dc5198bc8ece5ac6d621eca79876697a354dabc1e3f?s=96&d=mm&r=g\",\"caption\":\"Larissa I. L\u00f3pez\"},\"description\":\"Doctora en Comunicaci\u00f3n. Mi trayectoria profesional ha transcurrido entre el \u00e1mbito de la comunicaci\u00f3n y el de la docencia. En los \u00faltimos a\u00f1os, he trabajado como coordinadora y redactora de la edici\u00f3n de ZENIT en espa\u00f1ol. Como profesora, he impartido clases en la universidad y en centros de FP y bachillerato. Cordobesa de nacimiento, tambi\u00e9n he vivido en Sevilla, Madrid y Roma\",\"url\":\"https:\\\/\\\/exaudi.org\\\/es\\\/author\\\/llopezexaudi-org\\\/\"}]}<\/script>\n<!-- \/ Yoast SEO plugin. -->","yoast_head_json":{"title":"Per\u00fa: COVID-19, Iglesia de Piura dona ox\u00edgeno &#8211; Exaudi","description":"COVID-19: La Campa\u00f1a \"Respira Per\u00fa\" del arzobispado de Piura avanza en la cobertura a la poblaci\u00f3n necesitada de ox\u00edgeno en el norte del pa\u00eds","robots":{"index":"index","follow":"follow","max-snippet":"max-snippet:-1","max-image-preview":"max-image-preview:large","max-video-preview":"max-video-preview:-1"},"canonical":"https:\/\/exaudi.org\/es\/peru-covid-19-iglesia-de-piura-dona-oxigeno-al-norte-del-pais\/","og_locale":"es_ES","og_type":"article","og_title":"Per\u00fa: COVID-19, Iglesia de Piura dona ox\u00edgeno &#8211; Exaudi","og_description":"COVID-19: La Campa\u00f1a \"Respira Per\u00fa\" del arzobispado de Piura avanza en la cobertura a la poblaci\u00f3n necesitada de ox\u00edgeno en el norte del pa\u00eds","og_url":"https:\/\/exaudi.org\/es\/peru-covid-19-iglesia-de-piura-dona-oxigeno-al-norte-del-pais\/","og_site_name":"Exaudi","article_publisher":"https:\/\/www.facebook.com\/ExaudiNews","article_published_time":"2021-05-31T12:17:19+00:00","article_modified_time":"2021-05-31T13:47:11+00:00","og_image":[{"width":1152,"height":532,"url":"https:\/\/exaudi.org\/wp-content\/uploads\/2021\/05\/Campana-Respira-Piura-Conferencia-Episcopal-Peruana.jpg","type":"image\/jpeg"}],"author":"Larissa I. L\u00f3pez","twitter_card":"summary_large_image","twitter_creator":"@Exaudi_News","twitter_site":"@Exaudi_News","twitter_misc":{"Escrito por":"Larissa I. L\u00f3pez","Tiempo de lectura":"2 minutos"},"schema":{"@context":"https:\/\/schema.org","@graph":[{"@type":"Article","@id":"https:\/\/exaudi.org\/es\/peru-covid-19-iglesia-de-piura-dona-oxigeno-al-norte-del-pais\/#article","isPartOf":{"@id":"https:\/\/exaudi.org\/es\/peru-covid-19-iglesia-de-piura-dona-oxigeno-al-norte-del-pais\/"},"author":{"name":"Larissa I. L\u00f3pez","@id":"https:\/\/exaudi.org\/#\/schema\/person\/7d2f77db033c2c0929edfab6dbe8c588"},"headline":"Per\u00fa: COVID-19, Iglesia de Piura dona ox\u00edgeno","datePublished":"2021-05-31T12:17:19+00:00","dateModified":"2021-05-31T13:47:11+00:00","mainEntityOfPage":{"@id":"https:\/\/exaudi.org\/es\/peru-covid-19-iglesia-de-piura-dona-oxigeno-al-norte-del-pais\/"},"wordCount":367,"commentCount":0,"image":{"@id":"https:\/\/exaudi.org\/es\/peru-covid-19-iglesia-de-piura-dona-oxigeno-al-norte-del-pais\/#primaryimage"},"thumbnailUrl":"https:\/\/exaudi.org\/wp-content\/uploads\/2021\/05\/Campana-Respira-Piura-Conferencia-Episcopal-Peruana.jpg","keywords":["Arzobispado de Piura","COVID-19","Respira Piura"],"articleSection":["Iglesia Local","\u00daltimas noticias"],"inLanguage":"es","potentialAction":[{"@type":"CommentAction","name":"Comment","target":["https:\/\/exaudi.org\/es\/peru-covid-19-iglesia-de-piura-dona-oxigeno-al-norte-del-pais\/#respond"]}]},{"@type":"WebPage","@id":"https:\/\/exaudi.org\/es\/peru-covid-19-iglesia-de-piura-dona-oxigeno-al-norte-del-pais\/","url":"https:\/\/exaudi.org\/es\/peru-covid-19-iglesia-de-piura-dona-oxigeno-al-norte-del-pais\/","name":"Per\u00fa: COVID-19, Iglesia de Piura dona ox\u00edgeno &#8211; Exaudi","isPartOf":{"@id":"https:\/\/exaudi.org\/#website"},"primaryImageOfPage":{"@id":"https:\/\/exaudi.org\/es\/peru-covid-19-iglesia-de-piura-dona-oxigeno-al-norte-del-pais\/#primaryimage"},"image":{"@id":"https:\/\/exaudi.org\/es\/peru-covid-19-iglesia-de-piura-dona-oxigeno-al-norte-del-pais\/#primaryimage"},"thumbnailUrl":"https:\/\/exaudi.org\/wp-content\/uploads\/2021\/05\/Campana-Respira-Piura-Conferencia-Episcopal-Peruana.jpg","datePublished":"2021-05-31T12:17:19+00:00","dateModified":"2021-05-31T13:47:11+00:00","author":{"@id":"https:\/\/exaudi.org\/#\/schema\/person\/7d2f77db033c2c0929edfab6dbe8c588"},"description":"COVID-19: La Campa\u00f1a \"Respira Per\u00fa\" del arzobispado de Piura avanza en la cobertura a la poblaci\u00f3n necesitada de ox\u00edgeno en el norte del pa\u00eds","breadcrumb":{"@id":"https:\/\/exaudi.org\/es\/peru-covid-19-iglesia-de-piura-dona-oxigeno-al-norte-del-pais\/#breadcrumb"},"inLanguage":"es","potentialAction":[{"@type":"ReadAction","target":["https:\/\/exaudi.org\/es\/peru-covid-19-iglesia-de-piura-dona-oxigeno-al-norte-del-pais\/"]}]},{"@type":"ImageObject","inLanguage":"es","@id":"https:\/\/exaudi.org\/es\/peru-covid-19-iglesia-de-piura-dona-oxigeno-al-norte-del-pais\/#primaryimage","url":"https:\/\/exaudi.org\/wp-content\/uploads\/2021\/05\/Campana-Respira-Piura-Conferencia-Episcopal-Peruana.jpg","contentUrl":"https:\/\/exaudi.org\/wp-content\/uploads\/2021\/05\/Campana-Respira-Piura-Conferencia-Episcopal-Peruana.jpg","width":1152,"height":532,"caption":"Campa\u00f1a Respira Piura \u00a9 Conferencia Episcopal Peruana"},{"@type":"BreadcrumbList","@id":"https:\/\/exaudi.org\/es\/peru-covid-19-iglesia-de-piura-dona-oxigeno-al-norte-del-pais\/#breadcrumb","itemListElement":[{"@type":"ListItem","position":1,"name":"Portada","item":"https:\/\/exaudi.org\/es\/"},{"@type":"ListItem","position":2,"name":"Per\u00fa: COVID-19, Iglesia de Piura dona ox\u00edgeno"}]},{"@type":"WebSite","@id":"https:\/\/exaudi.org\/#website","url":"https:\/\/exaudi.org\/","name":"Exaudi","description":"News","potentialAction":[{"@type":"SearchAction","target":{"@type":"EntryPoint","urlTemplate":"https:\/\/exaudi.org\/?s={search_term_string}"},"query-input":{"@type":"PropertyValueSpecification","valueRequired":true,"valueName":"search_term_string"}}],"inLanguage":"es"},{"@type":"Person","@id":"https:\/\/exaudi.org\/#\/schema\/person\/7d2f77db033c2c0929edfab6dbe8c588","name":"Larissa I. L\u00f3pez","image":{"@type":"ImageObject","inLanguage":"es","@id":"https:\/\/secure.gravatar.com\/avatar\/db3ef399ff343d0bb9d25dc5198bc8ece5ac6d621eca79876697a354dabc1e3f?s=96&d=mm&r=g","url":"https:\/\/secure.gravatar.com\/avatar\/db3ef399ff343d0bb9d25dc5198bc8ece5ac6d621eca79876697a354dabc1e3f?s=96&d=mm&r=g","contentUrl":"https:\/\/secure.gravatar.com\/avatar\/db3ef399ff343d0bb9d25dc5198bc8ece5ac6d621eca79876697a354dabc1e3f?s=96&d=mm&r=g","caption":"Larissa I. L\u00f3pez"},"description":"Doctora en Comunicaci\u00f3n. Mi trayectoria profesional ha transcurrido entre el \u00e1mbito de la comunicaci\u00f3n y el de la docencia. En los \u00faltimos a\u00f1os, he trabajado como coordinadora y redactora de la edici\u00f3n de ZENIT en espa\u00f1ol. Como profesora, he impartido clases en la universidad y en centros de FP y bachillerato. Cordobesa de nacimiento, tambi\u00e9n he vivido en Sevilla, Madrid y Roma","url":"https:\/\/exaudi.org\/es\/author\/llopezexaudi-org\/"}]}},"jetpack_featured_media_url":"https:\/\/exaudi.org\/wp-content\/uploads\/2021\/05\/Campana-Respira-Piura-Conferencia-Episcopal-Peruana.jpg","jetpack_shortlink":"https:\/\/wp.me\/pgKjF2-5aU","_links":{"self":[{"href":"https:\/\/exaudi.org\/es\/wp-json\/wp\/v2\/posts\/19896","targetHints":{"allow":["GET"]}}],"collection":[{"href":"https:\/\/exaudi.org\/es\/wp-json\/wp\/v2\/posts"}],"about":[{"href":"https:\/\/exaudi.org\/es\/wp-json\/wp\/v2\/types\/post"}],"author":[{"embeddable":true,"href":"https:\/\/exaudi.org\/es\/wp-json\/wp\/v2\/users\/5"}],"replies":[{"embeddable":true,"href":"https:\/\/exaudi.org\/es\/wp-json\/wp\/v2\/comments?post=19896"}],"version-history":[{"count":0,"href":"https:\/\/exaudi.org\/es\/wp-json\/wp\/v2\/posts\/19896\/revisions"}],"wp:featuredmedia":[{"embeddable":true,"href":"https:\/\/exaudi.org\/es\/wp-json\/wp\/v2\/media\/19901"}],"wp:attachment":[{"href":"https:\/\/exaudi.org\/es\/wp-json\/wp\/v2\/media?parent=19896"}],"wp:term":[{"taxonomy":"category","embeddable":true,"href":"https:\/\/exaudi.org\/es\/wp-json\/wp\/v2\/categories?post=19896"},{"taxonomy":"post_tag","embeddable":true,"href":"https:\/\/exaudi.org\/es\/wp-json\/wp\/v2\/tags?post=19896"}],"curies":[{"name":"wp","href":"https:\/\/api.w.org\/{rel}","templated":true}]}}