{"id":19851,"date":"2021-05-31T11:54:31","date_gmt":"2021-05-31T09:54:31","guid":{"rendered":"https:\/\/exaudi.org\/?p=19851"},"modified":"2021-05-31T21:12:55","modified_gmt":"2021-05-31T19:12:55","slug":"colombia-iglesia-de-cali-frenar-violencia-ni-uno-mas","status":"publish","type":"post","link":"https:\/\/exaudi.org\/es\/colombia-iglesia-de-cali-frenar-violencia-ni-uno-mas\/","title":{"rendered":"Colombia: Iglesia de Cali, frenar violencia, \u201c\u00a1Ni uno m\u00e1s!\u201d"},"content":{"rendered":"<p>La situaci\u00f3n de Cali, <a href=\"https:\/\/exaudi.org\/es\/colombia-obispos-llaman-a-perseverar-en-dialogo\/\" target=\"_blank\" rel=\"noopener noreferrer\">Colombia<\/a>, sigue agrav\u00e1ndose y la Iglesia local llama a frenar la violencia en un comunicado titulado \u201cNi uno m\u00e1s\u201d. Seg\u00fan informa el Consejo Episcopal Latinoamericano, el pasado 28 de mayo resultaron fallecidas 7 personas en diversos eventos violentos ocurridos en medio de las protestas sociales que suceden en todo el pa\u00eds.<\/p>\n<p>Ante esta oleada de violencia y muerte, el presidente Iv\u00e1n Duque anunci\u00f3 un m\u00e1ximo despliegue de asistencia militar de unos 7.000 soldados a la Polic\u00eda Nacional en esa zona del pa\u00eds, que ayudar\u00e1n a desbloquear las v\u00edas de comunicaci\u00f3n.<\/p>\n<p>En este sentido, en su nota, la <a href=\"https:\/\/arquicali.org\/site\/\" target=\"_blank\" rel=\"noopener noreferrer\">arquidi\u00f3cesis de Cali<\/a> \u201crepudia todo asesinato y llama a proteger la vida, incluso del o de los asesinos\u201d. \u201cSi la comunidad o quien fuere, los puede detener, deber\u00e1n ser entregados a la justicia por v\u00eda ordinaria o a trav\u00e9s de defensores de derechos humanos\u201d, se lee en el texto en referencia al linchamiento de un polic\u00eda, vestido de civil, que dispar\u00f3 en contra de un grupo de manifestantes.<\/p>\n<h4><strong>\u201c\u00a1Ni uno m\u00e1s!\u201d<\/strong><\/h4>\n<p>Asimismo, el comunicado indica que tomar \u201cla justicia por propia mano es una trampa en la defensa de la vida y de los derechos\u201d y exhorta a no caer \u201cen ninguna provocaci\u00f3n\u201d. \u201cCada muerto pertenece a una familia que lo espera, a un pueblo que anhela vivir en paz, con verdad y justicia, con desarme social y Estado que los garantice\u201d, recuerda.<\/p>\n<p>\u201cNuestra condolencia y oraci\u00f3n por quienes han muerto o han quedado heridos. \u00a1NI UNO M\u00c1S!\u201d, concluye.<\/p>\n","protected":false},"excerpt":{"rendered":"<p>Comunicado de la arquidi\u00f3cesis ante fallecidos<\/p>\n","protected":false},"author":5,"featured_media":19852,"comment_status":"closed","ping_status":"closed","sticky":false,"template":"","format":"standard","meta":{"_acf_changed":false,"inline_featured_image":false,"_wpcom_ai_launchpad_first_post":false,"footnotes":"","jetpack_post_was_ever_published":false},"categories":[86,94,298],"tags":[2585,2586,724,2015],"class_list":["post-19851","post","type-post","status-publish","format-standard","has-post-thumbnail","hentry","category-iglesia-local","category-justicia-y-paz","category-ultimas-noticias","tag-arquidiocesis-de-cali","tag-cali","tag-colombia","tag-protestas"],"acf":[],"yoast_head":"<!-- This site is optimized with the Yoast SEO plugin v28.4 - https:\/\/yoast.com\/product\/yoast-seo-wordpress\/ -->\n<title>Colombia: Iglesia de Cali, frenar violencia, \u201c\u00a1Ni uno m\u00e1s!\u201d &#8211; Exaudi<\/title>\n<meta name=\"description\" content=\"La situaci\u00f3n de Cali, Colombia, sigue agrav\u00e1ndose y la Iglesia local llama a frenar la violencia en un comunicado titulado \u201cNi uno m\u00e1s\u201d.\" \/>\n<meta name=\"robots\" content=\"index, follow, max-snippet:-1, max-image-preview:large, max-video-preview:-1\" \/>\n<link rel=\"canonical\" href=\"https:\/\/exaudi.org\/es\/colombia-iglesia-de-cali-frenar-violencia-ni-uno-mas\/\" \/>\n<meta property=\"og:locale\" content=\"es_ES\" \/>\n<meta property=\"og:type\" content=\"article\" \/>\n<meta property=\"og:title\" content=\"Colombia: Iglesia de Cali, frenar violencia, \u201c\u00a1Ni uno m\u00e1s!\u201d &#8211; Exaudi\" \/>\n<meta property=\"og:description\" content=\"La situaci\u00f3n de Cali, Colombia, sigue agrav\u00e1ndose y la Iglesia local llama a frenar la violencia en un comunicado titulado \u201cNi uno m\u00e1s\u201d.\" \/>\n<meta property=\"og:url\" content=\"https:\/\/exaudi.org\/es\/colombia-iglesia-de-cali-frenar-violencia-ni-uno-mas\/\" \/>\n<meta property=\"og:site_name\" content=\"Exaudi\" \/>\n<meta property=\"article:publisher\" content=\"https:\/\/www.facebook.com\/ExaudiNews\" \/>\n<meta property=\"article:published_time\" content=\"2021-05-31T09:54:31+00:00\" \/>\n<meta property=\"article:modified_time\" content=\"2021-05-31T19:12:55+00:00\" \/>\n<meta property=\"og:image\" content=\"https:\/\/exaudi.org\/wp-content\/uploads\/2021\/05\/Protestas-en-Colombia-1.jpeg\" \/>\n\t<meta property=\"og:image:width\" content=\"1200\" \/>\n\t<meta property=\"og:image:height\" content=\"675\" \/>\n\t<meta property=\"og:image:type\" content=\"image\/jpeg\" \/>\n<meta name=\"author\" content=\"Larissa I. L\u00f3pez\" \/>\n<meta name=\"twitter:card\" content=\"summary_large_image\" \/>\n<meta name=\"twitter:creator\" content=\"@Exaudi_News\" \/>\n<meta name=\"twitter:site\" content=\"@Exaudi_News\" \/>\n<meta name=\"twitter:label1\" content=\"Escrito por\" \/>\n\t<meta name=\"twitter:data1\" content=\"Larissa I. L\u00f3pez\" \/>\n\t<meta name=\"twitter:label2\" content=\"Tiempo de lectura\" \/>\n\t<meta name=\"twitter:data2\" content=\"2 minutos\" \/>\n<script type=\"application\/ld+json\" class=\"yoast-schema-graph\">{\"@context\":\"https:\\\/\\\/schema.org\",\"@graph\":[{\"@type\":\"Article\",\"@id\":\"https:\\\/\\\/exaudi.org\\\/es\\\/colombia-iglesia-de-cali-frenar-violencia-ni-uno-mas\\\/#article\",\"isPartOf\":{\"@id\":\"https:\\\/\\\/exaudi.org\\\/es\\\/colombia-iglesia-de-cali-frenar-violencia-ni-uno-mas\\\/\"},\"author\":{\"name\":\"Larissa I. L\u00f3pez\",\"@id\":\"https:\\\/\\\/exaudi.org\\\/#\\\/schema\\\/person\\\/7d2f77db033c2c0929edfab6dbe8c588\"},\"headline\":\"Colombia: Iglesia de Cali, frenar violencia, \u201c\u00a1Ni uno m\u00e1s!\u201d\",\"datePublished\":\"2021-05-31T09:54:31+00:00\",\"dateModified\":\"2021-05-31T19:12:55+00:00\",\"mainEntityOfPage\":{\"@id\":\"https:\\\/\\\/exaudi.org\\\/es\\\/colombia-iglesia-de-cali-frenar-violencia-ni-uno-mas\\\/\"},\"wordCount\":278,\"image\":{\"@id\":\"https:\\\/\\\/exaudi.org\\\/es\\\/colombia-iglesia-de-cali-frenar-violencia-ni-uno-mas\\\/#primaryimage\"},\"thumbnailUrl\":\"https:\\\/\\\/i0.wp.com\\\/exaudi.org\\\/wp-content\\\/uploads\\\/2021\\\/05\\\/Protestas-en-Colombia-1.jpeg?fit=1200%2C675&ssl=1\",\"keywords\":[\"Arquidi\u00f3cesis de Cali\",\"Cali\",\"Colombia\",\"Protestas\"],\"articleSection\":[\"Iglesia Local\",\"Justicia y Paz\",\"\u00daltimas noticias\"],\"inLanguage\":\"es\"},{\"@type\":\"WebPage\",\"@id\":\"https:\\\/\\\/exaudi.org\\\/es\\\/colombia-iglesia-de-cali-frenar-violencia-ni-uno-mas\\\/\",\"url\":\"https:\\\/\\\/exaudi.org\\\/es\\\/colombia-iglesia-de-cali-frenar-violencia-ni-uno-mas\\\/\",\"name\":\"Colombia: Iglesia de Cali, frenar violencia, \u201c\u00a1Ni uno m\u00e1s!\u201d &#8211; Exaudi\",\"isPartOf\":{\"@id\":\"https:\\\/\\\/exaudi.org\\\/#website\"},\"primaryImageOfPage\":{\"@id\":\"https:\\\/\\\/exaudi.org\\\/es\\\/colombia-iglesia-de-cali-frenar-violencia-ni-uno-mas\\\/#primaryimage\"},\"image\":{\"@id\":\"https:\\\/\\\/exaudi.org\\\/es\\\/colombia-iglesia-de-cali-frenar-violencia-ni-uno-mas\\\/#primaryimage\"},\"thumbnailUrl\":\"https:\\\/\\\/i0.wp.com\\\/exaudi.org\\\/wp-content\\\/uploads\\\/2021\\\/05\\\/Protestas-en-Colombia-1.jpeg?fit=1200%2C675&ssl=1\",\"datePublished\":\"2021-05-31T09:54:31+00:00\",\"dateModified\":\"2021-05-31T19:12:55+00:00\",\"author\":{\"@id\":\"https:\\\/\\\/exaudi.org\\\/#\\\/schema\\\/person\\\/7d2f77db033c2c0929edfab6dbe8c588\"},\"description\":\"La situaci\u00f3n de Cali, Colombia, sigue agrav\u00e1ndose y la Iglesia local llama a frenar la violencia en un comunicado titulado \u201cNi uno m\u00e1s\u201d.\",\"breadcrumb\":{\"@id\":\"https:\\\/\\\/exaudi.org\\\/es\\\/colombia-iglesia-de-cali-frenar-violencia-ni-uno-mas\\\/#breadcrumb\"},\"inLanguage\":\"es\",\"potentialAction\":[{\"@type\":\"ReadAction\",\"target\":[\"https:\\\/\\\/exaudi.org\\\/es\\\/colombia-iglesia-de-cali-frenar-violencia-ni-uno-mas\\\/\"]}]},{\"@type\":\"ImageObject\",\"inLanguage\":\"es\",\"@id\":\"https:\\\/\\\/exaudi.org\\\/es\\\/colombia-iglesia-de-cali-frenar-violencia-ni-uno-mas\\\/#primaryimage\",\"url\":\"https:\\\/\\\/i0.wp.com\\\/exaudi.org\\\/wp-content\\\/uploads\\\/2021\\\/05\\\/Protestas-en-Colombia-1.jpeg?fit=1200%2C675&ssl=1\",\"contentUrl\":\"https:\\\/\\\/i0.wp.com\\\/exaudi.org\\\/wp-content\\\/uploads\\\/2021\\\/05\\\/Protestas-en-Colombia-1.jpeg?fit=1200%2C675&ssl=1\",\"width\":1200,\"height\":675,\"caption\":\"Protestas en Colombia \u00a9 CELAM\"},{\"@type\":\"BreadcrumbList\",\"@id\":\"https:\\\/\\\/exaudi.org\\\/es\\\/colombia-iglesia-de-cali-frenar-violencia-ni-uno-mas\\\/#breadcrumb\",\"itemListElement\":[{\"@type\":\"ListItem\",\"position\":1,\"name\":\"Portada\",\"item\":\"https:\\\/\\\/exaudi.org\\\/es\\\/\"},{\"@type\":\"ListItem\",\"position\":2,\"name\":\"Colombia: Iglesia de Cali, frenar violencia, \u201c\u00a1Ni uno m\u00e1s!\u201d\"}]},{\"@type\":\"WebSite\",\"@id\":\"https:\\\/\\\/exaudi.org\\\/#website\",\"url\":\"https:\\\/\\\/exaudi.org\\\/\",\"name\":\"Exaudi\",\"description\":\"News\",\"potentialAction\":[{\"@type\":\"SearchAction\",\"target\":{\"@type\":\"EntryPoint\",\"urlTemplate\":\"https:\\\/\\\/exaudi.org\\\/?s={search_term_string}\"},\"query-input\":{\"@type\":\"PropertyValueSpecification\",\"valueRequired\":true,\"valueName\":\"search_term_string\"}}],\"inLanguage\":\"es\"},{\"@type\":\"Person\",\"@id\":\"https:\\\/\\\/exaudi.org\\\/#\\\/schema\\\/person\\\/7d2f77db033c2c0929edfab6dbe8c588\",\"name\":\"Larissa I. L\u00f3pez\",\"image\":{\"@type\":\"ImageObject\",\"inLanguage\":\"es\",\"@id\":\"https:\\\/\\\/secure.gravatar.com\\\/avatar\\\/db3ef399ff343d0bb9d25dc5198bc8ece5ac6d621eca79876697a354dabc1e3f?s=96&d=mm&r=g\",\"url\":\"https:\\\/\\\/secure.gravatar.com\\\/avatar\\\/db3ef399ff343d0bb9d25dc5198bc8ece5ac6d621eca79876697a354dabc1e3f?s=96&d=mm&r=g\",\"contentUrl\":\"https:\\\/\\\/secure.gravatar.com\\\/avatar\\\/db3ef399ff343d0bb9d25dc5198bc8ece5ac6d621eca79876697a354dabc1e3f?s=96&d=mm&r=g\",\"caption\":\"Larissa I. L\u00f3pez\"},\"description\":\"Doctora en Comunicaci\u00f3n. Mi trayectoria profesional ha transcurrido entre el \u00e1mbito de la comunicaci\u00f3n y el de la docencia. En los \u00faltimos a\u00f1os, he trabajado como coordinadora y redactora de la edici\u00f3n de ZENIT en espa\u00f1ol. Como profesora, he impartido clases en la universidad y en centros de FP y bachillerato. Cordobesa de nacimiento, tambi\u00e9n he vivido en Sevilla, Madrid y Roma\",\"url\":\"https:\\\/\\\/exaudi.org\\\/es\\\/author\\\/llopezexaudi-org\\\/\"}]}<\/script>\n<!-- \/ Yoast SEO plugin. -->","yoast_head_json":{"title":"Colombia: Iglesia de Cali, frenar violencia, \u201c\u00a1Ni uno m\u00e1s!\u201d &#8211; Exaudi","description":"La situaci\u00f3n de Cali, Colombia, sigue agrav\u00e1ndose y la Iglesia local llama a frenar la violencia en un comunicado titulado \u201cNi uno m\u00e1s\u201d.","robots":{"index":"index","follow":"follow","max-snippet":"max-snippet:-1","max-image-preview":"max-image-preview:large","max-video-preview":"max-video-preview:-1"},"canonical":"https:\/\/exaudi.org\/es\/colombia-iglesia-de-cali-frenar-violencia-ni-uno-mas\/","og_locale":"es_ES","og_type":"article","og_title":"Colombia: Iglesia de Cali, frenar violencia, \u201c\u00a1Ni uno m\u00e1s!\u201d &#8211; Exaudi","og_description":"La situaci\u00f3n de Cali, Colombia, sigue agrav\u00e1ndose y la Iglesia local llama a frenar la violencia en un comunicado titulado \u201cNi uno m\u00e1s\u201d.","og_url":"https:\/\/exaudi.org\/es\/colombia-iglesia-de-cali-frenar-violencia-ni-uno-mas\/","og_site_name":"Exaudi","article_publisher":"https:\/\/www.facebook.com\/ExaudiNews","article_published_time":"2021-05-31T09:54:31+00:00","article_modified_time":"2021-05-31T19:12:55+00:00","og_image":[{"width":1200,"height":675,"url":"https:\/\/exaudi.org\/wp-content\/uploads\/2021\/05\/Protestas-en-Colombia-1.jpeg","type":"image\/jpeg"}],"author":"Larissa I. L\u00f3pez","twitter_card":"summary_large_image","twitter_creator":"@Exaudi_News","twitter_site":"@Exaudi_News","twitter_misc":{"Escrito por":"Larissa I. L\u00f3pez","Tiempo de lectura":"2 minutos"},"schema":{"@context":"https:\/\/schema.org","@graph":[{"@type":"Article","@id":"https:\/\/exaudi.org\/es\/colombia-iglesia-de-cali-frenar-violencia-ni-uno-mas\/#article","isPartOf":{"@id":"https:\/\/exaudi.org\/es\/colombia-iglesia-de-cali-frenar-violencia-ni-uno-mas\/"},"author":{"name":"Larissa I. L\u00f3pez","@id":"https:\/\/exaudi.org\/#\/schema\/person\/7d2f77db033c2c0929edfab6dbe8c588"},"headline":"Colombia: Iglesia de Cali, frenar violencia, \u201c\u00a1Ni uno m\u00e1s!\u201d","datePublished":"2021-05-31T09:54:31+00:00","dateModified":"2021-05-31T19:12:55+00:00","mainEntityOfPage":{"@id":"https:\/\/exaudi.org\/es\/colombia-iglesia-de-cali-frenar-violencia-ni-uno-mas\/"},"wordCount":278,"image":{"@id":"https:\/\/exaudi.org\/es\/colombia-iglesia-de-cali-frenar-violencia-ni-uno-mas\/#primaryimage"},"thumbnailUrl":"https:\/\/i0.wp.com\/exaudi.org\/wp-content\/uploads\/2021\/05\/Protestas-en-Colombia-1.jpeg?fit=1200%2C675&ssl=1","keywords":["Arquidi\u00f3cesis de Cali","Cali","Colombia","Protestas"],"articleSection":["Iglesia Local","Justicia y Paz","\u00daltimas noticias"],"inLanguage":"es"},{"@type":"WebPage","@id":"https:\/\/exaudi.org\/es\/colombia-iglesia-de-cali-frenar-violencia-ni-uno-mas\/","url":"https:\/\/exaudi.org\/es\/colombia-iglesia-de-cali-frenar-violencia-ni-uno-mas\/","name":"Colombia: Iglesia de Cali, frenar violencia, \u201c\u00a1Ni uno m\u00e1s!\u201d &#8211; Exaudi","isPartOf":{"@id":"https:\/\/exaudi.org\/#website"},"primaryImageOfPage":{"@id":"https:\/\/exaudi.org\/es\/colombia-iglesia-de-cali-frenar-violencia-ni-uno-mas\/#primaryimage"},"image":{"@id":"https:\/\/exaudi.org\/es\/colombia-iglesia-de-cali-frenar-violencia-ni-uno-mas\/#primaryimage"},"thumbnailUrl":"https:\/\/i0.wp.com\/exaudi.org\/wp-content\/uploads\/2021\/05\/Protestas-en-Colombia-1.jpeg?fit=1200%2C675&ssl=1","datePublished":"2021-05-31T09:54:31+00:00","dateModified":"2021-05-31T19:12:55+00:00","author":{"@id":"https:\/\/exaudi.org\/#\/schema\/person\/7d2f77db033c2c0929edfab6dbe8c588"},"description":"La situaci\u00f3n de Cali, Colombia, sigue agrav\u00e1ndose y la Iglesia local llama a frenar la violencia en un comunicado titulado \u201cNi uno m\u00e1s\u201d.","breadcrumb":{"@id":"https:\/\/exaudi.org\/es\/colombia-iglesia-de-cali-frenar-violencia-ni-uno-mas\/#breadcrumb"},"inLanguage":"es","potentialAction":[{"@type":"ReadAction","target":["https:\/\/exaudi.org\/es\/colombia-iglesia-de-cali-frenar-violencia-ni-uno-mas\/"]}]},{"@type":"ImageObject","inLanguage":"es","@id":"https:\/\/exaudi.org\/es\/colombia-iglesia-de-cali-frenar-violencia-ni-uno-mas\/#primaryimage","url":"https:\/\/i0.wp.com\/exaudi.org\/wp-content\/uploads\/2021\/05\/Protestas-en-Colombia-1.jpeg?fit=1200%2C675&ssl=1","contentUrl":"https:\/\/i0.wp.com\/exaudi.org\/wp-content\/uploads\/2021\/05\/Protestas-en-Colombia-1.jpeg?fit=1200%2C675&ssl=1","width":1200,"height":675,"caption":"Protestas en Colombia \u00a9 CELAM"},{"@type":"BreadcrumbList","@id":"https:\/\/exaudi.org\/es\/colombia-iglesia-de-cali-frenar-violencia-ni-uno-mas\/#breadcrumb","itemListElement":[{"@type":"ListItem","position":1,"name":"Portada","item":"https:\/\/exaudi.org\/es\/"},{"@type":"ListItem","position":2,"name":"Colombia: Iglesia de Cali, frenar violencia, \u201c\u00a1Ni uno m\u00e1s!\u201d"}]},{"@type":"WebSite","@id":"https:\/\/exaudi.org\/#website","url":"https:\/\/exaudi.org\/","name":"Exaudi","description":"News","potentialAction":[{"@type":"SearchAction","target":{"@type":"EntryPoint","urlTemplate":"https:\/\/exaudi.org\/?s={search_term_string}"},"query-input":{"@type":"PropertyValueSpecification","valueRequired":true,"valueName":"search_term_string"}}],"inLanguage":"es"},{"@type":"Person","@id":"https:\/\/exaudi.org\/#\/schema\/person\/7d2f77db033c2c0929edfab6dbe8c588","name":"Larissa I. L\u00f3pez","image":{"@type":"ImageObject","inLanguage":"es","@id":"https:\/\/secure.gravatar.com\/avatar\/db3ef399ff343d0bb9d25dc5198bc8ece5ac6d621eca79876697a354dabc1e3f?s=96&d=mm&r=g","url":"https:\/\/secure.gravatar.com\/avatar\/db3ef399ff343d0bb9d25dc5198bc8ece5ac6d621eca79876697a354dabc1e3f?s=96&d=mm&r=g","contentUrl":"https:\/\/secure.gravatar.com\/avatar\/db3ef399ff343d0bb9d25dc5198bc8ece5ac6d621eca79876697a354dabc1e3f?s=96&d=mm&r=g","caption":"Larissa I. L\u00f3pez"},"description":"Doctora en Comunicaci\u00f3n. Mi trayectoria profesional ha transcurrido entre el \u00e1mbito de la comunicaci\u00f3n y el de la docencia. En los \u00faltimos a\u00f1os, he trabajado como coordinadora y redactora de la edici\u00f3n de ZENIT en espa\u00f1ol. Como profesora, he impartido clases en la universidad y en centros de FP y bachillerato. Cordobesa de nacimiento, tambi\u00e9n he vivido en Sevilla, Madrid y Roma","url":"https:\/\/exaudi.org\/es\/author\/llopezexaudi-org\/"}]}},"jetpack_shortlink":"https:\/\/wp.me\/pgKjF2-5ab","jetpack_featured_media_url":"https:\/\/i0.wp.com\/exaudi.org\/wp-content\/uploads\/2021\/05\/Protestas-en-Colombia-1.jpeg?fit=1200%2C675&ssl=1","_links":{"self":[{"href":"https:\/\/exaudi.org\/es\/wp-json\/wp\/v2\/posts\/19851","targetHints":{"allow":["GET"]}}],"collection":[{"href":"https:\/\/exaudi.org\/es\/wp-json\/wp\/v2\/posts"}],"about":[{"href":"https:\/\/exaudi.org\/es\/wp-json\/wp\/v2\/types\/post"}],"author":[{"embeddable":true,"href":"https:\/\/exaudi.org\/es\/wp-json\/wp\/v2\/users\/5"}],"replies":[{"embeddable":true,"href":"https:\/\/exaudi.org\/es\/wp-json\/wp\/v2\/comments?post=19851"}],"version-history":[{"count":0,"href":"https:\/\/exaudi.org\/es\/wp-json\/wp\/v2\/posts\/19851\/revisions"}],"wp:featuredmedia":[{"embeddable":true,"href":"https:\/\/exaudi.org\/es\/wp-json\/wp\/v2\/media\/19852"}],"wp:attachment":[{"href":"https:\/\/exaudi.org\/es\/wp-json\/wp\/v2\/media?parent=19851"}],"wp:term":[{"taxonomy":"category","embeddable":true,"href":"https:\/\/exaudi.org\/es\/wp-json\/wp\/v2\/categories?post=19851"},{"taxonomy":"post_tag","embeddable":true,"href":"https:\/\/exaudi.org\/es\/wp-json\/wp\/v2\/tags?post=19851"}],"curies":[{"name":"wp","href":"https:\/\/api.w.org\/{rel}","templated":true}]}}