{"id":19845,"date":"2021-05-31T12:20:20","date_gmt":"2021-05-31T10:20:20","guid":{"rendered":"https:\/\/exaudi.org\/?p=19845"},"modified":"2021-05-31T21:14:19","modified_gmt":"2021-05-31T19:14:19","slug":"finaliza-vacunacion-pobres-vaticano-2021","status":"publish","type":"post","link":"https:\/\/exaudi.org\/es\/finaliza-vacunacion-pobres-vaticano-2021\/","title":{"rendered":"Finaliza la vacunaci\u00f3n de los m\u00e1s pobres del Vaticano"},"content":{"rendered":"<p>Con la segunda dosis anti-COVID que se administr\u00f3 el pasado s\u00e1bado, 29 de mayo de 2021, en el Aula Pablo VI del Vaticano, finaliza la vacunaci\u00f3n de los m\u00e1s necesitados y vulnerables, destinatarios de la <a href=\"https:\/\/exaudi.org\/es\/la-limosneria-apostolica-destina-1-200-vacunas-a-los-mas-pobres\/\" target=\"_blank\" rel=\"noopener noreferrer\">iniciativa del Papa Francisco<\/a> de asistir a los pobres frente a la pandemia. Ahora, la Limosner\u00eda Apost\u00f3lica del Papa trata de buscar la manera de ayudar con las vacunas en los pa\u00edses m\u00e1s necesitados del mundo.<\/p>\n<p>Seg\u00fan inform\u00f3 Vatican News, desde el pasado mes de enero, un total de 1.800 personas sin hogar han recibido la vacuna, y los fondos recaudados se entregar\u00e1n a las nunciaturas de \u00c1frica y Asia. Ya se han donado 350.000 euros a Siria. Al respecto, el cardenal\u00a0Konrad Krajewski, lismonero de Su Santidad, declaro que \u201cfue un momento de gracia\u201d y volver\u00e1n a empezar lo m\u00e1s pronto posible, cuando las dosis sean de libre comercio.<\/p>\n<p>Explicando el proceso de vacunaci\u00f3n, el purpurado expres\u00f3 que se ha dado servicio a \u201cpersonas de la calle, de las distintas residencias, los que no tienen derecho a ser vacunados en Italia\u201d. Asimismo, asegur\u00f3 que han terminado de esta manera \u201ceste momento de gracia para estos &#8216;invisibles&#8217; de la ciudad, que en realidad son bastante visibles\u201d.<\/p>\n<h4><strong>Apoyo a los pa\u00edses m\u00e1s pobres<\/strong><\/h4>\n<p>El medio vaticano se\u00f1ala c\u00f3mo, dado que actualmente solo los Estados pueden comprar vacunas, la Limosner\u00eda Apost\u00f3lica est\u00e1 emprendiendo negociaciones diplom\u00e1ticas con el fin de ayudar a los pa\u00edses m\u00e1s necesitados en los que urge la aplicaci\u00f3n de la dosis, especialmente los de \u00c1frica y Asia.<\/p>\n<p>\u201cEl dinero recaudado a trav\u00e9s de la &#8216;vacuna en espera&#8217;, donativo que se puede hacer en la p\u00e1gina web de la Limosner\u00eda, las ofrendas de muchas personas al Santo Padre y la contribuci\u00f3n de hospitales como el Instituto Spallanzani de Roma, se enviar\u00e1 a los nuncios apost\u00f3licos, que comprar\u00e1n las dosis\u201d, apunt\u00f3 Krajewski.<\/p>\n<p>El cardenal polaco reiter\u00f3 que \u201cson pa\u00edses como Madagascar, Venezuela y Ecuador e India\u201d los destinatarios de las donaciones. De este dinero, aclara, \u201csolo podr\u00edamos utilizar una parte porque la vacuna no se puede comprar en el mercado, y por eso empezaremos a enviar dinero a estos pa\u00edses, especialmente en \u00c1frica, donde los nuncios pueden comprarla\u201d.<\/p>\n<div class=\"article__text \">\n<p>La accesibilidad universal a las vacunas ha sido reiterada en varias ocasiones por Francisco, preocupado por la \u201cbrecha de dosis\u201d entre los pa\u00edses m\u00e1s ricos y el resto del mundo. Desde el comienzo de la pandemia, el Pont\u00edfice ha tratado de ayudar, a trav\u00e9s de la <a href=\"https:\/\/www.elemosineria.va\/?lang=es\" target=\"_blank\" rel=\"noopener noreferrer\">Limosner\u00eda Apost\u00f3lica<\/a>, a las personas que se encuentran marginadas del sistema, ofreci\u00e9ndoles atenci\u00f3n atendidos en las instalaciones cercanas al Vaticano, como el ambulatorio del p\u00f3rtico de la Plaza de San Pedro o mediante la <a href=\"https:\/\/exaudi.org\/es\/colombia-papa-dona-material-medico-enfermos-covid-2021\/\" target=\"_blank\" rel=\"noopener noreferrer\">donaci\u00f3n de material m\u00e9dico<\/a> y respiratorio a los pa\u00edses m\u00e1s pobres.<\/p>\n<\/div>\n","protected":false},"excerpt":{"rendered":"<p>Ahora se pretende ayudar a los pa\u00edses m\u00e1s necesitados<\/p>\n","protected":false},"author":6,"featured_media":19859,"comment_status":"closed","ping_status":"closed","sticky":false,"template":"","format":"standard","meta":{"_acf_changed":false,"_crdt_document":"","inline_featured_image":false,"footnotes":""},"categories":[146,2158,298],"tags":[1886,2587,1248,158],"class_list":["post-19845","post","type-post","status-publish","format-standard","has-post-thumbnail","hentry","category-ciudad-del-vaticano","category-top-ultimas-noticias","category-ultimas-noticias","tag-campana-de-vacunacion","tag-cardenal-konrad-krajewski","tag-limosneria-apostolica","tag-papa-francisco"],"acf":[],"yoast_head":"<!-- This site is optimized with the Yoast SEO plugin v27.5 - https:\/\/yoast.com\/product\/yoast-seo-wordpress\/ -->\n<title>Finaliza la vacunaci\u00f3n de los m\u00e1s pobres del Vaticano - Exaudi<\/title>\n<meta name=\"description\" content=\"Con la aplicaci\u00f3n de la segunda dosis el pasado s\u00e1bado, ha finalizado la campa\u00f1a de vacunaci\u00f3n de los m\u00e1s pobres y necesitados del Vaticano.\" \/>\n<meta name=\"robots\" content=\"index, follow, max-snippet:-1, max-image-preview:large, max-video-preview:-1\" \/>\n<link rel=\"canonical\" href=\"https:\/\/exaudi.org\/es\/finaliza-vacunacion-pobres-vaticano-2021\/\" \/>\n<meta property=\"og:locale\" content=\"es_ES\" \/>\n<meta property=\"og:type\" content=\"article\" \/>\n<meta property=\"og:title\" content=\"Finaliza la vacunaci\u00f3n de los m\u00e1s pobres del Vaticano - Exaudi\" \/>\n<meta property=\"og:description\" content=\"Con la aplicaci\u00f3n de la segunda dosis el pasado s\u00e1bado, ha finalizado la campa\u00f1a de vacunaci\u00f3n de los m\u00e1s pobres y necesitados del Vaticano.\" \/>\n<meta property=\"og:url\" content=\"https:\/\/exaudi.org\/es\/finaliza-vacunacion-pobres-vaticano-2021\/\" \/>\n<meta property=\"og:site_name\" content=\"Exaudi\" \/>\n<meta property=\"article:publisher\" content=\"https:\/\/www.facebook.com\/ExaudiNews\" \/>\n<meta property=\"article:published_time\" content=\"2021-05-31T10:20:20+00:00\" \/>\n<meta property=\"article:modified_time\" content=\"2021-05-31T19:14:19+00:00\" \/>\n<meta property=\"og:image\" content=\"https:\/\/exaudi.org\/wp-content\/uploads\/2021\/05\/v123132.jpeg\" \/>\n\t<meta property=\"og:image:width\" content=\"1432\" \/>\n\t<meta property=\"og:image:height\" content=\"805\" \/>\n\t<meta property=\"og:image:type\" content=\"image\/jpeg\" \/>\n<meta name=\"author\" content=\"Gabriel Sales\" \/>\n<meta name=\"twitter:card\" content=\"summary_large_image\" \/>\n<meta name=\"twitter:creator\" content=\"@habemusman\" \/>\n<meta name=\"twitter:site\" content=\"@Exaudi_News\" \/>\n<meta name=\"twitter:label1\" content=\"Escrito por\" \/>\n\t<meta name=\"twitter:data1\" content=\"Gabriel Sales\" \/>\n\t<meta name=\"twitter:label2\" content=\"Tiempo de lectura\" \/>\n\t<meta name=\"twitter:data2\" content=\"2 minutos\" \/>\n<script type=\"application\/ld+json\" class=\"yoast-schema-graph\">{\"@context\":\"https:\\\/\\\/schema.org\",\"@graph\":[{\"@type\":\"Article\",\"@id\":\"https:\\\/\\\/exaudi.org\\\/es\\\/finaliza-vacunacion-pobres-vaticano-2021\\\/#article\",\"isPartOf\":{\"@id\":\"https:\\\/\\\/exaudi.org\\\/es\\\/finaliza-vacunacion-pobres-vaticano-2021\\\/\"},\"author\":{\"name\":\"Gabriel Sales\",\"@id\":\"https:\\\/\\\/exaudi.org\\\/#\\\/schema\\\/person\\\/d134b96438278131ce90c90c03fda6cd\"},\"headline\":\"Finaliza la vacunaci\u00f3n de los m\u00e1s pobres del Vaticano\",\"datePublished\":\"2021-05-31T10:20:20+00:00\",\"dateModified\":\"2021-05-31T19:14:19+00:00\",\"mainEntityOfPage\":{\"@id\":\"https:\\\/\\\/exaudi.org\\\/es\\\/finaliza-vacunacion-pobres-vaticano-2021\\\/\"},\"wordCount\":504,\"image\":{\"@id\":\"https:\\\/\\\/exaudi.org\\\/es\\\/finaliza-vacunacion-pobres-vaticano-2021\\\/#primaryimage\"},\"thumbnailUrl\":\"https:\\\/\\\/exaudi.org\\\/wp-content\\\/uploads\\\/2021\\\/05\\\/v123132.jpeg\",\"keywords\":[\"Campa\u00f1a de vacunaci\u00f3n\",\"Cardenal Konrad Krajewski\",\"Limosner\u00eda Apost\u00f3lica\",\"papa francisco\"],\"articleSection\":[\"Ciudad del Vaticano\",\"Top Ultimas Noticias\",\"\u00daltimas noticias\"],\"inLanguage\":\"es\"},{\"@type\":\"WebPage\",\"@id\":\"https:\\\/\\\/exaudi.org\\\/es\\\/finaliza-vacunacion-pobres-vaticano-2021\\\/\",\"url\":\"https:\\\/\\\/exaudi.org\\\/es\\\/finaliza-vacunacion-pobres-vaticano-2021\\\/\",\"name\":\"Finaliza la vacunaci\u00f3n de los m\u00e1s pobres del Vaticano - Exaudi\",\"isPartOf\":{\"@id\":\"https:\\\/\\\/exaudi.org\\\/#website\"},\"primaryImageOfPage\":{\"@id\":\"https:\\\/\\\/exaudi.org\\\/es\\\/finaliza-vacunacion-pobres-vaticano-2021\\\/#primaryimage\"},\"image\":{\"@id\":\"https:\\\/\\\/exaudi.org\\\/es\\\/finaliza-vacunacion-pobres-vaticano-2021\\\/#primaryimage\"},\"thumbnailUrl\":\"https:\\\/\\\/exaudi.org\\\/wp-content\\\/uploads\\\/2021\\\/05\\\/v123132.jpeg\",\"datePublished\":\"2021-05-31T10:20:20+00:00\",\"dateModified\":\"2021-05-31T19:14:19+00:00\",\"author\":{\"@id\":\"https:\\\/\\\/exaudi.org\\\/#\\\/schema\\\/person\\\/d134b96438278131ce90c90c03fda6cd\"},\"description\":\"Con la aplicaci\u00f3n de la segunda dosis el pasado s\u00e1bado, ha finalizado la campa\u00f1a de vacunaci\u00f3n de los m\u00e1s pobres y necesitados del Vaticano.\",\"breadcrumb\":{\"@id\":\"https:\\\/\\\/exaudi.org\\\/es\\\/finaliza-vacunacion-pobres-vaticano-2021\\\/#breadcrumb\"},\"inLanguage\":\"es\",\"potentialAction\":[{\"@type\":\"ReadAction\",\"target\":[\"https:\\\/\\\/exaudi.org\\\/es\\\/finaliza-vacunacion-pobres-vaticano-2021\\\/\"]}]},{\"@type\":\"ImageObject\",\"inLanguage\":\"es\",\"@id\":\"https:\\\/\\\/exaudi.org\\\/es\\\/finaliza-vacunacion-pobres-vaticano-2021\\\/#primaryimage\",\"url\":\"https:\\\/\\\/exaudi.org\\\/wp-content\\\/uploads\\\/2021\\\/05\\\/v123132.jpeg\",\"contentUrl\":\"https:\\\/\\\/exaudi.org\\\/wp-content\\\/uploads\\\/2021\\\/05\\\/v123132.jpeg\",\"width\":1432,\"height\":805,\"caption\":\"Personas sin hogar recibiendo la vacuna \u00a9 Vatican Media\"},{\"@type\":\"BreadcrumbList\",\"@id\":\"https:\\\/\\\/exaudi.org\\\/es\\\/finaliza-vacunacion-pobres-vaticano-2021\\\/#breadcrumb\",\"itemListElement\":[{\"@type\":\"ListItem\",\"position\":1,\"name\":\"Portada\",\"item\":\"https:\\\/\\\/exaudi.org\\\/es\\\/\"},{\"@type\":\"ListItem\",\"position\":2,\"name\":\"Finaliza la vacunaci\u00f3n de los m\u00e1s pobres del Vaticano\"}]},{\"@type\":\"WebSite\",\"@id\":\"https:\\\/\\\/exaudi.org\\\/#website\",\"url\":\"https:\\\/\\\/exaudi.org\\\/\",\"name\":\"Exaudi\",\"description\":\"News\",\"potentialAction\":[{\"@type\":\"SearchAction\",\"target\":{\"@type\":\"EntryPoint\",\"urlTemplate\":\"https:\\\/\\\/exaudi.org\\\/?s={search_term_string}\"},\"query-input\":{\"@type\":\"PropertyValueSpecification\",\"valueRequired\":true,\"valueName\":\"search_term_string\"}}],\"inLanguage\":\"es\"},{\"@type\":\"Person\",\"@id\":\"https:\\\/\\\/exaudi.org\\\/#\\\/schema\\\/person\\\/d134b96438278131ce90c90c03fda6cd\",\"name\":\"Gabriel Sales\",\"image\":{\"@type\":\"ImageObject\",\"inLanguage\":\"es\",\"@id\":\"https:\\\/\\\/secure.gravatar.com\\\/avatar\\\/9b1269566f6a063ed26ffb3532b66a373cdde231ce5d0effb266167437fdaffd?s=96&d=mm&r=g\",\"url\":\"https:\\\/\\\/secure.gravatar.com\\\/avatar\\\/9b1269566f6a063ed26ffb3532b66a373cdde231ce5d0effb266167437fdaffd?s=96&d=mm&r=g\",\"contentUrl\":\"https:\\\/\\\/secure.gravatar.com\\\/avatar\\\/9b1269566f6a063ed26ffb3532b66a373cdde231ce5d0effb266167437fdaffd?s=96&d=mm&r=g\",\"caption\":\"Gabriel Sales\"},\"description\":\"Periodista y especialista en Comunicaci\u00f3n y Branding digital. Cin\u00e9filo y cr\u00edtico de cine y series de televisi\u00f3n.\",\"sameAs\":[\"https:\\\/\\\/www.instagram.com\\\/cine90segundos\\\/\",\"www.linkedin.com\\\/in\\\/habemusman\",\"https:\\\/\\\/x.com\\\/habemusman\",\"https:\\\/\\\/www.youtube.com\\\/channel\\\/UCVfCiOMkJ_C7T7OpyjuaLDg\"],\"url\":\"https:\\\/\\\/exaudi.org\\\/es\\\/author\\\/gsalesexaudi-org\\\/\"}]}<\/script>\n<!-- \/ Yoast SEO plugin. -->","yoast_head_json":{"title":"Finaliza la vacunaci\u00f3n de los m\u00e1s pobres del Vaticano - Exaudi","description":"Con la aplicaci\u00f3n de la segunda dosis el pasado s\u00e1bado, ha finalizado la campa\u00f1a de vacunaci\u00f3n de los m\u00e1s pobres y necesitados del Vaticano.","robots":{"index":"index","follow":"follow","max-snippet":"max-snippet:-1","max-image-preview":"max-image-preview:large","max-video-preview":"max-video-preview:-1"},"canonical":"https:\/\/exaudi.org\/es\/finaliza-vacunacion-pobres-vaticano-2021\/","og_locale":"es_ES","og_type":"article","og_title":"Finaliza la vacunaci\u00f3n de los m\u00e1s pobres del Vaticano - Exaudi","og_description":"Con la aplicaci\u00f3n de la segunda dosis el pasado s\u00e1bado, ha finalizado la campa\u00f1a de vacunaci\u00f3n de los m\u00e1s pobres y necesitados del Vaticano.","og_url":"https:\/\/exaudi.org\/es\/finaliza-vacunacion-pobres-vaticano-2021\/","og_site_name":"Exaudi","article_publisher":"https:\/\/www.facebook.com\/ExaudiNews","article_published_time":"2021-05-31T10:20:20+00:00","article_modified_time":"2021-05-31T19:14:19+00:00","og_image":[{"width":1432,"height":805,"url":"https:\/\/exaudi.org\/wp-content\/uploads\/2021\/05\/v123132.jpeg","type":"image\/jpeg"}],"author":"Gabriel Sales","twitter_card":"summary_large_image","twitter_creator":"@habemusman","twitter_site":"@Exaudi_News","twitter_misc":{"Escrito por":"Gabriel Sales","Tiempo de lectura":"2 minutos"},"schema":{"@context":"https:\/\/schema.org","@graph":[{"@type":"Article","@id":"https:\/\/exaudi.org\/es\/finaliza-vacunacion-pobres-vaticano-2021\/#article","isPartOf":{"@id":"https:\/\/exaudi.org\/es\/finaliza-vacunacion-pobres-vaticano-2021\/"},"author":{"name":"Gabriel Sales","@id":"https:\/\/exaudi.org\/#\/schema\/person\/d134b96438278131ce90c90c03fda6cd"},"headline":"Finaliza la vacunaci\u00f3n de los m\u00e1s pobres del Vaticano","datePublished":"2021-05-31T10:20:20+00:00","dateModified":"2021-05-31T19:14:19+00:00","mainEntityOfPage":{"@id":"https:\/\/exaudi.org\/es\/finaliza-vacunacion-pobres-vaticano-2021\/"},"wordCount":504,"image":{"@id":"https:\/\/exaudi.org\/es\/finaliza-vacunacion-pobres-vaticano-2021\/#primaryimage"},"thumbnailUrl":"https:\/\/exaudi.org\/wp-content\/uploads\/2021\/05\/v123132.jpeg","keywords":["Campa\u00f1a de vacunaci\u00f3n","Cardenal Konrad Krajewski","Limosner\u00eda Apost\u00f3lica","papa francisco"],"articleSection":["Ciudad del Vaticano","Top Ultimas Noticias","\u00daltimas noticias"],"inLanguage":"es"},{"@type":"WebPage","@id":"https:\/\/exaudi.org\/es\/finaliza-vacunacion-pobres-vaticano-2021\/","url":"https:\/\/exaudi.org\/es\/finaliza-vacunacion-pobres-vaticano-2021\/","name":"Finaliza la vacunaci\u00f3n de los m\u00e1s pobres del Vaticano - Exaudi","isPartOf":{"@id":"https:\/\/exaudi.org\/#website"},"primaryImageOfPage":{"@id":"https:\/\/exaudi.org\/es\/finaliza-vacunacion-pobres-vaticano-2021\/#primaryimage"},"image":{"@id":"https:\/\/exaudi.org\/es\/finaliza-vacunacion-pobres-vaticano-2021\/#primaryimage"},"thumbnailUrl":"https:\/\/exaudi.org\/wp-content\/uploads\/2021\/05\/v123132.jpeg","datePublished":"2021-05-31T10:20:20+00:00","dateModified":"2021-05-31T19:14:19+00:00","author":{"@id":"https:\/\/exaudi.org\/#\/schema\/person\/d134b96438278131ce90c90c03fda6cd"},"description":"Con la aplicaci\u00f3n de la segunda dosis el pasado s\u00e1bado, ha finalizado la campa\u00f1a de vacunaci\u00f3n de los m\u00e1s pobres y necesitados del Vaticano.","breadcrumb":{"@id":"https:\/\/exaudi.org\/es\/finaliza-vacunacion-pobres-vaticano-2021\/#breadcrumb"},"inLanguage":"es","potentialAction":[{"@type":"ReadAction","target":["https:\/\/exaudi.org\/es\/finaliza-vacunacion-pobres-vaticano-2021\/"]}]},{"@type":"ImageObject","inLanguage":"es","@id":"https:\/\/exaudi.org\/es\/finaliza-vacunacion-pobres-vaticano-2021\/#primaryimage","url":"https:\/\/exaudi.org\/wp-content\/uploads\/2021\/05\/v123132.jpeg","contentUrl":"https:\/\/exaudi.org\/wp-content\/uploads\/2021\/05\/v123132.jpeg","width":1432,"height":805,"caption":"Personas sin hogar recibiendo la vacuna \u00a9 Vatican Media"},{"@type":"BreadcrumbList","@id":"https:\/\/exaudi.org\/es\/finaliza-vacunacion-pobres-vaticano-2021\/#breadcrumb","itemListElement":[{"@type":"ListItem","position":1,"name":"Portada","item":"https:\/\/exaudi.org\/es\/"},{"@type":"ListItem","position":2,"name":"Finaliza la vacunaci\u00f3n de los m\u00e1s pobres del Vaticano"}]},{"@type":"WebSite","@id":"https:\/\/exaudi.org\/#website","url":"https:\/\/exaudi.org\/","name":"Exaudi","description":"News","potentialAction":[{"@type":"SearchAction","target":{"@type":"EntryPoint","urlTemplate":"https:\/\/exaudi.org\/?s={search_term_string}"},"query-input":{"@type":"PropertyValueSpecification","valueRequired":true,"valueName":"search_term_string"}}],"inLanguage":"es"},{"@type":"Person","@id":"https:\/\/exaudi.org\/#\/schema\/person\/d134b96438278131ce90c90c03fda6cd","name":"Gabriel Sales","image":{"@type":"ImageObject","inLanguage":"es","@id":"https:\/\/secure.gravatar.com\/avatar\/9b1269566f6a063ed26ffb3532b66a373cdde231ce5d0effb266167437fdaffd?s=96&d=mm&r=g","url":"https:\/\/secure.gravatar.com\/avatar\/9b1269566f6a063ed26ffb3532b66a373cdde231ce5d0effb266167437fdaffd?s=96&d=mm&r=g","contentUrl":"https:\/\/secure.gravatar.com\/avatar\/9b1269566f6a063ed26ffb3532b66a373cdde231ce5d0effb266167437fdaffd?s=96&d=mm&r=g","caption":"Gabriel Sales"},"description":"Periodista y especialista en Comunicaci\u00f3n y Branding digital. Cin\u00e9filo y cr\u00edtico de cine y series de televisi\u00f3n.","sameAs":["https:\/\/www.instagram.com\/cine90segundos\/","www.linkedin.com\/in\/habemusman","https:\/\/x.com\/habemusman","https:\/\/www.youtube.com\/channel\/UCVfCiOMkJ_C7T7OpyjuaLDg"],"url":"https:\/\/exaudi.org\/es\/author\/gsalesexaudi-org\/"}]}},"jetpack_featured_media_url":"https:\/\/exaudi.org\/wp-content\/uploads\/2021\/05\/v123132.jpeg","jetpack_shortlink":"https:\/\/wp.me\/pgKjF2-5a5","_links":{"self":[{"href":"https:\/\/exaudi.org\/es\/wp-json\/wp\/v2\/posts\/19845","targetHints":{"allow":["GET"]}}],"collection":[{"href":"https:\/\/exaudi.org\/es\/wp-json\/wp\/v2\/posts"}],"about":[{"href":"https:\/\/exaudi.org\/es\/wp-json\/wp\/v2\/types\/post"}],"author":[{"embeddable":true,"href":"https:\/\/exaudi.org\/es\/wp-json\/wp\/v2\/users\/6"}],"replies":[{"embeddable":true,"href":"https:\/\/exaudi.org\/es\/wp-json\/wp\/v2\/comments?post=19845"}],"version-history":[{"count":0,"href":"https:\/\/exaudi.org\/es\/wp-json\/wp\/v2\/posts\/19845\/revisions"}],"wp:featuredmedia":[{"embeddable":true,"href":"https:\/\/exaudi.org\/es\/wp-json\/wp\/v2\/media\/19859"}],"wp:attachment":[{"href":"https:\/\/exaudi.org\/es\/wp-json\/wp\/v2\/media?parent=19845"}],"wp:term":[{"taxonomy":"category","embeddable":true,"href":"https:\/\/exaudi.org\/es\/wp-json\/wp\/v2\/categories?post=19845"},{"taxonomy":"post_tag","embeddable":true,"href":"https:\/\/exaudi.org\/es\/wp-json\/wp\/v2\/tags?post=19845"}],"curies":[{"name":"wp","href":"https:\/\/api.w.org\/{rel}","templated":true}]}}