{"id":19497,"date":"2021-05-28T11:27:07","date_gmt":"2021-05-28T09:27:07","guid":{"rendered":"https:\/\/exaudi.org\/?p=19497"},"modified":"2021-05-29T09:09:44","modified_gmt":"2021-05-29T07:09:44","slug":"uruguay-iglesia-prepara-el-mes-vocacional-junio-2021","status":"publish","type":"post","link":"https:\/\/exaudi.org\/es\/uruguay-iglesia-prepara-el-mes-vocacional-junio-2021\/","title":{"rendered":"Uruguay: Iglesia prepara el Mes Vocacional, junio 2021"},"content":{"rendered":"<p>Bajo el lema \u201cDios tuvo un sue\u00f1o para San Jos\u00e9\u2026le has preguntado \u00bfqu\u00e9 sue\u00f1o tiene para ti?\u201d,<em>\u00a0<\/em>la Iglesia de Uruguay celebra en junio de este a\u00f1o 2021 el Mes Vocacional.<\/p>\n<p><img loading=\"lazy\" decoding=\"async\" class=\"size-medium wp-image-19504 alignleft\" src=\"https:\/\/exaudi.org\/wp-content\/uploads\/2021\/05\/Mes-Vocacional-Uruguay-2021-212x300.jpg\" alt=\"\" width=\"212\" height=\"300\" srcset=\"https:\/\/exaudi.org\/wp-content\/uploads\/2021\/05\/Mes-Vocacional-Uruguay-2021-212x300.jpg 212w, https:\/\/exaudi.org\/wp-content\/uploads\/2021\/05\/Mes-Vocacional-Uruguay-2021-150x212.jpg 150w, https:\/\/exaudi.org\/wp-content\/uploads\/2021\/05\/Mes-Vocacional-Uruguay-2021-300x424.jpg 300w, https:\/\/exaudi.org\/wp-content\/uploads\/2021\/05\/Mes-Vocacional-Uruguay-2021-297x420.jpg 297w, https:\/\/exaudi.org\/wp-content\/uploads\/2021\/05\/Mes-Vocacional-Uruguay-2021.jpg 596w\" sizes=\"auto, (max-width: 212px) 100vw, 212px\" \/>El presidente del Departamento de Vocaciones y Ministerios de la <a href=\"https:\/\/iglesiacatolica.org.uy\/\" target=\"_blank\" rel=\"noopener noreferrer\">Conferencia Episcopal del Uruguay<\/a> (DEVYM CEU), monse\u00f1or Luis Eduardo Gonz\u00e1lez, obispo auxiliar de Montevideo, junto al secretario ejecutivo, el padre Williams Vilarino, explican en una misiva que la intenci\u00f3n este a\u00f1o es \u201capoyar lo que cada di\u00f3cesis puede elaborar como propuesta propia\u201d.<\/p>\n<p>Asimismo, indican que \u201ca partir del mensaje del Papa Francisco para la\u00a0<a href=\"https:\/\/exaudi.org\/es\/mensaje-papa-jornada-mundial-vocaciones-2021\/\" target=\"_blank\" rel=\"noopener noreferrer\">58 Jornada Mundial de Oraci\u00f3n por las Vocaciones<\/a>, y teniendo en cuenta el a\u00f1o dedicado a san Jos\u00e9\u201d, elaboraron un afiche y materiales para cada semana del mes, que estar\u00e1n disponibles en el <a href=\"https:\/\/iglesiacatolica.org.uy\/departamento-vocaciones-y-ministerios\/\">minisitio del DEVYM<\/a>. Los materiales constituyen \u201cuna propuesta de oraci\u00f3n y reflexi\u00f3n que pretende animar y acompa\u00f1ar la b\u00fasqueda del sue\u00f1o vocacional en cada persona\u201d y en su elaboraci\u00f3n participaron los seminaristas del Seminario Mayor Interdiocesano Cristo Rey.<\/p>\n<h4><strong>El sue\u00f1o de Dios para cada uno<\/strong><\/h4>\n<p>Los pastores concluyen su carta animando e invitando a todas las comunidades a \u201cdejarnos conducir por el Esp\u00edritu Santo que ha sido derramado en nuestros corazones y descubrir o renovar nuestra vocaci\u00f3n como Don de Dios\u201d. \u201cQueremos con los j\u00f3venes compartir los sue\u00f1os de Dios que tiene para cada uno de nosotros y celebrarlos con alegr\u00eda y esperanza\u201d, destacan.<\/p>\n<p>Seg\u00fan el \u00faltimo Anuario Estad\u00edstico de la Iglesia, Urugay tiene una poblaci\u00f3n de 3.519.000 habitantes, de los cuales 2.709.000 son cat\u00f3licos. Hay 9 seminaristas menores, para el clero diocesano, y 86 seminaristas mayores, de los cuales 31 son para el clero diocesano y 55 para los religiosos. Hay 231 sacerdotes diocesanos y 214 religiosos, 54 religiosos no sacerdotes y 635 religiosos.<\/p>\n","protected":false},"excerpt":{"rendered":"<p>El sue\u00f1o de Dios para cada uno<\/p>\n","protected":false},"author":5,"featured_media":19508,"comment_status":"closed","ping_status":"closed","sticky":false,"template":"","format":"standard","meta":{"_acf_changed":false,"_crdt_document":"","inline_featured_image":false,"footnotes":""},"categories":[86,298],"tags":[2555,1029],"class_list":["post-19497","post","type-post","status-publish","format-standard","has-post-thumbnail","hentry","category-iglesia-local","category-ultimas-noticias","tag-mes-vocacional","tag-uruguay"],"acf":[],"yoast_head":"<!-- This site is optimized with the Yoast SEO plugin v27.5 - https:\/\/yoast.com\/product\/yoast-seo-wordpress\/ -->\n<title>Uruguay: Iglesia prepara el Mes Vocacional, junio 2021 &#8211; Exaudi<\/title>\n<meta name=\"description\" content=\"La Iglesia de Uruguay celebra en junio de 2021 el Mes Vocacional y se han preparado una serie de materiales para las di\u00f3cesis\" \/>\n<meta name=\"robots\" content=\"index, follow, max-snippet:-1, max-image-preview:large, max-video-preview:-1\" \/>\n<link rel=\"canonical\" href=\"https:\/\/exaudi.org\/es\/uruguay-iglesia-prepara-el-mes-vocacional-junio-2021\/\" \/>\n<meta property=\"og:locale\" content=\"es_ES\" \/>\n<meta property=\"og:type\" content=\"article\" \/>\n<meta property=\"og:title\" content=\"Uruguay: Iglesia prepara el Mes Vocacional, junio 2021 &#8211; Exaudi\" \/>\n<meta property=\"og:description\" content=\"La Iglesia de Uruguay celebra en junio de 2021 el Mes Vocacional y se han preparado una serie de materiales para las di\u00f3cesis\" \/>\n<meta property=\"og:url\" content=\"https:\/\/exaudi.org\/es\/uruguay-iglesia-prepara-el-mes-vocacional-junio-2021\/\" \/>\n<meta property=\"og:site_name\" content=\"Exaudi\" \/>\n<meta property=\"article:publisher\" content=\"https:\/\/www.facebook.com\/ExaudiNews\" \/>\n<meta property=\"article:published_time\" content=\"2021-05-28T09:27:07+00:00\" \/>\n<meta property=\"article:modified_time\" content=\"2021-05-29T07:09:44+00:00\" \/>\n<meta property=\"og:image\" content=\"https:\/\/exaudi.org\/wp-content\/uploads\/2021\/05\/cathopic_1546974679851821-1-scaled.jpg\" \/>\n\t<meta property=\"og:image:width\" content=\"2560\" \/>\n\t<meta property=\"og:image:height\" content=\"951\" \/>\n\t<meta property=\"og:image:type\" content=\"image\/jpeg\" \/>\n<meta name=\"author\" content=\"Larissa I. L\u00f3pez\" \/>\n<meta name=\"twitter:card\" content=\"summary_large_image\" \/>\n<meta name=\"twitter:creator\" content=\"@Exaudi_News\" \/>\n<meta name=\"twitter:site\" content=\"@Exaudi_News\" \/>\n<meta name=\"twitter:label1\" content=\"Escrito por\" \/>\n\t<meta name=\"twitter:data1\" content=\"Larissa I. L\u00f3pez\" \/>\n\t<meta name=\"twitter:label2\" content=\"Tiempo de lectura\" \/>\n\t<meta name=\"twitter:data2\" content=\"2 minutos\" \/>\n<script type=\"application\/ld+json\" class=\"yoast-schema-graph\">{\"@context\":\"https:\\\/\\\/schema.org\",\"@graph\":[{\"@type\":\"Article\",\"@id\":\"https:\\\/\\\/exaudi.org\\\/es\\\/uruguay-iglesia-prepara-el-mes-vocacional-junio-2021\\\/#article\",\"isPartOf\":{\"@id\":\"https:\\\/\\\/exaudi.org\\\/es\\\/uruguay-iglesia-prepara-el-mes-vocacional-junio-2021\\\/\"},\"author\":{\"name\":\"Larissa I. L\u00f3pez\",\"@id\":\"https:\\\/\\\/exaudi.org\\\/#\\\/schema\\\/person\\\/7d2f77db033c2c0929edfab6dbe8c588\"},\"headline\":\"Uruguay: Iglesia prepara el Mes Vocacional, junio 2021\",\"datePublished\":\"2021-05-28T09:27:07+00:00\",\"dateModified\":\"2021-05-29T07:09:44+00:00\",\"mainEntityOfPage\":{\"@id\":\"https:\\\/\\\/exaudi.org\\\/es\\\/uruguay-iglesia-prepara-el-mes-vocacional-junio-2021\\\/\"},\"wordCount\":316,\"image\":{\"@id\":\"https:\\\/\\\/exaudi.org\\\/es\\\/uruguay-iglesia-prepara-el-mes-vocacional-junio-2021\\\/#primaryimage\"},\"thumbnailUrl\":\"https:\\\/\\\/exaudi.org\\\/wp-content\\\/uploads\\\/2021\\\/05\\\/cathopic_1546974679851821-1-scaled.jpg\",\"keywords\":[\"Mes Vocacional\",\"Uruguay\"],\"articleSection\":[\"Iglesia Local\",\"\u00daltimas noticias\"],\"inLanguage\":\"es\"},{\"@type\":\"WebPage\",\"@id\":\"https:\\\/\\\/exaudi.org\\\/es\\\/uruguay-iglesia-prepara-el-mes-vocacional-junio-2021\\\/\",\"url\":\"https:\\\/\\\/exaudi.org\\\/es\\\/uruguay-iglesia-prepara-el-mes-vocacional-junio-2021\\\/\",\"name\":\"Uruguay: Iglesia prepara el Mes Vocacional, junio 2021 &#8211; Exaudi\",\"isPartOf\":{\"@id\":\"https:\\\/\\\/exaudi.org\\\/#website\"},\"primaryImageOfPage\":{\"@id\":\"https:\\\/\\\/exaudi.org\\\/es\\\/uruguay-iglesia-prepara-el-mes-vocacional-junio-2021\\\/#primaryimage\"},\"image\":{\"@id\":\"https:\\\/\\\/exaudi.org\\\/es\\\/uruguay-iglesia-prepara-el-mes-vocacional-junio-2021\\\/#primaryimage\"},\"thumbnailUrl\":\"https:\\\/\\\/exaudi.org\\\/wp-content\\\/uploads\\\/2021\\\/05\\\/cathopic_1546974679851821-1-scaled.jpg\",\"datePublished\":\"2021-05-28T09:27:07+00:00\",\"dateModified\":\"2021-05-29T07:09:44+00:00\",\"author\":{\"@id\":\"https:\\\/\\\/exaudi.org\\\/#\\\/schema\\\/person\\\/7d2f77db033c2c0929edfab6dbe8c588\"},\"description\":\"La Iglesia de Uruguay celebra en junio de 2021 el Mes Vocacional y se han preparado una serie de materiales para las di\u00f3cesis\",\"breadcrumb\":{\"@id\":\"https:\\\/\\\/exaudi.org\\\/es\\\/uruguay-iglesia-prepara-el-mes-vocacional-junio-2021\\\/#breadcrumb\"},\"inLanguage\":\"es\",\"potentialAction\":[{\"@type\":\"ReadAction\",\"target\":[\"https:\\\/\\\/exaudi.org\\\/es\\\/uruguay-iglesia-prepara-el-mes-vocacional-junio-2021\\\/\"]}]},{\"@type\":\"ImageObject\",\"inLanguage\":\"es\",\"@id\":\"https:\\\/\\\/exaudi.org\\\/es\\\/uruguay-iglesia-prepara-el-mes-vocacional-junio-2021\\\/#primaryimage\",\"url\":\"https:\\\/\\\/exaudi.org\\\/wp-content\\\/uploads\\\/2021\\\/05\\\/cathopic_1546974679851821-1-scaled.jpg\",\"contentUrl\":\"https:\\\/\\\/exaudi.org\\\/wp-content\\\/uploads\\\/2021\\\/05\\\/cathopic_1546974679851821-1-scaled.jpg\",\"width\":2560,\"height\":951,\"caption\":\"J\u00f3venes ante la Eucarist\u00eda \u00a9 Cathopic. Mar\u00eda Ang\u00e9lica Mendoza\"},{\"@type\":\"BreadcrumbList\",\"@id\":\"https:\\\/\\\/exaudi.org\\\/es\\\/uruguay-iglesia-prepara-el-mes-vocacional-junio-2021\\\/#breadcrumb\",\"itemListElement\":[{\"@type\":\"ListItem\",\"position\":1,\"name\":\"Portada\",\"item\":\"https:\\\/\\\/exaudi.org\\\/es\\\/\"},{\"@type\":\"ListItem\",\"position\":2,\"name\":\"Uruguay: Iglesia prepara el Mes Vocacional, junio 2021\"}]},{\"@type\":\"WebSite\",\"@id\":\"https:\\\/\\\/exaudi.org\\\/#website\",\"url\":\"https:\\\/\\\/exaudi.org\\\/\",\"name\":\"Exaudi\",\"description\":\"News\",\"potentialAction\":[{\"@type\":\"SearchAction\",\"target\":{\"@type\":\"EntryPoint\",\"urlTemplate\":\"https:\\\/\\\/exaudi.org\\\/?s={search_term_string}\"},\"query-input\":{\"@type\":\"PropertyValueSpecification\",\"valueRequired\":true,\"valueName\":\"search_term_string\"}}],\"inLanguage\":\"es\"},{\"@type\":\"Person\",\"@id\":\"https:\\\/\\\/exaudi.org\\\/#\\\/schema\\\/person\\\/7d2f77db033c2c0929edfab6dbe8c588\",\"name\":\"Larissa I. L\u00f3pez\",\"image\":{\"@type\":\"ImageObject\",\"inLanguage\":\"es\",\"@id\":\"https:\\\/\\\/secure.gravatar.com\\\/avatar\\\/db3ef399ff343d0bb9d25dc5198bc8ece5ac6d621eca79876697a354dabc1e3f?s=96&d=mm&r=g\",\"url\":\"https:\\\/\\\/secure.gravatar.com\\\/avatar\\\/db3ef399ff343d0bb9d25dc5198bc8ece5ac6d621eca79876697a354dabc1e3f?s=96&d=mm&r=g\",\"contentUrl\":\"https:\\\/\\\/secure.gravatar.com\\\/avatar\\\/db3ef399ff343d0bb9d25dc5198bc8ece5ac6d621eca79876697a354dabc1e3f?s=96&d=mm&r=g\",\"caption\":\"Larissa I. L\u00f3pez\"},\"description\":\"Doctora en Comunicaci\u00f3n. Mi trayectoria profesional ha transcurrido entre el \u00e1mbito de la comunicaci\u00f3n y el de la docencia. En los \u00faltimos a\u00f1os, he trabajado como coordinadora y redactora de la edici\u00f3n de ZENIT en espa\u00f1ol. Como profesora, he impartido clases en la universidad y en centros de FP y bachillerato. Cordobesa de nacimiento, tambi\u00e9n he vivido en Sevilla, Madrid y Roma\",\"url\":\"https:\\\/\\\/exaudi.org\\\/es\\\/author\\\/llopezexaudi-org\\\/\"}]}<\/script>\n<!-- \/ Yoast SEO plugin. -->","yoast_head_json":{"title":"Uruguay: Iglesia prepara el Mes Vocacional, junio 2021 &#8211; Exaudi","description":"La Iglesia de Uruguay celebra en junio de 2021 el Mes Vocacional y se han preparado una serie de materiales para las di\u00f3cesis","robots":{"index":"index","follow":"follow","max-snippet":"max-snippet:-1","max-image-preview":"max-image-preview:large","max-video-preview":"max-video-preview:-1"},"canonical":"https:\/\/exaudi.org\/es\/uruguay-iglesia-prepara-el-mes-vocacional-junio-2021\/","og_locale":"es_ES","og_type":"article","og_title":"Uruguay: Iglesia prepara el Mes Vocacional, junio 2021 &#8211; Exaudi","og_description":"La Iglesia de Uruguay celebra en junio de 2021 el Mes Vocacional y se han preparado una serie de materiales para las di\u00f3cesis","og_url":"https:\/\/exaudi.org\/es\/uruguay-iglesia-prepara-el-mes-vocacional-junio-2021\/","og_site_name":"Exaudi","article_publisher":"https:\/\/www.facebook.com\/ExaudiNews","article_published_time":"2021-05-28T09:27:07+00:00","article_modified_time":"2021-05-29T07:09:44+00:00","og_image":[{"width":2560,"height":951,"url":"https:\/\/exaudi.org\/wp-content\/uploads\/2021\/05\/cathopic_1546974679851821-1-scaled.jpg","type":"image\/jpeg"}],"author":"Larissa I. L\u00f3pez","twitter_card":"summary_large_image","twitter_creator":"@Exaudi_News","twitter_site":"@Exaudi_News","twitter_misc":{"Escrito por":"Larissa I. L\u00f3pez","Tiempo de lectura":"2 minutos"},"schema":{"@context":"https:\/\/schema.org","@graph":[{"@type":"Article","@id":"https:\/\/exaudi.org\/es\/uruguay-iglesia-prepara-el-mes-vocacional-junio-2021\/#article","isPartOf":{"@id":"https:\/\/exaudi.org\/es\/uruguay-iglesia-prepara-el-mes-vocacional-junio-2021\/"},"author":{"name":"Larissa I. L\u00f3pez","@id":"https:\/\/exaudi.org\/#\/schema\/person\/7d2f77db033c2c0929edfab6dbe8c588"},"headline":"Uruguay: Iglesia prepara el Mes Vocacional, junio 2021","datePublished":"2021-05-28T09:27:07+00:00","dateModified":"2021-05-29T07:09:44+00:00","mainEntityOfPage":{"@id":"https:\/\/exaudi.org\/es\/uruguay-iglesia-prepara-el-mes-vocacional-junio-2021\/"},"wordCount":316,"image":{"@id":"https:\/\/exaudi.org\/es\/uruguay-iglesia-prepara-el-mes-vocacional-junio-2021\/#primaryimage"},"thumbnailUrl":"https:\/\/exaudi.org\/wp-content\/uploads\/2021\/05\/cathopic_1546974679851821-1-scaled.jpg","keywords":["Mes Vocacional","Uruguay"],"articleSection":["Iglesia Local","\u00daltimas noticias"],"inLanguage":"es"},{"@type":"WebPage","@id":"https:\/\/exaudi.org\/es\/uruguay-iglesia-prepara-el-mes-vocacional-junio-2021\/","url":"https:\/\/exaudi.org\/es\/uruguay-iglesia-prepara-el-mes-vocacional-junio-2021\/","name":"Uruguay: Iglesia prepara el Mes Vocacional, junio 2021 &#8211; Exaudi","isPartOf":{"@id":"https:\/\/exaudi.org\/#website"},"primaryImageOfPage":{"@id":"https:\/\/exaudi.org\/es\/uruguay-iglesia-prepara-el-mes-vocacional-junio-2021\/#primaryimage"},"image":{"@id":"https:\/\/exaudi.org\/es\/uruguay-iglesia-prepara-el-mes-vocacional-junio-2021\/#primaryimage"},"thumbnailUrl":"https:\/\/exaudi.org\/wp-content\/uploads\/2021\/05\/cathopic_1546974679851821-1-scaled.jpg","datePublished":"2021-05-28T09:27:07+00:00","dateModified":"2021-05-29T07:09:44+00:00","author":{"@id":"https:\/\/exaudi.org\/#\/schema\/person\/7d2f77db033c2c0929edfab6dbe8c588"},"description":"La Iglesia de Uruguay celebra en junio de 2021 el Mes Vocacional y se han preparado una serie de materiales para las di\u00f3cesis","breadcrumb":{"@id":"https:\/\/exaudi.org\/es\/uruguay-iglesia-prepara-el-mes-vocacional-junio-2021\/#breadcrumb"},"inLanguage":"es","potentialAction":[{"@type":"ReadAction","target":["https:\/\/exaudi.org\/es\/uruguay-iglesia-prepara-el-mes-vocacional-junio-2021\/"]}]},{"@type":"ImageObject","inLanguage":"es","@id":"https:\/\/exaudi.org\/es\/uruguay-iglesia-prepara-el-mes-vocacional-junio-2021\/#primaryimage","url":"https:\/\/exaudi.org\/wp-content\/uploads\/2021\/05\/cathopic_1546974679851821-1-scaled.jpg","contentUrl":"https:\/\/exaudi.org\/wp-content\/uploads\/2021\/05\/cathopic_1546974679851821-1-scaled.jpg","width":2560,"height":951,"caption":"J\u00f3venes ante la Eucarist\u00eda \u00a9 Cathopic. Mar\u00eda Ang\u00e9lica Mendoza"},{"@type":"BreadcrumbList","@id":"https:\/\/exaudi.org\/es\/uruguay-iglesia-prepara-el-mes-vocacional-junio-2021\/#breadcrumb","itemListElement":[{"@type":"ListItem","position":1,"name":"Portada","item":"https:\/\/exaudi.org\/es\/"},{"@type":"ListItem","position":2,"name":"Uruguay: Iglesia prepara el Mes Vocacional, junio 2021"}]},{"@type":"WebSite","@id":"https:\/\/exaudi.org\/#website","url":"https:\/\/exaudi.org\/","name":"Exaudi","description":"News","potentialAction":[{"@type":"SearchAction","target":{"@type":"EntryPoint","urlTemplate":"https:\/\/exaudi.org\/?s={search_term_string}"},"query-input":{"@type":"PropertyValueSpecification","valueRequired":true,"valueName":"search_term_string"}}],"inLanguage":"es"},{"@type":"Person","@id":"https:\/\/exaudi.org\/#\/schema\/person\/7d2f77db033c2c0929edfab6dbe8c588","name":"Larissa I. L\u00f3pez","image":{"@type":"ImageObject","inLanguage":"es","@id":"https:\/\/secure.gravatar.com\/avatar\/db3ef399ff343d0bb9d25dc5198bc8ece5ac6d621eca79876697a354dabc1e3f?s=96&d=mm&r=g","url":"https:\/\/secure.gravatar.com\/avatar\/db3ef399ff343d0bb9d25dc5198bc8ece5ac6d621eca79876697a354dabc1e3f?s=96&d=mm&r=g","contentUrl":"https:\/\/secure.gravatar.com\/avatar\/db3ef399ff343d0bb9d25dc5198bc8ece5ac6d621eca79876697a354dabc1e3f?s=96&d=mm&r=g","caption":"Larissa I. L\u00f3pez"},"description":"Doctora en Comunicaci\u00f3n. Mi trayectoria profesional ha transcurrido entre el \u00e1mbito de la comunicaci\u00f3n y el de la docencia. En los \u00faltimos a\u00f1os, he trabajado como coordinadora y redactora de la edici\u00f3n de ZENIT en espa\u00f1ol. Como profesora, he impartido clases en la universidad y en centros de FP y bachillerato. Cordobesa de nacimiento, tambi\u00e9n he vivido en Sevilla, Madrid y Roma","url":"https:\/\/exaudi.org\/es\/author\/llopezexaudi-org\/"}]}},"jetpack_featured_media_url":"https:\/\/exaudi.org\/wp-content\/uploads\/2021\/05\/cathopic_1546974679851821-1-scaled.jpg","jetpack_shortlink":"https:\/\/wp.me\/pgKjF2-54t","_links":{"self":[{"href":"https:\/\/exaudi.org\/es\/wp-json\/wp\/v2\/posts\/19497","targetHints":{"allow":["GET"]}}],"collection":[{"href":"https:\/\/exaudi.org\/es\/wp-json\/wp\/v2\/posts"}],"about":[{"href":"https:\/\/exaudi.org\/es\/wp-json\/wp\/v2\/types\/post"}],"author":[{"embeddable":true,"href":"https:\/\/exaudi.org\/es\/wp-json\/wp\/v2\/users\/5"}],"replies":[{"embeddable":true,"href":"https:\/\/exaudi.org\/es\/wp-json\/wp\/v2\/comments?post=19497"}],"version-history":[{"count":0,"href":"https:\/\/exaudi.org\/es\/wp-json\/wp\/v2\/posts\/19497\/revisions"}],"wp:featuredmedia":[{"embeddable":true,"href":"https:\/\/exaudi.org\/es\/wp-json\/wp\/v2\/media\/19508"}],"wp:attachment":[{"href":"https:\/\/exaudi.org\/es\/wp-json\/wp\/v2\/media?parent=19497"}],"wp:term":[{"taxonomy":"category","embeddable":true,"href":"https:\/\/exaudi.org\/es\/wp-json\/wp\/v2\/categories?post=19497"},{"taxonomy":"post_tag","embeddable":true,"href":"https:\/\/exaudi.org\/es\/wp-json\/wp\/v2\/tags?post=19497"}],"curies":[{"name":"wp","href":"https:\/\/api.w.org\/{rel}","templated":true}]}}