{"id":19465,"date":"2021-05-28T10:15:22","date_gmt":"2021-05-28T08:15:22","guid":{"rendered":"https:\/\/exaudi.org\/?p=19465"},"modified":"2021-05-28T13:23:48","modified_gmt":"2021-05-28T11:23:48","slug":"bioetica-implicaciones-segunda-dosis-astrazeneca","status":"publish","type":"post","link":"https:\/\/exaudi.org\/es\/bioetica-implicaciones-segunda-dosis-astrazeneca\/","title":{"rendered":"Bio\u00e9tica: Implicaciones de la segunda dosis de AstraZeneca"},"content":{"rendered":"<p>El doctor <a href=\"https:\/\/exaudi.org\/es\/author\/justoaznar\/\" target=\"_blank\" rel=\"noopener noreferrer\">Justo Aznar<\/a>, del <a href=\"https:\/\/www.observatoriobioetica.org\/\" target=\"_blank\" rel=\"noopener noreferrer\">Observatorio de Bio\u00e9tica de la Universidad Cat\u00f3lica de Valencia (UCV)<\/a>, ofrece a los lectores de Exaudi su art\u00edculo de an\u00e1lisis sobre las implicaciones que puede tener la segunda dosis de la vacuna AstraZeneca.<\/p>\n<p>***<\/p>\n<p><img loading=\"lazy\" decoding=\"async\" class=\"size-full wp-image-19466 alignleft\" src=\"https:\/\/exaudi.org\/wp-content\/uploads\/2021\/05\/78j798j9-1.jpg\" alt=\"\" width=\"301\" height=\"300\" srcset=\"https:\/\/exaudi.org\/wp-content\/uploads\/2021\/05\/78j798j9-1.jpg 301w, https:\/\/exaudi.org\/wp-content\/uploads\/2021\/05\/78j798j9-1-150x150.jpg 150w\" sizes=\"auto, (max-width: 301px) 100vw, 301px\" \/>\u201cPara poder elegir hay que estar bien informado y con la vacuna es complicado\u201d. <a href=\"https:\/\/www.observatoriobioetica.org\/2020\/12\/valoracion-moral-del-uso-de-las-vacunas-contra-la-covid-19\/34858\" target=\"_blank\" rel=\"noopener noreferrer\">La vacunaci\u00f3n<\/a>\u00a0no solo est\u00e1 teniendo sus complejidades t\u00e9cnicas y administrativas. Junto a ellas, entrecruz\u00e1ndose cuando sus problemas se hac\u00edan patentes y entraban en el debate p\u00fablico, ha habido asuntos relacionados con la bio\u00e9tica. El \u00faltimo, sobre la segunda dosis de AstraZeneca en los menores de 60 a\u00f1os y la posibilidad de elegir.<\/p>\n<p><strong>\u00bfQu\u00e9 problema \u00e9tico puede generarse al dejar elegir la vacuna a una parte de la poblaci\u00f3n?<\/strong><\/p>\n<p>Separar la vacunaci\u00f3n en dos grupos, los que pueden elegir su vacuna y los que no, plantea un problema de justicia distributiva, porque puede suponer unas ventajas para algunas personas en relaci\u00f3n con otras. No se puede dejar esto en manos de los ciudadanos y de su responsabilidad.<\/p>\n<p><strong>\u00a0\u00bfPero se ha de poder elegir una vacuna o un tratamiento?<\/strong><\/p>\n<p>Para poder elegir hay que estar informado, y en el tema de la vacuna estar bien informado es complicado. A finales de 2020 los institutos nacionales de EEUU comentaban que se han publicado cerca de 50.000 trabajos relacionados con la <a href=\"https:\/\/www.observatoriobioetica.org\/?s=COVID\" target=\"_blank\" rel=\"noopener noreferrer\">COVID<\/a>, 400 cada d\u00eda. Este ac\u00famulo de informaci\u00f3n hace muy dif\u00edcil que los expertos puedan seguir lo que est\u00e1 ocurriendo.<\/p>\n<p>Entiendo que para el p\u00fablico general a\u00fan es m\u00e1s dif\u00edcil tener una informaci\u00f3n adecuada a partir de la que realizar sus decisiones con conocimiento de causa.<\/p>\n<p><strong>Para una de ellas se pide un consentimiento escrito&#8230;<\/strong><\/p>\n<p>El consentimiento informado es un documento que cada d\u00eda se hace extensivo y hay que firmarlo en la mayor\u00eda de intervenciones que se hacen. Es muy importante porque da informaci\u00f3n correcta, pero es una manifestaci\u00f3n del temor jur\u00eddico y cubrirse de los problemas que le puedan sobrevenir.<\/p>\n<p>Lo fundamental del consentimiento informado es estar bien informado, lo cual contrasta con lo que luego sucede. En el caso de la vacunaci\u00f3n, pedirle al paciente que firme un consentimiento informado primero requerir\u00eda haber estado explic\u00e1ndole media hora en qu\u00e9 consiste la vacuna, en qu\u00e9 se diferencian y qu\u00e9 implica.<\/p>\n","protected":false},"excerpt":{"rendered":"<p>Observatorio de Bio\u00e9tica &#8211; Universidad Cat\u00f3lica de Valencia<\/p>\n","protected":false},"author":33,"featured_media":19470,"comment_status":"closed","ping_status":"closed","sticky":false,"template":"","format":"standard","meta":{"_acf_changed":false,"_crdt_document":"","inline_featured_image":false,"footnotes":""},"categories":[298,130],"tags":[1493,541,630,735],"class_list":["post-19465","post","type-post","status-publish","format-standard","has-post-thumbnail","hentry","category-ultimas-noticias","category-voces","tag-astrazeneca","tag-covid-19","tag-observatorio-de-bioetica-de-la-universidad-catolica-de-valencia","tag-vacuna"],"acf":[],"yoast_head":"<!-- This site is optimized with the Yoast SEO plugin v27.5 - https:\/\/yoast.com\/product\/yoast-seo-wordpress\/ -->\n<title>Bio\u00e9tica: Implicaciones de la segunda dosis de AstraZeneca - Exaudi<\/title>\n<meta name=\"description\" content=\"El doctor Justo Aznar, del Observatorio de Bio\u00e9tica de la UCV, ofrecen su art\u00edculo sobre la segunda dosis de la vacuna AstraZeneca.\" \/>\n<meta name=\"robots\" content=\"index, follow, max-snippet:-1, max-image-preview:large, max-video-preview:-1\" \/>\n<link rel=\"canonical\" href=\"https:\/\/exaudi.org\/es\/bioetica-implicaciones-segunda-dosis-astrazeneca\/\" \/>\n<meta property=\"og:locale\" content=\"es_ES\" \/>\n<meta property=\"og:type\" content=\"article\" \/>\n<meta property=\"og:title\" content=\"Bio\u00e9tica: Implicaciones de la segunda dosis de AstraZeneca - Exaudi\" \/>\n<meta property=\"og:description\" content=\"El doctor Justo Aznar, del Observatorio de Bio\u00e9tica de la UCV, ofrecen su art\u00edculo sobre la segunda dosis de la vacuna AstraZeneca.\" \/>\n<meta property=\"og:url\" content=\"https:\/\/exaudi.org\/es\/bioetica-implicaciones-segunda-dosis-astrazeneca\/\" \/>\n<meta property=\"og:site_name\" content=\"Exaudi\" \/>\n<meta property=\"article:publisher\" content=\"https:\/\/www.facebook.com\/ExaudiNews\" \/>\n<meta property=\"article:published_time\" content=\"2021-05-28T08:15:22+00:00\" \/>\n<meta property=\"article:modified_time\" content=\"2021-05-28T11:23:48+00:00\" \/>\n<meta property=\"og:image\" content=\"https:\/\/exaudi.org\/wp-content\/uploads\/2021\/05\/89l0890l80-scaled.jpg\" \/>\n\t<meta property=\"og:image:width\" content=\"2560\" \/>\n\t<meta property=\"og:image:height\" content=\"1610\" \/>\n\t<meta property=\"og:image:type\" content=\"image\/jpeg\" \/>\n<meta name=\"author\" content=\"Justo Aznar\" \/>\n<meta name=\"twitter:card\" content=\"summary_large_image\" \/>\n<meta name=\"twitter:creator\" content=\"@Exaudi_News\" \/>\n<meta name=\"twitter:site\" content=\"@Exaudi_News\" \/>\n<meta name=\"twitter:label1\" content=\"Escrito por\" \/>\n\t<meta name=\"twitter:data1\" content=\"Justo Aznar\" \/>\n\t<meta name=\"twitter:label2\" content=\"Tiempo de lectura\" \/>\n\t<meta name=\"twitter:data2\" content=\"2 minutos\" \/>\n<script type=\"application\/ld+json\" class=\"yoast-schema-graph\">{\"@context\":\"https:\\\/\\\/schema.org\",\"@graph\":[{\"@type\":\"Article\",\"@id\":\"https:\\\/\\\/exaudi.org\\\/es\\\/bioetica-implicaciones-segunda-dosis-astrazeneca\\\/#article\",\"isPartOf\":{\"@id\":\"https:\\\/\\\/exaudi.org\\\/es\\\/bioetica-implicaciones-segunda-dosis-astrazeneca\\\/\"},\"author\":{\"name\":\"Justo Aznar\",\"@id\":\"https:\\\/\\\/exaudi.org\\\/#\\\/schema\\\/person\\\/b5b37527580caaa93ff31565e9cd687d\"},\"headline\":\"Bio\u00e9tica: Implicaciones de la segunda dosis de AstraZeneca\",\"datePublished\":\"2021-05-28T08:15:22+00:00\",\"dateModified\":\"2021-05-28T11:23:48+00:00\",\"mainEntityOfPage\":{\"@id\":\"https:\\\/\\\/exaudi.org\\\/es\\\/bioetica-implicaciones-segunda-dosis-astrazeneca\\\/\"},\"wordCount\":408,\"image\":{\"@id\":\"https:\\\/\\\/exaudi.org\\\/es\\\/bioetica-implicaciones-segunda-dosis-astrazeneca\\\/#primaryimage\"},\"thumbnailUrl\":\"https:\\\/\\\/exaudi.org\\\/wp-content\\\/uploads\\\/2021\\\/05\\\/89l0890l80-scaled.jpg\",\"keywords\":[\"AstraZeneca\",\"COVID-19\",\"Observatorio de Bio\u00e9tica de la Universidad Cat\u00f3lica de Valencia\",\"Vacuna\"],\"articleSection\":[\"\u00daltimas noticias\",\"Voces\"],\"inLanguage\":\"es\"},{\"@type\":\"WebPage\",\"@id\":\"https:\\\/\\\/exaudi.org\\\/es\\\/bioetica-implicaciones-segunda-dosis-astrazeneca\\\/\",\"url\":\"https:\\\/\\\/exaudi.org\\\/es\\\/bioetica-implicaciones-segunda-dosis-astrazeneca\\\/\",\"name\":\"Bio\u00e9tica: Implicaciones de la segunda dosis de AstraZeneca - Exaudi\",\"isPartOf\":{\"@id\":\"https:\\\/\\\/exaudi.org\\\/#website\"},\"primaryImageOfPage\":{\"@id\":\"https:\\\/\\\/exaudi.org\\\/es\\\/bioetica-implicaciones-segunda-dosis-astrazeneca\\\/#primaryimage\"},\"image\":{\"@id\":\"https:\\\/\\\/exaudi.org\\\/es\\\/bioetica-implicaciones-segunda-dosis-astrazeneca\\\/#primaryimage\"},\"thumbnailUrl\":\"https:\\\/\\\/exaudi.org\\\/wp-content\\\/uploads\\\/2021\\\/05\\\/89l0890l80-scaled.jpg\",\"datePublished\":\"2021-05-28T08:15:22+00:00\",\"dateModified\":\"2021-05-28T11:23:48+00:00\",\"author\":{\"@id\":\"https:\\\/\\\/exaudi.org\\\/#\\\/schema\\\/person\\\/b5b37527580caaa93ff31565e9cd687d\"},\"description\":\"El doctor Justo Aznar, del Observatorio de Bio\u00e9tica de la UCV, ofrecen su art\u00edculo sobre la segunda dosis de la vacuna AstraZeneca.\",\"breadcrumb\":{\"@id\":\"https:\\\/\\\/exaudi.org\\\/es\\\/bioetica-implicaciones-segunda-dosis-astrazeneca\\\/#breadcrumb\"},\"inLanguage\":\"es\",\"potentialAction\":[{\"@type\":\"ReadAction\",\"target\":[\"https:\\\/\\\/exaudi.org\\\/es\\\/bioetica-implicaciones-segunda-dosis-astrazeneca\\\/\"]}]},{\"@type\":\"ImageObject\",\"inLanguage\":\"es\",\"@id\":\"https:\\\/\\\/exaudi.org\\\/es\\\/bioetica-implicaciones-segunda-dosis-astrazeneca\\\/#primaryimage\",\"url\":\"https:\\\/\\\/exaudi.org\\\/wp-content\\\/uploads\\\/2021\\\/05\\\/89l0890l80-scaled.jpg\",\"contentUrl\":\"https:\\\/\\\/exaudi.org\\\/wp-content\\\/uploads\\\/2021\\\/05\\\/89l0890l80-scaled.jpg\",\"width\":2560,\"height\":1610,\"caption\":\"Vacunaci\u00f3n contra la COVID \u00a9 Pexels\"},{\"@type\":\"BreadcrumbList\",\"@id\":\"https:\\\/\\\/exaudi.org\\\/es\\\/bioetica-implicaciones-segunda-dosis-astrazeneca\\\/#breadcrumb\",\"itemListElement\":[{\"@type\":\"ListItem\",\"position\":1,\"name\":\"Portada\",\"item\":\"https:\\\/\\\/exaudi.org\\\/es\\\/\"},{\"@type\":\"ListItem\",\"position\":2,\"name\":\"Bio\u00e9tica: Implicaciones de la segunda dosis de AstraZeneca\"}]},{\"@type\":\"WebSite\",\"@id\":\"https:\\\/\\\/exaudi.org\\\/#website\",\"url\":\"https:\\\/\\\/exaudi.org\\\/\",\"name\":\"Exaudi\",\"description\":\"News\",\"potentialAction\":[{\"@type\":\"SearchAction\",\"target\":{\"@type\":\"EntryPoint\",\"urlTemplate\":\"https:\\\/\\\/exaudi.org\\\/?s={search_term_string}\"},\"query-input\":{\"@type\":\"PropertyValueSpecification\",\"valueRequired\":true,\"valueName\":\"search_term_string\"}}],\"inLanguage\":\"es\"},{\"@type\":\"Person\",\"@id\":\"https:\\\/\\\/exaudi.org\\\/#\\\/schema\\\/person\\\/b5b37527580caaa93ff31565e9cd687d\",\"name\":\"Justo Aznar\",\"image\":{\"@type\":\"ImageObject\",\"inLanguage\":\"es\",\"@id\":\"https:\\\/\\\/secure.gravatar.com\\\/avatar\\\/88c34e6e63b68749527b43f751479e558600da9b9d23cf4d262aff0851eb4b7d?s=96&d=mm&r=g\",\"url\":\"https:\\\/\\\/secure.gravatar.com\\\/avatar\\\/88c34e6e63b68749527b43f751479e558600da9b9d23cf4d262aff0851eb4b7d?s=96&d=mm&r=g\",\"contentUrl\":\"https:\\\/\\\/secure.gravatar.com\\\/avatar\\\/88c34e6e63b68749527b43f751479e558600da9b9d23cf4d262aff0851eb4b7d?s=96&d=mm&r=g\",\"caption\":\"Justo Aznar\"},\"description\":\"Director del Observatorio de Bio\u00e9tica. Universidad Cat\u00f3lica de Valencia\",\"url\":\"https:\\\/\\\/exaudi.org\\\/es\\\/author\\\/justoaznar\\\/\"}]}<\/script>\n<!-- \/ Yoast SEO plugin. -->","yoast_head_json":{"title":"Bio\u00e9tica: Implicaciones de la segunda dosis de AstraZeneca - Exaudi","description":"El doctor Justo Aznar, del Observatorio de Bio\u00e9tica de la UCV, ofrecen su art\u00edculo sobre la segunda dosis de la vacuna AstraZeneca.","robots":{"index":"index","follow":"follow","max-snippet":"max-snippet:-1","max-image-preview":"max-image-preview:large","max-video-preview":"max-video-preview:-1"},"canonical":"https:\/\/exaudi.org\/es\/bioetica-implicaciones-segunda-dosis-astrazeneca\/","og_locale":"es_ES","og_type":"article","og_title":"Bio\u00e9tica: Implicaciones de la segunda dosis de AstraZeneca - Exaudi","og_description":"El doctor Justo Aznar, del Observatorio de Bio\u00e9tica de la UCV, ofrecen su art\u00edculo sobre la segunda dosis de la vacuna AstraZeneca.","og_url":"https:\/\/exaudi.org\/es\/bioetica-implicaciones-segunda-dosis-astrazeneca\/","og_site_name":"Exaudi","article_publisher":"https:\/\/www.facebook.com\/ExaudiNews","article_published_time":"2021-05-28T08:15:22+00:00","article_modified_time":"2021-05-28T11:23:48+00:00","og_image":[{"width":2560,"height":1610,"url":"https:\/\/exaudi.org\/wp-content\/uploads\/2021\/05\/89l0890l80-scaled.jpg","type":"image\/jpeg"}],"author":"Justo Aznar","twitter_card":"summary_large_image","twitter_creator":"@Exaudi_News","twitter_site":"@Exaudi_News","twitter_misc":{"Escrito por":"Justo Aznar","Tiempo de lectura":"2 minutos"},"schema":{"@context":"https:\/\/schema.org","@graph":[{"@type":"Article","@id":"https:\/\/exaudi.org\/es\/bioetica-implicaciones-segunda-dosis-astrazeneca\/#article","isPartOf":{"@id":"https:\/\/exaudi.org\/es\/bioetica-implicaciones-segunda-dosis-astrazeneca\/"},"author":{"name":"Justo Aznar","@id":"https:\/\/exaudi.org\/#\/schema\/person\/b5b37527580caaa93ff31565e9cd687d"},"headline":"Bio\u00e9tica: Implicaciones de la segunda dosis de AstraZeneca","datePublished":"2021-05-28T08:15:22+00:00","dateModified":"2021-05-28T11:23:48+00:00","mainEntityOfPage":{"@id":"https:\/\/exaudi.org\/es\/bioetica-implicaciones-segunda-dosis-astrazeneca\/"},"wordCount":408,"image":{"@id":"https:\/\/exaudi.org\/es\/bioetica-implicaciones-segunda-dosis-astrazeneca\/#primaryimage"},"thumbnailUrl":"https:\/\/exaudi.org\/wp-content\/uploads\/2021\/05\/89l0890l80-scaled.jpg","keywords":["AstraZeneca","COVID-19","Observatorio de Bio\u00e9tica de la Universidad Cat\u00f3lica de Valencia","Vacuna"],"articleSection":["\u00daltimas noticias","Voces"],"inLanguage":"es"},{"@type":"WebPage","@id":"https:\/\/exaudi.org\/es\/bioetica-implicaciones-segunda-dosis-astrazeneca\/","url":"https:\/\/exaudi.org\/es\/bioetica-implicaciones-segunda-dosis-astrazeneca\/","name":"Bio\u00e9tica: Implicaciones de la segunda dosis de AstraZeneca - Exaudi","isPartOf":{"@id":"https:\/\/exaudi.org\/#website"},"primaryImageOfPage":{"@id":"https:\/\/exaudi.org\/es\/bioetica-implicaciones-segunda-dosis-astrazeneca\/#primaryimage"},"image":{"@id":"https:\/\/exaudi.org\/es\/bioetica-implicaciones-segunda-dosis-astrazeneca\/#primaryimage"},"thumbnailUrl":"https:\/\/exaudi.org\/wp-content\/uploads\/2021\/05\/89l0890l80-scaled.jpg","datePublished":"2021-05-28T08:15:22+00:00","dateModified":"2021-05-28T11:23:48+00:00","author":{"@id":"https:\/\/exaudi.org\/#\/schema\/person\/b5b37527580caaa93ff31565e9cd687d"},"description":"El doctor Justo Aznar, del Observatorio de Bio\u00e9tica de la UCV, ofrecen su art\u00edculo sobre la segunda dosis de la vacuna AstraZeneca.","breadcrumb":{"@id":"https:\/\/exaudi.org\/es\/bioetica-implicaciones-segunda-dosis-astrazeneca\/#breadcrumb"},"inLanguage":"es","potentialAction":[{"@type":"ReadAction","target":["https:\/\/exaudi.org\/es\/bioetica-implicaciones-segunda-dosis-astrazeneca\/"]}]},{"@type":"ImageObject","inLanguage":"es","@id":"https:\/\/exaudi.org\/es\/bioetica-implicaciones-segunda-dosis-astrazeneca\/#primaryimage","url":"https:\/\/exaudi.org\/wp-content\/uploads\/2021\/05\/89l0890l80-scaled.jpg","contentUrl":"https:\/\/exaudi.org\/wp-content\/uploads\/2021\/05\/89l0890l80-scaled.jpg","width":2560,"height":1610,"caption":"Vacunaci\u00f3n contra la COVID \u00a9 Pexels"},{"@type":"BreadcrumbList","@id":"https:\/\/exaudi.org\/es\/bioetica-implicaciones-segunda-dosis-astrazeneca\/#breadcrumb","itemListElement":[{"@type":"ListItem","position":1,"name":"Portada","item":"https:\/\/exaudi.org\/es\/"},{"@type":"ListItem","position":2,"name":"Bio\u00e9tica: Implicaciones de la segunda dosis de AstraZeneca"}]},{"@type":"WebSite","@id":"https:\/\/exaudi.org\/#website","url":"https:\/\/exaudi.org\/","name":"Exaudi","description":"News","potentialAction":[{"@type":"SearchAction","target":{"@type":"EntryPoint","urlTemplate":"https:\/\/exaudi.org\/?s={search_term_string}"},"query-input":{"@type":"PropertyValueSpecification","valueRequired":true,"valueName":"search_term_string"}}],"inLanguage":"es"},{"@type":"Person","@id":"https:\/\/exaudi.org\/#\/schema\/person\/b5b37527580caaa93ff31565e9cd687d","name":"Justo Aznar","image":{"@type":"ImageObject","inLanguage":"es","@id":"https:\/\/secure.gravatar.com\/avatar\/88c34e6e63b68749527b43f751479e558600da9b9d23cf4d262aff0851eb4b7d?s=96&d=mm&r=g","url":"https:\/\/secure.gravatar.com\/avatar\/88c34e6e63b68749527b43f751479e558600da9b9d23cf4d262aff0851eb4b7d?s=96&d=mm&r=g","contentUrl":"https:\/\/secure.gravatar.com\/avatar\/88c34e6e63b68749527b43f751479e558600da9b9d23cf4d262aff0851eb4b7d?s=96&d=mm&r=g","caption":"Justo Aznar"},"description":"Director del Observatorio de Bio\u00e9tica. Universidad Cat\u00f3lica de Valencia","url":"https:\/\/exaudi.org\/es\/author\/justoaznar\/"}]}},"jetpack_featured_media_url":"https:\/\/exaudi.org\/wp-content\/uploads\/2021\/05\/89l0890l80-scaled.jpg","jetpack_shortlink":"https:\/\/wp.me\/pgKjF2-53X","_links":{"self":[{"href":"https:\/\/exaudi.org\/es\/wp-json\/wp\/v2\/posts\/19465","targetHints":{"allow":["GET"]}}],"collection":[{"href":"https:\/\/exaudi.org\/es\/wp-json\/wp\/v2\/posts"}],"about":[{"href":"https:\/\/exaudi.org\/es\/wp-json\/wp\/v2\/types\/post"}],"author":[{"embeddable":true,"href":"https:\/\/exaudi.org\/es\/wp-json\/wp\/v2\/users\/33"}],"replies":[{"embeddable":true,"href":"https:\/\/exaudi.org\/es\/wp-json\/wp\/v2\/comments?post=19465"}],"version-history":[{"count":0,"href":"https:\/\/exaudi.org\/es\/wp-json\/wp\/v2\/posts\/19465\/revisions"}],"wp:featuredmedia":[{"embeddable":true,"href":"https:\/\/exaudi.org\/es\/wp-json\/wp\/v2\/media\/19470"}],"wp:attachment":[{"href":"https:\/\/exaudi.org\/es\/wp-json\/wp\/v2\/media?parent=19465"}],"wp:term":[{"taxonomy":"category","embeddable":true,"href":"https:\/\/exaudi.org\/es\/wp-json\/wp\/v2\/categories?post=19465"},{"taxonomy":"post_tag","embeddable":true,"href":"https:\/\/exaudi.org\/es\/wp-json\/wp\/v2\/tags?post=19465"}],"curies":[{"name":"wp","href":"https:\/\/api.w.org\/{rel}","templated":true}]}}